{"id":3045,"date":"2024-12-04T06:17:17","date_gmt":"2024-12-04T05:17:17","guid":{"rendered":"https:\/\/vieassociative.be\/actualites\/comment-amener-votre-tout-petit-reticent-a-faire-caca-dans-le-pot\/"},"modified":"2024-12-04T06:17:17","modified_gmt":"2024-12-04T05:17:17","slug":"comment-amener-votre-tout-petit-reticent-a-faire-caca-dans-le-pot","status":"publish","type":"post","link":"https:\/\/vieassociative.be\/actualites\/comment-amener-votre-tout-petit-reticent-a-faire-caca-dans-le-pot\/","title":{"rendered":"Comment amener votre tout-petit r\u00e9ticent \u00e0 faire caca dans le pot"},"content":{"rendered":"<div class=\"mt-4 leading-6 md:mb-8\">Le \u00ab refus d\u2019aller aux toilettes \u00bb est assez courant. Voici comment vous pouvez y rem\u00e9dier.<\/div>\n<p><\/p>\n<p>Apprendre la propret\u00e9 \u00e0 un tout-petit n\u2019est pas une blague. Entre les accidents et les refus obstin\u00e9s d\u2019\u00ab essayer \u00bb, amener un tout-petit \u00e0 faire ses besoins dans de vraies toilettes a tendance \u00e0 \u00eatre un processus long et interminable, quelles que soient les promesses des experts. Un probl\u00e8me en particulier qui revient souvent lors de l\u2019apprentissage de la propret\u00e9 est le refus cat\u00e9gorique de faire caca dans les toilettes. \u00c9galement appel\u00e9 \u00ab refus d\u2019aller aux toilettes \u00bb, c\u2019est lorsqu\u2019un tout-petit fait volontiers pipi dans le pot, avec tr\u00e8s peu d\u2019accidents, mais refuse de faire caca dans le pot pendant une p\u00e9riode d\u2019au moins un mois.<\/p>\n<p>\u00ab\u00a0C&rsquo;est assez courant\u00a0\u00bb, a d\u00e9clar\u00e9 Francyne Zeltser, psychologue agr\u00e9\u00e9e et experte en comportement des enfants. Dans sa pratique, elle commence \u00e0 voir de plus en plus de tout-petits atteints de ce probl\u00e8me, pour diverses raisons. <\/p>\n<h2 id=\"rule-out-a-medical-issue-such-as-constipation\"><strong>\u00c9liminer un probl\u00e8me m\u00e9dical, tel que la constipation<\/strong> <\/h2>\n<p>Pour de nombreuses familles avec lesquelles Zeltser travaille, le refus de leur tout-petit de faire caca dans le pot est d\u00fb \u00e0 des ant\u00e9c\u00e9dents de constipation, pass\u00e9s ou actuels. \u00ab\u00a0Lorsque les enfants souffrent de constipation chronique, aller \u00e0 la selle est douloureux\u00a0\u00bb, a d\u00e9clar\u00e9 Zeltser. \u00ab\u00a0Il y a beaucoup de peur \u00e0 l&rsquo;id\u00e9e d&rsquo;aller \u00e0 la selle parce que l&rsquo;enfant ne sait pas si cela va faire mal ou non.\u00a0\u00bb <\/p>\n<p>Si un tout-petit est constip\u00e9, il finira souvent par retenir ses selles de peur que cela lui fasse mal, ce qui aggravera sa constipation, ce qui lui fera encore plus mal, ce qui lui fera encore plus peur. C\u2019est un cercle vicieux qui frustre les parents et les tout-petits. <\/p>\n<p>Pour cette raison, Zeltser recommande d\u2019en parler \u00e0 votre p\u00e9diatre, qui pourrait vous recommander une cure de laxatifs, rendant les selles moins douloureuses. Zeltser recommande \u00e9galement de ne pas commencer l&rsquo;apprentissage de la propret\u00e9 tant que les selles de votre tout-petit ne sont pas r\u00e9guli\u00e8res.<\/p>\n<h2 id=\"anxiety-might-be-an-issue\"><strong>L&rsquo;anxi\u00e9t\u00e9 pourrait \u00eatre un probl\u00e8me<\/strong> <\/h2>\n<p>Si le probl\u00e8me n\u2019est pas la constipation, d\u2019autres angoisses peuvent \u00eatre en jeu. Comme le souligne Zeltser, l\u2019apprentissage de la propret\u00e9 constitue un grand changement. Depuis leur naissance, ils font caca et urinent dans leur couche, quand et o\u00f9 ils en ont besoin. <\/p>\n<p>\u00ab\u00a0Nous annulons quelque chose que l&rsquo;enfant a fait toute sa vie\u00a0\u00bb, a d\u00e9clar\u00e9 Zeltser. Faire pipi se termine relativement rapidement, mais faire caca oblige le tout-petit \u00e0 rester assis plus longtemps sur les toilettes, ce qui peut susciter des anxi\u00e9t\u00e9s suppl\u00e9mentaires, qu&rsquo;il s&rsquo;agisse de la peur de tomber dans la cuvette ou d&rsquo;\u00eatre \u00e9clabouss\u00e9 par l&rsquo;eau. <\/p>\n<p>Si l\u2019anxi\u00e9t\u00e9 est le probl\u00e8me, une fa\u00e7on d\u2019aider votre tout-petit est de d\u00e9composer les \u00e9tapes. Par exemple, vous pouvez commencer par lui faire faire caca dans une couche pendant qu&rsquo;il est dans la salle de bain, en passant lentement de le faire faire caca dans une couche en position debout, \u00e0 lui faire faire caca dans une couche en \u00e9tant assis sur le pot. <\/p>\n<p>\u00ab\u00a0L&rsquo;anxi\u00e9t\u00e9 est l&rsquo;anticipation de l&rsquo;inconnu\u00a0\u00bb, a d\u00e9clar\u00e9 Zeltser. \u00ab\u00a0Essayez de le diviser en \u00e9l\u00e9ments g\u00e9rables, afin qu&rsquo;ils aient une attente claire de ce que sera l&rsquo;exp\u00e9rience pour eux.\u00a0\u00bb<\/p>\n<p>Une autre raison potentielle pour ne pas faire caca dans le pot peut \u00eatre l&rsquo;impatience : si votre tout-petit est extr\u00eamement actif ou impatient, il ne voudra probablement pas rester assis assez longtemps pour faire caca dans le pot.  <\/p>\n<h2 id=\"bribes-can-work-but-be-strategic\"><strong>Les pots-de-vin peuvent fonctionner, mais soyez strat\u00e9giques<\/strong><\/h2>\n<p>Tous les parents qui apprennent la propret\u00e9 se demandent \u00e0 un moment donn\u00e9 si les pots-de-vin fonctionnent. La r\u00e9ponse est que oui, les pots-de-vin peuvent certainement fonctionner. Si la corruption fonctionne et vous maintient, vous et votre enfant, sains d\u2019esprit, alors soudoyez-vous. <\/p>\n<p>Il est cependant pr\u00e9f\u00e9rable d\u2019\u00eatre strat\u00e9gique dans vos r\u00e9compenses. Zeltser recommande d&rsquo;essayer des r\u00e9compenses naturelles, telles que \u00ab apr\u00e8s avoir fait caca, nous pouvons aller jouer \u00bb ou \u00ab apr\u00e8s avoir fait caca, nous pouvons regarder votre vid\u00e9o pr\u00e9f\u00e9r\u00e9e \u00bb, car \u00e0 terme, vous devrez arr\u00eater d&rsquo;offrir des pots-de-vin.<\/p>\n<p>\u00ab\u00a0Vous ne pouvez pas transporter des M&#038;Ms \u00e9ternellement\u00a0\u00bb, a d\u00e9clar\u00e9 Zeltser.<\/p>\n<p><\/p>\n","protected":false},"excerpt":{"rendered":"<p>Le \u00ab refus d\u2019aller aux toilettes \u00bb est assez courant. Voici comment vous pouvez y rem\u00e9dier. Apprendre la propret\u00e9 \u00e0 un tout-petit n\u2019est pas une<\/p>\n","protected":false},"author":1,"featured_media":3046,"comment_status":"","ping_status":"","sticky":false,"template":"","format":"standard","meta":{"footnotes":""},"categories":[37],"tags":[3204,1771,44,166,127,2278,3755,1678,8],"class_list":["post-3045","post","type-post","status-publish","format-standard","has-post-thumbnail","hentry","category-famille","tag-amener","tag-caca","tag-comment","tag-dans","tag-faire","tag-pot","tag-reticent","tag-toutpetit","tag-votre","generate-columns","tablet-grid-50","mobile-grid-100","grid-parent","grid-33"],"yoast_head":"<!-- This site is optimized with the Yoast SEO plugin v24.0 - https:\/\/yoast.com\/wordpress\/plugins\/seo\/ -->\n<title>Comment amener votre tout-petit r\u00e9ticent \u00e0 faire caca dans le pot | Vie Associative<\/title>\n<meta name=\"robots\" content=\"index, follow, max-snippet:-1, max-image-preview:large, max-video-preview:-1\" \/>\n<link rel=\"canonical\" href=\"https:\/\/vieassociative.be\/actualites\/comment-amener-votre-tout-petit-reticent-a-faire-caca-dans-le-pot\/\" \/>\n<meta property=\"og:locale\" content=\"fr_FR\" \/>\n<meta property=\"og:type\" content=\"article\" \/>\n<meta property=\"og:title\" content=\"Comment amener votre tout-petit r\u00e9ticent \u00e0 faire caca dans le pot | Vie Associative\" \/>\n<meta property=\"og:description\" content=\"Le \u00ab refus d\u2019aller aux toilettes \u00bb est assez courant. Voici comment vous pouvez y rem\u00e9dier. Apprendre la propret\u00e9 \u00e0 un tout-petit n\u2019est pas une\" \/>\n<meta property=\"og:url\" content=\"https:\/\/vieassociative.be\/actualites\/comment-amener-votre-tout-petit-reticent-a-faire-caca-dans-le-pot\/\" \/>\n<meta property=\"og:site_name\" content=\"Vie Associative\" \/>\n<meta property=\"article:published_time\" content=\"2024-12-04T05:17:17+00:00\" \/>\n<meta property=\"og:image\" content=\"https:\/\/vieassociative.be\/actualites\/wp-content\/uploads\/2024\/09\/header_backgroundk-01-e1726694325946.png\" \/>\n\t<meta property=\"og:image:width\" content=\"279\" \/>\n\t<meta property=\"og:image:height\" content=\"92\" \/>\n\t<meta property=\"og:image:type\" content=\"image\/png\" \/>\n<meta name=\"author\" content=\"Julien\" \/>\n<meta name=\"twitter:card\" content=\"summary_large_image\" \/>\n<meta name=\"twitter:label1\" content=\"\u00c9crit par\" \/>\n\t<meta name=\"twitter:data1\" content=\"Julien\" \/>\n\t<meta name=\"twitter:label2\" content=\"Dur\u00e9e de lecture est.\" \/>\n\t<meta name=\"twitter:data2\" content=\"4 minutes\" \/>\n<script type=\"application\/ld+json\" class=\"yoast-schema-graph\">{\"@context\":\"https:\/\/schema.org\",\"@graph\":[{\"@type\":\"Article\",\"@id\":\"https:\/\/vieassociative.be\/actualites\/comment-amener-votre-tout-petit-reticent-a-faire-caca-dans-le-pot\/#article\",\"isPartOf\":{\"@id\":\"https:\/\/vieassociative.be\/actualites\/comment-amener-votre-tout-petit-reticent-a-faire-caca-dans-le-pot\/\"},\"author\":{\"name\":\"Julien\",\"@id\":\"https:\/\/vieassociative.be\/actualites\/#\/schema\/person\/b87ac4f82f9d4e7b7cec7395b679edc4\"},\"headline\":\"Comment amener votre tout-petit r\u00e9ticent \u00e0 faire caca dans le pot\",\"datePublished\":\"2024-12-04T05:17:17+00:00\",\"dateModified\":\"2024-12-04T05:17:17+00:00\",\"mainEntityOfPage\":{\"@id\":\"https:\/\/vieassociative.be\/actualites\/comment-amener-votre-tout-petit-reticent-a-faire-caca-dans-le-pot\/\"},\"wordCount\":750,\"publisher\":{\"@id\":\"https:\/\/vieassociative.be\/actualites\/#organization\"},\"image\":{\"@id\":\"https:\/\/vieassociative.be\/actualites\/comment-amener-votre-tout-petit-reticent-a-faire-caca-dans-le-pot\/#primaryimage\"},\"thumbnailUrl\":\"https:\/\/vieassociative.be\/actualites\/wp-content\/uploads\/2024\/12\/Comment-amener-votre-tout-petit-reticent-a-faire-caca-dans-le.jpg\",\"keywords\":[\"amener\",\"caca\",\"Comment\",\"dans\",\"faire\",\"pot\",\"r\u00e9ticent\",\"toutpetit\",\"votre\"],\"articleSection\":[\"Famille\"],\"inLanguage\":\"fr-BE\"},{\"@type\":\"WebPage\",\"@id\":\"https:\/\/vieassociative.be\/actualites\/comment-amener-votre-tout-petit-reticent-a-faire-caca-dans-le-pot\/\",\"url\":\"https:\/\/vieassociative.be\/actualites\/comment-amener-votre-tout-petit-reticent-a-faire-caca-dans-le-pot\/\",\"name\":\"Comment amener votre tout-petit r\u00e9ticent \u00e0 faire caca dans le pot | Vie Associative\",\"isPartOf\":{\"@id\":\"https:\/\/vieassociative.be\/actualites\/#website\"},\"primaryImageOfPage\":{\"@id\":\"https:\/\/vieassociative.be\/actualites\/comment-amener-votre-tout-petit-reticent-a-faire-caca-dans-le-pot\/#primaryimage\"},\"image\":{\"@id\":\"https:\/\/vieassociative.be\/actualites\/comment-amener-votre-tout-petit-reticent-a-faire-caca-dans-le-pot\/#primaryimage\"},\"thumbnailUrl\":\"https:\/\/vieassociative.be\/actualites\/wp-content\/uploads\/2024\/12\/Comment-amener-votre-tout-petit-reticent-a-faire-caca-dans-le.jpg\",\"datePublished\":\"2024-12-04T05:17:17+00:00\",\"dateModified\":\"2024-12-04T05:17:17+00:00\",\"breadcrumb\":{\"@id\":\"https:\/\/vieassociative.be\/actualites\/comment-amener-votre-tout-petit-reticent-a-faire-caca-dans-le-pot\/#breadcrumb\"},\"inLanguage\":\"fr-BE\",\"potentialAction\":[{\"@type\":\"ReadAction\",\"target\":[\"https:\/\/vieassociative.be\/actualites\/comment-amener-votre-tout-petit-reticent-a-faire-caca-dans-le-pot\/\"]}]},{\"@type\":\"ImageObject\",\"inLanguage\":\"fr-BE\",\"@id\":\"https:\/\/vieassociative.be\/actualites\/comment-amener-votre-tout-petit-reticent-a-faire-caca-dans-le-pot\/#primaryimage\",\"url\":\"https:\/\/vieassociative.be\/actualites\/wp-content\/uploads\/2024\/12\/Comment-amener-votre-tout-petit-reticent-a-faire-caca-dans-le.jpg\",\"contentUrl\":\"https:\/\/vieassociative.be\/actualites\/wp-content\/uploads\/2024\/12\/Comment-amener-votre-tout-petit-reticent-a-faire-caca-dans-le.jpg\",\"width\":1200,\"height\":675,\"caption\":\"Comment amener votre tout-petit r\u00e9ticent \u00e0 faire caca dans le pot\"},{\"@type\":\"BreadcrumbList\",\"@id\":\"https:\/\/vieassociative.be\/actualites\/comment-amener-votre-tout-petit-reticent-a-faire-caca-dans-le-pot\/#breadcrumb\",\"itemListElement\":[{\"@type\":\"ListItem\",\"position\":1,\"name\":\"Accueil\",\"item\":\"https:\/\/vieassociative.be\/actualites\/\"},{\"@type\":\"ListItem\",\"position\":2,\"name\":\"Comment amener votre tout-petit r\u00e9ticent \u00e0 faire caca dans le pot\"}]},{\"@type\":\"WebSite\",\"@id\":\"https:\/\/vieassociative.be\/actualites\/#website\",\"url\":\"https:\/\/vieassociative.be\/actualites\/\",\"name\":\"Vie Associative\",\"description\":\"\",\"publisher\":{\"@id\":\"https:\/\/vieassociative.be\/actualites\/#organization\"},\"potentialAction\":[{\"@type\":\"SearchAction\",\"target\":{\"@type\":\"EntryPoint\",\"urlTemplate\":\"https:\/\/vieassociative.be\/actualites\/?s={search_term_string}\"},\"query-input\":{\"@type\":\"PropertyValueSpecification\",\"valueRequired\":true,\"valueName\":\"search_term_string\"}}],\"inLanguage\":\"fr-BE\"},{\"@type\":\"Organization\",\"@id\":\"https:\/\/vieassociative.be\/actualites\/#organization\",\"name\":\"Vie Associative\",\"url\":\"https:\/\/vieassociative.be\/actualites\/\",\"logo\":{\"@type\":\"ImageObject\",\"inLanguage\":\"fr-BE\",\"@id\":\"https:\/\/vieassociative.be\/actualites\/#\/schema\/logo\/image\/\",\"url\":\"https:\/\/vieassociative.be\/actualites\/wp-content\/uploads\/2024\/09\/cropped-vieassociative_favicon.ico.png\",\"contentUrl\":\"https:\/\/vieassociative.be\/actualites\/wp-content\/uploads\/2024\/09\/cropped-vieassociative_favicon.ico.png\",\"width\":512,\"height\":512,\"caption\":\"Vie Associative\"},\"image\":{\"@id\":\"https:\/\/vieassociative.be\/actualites\/#\/schema\/logo\/image\/\"}},{\"@type\":\"Person\",\"@id\":\"https:\/\/vieassociative.be\/actualites\/#\/schema\/person\/b87ac4f82f9d4e7b7cec7395b679edc4\",\"name\":\"Julien\",\"image\":{\"@type\":\"ImageObject\",\"inLanguage\":\"fr-BE\",\"@id\":\"https:\/\/vieassociative.be\/actualites\/#\/schema\/person\/image\/\",\"url\":\"https:\/\/vieassociative.be\/actualites\/wp-content\/uploads\/2024\/09\/vie-associative-1-150x150.jpg\",\"contentUrl\":\"https:\/\/vieassociative.be\/actualites\/wp-content\/uploads\/2024\/09\/vie-associative-1-150x150.jpg\",\"caption\":\"Julien\"},\"description\":\"Je suis Julien, r\u00e9dacteur pour Vie Associative. Passionn\u00e9 par le monde associatif depuis plus de 10 ans, j'ai \u00e0 c\u0153ur de partager des histoires inspirantes et de mettre en lumi\u00e8re les initiatives locales. Mon objectif est de sensibiliser et d'encourager l'engagement communautaire \u00e0 travers mes articles.\",\"sameAs\":[\"https:\/\/vieassociative.be\/\"]}]}<\/script>\n<!-- \/ Yoast SEO plugin. -->","yoast_head_json":{"title":"Comment amener votre tout-petit r\u00e9ticent \u00e0 faire caca dans le pot | Vie Associative","robots":{"index":"index","follow":"follow","max-snippet":"max-snippet:-1","max-image-preview":"max-image-preview:large","max-video-preview":"max-video-preview:-1"},"canonical":"https:\/\/vieassociative.be\/actualites\/comment-amener-votre-tout-petit-reticent-a-faire-caca-dans-le-pot\/","og_locale":"fr_FR","og_type":"article","og_title":"Comment amener votre tout-petit r\u00e9ticent \u00e0 faire caca dans le pot | Vie Associative","og_description":"Le \u00ab refus d\u2019aller aux toilettes \u00bb est assez courant. Voici comment vous pouvez y rem\u00e9dier. Apprendre la propret\u00e9 \u00e0 un tout-petit n\u2019est pas une","og_url":"https:\/\/vieassociative.be\/actualites\/comment-amener-votre-tout-petit-reticent-a-faire-caca-dans-le-pot\/","og_site_name":"Vie Associative","article_published_time":"2024-12-04T05:17:17+00:00","og_image":[{"width":279,"height":92,"url":"https:\/\/vieassociative.be\/actualites\/wp-content\/uploads\/2024\/09\/header_backgroundk-01-e1726694325946.png","type":"image\/png"}],"author":"Julien","twitter_card":"summary_large_image","twitter_misc":{"\u00c9crit par":"Julien","Dur\u00e9e de lecture est.":"4 minutes"},"schema":{"@context":"https:\/\/schema.org","@graph":[{"@type":"Article","@id":"https:\/\/vieassociative.be\/actualites\/comment-amener-votre-tout-petit-reticent-a-faire-caca-dans-le-pot\/#article","isPartOf":{"@id":"https:\/\/vieassociative.be\/actualites\/comment-amener-votre-tout-petit-reticent-a-faire-caca-dans-le-pot\/"},"author":{"name":"Julien","@id":"https:\/\/vieassociative.be\/actualites\/#\/schema\/person\/b87ac4f82f9d4e7b7cec7395b679edc4"},"headline":"Comment amener votre tout-petit r\u00e9ticent \u00e0 faire caca dans le pot","datePublished":"2024-12-04T05:17:17+00:00","dateModified":"2024-12-04T05:17:17+00:00","mainEntityOfPage":{"@id":"https:\/\/vieassociative.be\/actualites\/comment-amener-votre-tout-petit-reticent-a-faire-caca-dans-le-pot\/"},"wordCount":750,"publisher":{"@id":"https:\/\/vieassociative.be\/actualites\/#organization"},"image":{"@id":"https:\/\/vieassociative.be\/actualites\/comment-amener-votre-tout-petit-reticent-a-faire-caca-dans-le-pot\/#primaryimage"},"thumbnailUrl":"https:\/\/vieassociative.be\/actualites\/wp-content\/uploads\/2024\/12\/Comment-amener-votre-tout-petit-reticent-a-faire-caca-dans-le.jpg","keywords":["amener","caca","Comment","dans","faire","pot","r\u00e9ticent","toutpetit","votre"],"articleSection":["Famille"],"inLanguage":"fr-BE"},{"@type":"WebPage","@id":"https:\/\/vieassociative.be\/actualites\/comment-amener-votre-tout-petit-reticent-a-faire-caca-dans-le-pot\/","url":"https:\/\/vieassociative.be\/actualites\/comment-amener-votre-tout-petit-reticent-a-faire-caca-dans-le-pot\/","name":"Comment amener votre tout-petit r\u00e9ticent \u00e0 faire caca dans le pot | Vie Associative","isPartOf":{"@id":"https:\/\/vieassociative.be\/actualites\/#website"},"primaryImageOfPage":{"@id":"https:\/\/vieassociative.be\/actualites\/comment-amener-votre-tout-petit-reticent-a-faire-caca-dans-le-pot\/#primaryimage"},"image":{"@id":"https:\/\/vieassociative.be\/actualites\/comment-amener-votre-tout-petit-reticent-a-faire-caca-dans-le-pot\/#primaryimage"},"thumbnailUrl":"https:\/\/vieassociative.be\/actualites\/wp-content\/uploads\/2024\/12\/Comment-amener-votre-tout-petit-reticent-a-faire-caca-dans-le.jpg","datePublished":"2024-12-04T05:17:17+00:00","dateModified":"2024-12-04T05:17:17+00:00","breadcrumb":{"@id":"https:\/\/vieassociative.be\/actualites\/comment-amener-votre-tout-petit-reticent-a-faire-caca-dans-le-pot\/#breadcrumb"},"inLanguage":"fr-BE","potentialAction":[{"@type":"ReadAction","target":["https:\/\/vieassociative.be\/actualites\/comment-amener-votre-tout-petit-reticent-a-faire-caca-dans-le-pot\/"]}]},{"@type":"ImageObject","inLanguage":"fr-BE","@id":"https:\/\/vieassociative.be\/actualites\/comment-amener-votre-tout-petit-reticent-a-faire-caca-dans-le-pot\/#primaryimage","url":"https:\/\/vieassociative.be\/actualites\/wp-content\/uploads\/2024\/12\/Comment-amener-votre-tout-petit-reticent-a-faire-caca-dans-le.jpg","contentUrl":"https:\/\/vieassociative.be\/actualites\/wp-content\/uploads\/2024\/12\/Comment-amener-votre-tout-petit-reticent-a-faire-caca-dans-le.jpg","width":1200,"height":675,"caption":"Comment amener votre tout-petit r\u00e9ticent \u00e0 faire caca dans le pot"},{"@type":"BreadcrumbList","@id":"https:\/\/vieassociative.be\/actualites\/comment-amener-votre-tout-petit-reticent-a-faire-caca-dans-le-pot\/#breadcrumb","itemListElement":[{"@type":"ListItem","position":1,"name":"Accueil","item":"https:\/\/vieassociative.be\/actualites\/"},{"@type":"ListItem","position":2,"name":"Comment amener votre tout-petit r\u00e9ticent \u00e0 faire caca dans le pot"}]},{"@type":"WebSite","@id":"https:\/\/vieassociative.be\/actualites\/#website","url":"https:\/\/vieassociative.be\/actualites\/","name":"Vie Associative","description":"","publisher":{"@id":"https:\/\/vieassociative.be\/actualites\/#organization"},"potentialAction":[{"@type":"SearchAction","target":{"@type":"EntryPoint","urlTemplate":"https:\/\/vieassociative.be\/actualites\/?s={search_term_string}"},"query-input":{"@type":"PropertyValueSpecification","valueRequired":true,"valueName":"search_term_string"}}],"inLanguage":"fr-BE"},{"@type":"Organization","@id":"https:\/\/vieassociative.be\/actualites\/#organization","name":"Vie Associative","url":"https:\/\/vieassociative.be\/actualites\/","logo":{"@type":"ImageObject","inLanguage":"fr-BE","@id":"https:\/\/vieassociative.be\/actualites\/#\/schema\/logo\/image\/","url":"https:\/\/vieassociative.be\/actualites\/wp-content\/uploads\/2024\/09\/cropped-vieassociative_favicon.ico.png","contentUrl":"https:\/\/vieassociative.be\/actualites\/wp-content\/uploads\/2024\/09\/cropped-vieassociative_favicon.ico.png","width":512,"height":512,"caption":"Vie Associative"},"image":{"@id":"https:\/\/vieassociative.be\/actualites\/#\/schema\/logo\/image\/"}},{"@type":"Person","@id":"https:\/\/vieassociative.be\/actualites\/#\/schema\/person\/b87ac4f82f9d4e7b7cec7395b679edc4","name":"Julien","image":{"@type":"ImageObject","inLanguage":"fr-BE","@id":"https:\/\/vieassociative.be\/actualites\/#\/schema\/person\/image\/","url":"https:\/\/vieassociative.be\/actualites\/wp-content\/uploads\/2024\/09\/vie-associative-1-150x150.jpg","contentUrl":"https:\/\/vieassociative.be\/actualites\/wp-content\/uploads\/2024\/09\/vie-associative-1-150x150.jpg","caption":"Julien"},"description":"Je suis Julien, r\u00e9dacteur pour Vie Associative. Passionn\u00e9 par le monde associatif depuis plus de 10 ans, j'ai \u00e0 c\u0153ur de partager des histoires inspirantes et de mettre en lumi\u00e8re les initiatives locales. Mon objectif est de sensibiliser et d'encourager l'engagement communautaire \u00e0 travers mes articles.","sameAs":["https:\/\/vieassociative.be\/"]}]}},"_links":{"self":[{"href":"https:\/\/vieassociative.be\/actualites\/wp-json\/wp\/v2\/posts\/3045"}],"collection":[{"href":"https:\/\/vieassociative.be\/actualites\/wp-json\/wp\/v2\/posts"}],"about":[{"href":"https:\/\/vieassociative.be\/actualites\/wp-json\/wp\/v2\/types\/post"}],"author":[{"embeddable":true,"href":"https:\/\/vieassociative.be\/actualites\/wp-json\/wp\/v2\/users\/1"}],"replies":[{"embeddable":true,"href":"https:\/\/vieassociative.be\/actualites\/wp-json\/wp\/v2\/comments?post=3045"}],"version-history":[{"count":0,"href":"https:\/\/vieassociative.be\/actualites\/wp-json\/wp\/v2\/posts\/3045\/revisions"}],"wp:featuredmedia":[{"embeddable":true,"href":"https:\/\/vieassociative.be\/actualites\/wp-json\/wp\/v2\/media\/3046"}],"wp:attachment":[{"href":"https:\/\/vieassociative.be\/actualites\/wp-json\/wp\/v2\/media?parent=3045"}],"wp:term":[{"taxonomy":"category","embeddable":true,"href":"https:\/\/vieassociative.be\/actualites\/wp-json\/wp\/v2\/categories?post=3045"},{"taxonomy":"post_tag","embeddable":true,"href":"https:\/\/vieassociative.be\/actualites\/wp-json\/wp\/v2\/tags?post=3045"}],"curies":[{"name":"wp","href":"https:\/\/api.w.org\/{rel}","templated":true}]}}