{"id":3042,"date":"2024-12-04T03:17:36","date_gmt":"2024-12-04T02:17:36","guid":{"rendered":"https:\/\/vieassociative.be\/actualites\/01-ko-du-bayern-apres-neuer-rot-contre-leverkusen\/"},"modified":"2024-12-04T03:17:36","modified_gmt":"2024-12-04T02:17:36","slug":"01-ko-du-bayern-apres-neuer-rot-contre-leverkusen","status":"publish","type":"post","link":"https:\/\/vieassociative.be\/actualites\/01-ko-du-bayern-apres-neuer-rot-contre-leverkusen\/","title":{"rendered":"0:1 \u2013 KO du Bayern apr\u00e8s Neuer-Rot contre Leverkusen"},"content":{"rendered":"<p><strong>MISE \u00c0 JOUR \u2013 Les choses se mettent vraiment au travail dans le duel de coupe Bayern contre Bayer. Manuel Neuer voit rouge d\u00e8s le d\u00e9but, les \u00e9motions sont vives. Et \u00e0 la fin, les champions en titre font la f\u00eate apr\u00e8s un but du joker.<\/strong><\/p>\n<p><span id=\"more-403171\"><\/span>Apr\u00e8s les d\u00e9buts amers du gardien Manuel Neuer, le champion en titre Bayer Leverkusen a \u00e9limin\u00e9 le FC Bayern de la Coupe DFB. L&rsquo;\u00e9quipe munichoise, qui a domin\u00e9 un huiti\u00e8me de finale venimeux alors qu&rsquo;elle \u00e9tait longtemps en inf\u00e9riorit\u00e9 num\u00e9rique, a subi la plus grave d\u00e9faite du jeune mandat de l&rsquo;entra\u00eeneur Vincent Kompany avec un 0-1 (0-0). Pour la cinqui\u00e8me fois cons\u00e9cutive, le vainqueur du record a \u00e9chou\u00e9 pr\u00e9matur\u00e9ment dans la comp\u00e9tition de coupe.<\/p>\n<div id=\"attachment_403207\" class=\"wp-caption alignleft\" style=\"max-width: 300px\"><img fetchpriority=\"high\" decoding=\"async\" class=\"wp-image-403207 size-medium\" src=\"https:\/\/vieassociative.be\/actualites\/wp-content\/uploads\/2024\/12\/01-\u2013-KO-du-Bayern-apres-Neuer-Rot-contre-Leverkusen.jpg\" alt=\"\" width=\"300\" height=\"200\"><\/p>\n<p class=\"wp-caption-text\">3 d\u00e9cembre 2024, Bavi\u00e8re, Munich : le gardien de but du Bayern Manuel Neuer (2e \u00e0 partir de la droite) fout Jeremie Frimpong de Leverkusen. La sc\u00e8ne cl\u00e9 de ce jeu. Photo : Sven Hoppe\/dpa<\/p>\n<\/div>\n<p>Le joker de Leverkusen, Nathan Tella, a fait taire la plupart des 75 000 spectateurs avec son but de la t\u00eate quelques minutes apr\u00e8s son entr\u00e9e (69e minute). Lors de son troisi\u00e8me match professionnel avec le Bayern, le gardien national isra\u00e9lien Daniel Peretz, qui a remplac\u00e9 Neuer, n&rsquo;a eu aucune chance de se d\u00e9fendre contre la t\u00eate incontest\u00e9e du professionnel du Bayer, qui ne mesure que 1,73 m\u00e8tre.<\/p>\n<p><strong>\u2013 Le premier limogeage de Neuer provoque un duel houleux :<\/strong> Le premier expulsion de Neuer lors de son 867e match dans le football professionnel a \u00e9t\u00e9 le signal de d\u00e9part d\u00e8s la 17e minute d&rsquo;une rencontre de g\u00e9ants passionn\u00e9e et passionnante entre les vainqueurs du record de Munich et les doubles vainqueurs du Rhin.<\/p>\n<p>Apr\u00e8s un long ballon du d\u00e9fenseur national Jonathan Tah, Neuer, 38 ans, a stopp\u00e9 J\u00e9r\u00e9mie Frimpong avec une mise en \u00e9chec \u00e0 l&rsquo;ext\u00e9rieur de la surface de r\u00e9paration. L&rsquo;arbitre Harm Osmers a montr\u00e9 du rouge. Il n&rsquo;y avait rien \u00e0 discuter sur ce que l&rsquo;entra\u00eeneur national Julian Nagelsmann a qualifi\u00e9 de licenciement, qui \u00e9tait \u00ab sans controverse, bien que malheureux \u00bb.<\/p>\n<div id=\"attachment_403214\" class=\"wp-caption alignleft\" style=\"max-width: 300px\"><img decoding=\"async\" class=\"wp-image-403214 size-medium\" src=\"https:\/\/vieassociative.be\/actualites\/wp-content\/uploads\/2024\/12\/1733278656_355_01-\u2013-KO-du-Bayern-apres-Neuer-Rot-contre-Leverkusen.jpg\" alt=\"\" width=\"300\" height=\"200\"><\/p>\n<p class=\"wp-caption-text\">3 d\u00e9cembre 2024, Bavi\u00e8re, Munich : Konrad Laimer (l) et Robert Andrich de Leverkusen se battent pour le ballon photo : Tom Weller\/dpa.<\/p>\n<\/div>\n<p>D\u00e9courag\u00e9, le gardien national de longue date s&rsquo;est enfui dans le vestiaire. En l&rsquo;absence de Neuer, les choses se sont \u00e9chauff\u00e9es non seulement sur le terrain avec de nombreux duels et coupures, mais aussi entre les bancs des entra\u00eeneurs.<\/p>\n<p>Le ma\u00eetre-entra\u00eeneur de Leverkusen, Xabi Alonso, qui a jou\u00e9 pour le Bayern de 2014 \u00e0 2017, a pouss\u00e9 son \u00e9quipe avec des gesticulations sauvages. L&rsquo;entra\u00eeneur du Bayern, Vincent Kompany, \u00e9tait \u00e9galement chaud sur le banc de touche, mais Osmars a entre-temps r\u00e9ussi \u00e0 le calmer un peu. Apr\u00e8s la pause, l\u2019arbitre de Hanovre a montr\u00e9 du jaune au directeur sportif col\u00e9rique de Munich, Christoph Freund. Une t\u00eate br\u00fbl\u00e9e plaignante a \u00e9galement \u00e9t\u00e9 avertie sur le banc de Leverkusen.<\/p>\n<p><strong>\u2013 Nagelsmann fait l\u2019\u00e9loge de l\u2019\u00e9quipe munichoise :<\/strong> Pendant la pause, Nagelsmann a d\u00e9clar\u00e9 au micro de l&rsquo;ARD qu&rsquo;il appr\u00e9ciait la performance du Bayern lorsqu&rsquo;ils \u00e9taient en inf\u00e9riorit\u00e9 num\u00e9rique \u00ab presque mieux que lorsqu&rsquo;ils \u00e9taient \u00e0 \u00e9galit\u00e9 \u00bb. Le super attaquant bless\u00e9 du Bayern, Harry Kane, assis dans le public avec une \u00e9paisse veste noire et une casquette, avait d\u00e9j\u00e0 commenc\u00e9 \u00e0 c\u00e9l\u00e9brer le but lorsqu&rsquo;il a re\u00e7u des t\u00eates de Kingsley Coman (34e), Leon Goretzka (43e) et Minjae Kim ( 45e + 4). En revanche, Florian Wirtz a eu une belle occasion \u2013 contre Neuer (11e). L&rsquo;Isra\u00e9lien Peretz a ensuite sauv\u00e9 du pied face \u00e0 Frimpong (32e).<\/p>\n<div id=\"attachment_403209\" class=\"wp-caption alignleft\" style=\"max-width: 300px\"><img decoding=\"async\" class=\"wp-image-403209 size-medium\" src=\"https:\/\/vieassociative.be\/actualites\/wp-content\/uploads\/2024\/12\/1733278656_414_01-\u2013-KO-du-Bayern-apres-Neuer-Rot-contre-Leverkusen.jpg\" alt=\"\" width=\"300\" height=\"200\"><\/p>\n<p class=\"wp-caption-text\">03.12.2024, Bavi\u00e8re, Munich : Jamal Musiala (r) du Bayern et Granit Xhaka de Leverkusen se battent pour le ballon photo : Sven Hoppe\/dpa.<\/p>\n<\/div>\n<p>Dans l\u2019ensemble, le match de Leverkusen a \u00e9t\u00e9 longtemps trop froid avec la majorit\u00e9. Wirtz a tent\u00e9 \u00e0 plusieurs reprises de structurer les attaques, mais a \u00e9galement plong\u00e9. Son sympathique coll\u00e8gue de la DFB, Jamal Musiala, sous le maillot du Bayern, \u00e9tait encore plus recherch\u00e9 que d&rsquo;habitude en l&rsquo;absence de Kane. La ligne d\u00e9fensive dense des visiteurs a perturb\u00e9 le joueur de 21 ans d\u00e8s le d\u00e9but et physiquement.<\/p>\n<p><strong>\u2013 Envoyer, envoyer :<\/strong> Apr\u00e8s la pause, Alonso faisait appel \u00e0 l&rsquo;attaquant en forme Patrik Schick. Le Tch\u00e8que, qui avait marqu\u00e9 quatre buts lors des six derniers matches de comp\u00e9tition, a d\u00fb retomber moins de quinze minutes plus tard en raison d&rsquo;une blessure au mollet. Sans les meilleurs attaquants, les deux \u00e9quipes ont longtemps manqu\u00e9 leurs joueurs cibles, Tella, r\u00e9cemment remplac\u00e9, devenant l&rsquo;un d&rsquo;entre eux.<\/p>\n<p>Dans le but d&rsquo;\u00e9galiser, le milieu de terrain du Bayern Aleksandar Pavlovic a fait son retour bien plus t\u00f4t que pr\u00e9vu apr\u00e8s s&rsquo;\u00eatre fractur\u00e9 la clavicule. Le r\u00e9sultat final a \u00e9t\u00e9 la d\u00e9faite du FC Bayern en huiti\u00e8mes de finale depuis d\u00e9cembre 2006. (dpa)<\/p>\n","protected":false},"excerpt":{"rendered":"<p>MISE \u00c0 JOUR \u2013 Les choses se mettent vraiment au travail dans le duel de coupe Bayern contre Bayer. Manuel Neuer voit rouge d\u00e8s le<\/p>\n","protected":false},"author":1,"featured_media":3043,"comment_status":"","ping_status":"","sticky":false,"template":"","format":"standard","meta":{"footnotes":""},"categories":[298],"tags":[472,2298,796,2822,3754],"class_list":["post-3042","post","type-post","status-publish","format-standard","has-post-thumbnail","hentry","category-belgique","tag-apres","tag-bayern","tag-contre","tag-leverkusen","tag-neuerrot","generate-columns","tablet-grid-50","mobile-grid-100","grid-parent","grid-33"],"yoast_head":"<!-- This site is optimized with the Yoast SEO plugin v24.0 - https:\/\/yoast.com\/wordpress\/plugins\/seo\/ -->\n<title>0:1 \u2013 KO du Bayern apr\u00e8s Neuer-Rot contre Leverkusen | Vie Associative<\/title>\n<meta name=\"robots\" content=\"index, follow, max-snippet:-1, max-image-preview:large, max-video-preview:-1\" \/>\n<link rel=\"canonical\" href=\"https:\/\/vieassociative.be\/actualites\/01-ko-du-bayern-apres-neuer-rot-contre-leverkusen\/\" \/>\n<meta property=\"og:locale\" content=\"fr_FR\" \/>\n<meta property=\"og:type\" content=\"article\" \/>\n<meta property=\"og:title\" content=\"0:1 \u2013 KO du Bayern apr\u00e8s Neuer-Rot contre Leverkusen | Vie Associative\" \/>\n<meta property=\"og:description\" content=\"MISE \u00c0 JOUR \u2013 Les choses se mettent vraiment au travail dans le duel de coupe Bayern contre Bayer. Manuel Neuer voit rouge d\u00e8s le\" \/>\n<meta property=\"og:url\" content=\"https:\/\/vieassociative.be\/actualites\/01-ko-du-bayern-apres-neuer-rot-contre-leverkusen\/\" \/>\n<meta property=\"og:site_name\" content=\"Vie Associative\" \/>\n<meta property=\"article:published_time\" content=\"2024-12-04T02:17:36+00:00\" \/>\n<meta property=\"og:image\" content=\"https:\/\/vieassociative.be\/actualites\/wp-content\/uploads\/2024\/09\/header_backgroundk-01-e1726694325946.png\" \/>\n\t<meta property=\"og:image:width\" content=\"279\" \/>\n\t<meta property=\"og:image:height\" content=\"92\" \/>\n\t<meta property=\"og:image:type\" content=\"image\/png\" \/>\n<meta name=\"author\" content=\"Julien\" \/>\n<meta name=\"twitter:card\" content=\"summary_large_image\" \/>\n<meta name=\"twitter:label1\" content=\"\u00c9crit par\" \/>\n\t<meta name=\"twitter:data1\" content=\"Julien\" \/>\n\t<meta name=\"twitter:label2\" content=\"Dur\u00e9e de lecture est.\" \/>\n\t<meta name=\"twitter:data2\" content=\"4 minutes\" \/>\n<script type=\"application\/ld+json\" class=\"yoast-schema-graph\">{\"@context\":\"https:\/\/schema.org\",\"@graph\":[{\"@type\":\"Article\",\"@id\":\"https:\/\/vieassociative.be\/actualites\/01-ko-du-bayern-apres-neuer-rot-contre-leverkusen\/#article\",\"isPartOf\":{\"@id\":\"https:\/\/vieassociative.be\/actualites\/01-ko-du-bayern-apres-neuer-rot-contre-leverkusen\/\"},\"author\":{\"name\":\"Julien\",\"@id\":\"https:\/\/vieassociative.be\/actualites\/#\/schema\/person\/b87ac4f82f9d4e7b7cec7395b679edc4\"},\"headline\":\"0:1 \u2013 KO du Bayern apr\u00e8s Neuer-Rot contre Leverkusen\",\"datePublished\":\"2024-12-04T02:17:36+00:00\",\"dateModified\":\"2024-12-04T02:17:36+00:00\",\"mainEntityOfPage\":{\"@id\":\"https:\/\/vieassociative.be\/actualites\/01-ko-du-bayern-apres-neuer-rot-contre-leverkusen\/\"},\"wordCount\":862,\"publisher\":{\"@id\":\"https:\/\/vieassociative.be\/actualites\/#organization\"},\"image\":{\"@id\":\"https:\/\/vieassociative.be\/actualites\/01-ko-du-bayern-apres-neuer-rot-contre-leverkusen\/#primaryimage\"},\"thumbnailUrl\":\"https:\/\/vieassociative.be\/actualites\/wp-content\/uploads\/2024\/12\/1733278656_01-\u2013-KO-du-Bayern-apres-Neuer-Rot-contre-Leverkusen.jpg\",\"keywords\":[\"Apr\u00e8s\",\"Bayern\",\"contre\",\"Leverkusen\",\"NeuerRot\"],\"articleSection\":[\"Belgique\"],\"inLanguage\":\"fr-BE\"},{\"@type\":\"WebPage\",\"@id\":\"https:\/\/vieassociative.be\/actualites\/01-ko-du-bayern-apres-neuer-rot-contre-leverkusen\/\",\"url\":\"https:\/\/vieassociative.be\/actualites\/01-ko-du-bayern-apres-neuer-rot-contre-leverkusen\/\",\"name\":\"0:1 \u2013 KO du Bayern apr\u00e8s Neuer-Rot contre Leverkusen | Vie Associative\",\"isPartOf\":{\"@id\":\"https:\/\/vieassociative.be\/actualites\/#website\"},\"primaryImageOfPage\":{\"@id\":\"https:\/\/vieassociative.be\/actualites\/01-ko-du-bayern-apres-neuer-rot-contre-leverkusen\/#primaryimage\"},\"image\":{\"@id\":\"https:\/\/vieassociative.be\/actualites\/01-ko-du-bayern-apres-neuer-rot-contre-leverkusen\/#primaryimage\"},\"thumbnailUrl\":\"https:\/\/vieassociative.be\/actualites\/wp-content\/uploads\/2024\/12\/1733278656_01-\u2013-KO-du-Bayern-apres-Neuer-Rot-contre-Leverkusen.jpg\",\"datePublished\":\"2024-12-04T02:17:36+00:00\",\"dateModified\":\"2024-12-04T02:17:36+00:00\",\"breadcrumb\":{\"@id\":\"https:\/\/vieassociative.be\/actualites\/01-ko-du-bayern-apres-neuer-rot-contre-leverkusen\/#breadcrumb\"},\"inLanguage\":\"fr-BE\",\"potentialAction\":[{\"@type\":\"ReadAction\",\"target\":[\"https:\/\/vieassociative.be\/actualites\/01-ko-du-bayern-apres-neuer-rot-contre-leverkusen\/\"]}]},{\"@type\":\"ImageObject\",\"inLanguage\":\"fr-BE\",\"@id\":\"https:\/\/vieassociative.be\/actualites\/01-ko-du-bayern-apres-neuer-rot-contre-leverkusen\/#primaryimage\",\"url\":\"https:\/\/vieassociative.be\/actualites\/wp-content\/uploads\/2024\/12\/1733278656_01-\u2013-KO-du-Bayern-apres-Neuer-Rot-contre-Leverkusen.jpg\",\"contentUrl\":\"https:\/\/vieassociative.be\/actualites\/wp-content\/uploads\/2024\/12\/1733278656_01-\u2013-KO-du-Bayern-apres-Neuer-Rot-contre-Leverkusen.jpg\",\"width\":1200,\"height\":800,\"caption\":\"0:1 \u2013 KO du Bayern apr\u00e8s Neuer-Rot contre Leverkusen\"},{\"@type\":\"BreadcrumbList\",\"@id\":\"https:\/\/vieassociative.be\/actualites\/01-ko-du-bayern-apres-neuer-rot-contre-leverkusen\/#breadcrumb\",\"itemListElement\":[{\"@type\":\"ListItem\",\"position\":1,\"name\":\"Accueil\",\"item\":\"https:\/\/vieassociative.be\/actualites\/\"},{\"@type\":\"ListItem\",\"position\":2,\"name\":\"0:1 \u2013 KO du Bayern apr\u00e8s Neuer-Rot contre Leverkusen\"}]},{\"@type\":\"WebSite\",\"@id\":\"https:\/\/vieassociative.be\/actualites\/#website\",\"url\":\"https:\/\/vieassociative.be\/actualites\/\",\"name\":\"Vie Associative\",\"description\":\"\",\"publisher\":{\"@id\":\"https:\/\/vieassociative.be\/actualites\/#organization\"},\"potentialAction\":[{\"@type\":\"SearchAction\",\"target\":{\"@type\":\"EntryPoint\",\"urlTemplate\":\"https:\/\/vieassociative.be\/actualites\/?s={search_term_string}\"},\"query-input\":{\"@type\":\"PropertyValueSpecification\",\"valueRequired\":true,\"valueName\":\"search_term_string\"}}],\"inLanguage\":\"fr-BE\"},{\"@type\":\"Organization\",\"@id\":\"https:\/\/vieassociative.be\/actualites\/#organization\",\"name\":\"Vie Associative\",\"url\":\"https:\/\/vieassociative.be\/actualites\/\",\"logo\":{\"@type\":\"ImageObject\",\"inLanguage\":\"fr-BE\",\"@id\":\"https:\/\/vieassociative.be\/actualites\/#\/schema\/logo\/image\/\",\"url\":\"https:\/\/vieassociative.be\/actualites\/wp-content\/uploads\/2024\/09\/cropped-vieassociative_favicon.ico.png\",\"contentUrl\":\"https:\/\/vieassociative.be\/actualites\/wp-content\/uploads\/2024\/09\/cropped-vieassociative_favicon.ico.png\",\"width\":512,\"height\":512,\"caption\":\"Vie Associative\"},\"image\":{\"@id\":\"https:\/\/vieassociative.be\/actualites\/#\/schema\/logo\/image\/\"}},{\"@type\":\"Person\",\"@id\":\"https:\/\/vieassociative.be\/actualites\/#\/schema\/person\/b87ac4f82f9d4e7b7cec7395b679edc4\",\"name\":\"Julien\",\"image\":{\"@type\":\"ImageObject\",\"inLanguage\":\"fr-BE\",\"@id\":\"https:\/\/vieassociative.be\/actualites\/#\/schema\/person\/image\/\",\"url\":\"https:\/\/vieassociative.be\/actualites\/wp-content\/uploads\/2024\/09\/vie-associative-1-150x150.jpg\",\"contentUrl\":\"https:\/\/vieassociative.be\/actualites\/wp-content\/uploads\/2024\/09\/vie-associative-1-150x150.jpg\",\"caption\":\"Julien\"},\"description\":\"Je suis Julien, r\u00e9dacteur pour Vie Associative. Passionn\u00e9 par le monde associatif depuis plus de 10 ans, j'ai \u00e0 c\u0153ur de partager des histoires inspirantes et de mettre en lumi\u00e8re les initiatives locales. Mon objectif est de sensibiliser et d'encourager l'engagement communautaire \u00e0 travers mes articles.\",\"sameAs\":[\"https:\/\/vieassociative.be\/\"]}]}<\/script>\n<!-- \/ Yoast SEO plugin. -->","yoast_head_json":{"title":"0:1 \u2013 KO du Bayern apr\u00e8s Neuer-Rot contre Leverkusen | Vie Associative","robots":{"index":"index","follow":"follow","max-snippet":"max-snippet:-1","max-image-preview":"max-image-preview:large","max-video-preview":"max-video-preview:-1"},"canonical":"https:\/\/vieassociative.be\/actualites\/01-ko-du-bayern-apres-neuer-rot-contre-leverkusen\/","og_locale":"fr_FR","og_type":"article","og_title":"0:1 \u2013 KO du Bayern apr\u00e8s Neuer-Rot contre Leverkusen | Vie Associative","og_description":"MISE \u00c0 JOUR \u2013 Les choses se mettent vraiment au travail dans le duel de coupe Bayern contre Bayer. Manuel Neuer voit rouge d\u00e8s le","og_url":"https:\/\/vieassociative.be\/actualites\/01-ko-du-bayern-apres-neuer-rot-contre-leverkusen\/","og_site_name":"Vie Associative","article_published_time":"2024-12-04T02:17:36+00:00","og_image":[{"width":279,"height":92,"url":"https:\/\/vieassociative.be\/actualites\/wp-content\/uploads\/2024\/09\/header_backgroundk-01-e1726694325946.png","type":"image\/png"}],"author":"Julien","twitter_card":"summary_large_image","twitter_misc":{"\u00c9crit par":"Julien","Dur\u00e9e de lecture est.":"4 minutes"},"schema":{"@context":"https:\/\/schema.org","@graph":[{"@type":"Article","@id":"https:\/\/vieassociative.be\/actualites\/01-ko-du-bayern-apres-neuer-rot-contre-leverkusen\/#article","isPartOf":{"@id":"https:\/\/vieassociative.be\/actualites\/01-ko-du-bayern-apres-neuer-rot-contre-leverkusen\/"},"author":{"name":"Julien","@id":"https:\/\/vieassociative.be\/actualites\/#\/schema\/person\/b87ac4f82f9d4e7b7cec7395b679edc4"},"headline":"0:1 \u2013 KO du Bayern apr\u00e8s Neuer-Rot contre Leverkusen","datePublished":"2024-12-04T02:17:36+00:00","dateModified":"2024-12-04T02:17:36+00:00","mainEntityOfPage":{"@id":"https:\/\/vieassociative.be\/actualites\/01-ko-du-bayern-apres-neuer-rot-contre-leverkusen\/"},"wordCount":862,"publisher":{"@id":"https:\/\/vieassociative.be\/actualites\/#organization"},"image":{"@id":"https:\/\/vieassociative.be\/actualites\/01-ko-du-bayern-apres-neuer-rot-contre-leverkusen\/#primaryimage"},"thumbnailUrl":"https:\/\/vieassociative.be\/actualites\/wp-content\/uploads\/2024\/12\/1733278656_01-\u2013-KO-du-Bayern-apres-Neuer-Rot-contre-Leverkusen.jpg","keywords":["Apr\u00e8s","Bayern","contre","Leverkusen","NeuerRot"],"articleSection":["Belgique"],"inLanguage":"fr-BE"},{"@type":"WebPage","@id":"https:\/\/vieassociative.be\/actualites\/01-ko-du-bayern-apres-neuer-rot-contre-leverkusen\/","url":"https:\/\/vieassociative.be\/actualites\/01-ko-du-bayern-apres-neuer-rot-contre-leverkusen\/","name":"0:1 \u2013 KO du Bayern apr\u00e8s Neuer-Rot contre Leverkusen | Vie Associative","isPartOf":{"@id":"https:\/\/vieassociative.be\/actualites\/#website"},"primaryImageOfPage":{"@id":"https:\/\/vieassociative.be\/actualites\/01-ko-du-bayern-apres-neuer-rot-contre-leverkusen\/#primaryimage"},"image":{"@id":"https:\/\/vieassociative.be\/actualites\/01-ko-du-bayern-apres-neuer-rot-contre-leverkusen\/#primaryimage"},"thumbnailUrl":"https:\/\/vieassociative.be\/actualites\/wp-content\/uploads\/2024\/12\/1733278656_01-\u2013-KO-du-Bayern-apres-Neuer-Rot-contre-Leverkusen.jpg","datePublished":"2024-12-04T02:17:36+00:00","dateModified":"2024-12-04T02:17:36+00:00","breadcrumb":{"@id":"https:\/\/vieassociative.be\/actualites\/01-ko-du-bayern-apres-neuer-rot-contre-leverkusen\/#breadcrumb"},"inLanguage":"fr-BE","potentialAction":[{"@type":"ReadAction","target":["https:\/\/vieassociative.be\/actualites\/01-ko-du-bayern-apres-neuer-rot-contre-leverkusen\/"]}]},{"@type":"ImageObject","inLanguage":"fr-BE","@id":"https:\/\/vieassociative.be\/actualites\/01-ko-du-bayern-apres-neuer-rot-contre-leverkusen\/#primaryimage","url":"https:\/\/vieassociative.be\/actualites\/wp-content\/uploads\/2024\/12\/1733278656_01-\u2013-KO-du-Bayern-apres-Neuer-Rot-contre-Leverkusen.jpg","contentUrl":"https:\/\/vieassociative.be\/actualites\/wp-content\/uploads\/2024\/12\/1733278656_01-\u2013-KO-du-Bayern-apres-Neuer-Rot-contre-Leverkusen.jpg","width":1200,"height":800,"caption":"0:1 \u2013 KO du Bayern apr\u00e8s Neuer-Rot contre Leverkusen"},{"@type":"BreadcrumbList","@id":"https:\/\/vieassociative.be\/actualites\/01-ko-du-bayern-apres-neuer-rot-contre-leverkusen\/#breadcrumb","itemListElement":[{"@type":"ListItem","position":1,"name":"Accueil","item":"https:\/\/vieassociative.be\/actualites\/"},{"@type":"ListItem","position":2,"name":"0:1 \u2013 KO du Bayern apr\u00e8s Neuer-Rot contre Leverkusen"}]},{"@type":"WebSite","@id":"https:\/\/vieassociative.be\/actualites\/#website","url":"https:\/\/vieassociative.be\/actualites\/","name":"Vie Associative","description":"","publisher":{"@id":"https:\/\/vieassociative.be\/actualites\/#organization"},"potentialAction":[{"@type":"SearchAction","target":{"@type":"EntryPoint","urlTemplate":"https:\/\/vieassociative.be\/actualites\/?s={search_term_string}"},"query-input":{"@type":"PropertyValueSpecification","valueRequired":true,"valueName":"search_term_string"}}],"inLanguage":"fr-BE"},{"@type":"Organization","@id":"https:\/\/vieassociative.be\/actualites\/#organization","name":"Vie Associative","url":"https:\/\/vieassociative.be\/actualites\/","logo":{"@type":"ImageObject","inLanguage":"fr-BE","@id":"https:\/\/vieassociative.be\/actualites\/#\/schema\/logo\/image\/","url":"https:\/\/vieassociative.be\/actualites\/wp-content\/uploads\/2024\/09\/cropped-vieassociative_favicon.ico.png","contentUrl":"https:\/\/vieassociative.be\/actualites\/wp-content\/uploads\/2024\/09\/cropped-vieassociative_favicon.ico.png","width":512,"height":512,"caption":"Vie Associative"},"image":{"@id":"https:\/\/vieassociative.be\/actualites\/#\/schema\/logo\/image\/"}},{"@type":"Person","@id":"https:\/\/vieassociative.be\/actualites\/#\/schema\/person\/b87ac4f82f9d4e7b7cec7395b679edc4","name":"Julien","image":{"@type":"ImageObject","inLanguage":"fr-BE","@id":"https:\/\/vieassociative.be\/actualites\/#\/schema\/person\/image\/","url":"https:\/\/vieassociative.be\/actualites\/wp-content\/uploads\/2024\/09\/vie-associative-1-150x150.jpg","contentUrl":"https:\/\/vieassociative.be\/actualites\/wp-content\/uploads\/2024\/09\/vie-associative-1-150x150.jpg","caption":"Julien"},"description":"Je suis Julien, r\u00e9dacteur pour Vie Associative. Passionn\u00e9 par le monde associatif depuis plus de 10 ans, j'ai \u00e0 c\u0153ur de partager des histoires inspirantes et de mettre en lumi\u00e8re les initiatives locales. Mon objectif est de sensibiliser et d'encourager l'engagement communautaire \u00e0 travers mes articles.","sameAs":["https:\/\/vieassociative.be\/"]}]}},"_links":{"self":[{"href":"https:\/\/vieassociative.be\/actualites\/wp-json\/wp\/v2\/posts\/3042"}],"collection":[{"href":"https:\/\/vieassociative.be\/actualites\/wp-json\/wp\/v2\/posts"}],"about":[{"href":"https:\/\/vieassociative.be\/actualites\/wp-json\/wp\/v2\/types\/post"}],"author":[{"embeddable":true,"href":"https:\/\/vieassociative.be\/actualites\/wp-json\/wp\/v2\/users\/1"}],"replies":[{"embeddable":true,"href":"https:\/\/vieassociative.be\/actualites\/wp-json\/wp\/v2\/comments?post=3042"}],"version-history":[{"count":0,"href":"https:\/\/vieassociative.be\/actualites\/wp-json\/wp\/v2\/posts\/3042\/revisions"}],"wp:featuredmedia":[{"embeddable":true,"href":"https:\/\/vieassociative.be\/actualites\/wp-json\/wp\/v2\/media\/3043"}],"wp:attachment":[{"href":"https:\/\/vieassociative.be\/actualites\/wp-json\/wp\/v2\/media?parent=3042"}],"wp:term":[{"taxonomy":"category","embeddable":true,"href":"https:\/\/vieassociative.be\/actualites\/wp-json\/wp\/v2\/categories?post=3042"},{"taxonomy":"post_tag","embeddable":true,"href":"https:\/\/vieassociative.be\/actualites\/wp-json\/wp\/v2\/tags?post=3042"}],"curies":[{"name":"wp","href":"https:\/\/api.w.org\/{rel}","templated":true}]}}