{"id":3040,"date":"2024-12-04T02:17:05","date_gmt":"2024-12-04T01:17:05","guid":{"rendered":"https:\/\/vieassociative.be\/actualites\/cette-tasse-intelligente-ember-me-garde-cafeinee-et-elle-est-a-27-de-reduction-apres-le-cyber-monday\/"},"modified":"2024-12-04T02:17:05","modified_gmt":"2024-12-04T01:17:05","slug":"cette-tasse-intelligente-ember-me-garde-cafeinee-et-elle-est-a-27-de-reduction-apres-le-cyber-monday","status":"publish","type":"post","link":"https:\/\/vieassociative.be\/actualites\/cette-tasse-intelligente-ember-me-garde-cafeinee-et-elle-est-a-27-de-reduction-apres-le-cyber-monday\/","title":{"rendered":"Cette tasse intelligente Ember me garde caf\u00e9in\u00e9e et elle est \u00e0 27 % de r\u00e9duction apr\u00e8s le Cyber \u200b\u200b\u200b\u200bMonday"},"content":{"rendered":"<div class=\"mt-4 leading-6 md:mb-8\">Ne buvez plus jamais de caf\u00e9 ti\u00e8de.<\/div>\n<p><\/p>\n<p>J&rsquo;adore le caf\u00e9 glac\u00e9, mais je d\u00e9teste le caf\u00e9 froid. Le caf\u00e9 intentionnellement glac\u00e9 est parfait, tandis que le caf\u00e9 chaud est <em>disparu<\/em> le froid est d\u00e9go\u00fbtant. Vous pouvez, bien s\u00fbr, mettre le caf\u00e9 au micro-ondes pour le ramener \u00e0 une temp\u00e9rature buvable, et je l&rsquo;ai fait plusieurs fois. Mais une triste tasse de caf\u00e9 cuit au micro-ondes ne remplace pas la d\u00e9gustation d\u2019une tasse fra\u00eechement infus\u00e9e aussi pr\u00e8s que possible de sa temp\u00e9rature d\u2019origine, et ce sera toujours une course perdue contre la montre. <\/p>\n<p>Entrez Ember et sa \u00ab tasse intelligente \u00bb. Contrairement \u00e0 votre tasse stupide, la tasse Ember peut maintenir votre boisson \u00e0 une temp\u00e9rature stable de votre choix, comprise entre 120 \u00b0F et 145 \u00b0F. Vous r\u00e9glez la temp\u00e9rature dans l&rsquo;application Ember, vous vous servez une tasse de caf\u00e9 et vous sirotez \u00e0 votre guise\u00a0: chaque fois que vous prenez un verre, votre caf\u00e9, votre th\u00e9, votre chocolat chaud, etc., seront \u00e0 la m\u00eame temp\u00e9rature que le premier. siroter. <\/p>\n<p>M\u00eame apr\u00e8s le Cyber \u200b\u200bMonday, Amazon propose toujours la tasse de 14 onces en vente jusqu&rsquo;\u00e0 27 % de r\u00e9duction, \u00e0 condition que vous acceptiez de l&rsquo;obtenir en noir. La tasse de 10 onces est cependant en vente dans un certain nombre de couleurs, dont 21 % de r\u00e9duction en cuivre et or, 23 % de r\u00e9duction en rouge et 27 % de r\u00e9duction en acier inoxydable et or rose. Cliquez sur les diff\u00e9rentes couleurs et tailles pour voir si vous pouvez trouver celle qui vous convient.<\/p>\n<div class=\"pogoClear mb-12 mt-10 rounded-md border-2 border-gray-100 py-7 shadow-xl md:py-6\">\n<div class=\"flex flex-wrap justify-between px-7 text-black no-underline md:flex-nowrap md:px-8\">\n<div class=\"order-1 mx-auto flex flex-col justify-center md:order-2 md:ml-4 md:w-full md:grow\">\n<div class=\"block cursor-pointer text-center font-akshar text-2xl font-medium leading-7 text-brand-green duration-200 ease-in-out hover:text-brand-green-700 md:text-left md:text-xl md:leading-6\">Tasse intelligente Ember (14 oz)\n                <\/div>\n<div class=\"mt-4 hidden md:flex md:justify-between\">\n<div class=\"self-end\">\n<div class=\"mb-0 h-11 md:flex md:flex-col md:justify-center\">\n<div class=\" font-sans leading-4 text-black\">\n<div class=\"flex flex-wrap items-center justify-center gap-x-1 md:justify-start\">\n        <span class=\"font-bold\"><\/p>\n<p>            109,99\u00a0$<br \/>\n                            <span class=\"font-medium\">chez Amazon<\/span><br \/>\n                    <\/span><br \/>\n                    <img decoding=\"async\" class=\"mt-0 h-(15px)\" src=\"https:\/\/vieassociative.be\/actualites\/wp-content\/uploads\/2024\/12\/Cette-tasse-intelligente-Ember-me-garde-cafeinee-et-elle-est.svg.svg+xml\" title=\"Amazon Premier\" alt=\"Amazon Premier\">\n            <\/div>\n<div class=\"flex items-center justify-center gap-x-1 font-bold md:justify-start\">\n            <span class=\"text-sm line-through\">149,95\u00a0$<\/span><br \/>\n            <span class=\"text-sm text-brand-green\">\u00c9conomisez 39,96\u00a0$<\/span>\n        <\/div>\n<\/p><\/div>\n<\/p><\/div>\n<\/p><\/div>\n<div class=\"w-44 self-end\">\n                            <button class=\"flex justify-center items-center w-full bg-brand-green text-white text-base font-sans font-medium rounded-md hover:bg-brand-green-700 hover:cursor-pointer md:text-sm h-11\"><\/p>\n<p>    Obtenez une offre<br \/>\n<\/button>\n                        <\/div>\n<\/p><\/div>\n<\/p><\/div>\n<div class=\"order-2 mt-5 h-auto w-full md:order-1 md:mt-0 md:hidden\">\n<div class=\"flex aspect-video items-center justify-center\">\n                                            <img decoding=\"async\" class=\"m-0 max-h-full max-w-full rounded-md\" src=\"https:\/\/vieassociative.be\/actualites\/wp-content\/uploads\/2024\/12\/Cette-tasse-intelligente-Ember-me-garde-cafeinee-et-elle-est.jpg\" alt=\"Ember Tasse intelligente \u00e0 contr\u00f4le de temp\u00e9rature 2, 14 oz, tasse \u00e0 caf\u00e9 chauffante contr\u00f4l\u00e9e par application avec autonomie de 80 minutes et conception am\u00e9lior\u00e9e, noir\" width=\"auto\" height=\"auto\" loading=\"lazy\">\n                                    <\/div>\n<\/p><\/div>\n<div class=\"order-2 ml-2 hidden w-32 shrink-0 items-center md:order-1 md:ml-0 md:flex\">\n<div class=\"flex aspect-video items-center justify-center\">\n                                            <img decoding=\"async\" class=\"m-0 max-h-full max-w-full rounded-md\" src=\"https:\/\/vieassociative.be\/actualites\/wp-content\/uploads\/2024\/12\/Cette-tasse-intelligente-Ember-me-garde-cafeinee-et-elle-est.jpg\" alt=\"Ember Tasse intelligente \u00e0 contr\u00f4le de temp\u00e9rature 2, 14 oz, tasse \u00e0 caf\u00e9 chauffante contr\u00f4l\u00e9e par application avec autonomie de 80 minutes et conception am\u00e9lior\u00e9e, noir\" width=\"auto\" height=\"auto\" loading=\"lazy\">\n                                    <\/div>\n<\/p><\/div>\n<div class=\"order-3 flex grow flex-wrap md:hidden md:grow-0\">\n<div class=\"mt-4 w-full\">\n                        <button class=\"flex justify-center items-center w-full bg-brand-green text-white text-base font-sans font-medium rounded-md hover:bg-brand-green-700 hover:cursor-pointer md:text-sm h-11\"><\/p>\n<p>    Obtenez une offre<br \/>\n<\/button>\n                    <\/div>\n<div class=\"mx-2 mt-4 w-full\">\n<div class=\" font-sans leading-4 text-black\">\n<div class=\"flex flex-wrap items-center justify-center gap-x-1 md:justify-start\">\n        <span class=\"font-bold\"><\/p>\n<p>            109,99\u00a0$<br \/>\n                            <span class=\"font-medium\">chez Amazon<\/span><br \/>\n                    <\/span><br \/>\n                    <img decoding=\"async\" class=\"mt-0 h-(15px)\" src=\"https:\/\/vieassociative.be\/actualites\/wp-content\/uploads\/2024\/12\/Cette-tasse-intelligente-Ember-me-garde-cafeinee-et-elle-est.svg.svg+xml\" title=\"Amazon Premier\" alt=\"Amazon Premier\">\n            <\/div>\n<div class=\"flex items-center justify-center gap-x-1 font-bold md:justify-start\">\n            <span class=\"text-sm line-through\">149,95\u00a0$<\/span><br \/>\n            <span class=\"text-sm text-brand-green\">\u00c9conomisez 39,96\u00a0$<\/span>\n        <\/div>\n<\/p><\/div>\n<\/p><\/div>\n<\/p><\/div>\n<\/p><\/div>\n<\/div>\n<p>J&rsquo;utilise une tasse Ember depuis un moment maintenant, et elle est vraiment g\u00e9niale, voire l\u00e9g\u00e8rement surr\u00e9aliste. C&rsquo;est une chose \u00e9trange de prendre une tasse de caf\u00e9 qui est rest\u00e9e pendant une demi-heure, d&rsquo;en prendre une gorg\u00e9e et de la trouver aussi torride que lorsque je l&rsquo;ai vers\u00e9e pour la premi\u00e8re fois. Aussi \u00e9trange que cela puisse para\u00eetre, cela signifie que cela s&rsquo;accompagne d&rsquo;une certaine courbe d&rsquo;apprentissage, du moins si, comme moi, vous avez l&rsquo;habitude de prendre des gorg\u00e9es de plus en plus grandes de votre caf\u00e9 au fur et \u00e0 mesure qu&rsquo;il reste longtemps. Ne jetez pas une tasse de votre Ember, c&rsquo;est ce que je dis. Ce sera un mauvais moment. <\/p>\n<h2 id=\"a-piping-hot-cup-for-over-an-hour\">Une tasse tr\u00e8s chaude pendant plus d&rsquo;une heure<\/h2>\n<p>Ember finira par cesser de garder votre boisson chaude lorsque la batterie sera \u00e9puis\u00e9e. Lorsqu&rsquo;il est neuf et compl\u00e8tement charg\u00e9, cela repr\u00e9sente 80 minutes g\u00e9n\u00e9reuses, ce qui est long pour savourer une seule boisson de 14 onces. Cependant, si vous avez tendance \u00e0 boire plusieurs tasses par jour, cette batterie s&rsquo;usera avant que vous ayez termin\u00e9 vos feuilles de calcul de l&rsquo;apr\u00e8s-midi. Je vous recommande donc de ranger la station de chargement sans fil l\u00e0 o\u00f9 vous \u00eates le plus susceptible de boire dans la tasse Ember, peut-\u00eatre votre bureau ou sur une table de bout. De cette fa\u00e7on, vous pouvez placer votre tasse sur le chargeur au lieu d&rsquo;un dessous de verre et garder la batterie constamment charg\u00e9e. <\/p>\n<h2 id=\"dont-let-your-brew-burn\">Ne laisse pas ton breuvage br\u00fbler<\/h2>\n<p>La tasse Ember n\u2019est pas parfaite. Mon seul reproche concerne la fa\u00e7on dont il g\u00e8re la derni\u00e8re gorg\u00e9e ou deux de votre boisson. Il semble que l\u2019\u00e9l\u00e9ment chauffant soit si puissant qu\u2019il br\u00fble, ou du moins alt\u00e8re le go\u00fbt, toute quantit\u00e9 trop petite de liquide. Mon conseil est de terminer la tasse avant d\u2019en arriver l\u00e0, de maintenir votre temp\u00e9rature \u00e0 un niveau plus bas ou d\u2019\u00e9teindre le chauffage via l\u2019application lorsque vous en avez parcouru environ les trois quarts.<\/p>\n<p>Une note critique : <strong>Ne mettez pas votre mug Ember au lave-vaisselle<\/strong>. Cette tasse est <em>lavage \u00e0 la main seulement<\/em>. Vous pouvez le frotter dans l&rsquo;\u00e9vier en toute s\u00e9curit\u00e9 et m\u00eame le plonger dans l&rsquo;eau jusqu&rsquo;\u00e0 un m\u00e8tre. Cependant, la nature abrasive des jets de votre lave-vaisselle sera trop importante pour le rev\u00eatement ext\u00e9rieur et l&rsquo;\u00e9lectronique \u00e0 l&rsquo;int\u00e9rieur de la tasse. C&rsquo;est un peu de travail suppl\u00e9mentaire de le laver \u00e0 la main apr\u00e8s chaque utilisation, mais vous aurez beaucoup d&rsquo;\u00e9nergie gr\u00e2ce \u00e0 cette tasse de caf\u00e9 qui ne refroidit jamais.<\/p>\n<div class=\"w-full mt-12 text-center sm:text-left\" x-data=\"{ showAll: false }\">\n<div class=\"flex flex-col items-center justify-between sm:px-6 sm:flex-row\">\n\t\t\t<span class=\"text-sm italic\">Les offres sont s\u00e9lectionn\u00e9es par notre \u00e9quipe commerciale<\/span><\/p><\/div>\n<\/p><\/div>\n","protected":false},"excerpt":{"rendered":"<p>Ne buvez plus jamais de caf\u00e9 ti\u00e8de. J&rsquo;adore le caf\u00e9 glac\u00e9, mais je d\u00e9teste le caf\u00e9 froid. Le caf\u00e9 intentionnellement glac\u00e9 est parfait, tandis que<\/p>\n","protected":false},"author":1,"featured_media":3041,"comment_status":"","ping_status":"","sticky":false,"template":"","format":"standard","meta":{"footnotes":""},"categories":[13],"tags":[472,3718,206,2624,2430,3717,76,903,1614,2625,308,3716],"class_list":["post-3040","post","type-post","status-publish","format-standard","has-post-thumbnail","hentry","category-technologie","tag-apres","tag-cafeinee","tag-cette","tag-cyber","tag-elle","tag-ember","tag-est","tag-garde","tag-intelligente","tag-monday","tag-reduction","tag-tasse","generate-columns","tablet-grid-50","mobile-grid-100","grid-parent","grid-33"],"yoast_head":"<!-- This site is optimized with the Yoast SEO plugin v24.0 - https:\/\/yoast.com\/wordpress\/plugins\/seo\/ -->\n<title>Cette tasse intelligente Ember me garde caf\u00e9in\u00e9e et elle est \u00e0 27 % de r\u00e9duction apr\u00e8s le Cyber \u200b\u200b\u200b\u200bMonday | Vie Associative<\/title>\n<meta name=\"robots\" content=\"index, follow, max-snippet:-1, max-image-preview:large, max-video-preview:-1\" \/>\n<link rel=\"canonical\" href=\"https:\/\/vieassociative.be\/actualites\/cette-tasse-intelligente-ember-me-garde-cafeinee-et-elle-est-a-27-de-reduction-apres-le-cyber-monday\/\" \/>\n<meta property=\"og:locale\" content=\"fr_FR\" \/>\n<meta property=\"og:type\" content=\"article\" \/>\n<meta property=\"og:title\" content=\"Cette tasse intelligente Ember me garde caf\u00e9in\u00e9e et elle est \u00e0 27 % de r\u00e9duction apr\u00e8s le Cyber \u200b\u200b\u200b\u200bMonday | Vie Associative\" \/>\n<meta property=\"og:description\" content=\"Ne buvez plus jamais de caf\u00e9 ti\u00e8de. J&rsquo;adore le caf\u00e9 glac\u00e9, mais je d\u00e9teste le caf\u00e9 froid. Le caf\u00e9 intentionnellement glac\u00e9 est parfait, tandis que\" \/>\n<meta property=\"og:url\" content=\"https:\/\/vieassociative.be\/actualites\/cette-tasse-intelligente-ember-me-garde-cafeinee-et-elle-est-a-27-de-reduction-apres-le-cyber-monday\/\" \/>\n<meta property=\"og:site_name\" content=\"Vie Associative\" \/>\n<meta property=\"article:published_time\" content=\"2024-12-04T01:17:05+00:00\" \/>\n<meta property=\"og:image\" content=\"https:\/\/vieassociative.be\/actualites\/wp-content\/uploads\/2024\/12\/Cette-tasse-intelligente-Ember-me-garde-cafeinee-et-elle-est.svg.svg+xml\" \/>\n<meta name=\"author\" content=\"Julien\" \/>\n<meta name=\"twitter:card\" content=\"summary_large_image\" \/>\n<meta name=\"twitter:label1\" content=\"\u00c9crit par\" \/>\n\t<meta name=\"twitter:data1\" content=\"Julien\" \/>\n\t<meta name=\"twitter:label2\" content=\"Dur\u00e9e de lecture est.\" \/>\n\t<meta name=\"twitter:data2\" content=\"4 minutes\" \/>\n<script type=\"application\/ld+json\" class=\"yoast-schema-graph\">{\"@context\":\"https:\/\/schema.org\",\"@graph\":[{\"@type\":\"Article\",\"@id\":\"https:\/\/vieassociative.be\/actualites\/cette-tasse-intelligente-ember-me-garde-cafeinee-et-elle-est-a-27-de-reduction-apres-le-cyber-monday\/#article\",\"isPartOf\":{\"@id\":\"https:\/\/vieassociative.be\/actualites\/cette-tasse-intelligente-ember-me-garde-cafeinee-et-elle-est-a-27-de-reduction-apres-le-cyber-monday\/\"},\"author\":{\"name\":\"Julien\",\"@id\":\"https:\/\/vieassociative.be\/actualites\/#\/schema\/person\/b87ac4f82f9d4e7b7cec7395b679edc4\"},\"headline\":\"Cette tasse intelligente Ember me garde caf\u00e9in\u00e9e et elle est \u00e0 27 % de r\u00e9duction apr\u00e8s le Cyber \u200b\u200b\u200b\u200bMonday\",\"datePublished\":\"2024-12-04T01:17:05+00:00\",\"dateModified\":\"2024-12-04T01:17:05+00:00\",\"mainEntityOfPage\":{\"@id\":\"https:\/\/vieassociative.be\/actualites\/cette-tasse-intelligente-ember-me-garde-cafeinee-et-elle-est-a-27-de-reduction-apres-le-cyber-monday\/\"},\"wordCount\":784,\"publisher\":{\"@id\":\"https:\/\/vieassociative.be\/actualites\/#organization\"},\"image\":{\"@id\":\"https:\/\/vieassociative.be\/actualites\/cette-tasse-intelligente-ember-me-garde-cafeinee-et-elle-est-a-27-de-reduction-apres-le-cyber-monday\/#primaryimage\"},\"thumbnailUrl\":\"https:\/\/vieassociative.be\/actualites\/wp-content\/uploads\/2024\/12\/1733275025_Cette-tasse-intelligente-Ember-me-garde-cafeinee-et-elle-est.png\",\"keywords\":[\"Apr\u00e8s\",\"caf\u00e9in\u00e9e\",\"cette\",\"Cyber\",\"elle\",\"Ember\",\"est\",\"garde\",\"intelligente\",\"Monday\",\"r\u00e9duction\",\"tasse\"],\"articleSection\":[\"Technologie\"],\"inLanguage\":\"fr-BE\"},{\"@type\":\"WebPage\",\"@id\":\"https:\/\/vieassociative.be\/actualites\/cette-tasse-intelligente-ember-me-garde-cafeinee-et-elle-est-a-27-de-reduction-apres-le-cyber-monday\/\",\"url\":\"https:\/\/vieassociative.be\/actualites\/cette-tasse-intelligente-ember-me-garde-cafeinee-et-elle-est-a-27-de-reduction-apres-le-cyber-monday\/\",\"name\":\"Cette tasse intelligente Ember me garde caf\u00e9in\u00e9e et elle est \u00e0 27 % de r\u00e9duction apr\u00e8s le Cyber \u200b\u200b\u200b\u200bMonday | Vie Associative\",\"isPartOf\":{\"@id\":\"https:\/\/vieassociative.be\/actualites\/#website\"},\"primaryImageOfPage\":{\"@id\":\"https:\/\/vieassociative.be\/actualites\/cette-tasse-intelligente-ember-me-garde-cafeinee-et-elle-est-a-27-de-reduction-apres-le-cyber-monday\/#primaryimage\"},\"image\":{\"@id\":\"https:\/\/vieassociative.be\/actualites\/cette-tasse-intelligente-ember-me-garde-cafeinee-et-elle-est-a-27-de-reduction-apres-le-cyber-monday\/#primaryimage\"},\"thumbnailUrl\":\"https:\/\/vieassociative.be\/actualites\/wp-content\/uploads\/2024\/12\/1733275025_Cette-tasse-intelligente-Ember-me-garde-cafeinee-et-elle-est.png\",\"datePublished\":\"2024-12-04T01:17:05+00:00\",\"dateModified\":\"2024-12-04T01:17:05+00:00\",\"breadcrumb\":{\"@id\":\"https:\/\/vieassociative.be\/actualites\/cette-tasse-intelligente-ember-me-garde-cafeinee-et-elle-est-a-27-de-reduction-apres-le-cyber-monday\/#breadcrumb\"},\"inLanguage\":\"fr-BE\",\"potentialAction\":[{\"@type\":\"ReadAction\",\"target\":[\"https:\/\/vieassociative.be\/actualites\/cette-tasse-intelligente-ember-me-garde-cafeinee-et-elle-est-a-27-de-reduction-apres-le-cyber-monday\/\"]}]},{\"@type\":\"ImageObject\",\"inLanguage\":\"fr-BE\",\"@id\":\"https:\/\/vieassociative.be\/actualites\/cette-tasse-intelligente-ember-me-garde-cafeinee-et-elle-est-a-27-de-reduction-apres-le-cyber-monday\/#primaryimage\",\"url\":\"https:\/\/vieassociative.be\/actualites\/wp-content\/uploads\/2024\/12\/1733275025_Cette-tasse-intelligente-Ember-me-garde-cafeinee-et-elle-est.png\",\"contentUrl\":\"https:\/\/vieassociative.be\/actualites\/wp-content\/uploads\/2024\/12\/1733275025_Cette-tasse-intelligente-Ember-me-garde-cafeinee-et-elle-est.png\",\"width\":1200,\"height\":675,\"caption\":\"Cette tasse intelligente Ember me garde caf\u00e9in\u00e9e et elle est \u00e0 27 % de r\u00e9duction apr\u00e8s le Cyber \u200b\u200b\u200b\u200bMonday\"},{\"@type\":\"BreadcrumbList\",\"@id\":\"https:\/\/vieassociative.be\/actualites\/cette-tasse-intelligente-ember-me-garde-cafeinee-et-elle-est-a-27-de-reduction-apres-le-cyber-monday\/#breadcrumb\",\"itemListElement\":[{\"@type\":\"ListItem\",\"position\":1,\"name\":\"Accueil\",\"item\":\"https:\/\/vieassociative.be\/actualites\/\"},{\"@type\":\"ListItem\",\"position\":2,\"name\":\"Cette tasse intelligente Ember me garde caf\u00e9in\u00e9e et elle est \u00e0 27 % de r\u00e9duction apr\u00e8s le Cyber \u200b\u200b\u200b\u200bMonday\"}]},{\"@type\":\"WebSite\",\"@id\":\"https:\/\/vieassociative.be\/actualites\/#website\",\"url\":\"https:\/\/vieassociative.be\/actualites\/\",\"name\":\"Vie Associative\",\"description\":\"\",\"publisher\":{\"@id\":\"https:\/\/vieassociative.be\/actualites\/#organization\"},\"potentialAction\":[{\"@type\":\"SearchAction\",\"target\":{\"@type\":\"EntryPoint\",\"urlTemplate\":\"https:\/\/vieassociative.be\/actualites\/?s={search_term_string}\"},\"query-input\":{\"@type\":\"PropertyValueSpecification\",\"valueRequired\":true,\"valueName\":\"search_term_string\"}}],\"inLanguage\":\"fr-BE\"},{\"@type\":\"Organization\",\"@id\":\"https:\/\/vieassociative.be\/actualites\/#organization\",\"name\":\"Vie Associative\",\"url\":\"https:\/\/vieassociative.be\/actualites\/\",\"logo\":{\"@type\":\"ImageObject\",\"inLanguage\":\"fr-BE\",\"@id\":\"https:\/\/vieassociative.be\/actualites\/#\/schema\/logo\/image\/\",\"url\":\"https:\/\/vieassociative.be\/actualites\/wp-content\/uploads\/2024\/09\/cropped-vieassociative_favicon.ico.png\",\"contentUrl\":\"https:\/\/vieassociative.be\/actualites\/wp-content\/uploads\/2024\/09\/cropped-vieassociative_favicon.ico.png\",\"width\":512,\"height\":512,\"caption\":\"Vie Associative\"},\"image\":{\"@id\":\"https:\/\/vieassociative.be\/actualites\/#\/schema\/logo\/image\/\"}},{\"@type\":\"Person\",\"@id\":\"https:\/\/vieassociative.be\/actualites\/#\/schema\/person\/b87ac4f82f9d4e7b7cec7395b679edc4\",\"name\":\"Julien\",\"image\":{\"@type\":\"ImageObject\",\"inLanguage\":\"fr-BE\",\"@id\":\"https:\/\/vieassociative.be\/actualites\/#\/schema\/person\/image\/\",\"url\":\"https:\/\/vieassociative.be\/actualites\/wp-content\/uploads\/2024\/09\/vie-associative-1-150x150.jpg\",\"contentUrl\":\"https:\/\/vieassociative.be\/actualites\/wp-content\/uploads\/2024\/09\/vie-associative-1-150x150.jpg\",\"caption\":\"Julien\"},\"description\":\"Je suis Julien, r\u00e9dacteur pour Vie Associative. Passionn\u00e9 par le monde associatif depuis plus de 10 ans, j'ai \u00e0 c\u0153ur de partager des histoires inspirantes et de mettre en lumi\u00e8re les initiatives locales. Mon objectif est de sensibiliser et d'encourager l'engagement communautaire \u00e0 travers mes articles.\",\"sameAs\":[\"https:\/\/vieassociative.be\/\"]}]}<\/script>\n<!-- \/ Yoast SEO plugin. -->","yoast_head_json":{"title":"Cette tasse intelligente Ember me garde caf\u00e9in\u00e9e et elle est \u00e0 27 % de r\u00e9duction apr\u00e8s le Cyber \u200b\u200b\u200b\u200bMonday | Vie Associative","robots":{"index":"index","follow":"follow","max-snippet":"max-snippet:-1","max-image-preview":"max-image-preview:large","max-video-preview":"max-video-preview:-1"},"canonical":"https:\/\/vieassociative.be\/actualites\/cette-tasse-intelligente-ember-me-garde-cafeinee-et-elle-est-a-27-de-reduction-apres-le-cyber-monday\/","og_locale":"fr_FR","og_type":"article","og_title":"Cette tasse intelligente Ember me garde caf\u00e9in\u00e9e et elle est \u00e0 27 % de r\u00e9duction apr\u00e8s le Cyber \u200b\u200b\u200b\u200bMonday | Vie Associative","og_description":"Ne buvez plus jamais de caf\u00e9 ti\u00e8de. J&rsquo;adore le caf\u00e9 glac\u00e9, mais je d\u00e9teste le caf\u00e9 froid. Le caf\u00e9 intentionnellement glac\u00e9 est parfait, tandis que","og_url":"https:\/\/vieassociative.be\/actualites\/cette-tasse-intelligente-ember-me-garde-cafeinee-et-elle-est-a-27-de-reduction-apres-le-cyber-monday\/","og_site_name":"Vie Associative","article_published_time":"2024-12-04T01:17:05+00:00","og_image":[{"url":"https:\/\/vieassociative.be\/actualites\/wp-content\/uploads\/2024\/12\/Cette-tasse-intelligente-Ember-me-garde-cafeinee-et-elle-est.svg.svg+xml","type":"","width":"","height":""}],"author":"Julien","twitter_card":"summary_large_image","twitter_misc":{"\u00c9crit par":"Julien","Dur\u00e9e de lecture est.":"4 minutes"},"schema":{"@context":"https:\/\/schema.org","@graph":[{"@type":"Article","@id":"https:\/\/vieassociative.be\/actualites\/cette-tasse-intelligente-ember-me-garde-cafeinee-et-elle-est-a-27-de-reduction-apres-le-cyber-monday\/#article","isPartOf":{"@id":"https:\/\/vieassociative.be\/actualites\/cette-tasse-intelligente-ember-me-garde-cafeinee-et-elle-est-a-27-de-reduction-apres-le-cyber-monday\/"},"author":{"name":"Julien","@id":"https:\/\/vieassociative.be\/actualites\/#\/schema\/person\/b87ac4f82f9d4e7b7cec7395b679edc4"},"headline":"Cette tasse intelligente Ember me garde caf\u00e9in\u00e9e et elle est \u00e0 27 % de r\u00e9duction apr\u00e8s le Cyber \u200b\u200b\u200b\u200bMonday","datePublished":"2024-12-04T01:17:05+00:00","dateModified":"2024-12-04T01:17:05+00:00","mainEntityOfPage":{"@id":"https:\/\/vieassociative.be\/actualites\/cette-tasse-intelligente-ember-me-garde-cafeinee-et-elle-est-a-27-de-reduction-apres-le-cyber-monday\/"},"wordCount":784,"publisher":{"@id":"https:\/\/vieassociative.be\/actualites\/#organization"},"image":{"@id":"https:\/\/vieassociative.be\/actualites\/cette-tasse-intelligente-ember-me-garde-cafeinee-et-elle-est-a-27-de-reduction-apres-le-cyber-monday\/#primaryimage"},"thumbnailUrl":"https:\/\/vieassociative.be\/actualites\/wp-content\/uploads\/2024\/12\/1733275025_Cette-tasse-intelligente-Ember-me-garde-cafeinee-et-elle-est.png","keywords":["Apr\u00e8s","caf\u00e9in\u00e9e","cette","Cyber","elle","Ember","est","garde","intelligente","Monday","r\u00e9duction","tasse"],"articleSection":["Technologie"],"inLanguage":"fr-BE"},{"@type":"WebPage","@id":"https:\/\/vieassociative.be\/actualites\/cette-tasse-intelligente-ember-me-garde-cafeinee-et-elle-est-a-27-de-reduction-apres-le-cyber-monday\/","url":"https:\/\/vieassociative.be\/actualites\/cette-tasse-intelligente-ember-me-garde-cafeinee-et-elle-est-a-27-de-reduction-apres-le-cyber-monday\/","name":"Cette tasse intelligente Ember me garde caf\u00e9in\u00e9e et elle est \u00e0 27 % de r\u00e9duction apr\u00e8s le Cyber \u200b\u200b\u200b\u200bMonday | Vie Associative","isPartOf":{"@id":"https:\/\/vieassociative.be\/actualites\/#website"},"primaryImageOfPage":{"@id":"https:\/\/vieassociative.be\/actualites\/cette-tasse-intelligente-ember-me-garde-cafeinee-et-elle-est-a-27-de-reduction-apres-le-cyber-monday\/#primaryimage"},"image":{"@id":"https:\/\/vieassociative.be\/actualites\/cette-tasse-intelligente-ember-me-garde-cafeinee-et-elle-est-a-27-de-reduction-apres-le-cyber-monday\/#primaryimage"},"thumbnailUrl":"https:\/\/vieassociative.be\/actualites\/wp-content\/uploads\/2024\/12\/1733275025_Cette-tasse-intelligente-Ember-me-garde-cafeinee-et-elle-est.png","datePublished":"2024-12-04T01:17:05+00:00","dateModified":"2024-12-04T01:17:05+00:00","breadcrumb":{"@id":"https:\/\/vieassociative.be\/actualites\/cette-tasse-intelligente-ember-me-garde-cafeinee-et-elle-est-a-27-de-reduction-apres-le-cyber-monday\/#breadcrumb"},"inLanguage":"fr-BE","potentialAction":[{"@type":"ReadAction","target":["https:\/\/vieassociative.be\/actualites\/cette-tasse-intelligente-ember-me-garde-cafeinee-et-elle-est-a-27-de-reduction-apres-le-cyber-monday\/"]}]},{"@type":"ImageObject","inLanguage":"fr-BE","@id":"https:\/\/vieassociative.be\/actualites\/cette-tasse-intelligente-ember-me-garde-cafeinee-et-elle-est-a-27-de-reduction-apres-le-cyber-monday\/#primaryimage","url":"https:\/\/vieassociative.be\/actualites\/wp-content\/uploads\/2024\/12\/1733275025_Cette-tasse-intelligente-Ember-me-garde-cafeinee-et-elle-est.png","contentUrl":"https:\/\/vieassociative.be\/actualites\/wp-content\/uploads\/2024\/12\/1733275025_Cette-tasse-intelligente-Ember-me-garde-cafeinee-et-elle-est.png","width":1200,"height":675,"caption":"Cette tasse intelligente Ember me garde caf\u00e9in\u00e9e et elle est \u00e0 27 % de r\u00e9duction apr\u00e8s le Cyber \u200b\u200b\u200b\u200bMonday"},{"@type":"BreadcrumbList","@id":"https:\/\/vieassociative.be\/actualites\/cette-tasse-intelligente-ember-me-garde-cafeinee-et-elle-est-a-27-de-reduction-apres-le-cyber-monday\/#breadcrumb","itemListElement":[{"@type":"ListItem","position":1,"name":"Accueil","item":"https:\/\/vieassociative.be\/actualites\/"},{"@type":"ListItem","position":2,"name":"Cette tasse intelligente Ember me garde caf\u00e9in\u00e9e et elle est \u00e0 27 % de r\u00e9duction apr\u00e8s le Cyber \u200b\u200b\u200b\u200bMonday"}]},{"@type":"WebSite","@id":"https:\/\/vieassociative.be\/actualites\/#website","url":"https:\/\/vieassociative.be\/actualites\/","name":"Vie Associative","description":"","publisher":{"@id":"https:\/\/vieassociative.be\/actualites\/#organization"},"potentialAction":[{"@type":"SearchAction","target":{"@type":"EntryPoint","urlTemplate":"https:\/\/vieassociative.be\/actualites\/?s={search_term_string}"},"query-input":{"@type":"PropertyValueSpecification","valueRequired":true,"valueName":"search_term_string"}}],"inLanguage":"fr-BE"},{"@type":"Organization","@id":"https:\/\/vieassociative.be\/actualites\/#organization","name":"Vie Associative","url":"https:\/\/vieassociative.be\/actualites\/","logo":{"@type":"ImageObject","inLanguage":"fr-BE","@id":"https:\/\/vieassociative.be\/actualites\/#\/schema\/logo\/image\/","url":"https:\/\/vieassociative.be\/actualites\/wp-content\/uploads\/2024\/09\/cropped-vieassociative_favicon.ico.png","contentUrl":"https:\/\/vieassociative.be\/actualites\/wp-content\/uploads\/2024\/09\/cropped-vieassociative_favicon.ico.png","width":512,"height":512,"caption":"Vie Associative"},"image":{"@id":"https:\/\/vieassociative.be\/actualites\/#\/schema\/logo\/image\/"}},{"@type":"Person","@id":"https:\/\/vieassociative.be\/actualites\/#\/schema\/person\/b87ac4f82f9d4e7b7cec7395b679edc4","name":"Julien","image":{"@type":"ImageObject","inLanguage":"fr-BE","@id":"https:\/\/vieassociative.be\/actualites\/#\/schema\/person\/image\/","url":"https:\/\/vieassociative.be\/actualites\/wp-content\/uploads\/2024\/09\/vie-associative-1-150x150.jpg","contentUrl":"https:\/\/vieassociative.be\/actualites\/wp-content\/uploads\/2024\/09\/vie-associative-1-150x150.jpg","caption":"Julien"},"description":"Je suis Julien, r\u00e9dacteur pour Vie Associative. Passionn\u00e9 par le monde associatif depuis plus de 10 ans, j'ai \u00e0 c\u0153ur de partager des histoires inspirantes et de mettre en lumi\u00e8re les initiatives locales. Mon objectif est de sensibiliser et d'encourager l'engagement communautaire \u00e0 travers mes articles.","sameAs":["https:\/\/vieassociative.be\/"]}]}},"_links":{"self":[{"href":"https:\/\/vieassociative.be\/actualites\/wp-json\/wp\/v2\/posts\/3040"}],"collection":[{"href":"https:\/\/vieassociative.be\/actualites\/wp-json\/wp\/v2\/posts"}],"about":[{"href":"https:\/\/vieassociative.be\/actualites\/wp-json\/wp\/v2\/types\/post"}],"author":[{"embeddable":true,"href":"https:\/\/vieassociative.be\/actualites\/wp-json\/wp\/v2\/users\/1"}],"replies":[{"embeddable":true,"href":"https:\/\/vieassociative.be\/actualites\/wp-json\/wp\/v2\/comments?post=3040"}],"version-history":[{"count":0,"href":"https:\/\/vieassociative.be\/actualites\/wp-json\/wp\/v2\/posts\/3040\/revisions"}],"wp:featuredmedia":[{"embeddable":true,"href":"https:\/\/vieassociative.be\/actualites\/wp-json\/wp\/v2\/media\/3041"}],"wp:attachment":[{"href":"https:\/\/vieassociative.be\/actualites\/wp-json\/wp\/v2\/media?parent=3040"}],"wp:term":[{"taxonomy":"category","embeddable":true,"href":"https:\/\/vieassociative.be\/actualites\/wp-json\/wp\/v2\/categories?post=3040"},{"taxonomy":"post_tag","embeddable":true,"href":"https:\/\/vieassociative.be\/actualites\/wp-json\/wp\/v2\/tags?post=3040"}],"curies":[{"name":"wp","href":"https:\/\/api.w.org\/{rel}","templated":true}]}}