{"id":3036,"date":"2024-12-04T00:16:58","date_gmt":"2024-12-03T23:16:58","guid":{"rendered":"https:\/\/vieassociative.be\/actualites\/des-moyens-moins-couteux-demmener-vos-enfants-au-cinema-cet-ete\/"},"modified":"2024-12-04T00:16:58","modified_gmt":"2024-12-03T23:16:58","slug":"des-moyens-moins-couteux-demmener-vos-enfants-au-cinema-cet-ete","status":"publish","type":"post","link":"https:\/\/vieassociative.be\/actualites\/des-moyens-moins-couteux-demmener-vos-enfants-au-cinema-cet-ete\/","title":{"rendered":"Des moyens moins co\u00fbteux d\u2019emmener vos enfants au cin\u00e9ma cet \u00e9t\u00e9"},"content":{"rendered":"<div class=\"mt-4 leading-6 md:mb-8\">Les matin\u00e9es de cin\u00e9ma sont un endroit id\u00e9al pour faire une sieste aux parents press\u00e9s. Voici comment proc\u00e9der \u00e0 moindre co\u00fbt.<\/div>\n<p><\/p>\n<p>C&rsquo;est presque l&rsquo;\u00e9t\u00e9, et pour les parents, cela ne signifie qu&rsquo;une chose : le yachting ! Attendez non, je veux dire trouver quelque chose pour occuper votre prog\u00e9niture jusqu&rsquo;\u00e0 ce jour b\u00e9ni o\u00f9 l&rsquo;\u00e9cole reprendra. Et il n&rsquo;y a rien de mieux pour tuer le temps \u2013 attendez, je veux dire offrir une exp\u00e9rience de divertissement \u00e9ducatif enrichissante \u2013 qu&rsquo;une matin\u00e9e cin\u00e9ma en milieu de semaine. Ou comme j\u2019aime les appeler, des \u00ab opportunit\u00e9s de sieste climatis\u00e9es \u00bb.<\/p>\n<p>\u00ab\u00a0Mais je ne suis pas un bazillionaire, Stephen\u00a0\u00bb, je suis s\u00fbr que vous dites : \u00ab\u00a0Comment pourrais-je me permettre d&#8217;emmener mon enfant au cin\u00e9ma plusieurs fois au cours d&rsquo;une m\u00eame saison ?\u00a0\u00bb Je suis content que tu aies demand\u00e9. Si vous le faites correctement, emmener vos enfants au cin\u00e9ma peut \u00eatre \u00e9tonnamment peu co\u00fbteux. Les propri\u00e9taires de cin\u00e9ma de tout le pays ont reconnu le besoin des parents de garder leurs enfants \u00e0 l&rsquo;abri du soleil et ont propos\u00e9 de nombreuses offres bon march\u00e9 sp\u00e9cialement con\u00e7ues pour vous. Voici comment emmener vos enfants au cin\u00e9ma cet \u00e9t\u00e9 \u00e0 moindre co\u00fbt.<\/p>\n<h2 id=\"support-your-local-theater-or-regional-theater-chain\"><strong>Soutenez votre th\u00e9\u00e2tre local (ou cha\u00eene de th\u00e9\u00e2tre r\u00e9gionale)<\/strong><\/h2>\n<p>Si vous avez la chance d&rsquo;habiter \u00e0 proximit\u00e9 d&rsquo;une salle de cin\u00e9ma ind\u00e9pendante, commencez par l\u00e0 : c&rsquo;est bien de soutenir les cin\u00e9mas n&rsquo;appartenant pas \u00e0 une cha\u00eene. Acc\u00e9dez \u00e0 leur site Web et recherchez des offres de matin\u00e9es d&rsquo;\u00e9t\u00e9 ou des clubs de cin\u00e9ma pour enfants pour voir ce qui est propos\u00e9.<\/p>\n<p>Si vos besoins en mati\u00e8re de cin\u00e9ma sont satisfaits par une cha\u00eene plus petite, celle-ci pourrait proposer de meilleures offres que les trois plus grands exploitants de salles r\u00e9pertori\u00e9s ci-dessous. Par exemple, si vous habitez dans le sud-ouest, vous pourriez \u00eatre \u00e0 proximit\u00e9 d&rsquo;un th\u00e9\u00e2tre Harkins, o\u00f9 vous pourrez voir un film familial diff\u00e9rent chaque semaine tout l&rsquo;\u00e9t\u00e9 pour seulement 1\u00a0$ le billet.<\/p>\n<h2 id=\"how-to-see-cheap-movies-at-cinemark-theaters\"><strong>Comment voir des films bon march\u00e9 dans les cin\u00e9mas Cinemark<\/strong><\/h2>\n<p>La cha\u00eene nationale Cinemark&rsquo;s Summer Movie Clubhouse offre des billets \u00e0 2 $ pour des films pour enfants l\u00e9g\u00e8rement poussi\u00e9reux comme <em>Scoob!, Chante 2<\/em>et <em>Tom et Jerry<\/em> pendant huit semaines cet \u00e9t\u00e9, \u00e0 partir du 15 juin. Il y a m\u00eame un rabais de 1 $ sur les packs de collations pour enfants ou sur un combo pop-corn et boissons, pour les parents qui h\u00e9sitent \u00e0 emporter leur propre nourriture au th\u00e9\u00e2tre. <\/p>\n<h2 id=\"how-to-see-cheap-movies-at-regal-theaters\"><strong>Comment voir des films bon march\u00e9 dans les cin\u00e9mas Regal<\/strong><\/h2>\n<p>La cha\u00eene de cin\u00e9ma Regal poss\u00e8de des \u00e9crans partout aux \u00c9tats-Unis et propose des offres int\u00e9ressantes sur les films pour enfants pour l&rsquo;\u00e9t\u00e9. \u00c0 partir de juin, Summer Movie Express proposera des billets \u00e0 2 $ pour un large \u00e9ventail de films familiaux plus anciens tous les mardis et mercredis. Alors si vous avez rat\u00e9 <em>Le film Lego<\/em> ou <em>Madagascar<\/em>voici votre chance. Consultez votre th\u00e9\u00e2tre local pour conna\u00eetre les horaires et les horaires. <\/p>\n<h2 id=\"how-to-see-cheap-movies-at-amc-theaters\"><strong>Comment voir des films bon march\u00e9 dans les cin\u00e9mas AMC<\/strong><\/h2>\n<p>AMC, la plus grande cha\u00eene de cin\u00e9ma aux \u00c9tats-Unis, ne propose pas sp\u00e9cifiquement d&rsquo;offres de matin\u00e9es pour enfants, mais la promotion \u00ab Fan Faves \u00bb de la soci\u00e9t\u00e9 permet \u00e0 quiconque d&rsquo;acheter chaque jour un billet de cinq dollars hors taxes pour un film en deuxi\u00e8me diffusion. \u00c0 l&rsquo;heure actuelle, le site Web d&rsquo;AMC indique que vous pouvez voir <em>Inexplor\u00e9<\/em> et <em>Chanter 2<\/em> pour le prix avantageux, mais v\u00e9rifiez les listes de votre cin\u00e9ma AMC local pour conna\u00eetre les horaires des s\u00e9ances.<\/p>\n<p>Vous pouvez \u00e9galement rejoindre le programme de fid\u00e9lit\u00e9 d&rsquo;AMC, Stubs, et obtenir un billet \u00e0 prix r\u00e9duit pour presque n&rsquo;importe quel film tous les mardis. \u00catre membre de bas niveau de Stubs est gratuit, mais le montant de votre r\u00e9duction varie en fonction de votre cin\u00e9ma local, ce n&rsquo;est donc peut-\u00eatre pas particuli\u00e8rement avantageux. <em>profond<\/em> rabais. <\/p>\n<h2 id=\"bring-your-own-food-and-drinks-into-all-movies\"><strong>Apportez votre propre nourriture et vos boissons dans tous les films<\/strong><\/h2>\n<p>Si vous \u00eates parent, vous devez absolument apporter votre propre nourriture et vos propres boissons dans chaque film o\u00f9 vous emmenez vos enfants, que ce soit pour les emp\u00eacher de manger de la malbouffe ou par mesure de r\u00e9duction des co\u00fbts, car le prix du pop-corn compensera certainement toute \u00e9conomie. vous pourriez r\u00e9aliser gr\u00e2ce \u00e0 un billet \u00e0 prix r\u00e9duit. Certaines cha\u00eenes de cin\u00e9ma n&rsquo;ont pas de r\u00e8gles interdisant d&rsquo;apporter votre propre nourriture, mais m\u00eame si la v\u00f4tre le fait, le jeune de 17 ans qui s&rsquo;ennuie et qui prend des billets ne vous demandera pas d&rsquo;ouvrir votre sac \u00e0 couches pour v\u00e9rifier s&rsquo;il y a de la contrebande, je le promets.<\/p>\n<p><\/p>\n","protected":false},"excerpt":{"rendered":"<p>Les matin\u00e9es de cin\u00e9ma sont un endroit id\u00e9al pour faire une sieste aux parents press\u00e9s. Voici comment proc\u00e9der \u00e0 moindre co\u00fbt. C&rsquo;est presque l&rsquo;\u00e9t\u00e9, et<\/p>\n","protected":false},"author":1,"featured_media":3037,"comment_status":"","ping_status":"","sticky":false,"template":"","format":"standard","meta":{"footnotes":""},"categories":[37],"tags":[216,98,3750,3751,29,324,217,469,1814,27],"class_list":["post-3036","post","type-post","status-publish","format-standard","has-post-thumbnail","hentry","category-famille","tag-cet","tag-cinema","tag-couteux","tag-demmener","tag-des","tag-enfants","tag-ete","tag-moins","tag-moyens","tag-vos","generate-columns","tablet-grid-50","mobile-grid-100","grid-parent","grid-33"],"yoast_head":"<!-- This site is optimized with the Yoast SEO plugin v24.0 - https:\/\/yoast.com\/wordpress\/plugins\/seo\/ -->\n<title>Des moyens moins co\u00fbteux d\u2019emmener vos enfants au cin\u00e9ma cet \u00e9t\u00e9 | Vie Associative<\/title>\n<meta name=\"robots\" content=\"index, follow, max-snippet:-1, max-image-preview:large, max-video-preview:-1\" \/>\n<link rel=\"canonical\" href=\"https:\/\/vieassociative.be\/actualites\/des-moyens-moins-couteux-demmener-vos-enfants-au-cinema-cet-ete\/\" \/>\n<meta property=\"og:locale\" content=\"fr_FR\" \/>\n<meta property=\"og:type\" content=\"article\" \/>\n<meta property=\"og:title\" content=\"Des moyens moins co\u00fbteux d\u2019emmener vos enfants au cin\u00e9ma cet \u00e9t\u00e9 | Vie Associative\" \/>\n<meta property=\"og:description\" content=\"Les matin\u00e9es de cin\u00e9ma sont un endroit id\u00e9al pour faire une sieste aux parents press\u00e9s. Voici comment proc\u00e9der \u00e0 moindre co\u00fbt. C&rsquo;est presque l&rsquo;\u00e9t\u00e9, et\" \/>\n<meta property=\"og:url\" content=\"https:\/\/vieassociative.be\/actualites\/des-moyens-moins-couteux-demmener-vos-enfants-au-cinema-cet-ete\/\" \/>\n<meta property=\"og:site_name\" content=\"Vie Associative\" \/>\n<meta property=\"article:published_time\" content=\"2024-12-03T23:16:58+00:00\" \/>\n<meta property=\"og:image\" content=\"https:\/\/vieassociative.be\/actualites\/wp-content\/uploads\/2024\/09\/header_backgroundk-01-e1726694325946.png\" \/>\n\t<meta property=\"og:image:width\" content=\"279\" \/>\n\t<meta property=\"og:image:height\" content=\"92\" \/>\n\t<meta property=\"og:image:type\" content=\"image\/png\" \/>\n<meta name=\"author\" content=\"Julien\" \/>\n<meta name=\"twitter:card\" content=\"summary_large_image\" \/>\n<meta name=\"twitter:label1\" content=\"\u00c9crit par\" \/>\n\t<meta name=\"twitter:data1\" content=\"Julien\" \/>\n\t<meta name=\"twitter:label2\" content=\"Dur\u00e9e de lecture est.\" \/>\n\t<meta name=\"twitter:data2\" content=\"4 minutes\" \/>\n<script type=\"application\/ld+json\" class=\"yoast-schema-graph\">{\"@context\":\"https:\/\/schema.org\",\"@graph\":[{\"@type\":\"Article\",\"@id\":\"https:\/\/vieassociative.be\/actualites\/des-moyens-moins-couteux-demmener-vos-enfants-au-cinema-cet-ete\/#article\",\"isPartOf\":{\"@id\":\"https:\/\/vieassociative.be\/actualites\/des-moyens-moins-couteux-demmener-vos-enfants-au-cinema-cet-ete\/\"},\"author\":{\"name\":\"Julien\",\"@id\":\"https:\/\/vieassociative.be\/actualites\/#\/schema\/person\/b87ac4f82f9d4e7b7cec7395b679edc4\"},\"headline\":\"Des moyens moins co\u00fbteux d\u2019emmener vos enfants au cin\u00e9ma cet \u00e9t\u00e9\",\"datePublished\":\"2024-12-03T23:16:58+00:00\",\"dateModified\":\"2024-12-03T23:16:58+00:00\",\"mainEntityOfPage\":{\"@id\":\"https:\/\/vieassociative.be\/actualites\/des-moyens-moins-couteux-demmener-vos-enfants-au-cinema-cet-ete\/\"},\"wordCount\":852,\"publisher\":{\"@id\":\"https:\/\/vieassociative.be\/actualites\/#organization\"},\"image\":{\"@id\":\"https:\/\/vieassociative.be\/actualites\/des-moyens-moins-couteux-demmener-vos-enfants-au-cinema-cet-ete\/#primaryimage\"},\"thumbnailUrl\":\"https:\/\/vieassociative.be\/actualites\/wp-content\/uploads\/2024\/12\/Des-moyens-moins-couteux-demmener-vos-enfants-au-cinema-cet.jpg\",\"keywords\":[\"cet\",\"cin\u00e9ma\",\"co\u00fbteux\",\"demmener\",\"Des\",\"enfants\",\"\u00e9t\u00e9\",\"moins\",\"moyens\",\"vos\"],\"articleSection\":[\"Famille\"],\"inLanguage\":\"fr-BE\"},{\"@type\":\"WebPage\",\"@id\":\"https:\/\/vieassociative.be\/actualites\/des-moyens-moins-couteux-demmener-vos-enfants-au-cinema-cet-ete\/\",\"url\":\"https:\/\/vieassociative.be\/actualites\/des-moyens-moins-couteux-demmener-vos-enfants-au-cinema-cet-ete\/\",\"name\":\"Des moyens moins co\u00fbteux d\u2019emmener vos enfants au cin\u00e9ma cet \u00e9t\u00e9 | Vie Associative\",\"isPartOf\":{\"@id\":\"https:\/\/vieassociative.be\/actualites\/#website\"},\"primaryImageOfPage\":{\"@id\":\"https:\/\/vieassociative.be\/actualites\/des-moyens-moins-couteux-demmener-vos-enfants-au-cinema-cet-ete\/#primaryimage\"},\"image\":{\"@id\":\"https:\/\/vieassociative.be\/actualites\/des-moyens-moins-couteux-demmener-vos-enfants-au-cinema-cet-ete\/#primaryimage\"},\"thumbnailUrl\":\"https:\/\/vieassociative.be\/actualites\/wp-content\/uploads\/2024\/12\/Des-moyens-moins-couteux-demmener-vos-enfants-au-cinema-cet.jpg\",\"datePublished\":\"2024-12-03T23:16:58+00:00\",\"dateModified\":\"2024-12-03T23:16:58+00:00\",\"breadcrumb\":{\"@id\":\"https:\/\/vieassociative.be\/actualites\/des-moyens-moins-couteux-demmener-vos-enfants-au-cinema-cet-ete\/#breadcrumb\"},\"inLanguage\":\"fr-BE\",\"potentialAction\":[{\"@type\":\"ReadAction\",\"target\":[\"https:\/\/vieassociative.be\/actualites\/des-moyens-moins-couteux-demmener-vos-enfants-au-cinema-cet-ete\/\"]}]},{\"@type\":\"ImageObject\",\"inLanguage\":\"fr-BE\",\"@id\":\"https:\/\/vieassociative.be\/actualites\/des-moyens-moins-couteux-demmener-vos-enfants-au-cinema-cet-ete\/#primaryimage\",\"url\":\"https:\/\/vieassociative.be\/actualites\/wp-content\/uploads\/2024\/12\/Des-moyens-moins-couteux-demmener-vos-enfants-au-cinema-cet.jpg\",\"contentUrl\":\"https:\/\/vieassociative.be\/actualites\/wp-content\/uploads\/2024\/12\/Des-moyens-moins-couteux-demmener-vos-enfants-au-cinema-cet.jpg\",\"width\":1200,\"height\":675,\"caption\":\"Des moyens moins co\u00fbteux d\u2019emmener vos enfants au cin\u00e9ma cet \u00e9t\u00e9\"},{\"@type\":\"BreadcrumbList\",\"@id\":\"https:\/\/vieassociative.be\/actualites\/des-moyens-moins-couteux-demmener-vos-enfants-au-cinema-cet-ete\/#breadcrumb\",\"itemListElement\":[{\"@type\":\"ListItem\",\"position\":1,\"name\":\"Accueil\",\"item\":\"https:\/\/vieassociative.be\/actualites\/\"},{\"@type\":\"ListItem\",\"position\":2,\"name\":\"Des moyens moins co\u00fbteux d\u2019emmener vos enfants au cin\u00e9ma cet \u00e9t\u00e9\"}]},{\"@type\":\"WebSite\",\"@id\":\"https:\/\/vieassociative.be\/actualites\/#website\",\"url\":\"https:\/\/vieassociative.be\/actualites\/\",\"name\":\"Vie Associative\",\"description\":\"\",\"publisher\":{\"@id\":\"https:\/\/vieassociative.be\/actualites\/#organization\"},\"potentialAction\":[{\"@type\":\"SearchAction\",\"target\":{\"@type\":\"EntryPoint\",\"urlTemplate\":\"https:\/\/vieassociative.be\/actualites\/?s={search_term_string}\"},\"query-input\":{\"@type\":\"PropertyValueSpecification\",\"valueRequired\":true,\"valueName\":\"search_term_string\"}}],\"inLanguage\":\"fr-BE\"},{\"@type\":\"Organization\",\"@id\":\"https:\/\/vieassociative.be\/actualites\/#organization\",\"name\":\"Vie Associative\",\"url\":\"https:\/\/vieassociative.be\/actualites\/\",\"logo\":{\"@type\":\"ImageObject\",\"inLanguage\":\"fr-BE\",\"@id\":\"https:\/\/vieassociative.be\/actualites\/#\/schema\/logo\/image\/\",\"url\":\"https:\/\/vieassociative.be\/actualites\/wp-content\/uploads\/2024\/09\/cropped-vieassociative_favicon.ico.png\",\"contentUrl\":\"https:\/\/vieassociative.be\/actualites\/wp-content\/uploads\/2024\/09\/cropped-vieassociative_favicon.ico.png\",\"width\":512,\"height\":512,\"caption\":\"Vie Associative\"},\"image\":{\"@id\":\"https:\/\/vieassociative.be\/actualites\/#\/schema\/logo\/image\/\"}},{\"@type\":\"Person\",\"@id\":\"https:\/\/vieassociative.be\/actualites\/#\/schema\/person\/b87ac4f82f9d4e7b7cec7395b679edc4\",\"name\":\"Julien\",\"image\":{\"@type\":\"ImageObject\",\"inLanguage\":\"fr-BE\",\"@id\":\"https:\/\/vieassociative.be\/actualites\/#\/schema\/person\/image\/\",\"url\":\"https:\/\/vieassociative.be\/actualites\/wp-content\/uploads\/2024\/09\/vie-associative-1-150x150.jpg\",\"contentUrl\":\"https:\/\/vieassociative.be\/actualites\/wp-content\/uploads\/2024\/09\/vie-associative-1-150x150.jpg\",\"caption\":\"Julien\"},\"description\":\"Je suis Julien, r\u00e9dacteur pour Vie Associative. Passionn\u00e9 par le monde associatif depuis plus de 10 ans, j'ai \u00e0 c\u0153ur de partager des histoires inspirantes et de mettre en lumi\u00e8re les initiatives locales. Mon objectif est de sensibiliser et d'encourager l'engagement communautaire \u00e0 travers mes articles.\",\"sameAs\":[\"https:\/\/vieassociative.be\/\"]}]}<\/script>\n<!-- \/ Yoast SEO plugin. -->","yoast_head_json":{"title":"Des moyens moins co\u00fbteux d\u2019emmener vos enfants au cin\u00e9ma cet \u00e9t\u00e9 | Vie Associative","robots":{"index":"index","follow":"follow","max-snippet":"max-snippet:-1","max-image-preview":"max-image-preview:large","max-video-preview":"max-video-preview:-1"},"canonical":"https:\/\/vieassociative.be\/actualites\/des-moyens-moins-couteux-demmener-vos-enfants-au-cinema-cet-ete\/","og_locale":"fr_FR","og_type":"article","og_title":"Des moyens moins co\u00fbteux d\u2019emmener vos enfants au cin\u00e9ma cet \u00e9t\u00e9 | Vie Associative","og_description":"Les matin\u00e9es de cin\u00e9ma sont un endroit id\u00e9al pour faire une sieste aux parents press\u00e9s. Voici comment proc\u00e9der \u00e0 moindre co\u00fbt. C&rsquo;est presque l&rsquo;\u00e9t\u00e9, et","og_url":"https:\/\/vieassociative.be\/actualites\/des-moyens-moins-couteux-demmener-vos-enfants-au-cinema-cet-ete\/","og_site_name":"Vie Associative","article_published_time":"2024-12-03T23:16:58+00:00","og_image":[{"width":279,"height":92,"url":"https:\/\/vieassociative.be\/actualites\/wp-content\/uploads\/2024\/09\/header_backgroundk-01-e1726694325946.png","type":"image\/png"}],"author":"Julien","twitter_card":"summary_large_image","twitter_misc":{"\u00c9crit par":"Julien","Dur\u00e9e de lecture est.":"4 minutes"},"schema":{"@context":"https:\/\/schema.org","@graph":[{"@type":"Article","@id":"https:\/\/vieassociative.be\/actualites\/des-moyens-moins-couteux-demmener-vos-enfants-au-cinema-cet-ete\/#article","isPartOf":{"@id":"https:\/\/vieassociative.be\/actualites\/des-moyens-moins-couteux-demmener-vos-enfants-au-cinema-cet-ete\/"},"author":{"name":"Julien","@id":"https:\/\/vieassociative.be\/actualites\/#\/schema\/person\/b87ac4f82f9d4e7b7cec7395b679edc4"},"headline":"Des moyens moins co\u00fbteux d\u2019emmener vos enfants au cin\u00e9ma cet \u00e9t\u00e9","datePublished":"2024-12-03T23:16:58+00:00","dateModified":"2024-12-03T23:16:58+00:00","mainEntityOfPage":{"@id":"https:\/\/vieassociative.be\/actualites\/des-moyens-moins-couteux-demmener-vos-enfants-au-cinema-cet-ete\/"},"wordCount":852,"publisher":{"@id":"https:\/\/vieassociative.be\/actualites\/#organization"},"image":{"@id":"https:\/\/vieassociative.be\/actualites\/des-moyens-moins-couteux-demmener-vos-enfants-au-cinema-cet-ete\/#primaryimage"},"thumbnailUrl":"https:\/\/vieassociative.be\/actualites\/wp-content\/uploads\/2024\/12\/Des-moyens-moins-couteux-demmener-vos-enfants-au-cinema-cet.jpg","keywords":["cet","cin\u00e9ma","co\u00fbteux","demmener","Des","enfants","\u00e9t\u00e9","moins","moyens","vos"],"articleSection":["Famille"],"inLanguage":"fr-BE"},{"@type":"WebPage","@id":"https:\/\/vieassociative.be\/actualites\/des-moyens-moins-couteux-demmener-vos-enfants-au-cinema-cet-ete\/","url":"https:\/\/vieassociative.be\/actualites\/des-moyens-moins-couteux-demmener-vos-enfants-au-cinema-cet-ete\/","name":"Des moyens moins co\u00fbteux d\u2019emmener vos enfants au cin\u00e9ma cet \u00e9t\u00e9 | Vie Associative","isPartOf":{"@id":"https:\/\/vieassociative.be\/actualites\/#website"},"primaryImageOfPage":{"@id":"https:\/\/vieassociative.be\/actualites\/des-moyens-moins-couteux-demmener-vos-enfants-au-cinema-cet-ete\/#primaryimage"},"image":{"@id":"https:\/\/vieassociative.be\/actualites\/des-moyens-moins-couteux-demmener-vos-enfants-au-cinema-cet-ete\/#primaryimage"},"thumbnailUrl":"https:\/\/vieassociative.be\/actualites\/wp-content\/uploads\/2024\/12\/Des-moyens-moins-couteux-demmener-vos-enfants-au-cinema-cet.jpg","datePublished":"2024-12-03T23:16:58+00:00","dateModified":"2024-12-03T23:16:58+00:00","breadcrumb":{"@id":"https:\/\/vieassociative.be\/actualites\/des-moyens-moins-couteux-demmener-vos-enfants-au-cinema-cet-ete\/#breadcrumb"},"inLanguage":"fr-BE","potentialAction":[{"@type":"ReadAction","target":["https:\/\/vieassociative.be\/actualites\/des-moyens-moins-couteux-demmener-vos-enfants-au-cinema-cet-ete\/"]}]},{"@type":"ImageObject","inLanguage":"fr-BE","@id":"https:\/\/vieassociative.be\/actualites\/des-moyens-moins-couteux-demmener-vos-enfants-au-cinema-cet-ete\/#primaryimage","url":"https:\/\/vieassociative.be\/actualites\/wp-content\/uploads\/2024\/12\/Des-moyens-moins-couteux-demmener-vos-enfants-au-cinema-cet.jpg","contentUrl":"https:\/\/vieassociative.be\/actualites\/wp-content\/uploads\/2024\/12\/Des-moyens-moins-couteux-demmener-vos-enfants-au-cinema-cet.jpg","width":1200,"height":675,"caption":"Des moyens moins co\u00fbteux d\u2019emmener vos enfants au cin\u00e9ma cet \u00e9t\u00e9"},{"@type":"BreadcrumbList","@id":"https:\/\/vieassociative.be\/actualites\/des-moyens-moins-couteux-demmener-vos-enfants-au-cinema-cet-ete\/#breadcrumb","itemListElement":[{"@type":"ListItem","position":1,"name":"Accueil","item":"https:\/\/vieassociative.be\/actualites\/"},{"@type":"ListItem","position":2,"name":"Des moyens moins co\u00fbteux d\u2019emmener vos enfants au cin\u00e9ma cet \u00e9t\u00e9"}]},{"@type":"WebSite","@id":"https:\/\/vieassociative.be\/actualites\/#website","url":"https:\/\/vieassociative.be\/actualites\/","name":"Vie Associative","description":"","publisher":{"@id":"https:\/\/vieassociative.be\/actualites\/#organization"},"potentialAction":[{"@type":"SearchAction","target":{"@type":"EntryPoint","urlTemplate":"https:\/\/vieassociative.be\/actualites\/?s={search_term_string}"},"query-input":{"@type":"PropertyValueSpecification","valueRequired":true,"valueName":"search_term_string"}}],"inLanguage":"fr-BE"},{"@type":"Organization","@id":"https:\/\/vieassociative.be\/actualites\/#organization","name":"Vie Associative","url":"https:\/\/vieassociative.be\/actualites\/","logo":{"@type":"ImageObject","inLanguage":"fr-BE","@id":"https:\/\/vieassociative.be\/actualites\/#\/schema\/logo\/image\/","url":"https:\/\/vieassociative.be\/actualites\/wp-content\/uploads\/2024\/09\/cropped-vieassociative_favicon.ico.png","contentUrl":"https:\/\/vieassociative.be\/actualites\/wp-content\/uploads\/2024\/09\/cropped-vieassociative_favicon.ico.png","width":512,"height":512,"caption":"Vie Associative"},"image":{"@id":"https:\/\/vieassociative.be\/actualites\/#\/schema\/logo\/image\/"}},{"@type":"Person","@id":"https:\/\/vieassociative.be\/actualites\/#\/schema\/person\/b87ac4f82f9d4e7b7cec7395b679edc4","name":"Julien","image":{"@type":"ImageObject","inLanguage":"fr-BE","@id":"https:\/\/vieassociative.be\/actualites\/#\/schema\/person\/image\/","url":"https:\/\/vieassociative.be\/actualites\/wp-content\/uploads\/2024\/09\/vie-associative-1-150x150.jpg","contentUrl":"https:\/\/vieassociative.be\/actualites\/wp-content\/uploads\/2024\/09\/vie-associative-1-150x150.jpg","caption":"Julien"},"description":"Je suis Julien, r\u00e9dacteur pour Vie Associative. Passionn\u00e9 par le monde associatif depuis plus de 10 ans, j'ai \u00e0 c\u0153ur de partager des histoires inspirantes et de mettre en lumi\u00e8re les initiatives locales. Mon objectif est de sensibiliser et d'encourager l'engagement communautaire \u00e0 travers mes articles.","sameAs":["https:\/\/vieassociative.be\/"]}]}},"_links":{"self":[{"href":"https:\/\/vieassociative.be\/actualites\/wp-json\/wp\/v2\/posts\/3036"}],"collection":[{"href":"https:\/\/vieassociative.be\/actualites\/wp-json\/wp\/v2\/posts"}],"about":[{"href":"https:\/\/vieassociative.be\/actualites\/wp-json\/wp\/v2\/types\/post"}],"author":[{"embeddable":true,"href":"https:\/\/vieassociative.be\/actualites\/wp-json\/wp\/v2\/users\/1"}],"replies":[{"embeddable":true,"href":"https:\/\/vieassociative.be\/actualites\/wp-json\/wp\/v2\/comments?post=3036"}],"version-history":[{"count":0,"href":"https:\/\/vieassociative.be\/actualites\/wp-json\/wp\/v2\/posts\/3036\/revisions"}],"wp:featuredmedia":[{"embeddable":true,"href":"https:\/\/vieassociative.be\/actualites\/wp-json\/wp\/v2\/media\/3037"}],"wp:attachment":[{"href":"https:\/\/vieassociative.be\/actualites\/wp-json\/wp\/v2\/media?parent=3036"}],"wp:term":[{"taxonomy":"category","embeddable":true,"href":"https:\/\/vieassociative.be\/actualites\/wp-json\/wp\/v2\/categories?post=3036"},{"taxonomy":"post_tag","embeddable":true,"href":"https:\/\/vieassociative.be\/actualites\/wp-json\/wp\/v2\/tags?post=3036"}],"curies":[{"name":"wp","href":"https:\/\/api.w.org\/{rel}","templated":true}]}}