{"id":3026,"date":"2024-12-03T21:18:05","date_gmt":"2024-12-03T20:18:05","guid":{"rendered":"https:\/\/vieassociative.be\/actualites\/radstar-evenepoel-sest-fracture-des-os-apres-une-chute\/"},"modified":"2024-12-03T21:18:05","modified_gmt":"2024-12-03T20:18:05","slug":"radstar-evenepoel-sest-fracture-des-os-apres-une-chute","status":"publish","type":"post","link":"https:\/\/vieassociative.be\/actualites\/radstar-evenepoel-sest-fracture-des-os-apres-une-chute\/","title":{"rendered":"Radstar Evenepoel s&rsquo;est fractur\u00e9 des os apr\u00e8s une chute"},"content":{"rendered":"<p><strong>Le double champion olympique Remco Evenepoel est brusquement arr\u00eat\u00e9 pendant l&rsquo;entra\u00eenement. Il semblerait que la porti\u00e8re de la voiture qui s&rsquo;ouvrait ait provoqu\u00e9 la chute du cycliste belge.<\/strong><\/p>\n<p><span id=\"more-403193\"><\/span>Remco Evenepoel, double champion olympique belge, a subi plusieurs fractures lors d&rsquo;un accident \u00e0 l&rsquo;entra\u00eenement. Son \u00e9quipe cycliste Soudal-Quick Step l&rsquo;a annonc\u00e9 apr\u00e8s un examen \u00e0 l&rsquo;h\u00f4pital. Ainsi, le cycliste professionnel de 24 ans a subi des fractures \u00e0 la c\u00f4te, \u00e0 l&rsquo;omoplate droite et \u00e0 la main droite lors de son accident.<\/p>\n<div id=\"attachment_258342\" class=\"wp-caption alignleft\" style=\"max-width: 300px\"><img fetchpriority=\"high\" decoding=\"async\" class=\"wp-image-258342 size-medium\" src=\"https:\/\/vieassociative.be\/actualites\/wp-content\/uploads\/2024\/12\/Radstar-Evenepoel-sest-fracture-des-os-apres-une-chute.jpeg\" alt=\"\" width=\"300\" height=\"236\"  ><\/p>\n<p class=\"wp-caption-text\">15 ao\u00fbt 2020, Italie, Bergame : Remco Evenepoel de Belgique de l&rsquo;\u00e9quipe Deceuninck-Quick-Step se trouve au sol apr\u00e8s une grave chute. La star du cyclisme a subi une fracture du bassin apr\u00e8s une grave chute sur le Tour de Lombardie et a d\u00fb faire une longue pause. Photo : Fabio Ferrari\/Lapresse via ZUMA Press\/dpa<\/p>\n<\/div>\n<p>Evenepoel a percut\u00e9 une porti\u00e8re de voiture qui s&rsquo;est soudainement ouverte lors d&rsquo;un entra\u00eenement, a rapport\u00e9 l&rsquo;agence de presse Belga. Evenepoel a ensuite \u00e9t\u00e9 transport\u00e9 \u00e0 l&rsquo;h\u00f4pital d&rsquo;Anderlecht pour de premiers examens. La d\u00e9cision concernant la suite de son traitement sera prise \u00e0 l&rsquo;h\u00f4pital de Herentals.<\/p>\n<p>Les circonstances exactes de la chute \u00e0 Oetingen, pr\u00e8s de Bruxelles, restent floues, a-t-on indiqu\u00e9. La voiture \u00e9tait un v\u00e9hicule de la poste belge Bpost, pr\u00e9cise-t-on. Sur les photos, on pouvait voir Evenepoel assis debout devant l\u2019ambulance.<\/p>\n<p>Ce n&rsquo;\u00e9tait pas la premi\u00e8re chute grave de sa carri\u00e8re cycliste. En 2020, il a subi une fracture du bassin apr\u00e8s une grave chute sur le Tour de Lombardie et a d\u00fb faire une longue pause. L&rsquo;ann\u00e9e derni\u00e8re, il a \u00e9galement \u00e9t\u00e9 victime d&rsquo;une violente chute massive lors du Tour du Pays Basque, lorsqu&rsquo;il a subi des fractures \u00e0 l&rsquo;omoplate et \u00e0 la clavicule.<\/p>\n<p>La star du cyclisme a remport\u00e9 le contre-la-montre et la course sur route aux Jeux olympiques d&rsquo;\u00e9t\u00e9 de Paris. Fin septembre, il devient \u00e9galement pour la deuxi\u00e8me fois champion du monde du contre-la-montre.<\/p>\n<p>On peut encore se demander dans quelle mesure la chute affectera la planification de la saison d&rsquo;Evenepoel. En f\u00e9vrier, il souhaitait se remettre \u00e0 la comp\u00e9tition. (dpa)<\/p><\/p>\n","protected":false},"excerpt":{"rendered":"<p>Le double champion olympique Remco Evenepoel est brusquement arr\u00eat\u00e9 pendant l&rsquo;entra\u00eenement. Il semblerait que la porti\u00e8re de la voiture qui s&rsquo;ouvrait ait provoqu\u00e9 la chute<\/p>\n","protected":false},"author":1,"featured_media":3027,"comment_status":"","ping_status":"","sticky":false,"template":"","format":"standard","meta":{"footnotes":""},"categories":[298],"tags":[472,3739,29,3737,3738,3736,3119,110],"class_list":["post-3026","post","type-post","status-publish","format-standard","has-post-thumbnail","hentry","category-belgique","tag-apres","tag-chute","tag-des","tag-evenepoel","tag-fracture","tag-radstar","tag-sest","tag-une","generate-columns","tablet-grid-50","mobile-grid-100","grid-parent","grid-33"],"yoast_head":"<!-- This site is optimized with the Yoast SEO plugin v24.0 - https:\/\/yoast.com\/wordpress\/plugins\/seo\/ -->\n<title>Radstar Evenepoel s&#039;est fractur\u00e9 des os apr\u00e8s une chute | Vie Associative<\/title>\n<meta name=\"robots\" content=\"index, follow, max-snippet:-1, max-image-preview:large, max-video-preview:-1\" \/>\n<link rel=\"canonical\" href=\"https:\/\/vieassociative.be\/actualites\/radstar-evenepoel-sest-fracture-des-os-apres-une-chute\/\" \/>\n<meta property=\"og:locale\" content=\"fr_FR\" \/>\n<meta property=\"og:type\" content=\"article\" \/>\n<meta property=\"og:title\" content=\"Radstar Evenepoel s&#039;est fractur\u00e9 des os apr\u00e8s une chute | Vie Associative\" \/>\n<meta property=\"og:description\" content=\"Le double champion olympique Remco Evenepoel est brusquement arr\u00eat\u00e9 pendant l&rsquo;entra\u00eenement. Il semblerait que la porti\u00e8re de la voiture qui s&rsquo;ouvrait ait provoqu\u00e9 la chute\" \/>\n<meta property=\"og:url\" content=\"https:\/\/vieassociative.be\/actualites\/radstar-evenepoel-sest-fracture-des-os-apres-une-chute\/\" \/>\n<meta property=\"og:site_name\" content=\"Vie Associative\" \/>\n<meta property=\"article:published_time\" content=\"2024-12-03T20:18:05+00:00\" \/>\n<meta property=\"og:image\" content=\"https:\/\/vieassociative.be\/actualites\/wp-content\/uploads\/2024\/12\/Radstar-Evenepoel-sest-fracture-des-os-apres-une-chute.jpeg\" \/>\n<meta name=\"author\" content=\"Julien\" \/>\n<meta name=\"twitter:card\" content=\"summary_large_image\" \/>\n<meta name=\"twitter:label1\" content=\"\u00c9crit par\" \/>\n\t<meta name=\"twitter:data1\" content=\"Julien\" \/>\n\t<meta name=\"twitter:label2\" content=\"Dur\u00e9e de lecture est.\" \/>\n\t<meta name=\"twitter:data2\" content=\"2 minutes\" \/>\n<script type=\"application\/ld+json\" class=\"yoast-schema-graph\">{\"@context\":\"https:\/\/schema.org\",\"@graph\":[{\"@type\":\"Article\",\"@id\":\"https:\/\/vieassociative.be\/actualites\/radstar-evenepoel-sest-fracture-des-os-apres-une-chute\/#article\",\"isPartOf\":{\"@id\":\"https:\/\/vieassociative.be\/actualites\/radstar-evenepoel-sest-fracture-des-os-apres-une-chute\/\"},\"author\":{\"name\":\"Julien\",\"@id\":\"https:\/\/vieassociative.be\/actualites\/#\/schema\/person\/b87ac4f82f9d4e7b7cec7395b679edc4\"},\"headline\":\"Radstar Evenepoel s&rsquo;est fractur\u00e9 des os apr\u00e8s une chute\",\"datePublished\":\"2024-12-03T20:18:05+00:00\",\"dateModified\":\"2024-12-03T20:18:05+00:00\",\"mainEntityOfPage\":{\"@id\":\"https:\/\/vieassociative.be\/actualites\/radstar-evenepoel-sest-fracture-des-os-apres-une-chute\/\"},\"wordCount\":386,\"publisher\":{\"@id\":\"https:\/\/vieassociative.be\/actualites\/#organization\"},\"image\":{\"@id\":\"https:\/\/vieassociative.be\/actualites\/radstar-evenepoel-sest-fracture-des-os-apres-une-chute\/#primaryimage\"},\"thumbnailUrl\":\"https:\/\/vieassociative.be\/actualites\/wp-content\/uploads\/2024\/12\/Radstar-Evenepoel-sest-fracture-des-os-apres-une-chute.jpg\",\"keywords\":[\"Apr\u00e8s\",\"chute\",\"Des\",\"Evenepoel\",\"fractur\u00e9\",\"Radstar\",\"sest\",\"une\"],\"articleSection\":[\"Belgique\"],\"inLanguage\":\"fr-BE\"},{\"@type\":\"WebPage\",\"@id\":\"https:\/\/vieassociative.be\/actualites\/radstar-evenepoel-sest-fracture-des-os-apres-une-chute\/\",\"url\":\"https:\/\/vieassociative.be\/actualites\/radstar-evenepoel-sest-fracture-des-os-apres-une-chute\/\",\"name\":\"Radstar Evenepoel s'est fractur\u00e9 des os apr\u00e8s une chute | Vie Associative\",\"isPartOf\":{\"@id\":\"https:\/\/vieassociative.be\/actualites\/#website\"},\"primaryImageOfPage\":{\"@id\":\"https:\/\/vieassociative.be\/actualites\/radstar-evenepoel-sest-fracture-des-os-apres-une-chute\/#primaryimage\"},\"image\":{\"@id\":\"https:\/\/vieassociative.be\/actualites\/radstar-evenepoel-sest-fracture-des-os-apres-une-chute\/#primaryimage\"},\"thumbnailUrl\":\"https:\/\/vieassociative.be\/actualites\/wp-content\/uploads\/2024\/12\/Radstar-Evenepoel-sest-fracture-des-os-apres-une-chute.jpg\",\"datePublished\":\"2024-12-03T20:18:05+00:00\",\"dateModified\":\"2024-12-03T20:18:05+00:00\",\"breadcrumb\":{\"@id\":\"https:\/\/vieassociative.be\/actualites\/radstar-evenepoel-sest-fracture-des-os-apres-une-chute\/#breadcrumb\"},\"inLanguage\":\"fr-BE\",\"potentialAction\":[{\"@type\":\"ReadAction\",\"target\":[\"https:\/\/vieassociative.be\/actualites\/radstar-evenepoel-sest-fracture-des-os-apres-une-chute\/\"]}]},{\"@type\":\"ImageObject\",\"inLanguage\":\"fr-BE\",\"@id\":\"https:\/\/vieassociative.be\/actualites\/radstar-evenepoel-sest-fracture-des-os-apres-une-chute\/#primaryimage\",\"url\":\"https:\/\/vieassociative.be\/actualites\/wp-content\/uploads\/2024\/12\/Radstar-Evenepoel-sest-fracture-des-os-apres-une-chute.jpg\",\"contentUrl\":\"https:\/\/vieassociative.be\/actualites\/wp-content\/uploads\/2024\/12\/Radstar-Evenepoel-sest-fracture-des-os-apres-une-chute.jpg\",\"width\":1300,\"height\":867,\"caption\":\"Radstar Evenepoel s'est fractur\u00e9 des os apr\u00e8s une chute\"},{\"@type\":\"BreadcrumbList\",\"@id\":\"https:\/\/vieassociative.be\/actualites\/radstar-evenepoel-sest-fracture-des-os-apres-une-chute\/#breadcrumb\",\"itemListElement\":[{\"@type\":\"ListItem\",\"position\":1,\"name\":\"Accueil\",\"item\":\"https:\/\/vieassociative.be\/actualites\/\"},{\"@type\":\"ListItem\",\"position\":2,\"name\":\"Radstar Evenepoel s&rsquo;est fractur\u00e9 des os apr\u00e8s une chute\"}]},{\"@type\":\"WebSite\",\"@id\":\"https:\/\/vieassociative.be\/actualites\/#website\",\"url\":\"https:\/\/vieassociative.be\/actualites\/\",\"name\":\"Vie Associative\",\"description\":\"\",\"publisher\":{\"@id\":\"https:\/\/vieassociative.be\/actualites\/#organization\"},\"potentialAction\":[{\"@type\":\"SearchAction\",\"target\":{\"@type\":\"EntryPoint\",\"urlTemplate\":\"https:\/\/vieassociative.be\/actualites\/?s={search_term_string}\"},\"query-input\":{\"@type\":\"PropertyValueSpecification\",\"valueRequired\":true,\"valueName\":\"search_term_string\"}}],\"inLanguage\":\"fr-BE\"},{\"@type\":\"Organization\",\"@id\":\"https:\/\/vieassociative.be\/actualites\/#organization\",\"name\":\"Vie Associative\",\"url\":\"https:\/\/vieassociative.be\/actualites\/\",\"logo\":{\"@type\":\"ImageObject\",\"inLanguage\":\"fr-BE\",\"@id\":\"https:\/\/vieassociative.be\/actualites\/#\/schema\/logo\/image\/\",\"url\":\"https:\/\/vieassociative.be\/actualites\/wp-content\/uploads\/2024\/09\/cropped-vieassociative_favicon.ico.png\",\"contentUrl\":\"https:\/\/vieassociative.be\/actualites\/wp-content\/uploads\/2024\/09\/cropped-vieassociative_favicon.ico.png\",\"width\":512,\"height\":512,\"caption\":\"Vie Associative\"},\"image\":{\"@id\":\"https:\/\/vieassociative.be\/actualites\/#\/schema\/logo\/image\/\"}},{\"@type\":\"Person\",\"@id\":\"https:\/\/vieassociative.be\/actualites\/#\/schema\/person\/b87ac4f82f9d4e7b7cec7395b679edc4\",\"name\":\"Julien\",\"image\":{\"@type\":\"ImageObject\",\"inLanguage\":\"fr-BE\",\"@id\":\"https:\/\/vieassociative.be\/actualites\/#\/schema\/person\/image\/\",\"url\":\"https:\/\/vieassociative.be\/actualites\/wp-content\/uploads\/2024\/09\/vie-associative-1-150x150.jpg\",\"contentUrl\":\"https:\/\/vieassociative.be\/actualites\/wp-content\/uploads\/2024\/09\/vie-associative-1-150x150.jpg\",\"caption\":\"Julien\"},\"description\":\"Je suis Julien, r\u00e9dacteur pour Vie Associative. Passionn\u00e9 par le monde associatif depuis plus de 10 ans, j'ai \u00e0 c\u0153ur de partager des histoires inspirantes et de mettre en lumi\u00e8re les initiatives locales. Mon objectif est de sensibiliser et d'encourager l'engagement communautaire \u00e0 travers mes articles.\",\"sameAs\":[\"https:\/\/vieassociative.be\/\"]}]}<\/script>\n<!-- \/ Yoast SEO plugin. -->","yoast_head_json":{"title":"Radstar Evenepoel s'est fractur\u00e9 des os apr\u00e8s une chute | Vie Associative","robots":{"index":"index","follow":"follow","max-snippet":"max-snippet:-1","max-image-preview":"max-image-preview:large","max-video-preview":"max-video-preview:-1"},"canonical":"https:\/\/vieassociative.be\/actualites\/radstar-evenepoel-sest-fracture-des-os-apres-une-chute\/","og_locale":"fr_FR","og_type":"article","og_title":"Radstar Evenepoel s'est fractur\u00e9 des os apr\u00e8s une chute | Vie Associative","og_description":"Le double champion olympique Remco Evenepoel est brusquement arr\u00eat\u00e9 pendant l&rsquo;entra\u00eenement. Il semblerait que la porti\u00e8re de la voiture qui s&rsquo;ouvrait ait provoqu\u00e9 la chute","og_url":"https:\/\/vieassociative.be\/actualites\/radstar-evenepoel-sest-fracture-des-os-apres-une-chute\/","og_site_name":"Vie Associative","article_published_time":"2024-12-03T20:18:05+00:00","og_image":[{"url":"https:\/\/vieassociative.be\/actualites\/wp-content\/uploads\/2024\/12\/Radstar-Evenepoel-sest-fracture-des-os-apres-une-chute.jpeg","type":"","width":"","height":""}],"author":"Julien","twitter_card":"summary_large_image","twitter_misc":{"\u00c9crit par":"Julien","Dur\u00e9e de lecture est.":"2 minutes"},"schema":{"@context":"https:\/\/schema.org","@graph":[{"@type":"Article","@id":"https:\/\/vieassociative.be\/actualites\/radstar-evenepoel-sest-fracture-des-os-apres-une-chute\/#article","isPartOf":{"@id":"https:\/\/vieassociative.be\/actualites\/radstar-evenepoel-sest-fracture-des-os-apres-une-chute\/"},"author":{"name":"Julien","@id":"https:\/\/vieassociative.be\/actualites\/#\/schema\/person\/b87ac4f82f9d4e7b7cec7395b679edc4"},"headline":"Radstar Evenepoel s&rsquo;est fractur\u00e9 des os apr\u00e8s une chute","datePublished":"2024-12-03T20:18:05+00:00","dateModified":"2024-12-03T20:18:05+00:00","mainEntityOfPage":{"@id":"https:\/\/vieassociative.be\/actualites\/radstar-evenepoel-sest-fracture-des-os-apres-une-chute\/"},"wordCount":386,"publisher":{"@id":"https:\/\/vieassociative.be\/actualites\/#organization"},"image":{"@id":"https:\/\/vieassociative.be\/actualites\/radstar-evenepoel-sest-fracture-des-os-apres-une-chute\/#primaryimage"},"thumbnailUrl":"https:\/\/vieassociative.be\/actualites\/wp-content\/uploads\/2024\/12\/Radstar-Evenepoel-sest-fracture-des-os-apres-une-chute.jpg","keywords":["Apr\u00e8s","chute","Des","Evenepoel","fractur\u00e9","Radstar","sest","une"],"articleSection":["Belgique"],"inLanguage":"fr-BE"},{"@type":"WebPage","@id":"https:\/\/vieassociative.be\/actualites\/radstar-evenepoel-sest-fracture-des-os-apres-une-chute\/","url":"https:\/\/vieassociative.be\/actualites\/radstar-evenepoel-sest-fracture-des-os-apres-une-chute\/","name":"Radstar Evenepoel s'est fractur\u00e9 des os apr\u00e8s une chute | Vie Associative","isPartOf":{"@id":"https:\/\/vieassociative.be\/actualites\/#website"},"primaryImageOfPage":{"@id":"https:\/\/vieassociative.be\/actualites\/radstar-evenepoel-sest-fracture-des-os-apres-une-chute\/#primaryimage"},"image":{"@id":"https:\/\/vieassociative.be\/actualites\/radstar-evenepoel-sest-fracture-des-os-apres-une-chute\/#primaryimage"},"thumbnailUrl":"https:\/\/vieassociative.be\/actualites\/wp-content\/uploads\/2024\/12\/Radstar-Evenepoel-sest-fracture-des-os-apres-une-chute.jpg","datePublished":"2024-12-03T20:18:05+00:00","dateModified":"2024-12-03T20:18:05+00:00","breadcrumb":{"@id":"https:\/\/vieassociative.be\/actualites\/radstar-evenepoel-sest-fracture-des-os-apres-une-chute\/#breadcrumb"},"inLanguage":"fr-BE","potentialAction":[{"@type":"ReadAction","target":["https:\/\/vieassociative.be\/actualites\/radstar-evenepoel-sest-fracture-des-os-apres-une-chute\/"]}]},{"@type":"ImageObject","inLanguage":"fr-BE","@id":"https:\/\/vieassociative.be\/actualites\/radstar-evenepoel-sest-fracture-des-os-apres-une-chute\/#primaryimage","url":"https:\/\/vieassociative.be\/actualites\/wp-content\/uploads\/2024\/12\/Radstar-Evenepoel-sest-fracture-des-os-apres-une-chute.jpg","contentUrl":"https:\/\/vieassociative.be\/actualites\/wp-content\/uploads\/2024\/12\/Radstar-Evenepoel-sest-fracture-des-os-apres-une-chute.jpg","width":1300,"height":867,"caption":"Radstar Evenepoel s'est fractur\u00e9 des os apr\u00e8s une chute"},{"@type":"BreadcrumbList","@id":"https:\/\/vieassociative.be\/actualites\/radstar-evenepoel-sest-fracture-des-os-apres-une-chute\/#breadcrumb","itemListElement":[{"@type":"ListItem","position":1,"name":"Accueil","item":"https:\/\/vieassociative.be\/actualites\/"},{"@type":"ListItem","position":2,"name":"Radstar Evenepoel s&rsquo;est fractur\u00e9 des os apr\u00e8s une chute"}]},{"@type":"WebSite","@id":"https:\/\/vieassociative.be\/actualites\/#website","url":"https:\/\/vieassociative.be\/actualites\/","name":"Vie Associative","description":"","publisher":{"@id":"https:\/\/vieassociative.be\/actualites\/#organization"},"potentialAction":[{"@type":"SearchAction","target":{"@type":"EntryPoint","urlTemplate":"https:\/\/vieassociative.be\/actualites\/?s={search_term_string}"},"query-input":{"@type":"PropertyValueSpecification","valueRequired":true,"valueName":"search_term_string"}}],"inLanguage":"fr-BE"},{"@type":"Organization","@id":"https:\/\/vieassociative.be\/actualites\/#organization","name":"Vie Associative","url":"https:\/\/vieassociative.be\/actualites\/","logo":{"@type":"ImageObject","inLanguage":"fr-BE","@id":"https:\/\/vieassociative.be\/actualites\/#\/schema\/logo\/image\/","url":"https:\/\/vieassociative.be\/actualites\/wp-content\/uploads\/2024\/09\/cropped-vieassociative_favicon.ico.png","contentUrl":"https:\/\/vieassociative.be\/actualites\/wp-content\/uploads\/2024\/09\/cropped-vieassociative_favicon.ico.png","width":512,"height":512,"caption":"Vie Associative"},"image":{"@id":"https:\/\/vieassociative.be\/actualites\/#\/schema\/logo\/image\/"}},{"@type":"Person","@id":"https:\/\/vieassociative.be\/actualites\/#\/schema\/person\/b87ac4f82f9d4e7b7cec7395b679edc4","name":"Julien","image":{"@type":"ImageObject","inLanguage":"fr-BE","@id":"https:\/\/vieassociative.be\/actualites\/#\/schema\/person\/image\/","url":"https:\/\/vieassociative.be\/actualites\/wp-content\/uploads\/2024\/09\/vie-associative-1-150x150.jpg","contentUrl":"https:\/\/vieassociative.be\/actualites\/wp-content\/uploads\/2024\/09\/vie-associative-1-150x150.jpg","caption":"Julien"},"description":"Je suis Julien, r\u00e9dacteur pour Vie Associative. Passionn\u00e9 par le monde associatif depuis plus de 10 ans, j'ai \u00e0 c\u0153ur de partager des histoires inspirantes et de mettre en lumi\u00e8re les initiatives locales. Mon objectif est de sensibiliser et d'encourager l'engagement communautaire \u00e0 travers mes articles.","sameAs":["https:\/\/vieassociative.be\/"]}]}},"_links":{"self":[{"href":"https:\/\/vieassociative.be\/actualites\/wp-json\/wp\/v2\/posts\/3026"}],"collection":[{"href":"https:\/\/vieassociative.be\/actualites\/wp-json\/wp\/v2\/posts"}],"about":[{"href":"https:\/\/vieassociative.be\/actualites\/wp-json\/wp\/v2\/types\/post"}],"author":[{"embeddable":true,"href":"https:\/\/vieassociative.be\/actualites\/wp-json\/wp\/v2\/users\/1"}],"replies":[{"embeddable":true,"href":"https:\/\/vieassociative.be\/actualites\/wp-json\/wp\/v2\/comments?post=3026"}],"version-history":[{"count":0,"href":"https:\/\/vieassociative.be\/actualites\/wp-json\/wp\/v2\/posts\/3026\/revisions"}],"wp:featuredmedia":[{"embeddable":true,"href":"https:\/\/vieassociative.be\/actualites\/wp-json\/wp\/v2\/media\/3027"}],"wp:attachment":[{"href":"https:\/\/vieassociative.be\/actualites\/wp-json\/wp\/v2\/media?parent=3026"}],"wp:term":[{"taxonomy":"category","embeddable":true,"href":"https:\/\/vieassociative.be\/actualites\/wp-json\/wp\/v2\/categories?post=3026"},{"taxonomy":"post_tag","embeddable":true,"href":"https:\/\/vieassociative.be\/actualites\/wp-json\/wp\/v2\/tags?post=3026"}],"curies":[{"name":"wp","href":"https:\/\/api.w.org\/{rel}","templated":true}]}}