{"id":3024,"date":"2024-12-03T19:17:18","date_gmt":"2024-12-03T18:17:18","guid":{"rendered":"https:\/\/vieassociative.be\/actualites\/lipad-de-10e-generation-ne-coute-que-350-de-plus-que-la-9e-generation-pour-le-cyber-monday\/"},"modified":"2024-12-03T19:17:18","modified_gmt":"2024-12-03T18:17:18","slug":"lipad-de-10e-generation-ne-coute-que-350-de-plus-que-la-9e-generation-pour-le-cyber-monday","status":"publish","type":"post","link":"https:\/\/vieassociative.be\/actualites\/lipad-de-10e-generation-ne-coute-que-350-de-plus-que-la-9e-generation-pour-le-cyber-monday\/","title":{"rendered":"L&rsquo;iPad de 10e g\u00e9n\u00e9ration ne co\u00fbte que 3,50 $ de plus que la 9e g\u00e9n\u00e9ration pour le Cyber \u200b\u200b\u200b\u200bMonday"},"content":{"rendered":"<div class=\"mt-4 leading-6 md:mb-8\">La remise d&rsquo;Amazon sur l&rsquo;iPad de base le rend actuellement l\u00e9g\u00e8rement plus cher que la g\u00e9n\u00e9ration pr\u00e9c\u00e9dente.<\/div>\n<p><\/p>\n<p>Il peut \u00eatre assez difficile de faire une bonne affaire sur les produits Apple, et vous devrez souvent vous contenter d&rsquo;une remise mineure si vous souhaitez b\u00e9n\u00e9ficier d&rsquo;une remise. Bien que la vente Cyber \u200b\u200b\u200b\u200bMonday d&rsquo;Amazon sur l&rsquo;iPad de 10e g\u00e9n\u00e9ration ne soit pas aussi bonne que celle que vous auriez pu r\u00e9clamer le Black Friday, \u00e0 279 $, cela repr\u00e9sente toujours une belle diff\u00e9rence par rapport au tarif en vigueur. <\/p>\n<p>\u00c9tant donn\u00e9 que la tablette co\u00fbtait 449 $ lors de son lancement, ce nouveau prix lui donne une \u00e9norme augmentation de valeur. La mauvaise nouvelle est que l&rsquo;inventaire est faible (\u00e0 l&rsquo;heure actuelle, votre choix de couleurs est tr\u00e8s limit\u00e9) mais il n&rsquo;est pas \u00e9puis\u00e9 au moment d&rsquo;\u00e9crire ces lignes. <\/p>\n<p>L\u2019iPad de 10e g\u00e9n\u00e9ration a peut-\u00eatre quelques ann\u00e9es, mais il a encore de nombreux atouts. La puce A14 Bionic \u00e0 l\u2019int\u00e9rieur n\u2019est pas en reste, et elle s\u2019est av\u00e9r\u00e9e tout \u00e0 fait performante lors des tests de PCMag par nos amis. Pour la navigation, la lecture, le streaming et le dessin occasionnels, cela devrait suffire. Apple n&rsquo;est pas non plus du genre \u00e0 abandonner rapidement ses produits en mati\u00e8re de mises \u00e0 jour logicielles, cela devrait donc durer encore un bon moment. <\/p>\n<p>L&rsquo;iPad offre un \u00e9cran net de 10,9 pouces et prend en charge l&rsquo;Apple Pencil de 1\u00e8re g\u00e9n\u00e9ration. Avec le stylet d&rsquo;Apple, vous pouvez prendre des notes ou faire preuve de cr\u00e9ativit\u00e9 gr\u00e2ce \u00e0 la grande vari\u00e9t\u00e9 d&rsquo;applications de dessin et de peinture disponibles sur la tablette. Il est \u00e9galement possible de coupler la tablette avec un clavier folio pour l&rsquo;utiliser \u00e0 la place d&rsquo;un ordinateur portable. La tablette propose \u00e9galement des cam\u00e9ras de qualit\u00e9 \u00e0 l&rsquo;avant et \u00e0 l&rsquo;arri\u00e8re que vous pouvez utiliser pour les appels vid\u00e9o ou la photographie. Et il comprend un bouton Touch ID sur le bord pour des connexions rapides et s\u00e9curis\u00e9es.<\/p>\n<div class=\"w-full mt-12 text-center sm:text-left\" x-data=\"{ showAll: false }\">\n<div class=\"flex flex-col items-center justify-between sm:px-6 sm:flex-row\">\n\t\t\t<span class=\"text-sm italic\">Les offres sont s\u00e9lectionn\u00e9es par notre \u00e9quipe commerciale<\/span><\/p><\/div>\n<\/p><\/div>\n","protected":false},"excerpt":{"rendered":"<p>La remise d&rsquo;Amazon sur l&rsquo;iPad de base le rend actuellement l\u00e9g\u00e8rement plus cher que la g\u00e9n\u00e9ration pr\u00e9c\u00e9dente. Il peut \u00eatre assez difficile de faire une<\/p>\n","protected":false},"author":1,"featured_media":2726,"comment_status":"","ping_status":"","sticky":false,"template":"","format":"standard","meta":{"footnotes":""},"categories":[13],"tags":[3462,1122,2624,2328,2327,2625,81],"class_list":["post-3024","post","type-post","status-publish","format-standard","has-post-thumbnail","hentry","category-technologie","tag-10e","tag-coute","tag-cyber","tag-generation","tag-lipad","tag-monday","tag-pour","generate-columns","tablet-grid-50","mobile-grid-100","grid-parent","grid-33"],"yoast_head":"<!-- This site is optimized with the Yoast SEO plugin v24.0 - https:\/\/yoast.com\/wordpress\/plugins\/seo\/ -->\n<title>L&#039;iPad de 10e g\u00e9n\u00e9ration ne co\u00fbte que 3,50 $ de plus que la 9e g\u00e9n\u00e9ration pour le Cyber \u200b\u200b\u200b\u200bMonday | Vie Associative<\/title>\n<meta name=\"robots\" content=\"index, follow, max-snippet:-1, max-image-preview:large, max-video-preview:-1\" \/>\n<link rel=\"canonical\" href=\"https:\/\/vieassociative.be\/actualites\/lipad-de-10e-generation-ne-coute-que-350-de-plus-que-la-9e-generation-pour-le-cyber-monday\/\" \/>\n<meta property=\"og:locale\" content=\"fr_FR\" \/>\n<meta property=\"og:type\" content=\"article\" \/>\n<meta property=\"og:title\" content=\"L&#039;iPad de 10e g\u00e9n\u00e9ration ne co\u00fbte que 3,50 $ de plus que la 9e g\u00e9n\u00e9ration pour le Cyber \u200b\u200b\u200b\u200bMonday | Vie Associative\" \/>\n<meta property=\"og:description\" content=\"La remise d&rsquo;Amazon sur l&rsquo;iPad de base le rend actuellement l\u00e9g\u00e8rement plus cher que la g\u00e9n\u00e9ration pr\u00e9c\u00e9dente. Il peut \u00eatre assez difficile de faire une\" \/>\n<meta property=\"og:url\" content=\"https:\/\/vieassociative.be\/actualites\/lipad-de-10e-generation-ne-coute-que-350-de-plus-que-la-9e-generation-pour-le-cyber-monday\/\" \/>\n<meta property=\"og:site_name\" content=\"Vie Associative\" \/>\n<meta property=\"article:published_time\" content=\"2024-12-03T18:17:18+00:00\" \/>\n<meta property=\"og:image\" content=\"https:\/\/vieassociative.be\/actualites\/wp-content\/uploads\/2024\/09\/header_backgroundk-01-e1726694325946.png\" \/>\n\t<meta property=\"og:image:width\" content=\"279\" \/>\n\t<meta property=\"og:image:height\" content=\"92\" \/>\n\t<meta property=\"og:image:type\" content=\"image\/png\" \/>\n<meta name=\"author\" content=\"Julien\" \/>\n<meta name=\"twitter:card\" content=\"summary_large_image\" \/>\n<meta name=\"twitter:label1\" content=\"\u00c9crit par\" \/>\n\t<meta name=\"twitter:data1\" content=\"Julien\" \/>\n\t<meta name=\"twitter:label2\" content=\"Dur\u00e9e de lecture est.\" \/>\n\t<meta name=\"twitter:data2\" content=\"2 minutes\" \/>\n<script type=\"application\/ld+json\" class=\"yoast-schema-graph\">{\"@context\":\"https:\/\/schema.org\",\"@graph\":[{\"@type\":\"Article\",\"@id\":\"https:\/\/vieassociative.be\/actualites\/lipad-de-10e-generation-ne-coute-que-350-de-plus-que-la-9e-generation-pour-le-cyber-monday\/#article\",\"isPartOf\":{\"@id\":\"https:\/\/vieassociative.be\/actualites\/lipad-de-10e-generation-ne-coute-que-350-de-plus-que-la-9e-generation-pour-le-cyber-monday\/\"},\"author\":{\"name\":\"Julien\",\"@id\":\"https:\/\/vieassociative.be\/actualites\/#\/schema\/person\/b87ac4f82f9d4e7b7cec7395b679edc4\"},\"headline\":\"L&rsquo;iPad de 10e g\u00e9n\u00e9ration ne co\u00fbte que 3,50 $ de plus que la 9e g\u00e9n\u00e9ration pour le Cyber \u200b\u200b\u200b\u200bMonday\",\"datePublished\":\"2024-12-03T18:17:18+00:00\",\"dateModified\":\"2024-12-03T18:17:18+00:00\",\"mainEntityOfPage\":{\"@id\":\"https:\/\/vieassociative.be\/actualites\/lipad-de-10e-generation-ne-coute-que-350-de-plus-que-la-9e-generation-pour-le-cyber-monday\/\"},\"wordCount\":400,\"publisher\":{\"@id\":\"https:\/\/vieassociative.be\/actualites\/#organization\"},\"image\":{\"@id\":\"https:\/\/vieassociative.be\/actualites\/lipad-de-10e-generation-ne-coute-que-350-de-plus-que-la-9e-generation-pour-le-cyber-monday\/#primaryimage\"},\"thumbnailUrl\":\"https:\/\/vieassociative.be\/actualites\/wp-content\/uploads\/2024\/11\/LiPad-de-10e-generation-est-une-veritable-aubaine-a-250.jpg\",\"keywords\":[\"10e\",\"co\u00fbte\",\"Cyber\",\"g\u00e9n\u00e9ration\",\"liPad\",\"Monday\",\"pour\"],\"articleSection\":[\"Technologie\"],\"inLanguage\":\"fr-BE\"},{\"@type\":\"WebPage\",\"@id\":\"https:\/\/vieassociative.be\/actualites\/lipad-de-10e-generation-ne-coute-que-350-de-plus-que-la-9e-generation-pour-le-cyber-monday\/\",\"url\":\"https:\/\/vieassociative.be\/actualites\/lipad-de-10e-generation-ne-coute-que-350-de-plus-que-la-9e-generation-pour-le-cyber-monday\/\",\"name\":\"L'iPad de 10e g\u00e9n\u00e9ration ne co\u00fbte que 3,50 $ de plus que la 9e g\u00e9n\u00e9ration pour le Cyber \u200b\u200b\u200b\u200bMonday | Vie Associative\",\"isPartOf\":{\"@id\":\"https:\/\/vieassociative.be\/actualites\/#website\"},\"primaryImageOfPage\":{\"@id\":\"https:\/\/vieassociative.be\/actualites\/lipad-de-10e-generation-ne-coute-que-350-de-plus-que-la-9e-generation-pour-le-cyber-monday\/#primaryimage\"},\"image\":{\"@id\":\"https:\/\/vieassociative.be\/actualites\/lipad-de-10e-generation-ne-coute-que-350-de-plus-que-la-9e-generation-pour-le-cyber-monday\/#primaryimage\"},\"thumbnailUrl\":\"https:\/\/vieassociative.be\/actualites\/wp-content\/uploads\/2024\/11\/LiPad-de-10e-generation-est-une-veritable-aubaine-a-250.jpg\",\"datePublished\":\"2024-12-03T18:17:18+00:00\",\"dateModified\":\"2024-12-03T18:17:18+00:00\",\"breadcrumb\":{\"@id\":\"https:\/\/vieassociative.be\/actualites\/lipad-de-10e-generation-ne-coute-que-350-de-plus-que-la-9e-generation-pour-le-cyber-monday\/#breadcrumb\"},\"inLanguage\":\"fr-BE\",\"potentialAction\":[{\"@type\":\"ReadAction\",\"target\":[\"https:\/\/vieassociative.be\/actualites\/lipad-de-10e-generation-ne-coute-que-350-de-plus-que-la-9e-generation-pour-le-cyber-monday\/\"]}]},{\"@type\":\"ImageObject\",\"inLanguage\":\"fr-BE\",\"@id\":\"https:\/\/vieassociative.be\/actualites\/lipad-de-10e-generation-ne-coute-que-350-de-plus-que-la-9e-generation-pour-le-cyber-monday\/#primaryimage\",\"url\":\"https:\/\/vieassociative.be\/actualites\/wp-content\/uploads\/2024\/11\/LiPad-de-10e-generation-est-une-veritable-aubaine-a-250.jpg\",\"contentUrl\":\"https:\/\/vieassociative.be\/actualites\/wp-content\/uploads\/2024\/11\/LiPad-de-10e-generation-est-une-veritable-aubaine-a-250.jpg\",\"width\":1200,\"height\":675,\"caption\":\"L'iPad de 10e g\u00e9n\u00e9ration est une v\u00e9ritable aubaine \u00e0 250 $ en ce moment\"},{\"@type\":\"BreadcrumbList\",\"@id\":\"https:\/\/vieassociative.be\/actualites\/lipad-de-10e-generation-ne-coute-que-350-de-plus-que-la-9e-generation-pour-le-cyber-monday\/#breadcrumb\",\"itemListElement\":[{\"@type\":\"ListItem\",\"position\":1,\"name\":\"Accueil\",\"item\":\"https:\/\/vieassociative.be\/actualites\/\"},{\"@type\":\"ListItem\",\"position\":2,\"name\":\"L&rsquo;iPad de 10e g\u00e9n\u00e9ration ne co\u00fbte que 3,50 $ de plus que la 9e g\u00e9n\u00e9ration pour le Cyber \u200b\u200b\u200b\u200bMonday\"}]},{\"@type\":\"WebSite\",\"@id\":\"https:\/\/vieassociative.be\/actualites\/#website\",\"url\":\"https:\/\/vieassociative.be\/actualites\/\",\"name\":\"Vie Associative\",\"description\":\"\",\"publisher\":{\"@id\":\"https:\/\/vieassociative.be\/actualites\/#organization\"},\"potentialAction\":[{\"@type\":\"SearchAction\",\"target\":{\"@type\":\"EntryPoint\",\"urlTemplate\":\"https:\/\/vieassociative.be\/actualites\/?s={search_term_string}\"},\"query-input\":{\"@type\":\"PropertyValueSpecification\",\"valueRequired\":true,\"valueName\":\"search_term_string\"}}],\"inLanguage\":\"fr-BE\"},{\"@type\":\"Organization\",\"@id\":\"https:\/\/vieassociative.be\/actualites\/#organization\",\"name\":\"Vie Associative\",\"url\":\"https:\/\/vieassociative.be\/actualites\/\",\"logo\":{\"@type\":\"ImageObject\",\"inLanguage\":\"fr-BE\",\"@id\":\"https:\/\/vieassociative.be\/actualites\/#\/schema\/logo\/image\/\",\"url\":\"https:\/\/vieassociative.be\/actualites\/wp-content\/uploads\/2024\/09\/cropped-vieassociative_favicon.ico.png\",\"contentUrl\":\"https:\/\/vieassociative.be\/actualites\/wp-content\/uploads\/2024\/09\/cropped-vieassociative_favicon.ico.png\",\"width\":512,\"height\":512,\"caption\":\"Vie Associative\"},\"image\":{\"@id\":\"https:\/\/vieassociative.be\/actualites\/#\/schema\/logo\/image\/\"}},{\"@type\":\"Person\",\"@id\":\"https:\/\/vieassociative.be\/actualites\/#\/schema\/person\/b87ac4f82f9d4e7b7cec7395b679edc4\",\"name\":\"Julien\",\"image\":{\"@type\":\"ImageObject\",\"inLanguage\":\"fr-BE\",\"@id\":\"https:\/\/vieassociative.be\/actualites\/#\/schema\/person\/image\/\",\"url\":\"https:\/\/vieassociative.be\/actualites\/wp-content\/uploads\/2024\/09\/vie-associative-1-150x150.jpg\",\"contentUrl\":\"https:\/\/vieassociative.be\/actualites\/wp-content\/uploads\/2024\/09\/vie-associative-1-150x150.jpg\",\"caption\":\"Julien\"},\"description\":\"Je suis Julien, r\u00e9dacteur pour Vie Associative. Passionn\u00e9 par le monde associatif depuis plus de 10 ans, j'ai \u00e0 c\u0153ur de partager des histoires inspirantes et de mettre en lumi\u00e8re les initiatives locales. Mon objectif est de sensibiliser et d'encourager l'engagement communautaire \u00e0 travers mes articles.\",\"sameAs\":[\"https:\/\/vieassociative.be\/\"]}]}<\/script>\n<!-- \/ Yoast SEO plugin. -->","yoast_head_json":{"title":"L'iPad de 10e g\u00e9n\u00e9ration ne co\u00fbte que 3,50 $ de plus que la 9e g\u00e9n\u00e9ration pour le Cyber \u200b\u200b\u200b\u200bMonday | Vie Associative","robots":{"index":"index","follow":"follow","max-snippet":"max-snippet:-1","max-image-preview":"max-image-preview:large","max-video-preview":"max-video-preview:-1"},"canonical":"https:\/\/vieassociative.be\/actualites\/lipad-de-10e-generation-ne-coute-que-350-de-plus-que-la-9e-generation-pour-le-cyber-monday\/","og_locale":"fr_FR","og_type":"article","og_title":"L'iPad de 10e g\u00e9n\u00e9ration ne co\u00fbte que 3,50 $ de plus que la 9e g\u00e9n\u00e9ration pour le Cyber \u200b\u200b\u200b\u200bMonday | Vie Associative","og_description":"La remise d&rsquo;Amazon sur l&rsquo;iPad de base le rend actuellement l\u00e9g\u00e8rement plus cher que la g\u00e9n\u00e9ration pr\u00e9c\u00e9dente. Il peut \u00eatre assez difficile de faire une","og_url":"https:\/\/vieassociative.be\/actualites\/lipad-de-10e-generation-ne-coute-que-350-de-plus-que-la-9e-generation-pour-le-cyber-monday\/","og_site_name":"Vie Associative","article_published_time":"2024-12-03T18:17:18+00:00","og_image":[{"width":279,"height":92,"url":"https:\/\/vieassociative.be\/actualites\/wp-content\/uploads\/2024\/09\/header_backgroundk-01-e1726694325946.png","type":"image\/png"}],"author":"Julien","twitter_card":"summary_large_image","twitter_misc":{"\u00c9crit par":"Julien","Dur\u00e9e de lecture est.":"2 minutes"},"schema":{"@context":"https:\/\/schema.org","@graph":[{"@type":"Article","@id":"https:\/\/vieassociative.be\/actualites\/lipad-de-10e-generation-ne-coute-que-350-de-plus-que-la-9e-generation-pour-le-cyber-monday\/#article","isPartOf":{"@id":"https:\/\/vieassociative.be\/actualites\/lipad-de-10e-generation-ne-coute-que-350-de-plus-que-la-9e-generation-pour-le-cyber-monday\/"},"author":{"name":"Julien","@id":"https:\/\/vieassociative.be\/actualites\/#\/schema\/person\/b87ac4f82f9d4e7b7cec7395b679edc4"},"headline":"L&rsquo;iPad de 10e g\u00e9n\u00e9ration ne co\u00fbte que 3,50 $ de plus que la 9e g\u00e9n\u00e9ration pour le Cyber \u200b\u200b\u200b\u200bMonday","datePublished":"2024-12-03T18:17:18+00:00","dateModified":"2024-12-03T18:17:18+00:00","mainEntityOfPage":{"@id":"https:\/\/vieassociative.be\/actualites\/lipad-de-10e-generation-ne-coute-que-350-de-plus-que-la-9e-generation-pour-le-cyber-monday\/"},"wordCount":400,"publisher":{"@id":"https:\/\/vieassociative.be\/actualites\/#organization"},"image":{"@id":"https:\/\/vieassociative.be\/actualites\/lipad-de-10e-generation-ne-coute-que-350-de-plus-que-la-9e-generation-pour-le-cyber-monday\/#primaryimage"},"thumbnailUrl":"https:\/\/vieassociative.be\/actualites\/wp-content\/uploads\/2024\/11\/LiPad-de-10e-generation-est-une-veritable-aubaine-a-250.jpg","keywords":["10e","co\u00fbte","Cyber","g\u00e9n\u00e9ration","liPad","Monday","pour"],"articleSection":["Technologie"],"inLanguage":"fr-BE"},{"@type":"WebPage","@id":"https:\/\/vieassociative.be\/actualites\/lipad-de-10e-generation-ne-coute-que-350-de-plus-que-la-9e-generation-pour-le-cyber-monday\/","url":"https:\/\/vieassociative.be\/actualites\/lipad-de-10e-generation-ne-coute-que-350-de-plus-que-la-9e-generation-pour-le-cyber-monday\/","name":"L'iPad de 10e g\u00e9n\u00e9ration ne co\u00fbte que 3,50 $ de plus que la 9e g\u00e9n\u00e9ration pour le Cyber \u200b\u200b\u200b\u200bMonday | Vie Associative","isPartOf":{"@id":"https:\/\/vieassociative.be\/actualites\/#website"},"primaryImageOfPage":{"@id":"https:\/\/vieassociative.be\/actualites\/lipad-de-10e-generation-ne-coute-que-350-de-plus-que-la-9e-generation-pour-le-cyber-monday\/#primaryimage"},"image":{"@id":"https:\/\/vieassociative.be\/actualites\/lipad-de-10e-generation-ne-coute-que-350-de-plus-que-la-9e-generation-pour-le-cyber-monday\/#primaryimage"},"thumbnailUrl":"https:\/\/vieassociative.be\/actualites\/wp-content\/uploads\/2024\/11\/LiPad-de-10e-generation-est-une-veritable-aubaine-a-250.jpg","datePublished":"2024-12-03T18:17:18+00:00","dateModified":"2024-12-03T18:17:18+00:00","breadcrumb":{"@id":"https:\/\/vieassociative.be\/actualites\/lipad-de-10e-generation-ne-coute-que-350-de-plus-que-la-9e-generation-pour-le-cyber-monday\/#breadcrumb"},"inLanguage":"fr-BE","potentialAction":[{"@type":"ReadAction","target":["https:\/\/vieassociative.be\/actualites\/lipad-de-10e-generation-ne-coute-que-350-de-plus-que-la-9e-generation-pour-le-cyber-monday\/"]}]},{"@type":"ImageObject","inLanguage":"fr-BE","@id":"https:\/\/vieassociative.be\/actualites\/lipad-de-10e-generation-ne-coute-que-350-de-plus-que-la-9e-generation-pour-le-cyber-monday\/#primaryimage","url":"https:\/\/vieassociative.be\/actualites\/wp-content\/uploads\/2024\/11\/LiPad-de-10e-generation-est-une-veritable-aubaine-a-250.jpg","contentUrl":"https:\/\/vieassociative.be\/actualites\/wp-content\/uploads\/2024\/11\/LiPad-de-10e-generation-est-une-veritable-aubaine-a-250.jpg","width":1200,"height":675,"caption":"L'iPad de 10e g\u00e9n\u00e9ration est une v\u00e9ritable aubaine \u00e0 250 $ en ce moment"},{"@type":"BreadcrumbList","@id":"https:\/\/vieassociative.be\/actualites\/lipad-de-10e-generation-ne-coute-que-350-de-plus-que-la-9e-generation-pour-le-cyber-monday\/#breadcrumb","itemListElement":[{"@type":"ListItem","position":1,"name":"Accueil","item":"https:\/\/vieassociative.be\/actualites\/"},{"@type":"ListItem","position":2,"name":"L&rsquo;iPad de 10e g\u00e9n\u00e9ration ne co\u00fbte que 3,50 $ de plus que la 9e g\u00e9n\u00e9ration pour le Cyber \u200b\u200b\u200b\u200bMonday"}]},{"@type":"WebSite","@id":"https:\/\/vieassociative.be\/actualites\/#website","url":"https:\/\/vieassociative.be\/actualites\/","name":"Vie Associative","description":"","publisher":{"@id":"https:\/\/vieassociative.be\/actualites\/#organization"},"potentialAction":[{"@type":"SearchAction","target":{"@type":"EntryPoint","urlTemplate":"https:\/\/vieassociative.be\/actualites\/?s={search_term_string}"},"query-input":{"@type":"PropertyValueSpecification","valueRequired":true,"valueName":"search_term_string"}}],"inLanguage":"fr-BE"},{"@type":"Organization","@id":"https:\/\/vieassociative.be\/actualites\/#organization","name":"Vie Associative","url":"https:\/\/vieassociative.be\/actualites\/","logo":{"@type":"ImageObject","inLanguage":"fr-BE","@id":"https:\/\/vieassociative.be\/actualites\/#\/schema\/logo\/image\/","url":"https:\/\/vieassociative.be\/actualites\/wp-content\/uploads\/2024\/09\/cropped-vieassociative_favicon.ico.png","contentUrl":"https:\/\/vieassociative.be\/actualites\/wp-content\/uploads\/2024\/09\/cropped-vieassociative_favicon.ico.png","width":512,"height":512,"caption":"Vie Associative"},"image":{"@id":"https:\/\/vieassociative.be\/actualites\/#\/schema\/logo\/image\/"}},{"@type":"Person","@id":"https:\/\/vieassociative.be\/actualites\/#\/schema\/person\/b87ac4f82f9d4e7b7cec7395b679edc4","name":"Julien","image":{"@type":"ImageObject","inLanguage":"fr-BE","@id":"https:\/\/vieassociative.be\/actualites\/#\/schema\/person\/image\/","url":"https:\/\/vieassociative.be\/actualites\/wp-content\/uploads\/2024\/09\/vie-associative-1-150x150.jpg","contentUrl":"https:\/\/vieassociative.be\/actualites\/wp-content\/uploads\/2024\/09\/vie-associative-1-150x150.jpg","caption":"Julien"},"description":"Je suis Julien, r\u00e9dacteur pour Vie Associative. Passionn\u00e9 par le monde associatif depuis plus de 10 ans, j'ai \u00e0 c\u0153ur de partager des histoires inspirantes et de mettre en lumi\u00e8re les initiatives locales. Mon objectif est de sensibiliser et d'encourager l'engagement communautaire \u00e0 travers mes articles.","sameAs":["https:\/\/vieassociative.be\/"]}]}},"_links":{"self":[{"href":"https:\/\/vieassociative.be\/actualites\/wp-json\/wp\/v2\/posts\/3024"}],"collection":[{"href":"https:\/\/vieassociative.be\/actualites\/wp-json\/wp\/v2\/posts"}],"about":[{"href":"https:\/\/vieassociative.be\/actualites\/wp-json\/wp\/v2\/types\/post"}],"author":[{"embeddable":true,"href":"https:\/\/vieassociative.be\/actualites\/wp-json\/wp\/v2\/users\/1"}],"replies":[{"embeddable":true,"href":"https:\/\/vieassociative.be\/actualites\/wp-json\/wp\/v2\/comments?post=3024"}],"version-history":[{"count":0,"href":"https:\/\/vieassociative.be\/actualites\/wp-json\/wp\/v2\/posts\/3024\/revisions"}],"wp:featuredmedia":[{"embeddable":true,"href":"https:\/\/vieassociative.be\/actualites\/wp-json\/wp\/v2\/media\/2726"}],"wp:attachment":[{"href":"https:\/\/vieassociative.be\/actualites\/wp-json\/wp\/v2\/media?parent=3024"}],"wp:term":[{"taxonomy":"category","embeddable":true,"href":"https:\/\/vieassociative.be\/actualites\/wp-json\/wp\/v2\/categories?post=3024"},{"taxonomy":"post_tag","embeddable":true,"href":"https:\/\/vieassociative.be\/actualites\/wp-json\/wp\/v2\/tags?post=3024"}],"curies":[{"name":"wp","href":"https:\/\/api.w.org\/{rel}","templated":true}]}}