{"id":3022,"date":"2024-12-03T18:17:11","date_gmt":"2024-12-03T17:17:11","guid":{"rendered":"https:\/\/vieassociative.be\/actualites\/comment-aider-un-enfant-qui-a-des-difficultes-avec-ses-fonctions-executives\/"},"modified":"2024-12-03T18:17:11","modified_gmt":"2024-12-03T17:17:11","slug":"comment-aider-un-enfant-qui-a-des-difficultes-avec-ses-fonctions-executives","status":"publish","type":"post","link":"https:\/\/vieassociative.be\/actualites\/comment-aider-un-enfant-qui-a-des-difficultes-avec-ses-fonctions-executives\/","title":{"rendered":"Comment aider un enfant qui a des difficult\u00e9s avec ses fonctions ex\u00e9cutives"},"content":{"rendered":"<div class=\"mt-4 leading-6 md:mb-8\">La fonction ex\u00e9cutive est ce qui nous aide \u00e0 planifier, prioriser et accomplir des t\u00e2ches \u2013 et certains enfants ont plus de difficult\u00e9s que d\u2019autres \u00e0 y parvenir.<\/div>\n<p><\/p>\n<p>La fonction ex\u00e9cutive peut \u00eatre consid\u00e9r\u00e9e comme le gestionnaire du cerveau\u00a0: c&rsquo;est ainsi que nous identifions les priorit\u00e9s, planifions la mani\u00e8re de faire avancer les choses et nous adaptons aux complications inattendues. Cela n\u00e9cessite une m\u00e9moire de travail, une autor\u00e9gulation \u00e9motionnelle et la capacit\u00e9 de contr\u00f4ler notre concentration. Certains enfants, en particulier ceux souffrant de troubles tels que le TDAH, peuvent avoir des difficult\u00e9s avec leurs fonctions ex\u00e9cutives. <\/p>\n<p>Si la m\u00e9moire de travail d&rsquo;un enfant est d\u00e9fectueuse, il peut oublier o\u00f9 il a laiss\u00e9 ses devoirs ou son manuel. S\u2019ils ont du mal \u00e0 r\u00e9guler leurs \u00e9motions, ils peuvent facilement se sentir frustr\u00e9s ou contrari\u00e9s, ce qui perturbe leur capacit\u00e9 \u00e0 accomplir leurs t\u00e2ches et affecte leurs relations avec les autres. S\u2019ils ne peuvent pas contr\u00f4ler leur concentration, ils pourraient avoir du mal \u00e0 \u00eatre attentifs en classe ou \u00e0 passer d\u2019une t\u00e2che \u00e0 l\u2019autre.<\/p>\n<h2 id=\"signs-your-child-may-struggle-with-executive-function\"><strong>Signes que votre enfant pourrait avoir des difficult\u00e9s avec ses fonctions ex\u00e9cutives<\/strong> <\/h2>\n<p>La fonction ex\u00e9cutive s\u2019am\u00e9liore \u00e0 mesure que les enfants grandissent, \u00e0 mesure qu\u2019ils acqui\u00e8rent progressivement des comp\u00e9tences telles que l\u2019organisation et la r\u00e9gulation \u00e9motionnelle. Un signe qu\u2019un enfant peut avoir des probl\u00e8mes est que ses difficult\u00e9s sont disproportionn\u00e9es par rapport \u00e0 celles de ses pairs. <\/p>\n<p>\u00ab\u00a0La m\u00e9moire de travail est un aspect important de la fonction ex\u00e9cutive qui est tr\u00e8s sollicit\u00e9e en milieu scolaire\u00a0\u00bb, a d\u00e9clar\u00e9 Elaine Taylor-Klaus, fondatrice de l&rsquo;organisation Impact Parents et auteur de <em><em>Le guide essentiel pour \u00e9lever des enfants complexes atteints de TDAH, d&rsquo;anxi\u00e9t\u00e9 et plus encore.<\/em> \u00ab Nous leur apprenons \u00e0 apprendre des informations puis \u00e0 les appliquer, ce qui n\u00e9cessite une m\u00e9moire de travail. \u00bb <\/em><\/p>\n<p>Pour les enfants d&rsquo;\u00e2ge \u00e9l\u00e9mentaire, cela peut \u00eatre d\u00fb \u00e0 une longue division, ce qui n\u00e9cessite de conserver des informations suffisamment longtemps pour r\u00e9soudre le probl\u00e8me, ou \u00e0 oublier r\u00e9guli\u00e8rement leurs devoirs \u00e0 la maison. Il peut \u00e9galement s\u2019agir de perdre r\u00e9guli\u00e8rement leurs chapeaux, mitaines, sacs \u00e0 dos ou autres objets. Les probl\u00e8mes li\u00e9s aux fonctions ex\u00e9cutives peuvent \u00e9galement inclure des explosions \u00e9motionnelles, une distraction facile ou un zonage alors qu\u2019ils sont cens\u00e9s pr\u00eater attention. <\/p>\n<p>\u00ab\u00a0Ne pas faire quelque chose qu&rsquo;on vient de vous demander de faire est tr\u00e8s courant\u00a0\u00bb, a d\u00e9clar\u00e9 Taylor-Klaus. Par exemple, si vous envoyez votre enfant dans sa chambre chercher ses chaussettes et que vous le trouvez en train de jouer avec des LEGO, cela pourrait \u00eatre soit une distraction, soit une mauvaise m\u00e9moire de travail. <\/p>\n<h2 id=\"offer-understanding-and-support\"><strong>Offrir compr\u00e9hension et soutien<\/strong> <\/h2>\n<p>La chose la plus importante que vous puissiez faire pour un enfant qui a des difficult\u00e9s avec ses fonctions ex\u00e9cutives est de lui faire preuve de compassion et de compr\u00e9hension, car certaines t\u00e2ches sont beaucoup plus difficiles pour lui que pour ses pairs. \u00ab\u00a0Il est important de comprendre qu&rsquo;il y a une raison neurologique \u00e0 leurs difficult\u00e9s\u00a0\u00bb, a d\u00e9clar\u00e9 Taylor-Klaus. <\/p>\n<p>Cela est d\u00fb en partie \u00e0 des retards de d\u00e9veloppement, car les enfants qui ont des difficult\u00e9s avec les fonctions ex\u00e9cutives sont plus lents \u00e0 d\u00e9velopper certaines comp\u00e9tences que leurs pairs. \u00ab\u00a0Un enfant de huit ans ayant des difficult\u00e9s dans les fonctions ex\u00e9cutives pourrait \u00eatre \u00e0 \u00e9galit\u00e9 dans certains domaines avec un enfant de cinq ans\u00a0\u00bb, a d\u00e9clar\u00e9 Taylor-Klaus. \u00ab\u00a0Il s&rsquo;agit de le comprendre et de l&rsquo;accepter, puis de cr\u00e9er un environnement pour le soutenir, plut\u00f4t que de le juger et de le punir, alors que ce n&rsquo;est pas quelque chose qu&rsquo;on pourrait attendre d&rsquo;eux.\u00a0\u00bb <\/p>\n<h2 id=\"teach-them-how-to-work-through-problems\"><strong>Apprenez-leur \u00e0 r\u00e9soudre les probl\u00e8mes<\/strong> <\/h2>\n<p>Pour les enfants qui ont des difficult\u00e9s avec leurs fonctions ex\u00e9cutives, cela affectera plusieurs domaines de leur vie. Cela sera \u00e9galement diff\u00e9rent pour chaque enfant, ce qui signifie qu&rsquo;il est important de montrer activement comment r\u00e9soudre les probl\u00e8mes \u00e0 mesure qu&rsquo;ils surviennent, quels qu&rsquo;ils soient. <\/p>\n<p>Si le probl\u00e8me est d&rsquo;oublier d&rsquo;apporter des livres ou des devoirs \u00e0 l&rsquo;\u00e9cole, cela pourrait \u00eatre de parler \u00e0 votre enfant des articles qu&rsquo;il doit emporter dans son sac \u00e0 dos avant de monter dans le bus. S\u2019il s\u2019agit de r\u00e9gulation \u00e9motionnelle, il pourrait alors s\u2019agir de trouver diff\u00e9rentes mani\u00e8res de g\u00e9rer leurs frustrations.  <\/p>\n<p>Comme le souligne Taylor-Klaus, il ne s&rsquo;agit pas de r\u00e9soudre les probl\u00e8mes de votre enfant \u00e0 sa place, mais plut\u00f4t de l&rsquo;aider \u00e0 trouver les strat\u00e9gies qui lui conviennent le mieux. Certaines strat\u00e9gies sp\u00e9cifiques en cas de mauvaise m\u00e9moire de travail comprennent l&rsquo;\u00e9tablissement de listes de contr\u00f4le, l&rsquo;utilisation d&rsquo;un planificateur, l&rsquo;essai de diff\u00e9rentes strat\u00e9gies d&rsquo;apprentissage et l&rsquo;\u00e9tablissement de routines. <\/p>\n","protected":false},"excerpt":{"rendered":"<p>La fonction ex\u00e9cutive est ce qui nous aide \u00e0 planifier, prioriser et accomplir des t\u00e2ches \u2013 et certains enfants ont plus de difficult\u00e9s que d\u2019autres<\/p>\n","protected":false},"author":1,"featured_media":3023,"comment_status":"","ping_status":"","sticky":false,"template":"","format":"standard","meta":{"footnotes":""},"categories":[37],"tags":[294,61,44,29,3735,295,2342,2341,99,1055],"class_list":["post-3022","post","type-post","status-publish","format-standard","has-post-thumbnail","hentry","category-famille","tag-aider","tag-avec","tag-comment","tag-des","tag-difficultes","tag-enfant","tag-executives","tag-fonctions","tag-qui","tag-ses","generate-columns","tablet-grid-50","mobile-grid-100","grid-parent","grid-33"],"yoast_head":"<!-- This site is optimized with the Yoast SEO plugin v24.0 - https:\/\/yoast.com\/wordpress\/plugins\/seo\/ -->\n<title>Comment aider un enfant qui a des difficult\u00e9s avec ses fonctions ex\u00e9cutives | Vie Associative<\/title>\n<meta name=\"robots\" content=\"index, follow, max-snippet:-1, max-image-preview:large, max-video-preview:-1\" \/>\n<link rel=\"canonical\" href=\"https:\/\/vieassociative.be\/actualites\/comment-aider-un-enfant-qui-a-des-difficultes-avec-ses-fonctions-executives\/\" \/>\n<meta property=\"og:locale\" content=\"fr_FR\" \/>\n<meta property=\"og:type\" content=\"article\" \/>\n<meta property=\"og:title\" content=\"Comment aider un enfant qui a des difficult\u00e9s avec ses fonctions ex\u00e9cutives | Vie Associative\" \/>\n<meta property=\"og:description\" content=\"La fonction ex\u00e9cutive est ce qui nous aide \u00e0 planifier, prioriser et accomplir des t\u00e2ches \u2013 et certains enfants ont plus de difficult\u00e9s que d\u2019autres\" \/>\n<meta property=\"og:url\" content=\"https:\/\/vieassociative.be\/actualites\/comment-aider-un-enfant-qui-a-des-difficultes-avec-ses-fonctions-executives\/\" \/>\n<meta property=\"og:site_name\" content=\"Vie Associative\" \/>\n<meta property=\"article:published_time\" content=\"2024-12-03T17:17:11+00:00\" \/>\n<meta property=\"og:image\" content=\"https:\/\/vieassociative.be\/actualites\/wp-content\/uploads\/2024\/09\/header_backgroundk-01-e1726694325946.png\" \/>\n\t<meta property=\"og:image:width\" content=\"279\" \/>\n\t<meta property=\"og:image:height\" content=\"92\" \/>\n\t<meta property=\"og:image:type\" content=\"image\/png\" \/>\n<meta name=\"author\" content=\"Julien\" \/>\n<meta name=\"twitter:card\" content=\"summary_large_image\" \/>\n<meta name=\"twitter:label1\" content=\"\u00c9crit par\" \/>\n\t<meta name=\"twitter:data1\" content=\"Julien\" \/>\n\t<meta name=\"twitter:label2\" content=\"Dur\u00e9e de lecture est.\" \/>\n\t<meta name=\"twitter:data2\" content=\"4 minutes\" \/>\n<script type=\"application\/ld+json\" class=\"yoast-schema-graph\">{\"@context\":\"https:\/\/schema.org\",\"@graph\":[{\"@type\":\"Article\",\"@id\":\"https:\/\/vieassociative.be\/actualites\/comment-aider-un-enfant-qui-a-des-difficultes-avec-ses-fonctions-executives\/#article\",\"isPartOf\":{\"@id\":\"https:\/\/vieassociative.be\/actualites\/comment-aider-un-enfant-qui-a-des-difficultes-avec-ses-fonctions-executives\/\"},\"author\":{\"name\":\"Julien\",\"@id\":\"https:\/\/vieassociative.be\/actualites\/#\/schema\/person\/b87ac4f82f9d4e7b7cec7395b679edc4\"},\"headline\":\"Comment aider un enfant qui a des difficult\u00e9s avec ses fonctions ex\u00e9cutives\",\"datePublished\":\"2024-12-03T17:17:11+00:00\",\"dateModified\":\"2024-12-03T17:17:11+00:00\",\"mainEntityOfPage\":{\"@id\":\"https:\/\/vieassociative.be\/actualites\/comment-aider-un-enfant-qui-a-des-difficultes-avec-ses-fonctions-executives\/\"},\"wordCount\":868,\"publisher\":{\"@id\":\"https:\/\/vieassociative.be\/actualites\/#organization\"},\"image\":{\"@id\":\"https:\/\/vieassociative.be\/actualites\/comment-aider-un-enfant-qui-a-des-difficultes-avec-ses-fonctions-executives\/#primaryimage\"},\"thumbnailUrl\":\"https:\/\/vieassociative.be\/actualites\/wp-content\/uploads\/2024\/12\/Comment-aider-un-enfant-qui-a-des-difficultes-avec-ses.jpg\",\"keywords\":[\"aider\",\"avec\",\"Comment\",\"Des\",\"difficult\u00e9s\",\"enfant\",\"ex\u00e9cutives\",\"fonctions\",\"qui\",\"ses\"],\"articleSection\":[\"Famille\"],\"inLanguage\":\"fr-BE\"},{\"@type\":\"WebPage\",\"@id\":\"https:\/\/vieassociative.be\/actualites\/comment-aider-un-enfant-qui-a-des-difficultes-avec-ses-fonctions-executives\/\",\"url\":\"https:\/\/vieassociative.be\/actualites\/comment-aider-un-enfant-qui-a-des-difficultes-avec-ses-fonctions-executives\/\",\"name\":\"Comment aider un enfant qui a des difficult\u00e9s avec ses fonctions ex\u00e9cutives | Vie Associative\",\"isPartOf\":{\"@id\":\"https:\/\/vieassociative.be\/actualites\/#website\"},\"primaryImageOfPage\":{\"@id\":\"https:\/\/vieassociative.be\/actualites\/comment-aider-un-enfant-qui-a-des-difficultes-avec-ses-fonctions-executives\/#primaryimage\"},\"image\":{\"@id\":\"https:\/\/vieassociative.be\/actualites\/comment-aider-un-enfant-qui-a-des-difficultes-avec-ses-fonctions-executives\/#primaryimage\"},\"thumbnailUrl\":\"https:\/\/vieassociative.be\/actualites\/wp-content\/uploads\/2024\/12\/Comment-aider-un-enfant-qui-a-des-difficultes-avec-ses.jpg\",\"datePublished\":\"2024-12-03T17:17:11+00:00\",\"dateModified\":\"2024-12-03T17:17:11+00:00\",\"breadcrumb\":{\"@id\":\"https:\/\/vieassociative.be\/actualites\/comment-aider-un-enfant-qui-a-des-difficultes-avec-ses-fonctions-executives\/#breadcrumb\"},\"inLanguage\":\"fr-BE\",\"potentialAction\":[{\"@type\":\"ReadAction\",\"target\":[\"https:\/\/vieassociative.be\/actualites\/comment-aider-un-enfant-qui-a-des-difficultes-avec-ses-fonctions-executives\/\"]}]},{\"@type\":\"ImageObject\",\"inLanguage\":\"fr-BE\",\"@id\":\"https:\/\/vieassociative.be\/actualites\/comment-aider-un-enfant-qui-a-des-difficultes-avec-ses-fonctions-executives\/#primaryimage\",\"url\":\"https:\/\/vieassociative.be\/actualites\/wp-content\/uploads\/2024\/12\/Comment-aider-un-enfant-qui-a-des-difficultes-avec-ses.jpg\",\"contentUrl\":\"https:\/\/vieassociative.be\/actualites\/wp-content\/uploads\/2024\/12\/Comment-aider-un-enfant-qui-a-des-difficultes-avec-ses.jpg\",\"width\":1200,\"height\":675,\"caption\":\"Comment aider un enfant qui a des difficult\u00e9s avec ses fonctions ex\u00e9cutives\"},{\"@type\":\"BreadcrumbList\",\"@id\":\"https:\/\/vieassociative.be\/actualites\/comment-aider-un-enfant-qui-a-des-difficultes-avec-ses-fonctions-executives\/#breadcrumb\",\"itemListElement\":[{\"@type\":\"ListItem\",\"position\":1,\"name\":\"Accueil\",\"item\":\"https:\/\/vieassociative.be\/actualites\/\"},{\"@type\":\"ListItem\",\"position\":2,\"name\":\"Comment aider un enfant qui a des difficult\u00e9s avec ses fonctions ex\u00e9cutives\"}]},{\"@type\":\"WebSite\",\"@id\":\"https:\/\/vieassociative.be\/actualites\/#website\",\"url\":\"https:\/\/vieassociative.be\/actualites\/\",\"name\":\"Vie Associative\",\"description\":\"\",\"publisher\":{\"@id\":\"https:\/\/vieassociative.be\/actualites\/#organization\"},\"potentialAction\":[{\"@type\":\"SearchAction\",\"target\":{\"@type\":\"EntryPoint\",\"urlTemplate\":\"https:\/\/vieassociative.be\/actualites\/?s={search_term_string}\"},\"query-input\":{\"@type\":\"PropertyValueSpecification\",\"valueRequired\":true,\"valueName\":\"search_term_string\"}}],\"inLanguage\":\"fr-BE\"},{\"@type\":\"Organization\",\"@id\":\"https:\/\/vieassociative.be\/actualites\/#organization\",\"name\":\"Vie Associative\",\"url\":\"https:\/\/vieassociative.be\/actualites\/\",\"logo\":{\"@type\":\"ImageObject\",\"inLanguage\":\"fr-BE\",\"@id\":\"https:\/\/vieassociative.be\/actualites\/#\/schema\/logo\/image\/\",\"url\":\"https:\/\/vieassociative.be\/actualites\/wp-content\/uploads\/2024\/09\/cropped-vieassociative_favicon.ico.png\",\"contentUrl\":\"https:\/\/vieassociative.be\/actualites\/wp-content\/uploads\/2024\/09\/cropped-vieassociative_favicon.ico.png\",\"width\":512,\"height\":512,\"caption\":\"Vie Associative\"},\"image\":{\"@id\":\"https:\/\/vieassociative.be\/actualites\/#\/schema\/logo\/image\/\"}},{\"@type\":\"Person\",\"@id\":\"https:\/\/vieassociative.be\/actualites\/#\/schema\/person\/b87ac4f82f9d4e7b7cec7395b679edc4\",\"name\":\"Julien\",\"image\":{\"@type\":\"ImageObject\",\"inLanguage\":\"fr-BE\",\"@id\":\"https:\/\/vieassociative.be\/actualites\/#\/schema\/person\/image\/\",\"url\":\"https:\/\/vieassociative.be\/actualites\/wp-content\/uploads\/2024\/09\/vie-associative-1-150x150.jpg\",\"contentUrl\":\"https:\/\/vieassociative.be\/actualites\/wp-content\/uploads\/2024\/09\/vie-associative-1-150x150.jpg\",\"caption\":\"Julien\"},\"description\":\"Je suis Julien, r\u00e9dacteur pour Vie Associative. Passionn\u00e9 par le monde associatif depuis plus de 10 ans, j'ai \u00e0 c\u0153ur de partager des histoires inspirantes et de mettre en lumi\u00e8re les initiatives locales. Mon objectif est de sensibiliser et d'encourager l'engagement communautaire \u00e0 travers mes articles.\",\"sameAs\":[\"https:\/\/vieassociative.be\/\"]}]}<\/script>\n<!-- \/ Yoast SEO plugin. -->","yoast_head_json":{"title":"Comment aider un enfant qui a des difficult\u00e9s avec ses fonctions ex\u00e9cutives | Vie Associative","robots":{"index":"index","follow":"follow","max-snippet":"max-snippet:-1","max-image-preview":"max-image-preview:large","max-video-preview":"max-video-preview:-1"},"canonical":"https:\/\/vieassociative.be\/actualites\/comment-aider-un-enfant-qui-a-des-difficultes-avec-ses-fonctions-executives\/","og_locale":"fr_FR","og_type":"article","og_title":"Comment aider un enfant qui a des difficult\u00e9s avec ses fonctions ex\u00e9cutives | Vie Associative","og_description":"La fonction ex\u00e9cutive est ce qui nous aide \u00e0 planifier, prioriser et accomplir des t\u00e2ches \u2013 et certains enfants ont plus de difficult\u00e9s que d\u2019autres","og_url":"https:\/\/vieassociative.be\/actualites\/comment-aider-un-enfant-qui-a-des-difficultes-avec-ses-fonctions-executives\/","og_site_name":"Vie Associative","article_published_time":"2024-12-03T17:17:11+00:00","og_image":[{"width":279,"height":92,"url":"https:\/\/vieassociative.be\/actualites\/wp-content\/uploads\/2024\/09\/header_backgroundk-01-e1726694325946.png","type":"image\/png"}],"author":"Julien","twitter_card":"summary_large_image","twitter_misc":{"\u00c9crit par":"Julien","Dur\u00e9e de lecture est.":"4 minutes"},"schema":{"@context":"https:\/\/schema.org","@graph":[{"@type":"Article","@id":"https:\/\/vieassociative.be\/actualites\/comment-aider-un-enfant-qui-a-des-difficultes-avec-ses-fonctions-executives\/#article","isPartOf":{"@id":"https:\/\/vieassociative.be\/actualites\/comment-aider-un-enfant-qui-a-des-difficultes-avec-ses-fonctions-executives\/"},"author":{"name":"Julien","@id":"https:\/\/vieassociative.be\/actualites\/#\/schema\/person\/b87ac4f82f9d4e7b7cec7395b679edc4"},"headline":"Comment aider un enfant qui a des difficult\u00e9s avec ses fonctions ex\u00e9cutives","datePublished":"2024-12-03T17:17:11+00:00","dateModified":"2024-12-03T17:17:11+00:00","mainEntityOfPage":{"@id":"https:\/\/vieassociative.be\/actualites\/comment-aider-un-enfant-qui-a-des-difficultes-avec-ses-fonctions-executives\/"},"wordCount":868,"publisher":{"@id":"https:\/\/vieassociative.be\/actualites\/#organization"},"image":{"@id":"https:\/\/vieassociative.be\/actualites\/comment-aider-un-enfant-qui-a-des-difficultes-avec-ses-fonctions-executives\/#primaryimage"},"thumbnailUrl":"https:\/\/vieassociative.be\/actualites\/wp-content\/uploads\/2024\/12\/Comment-aider-un-enfant-qui-a-des-difficultes-avec-ses.jpg","keywords":["aider","avec","Comment","Des","difficult\u00e9s","enfant","ex\u00e9cutives","fonctions","qui","ses"],"articleSection":["Famille"],"inLanguage":"fr-BE"},{"@type":"WebPage","@id":"https:\/\/vieassociative.be\/actualites\/comment-aider-un-enfant-qui-a-des-difficultes-avec-ses-fonctions-executives\/","url":"https:\/\/vieassociative.be\/actualites\/comment-aider-un-enfant-qui-a-des-difficultes-avec-ses-fonctions-executives\/","name":"Comment aider un enfant qui a des difficult\u00e9s avec ses fonctions ex\u00e9cutives | Vie Associative","isPartOf":{"@id":"https:\/\/vieassociative.be\/actualites\/#website"},"primaryImageOfPage":{"@id":"https:\/\/vieassociative.be\/actualites\/comment-aider-un-enfant-qui-a-des-difficultes-avec-ses-fonctions-executives\/#primaryimage"},"image":{"@id":"https:\/\/vieassociative.be\/actualites\/comment-aider-un-enfant-qui-a-des-difficultes-avec-ses-fonctions-executives\/#primaryimage"},"thumbnailUrl":"https:\/\/vieassociative.be\/actualites\/wp-content\/uploads\/2024\/12\/Comment-aider-un-enfant-qui-a-des-difficultes-avec-ses.jpg","datePublished":"2024-12-03T17:17:11+00:00","dateModified":"2024-12-03T17:17:11+00:00","breadcrumb":{"@id":"https:\/\/vieassociative.be\/actualites\/comment-aider-un-enfant-qui-a-des-difficultes-avec-ses-fonctions-executives\/#breadcrumb"},"inLanguage":"fr-BE","potentialAction":[{"@type":"ReadAction","target":["https:\/\/vieassociative.be\/actualites\/comment-aider-un-enfant-qui-a-des-difficultes-avec-ses-fonctions-executives\/"]}]},{"@type":"ImageObject","inLanguage":"fr-BE","@id":"https:\/\/vieassociative.be\/actualites\/comment-aider-un-enfant-qui-a-des-difficultes-avec-ses-fonctions-executives\/#primaryimage","url":"https:\/\/vieassociative.be\/actualites\/wp-content\/uploads\/2024\/12\/Comment-aider-un-enfant-qui-a-des-difficultes-avec-ses.jpg","contentUrl":"https:\/\/vieassociative.be\/actualites\/wp-content\/uploads\/2024\/12\/Comment-aider-un-enfant-qui-a-des-difficultes-avec-ses.jpg","width":1200,"height":675,"caption":"Comment aider un enfant qui a des difficult\u00e9s avec ses fonctions ex\u00e9cutives"},{"@type":"BreadcrumbList","@id":"https:\/\/vieassociative.be\/actualites\/comment-aider-un-enfant-qui-a-des-difficultes-avec-ses-fonctions-executives\/#breadcrumb","itemListElement":[{"@type":"ListItem","position":1,"name":"Accueil","item":"https:\/\/vieassociative.be\/actualites\/"},{"@type":"ListItem","position":2,"name":"Comment aider un enfant qui a des difficult\u00e9s avec ses fonctions ex\u00e9cutives"}]},{"@type":"WebSite","@id":"https:\/\/vieassociative.be\/actualites\/#website","url":"https:\/\/vieassociative.be\/actualites\/","name":"Vie Associative","description":"","publisher":{"@id":"https:\/\/vieassociative.be\/actualites\/#organization"},"potentialAction":[{"@type":"SearchAction","target":{"@type":"EntryPoint","urlTemplate":"https:\/\/vieassociative.be\/actualites\/?s={search_term_string}"},"query-input":{"@type":"PropertyValueSpecification","valueRequired":true,"valueName":"search_term_string"}}],"inLanguage":"fr-BE"},{"@type":"Organization","@id":"https:\/\/vieassociative.be\/actualites\/#organization","name":"Vie Associative","url":"https:\/\/vieassociative.be\/actualites\/","logo":{"@type":"ImageObject","inLanguage":"fr-BE","@id":"https:\/\/vieassociative.be\/actualites\/#\/schema\/logo\/image\/","url":"https:\/\/vieassociative.be\/actualites\/wp-content\/uploads\/2024\/09\/cropped-vieassociative_favicon.ico.png","contentUrl":"https:\/\/vieassociative.be\/actualites\/wp-content\/uploads\/2024\/09\/cropped-vieassociative_favicon.ico.png","width":512,"height":512,"caption":"Vie Associative"},"image":{"@id":"https:\/\/vieassociative.be\/actualites\/#\/schema\/logo\/image\/"}},{"@type":"Person","@id":"https:\/\/vieassociative.be\/actualites\/#\/schema\/person\/b87ac4f82f9d4e7b7cec7395b679edc4","name":"Julien","image":{"@type":"ImageObject","inLanguage":"fr-BE","@id":"https:\/\/vieassociative.be\/actualites\/#\/schema\/person\/image\/","url":"https:\/\/vieassociative.be\/actualites\/wp-content\/uploads\/2024\/09\/vie-associative-1-150x150.jpg","contentUrl":"https:\/\/vieassociative.be\/actualites\/wp-content\/uploads\/2024\/09\/vie-associative-1-150x150.jpg","caption":"Julien"},"description":"Je suis Julien, r\u00e9dacteur pour Vie Associative. Passionn\u00e9 par le monde associatif depuis plus de 10 ans, j'ai \u00e0 c\u0153ur de partager des histoires inspirantes et de mettre en lumi\u00e8re les initiatives locales. Mon objectif est de sensibiliser et d'encourager l'engagement communautaire \u00e0 travers mes articles.","sameAs":["https:\/\/vieassociative.be\/"]}]}},"_links":{"self":[{"href":"https:\/\/vieassociative.be\/actualites\/wp-json\/wp\/v2\/posts\/3022"}],"collection":[{"href":"https:\/\/vieassociative.be\/actualites\/wp-json\/wp\/v2\/posts"}],"about":[{"href":"https:\/\/vieassociative.be\/actualites\/wp-json\/wp\/v2\/types\/post"}],"author":[{"embeddable":true,"href":"https:\/\/vieassociative.be\/actualites\/wp-json\/wp\/v2\/users\/1"}],"replies":[{"embeddable":true,"href":"https:\/\/vieassociative.be\/actualites\/wp-json\/wp\/v2\/comments?post=3022"}],"version-history":[{"count":0,"href":"https:\/\/vieassociative.be\/actualites\/wp-json\/wp\/v2\/posts\/3022\/revisions"}],"wp:featuredmedia":[{"embeddable":true,"href":"https:\/\/vieassociative.be\/actualites\/wp-json\/wp\/v2\/media\/3023"}],"wp:attachment":[{"href":"https:\/\/vieassociative.be\/actualites\/wp-json\/wp\/v2\/media?parent=3022"}],"wp:term":[{"taxonomy":"category","embeddable":true,"href":"https:\/\/vieassociative.be\/actualites\/wp-json\/wp\/v2\/categories?post=3022"},{"taxonomy":"post_tag","embeddable":true,"href":"https:\/\/vieassociative.be\/actualites\/wp-json\/wp\/v2\/tags?post=3022"}],"curies":[{"name":"wp","href":"https:\/\/api.w.org\/{rel}","templated":true}]}}