{"id":302,"date":"2024-09-22T05:18:56","date_gmt":"2024-09-22T03:18:56","guid":{"rendered":"https:\/\/vieassociative.be\/actualites\/les-meilleures-facons-de-faire-sortir-vos-enfants-a-linterieur-cet-ete\/"},"modified":"2024-09-22T05:18:56","modified_gmt":"2024-09-22T03:18:56","slug":"les-meilleures-facons-de-faire-sortir-vos-enfants-a-linterieur-cet-ete","status":"publish","type":"post","link":"https:\/\/vieassociative.be\/actualites\/les-meilleures-facons-de-faire-sortir-vos-enfants-a-linterieur-cet-ete\/","title":{"rendered":"Les meilleures fa\u00e7ons de faire sortir vos enfants \u00e0 l&rsquo;int\u00e9rieur cet \u00e9t\u00e9"},"content":{"rendered":"<div class=\"mt-4 leading-6 md:mb-8\">Passer du temps dans le jardin ne doit pas forc\u00e9ment \u00eatre ennuyeux.<\/div>\n<p><\/p>\n<p>Les vacances d&rsquo;\u00e9t\u00e9 ont commenc\u00e9 pour beaucoup d&rsquo;entre nous, et il est probable que vos enfants passent leur temps libre devant un \u00e9cran au lieu de profiter du beau temps. Nous ne r\u00e9p\u00e9terons pas ici les avertissements concernant les enfants et le temps pass\u00e9 devant un \u00e9cran, mais nous l&rsquo;admettons : les \u00e9loigner du jeu vid\u00e9o qui capte leur attention peut \u00eatre d\u00e9licat. S&rsquo;ils rebondissent sur les murs, cependant, un peu de soleil et d&rsquo;exercice pourraient changer leur attitude. \u00ab Mes enfants sont au mieux de leur forme \u00e0 l&rsquo;ext\u00e9rieur, et nous avons remarqu\u00e9 une diff\u00e9rence \u00bb, d\u00e9clare Shirra Baston, fondatrice et r\u00e9dactrice du blog <em>Faites sortir les enfants<\/em>.<\/p>\n<p>Si vous cherchez des moyens de les inciter \u00e0 passer du temps \u00e0 l\u2019ext\u00e9rieur, voici quelques moyens de s\u2019amuser et de leur inculquer l\u2019appr\u00e9ciation de la nature.<\/p>\n<h2 id=\"learn-about-nature-and-the-nighttime-sky-with-an-app\">Apprenez-en plus sur la nature (et le ciel nocturne) avec une application<\/h2>\n<p>C&rsquo;est vrai, vous essayez d&rsquo;obtenir votre enfant <em>d\u00e9sactiv\u00e9 <\/em>Les \u00e9crans. Mais cela ne signifie pas que vous ne pouvez pas utiliser la technologie pour aider \u00e0 inculquer un sens de la curiosit\u00e9 aux enfants et \u00e0 en apprendre davantage sur le monde qui les entoure. <\/p>\n<p>Pour explorer la journ\u00e9e, essayez PlantNet (iOS, Android), une application gratuite qui identifie les plantes. Les critiques affirment que l&rsquo;application donne des r\u00e9sultats rapides et pr\u00e9cis sans publicit\u00e9s g\u00eanantes. Et int\u00e9ressez vos enfants \u00e0 leurs voisins ail\u00e9s avec l&rsquo;application Merlin, qui enregistrera et identifiera tous les oiseaux \u00e0 proximit\u00e9. <\/p>\n<p>Baston recommande d&rsquo;essayer l&rsquo;application SkyView (liens vers la version \u00ab\u00a0lite\u00a0\u00bb\u00a0: iOS\/Android) lorsque le soleil se couche. Pointez votre appareil photo vers le ciel et l&rsquo;application identifiera les plan\u00e8tes, les \u00e9toiles, les constellations et m\u00eame les satellites.<\/p>\n<h2 id=\"attempt-a-science-experiment\">Tenter une exp\u00e9rience scientifique<\/h2>\n<p>Il y a quelques ann\u00e9es, j&rsquo;ai fait un g\u00e2chis dans mon jardin en mettant des Mentos dans une bouteille de Coca light, mais mes gar\u00e7ons ont ador\u00e9 (et en ont tir\u00e9 quelques le\u00e7ons). Ce n&rsquo;est qu&rsquo;une des exp\u00e9riences scientifiques que vous pouvez essayer en ext\u00e9rieur. Vous pouvez montrer \u00e0 vos enfants comment les gens disaient l&rsquo;heure avant les montres en construisant un cadran solaire ou en fabriquant un four solaire maison pour faire des s&rsquo;mores. Ce site Web est un excellent point de d\u00e9part si vous avez besoin d&rsquo;inspiration, et cette vid\u00e9o propose \u00e9galement des activit\u00e9s amusantes et simples qui retiendront l&rsquo;attention de votre enfant :<\/p>\n<div class=\"mx-auto mt-8 w-full max-w-4xl\">\n<div id=\"video-container-LN34TM1si1Q?si=aLUvhLTPgawRSXrE\"><\/div>\n<\/div>\n<h2 id=\"visit-a-botanical-garden-or-nature-preserve\">Visitez un jardin botanique ou une r\u00e9serve naturelle<\/h2>\n<p>De nombreux jardins botaniques et r\u00e9serves naturelles proposent des programmes adapt\u00e9s aux enfants et aux familles, notamment des cours de yoga, des chasses au tr\u00e9sor et des promenades nocturnes \u00e0 la lampe de poche.<\/p>\n<p>Si aucun cours ou activit\u00e9 n&rsquo;est disponible, encouragez vos enfants \u00e0 sentir l&rsquo;herbe sous leurs pieds ou \u00e0 observer les papillons et les insectes qui peuplent le jardin. Laissez-les sentir les diff\u00e9rentes odeurs des fleurs et demandez-leur quelles sont leurs pr\u00e9f\u00e9r\u00e9es. De retour \u00e0 la maison, demandez-leur de rechercher des odeurs ou des plantes similaires dans votre jardin. <\/p>\n<h2 id=\"have-some-ideas-in-your-back-pocket\">Ayez quelques id\u00e9es dans votre poche arri\u00e8re<\/h2>\n<p>Les craies pour trottoir sont un outil ancien mais fiable qui peut stimuler l&rsquo;imagination de votre enfant. Cependant, fabriquer des marelles ou dessiner des papillons peut rapidement devenir lassant pour vos enfants. <\/p>\n<p>Baston recommande d&rsquo;avoir des id\u00e9es pr\u00eates \u00e0 l&#8217;emploi pour les occuper. Vous pouvez lancer un jeu de morpion en utilisant des b\u00e2tons, des pierres et des glands ou partir en randonn\u00e9e et vous attribuer des points pour chaque animal ou arbre que vous voyez.<\/p>\n<p>\u00ab On peut tout inventer \u00e0 la vol\u00e9e \u00bb, ajoute Baston. \u00ab C&rsquo;est la beaut\u00e9 de la nature. On y d\u00e9couvre toujours quelque chose de nouveau et de diff\u00e9rent. \u00bb<\/p>\n<h2 id=\"capture-nature-on-canvas-or-turn-it-into-art\">Capturez la nature sur toile ou transformez-la en \u0153uvre d&rsquo;art<\/h2>\n<p>Monet l&rsquo;a fait. Van Gogh aussi. Pissarro \u00e9tait \u00e9galement un grand fan de la peinture en plein air, c&rsquo;est-\u00e0-dire de l&rsquo;acte de peindre en ext\u00e9rieur. Prenez des chevalets, des toiles, des pinceaux et de la peinture (ce coffret contient tout ce dont vous avez besoin) et rendez-vous dans un endroit pittoresque pr\u00e8s de chez vous et passez la journ\u00e9e \u00e0 peindre ce que vous voyez. Vous pouvez peindre de \u00ab jolis petits arbres \u00bb comme Bob Ross ou \u00eatre comme Renoir et opter pour un style impressionniste. Il n&rsquo;y a vraiment pas de bonne ou de mauvaise fa\u00e7on de le faire tant que vous et votre enfant vous amusez. <\/p>\n<p>Vous pouvez aussi transformer la nature en chef-d&rsquo;\u0153uvre. Avec votre enfant, rassemblez des feuilles, des fleurs, des brindilles, des glands, des pierres et tout ce que vous pouvez coller. Votre enfant peut cr\u00e9er des bonhommes allumettes \u00e0 l&rsquo;aide de vrais b\u00e2tons ou r\u00e9aliser un collage avec des feuilles et des p\u00e9tales, ou encore transformer un rocher en cr\u00e9ature avec ce kit d&rsquo;activit\u00e9s.<\/p>\n<h2 id=\"make-a-barky-boat-or-a-fairy-garden\">Fabriquez un \u00ab bateau \u00e0 \u00e9corce \u00bb ou un jardin de f\u00e9es<\/h2>\n<p>Dans <em>Bleu<\/em>il y a un \u00e9pisode o\u00f9 la Blue Heeler titulaire et son amie Mackenzie fabriquent des bateaux en utilisant un morceau d&rsquo;\u00e9corce d&rsquo;arbre et d&rsquo;autres \u00e9l\u00e9ments naturels pour les aider \u00e0 naviguer sur le ruisseau de leur \u00e9cole maternelle. Le site Web officiel de la s\u00e9rie propose des instructions pour vous aider \u00e0 d\u00e9marrer, mais Internet regorge de bonnes id\u00e9es pour passer au niveau sup\u00e9rieur.  <\/p>\n<p>Un autre <em>Bleu <\/em>L&rsquo;\u00e9pisode implique une invasion de f\u00e9es \u00e0 l&rsquo;int\u00e9rieur de la maison Heeler. Si vos enfants aiment ces cr\u00e9atures mythiques, pourquoi ne pas les aider \u00e0 en attirer quelques-unes en assemblant un jardin de f\u00e9es ? Cela peut \u00eatre aussi simple que de construire une maison avec des b\u00e2tonnets de glace et de planter des herbes dans un panier en osier. Si vous voulez passer au niveau sup\u00e9rieur, procurez-vous de la mousse, des pierres et des nains de jardin dans votre magasin d&rsquo;am\u00e9nagement paysager local pour offrir aux f\u00e9es une maison \u00e9labor\u00e9e \u00e0 laquelle elles ne pourront pas r\u00e9sister. Ce kit peut aider votre enfant \u00e0 d\u00e9marrer.<\/p>\n<h2 id=\"let-your-kids-take-the-lead\">Laissez vos enfants prendre les devants<\/h2>\n<p>Une promenade dans les bois peut \u00eatre une excellente activit\u00e9 de plein air pour toute la famille, mais parfois, votre enfant n&rsquo;est pas int\u00e9ress\u00e9 ou est trop petit pour parcourir une distance r\u00e9elle. Dans ce cas, Baston recommande de laisser <em>eux<\/em> soyez le leader et d\u00e9cidez de l&rsquo;orientation de votre famille (dans des limites raisonnables, bien s\u00fbr, nous ne voulons pas que vous vous perdiez). <\/p>\n<p>Elle explique : \u00ab Il faut accepter de ne pas n\u00e9cessairement atteindre la destination souhait\u00e9e. Cela leur donne un sentiment d&rsquo;appropriation et de responsabilit\u00e9 vis-\u00e0-vis de l&rsquo;activit\u00e9 et les engage beaucoup plus. \u00bb<\/p>\n","protected":false},"excerpt":{"rendered":"<p>Passer du temps dans le jardin ne doit pas forc\u00e9ment \u00eatre ennuyeux. Les vacances d&rsquo;\u00e9t\u00e9 ont commenc\u00e9 pour beaucoup d&rsquo;entre nous, et il est probable<\/p>\n","protected":false},"author":1,"featured_media":303,"comment_status":"","ping_status":"","sticky":false,"template":"","format":"standard","meta":{"footnotes":""},"categories":[37],"tags":[216,324,217,119,127,14,464,79,325,27],"class_list":["post-302","post","type-post","status-publish","format-standard","has-post-thumbnail","hentry","category-famille","tag-cet","tag-enfants","tag-ete","tag-facons","tag-faire","tag-les","tag-linterieur","tag-meilleures","tag-sortir","tag-vos","generate-columns","tablet-grid-50","mobile-grid-100","grid-parent","grid-33"],"yoast_head":"<!-- This site is optimized with the Yoast SEO plugin v24.0 - https:\/\/yoast.com\/wordpress\/plugins\/seo\/ -->\n<title>Les meilleures fa\u00e7ons de faire sortir vos enfants \u00e0 l&#039;int\u00e9rieur cet \u00e9t\u00e9 | Vie Associative<\/title>\n<meta name=\"robots\" content=\"index, follow, max-snippet:-1, max-image-preview:large, max-video-preview:-1\" \/>\n<link rel=\"canonical\" href=\"https:\/\/vieassociative.be\/actualites\/les-meilleures-facons-de-faire-sortir-vos-enfants-a-linterieur-cet-ete\/\" \/>\n<meta property=\"og:locale\" content=\"fr_FR\" \/>\n<meta property=\"og:type\" content=\"article\" \/>\n<meta property=\"og:title\" content=\"Les meilleures fa\u00e7ons de faire sortir vos enfants \u00e0 l&#039;int\u00e9rieur cet \u00e9t\u00e9 | Vie Associative\" \/>\n<meta property=\"og:description\" content=\"Passer du temps dans le jardin ne doit pas forc\u00e9ment \u00eatre ennuyeux. Les vacances d&rsquo;\u00e9t\u00e9 ont commenc\u00e9 pour beaucoup d&rsquo;entre nous, et il est probable\" \/>\n<meta property=\"og:url\" content=\"https:\/\/vieassociative.be\/actualites\/les-meilleures-facons-de-faire-sortir-vos-enfants-a-linterieur-cet-ete\/\" \/>\n<meta property=\"og:site_name\" content=\"Vie Associative\" \/>\n<meta property=\"article:published_time\" content=\"2024-09-22T03:18:56+00:00\" \/>\n<meta property=\"og:image\" content=\"https:\/\/vieassociative.be\/actualites\/wp-content\/uploads\/2024\/09\/header_backgroundk-01-e1726694325946.png\" \/>\n\t<meta property=\"og:image:width\" content=\"279\" \/>\n\t<meta property=\"og:image:height\" content=\"92\" \/>\n\t<meta property=\"og:image:type\" content=\"image\/png\" \/>\n<meta name=\"author\" content=\"Julien\" \/>\n<meta name=\"twitter:card\" content=\"summary_large_image\" \/>\n<meta name=\"twitter:label1\" content=\"\u00c9crit par\" \/>\n\t<meta name=\"twitter:data1\" content=\"Julien\" \/>\n\t<meta name=\"twitter:label2\" content=\"Dur\u00e9e de lecture est.\" \/>\n\t<meta name=\"twitter:data2\" content=\"6 minutes\" \/>\n<script type=\"application\/ld+json\" class=\"yoast-schema-graph\">{\"@context\":\"https:\/\/schema.org\",\"@graph\":[{\"@type\":\"Article\",\"@id\":\"https:\/\/vieassociative.be\/actualites\/les-meilleures-facons-de-faire-sortir-vos-enfants-a-linterieur-cet-ete\/#article\",\"isPartOf\":{\"@id\":\"https:\/\/vieassociative.be\/actualites\/les-meilleures-facons-de-faire-sortir-vos-enfants-a-linterieur-cet-ete\/\"},\"author\":{\"name\":\"Julien\",\"@id\":\"https:\/\/vieassociative.be\/actualites\/#\/schema\/person\/b87ac4f82f9d4e7b7cec7395b679edc4\"},\"headline\":\"Les meilleures fa\u00e7ons de faire sortir vos enfants \u00e0 l&rsquo;int\u00e9rieur cet \u00e9t\u00e9\",\"datePublished\":\"2024-09-22T03:18:56+00:00\",\"dateModified\":\"2024-09-22T03:18:56+00:00\",\"mainEntityOfPage\":{\"@id\":\"https:\/\/vieassociative.be\/actualites\/les-meilleures-facons-de-faire-sortir-vos-enfants-a-linterieur-cet-ete\/\"},\"wordCount\":1191,\"publisher\":{\"@id\":\"https:\/\/vieassociative.be\/actualites\/#organization\"},\"image\":{\"@id\":\"https:\/\/vieassociative.be\/actualites\/les-meilleures-facons-de-faire-sortir-vos-enfants-a-linterieur-cet-ete\/#primaryimage\"},\"thumbnailUrl\":\"https:\/\/vieassociative.be\/actualites\/wp-content\/uploads\/2024\/09\/Les-meilleures-facons-de-faire-sortir-vos-enfants-a-linterieur.jpg\",\"keywords\":[\"cet\",\"enfants\",\"\u00e9t\u00e9\",\"fa\u00e7ons\",\"faire\",\"Les\",\"lint\u00e9rieur\",\"meilleures\",\"sortir\",\"vos\"],\"articleSection\":[\"Famille\"],\"inLanguage\":\"fr-BE\"},{\"@type\":\"WebPage\",\"@id\":\"https:\/\/vieassociative.be\/actualites\/les-meilleures-facons-de-faire-sortir-vos-enfants-a-linterieur-cet-ete\/\",\"url\":\"https:\/\/vieassociative.be\/actualites\/les-meilleures-facons-de-faire-sortir-vos-enfants-a-linterieur-cet-ete\/\",\"name\":\"Les meilleures fa\u00e7ons de faire sortir vos enfants \u00e0 l'int\u00e9rieur cet \u00e9t\u00e9 | Vie Associative\",\"isPartOf\":{\"@id\":\"https:\/\/vieassociative.be\/actualites\/#website\"},\"primaryImageOfPage\":{\"@id\":\"https:\/\/vieassociative.be\/actualites\/les-meilleures-facons-de-faire-sortir-vos-enfants-a-linterieur-cet-ete\/#primaryimage\"},\"image\":{\"@id\":\"https:\/\/vieassociative.be\/actualites\/les-meilleures-facons-de-faire-sortir-vos-enfants-a-linterieur-cet-ete\/#primaryimage\"},\"thumbnailUrl\":\"https:\/\/vieassociative.be\/actualites\/wp-content\/uploads\/2024\/09\/Les-meilleures-facons-de-faire-sortir-vos-enfants-a-linterieur.jpg\",\"datePublished\":\"2024-09-22T03:18:56+00:00\",\"dateModified\":\"2024-09-22T03:18:56+00:00\",\"breadcrumb\":{\"@id\":\"https:\/\/vieassociative.be\/actualites\/les-meilleures-facons-de-faire-sortir-vos-enfants-a-linterieur-cet-ete\/#breadcrumb\"},\"inLanguage\":\"fr-BE\",\"potentialAction\":[{\"@type\":\"ReadAction\",\"target\":[\"https:\/\/vieassociative.be\/actualites\/les-meilleures-facons-de-faire-sortir-vos-enfants-a-linterieur-cet-ete\/\"]}]},{\"@type\":\"ImageObject\",\"inLanguage\":\"fr-BE\",\"@id\":\"https:\/\/vieassociative.be\/actualites\/les-meilleures-facons-de-faire-sortir-vos-enfants-a-linterieur-cet-ete\/#primaryimage\",\"url\":\"https:\/\/vieassociative.be\/actualites\/wp-content\/uploads\/2024\/09\/Les-meilleures-facons-de-faire-sortir-vos-enfants-a-linterieur.jpg\",\"contentUrl\":\"https:\/\/vieassociative.be\/actualites\/wp-content\/uploads\/2024\/09\/Les-meilleures-facons-de-faire-sortir-vos-enfants-a-linterieur.jpg\",\"width\":1200,\"height\":675,\"caption\":\"Les meilleures fa\u00e7ons de faire sortir vos enfants \u00e0 l'int\u00e9rieur cet \u00e9t\u00e9\"},{\"@type\":\"BreadcrumbList\",\"@id\":\"https:\/\/vieassociative.be\/actualites\/les-meilleures-facons-de-faire-sortir-vos-enfants-a-linterieur-cet-ete\/#breadcrumb\",\"itemListElement\":[{\"@type\":\"ListItem\",\"position\":1,\"name\":\"Accueil\",\"item\":\"https:\/\/vieassociative.be\/actualites\/\"},{\"@type\":\"ListItem\",\"position\":2,\"name\":\"Les meilleures fa\u00e7ons de faire sortir vos enfants \u00e0 l&rsquo;int\u00e9rieur cet \u00e9t\u00e9\"}]},{\"@type\":\"WebSite\",\"@id\":\"https:\/\/vieassociative.be\/actualites\/#website\",\"url\":\"https:\/\/vieassociative.be\/actualites\/\",\"name\":\"Vie Associative\",\"description\":\"\",\"publisher\":{\"@id\":\"https:\/\/vieassociative.be\/actualites\/#organization\"},\"potentialAction\":[{\"@type\":\"SearchAction\",\"target\":{\"@type\":\"EntryPoint\",\"urlTemplate\":\"https:\/\/vieassociative.be\/actualites\/?s={search_term_string}\"},\"query-input\":{\"@type\":\"PropertyValueSpecification\",\"valueRequired\":true,\"valueName\":\"search_term_string\"}}],\"inLanguage\":\"fr-BE\"},{\"@type\":\"Organization\",\"@id\":\"https:\/\/vieassociative.be\/actualites\/#organization\",\"name\":\"Vie Associative\",\"url\":\"https:\/\/vieassociative.be\/actualites\/\",\"logo\":{\"@type\":\"ImageObject\",\"inLanguage\":\"fr-BE\",\"@id\":\"https:\/\/vieassociative.be\/actualites\/#\/schema\/logo\/image\/\",\"url\":\"https:\/\/vieassociative.be\/actualites\/wp-content\/uploads\/2024\/09\/cropped-vieassociative_favicon.ico.png\",\"contentUrl\":\"https:\/\/vieassociative.be\/actualites\/wp-content\/uploads\/2024\/09\/cropped-vieassociative_favicon.ico.png\",\"width\":512,\"height\":512,\"caption\":\"Vie Associative\"},\"image\":{\"@id\":\"https:\/\/vieassociative.be\/actualites\/#\/schema\/logo\/image\/\"}},{\"@type\":\"Person\",\"@id\":\"https:\/\/vieassociative.be\/actualites\/#\/schema\/person\/b87ac4f82f9d4e7b7cec7395b679edc4\",\"name\":\"Julien\",\"image\":{\"@type\":\"ImageObject\",\"inLanguage\":\"fr-BE\",\"@id\":\"https:\/\/vieassociative.be\/actualites\/#\/schema\/person\/image\/\",\"url\":\"https:\/\/vieassociative.be\/actualites\/wp-content\/uploads\/2024\/09\/vie-associative-1-150x150.jpg\",\"contentUrl\":\"https:\/\/vieassociative.be\/actualites\/wp-content\/uploads\/2024\/09\/vie-associative-1-150x150.jpg\",\"caption\":\"Julien\"},\"description\":\"Je suis Julien, r\u00e9dacteur pour Vie Associative. Passionn\u00e9 par le monde associatif depuis plus de 10 ans, j'ai \u00e0 c\u0153ur de partager des histoires inspirantes et de mettre en lumi\u00e8re les initiatives locales. Mon objectif est de sensibiliser et d'encourager l'engagement communautaire \u00e0 travers mes articles.\",\"sameAs\":[\"https:\/\/vieassociative.be\/\"]}]}<\/script>\n<!-- \/ Yoast SEO plugin. -->","yoast_head_json":{"title":"Les meilleures fa\u00e7ons de faire sortir vos enfants \u00e0 l'int\u00e9rieur cet \u00e9t\u00e9 | Vie Associative","robots":{"index":"index","follow":"follow","max-snippet":"max-snippet:-1","max-image-preview":"max-image-preview:large","max-video-preview":"max-video-preview:-1"},"canonical":"https:\/\/vieassociative.be\/actualites\/les-meilleures-facons-de-faire-sortir-vos-enfants-a-linterieur-cet-ete\/","og_locale":"fr_FR","og_type":"article","og_title":"Les meilleures fa\u00e7ons de faire sortir vos enfants \u00e0 l'int\u00e9rieur cet \u00e9t\u00e9 | Vie Associative","og_description":"Passer du temps dans le jardin ne doit pas forc\u00e9ment \u00eatre ennuyeux. Les vacances d&rsquo;\u00e9t\u00e9 ont commenc\u00e9 pour beaucoup d&rsquo;entre nous, et il est probable","og_url":"https:\/\/vieassociative.be\/actualites\/les-meilleures-facons-de-faire-sortir-vos-enfants-a-linterieur-cet-ete\/","og_site_name":"Vie Associative","article_published_time":"2024-09-22T03:18:56+00:00","og_image":[{"width":279,"height":92,"url":"https:\/\/vieassociative.be\/actualites\/wp-content\/uploads\/2024\/09\/header_backgroundk-01-e1726694325946.png","type":"image\/png"}],"author":"Julien","twitter_card":"summary_large_image","twitter_misc":{"\u00c9crit par":"Julien","Dur\u00e9e de lecture est.":"6 minutes"},"schema":{"@context":"https:\/\/schema.org","@graph":[{"@type":"Article","@id":"https:\/\/vieassociative.be\/actualites\/les-meilleures-facons-de-faire-sortir-vos-enfants-a-linterieur-cet-ete\/#article","isPartOf":{"@id":"https:\/\/vieassociative.be\/actualites\/les-meilleures-facons-de-faire-sortir-vos-enfants-a-linterieur-cet-ete\/"},"author":{"name":"Julien","@id":"https:\/\/vieassociative.be\/actualites\/#\/schema\/person\/b87ac4f82f9d4e7b7cec7395b679edc4"},"headline":"Les meilleures fa\u00e7ons de faire sortir vos enfants \u00e0 l&rsquo;int\u00e9rieur cet \u00e9t\u00e9","datePublished":"2024-09-22T03:18:56+00:00","dateModified":"2024-09-22T03:18:56+00:00","mainEntityOfPage":{"@id":"https:\/\/vieassociative.be\/actualites\/les-meilleures-facons-de-faire-sortir-vos-enfants-a-linterieur-cet-ete\/"},"wordCount":1191,"publisher":{"@id":"https:\/\/vieassociative.be\/actualites\/#organization"},"image":{"@id":"https:\/\/vieassociative.be\/actualites\/les-meilleures-facons-de-faire-sortir-vos-enfants-a-linterieur-cet-ete\/#primaryimage"},"thumbnailUrl":"https:\/\/vieassociative.be\/actualites\/wp-content\/uploads\/2024\/09\/Les-meilleures-facons-de-faire-sortir-vos-enfants-a-linterieur.jpg","keywords":["cet","enfants","\u00e9t\u00e9","fa\u00e7ons","faire","Les","lint\u00e9rieur","meilleures","sortir","vos"],"articleSection":["Famille"],"inLanguage":"fr-BE"},{"@type":"WebPage","@id":"https:\/\/vieassociative.be\/actualites\/les-meilleures-facons-de-faire-sortir-vos-enfants-a-linterieur-cet-ete\/","url":"https:\/\/vieassociative.be\/actualites\/les-meilleures-facons-de-faire-sortir-vos-enfants-a-linterieur-cet-ete\/","name":"Les meilleures fa\u00e7ons de faire sortir vos enfants \u00e0 l'int\u00e9rieur cet \u00e9t\u00e9 | Vie Associative","isPartOf":{"@id":"https:\/\/vieassociative.be\/actualites\/#website"},"primaryImageOfPage":{"@id":"https:\/\/vieassociative.be\/actualites\/les-meilleures-facons-de-faire-sortir-vos-enfants-a-linterieur-cet-ete\/#primaryimage"},"image":{"@id":"https:\/\/vieassociative.be\/actualites\/les-meilleures-facons-de-faire-sortir-vos-enfants-a-linterieur-cet-ete\/#primaryimage"},"thumbnailUrl":"https:\/\/vieassociative.be\/actualites\/wp-content\/uploads\/2024\/09\/Les-meilleures-facons-de-faire-sortir-vos-enfants-a-linterieur.jpg","datePublished":"2024-09-22T03:18:56+00:00","dateModified":"2024-09-22T03:18:56+00:00","breadcrumb":{"@id":"https:\/\/vieassociative.be\/actualites\/les-meilleures-facons-de-faire-sortir-vos-enfants-a-linterieur-cet-ete\/#breadcrumb"},"inLanguage":"fr-BE","potentialAction":[{"@type":"ReadAction","target":["https:\/\/vieassociative.be\/actualites\/les-meilleures-facons-de-faire-sortir-vos-enfants-a-linterieur-cet-ete\/"]}]},{"@type":"ImageObject","inLanguage":"fr-BE","@id":"https:\/\/vieassociative.be\/actualites\/les-meilleures-facons-de-faire-sortir-vos-enfants-a-linterieur-cet-ete\/#primaryimage","url":"https:\/\/vieassociative.be\/actualites\/wp-content\/uploads\/2024\/09\/Les-meilleures-facons-de-faire-sortir-vos-enfants-a-linterieur.jpg","contentUrl":"https:\/\/vieassociative.be\/actualites\/wp-content\/uploads\/2024\/09\/Les-meilleures-facons-de-faire-sortir-vos-enfants-a-linterieur.jpg","width":1200,"height":675,"caption":"Les meilleures fa\u00e7ons de faire sortir vos enfants \u00e0 l'int\u00e9rieur cet \u00e9t\u00e9"},{"@type":"BreadcrumbList","@id":"https:\/\/vieassociative.be\/actualites\/les-meilleures-facons-de-faire-sortir-vos-enfants-a-linterieur-cet-ete\/#breadcrumb","itemListElement":[{"@type":"ListItem","position":1,"name":"Accueil","item":"https:\/\/vieassociative.be\/actualites\/"},{"@type":"ListItem","position":2,"name":"Les meilleures fa\u00e7ons de faire sortir vos enfants \u00e0 l&rsquo;int\u00e9rieur cet \u00e9t\u00e9"}]},{"@type":"WebSite","@id":"https:\/\/vieassociative.be\/actualites\/#website","url":"https:\/\/vieassociative.be\/actualites\/","name":"Vie Associative","description":"","publisher":{"@id":"https:\/\/vieassociative.be\/actualites\/#organization"},"potentialAction":[{"@type":"SearchAction","target":{"@type":"EntryPoint","urlTemplate":"https:\/\/vieassociative.be\/actualites\/?s={search_term_string}"},"query-input":{"@type":"PropertyValueSpecification","valueRequired":true,"valueName":"search_term_string"}}],"inLanguage":"fr-BE"},{"@type":"Organization","@id":"https:\/\/vieassociative.be\/actualites\/#organization","name":"Vie Associative","url":"https:\/\/vieassociative.be\/actualites\/","logo":{"@type":"ImageObject","inLanguage":"fr-BE","@id":"https:\/\/vieassociative.be\/actualites\/#\/schema\/logo\/image\/","url":"https:\/\/vieassociative.be\/actualites\/wp-content\/uploads\/2024\/09\/cropped-vieassociative_favicon.ico.png","contentUrl":"https:\/\/vieassociative.be\/actualites\/wp-content\/uploads\/2024\/09\/cropped-vieassociative_favicon.ico.png","width":512,"height":512,"caption":"Vie Associative"},"image":{"@id":"https:\/\/vieassociative.be\/actualites\/#\/schema\/logo\/image\/"}},{"@type":"Person","@id":"https:\/\/vieassociative.be\/actualites\/#\/schema\/person\/b87ac4f82f9d4e7b7cec7395b679edc4","name":"Julien","image":{"@type":"ImageObject","inLanguage":"fr-BE","@id":"https:\/\/vieassociative.be\/actualites\/#\/schema\/person\/image\/","url":"https:\/\/vieassociative.be\/actualites\/wp-content\/uploads\/2024\/09\/vie-associative-1-150x150.jpg","contentUrl":"https:\/\/vieassociative.be\/actualites\/wp-content\/uploads\/2024\/09\/vie-associative-1-150x150.jpg","caption":"Julien"},"description":"Je suis Julien, r\u00e9dacteur pour Vie Associative. Passionn\u00e9 par le monde associatif depuis plus de 10 ans, j'ai \u00e0 c\u0153ur de partager des histoires inspirantes et de mettre en lumi\u00e8re les initiatives locales. Mon objectif est de sensibiliser et d'encourager l'engagement communautaire \u00e0 travers mes articles.","sameAs":["https:\/\/vieassociative.be\/"]}]}},"_links":{"self":[{"href":"https:\/\/vieassociative.be\/actualites\/wp-json\/wp\/v2\/posts\/302"}],"collection":[{"href":"https:\/\/vieassociative.be\/actualites\/wp-json\/wp\/v2\/posts"}],"about":[{"href":"https:\/\/vieassociative.be\/actualites\/wp-json\/wp\/v2\/types\/post"}],"author":[{"embeddable":true,"href":"https:\/\/vieassociative.be\/actualites\/wp-json\/wp\/v2\/users\/1"}],"replies":[{"embeddable":true,"href":"https:\/\/vieassociative.be\/actualites\/wp-json\/wp\/v2\/comments?post=302"}],"version-history":[{"count":0,"href":"https:\/\/vieassociative.be\/actualites\/wp-json\/wp\/v2\/posts\/302\/revisions"}],"wp:featuredmedia":[{"embeddable":true,"href":"https:\/\/vieassociative.be\/actualites\/wp-json\/wp\/v2\/media\/303"}],"wp:attachment":[{"href":"https:\/\/vieassociative.be\/actualites\/wp-json\/wp\/v2\/media?parent=302"}],"wp:term":[{"taxonomy":"category","embeddable":true,"href":"https:\/\/vieassociative.be\/actualites\/wp-json\/wp\/v2\/categories?post=302"},{"taxonomy":"post_tag","embeddable":true,"href":"https:\/\/vieassociative.be\/actualites\/wp-json\/wp\/v2\/tags?post=302"}],"curies":[{"name":"wp","href":"https:\/\/api.w.org\/{rel}","templated":true}]}}