{"id":3019,"date":"2024-12-03T15:18:43","date_gmt":"2024-12-03T14:18:43","guid":{"rendered":"https:\/\/vieassociative.be\/actualites\/lue-recommande-une-protection-nettement-plus-stricte-pour-les-non-fumeurs-dans-les-terrains-de-jeux-et-les-restaurants-en-plein-air\/"},"modified":"2024-12-03T15:18:43","modified_gmt":"2024-12-03T14:18:43","slug":"lue-recommande-une-protection-nettement-plus-stricte-pour-les-non-fumeurs-dans-les-terrains-de-jeux-et-les-restaurants-en-plein-air","status":"publish","type":"post","link":"https:\/\/vieassociative.be\/actualites\/lue-recommande-une-protection-nettement-plus-stricte-pour-les-non-fumeurs-dans-les-terrains-de-jeux-et-les-restaurants-en-plein-air\/","title":{"rendered":"L&rsquo;UE recommande une protection nettement plus stricte pour les non-fumeurs dans les terrains de jeux et les restaurants en plein air"},"content":{"rendered":"<p><strong>Selon la Commission europ\u00e9enne, la consommation de tabac tue chaque ann\u00e9e 700 000 personnes dans l&rsquo;Union europ\u00e9enne. Une majorit\u00e9 d\u2019\u00c9tats europ\u00e9ens font d\u00e9sormais campagne pour un traitement plus strict du tabac.<\/strong><\/p>\n<p><span id=\"more-403181\"><\/span>Une majorit\u00e9 des ministres de la Sant\u00e9 de l\u2019UE souhaitent une protection nettement plus stricte des non-fumeurs \u00e0 l\u2019ext\u00e9rieur. Ils pr\u00f4nent une \u00ab protection efficace \u00bb contre le tabagisme passif, par exemple dans les aires de jeux et les restaurants en plein air.<\/p>\n<p>Outre les aires de jeux et la restauration en plein air, les parcs d&rsquo;attractions, les piscines, les plages et les zoos, les arr\u00eats de bus, les universit\u00e9s et les \u00e9v\u00e9nements en plein air font partie des sujets soumis \u00e0 des exigences plus strictes. La pr\u00e9sidence hongroise du Conseil a soulign\u00e9 : \u00ab La recommandation du Conseil ne contient pas d\u2019interdiction obligatoire. \u00bb Le ministre autrichien de la Sant\u00e9, Johannes Rauch, a d\u00e9clar\u00e9 : \u00ab L\u2019Europe n\u2019interdit rien. Cela doit \u00eatre enregistr\u00e9.<\/p>\n<div id=\"attachment_403187\" class=\"wp-caption alignleft\" style=\"max-width: 300px\"><img fetchpriority=\"high\" decoding=\"async\" class=\"wp-image-403187 size-medium\" src=\"https:\/\/vieassociative.be\/actualites\/wp-content\/uploads\/2024\/12\/LUE-recommande-une-protection-nettement-plus-stricte-pour-les-non-fumeurs.jpg\" alt=\"\" width=\"300\" height=\"207\"><\/p>\n<p class=\"wp-caption-text\">Les m\u00e9gots de cigarettes se trouvent dans un couvercle de tuyau utilis\u00e9 comme cendrier sur un chantier de construction. (\u00e0 dpa : \u00ab L&rsquo;UE recommande une protection nettement plus stricte pour les non-fumeurs \u00bb) Photo : Jens B\u00fcttner\/dpa\/<\/p>\n<\/div>\n<p><b>\u2013 Chaque \u00c9tat d\u00e9cide de ses propres interdictions : <\/b>Les \u00c9tats membres sont responsables de leur propre politique de sant\u00e9. Les critiques v\u00e9h\u00e9mentes de la recommandation de l&rsquo;UE \u00e9manent des d\u00e9mocrates-chr\u00e9tiens allemands au Parlement europ\u00e9en. \u00ab\u00a0Alors que la comp\u00e9titivit\u00e9 europ\u00e9enne continue de s&rsquo;affaiblir et qu&rsquo;une guerre sanglante fait rage dans notre voisinage, nous ne devrions pas avoir \u00e0 faire face \u00e0 des politiques d&rsquo;interdiction insens\u00e9es\u00a0\u00bb, a d\u00e9clar\u00e9 Daniel Caspary (CDU) apr\u00e8s la d\u00e9cision.<\/p>\n<p><b>\u2013 Pas d\u2019exception pour les chauffe-tabac et les e-cigarettes : <\/b>Outre la fum\u00e9e de tabac classique, les recommandations s\u2019adressent \u00e9galement aux chauffe-tabac et aux cigarettes \u00e9lectroniques. Les non-fumeurs et les enfants devraient \u00e9galement \u00eatre mieux prot\u00e9g\u00e9s de leurs fum\u00e9es.<\/p>\n<p>Avec cette d\u00e9cision, les \u00c9tats de l&rsquo;UE suivent la Commission europ\u00e9enne qui a propos\u00e9 en septembre de r\u00e9viser les recommandations actuelles sur les zones sans fum\u00e9e. L\u2019objectif est de prot\u00e9ger les gens du tabagisme passif et de r\u00e9duire le nombre de d\u00e9c\u00e8s par cancer. Il ne s&rsquo;agit pas seulement de cigarettes, mais aussi de la vapeur des cigarettes \u00e9lectroniques et des chauffe-tabac.<\/p>\n<p>Selon la Commission europ\u00e9enne, la consommation de tabac tue chaque ann\u00e9e 700 000 personnes dans l&rsquo;Union europ\u00e9enne, dont des dizaines de milliers \u00e0 cause du tabagisme passif. \u00ab Il s\u2019agit du plus grand risque sanitaire \u00e9vitable dans l\u2019UE \u00bb, a d\u00e9clar\u00e9 le commissaire europ\u00e9en \u00e0 la sant\u00e9, Oliver Varhelyi. (dpa)<\/p>\n","protected":false},"excerpt":{"rendered":"<p>Selon la Commission europ\u00e9enne, la consommation de tabac tue chaque ann\u00e9e 700 000 personnes dans l&rsquo;Union europ\u00e9enne. Une majorit\u00e9 d\u2019\u00c9tats europ\u00e9ens font d\u00e9sormais campagne pour<\/p>\n","protected":false},"author":1,"featured_media":3020,"comment_status":"","ping_status":"","sticky":false,"template":"","format":"standard","meta":{"footnotes":""},"categories":[298],"tags":[1327,166,350,14,3578,3729,3731,3734,81,3054,3728,3733,3730,3732,110],"class_list":["post-3019","post","type-post","status-publish","format-standard","has-post-thumbnail","hentry","category-belgique","tag-air","tag-dans","tag-jeux","tag-les","tag-lue","tag-nettement","tag-nonfumeurs","tag-plein","tag-pour","tag-protection","tag-recommande","tag-restaurants","tag-stricte","tag-terrains","tag-une","generate-columns","tablet-grid-50","mobile-grid-100","grid-parent","grid-33"],"yoast_head":"<!-- This site is optimized with the Yoast SEO plugin v24.0 - https:\/\/yoast.com\/wordpress\/plugins\/seo\/ -->\n<title>L&#039;UE recommande une protection nettement plus stricte pour les non-fumeurs dans les terrains de jeux et les restaurants en plein air | Vie Associative<\/title>\n<meta name=\"robots\" content=\"index, follow, max-snippet:-1, max-image-preview:large, max-video-preview:-1\" \/>\n<link rel=\"canonical\" href=\"https:\/\/vieassociative.be\/actualites\/lue-recommande-une-protection-nettement-plus-stricte-pour-les-non-fumeurs-dans-les-terrains-de-jeux-et-les-restaurants-en-plein-air\/\" \/>\n<meta property=\"og:locale\" content=\"fr_FR\" \/>\n<meta property=\"og:type\" content=\"article\" \/>\n<meta property=\"og:title\" content=\"L&#039;UE recommande une protection nettement plus stricte pour les non-fumeurs dans les terrains de jeux et les restaurants en plein air | Vie Associative\" \/>\n<meta property=\"og:description\" content=\"Selon la Commission europ\u00e9enne, la consommation de tabac tue chaque ann\u00e9e 700 000 personnes dans l&rsquo;Union europ\u00e9enne. Une majorit\u00e9 d\u2019\u00c9tats europ\u00e9ens font d\u00e9sormais campagne pour\" \/>\n<meta property=\"og:url\" content=\"https:\/\/vieassociative.be\/actualites\/lue-recommande-une-protection-nettement-plus-stricte-pour-les-non-fumeurs-dans-les-terrains-de-jeux-et-les-restaurants-en-plein-air\/\" \/>\n<meta property=\"og:site_name\" content=\"Vie Associative\" \/>\n<meta property=\"article:published_time\" content=\"2024-12-03T14:18:43+00:00\" \/>\n<meta property=\"og:image\" content=\"https:\/\/vieassociative.be\/actualites\/wp-content\/uploads\/2024\/12\/LUE-recommande-une-protection-nettement-plus-stricte-pour-les-non-fumeurs.jpg\" \/>\n<meta name=\"author\" content=\"Julien\" \/>\n<meta name=\"twitter:card\" content=\"summary_large_image\" \/>\n<meta name=\"twitter:label1\" content=\"\u00c9crit par\" \/>\n\t<meta name=\"twitter:data1\" content=\"Julien\" \/>\n\t<meta name=\"twitter:label2\" content=\"Dur\u00e9e de lecture est.\" \/>\n\t<meta name=\"twitter:data2\" content=\"2 minutes\" \/>\n<script type=\"application\/ld+json\" class=\"yoast-schema-graph\">{\"@context\":\"https:\/\/schema.org\",\"@graph\":[{\"@type\":\"Article\",\"@id\":\"https:\/\/vieassociative.be\/actualites\/lue-recommande-une-protection-nettement-plus-stricte-pour-les-non-fumeurs-dans-les-terrains-de-jeux-et-les-restaurants-en-plein-air\/#article\",\"isPartOf\":{\"@id\":\"https:\/\/vieassociative.be\/actualites\/lue-recommande-une-protection-nettement-plus-stricte-pour-les-non-fumeurs-dans-les-terrains-de-jeux-et-les-restaurants-en-plein-air\/\"},\"author\":{\"name\":\"Julien\",\"@id\":\"https:\/\/vieassociative.be\/actualites\/#\/schema\/person\/b87ac4f82f9d4e7b7cec7395b679edc4\"},\"headline\":\"L&rsquo;UE recommande une protection nettement plus stricte pour les non-fumeurs dans les terrains de jeux et les restaurants en plein air\",\"datePublished\":\"2024-12-03T14:18:43+00:00\",\"dateModified\":\"2024-12-03T14:18:43+00:00\",\"mainEntityOfPage\":{\"@id\":\"https:\/\/vieassociative.be\/actualites\/lue-recommande-une-protection-nettement-plus-stricte-pour-les-non-fumeurs-dans-les-terrains-de-jeux-et-les-restaurants-en-plein-air\/\"},\"wordCount\":476,\"publisher\":{\"@id\":\"https:\/\/vieassociative.be\/actualites\/#organization\"},\"image\":{\"@id\":\"https:\/\/vieassociative.be\/actualites\/lue-recommande-une-protection-nettement-plus-stricte-pour-les-non-fumeurs-dans-les-terrains-de-jeux-et-les-restaurants-en-plein-air\/#primaryimage\"},\"thumbnailUrl\":\"https:\/\/vieassociative.be\/actualites\/wp-content\/uploads\/2024\/12\/1733235524_LUE-recommande-une-protection-nettement-plus-stricte-pour-les-non-fumeurs.jpg\",\"keywords\":[\"air\",\"dans\",\"jeux\",\"Les\",\"LUE\",\"nettement\",\"nonfumeurs\",\"plein\",\"pour\",\"protection\",\"recommande\",\"restaurants\",\"stricte\",\"terrains\",\"une\"],\"articleSection\":[\"Belgique\"],\"inLanguage\":\"fr-BE\"},{\"@type\":\"WebPage\",\"@id\":\"https:\/\/vieassociative.be\/actualites\/lue-recommande-une-protection-nettement-plus-stricte-pour-les-non-fumeurs-dans-les-terrains-de-jeux-et-les-restaurants-en-plein-air\/\",\"url\":\"https:\/\/vieassociative.be\/actualites\/lue-recommande-une-protection-nettement-plus-stricte-pour-les-non-fumeurs-dans-les-terrains-de-jeux-et-les-restaurants-en-plein-air\/\",\"name\":\"L'UE recommande une protection nettement plus stricte pour les non-fumeurs dans les terrains de jeux et les restaurants en plein air | Vie Associative\",\"isPartOf\":{\"@id\":\"https:\/\/vieassociative.be\/actualites\/#website\"},\"primaryImageOfPage\":{\"@id\":\"https:\/\/vieassociative.be\/actualites\/lue-recommande-une-protection-nettement-plus-stricte-pour-les-non-fumeurs-dans-les-terrains-de-jeux-et-les-restaurants-en-plein-air\/#primaryimage\"},\"image\":{\"@id\":\"https:\/\/vieassociative.be\/actualites\/lue-recommande-une-protection-nettement-plus-stricte-pour-les-non-fumeurs-dans-les-terrains-de-jeux-et-les-restaurants-en-plein-air\/#primaryimage\"},\"thumbnailUrl\":\"https:\/\/vieassociative.be\/actualites\/wp-content\/uploads\/2024\/12\/1733235524_LUE-recommande-une-protection-nettement-plus-stricte-pour-les-non-fumeurs.jpg\",\"datePublished\":\"2024-12-03T14:18:43+00:00\",\"dateModified\":\"2024-12-03T14:18:43+00:00\",\"breadcrumb\":{\"@id\":\"https:\/\/vieassociative.be\/actualites\/lue-recommande-une-protection-nettement-plus-stricte-pour-les-non-fumeurs-dans-les-terrains-de-jeux-et-les-restaurants-en-plein-air\/#breadcrumb\"},\"inLanguage\":\"fr-BE\",\"potentialAction\":[{\"@type\":\"ReadAction\",\"target\":[\"https:\/\/vieassociative.be\/actualites\/lue-recommande-une-protection-nettement-plus-stricte-pour-les-non-fumeurs-dans-les-terrains-de-jeux-et-les-restaurants-en-plein-air\/\"]}]},{\"@type\":\"ImageObject\",\"inLanguage\":\"fr-BE\",\"@id\":\"https:\/\/vieassociative.be\/actualites\/lue-recommande-une-protection-nettement-plus-stricte-pour-les-non-fumeurs-dans-les-terrains-de-jeux-et-les-restaurants-en-plein-air\/#primaryimage\",\"url\":\"https:\/\/vieassociative.be\/actualites\/wp-content\/uploads\/2024\/12\/1733235524_LUE-recommande-une-protection-nettement-plus-stricte-pour-les-non-fumeurs.jpg\",\"contentUrl\":\"https:\/\/vieassociative.be\/actualites\/wp-content\/uploads\/2024\/12\/1733235524_LUE-recommande-une-protection-nettement-plus-stricte-pour-les-non-fumeurs.jpg\",\"width\":1300,\"height\":867,\"caption\":\"L'UE recommande une protection nettement plus stricte pour les non-fumeurs dans les terrains de jeux et les restaurants en plein air\"},{\"@type\":\"BreadcrumbList\",\"@id\":\"https:\/\/vieassociative.be\/actualites\/lue-recommande-une-protection-nettement-plus-stricte-pour-les-non-fumeurs-dans-les-terrains-de-jeux-et-les-restaurants-en-plein-air\/#breadcrumb\",\"itemListElement\":[{\"@type\":\"ListItem\",\"position\":1,\"name\":\"Accueil\",\"item\":\"https:\/\/vieassociative.be\/actualites\/\"},{\"@type\":\"ListItem\",\"position\":2,\"name\":\"L&rsquo;UE recommande une protection nettement plus stricte pour les non-fumeurs dans les terrains de jeux et les restaurants en plein air\"}]},{\"@type\":\"WebSite\",\"@id\":\"https:\/\/vieassociative.be\/actualites\/#website\",\"url\":\"https:\/\/vieassociative.be\/actualites\/\",\"name\":\"Vie Associative\",\"description\":\"\",\"publisher\":{\"@id\":\"https:\/\/vieassociative.be\/actualites\/#organization\"},\"potentialAction\":[{\"@type\":\"SearchAction\",\"target\":{\"@type\":\"EntryPoint\",\"urlTemplate\":\"https:\/\/vieassociative.be\/actualites\/?s={search_term_string}\"},\"query-input\":{\"@type\":\"PropertyValueSpecification\",\"valueRequired\":true,\"valueName\":\"search_term_string\"}}],\"inLanguage\":\"fr-BE\"},{\"@type\":\"Organization\",\"@id\":\"https:\/\/vieassociative.be\/actualites\/#organization\",\"name\":\"Vie Associative\",\"url\":\"https:\/\/vieassociative.be\/actualites\/\",\"logo\":{\"@type\":\"ImageObject\",\"inLanguage\":\"fr-BE\",\"@id\":\"https:\/\/vieassociative.be\/actualites\/#\/schema\/logo\/image\/\",\"url\":\"https:\/\/vieassociative.be\/actualites\/wp-content\/uploads\/2024\/09\/cropped-vieassociative_favicon.ico.png\",\"contentUrl\":\"https:\/\/vieassociative.be\/actualites\/wp-content\/uploads\/2024\/09\/cropped-vieassociative_favicon.ico.png\",\"width\":512,\"height\":512,\"caption\":\"Vie Associative\"},\"image\":{\"@id\":\"https:\/\/vieassociative.be\/actualites\/#\/schema\/logo\/image\/\"}},{\"@type\":\"Person\",\"@id\":\"https:\/\/vieassociative.be\/actualites\/#\/schema\/person\/b87ac4f82f9d4e7b7cec7395b679edc4\",\"name\":\"Julien\",\"image\":{\"@type\":\"ImageObject\",\"inLanguage\":\"fr-BE\",\"@id\":\"https:\/\/vieassociative.be\/actualites\/#\/schema\/person\/image\/\",\"url\":\"https:\/\/vieassociative.be\/actualites\/wp-content\/uploads\/2024\/09\/vie-associative-1-150x150.jpg\",\"contentUrl\":\"https:\/\/vieassociative.be\/actualites\/wp-content\/uploads\/2024\/09\/vie-associative-1-150x150.jpg\",\"caption\":\"Julien\"},\"description\":\"Je suis Julien, r\u00e9dacteur pour Vie Associative. Passionn\u00e9 par le monde associatif depuis plus de 10 ans, j'ai \u00e0 c\u0153ur de partager des histoires inspirantes et de mettre en lumi\u00e8re les initiatives locales. Mon objectif est de sensibiliser et d'encourager l'engagement communautaire \u00e0 travers mes articles.\",\"sameAs\":[\"https:\/\/vieassociative.be\/\"]}]}<\/script>\n<!-- \/ Yoast SEO plugin. -->","yoast_head_json":{"title":"L'UE recommande une protection nettement plus stricte pour les non-fumeurs dans les terrains de jeux et les restaurants en plein air | Vie Associative","robots":{"index":"index","follow":"follow","max-snippet":"max-snippet:-1","max-image-preview":"max-image-preview:large","max-video-preview":"max-video-preview:-1"},"canonical":"https:\/\/vieassociative.be\/actualites\/lue-recommande-une-protection-nettement-plus-stricte-pour-les-non-fumeurs-dans-les-terrains-de-jeux-et-les-restaurants-en-plein-air\/","og_locale":"fr_FR","og_type":"article","og_title":"L'UE recommande une protection nettement plus stricte pour les non-fumeurs dans les terrains de jeux et les restaurants en plein air | Vie Associative","og_description":"Selon la Commission europ\u00e9enne, la consommation de tabac tue chaque ann\u00e9e 700 000 personnes dans l&rsquo;Union europ\u00e9enne. Une majorit\u00e9 d\u2019\u00c9tats europ\u00e9ens font d\u00e9sormais campagne pour","og_url":"https:\/\/vieassociative.be\/actualites\/lue-recommande-une-protection-nettement-plus-stricte-pour-les-non-fumeurs-dans-les-terrains-de-jeux-et-les-restaurants-en-plein-air\/","og_site_name":"Vie Associative","article_published_time":"2024-12-03T14:18:43+00:00","og_image":[{"url":"https:\/\/vieassociative.be\/actualites\/wp-content\/uploads\/2024\/12\/LUE-recommande-une-protection-nettement-plus-stricte-pour-les-non-fumeurs.jpg","type":"","width":"","height":""}],"author":"Julien","twitter_card":"summary_large_image","twitter_misc":{"\u00c9crit par":"Julien","Dur\u00e9e de lecture est.":"2 minutes"},"schema":{"@context":"https:\/\/schema.org","@graph":[{"@type":"Article","@id":"https:\/\/vieassociative.be\/actualites\/lue-recommande-une-protection-nettement-plus-stricte-pour-les-non-fumeurs-dans-les-terrains-de-jeux-et-les-restaurants-en-plein-air\/#article","isPartOf":{"@id":"https:\/\/vieassociative.be\/actualites\/lue-recommande-une-protection-nettement-plus-stricte-pour-les-non-fumeurs-dans-les-terrains-de-jeux-et-les-restaurants-en-plein-air\/"},"author":{"name":"Julien","@id":"https:\/\/vieassociative.be\/actualites\/#\/schema\/person\/b87ac4f82f9d4e7b7cec7395b679edc4"},"headline":"L&rsquo;UE recommande une protection nettement plus stricte pour les non-fumeurs dans les terrains de jeux et les restaurants en plein air","datePublished":"2024-12-03T14:18:43+00:00","dateModified":"2024-12-03T14:18:43+00:00","mainEntityOfPage":{"@id":"https:\/\/vieassociative.be\/actualites\/lue-recommande-une-protection-nettement-plus-stricte-pour-les-non-fumeurs-dans-les-terrains-de-jeux-et-les-restaurants-en-plein-air\/"},"wordCount":476,"publisher":{"@id":"https:\/\/vieassociative.be\/actualites\/#organization"},"image":{"@id":"https:\/\/vieassociative.be\/actualites\/lue-recommande-une-protection-nettement-plus-stricte-pour-les-non-fumeurs-dans-les-terrains-de-jeux-et-les-restaurants-en-plein-air\/#primaryimage"},"thumbnailUrl":"https:\/\/vieassociative.be\/actualites\/wp-content\/uploads\/2024\/12\/1733235524_LUE-recommande-une-protection-nettement-plus-stricte-pour-les-non-fumeurs.jpg","keywords":["air","dans","jeux","Les","LUE","nettement","nonfumeurs","plein","pour","protection","recommande","restaurants","stricte","terrains","une"],"articleSection":["Belgique"],"inLanguage":"fr-BE"},{"@type":"WebPage","@id":"https:\/\/vieassociative.be\/actualites\/lue-recommande-une-protection-nettement-plus-stricte-pour-les-non-fumeurs-dans-les-terrains-de-jeux-et-les-restaurants-en-plein-air\/","url":"https:\/\/vieassociative.be\/actualites\/lue-recommande-une-protection-nettement-plus-stricte-pour-les-non-fumeurs-dans-les-terrains-de-jeux-et-les-restaurants-en-plein-air\/","name":"L'UE recommande une protection nettement plus stricte pour les non-fumeurs dans les terrains de jeux et les restaurants en plein air | Vie Associative","isPartOf":{"@id":"https:\/\/vieassociative.be\/actualites\/#website"},"primaryImageOfPage":{"@id":"https:\/\/vieassociative.be\/actualites\/lue-recommande-une-protection-nettement-plus-stricte-pour-les-non-fumeurs-dans-les-terrains-de-jeux-et-les-restaurants-en-plein-air\/#primaryimage"},"image":{"@id":"https:\/\/vieassociative.be\/actualites\/lue-recommande-une-protection-nettement-plus-stricte-pour-les-non-fumeurs-dans-les-terrains-de-jeux-et-les-restaurants-en-plein-air\/#primaryimage"},"thumbnailUrl":"https:\/\/vieassociative.be\/actualites\/wp-content\/uploads\/2024\/12\/1733235524_LUE-recommande-une-protection-nettement-plus-stricte-pour-les-non-fumeurs.jpg","datePublished":"2024-12-03T14:18:43+00:00","dateModified":"2024-12-03T14:18:43+00:00","breadcrumb":{"@id":"https:\/\/vieassociative.be\/actualites\/lue-recommande-une-protection-nettement-plus-stricte-pour-les-non-fumeurs-dans-les-terrains-de-jeux-et-les-restaurants-en-plein-air\/#breadcrumb"},"inLanguage":"fr-BE","potentialAction":[{"@type":"ReadAction","target":["https:\/\/vieassociative.be\/actualites\/lue-recommande-une-protection-nettement-plus-stricte-pour-les-non-fumeurs-dans-les-terrains-de-jeux-et-les-restaurants-en-plein-air\/"]}]},{"@type":"ImageObject","inLanguage":"fr-BE","@id":"https:\/\/vieassociative.be\/actualites\/lue-recommande-une-protection-nettement-plus-stricte-pour-les-non-fumeurs-dans-les-terrains-de-jeux-et-les-restaurants-en-plein-air\/#primaryimage","url":"https:\/\/vieassociative.be\/actualites\/wp-content\/uploads\/2024\/12\/1733235524_LUE-recommande-une-protection-nettement-plus-stricte-pour-les-non-fumeurs.jpg","contentUrl":"https:\/\/vieassociative.be\/actualites\/wp-content\/uploads\/2024\/12\/1733235524_LUE-recommande-une-protection-nettement-plus-stricte-pour-les-non-fumeurs.jpg","width":1300,"height":867,"caption":"L'UE recommande une protection nettement plus stricte pour les non-fumeurs dans les terrains de jeux et les restaurants en plein air"},{"@type":"BreadcrumbList","@id":"https:\/\/vieassociative.be\/actualites\/lue-recommande-une-protection-nettement-plus-stricte-pour-les-non-fumeurs-dans-les-terrains-de-jeux-et-les-restaurants-en-plein-air\/#breadcrumb","itemListElement":[{"@type":"ListItem","position":1,"name":"Accueil","item":"https:\/\/vieassociative.be\/actualites\/"},{"@type":"ListItem","position":2,"name":"L&rsquo;UE recommande une protection nettement plus stricte pour les non-fumeurs dans les terrains de jeux et les restaurants en plein air"}]},{"@type":"WebSite","@id":"https:\/\/vieassociative.be\/actualites\/#website","url":"https:\/\/vieassociative.be\/actualites\/","name":"Vie Associative","description":"","publisher":{"@id":"https:\/\/vieassociative.be\/actualites\/#organization"},"potentialAction":[{"@type":"SearchAction","target":{"@type":"EntryPoint","urlTemplate":"https:\/\/vieassociative.be\/actualites\/?s={search_term_string}"},"query-input":{"@type":"PropertyValueSpecification","valueRequired":true,"valueName":"search_term_string"}}],"inLanguage":"fr-BE"},{"@type":"Organization","@id":"https:\/\/vieassociative.be\/actualites\/#organization","name":"Vie Associative","url":"https:\/\/vieassociative.be\/actualites\/","logo":{"@type":"ImageObject","inLanguage":"fr-BE","@id":"https:\/\/vieassociative.be\/actualites\/#\/schema\/logo\/image\/","url":"https:\/\/vieassociative.be\/actualites\/wp-content\/uploads\/2024\/09\/cropped-vieassociative_favicon.ico.png","contentUrl":"https:\/\/vieassociative.be\/actualites\/wp-content\/uploads\/2024\/09\/cropped-vieassociative_favicon.ico.png","width":512,"height":512,"caption":"Vie Associative"},"image":{"@id":"https:\/\/vieassociative.be\/actualites\/#\/schema\/logo\/image\/"}},{"@type":"Person","@id":"https:\/\/vieassociative.be\/actualites\/#\/schema\/person\/b87ac4f82f9d4e7b7cec7395b679edc4","name":"Julien","image":{"@type":"ImageObject","inLanguage":"fr-BE","@id":"https:\/\/vieassociative.be\/actualites\/#\/schema\/person\/image\/","url":"https:\/\/vieassociative.be\/actualites\/wp-content\/uploads\/2024\/09\/vie-associative-1-150x150.jpg","contentUrl":"https:\/\/vieassociative.be\/actualites\/wp-content\/uploads\/2024\/09\/vie-associative-1-150x150.jpg","caption":"Julien"},"description":"Je suis Julien, r\u00e9dacteur pour Vie Associative. Passionn\u00e9 par le monde associatif depuis plus de 10 ans, j'ai \u00e0 c\u0153ur de partager des histoires inspirantes et de mettre en lumi\u00e8re les initiatives locales. Mon objectif est de sensibiliser et d'encourager l'engagement communautaire \u00e0 travers mes articles.","sameAs":["https:\/\/vieassociative.be\/"]}]}},"_links":{"self":[{"href":"https:\/\/vieassociative.be\/actualites\/wp-json\/wp\/v2\/posts\/3019"}],"collection":[{"href":"https:\/\/vieassociative.be\/actualites\/wp-json\/wp\/v2\/posts"}],"about":[{"href":"https:\/\/vieassociative.be\/actualites\/wp-json\/wp\/v2\/types\/post"}],"author":[{"embeddable":true,"href":"https:\/\/vieassociative.be\/actualites\/wp-json\/wp\/v2\/users\/1"}],"replies":[{"embeddable":true,"href":"https:\/\/vieassociative.be\/actualites\/wp-json\/wp\/v2\/comments?post=3019"}],"version-history":[{"count":0,"href":"https:\/\/vieassociative.be\/actualites\/wp-json\/wp\/v2\/posts\/3019\/revisions"}],"wp:featuredmedia":[{"embeddable":true,"href":"https:\/\/vieassociative.be\/actualites\/wp-json\/wp\/v2\/media\/3020"}],"wp:attachment":[{"href":"https:\/\/vieassociative.be\/actualites\/wp-json\/wp\/v2\/media?parent=3019"}],"wp:term":[{"taxonomy":"category","embeddable":true,"href":"https:\/\/vieassociative.be\/actualites\/wp-json\/wp\/v2\/categories?post=3019"},{"taxonomy":"post_tag","embeddable":true,"href":"https:\/\/vieassociative.be\/actualites\/wp-json\/wp\/v2\/tags?post=3019"}],"curies":[{"name":"wp","href":"https:\/\/api.w.org\/{rel}","templated":true}]}}