{"id":3018,"date":"2024-12-03T14:18:04","date_gmt":"2024-12-03T13:18:04","guid":{"rendered":"https:\/\/vieassociative.be\/actualites\/le-macbook-air-m2-a-son-prix-le-plus-bas-jamais-vu-pour-le-cyber-monday\/"},"modified":"2024-12-03T14:18:04","modified_gmt":"2024-12-03T13:18:04","slug":"le-macbook-air-m2-a-son-prix-le-plus-bas-jamais-vu-pour-le-cyber-monday","status":"publish","type":"post","link":"https:\/\/vieassociative.be\/actualites\/le-macbook-air-m2-a-son-prix-le-plus-bas-jamais-vu-pour-le-cyber-monday\/","title":{"rendered":"Le MacBook Air M2 a son prix le plus bas jamais vu pour le Cyber \u200b\u200b\u200b\u200bMonday"},"content":{"rendered":"<div class=\"mt-4 leading-6 md:mb-8\">Vous pouvez obtenir la puce M2 de 16 Go de RAM pour 749 $, un rapport qualit\u00e9-prix impressionnant.<\/div>\n<p><\/p>\n<p><em>Le MacBook Air M2 fait partie du million de produits en vente pour le Cyber \u200b\u200bMonday cette ann\u00e9e. Si vous \u00eates int\u00e9ress\u00e9 par la meilleure technologie en vente aujourd&rsquo;hui, <strong>consultez notre page des meilleures offres technologiques du Cyber \u200b\u200b\u200b\u200bMonday<\/strong><\/em><em>  pour une vue plus large de toutes les meilleures r\u00e9ductions que vous pouvez obtenir d\u00e8s maintenant. Les prix sont exacts au moment de la r\u00e9daction, mais vous pouvez vous attendre \u00e0 ce qu&rsquo;ils fluctuent et que les stocks se vendent, vous ne voudrez donc peut-\u00eatre pas h\u00e9siter si vous voyez une vente qui vous attire.<\/em><\/p>\n<p>Apple fabrique certains des meilleurs ordinateurs portables pour le grand public, et la s\u00e9rie MacBook Air a toujours \u00e9t\u00e9 l&rsquo;une des plus populaires. La version 16 Go de RAM du MacBook Air M2 est en promotion ou <strong>749\u00a0$<\/strong> pour le Cyber \u200b\u200b\u200b\u200bMonday (\u00e0 l&rsquo;origine 999 $) sur Amazon, le prix le plus bas jamais enregistr\u00e9 selon les outils de suivi des prix. Il est disponible dans les couleurs gris sid\u00e9ral, minuit, argent et starlight.<\/p>\n<p>Cette version avec 16 Go de RAM \u00e9tait tomb\u00e9e \u00e0 799 $ plus t\u00f4t ce mois-ci et repr\u00e9sentait \u00e0 l&rsquo;\u00e9poque une valeur incroyable. D\u00e9sormais, avec son offre Cyber \u200b\u200b\u200b\u200bMonday actuelle, il perd 50 $ suppl\u00e9mentaires. Bien que vous puissiez acheter des MacBook l\u00e9g\u00e8rement moins chers avec 8 Go de RAM, la m\u00e9moire suppl\u00e9mentaire de ce mod\u00e8le est une meilleure affaire et permettra \u00e0 votre ordinateur portable de durer beaucoup plus longtemps. Un peu plus t\u00f4t cette ann\u00e9e, en avril, le co\u00fbt pour doubler votre RAM \u00e0 16 Go \u00e9tait de 200 $. Comme l&rsquo;explique le r\u00e9dacteur technique Jake Peterson, cela pourrait \u00eatre le dernier ordinateur portable que vous achetez.<\/p>\n<p>Le MacBook Air M2 est sorti en 2022, et \u00e0 en juger par la fa\u00e7on dont Apple sauvegarde toujours le M1, vous pouvez vous attendre \u00e0 de nombreuses ann\u00e9es de support pour le M2. Le M2 est livr\u00e9 avec un \u00e9cran de 13,6 pouces avec une r\u00e9solution de 2560 x 1664 et une autonomie d&rsquo;environ 17 heures, selon l&rsquo;examen de CNET.<\/p>\n<p>Si vous poss\u00e9dez d\u00e9j\u00e0 un Mac M1, voici la diff\u00e9rence entre le M1 et le M2 pour vous aider \u00e0 d\u00e9cider si la mise \u00e0 niveau en vaut la peine. Si vous comparez le M2 et le M3, vous pouvez voir notre r\u00e9partition compl\u00e8te comparant les deux.<\/p>\n<div class=\"w-full mt-12 text-center sm:text-left\" x-data=\"{ showAll: false }\">\n<div class=\"flex flex-col items-center justify-between sm:px-6 sm:flex-row\">\n\t\t\t<span class=\"text-sm italic\">Les offres sont s\u00e9lectionn\u00e9es par notre \u00e9quipe commerciale<\/span><\/p><\/div>\n<\/p><\/div>\n","protected":false},"excerpt":{"rendered":"<p>Vous pouvez obtenir la puce M2 de 16 Go de RAM pour 749 $, un rapport qualit\u00e9-prix impressionnant. Le MacBook Air M2 fait partie du<\/p>\n","protected":false},"author":1,"featured_media":2905,"comment_status":"","ping_status":"","sticky":false,"template":"","format":"standard","meta":{"footnotes":""},"categories":[13],"tags":[1327,700,2624,851,686,2625,81,1399,800],"class_list":["post-3018","post","type-post","status-publish","format-standard","has-post-thumbnail","hentry","category-technologie","tag-air","tag-bas","tag-cyber","tag-jamais","tag-macbook","tag-monday","tag-pour","tag-prix","tag-son","generate-columns","tablet-grid-50","mobile-grid-100","grid-parent","grid-33"],"yoast_head":"<!-- This site is optimized with the Yoast SEO plugin v24.0 - https:\/\/yoast.com\/wordpress\/plugins\/seo\/ -->\n<title>Le MacBook Air M2 a son prix le plus bas jamais vu pour le Cyber \u200b\u200b\u200b\u200bMonday | Vie Associative<\/title>\n<meta name=\"robots\" content=\"index, follow, max-snippet:-1, max-image-preview:large, max-video-preview:-1\" \/>\n<link rel=\"canonical\" href=\"https:\/\/vieassociative.be\/actualites\/le-macbook-air-m2-a-son-prix-le-plus-bas-jamais-vu-pour-le-cyber-monday\/\" \/>\n<meta property=\"og:locale\" content=\"fr_FR\" \/>\n<meta property=\"og:type\" content=\"article\" \/>\n<meta property=\"og:title\" content=\"Le MacBook Air M2 a son prix le plus bas jamais vu pour le Cyber \u200b\u200b\u200b\u200bMonday | Vie Associative\" \/>\n<meta property=\"og:description\" content=\"Vous pouvez obtenir la puce M2 de 16 Go de RAM pour 749 $, un rapport qualit\u00e9-prix impressionnant. Le MacBook Air M2 fait partie du\" \/>\n<meta property=\"og:url\" content=\"https:\/\/vieassociative.be\/actualites\/le-macbook-air-m2-a-son-prix-le-plus-bas-jamais-vu-pour-le-cyber-monday\/\" \/>\n<meta property=\"og:site_name\" content=\"Vie Associative\" \/>\n<meta property=\"article:published_time\" content=\"2024-12-03T13:18:04+00:00\" \/>\n<meta property=\"og:image\" content=\"https:\/\/vieassociative.be\/actualites\/wp-content\/uploads\/2024\/09\/header_backgroundk-01-e1726694325946.png\" \/>\n\t<meta property=\"og:image:width\" content=\"279\" \/>\n\t<meta property=\"og:image:height\" content=\"92\" \/>\n\t<meta property=\"og:image:type\" content=\"image\/png\" \/>\n<meta name=\"author\" content=\"Julien\" \/>\n<meta name=\"twitter:card\" content=\"summary_large_image\" \/>\n<meta name=\"twitter:label1\" content=\"\u00c9crit par\" \/>\n\t<meta name=\"twitter:data1\" content=\"Julien\" \/>\n\t<meta name=\"twitter:label2\" content=\"Dur\u00e9e de lecture est.\" \/>\n\t<meta name=\"twitter:data2\" content=\"2 minutes\" \/>\n<script type=\"application\/ld+json\" class=\"yoast-schema-graph\">{\"@context\":\"https:\/\/schema.org\",\"@graph\":[{\"@type\":\"Article\",\"@id\":\"https:\/\/vieassociative.be\/actualites\/le-macbook-air-m2-a-son-prix-le-plus-bas-jamais-vu-pour-le-cyber-monday\/#article\",\"isPartOf\":{\"@id\":\"https:\/\/vieassociative.be\/actualites\/le-macbook-air-m2-a-son-prix-le-plus-bas-jamais-vu-pour-le-cyber-monday\/\"},\"author\":{\"name\":\"Julien\",\"@id\":\"https:\/\/vieassociative.be\/actualites\/#\/schema\/person\/b87ac4f82f9d4e7b7cec7395b679edc4\"},\"headline\":\"Le MacBook Air M2 a son prix le plus bas jamais vu pour le Cyber \u200b\u200b\u200b\u200bMonday\",\"datePublished\":\"2024-12-03T13:18:04+00:00\",\"dateModified\":\"2024-12-03T13:18:04+00:00\",\"mainEntityOfPage\":{\"@id\":\"https:\/\/vieassociative.be\/actualites\/le-macbook-air-m2-a-son-prix-le-plus-bas-jamais-vu-pour-le-cyber-monday\/\"},\"wordCount\":439,\"publisher\":{\"@id\":\"https:\/\/vieassociative.be\/actualites\/#organization\"},\"image\":{\"@id\":\"https:\/\/vieassociative.be\/actualites\/le-macbook-air-m2-a-son-prix-le-plus-bas-jamais-vu-pour-le-cyber-monday\/#primaryimage\"},\"thumbnailUrl\":\"https:\/\/vieassociative.be\/actualites\/wp-content\/uploads\/2024\/11\/Le-MacBook-Air-M2-a-son-prix-le-plus-bas.png\",\"keywords\":[\"air\",\"bas\",\"Cyber\",\"jamais\",\"MacBook\",\"Monday\",\"pour\",\"prix\",\"son\"],\"articleSection\":[\"Technologie\"],\"inLanguage\":\"fr-BE\"},{\"@type\":\"WebPage\",\"@id\":\"https:\/\/vieassociative.be\/actualites\/le-macbook-air-m2-a-son-prix-le-plus-bas-jamais-vu-pour-le-cyber-monday\/\",\"url\":\"https:\/\/vieassociative.be\/actualites\/le-macbook-air-m2-a-son-prix-le-plus-bas-jamais-vu-pour-le-cyber-monday\/\",\"name\":\"Le MacBook Air M2 a son prix le plus bas jamais vu pour le Cyber \u200b\u200b\u200b\u200bMonday | Vie Associative\",\"isPartOf\":{\"@id\":\"https:\/\/vieassociative.be\/actualites\/#website\"},\"primaryImageOfPage\":{\"@id\":\"https:\/\/vieassociative.be\/actualites\/le-macbook-air-m2-a-son-prix-le-plus-bas-jamais-vu-pour-le-cyber-monday\/#primaryimage\"},\"image\":{\"@id\":\"https:\/\/vieassociative.be\/actualites\/le-macbook-air-m2-a-son-prix-le-plus-bas-jamais-vu-pour-le-cyber-monday\/#primaryimage\"},\"thumbnailUrl\":\"https:\/\/vieassociative.be\/actualites\/wp-content\/uploads\/2024\/11\/Le-MacBook-Air-M2-a-son-prix-le-plus-bas.png\",\"datePublished\":\"2024-12-03T13:18:04+00:00\",\"dateModified\":\"2024-12-03T13:18:04+00:00\",\"breadcrumb\":{\"@id\":\"https:\/\/vieassociative.be\/actualites\/le-macbook-air-m2-a-son-prix-le-plus-bas-jamais-vu-pour-le-cyber-monday\/#breadcrumb\"},\"inLanguage\":\"fr-BE\",\"potentialAction\":[{\"@type\":\"ReadAction\",\"target\":[\"https:\/\/vieassociative.be\/actualites\/le-macbook-air-m2-a-son-prix-le-plus-bas-jamais-vu-pour-le-cyber-monday\/\"]}]},{\"@type\":\"ImageObject\",\"inLanguage\":\"fr-BE\",\"@id\":\"https:\/\/vieassociative.be\/actualites\/le-macbook-air-m2-a-son-prix-le-plus-bas-jamais-vu-pour-le-cyber-monday\/#primaryimage\",\"url\":\"https:\/\/vieassociative.be\/actualites\/wp-content\/uploads\/2024\/11\/Le-MacBook-Air-M2-a-son-prix-le-plus-bas.png\",\"contentUrl\":\"https:\/\/vieassociative.be\/actualites\/wp-content\/uploads\/2024\/11\/Le-MacBook-Air-M2-a-son-prix-le-plus-bas.png\",\"width\":1200,\"height\":675,\"caption\":\"Le MacBook Air M2 a son prix le plus bas jamais vu pour le Black Friday\"},{\"@type\":\"BreadcrumbList\",\"@id\":\"https:\/\/vieassociative.be\/actualites\/le-macbook-air-m2-a-son-prix-le-plus-bas-jamais-vu-pour-le-cyber-monday\/#breadcrumb\",\"itemListElement\":[{\"@type\":\"ListItem\",\"position\":1,\"name\":\"Accueil\",\"item\":\"https:\/\/vieassociative.be\/actualites\/\"},{\"@type\":\"ListItem\",\"position\":2,\"name\":\"Le MacBook Air M2 a son prix le plus bas jamais vu pour le Cyber \u200b\u200b\u200b\u200bMonday\"}]},{\"@type\":\"WebSite\",\"@id\":\"https:\/\/vieassociative.be\/actualites\/#website\",\"url\":\"https:\/\/vieassociative.be\/actualites\/\",\"name\":\"Vie Associative\",\"description\":\"\",\"publisher\":{\"@id\":\"https:\/\/vieassociative.be\/actualites\/#organization\"},\"potentialAction\":[{\"@type\":\"SearchAction\",\"target\":{\"@type\":\"EntryPoint\",\"urlTemplate\":\"https:\/\/vieassociative.be\/actualites\/?s={search_term_string}\"},\"query-input\":{\"@type\":\"PropertyValueSpecification\",\"valueRequired\":true,\"valueName\":\"search_term_string\"}}],\"inLanguage\":\"fr-BE\"},{\"@type\":\"Organization\",\"@id\":\"https:\/\/vieassociative.be\/actualites\/#organization\",\"name\":\"Vie Associative\",\"url\":\"https:\/\/vieassociative.be\/actualites\/\",\"logo\":{\"@type\":\"ImageObject\",\"inLanguage\":\"fr-BE\",\"@id\":\"https:\/\/vieassociative.be\/actualites\/#\/schema\/logo\/image\/\",\"url\":\"https:\/\/vieassociative.be\/actualites\/wp-content\/uploads\/2024\/09\/cropped-vieassociative_favicon.ico.png\",\"contentUrl\":\"https:\/\/vieassociative.be\/actualites\/wp-content\/uploads\/2024\/09\/cropped-vieassociative_favicon.ico.png\",\"width\":512,\"height\":512,\"caption\":\"Vie Associative\"},\"image\":{\"@id\":\"https:\/\/vieassociative.be\/actualites\/#\/schema\/logo\/image\/\"}},{\"@type\":\"Person\",\"@id\":\"https:\/\/vieassociative.be\/actualites\/#\/schema\/person\/b87ac4f82f9d4e7b7cec7395b679edc4\",\"name\":\"Julien\",\"image\":{\"@type\":\"ImageObject\",\"inLanguage\":\"fr-BE\",\"@id\":\"https:\/\/vieassociative.be\/actualites\/#\/schema\/person\/image\/\",\"url\":\"https:\/\/vieassociative.be\/actualites\/wp-content\/uploads\/2024\/09\/vie-associative-1-150x150.jpg\",\"contentUrl\":\"https:\/\/vieassociative.be\/actualites\/wp-content\/uploads\/2024\/09\/vie-associative-1-150x150.jpg\",\"caption\":\"Julien\"},\"description\":\"Je suis Julien, r\u00e9dacteur pour Vie Associative. Passionn\u00e9 par le monde associatif depuis plus de 10 ans, j'ai \u00e0 c\u0153ur de partager des histoires inspirantes et de mettre en lumi\u00e8re les initiatives locales. Mon objectif est de sensibiliser et d'encourager l'engagement communautaire \u00e0 travers mes articles.\",\"sameAs\":[\"https:\/\/vieassociative.be\/\"]}]}<\/script>\n<!-- \/ Yoast SEO plugin. -->","yoast_head_json":{"title":"Le MacBook Air M2 a son prix le plus bas jamais vu pour le Cyber \u200b\u200b\u200b\u200bMonday | Vie Associative","robots":{"index":"index","follow":"follow","max-snippet":"max-snippet:-1","max-image-preview":"max-image-preview:large","max-video-preview":"max-video-preview:-1"},"canonical":"https:\/\/vieassociative.be\/actualites\/le-macbook-air-m2-a-son-prix-le-plus-bas-jamais-vu-pour-le-cyber-monday\/","og_locale":"fr_FR","og_type":"article","og_title":"Le MacBook Air M2 a son prix le plus bas jamais vu pour le Cyber \u200b\u200b\u200b\u200bMonday | Vie Associative","og_description":"Vous pouvez obtenir la puce M2 de 16 Go de RAM pour 749 $, un rapport qualit\u00e9-prix impressionnant. Le MacBook Air M2 fait partie du","og_url":"https:\/\/vieassociative.be\/actualites\/le-macbook-air-m2-a-son-prix-le-plus-bas-jamais-vu-pour-le-cyber-monday\/","og_site_name":"Vie Associative","article_published_time":"2024-12-03T13:18:04+00:00","og_image":[{"width":279,"height":92,"url":"https:\/\/vieassociative.be\/actualites\/wp-content\/uploads\/2024\/09\/header_backgroundk-01-e1726694325946.png","type":"image\/png"}],"author":"Julien","twitter_card":"summary_large_image","twitter_misc":{"\u00c9crit par":"Julien","Dur\u00e9e de lecture est.":"2 minutes"},"schema":{"@context":"https:\/\/schema.org","@graph":[{"@type":"Article","@id":"https:\/\/vieassociative.be\/actualites\/le-macbook-air-m2-a-son-prix-le-plus-bas-jamais-vu-pour-le-cyber-monday\/#article","isPartOf":{"@id":"https:\/\/vieassociative.be\/actualites\/le-macbook-air-m2-a-son-prix-le-plus-bas-jamais-vu-pour-le-cyber-monday\/"},"author":{"name":"Julien","@id":"https:\/\/vieassociative.be\/actualites\/#\/schema\/person\/b87ac4f82f9d4e7b7cec7395b679edc4"},"headline":"Le MacBook Air M2 a son prix le plus bas jamais vu pour le Cyber \u200b\u200b\u200b\u200bMonday","datePublished":"2024-12-03T13:18:04+00:00","dateModified":"2024-12-03T13:18:04+00:00","mainEntityOfPage":{"@id":"https:\/\/vieassociative.be\/actualites\/le-macbook-air-m2-a-son-prix-le-plus-bas-jamais-vu-pour-le-cyber-monday\/"},"wordCount":439,"publisher":{"@id":"https:\/\/vieassociative.be\/actualites\/#organization"},"image":{"@id":"https:\/\/vieassociative.be\/actualites\/le-macbook-air-m2-a-son-prix-le-plus-bas-jamais-vu-pour-le-cyber-monday\/#primaryimage"},"thumbnailUrl":"https:\/\/vieassociative.be\/actualites\/wp-content\/uploads\/2024\/11\/Le-MacBook-Air-M2-a-son-prix-le-plus-bas.png","keywords":["air","bas","Cyber","jamais","MacBook","Monday","pour","prix","son"],"articleSection":["Technologie"],"inLanguage":"fr-BE"},{"@type":"WebPage","@id":"https:\/\/vieassociative.be\/actualites\/le-macbook-air-m2-a-son-prix-le-plus-bas-jamais-vu-pour-le-cyber-monday\/","url":"https:\/\/vieassociative.be\/actualites\/le-macbook-air-m2-a-son-prix-le-plus-bas-jamais-vu-pour-le-cyber-monday\/","name":"Le MacBook Air M2 a son prix le plus bas jamais vu pour le Cyber \u200b\u200b\u200b\u200bMonday | Vie Associative","isPartOf":{"@id":"https:\/\/vieassociative.be\/actualites\/#website"},"primaryImageOfPage":{"@id":"https:\/\/vieassociative.be\/actualites\/le-macbook-air-m2-a-son-prix-le-plus-bas-jamais-vu-pour-le-cyber-monday\/#primaryimage"},"image":{"@id":"https:\/\/vieassociative.be\/actualites\/le-macbook-air-m2-a-son-prix-le-plus-bas-jamais-vu-pour-le-cyber-monday\/#primaryimage"},"thumbnailUrl":"https:\/\/vieassociative.be\/actualites\/wp-content\/uploads\/2024\/11\/Le-MacBook-Air-M2-a-son-prix-le-plus-bas.png","datePublished":"2024-12-03T13:18:04+00:00","dateModified":"2024-12-03T13:18:04+00:00","breadcrumb":{"@id":"https:\/\/vieassociative.be\/actualites\/le-macbook-air-m2-a-son-prix-le-plus-bas-jamais-vu-pour-le-cyber-monday\/#breadcrumb"},"inLanguage":"fr-BE","potentialAction":[{"@type":"ReadAction","target":["https:\/\/vieassociative.be\/actualites\/le-macbook-air-m2-a-son-prix-le-plus-bas-jamais-vu-pour-le-cyber-monday\/"]}]},{"@type":"ImageObject","inLanguage":"fr-BE","@id":"https:\/\/vieassociative.be\/actualites\/le-macbook-air-m2-a-son-prix-le-plus-bas-jamais-vu-pour-le-cyber-monday\/#primaryimage","url":"https:\/\/vieassociative.be\/actualites\/wp-content\/uploads\/2024\/11\/Le-MacBook-Air-M2-a-son-prix-le-plus-bas.png","contentUrl":"https:\/\/vieassociative.be\/actualites\/wp-content\/uploads\/2024\/11\/Le-MacBook-Air-M2-a-son-prix-le-plus-bas.png","width":1200,"height":675,"caption":"Le MacBook Air M2 a son prix le plus bas jamais vu pour le Black Friday"},{"@type":"BreadcrumbList","@id":"https:\/\/vieassociative.be\/actualites\/le-macbook-air-m2-a-son-prix-le-plus-bas-jamais-vu-pour-le-cyber-monday\/#breadcrumb","itemListElement":[{"@type":"ListItem","position":1,"name":"Accueil","item":"https:\/\/vieassociative.be\/actualites\/"},{"@type":"ListItem","position":2,"name":"Le MacBook Air M2 a son prix le plus bas jamais vu pour le Cyber \u200b\u200b\u200b\u200bMonday"}]},{"@type":"WebSite","@id":"https:\/\/vieassociative.be\/actualites\/#website","url":"https:\/\/vieassociative.be\/actualites\/","name":"Vie Associative","description":"","publisher":{"@id":"https:\/\/vieassociative.be\/actualites\/#organization"},"potentialAction":[{"@type":"SearchAction","target":{"@type":"EntryPoint","urlTemplate":"https:\/\/vieassociative.be\/actualites\/?s={search_term_string}"},"query-input":{"@type":"PropertyValueSpecification","valueRequired":true,"valueName":"search_term_string"}}],"inLanguage":"fr-BE"},{"@type":"Organization","@id":"https:\/\/vieassociative.be\/actualites\/#organization","name":"Vie Associative","url":"https:\/\/vieassociative.be\/actualites\/","logo":{"@type":"ImageObject","inLanguage":"fr-BE","@id":"https:\/\/vieassociative.be\/actualites\/#\/schema\/logo\/image\/","url":"https:\/\/vieassociative.be\/actualites\/wp-content\/uploads\/2024\/09\/cropped-vieassociative_favicon.ico.png","contentUrl":"https:\/\/vieassociative.be\/actualites\/wp-content\/uploads\/2024\/09\/cropped-vieassociative_favicon.ico.png","width":512,"height":512,"caption":"Vie Associative"},"image":{"@id":"https:\/\/vieassociative.be\/actualites\/#\/schema\/logo\/image\/"}},{"@type":"Person","@id":"https:\/\/vieassociative.be\/actualites\/#\/schema\/person\/b87ac4f82f9d4e7b7cec7395b679edc4","name":"Julien","image":{"@type":"ImageObject","inLanguage":"fr-BE","@id":"https:\/\/vieassociative.be\/actualites\/#\/schema\/person\/image\/","url":"https:\/\/vieassociative.be\/actualites\/wp-content\/uploads\/2024\/09\/vie-associative-1-150x150.jpg","contentUrl":"https:\/\/vieassociative.be\/actualites\/wp-content\/uploads\/2024\/09\/vie-associative-1-150x150.jpg","caption":"Julien"},"description":"Je suis Julien, r\u00e9dacteur pour Vie Associative. Passionn\u00e9 par le monde associatif depuis plus de 10 ans, j'ai \u00e0 c\u0153ur de partager des histoires inspirantes et de mettre en lumi\u00e8re les initiatives locales. Mon objectif est de sensibiliser et d'encourager l'engagement communautaire \u00e0 travers mes articles.","sameAs":["https:\/\/vieassociative.be\/"]}]}},"_links":{"self":[{"href":"https:\/\/vieassociative.be\/actualites\/wp-json\/wp\/v2\/posts\/3018"}],"collection":[{"href":"https:\/\/vieassociative.be\/actualites\/wp-json\/wp\/v2\/posts"}],"about":[{"href":"https:\/\/vieassociative.be\/actualites\/wp-json\/wp\/v2\/types\/post"}],"author":[{"embeddable":true,"href":"https:\/\/vieassociative.be\/actualites\/wp-json\/wp\/v2\/users\/1"}],"replies":[{"embeddable":true,"href":"https:\/\/vieassociative.be\/actualites\/wp-json\/wp\/v2\/comments?post=3018"}],"version-history":[{"count":0,"href":"https:\/\/vieassociative.be\/actualites\/wp-json\/wp\/v2\/posts\/3018\/revisions"}],"wp:featuredmedia":[{"embeddable":true,"href":"https:\/\/vieassociative.be\/actualites\/wp-json\/wp\/v2\/media\/2905"}],"wp:attachment":[{"href":"https:\/\/vieassociative.be\/actualites\/wp-json\/wp\/v2\/media?parent=3018"}],"wp:term":[{"taxonomy":"category","embeddable":true,"href":"https:\/\/vieassociative.be\/actualites\/wp-json\/wp\/v2\/categories?post=3018"},{"taxonomy":"post_tag","embeddable":true,"href":"https:\/\/vieassociative.be\/actualites\/wp-json\/wp\/v2\/tags?post=3018"}],"curies":[{"name":"wp","href":"https:\/\/api.w.org\/{rel}","templated":true}]}}