{"id":3011,"date":"2024-12-03T08:17:09","date_gmt":"2024-12-03T07:17:09","guid":{"rendered":"https:\/\/vieassociative.be\/actualites\/je-suis-un-redacteur-technique-et-ce-sont-mes-ventes-preferees-du-cyber-monday-sur-les-ordinateurs-portables\/"},"modified":"2024-12-03T08:17:09","modified_gmt":"2024-12-03T07:17:09","slug":"je-suis-un-redacteur-technique-et-ce-sont-mes-ventes-preferees-du-cyber-monday-sur-les-ordinateurs-portables","status":"publish","type":"post","link":"https:\/\/vieassociative.be\/actualites\/je-suis-un-redacteur-technique-et-ce-sont-mes-ventes-preferees-du-cyber-monday-sur-les-ordinateurs-portables\/","title":{"rendered":"Je suis un r\u00e9dacteur technique et ce sont mes ventes pr\u00e9f\u00e9r\u00e9es du Cyber \u200b\u200b\u200b\u200bMonday sur les ordinateurs portables"},"content":{"rendered":"<div class=\"mt-4 leading-6 md:mb-8\">C&rsquo;est le bon moment pour une mise \u00e0 niveau.<\/div>\n<p><\/p>\n<p>Les ordinateurs portables sont l&rsquo;un des articles les plus couramment r\u00e9duits lors du Cyber \u200b\u200b\u200b\u200bMonday, que vous pr\u00e9f\u00e9riez les MacBook, les ordinateurs portables, les Chromebooks ou les machines de jeux. Les ventes se d\u00e9roulent sur Amazon, Best Buy, les sites Web des d\u00e9taillants et bien plus encore, avec des r\u00e9ductions de prix allant jusqu&rsquo;\u00e0 400 $ sur des ordinateurs portables dot\u00e9s de sp\u00e9cifications haut de gamme et de mat\u00e9riel moderne. Les prix sont exacts au moment de la r\u00e9daction, mais vous pouvez vous attendre \u00e0 ce qu&rsquo;ils fluctuent et que les stocks se vendent, vous ne voudrez donc peut-\u00eatre pas h\u00e9siter si vous voyez une vente qui vous attire. Et si vous \u00eates \u00e9galement int\u00e9ress\u00e9 par une nouvelle tablette ou un nouveau t\u00e9l\u00e9phone, consultez notre page des meilleures offres technologiques du Cyber \u200b\u200b\u200b\u200bMonday pour une vue plus large de toutes les meilleures r\u00e9ductions que vous pouvez obtenir d\u00e8s maintenant.<\/p>\n<h2 id=\"best-cyber-monday-macbook-deals\">Meilleures offres MacBook du Cyber \u200b\u200b\u200b\u200bMonday<\/h2>\n<p>Les aficionados d&rsquo;Apple ont l&#8217;embarras du choix ce Cyber \u200b\u200bMonday, avec des offres sur toute la gamme de puces internes de la s\u00e9rie M de l&rsquo;entreprise.<\/p>\n<ul>\n<li>\n<p><strong>Apple MacBook Air 13 pouces avec puce M3\u00a0: 1\u00a0099\u00a0$ sur Amazon<\/strong><strong>  (au lieu de 1\u00a0299\u00a0$)<\/strong>. Il s&rsquo;agit du MacBook Air le plus r\u00e9cent d&rsquo;Apple, dot\u00e9 de la puce M3, de 16 Go de RAM de base et de 512 Go de stockage de base (malheureusement, l&rsquo;offre sur le mod\u00e8le de 256 Go est \u00e9puis\u00e9e au moment de la r\u00e9daction). C&rsquo;est plus que suffisant pour la plupart des gens.<\/p>\n<\/li>\n<li>\n<p><strong>Apple MacBook Air 15 pouces avec puce M3\u00a0: 1\u00a0424\u00a0$ sur Amazon<\/strong><strong>  (au lieu de 1\u00a0699\u00a0$)<\/strong>. Largement similaire \u00e0 son homologue de 13 pouces, ce MacBook Air est livr\u00e9 avec un \u00e9cran de 15 pouces et une puce M3. Au moment de la r\u00e9daction de cet article, seul le mod\u00e8le de 512 Go avec 24 Go de m\u00e9moire est en stock.<\/p>\n<\/li>\n<li>\n<p><strong>Apple MacBook Air 13 pouces avec puce M2 : 799 $ sur Amazon<\/strong><strong>  (au lieu de 999\u00a0$)<\/strong>. Si vous acceptez un mod\u00e8le l\u00e9g\u00e8rement plus ancien, le MacBook Air M2 avec 16 Go de RAM et 256 Go de stockage co\u00fbte actuellement 100 $ de moins que le mod\u00e8le M3.<\/p>\n<\/li>\n<li>\n<p><strong>Apple MacBook Air 13 pouces avec puce M1\u00a0: 599\u00a0$ chez Walmart<\/strong><strong>  (au lieu de 699\u00a0$)<\/strong>. Le plus ancien MacBook Air de la s\u00e9rie M d&rsquo;Apple est toujours un puissant bourreau de travail, avec une puce M1, 8 Go de m\u00e9moire et 256 Go de stockage, bien que la r\u00e9duction plus faible ici ne justifie pas le compromis.<\/p>\n<\/li>\n<li>\n<p><strong>Apple MacBook Pro 14 pouces avec puce M3 Pro\u00a0:\u00a01\u00a0699\u00a0$ chez Best Buy<\/strong><strong>  (au lieu de 1\u00a0899\u00a0$)<\/strong>. Mod\u00e8le l\u00e9g\u00e8rement plus ancien de MacBook Pro, cet ordinateur portable de 14 pouces dispose d&rsquo;une puce M3 Pro, de 18 Go de m\u00e9moire et d&rsquo;un SSD de 512 Go. C&rsquo;est un bon compromis entre un MacBook Air et un MacBook Pro.<\/p>\n<\/li>\n<li>\n<p><strong>Apple MacBook Pro 14 pouces avec puce M4 Pro : 1\u00a0749 $ sur Amazon<\/strong><strong>  (au lieu de 1\u00a0999\u00a0$)<\/strong>. Ou tout simplement, abandonnez les compromis. Si vous voulez un MacBook de niveau professionnel avec une puce de niveau professionnel, c&rsquo;est un excellent choix. Vous obtiendrez un MacBook Pro 14 pouces avec une puce M4 Pro, 24 Go de m\u00e9moire et jusqu&rsquo;\u00e0 1 To de stockage.<\/p>\n<\/li>\n<li>\n<p><strong>Apple MacBook Pro 16 pouces avec puce M4 Pro : 2 249 $ sur Amazon<\/strong><strong>  (au lieu de 2\u00a0499\u00a0$)<\/strong>. Cette mise \u00e0 niveau d&rsquo;\u00e9cran de 16 pouces vers le MacBook Pro M4 Pro, avec la m\u00eame puce, jusqu&rsquo;\u00e0 48 Go de m\u00e9moire et 512 Go de stockage.<\/p>\n<\/li>\n<li>\n<p><strong>Apple MacBook Pro 16 pouces avec puce M4 Max\u00a0: 3\u00a0149\u00a0$ sur Amazon<\/strong><strong>  (au lieu de 3\u00a0499\u00a0$)<\/strong>. Une mise \u00e0 niveau de la taille de l&rsquo;\u00e9cran vers le MacBook Pro M4 Max, cette offre vous offrira un \u00e9cran de 16 pouces, 36 Go de m\u00e9moire et un SSD de 1 To.<\/p>\n<\/li>\n<\/ul>\n<h2 id=\"best-cyber-monday-windows-laptop-deals\">Meilleures offres d\u2019ordinateurs portables Windows du Cyber \u200b\u200b\u200b\u200bMonday<\/h2>\n<p>Pour ceux qui, comme moi, ont grandi avec un PC Windows, il existe encore de nombreuses offres sur la norme \u00e9prouv\u00e9e ce Cyber \u200b\u200b\u200b\u200bMonday, en particulier pour ceux qui recherchent quelque chose qui peut aller de pair avec un MacBook Air.<\/p>\n<ul>\n<li>\n<p><strong>Lenovo Yoga 7 14 pouces 2-en-1 avec puce Ryzen 7\u00a0: 675\u00a0$ chez Lenovo<\/strong><strong>  (au lieu de 1\u00a0025\u00a0$)<\/strong>. Cet ordinateur portable Windows convertible peut se retourner pour se transformer en tablette, et il est livr\u00e9 avec une respectable puce AMD Ryzen 7 8840HS, un \u00e9norme 1 To de stockage, 16 Go de m\u00e9moire, un \u00e9cran tactile de 14 pouces et m\u00eame un stylet.<\/p>\n<\/li>\n<li>\n<p><strong>Samsung Galaxy Book 4 avec puce Intel Core 7\u00a0: 530\u00a0$ chez Best Buy<\/strong><strong>  (au lieu de 900\u00a0$)<\/strong>. Si vous ne le saviez pas, Samsung fabrique des ordinateurs portables\u00a0! Cette machine Windows est livr\u00e9e avec un \u00e9cran de 15 pouces, une puce Intel Core 7, 16 Go de m\u00e9moire et 512 Go de stockage. <\/p>\n<\/li>\n<li>\n<p><strong>Lenovo ThinkBook 16 pouces avec puce Ryzen 4 7430U : 704,65 $ sur Amazon<\/strong><strong>  (au lieu de 899\u00a0$)<\/strong>. Cette offre d&rsquo;ordinateur portable contient de nombreux avantages suppl\u00e9mentaires pour son prix, avec un processeur Ryzen 5 7430U, 64 Go de RAM, jusqu&rsquo;\u00e0 4 To de stockage, un lecteur d&#8217;empreintes digitales et une copie de Windows 11 Pro.<\/p>\n<\/li>\n<li>\n<p><strong>Asus Zenbook 14 OLED avec puce Intel Core Ultra 5\u00a0: 500\u00a0$ chez Best Buy<\/strong><strong>  (au lieu de 800\u00a0$)<\/strong>. Le Zenbook 14 OLED est l&rsquo;un de mes concurrents pr\u00e9f\u00e9r\u00e9s pour le MacBook Air et est livr\u00e9 avec un \u00e9cran tactile OLED. Cette offre vous offrira une puce Intel Core Ultra 5 avec 8 Go de m\u00e9moire et 512 Go de stockage, bien qu&rsquo;une configuration avec un Intel Core Ultra 7, 16 Go de RAM et un SSD de 1 To soit <strong>\u00e9galement en vente<\/strong>.<\/p>\n<\/li>\n<li>\n<p><strong>Asus Vivobook S15 avec puce Qualcomm Snapdragon X Plus\u00a0: 500\u00a0$ chez Best Buy<\/strong><strong>  (au lieu de 900\u00a0$)<\/strong>. Cet ordinateur portable est similaire au Zenbook 14 OLED, gr\u00e2ce \u00e0 son \u00e9cran OLED 3K de 15 pouces, mais est livr\u00e9 avec une puce compatible Copilot+, l&rsquo;ouvrant aux fonctionnalit\u00e9s centr\u00e9es sur l&rsquo;IA de Microsoft comme Recall (actuellement en test). Ce mod\u00e8le est livr\u00e9 avec 16 Go de m\u00e9moire et 512 Go de stockage.<\/p>\n<\/li>\n<li>\n<p><strong>Dell XPS 13 avec puce Intel Core Ultra 7 155H\u00a0:\u00a01\u00a0399\u00a0$ chez Dell<\/strong><strong>  (au lieu de 1\u00a0999\u00a0$)<\/strong>. La gamme XPS de Dell \u00e9tait autrefois mon concurrent MacBook Pro pr\u00e9f\u00e9r\u00e9 pour Windows, m\u00eame si le choix r\u00e9cent de l&rsquo;entreprise d&rsquo;opter pour une barre tactile a quelque peu refroidi mon enthousiasme. Pourtant, \u00e0 ce prix, la puce Intel Core Ultra 7, 32 Go de m\u00e9moire, 1 To SSD et l\u2019\u00e9cran OLED 3K sont d\u2019un excellent rapport qualit\u00e9-prix.<\/p>\n<\/li>\n<li>\n<p><strong>Dell Inspiron 16 avec puce Ryzen 5 8540U\u00a0: 550\u00a0$ chez Dell<\/strong><strong>  (c&rsquo;\u00e9tait 700$)<\/strong>. Cet ordinateur portable de base est une machine de productivit\u00e9 Dell plus modeste, avec un processeur AMD Ryzen 5 8540U, 16 Go de m\u00e9moire, 512 Go de stockage et un \u00e9cran FHD+ de 16 pouces.<\/p>\n<\/li>\n<li>\n<p><strong>Dell XPS 16 avec puce Intel Core Ultra 9\u00a0:\u00a02\u00a0545\u00a0$ chez Dell <\/strong><strong>(au lieu de 3\u00a0145\u00a0$)<\/strong>. Pour une folie, cet ordinateur portable XPS de Dell est livr\u00e9 avec un grand \u00e9cran et peut m\u00eame jouer sur le c\u00f4t\u00e9. Vous obtiendrez un processeur Intel Core Ultra 9 185H, un GPU Nvidia GeForce RTX 4060, 32 Go de m\u00e9moire, un SSD de 1 To et un \u00e9cran tactile 4K+ de 16 pouces.<\/p>\n<\/li>\n<\/ul>\n<h2 id=\"best-cyber-monday-gaming-laptop-deals\">Meilleures offres d\u2019ordinateurs portables de jeu Cyber \u200b\u200b\u200b\u200bMonday<\/h2>\n<p>Les machines Windows plus puissantes ont tendance \u00e0 \u00eatre \u00e9tiquet\u00e9es \u00ab ordinateurs portables de jeu \u00bb, et les offres de ce Cyber \u200b\u200bMonday dans la cat\u00e9gorie ne d\u00e9\u00e7oivent pas non plus, avec des options pour les joueurs de presque tous les budgets.<\/p>\n<ul>\n<li>\n<p><strong>Ordinateur portable de jeu Dell Alienware m16 R2 avec puce Intel Core Ultra 9\u00a0:\u00a01\u00a0300\u00a0$ chez Dell<\/strong><strong>  (au lieu de 1\u00a0700\u00a0$)<\/strong>. Cet ordinateur portable de jeu de 16 pouces de Dell offre beaucoup pour le prix, avec jusqu&rsquo;\u00e0 un GPU Nvidia GeForce RTX 4070, jusqu&rsquo;\u00e0 64 Go de m\u00e9moire, jusqu&rsquo;\u00e0 2 To de stockage et un \u00e9cran QHD+@240 Hz de 16 pouces.<\/p>\n<\/li>\n<li>\n<p><strong>Ordinateur portable de jeu Gigabyte AORUS 17 avec puce Intel Core i9\u00a0: 1\u00a0570\u00a0$ sur Amazon<\/strong><strong>  (au lieu de 1\u00a0749\u00a0$)<\/strong>. Il s\u2019agit d\u2019une bonne option d\u2019ordinateur portable de jeu haut de gamme, bien qu\u2019un peu ancienne, avec une puce Intel Core i9-13700H, 16 Go de m\u00e9moire, 1 To de stockage et un \u00e9cran QHD @ 240 Hz de 17 pouces.<\/p>\n<\/li>\n<li>\n<p><strong>Ordinateur portable de jeu Lenovo Legion Pro 7i avec puce Intel Core i9\u00a0:\u00a02\u00a0199\u00a0$ chez B&#038;H<\/strong><strong>  (au lieu de 2\u00a0649\u00a0$)<\/strong>. L&rsquo;une des plus grosses folies de cette liste, cette offre vous rapportera une puce Intel Core i9 de 14e g\u00e9n\u00e9ration, un GPU Nvidia GeForce RTX 4080, 32 Go de m\u00e9moire, 1 To de stockage et un \u00e9cran QHD+@240 Hz de 16 pouces.<\/p>\n<\/li>\n<li>\n<p><strong>Ordinateur portable de jeu Lenovo LOQ 15 pouces avec puce Ryzen 5\u00a0: 800\u00a0$ chez Lenovo<\/strong><strong>  (au lieu de 909\u00a0$)<\/strong>. C\u2019est celui pour les joueurs \u00e0 petit budget. Il contient une modeste puce AMD Ryzen 5 8645HS, un GPU Nvidia GeForce RTX 4050, 16 Go de m\u00e9moire, 512 Go de stockage et un \u00e9cran FHD @ 144 Hz de 15 pouces.<\/p>\n<\/li>\n<li>\n<p><strong>Ordinateur portable Asus ROG Zephyrus G14 avec puce Ryzen 9\u00a0: 1\u00a0200\u00a0$ chez Best Buy<\/strong><strong>  (au lieu de 1\u00a0600\u00a0$)<\/strong>. Autre ordinateur portable de jeu, ce mod\u00e8le de 14 pouces est un peu plus petit, mais parvient \u00e0 contenir un processeur AMD Ryzen 8 8945HS, un GPU Nvidia GeForce RTX 4060, 16 Go de RAM, un SSD de 1 To et un \u00e9cran 2\u00a0880 x 1\u00a0800 avec un taux de rafra\u00eechissement de 120 Hz.<\/p>\n<\/li>\n<\/ul>\n<h2 id=\"best-cyber-monday-chromebook-deals\">Meilleures offres Chromebook du Cyber \u200b\u200b\u200b\u200bMonday<\/h2>\n<p>Les Chromebooks peuvent \u00eatre un excellent moyen d&rsquo;obtenir un design soign\u00e9 avec un budget limit\u00e9, \u00e0 condition que vous acceptiez d&rsquo;effectuer la plupart de votre travail dans le cloud. Voici quelques-uns de mes favoris \u00e0 prix r\u00e9duit pour le Cyber \u200b\u200b\u200b\u200bMonday.<\/p>\n<ul>\n<li>\n<p><strong>Asus Chromebook Plus CX34\u00a0: 329 $ chez Best Buy<\/strong><strong>  (au lieu de 440\u00a0$)<\/strong>. Ce Chromebook est livr\u00e9 avec quelques avantages suppl\u00e9mentaires en mati\u00e8re d&rsquo;IA gr\u00e2ce \u00e0 son statut Chromebook Plus, ainsi qu&rsquo;une puce Intel Core i3-1215U, 8 Go de m\u00e9moire, 256 Go de stockage et un \u00e9cran FHD de 14 pouces.<\/p>\n<\/li>\n<li>\n<p><strong>HP Chromebook x360\u00a0:\u00a0199\u00a0$ chez Walmart<\/strong><strong>  (au lieu de 429\u00a0$)<\/strong>. Un moyen \u00e9conomique d&rsquo;obtenir un convertible, l&rsquo;\u00e9cran de ce Chromebook peut se retourner pour devenir une tablette. Il dispose d&rsquo;un processeur Intel N100, de 4 Go de m\u00e9moire, de 64 Go de stockage et d&rsquo;un \u00e9cran tactile FHD de 14 pouces.<\/p>\n<\/li>\n<li>\n<p><strong>Acer Chromebook Spin 714\u00a0: 525\u00a0$ sur Amazon<\/strong><strong>  (au lieu de 750\u00a0$)<\/strong>. Convertible Chromebook plus sophistiqu\u00e9, cette machine contient un processeur Intel Core i5-1235U, 8 Go de m\u00e9moire, 256 Go de stockage, un \u00e9cran tactile FHD+ et est livr\u00e9e avec un stylet.<\/p>\n<\/li>\n<li>\n<p><strong>Lenovo<\/strong> <strong>Chromebook Duet 3\u00a0:\u00a0240\u00a0$ chez Lenovo<\/strong><strong>  (c&rsquo;\u00e9tait 400$)<\/strong>. Il s&rsquo;agit d&rsquo;un Chromebook d\u00e9tachable, ce qui signifie que l&rsquo;\u00e9cran et le clavier peuvent se s\u00e9parer, vous pouvez donc utiliser l&rsquo;\u00e9cran comme une tablette. Il est livr\u00e9 avec une puce Qualcomm Snapdragon 7c Gen 2, 4 Go de m\u00e9moire, 64 Go de stockage et un \u00e9cran tactile 2K de 11 pouces.<\/p>\n<\/li>\n<li>\n<p><strong>Ordinateur portable Acer Chromebook 516 GE Cloud Gaming\u00a0: 500\u00a0$ sur Amazon<\/strong><strong>  (au lieu de 600\u00a0$)<\/strong>. Ce Chromebook est en fait con\u00e7u comme une machine de jeu en nuage, gr\u00e2ce \u00e0 un \u00e9cran haute r\u00e9solution et \u00e0 taux de rafra\u00eechissement \u00e9lev\u00e9 ainsi qu&rsquo;\u00e0 un clavier RVB \u00e9l\u00e9gant. Il poss\u00e8de une puce Intel Core i5-1240p, 16 Go de m\u00e9moire, 256 Go de stockage et un \u00e9cran QHD+@120 Hz de 16 pouces.<\/p>\n<\/li>\n<li>\n<p><strong>Chromebook Lenovo IdeaPad 3i\u00a0: 109\u00a0$ chez Best Buy<\/strong><strong>  (au lieu de 249\u00a0$)<\/strong>. Avec un prix presque inf\u00e9rieur \u00e0 trois chiffres, ce Chromebook est tr\u00e8s basique, mais pourrait avoir de quoi tenir encore quelques ann\u00e9es. Vous obtiendrez un processeur Intel Celeron, 4 Go de m\u00e9moire, 64 Go de stockage et un \u00e9cran FHD.<\/p>\n<\/li>\n<\/ul>\n<h2 id=\"best-cyber-monday-laptop-deals-under-300\">Meilleures offres d&rsquo;ordinateurs portables du Cyber \u200b\u200b\u200b\u200bMonday \u00e0 moins de 300 $<\/h2>\n<p>Les Chromebooks peuvent \u00eatre parfaits pour travailler dans le cloud, mais tous les ordinateurs portables \u00e0 petit budget ne doivent pas n\u00e9cessairement \u00eatre un Chromebook. Voici quelques ordinateurs portables moins chers toujours \u00e9quip\u00e9s de Windows.<\/p>\n<ul>\n<li>\n<p><strong>Acer Aspire Go 14\u00a0:\u00a0280\u00a0$ chez Acer<\/strong><strong>  (au lieu de 350\u00a0$)<\/strong>. Cet ordinateur portable est un bon choix bon march\u00e9 et devrait convenir aux personnes dont le travail d\u00e9pend principalement du cloud. Il est livr\u00e9 avec un processeur AMD Ryzen 3 7320U, 128 Go de stockage, 8 Go de m\u00e9moire, un \u00e9cran de 14 pouces et Windows 11 en mode S. Notez que les ordinateurs portables en mode S ne peuvent utiliser par d\u00e9faut que les applications du Microsoft Store, bien que cela puisse \u00eatre modifi\u00e9 ult\u00e9rieurement.<\/p>\n<\/li>\n<li>\n<p><strong>Lenovo Ideapad 1\u00a0: 300 $ chez Best Buy<\/strong><strong>  (au lieu de 580\u00a0$)<\/strong>. C&rsquo;est un excellent moyen d&rsquo;obtenir un \u00e9cran tactile \u00e0 bas prix, et cela vous rapportera un \u00e9cran de 15 pouces, une puce Ryzen 5 7520U, 8 Go de m\u00e9moire et 256 Go de stockage.<\/p>\n<\/li>\n<li>\n<p><strong>Asus Vivobook Go\u00a0: 275\u00a0$ sur Amazon<\/strong><strong>  (c&rsquo;\u00e9tait 300 $)<\/strong>. Cet ordinateur portable fait partie des moyens les moins chers d&rsquo;obtenir Windows sur cette liste, avec une puce Ryzen 3 7320U, 8 Go de m\u00e9moire, 128 Go de stockage et un \u00e9cran de 15 pouces.<\/p>\n<\/li>\n<li>\n<p><strong>Asus Vivobook 14 pouces\u00a0: 220\u00a0$ chez Best Buy<\/strong><strong>  (au lieu de 430\u00a0$)<\/strong>. Pour un ordinateur portable \u00e0 petit budget, ce Vivobook est un bon choix. Il dispose d&rsquo;un \u00e9cran de 14 pouces, d&rsquo;une puce Intel Core i3 de 12e g\u00e9n\u00e9ration, de 8 Go de m\u00e9moire et de 128 Go de stockage.<\/p>\n<\/li>\n<\/ul>\n<div class=\"w-full mt-12 text-center sm:text-left\" x-data=\"{ showAll: false }\">\n<div class=\"flex flex-col items-center justify-between sm:px-6 sm:flex-row\">\n\t\t\t<span class=\"text-sm italic\">Les offres sont s\u00e9lectionn\u00e9es par notre \u00e9quipe commerciale<\/span><\/p><\/div>\n<\/p><\/div>\n","protected":false},"excerpt":{"rendered":"<p>C&rsquo;est le bon moment pour une mise \u00e0 niveau. Les ordinateurs portables sont l&rsquo;un des articles les plus couramment r\u00e9duits lors du Cyber \u200b\u200b\u200b\u200bMonday, que<\/p>\n","protected":false},"author":1,"featured_media":3012,"comment_status":"","ping_status":"","sticky":false,"template":"","format":"standard","meta":{"footnotes":""},"categories":[13],"tags":[2624,14,87,2625,3414,427,116,3723,18,2985,33,3724,1448],"class_list":["post-3011","post","type-post","status-publish","format-standard","has-post-thumbnail","hentry","category-technologie","tag-cyber","tag-les","tag-mes","tag-monday","tag-ordinateurs","tag-portables","tag-preferees","tag-redacteur","tag-sont","tag-suis","tag-sur","tag-technique","tag-ventes","generate-columns","tablet-grid-50","mobile-grid-100","grid-parent","grid-33"],"yoast_head":"<!-- This site is optimized with the Yoast SEO plugin v24.0 - https:\/\/yoast.com\/wordpress\/plugins\/seo\/ -->\n<title>Je suis un r\u00e9dacteur technique et ce sont mes ventes pr\u00e9f\u00e9r\u00e9es du Cyber \u200b\u200b\u200b\u200bMonday sur les ordinateurs portables | Vie Associative<\/title>\n<meta name=\"robots\" content=\"index, follow, max-snippet:-1, max-image-preview:large, max-video-preview:-1\" \/>\n<link rel=\"canonical\" href=\"https:\/\/vieassociative.be\/actualites\/je-suis-un-redacteur-technique-et-ce-sont-mes-ventes-preferees-du-cyber-monday-sur-les-ordinateurs-portables\/\" \/>\n<meta property=\"og:locale\" content=\"fr_FR\" \/>\n<meta property=\"og:type\" content=\"article\" \/>\n<meta property=\"og:title\" content=\"Je suis un r\u00e9dacteur technique et ce sont mes ventes pr\u00e9f\u00e9r\u00e9es du Cyber \u200b\u200b\u200b\u200bMonday sur les ordinateurs portables | Vie Associative\" \/>\n<meta property=\"og:description\" content=\"C&rsquo;est le bon moment pour une mise \u00e0 niveau. Les ordinateurs portables sont l&rsquo;un des articles les plus couramment r\u00e9duits lors du Cyber \u200b\u200b\u200b\u200bMonday, que\" \/>\n<meta property=\"og:url\" content=\"https:\/\/vieassociative.be\/actualites\/je-suis-un-redacteur-technique-et-ce-sont-mes-ventes-preferees-du-cyber-monday-sur-les-ordinateurs-portables\/\" \/>\n<meta property=\"og:site_name\" content=\"Vie Associative\" \/>\n<meta property=\"article:published_time\" content=\"2024-12-03T07:17:09+00:00\" \/>\n<meta property=\"og:image\" content=\"https:\/\/vieassociative.be\/actualites\/wp-content\/uploads\/2024\/09\/header_backgroundk-01-e1726694325946.png\" \/>\n\t<meta property=\"og:image:width\" content=\"279\" \/>\n\t<meta property=\"og:image:height\" content=\"92\" \/>\n\t<meta property=\"og:image:type\" content=\"image\/png\" \/>\n<meta name=\"author\" content=\"Julien\" \/>\n<meta name=\"twitter:card\" content=\"summary_large_image\" \/>\n<meta name=\"twitter:label1\" content=\"\u00c9crit par\" \/>\n\t<meta name=\"twitter:data1\" content=\"Julien\" \/>\n\t<meta name=\"twitter:label2\" content=\"Dur\u00e9e de lecture est.\" \/>\n\t<meta name=\"twitter:data2\" content=\"11 minutes\" \/>\n<script type=\"application\/ld+json\" class=\"yoast-schema-graph\">{\"@context\":\"https:\/\/schema.org\",\"@graph\":[{\"@type\":\"Article\",\"@id\":\"https:\/\/vieassociative.be\/actualites\/je-suis-un-redacteur-technique-et-ce-sont-mes-ventes-preferees-du-cyber-monday-sur-les-ordinateurs-portables\/#article\",\"isPartOf\":{\"@id\":\"https:\/\/vieassociative.be\/actualites\/je-suis-un-redacteur-technique-et-ce-sont-mes-ventes-preferees-du-cyber-monday-sur-les-ordinateurs-portables\/\"},\"author\":{\"name\":\"Julien\",\"@id\":\"https:\/\/vieassociative.be\/actualites\/#\/schema\/person\/b87ac4f82f9d4e7b7cec7395b679edc4\"},\"headline\":\"Je suis un r\u00e9dacteur technique et ce sont mes ventes pr\u00e9f\u00e9r\u00e9es du Cyber \u200b\u200b\u200b\u200bMonday sur les ordinateurs portables\",\"datePublished\":\"2024-12-03T07:17:09+00:00\",\"dateModified\":\"2024-12-03T07:17:09+00:00\",\"mainEntityOfPage\":{\"@id\":\"https:\/\/vieassociative.be\/actualites\/je-suis-un-redacteur-technique-et-ce-sont-mes-ventes-preferees-du-cyber-monday-sur-les-ordinateurs-portables\/\"},\"wordCount\":2171,\"publisher\":{\"@id\":\"https:\/\/vieassociative.be\/actualites\/#organization\"},\"image\":{\"@id\":\"https:\/\/vieassociative.be\/actualites\/je-suis-un-redacteur-technique-et-ce-sont-mes-ventes-preferees-du-cyber-monday-sur-les-ordinateurs-portables\/#primaryimage\"},\"thumbnailUrl\":\"https:\/\/vieassociative.be\/actualites\/wp-content\/uploads\/2024\/12\/Je-suis-un-redacteur-technique-et-ce-sont-mes-ventes.png\",\"keywords\":[\"Cyber\",\"Les\",\"Mes\",\"Monday\",\"ordinateurs\",\"portables\",\"pr\u00e9f\u00e9r\u00e9es\",\"r\u00e9dacteur\",\"sont\",\"suis\",\"sur\",\"technique\",\"ventes\"],\"articleSection\":[\"Technologie\"],\"inLanguage\":\"fr-BE\"},{\"@type\":\"WebPage\",\"@id\":\"https:\/\/vieassociative.be\/actualites\/je-suis-un-redacteur-technique-et-ce-sont-mes-ventes-preferees-du-cyber-monday-sur-les-ordinateurs-portables\/\",\"url\":\"https:\/\/vieassociative.be\/actualites\/je-suis-un-redacteur-technique-et-ce-sont-mes-ventes-preferees-du-cyber-monday-sur-les-ordinateurs-portables\/\",\"name\":\"Je suis un r\u00e9dacteur technique et ce sont mes ventes pr\u00e9f\u00e9r\u00e9es du Cyber \u200b\u200b\u200b\u200bMonday sur les ordinateurs portables | Vie Associative\",\"isPartOf\":{\"@id\":\"https:\/\/vieassociative.be\/actualites\/#website\"},\"primaryImageOfPage\":{\"@id\":\"https:\/\/vieassociative.be\/actualites\/je-suis-un-redacteur-technique-et-ce-sont-mes-ventes-preferees-du-cyber-monday-sur-les-ordinateurs-portables\/#primaryimage\"},\"image\":{\"@id\":\"https:\/\/vieassociative.be\/actualites\/je-suis-un-redacteur-technique-et-ce-sont-mes-ventes-preferees-du-cyber-monday-sur-les-ordinateurs-portables\/#primaryimage\"},\"thumbnailUrl\":\"https:\/\/vieassociative.be\/actualites\/wp-content\/uploads\/2024\/12\/Je-suis-un-redacteur-technique-et-ce-sont-mes-ventes.png\",\"datePublished\":\"2024-12-03T07:17:09+00:00\",\"dateModified\":\"2024-12-03T07:17:09+00:00\",\"breadcrumb\":{\"@id\":\"https:\/\/vieassociative.be\/actualites\/je-suis-un-redacteur-technique-et-ce-sont-mes-ventes-preferees-du-cyber-monday-sur-les-ordinateurs-portables\/#breadcrumb\"},\"inLanguage\":\"fr-BE\",\"potentialAction\":[{\"@type\":\"ReadAction\",\"target\":[\"https:\/\/vieassociative.be\/actualites\/je-suis-un-redacteur-technique-et-ce-sont-mes-ventes-preferees-du-cyber-monday-sur-les-ordinateurs-portables\/\"]}]},{\"@type\":\"ImageObject\",\"inLanguage\":\"fr-BE\",\"@id\":\"https:\/\/vieassociative.be\/actualites\/je-suis-un-redacteur-technique-et-ce-sont-mes-ventes-preferees-du-cyber-monday-sur-les-ordinateurs-portables\/#primaryimage\",\"url\":\"https:\/\/vieassociative.be\/actualites\/wp-content\/uploads\/2024\/12\/Je-suis-un-redacteur-technique-et-ce-sont-mes-ventes.png\",\"contentUrl\":\"https:\/\/vieassociative.be\/actualites\/wp-content\/uploads\/2024\/12\/Je-suis-un-redacteur-technique-et-ce-sont-mes-ventes.png\",\"width\":1200,\"height\":675,\"caption\":\"Je suis un r\u00e9dacteur technique et ce sont mes ventes pr\u00e9f\u00e9r\u00e9es du Cyber \u200b\u200b\u200b\u200bMonday sur les ordinateurs portables\"},{\"@type\":\"BreadcrumbList\",\"@id\":\"https:\/\/vieassociative.be\/actualites\/je-suis-un-redacteur-technique-et-ce-sont-mes-ventes-preferees-du-cyber-monday-sur-les-ordinateurs-portables\/#breadcrumb\",\"itemListElement\":[{\"@type\":\"ListItem\",\"position\":1,\"name\":\"Accueil\",\"item\":\"https:\/\/vieassociative.be\/actualites\/\"},{\"@type\":\"ListItem\",\"position\":2,\"name\":\"Je suis un r\u00e9dacteur technique et ce sont mes ventes pr\u00e9f\u00e9r\u00e9es du Cyber \u200b\u200b\u200b\u200bMonday sur les ordinateurs portables\"}]},{\"@type\":\"WebSite\",\"@id\":\"https:\/\/vieassociative.be\/actualites\/#website\",\"url\":\"https:\/\/vieassociative.be\/actualites\/\",\"name\":\"Vie Associative\",\"description\":\"\",\"publisher\":{\"@id\":\"https:\/\/vieassociative.be\/actualites\/#organization\"},\"potentialAction\":[{\"@type\":\"SearchAction\",\"target\":{\"@type\":\"EntryPoint\",\"urlTemplate\":\"https:\/\/vieassociative.be\/actualites\/?s={search_term_string}\"},\"query-input\":{\"@type\":\"PropertyValueSpecification\",\"valueRequired\":true,\"valueName\":\"search_term_string\"}}],\"inLanguage\":\"fr-BE\"},{\"@type\":\"Organization\",\"@id\":\"https:\/\/vieassociative.be\/actualites\/#organization\",\"name\":\"Vie Associative\",\"url\":\"https:\/\/vieassociative.be\/actualites\/\",\"logo\":{\"@type\":\"ImageObject\",\"inLanguage\":\"fr-BE\",\"@id\":\"https:\/\/vieassociative.be\/actualites\/#\/schema\/logo\/image\/\",\"url\":\"https:\/\/vieassociative.be\/actualites\/wp-content\/uploads\/2024\/09\/cropped-vieassociative_favicon.ico.png\",\"contentUrl\":\"https:\/\/vieassociative.be\/actualites\/wp-content\/uploads\/2024\/09\/cropped-vieassociative_favicon.ico.png\",\"width\":512,\"height\":512,\"caption\":\"Vie Associative\"},\"image\":{\"@id\":\"https:\/\/vieassociative.be\/actualites\/#\/schema\/logo\/image\/\"}},{\"@type\":\"Person\",\"@id\":\"https:\/\/vieassociative.be\/actualites\/#\/schema\/person\/b87ac4f82f9d4e7b7cec7395b679edc4\",\"name\":\"Julien\",\"image\":{\"@type\":\"ImageObject\",\"inLanguage\":\"fr-BE\",\"@id\":\"https:\/\/vieassociative.be\/actualites\/#\/schema\/person\/image\/\",\"url\":\"https:\/\/vieassociative.be\/actualites\/wp-content\/uploads\/2024\/09\/vie-associative-1-150x150.jpg\",\"contentUrl\":\"https:\/\/vieassociative.be\/actualites\/wp-content\/uploads\/2024\/09\/vie-associative-1-150x150.jpg\",\"caption\":\"Julien\"},\"description\":\"Je suis Julien, r\u00e9dacteur pour Vie Associative. Passionn\u00e9 par le monde associatif depuis plus de 10 ans, j'ai \u00e0 c\u0153ur de partager des histoires inspirantes et de mettre en lumi\u00e8re les initiatives locales. Mon objectif est de sensibiliser et d'encourager l'engagement communautaire \u00e0 travers mes articles.\",\"sameAs\":[\"https:\/\/vieassociative.be\/\"]}]}<\/script>\n<!-- \/ Yoast SEO plugin. -->","yoast_head_json":{"title":"Je suis un r\u00e9dacteur technique et ce sont mes ventes pr\u00e9f\u00e9r\u00e9es du Cyber \u200b\u200b\u200b\u200bMonday sur les ordinateurs portables | Vie Associative","robots":{"index":"index","follow":"follow","max-snippet":"max-snippet:-1","max-image-preview":"max-image-preview:large","max-video-preview":"max-video-preview:-1"},"canonical":"https:\/\/vieassociative.be\/actualites\/je-suis-un-redacteur-technique-et-ce-sont-mes-ventes-preferees-du-cyber-monday-sur-les-ordinateurs-portables\/","og_locale":"fr_FR","og_type":"article","og_title":"Je suis un r\u00e9dacteur technique et ce sont mes ventes pr\u00e9f\u00e9r\u00e9es du Cyber \u200b\u200b\u200b\u200bMonday sur les ordinateurs portables | Vie Associative","og_description":"C&rsquo;est le bon moment pour une mise \u00e0 niveau. Les ordinateurs portables sont l&rsquo;un des articles les plus couramment r\u00e9duits lors du Cyber \u200b\u200b\u200b\u200bMonday, que","og_url":"https:\/\/vieassociative.be\/actualites\/je-suis-un-redacteur-technique-et-ce-sont-mes-ventes-preferees-du-cyber-monday-sur-les-ordinateurs-portables\/","og_site_name":"Vie Associative","article_published_time":"2024-12-03T07:17:09+00:00","og_image":[{"width":279,"height":92,"url":"https:\/\/vieassociative.be\/actualites\/wp-content\/uploads\/2024\/09\/header_backgroundk-01-e1726694325946.png","type":"image\/png"}],"author":"Julien","twitter_card":"summary_large_image","twitter_misc":{"\u00c9crit par":"Julien","Dur\u00e9e de lecture est.":"11 minutes"},"schema":{"@context":"https:\/\/schema.org","@graph":[{"@type":"Article","@id":"https:\/\/vieassociative.be\/actualites\/je-suis-un-redacteur-technique-et-ce-sont-mes-ventes-preferees-du-cyber-monday-sur-les-ordinateurs-portables\/#article","isPartOf":{"@id":"https:\/\/vieassociative.be\/actualites\/je-suis-un-redacteur-technique-et-ce-sont-mes-ventes-preferees-du-cyber-monday-sur-les-ordinateurs-portables\/"},"author":{"name":"Julien","@id":"https:\/\/vieassociative.be\/actualites\/#\/schema\/person\/b87ac4f82f9d4e7b7cec7395b679edc4"},"headline":"Je suis un r\u00e9dacteur technique et ce sont mes ventes pr\u00e9f\u00e9r\u00e9es du Cyber \u200b\u200b\u200b\u200bMonday sur les ordinateurs portables","datePublished":"2024-12-03T07:17:09+00:00","dateModified":"2024-12-03T07:17:09+00:00","mainEntityOfPage":{"@id":"https:\/\/vieassociative.be\/actualites\/je-suis-un-redacteur-technique-et-ce-sont-mes-ventes-preferees-du-cyber-monday-sur-les-ordinateurs-portables\/"},"wordCount":2171,"publisher":{"@id":"https:\/\/vieassociative.be\/actualites\/#organization"},"image":{"@id":"https:\/\/vieassociative.be\/actualites\/je-suis-un-redacteur-technique-et-ce-sont-mes-ventes-preferees-du-cyber-monday-sur-les-ordinateurs-portables\/#primaryimage"},"thumbnailUrl":"https:\/\/vieassociative.be\/actualites\/wp-content\/uploads\/2024\/12\/Je-suis-un-redacteur-technique-et-ce-sont-mes-ventes.png","keywords":["Cyber","Les","Mes","Monday","ordinateurs","portables","pr\u00e9f\u00e9r\u00e9es","r\u00e9dacteur","sont","suis","sur","technique","ventes"],"articleSection":["Technologie"],"inLanguage":"fr-BE"},{"@type":"WebPage","@id":"https:\/\/vieassociative.be\/actualites\/je-suis-un-redacteur-technique-et-ce-sont-mes-ventes-preferees-du-cyber-monday-sur-les-ordinateurs-portables\/","url":"https:\/\/vieassociative.be\/actualites\/je-suis-un-redacteur-technique-et-ce-sont-mes-ventes-preferees-du-cyber-monday-sur-les-ordinateurs-portables\/","name":"Je suis un r\u00e9dacteur technique et ce sont mes ventes pr\u00e9f\u00e9r\u00e9es du Cyber \u200b\u200b\u200b\u200bMonday sur les ordinateurs portables | Vie Associative","isPartOf":{"@id":"https:\/\/vieassociative.be\/actualites\/#website"},"primaryImageOfPage":{"@id":"https:\/\/vieassociative.be\/actualites\/je-suis-un-redacteur-technique-et-ce-sont-mes-ventes-preferees-du-cyber-monday-sur-les-ordinateurs-portables\/#primaryimage"},"image":{"@id":"https:\/\/vieassociative.be\/actualites\/je-suis-un-redacteur-technique-et-ce-sont-mes-ventes-preferees-du-cyber-monday-sur-les-ordinateurs-portables\/#primaryimage"},"thumbnailUrl":"https:\/\/vieassociative.be\/actualites\/wp-content\/uploads\/2024\/12\/Je-suis-un-redacteur-technique-et-ce-sont-mes-ventes.png","datePublished":"2024-12-03T07:17:09+00:00","dateModified":"2024-12-03T07:17:09+00:00","breadcrumb":{"@id":"https:\/\/vieassociative.be\/actualites\/je-suis-un-redacteur-technique-et-ce-sont-mes-ventes-preferees-du-cyber-monday-sur-les-ordinateurs-portables\/#breadcrumb"},"inLanguage":"fr-BE","potentialAction":[{"@type":"ReadAction","target":["https:\/\/vieassociative.be\/actualites\/je-suis-un-redacteur-technique-et-ce-sont-mes-ventes-preferees-du-cyber-monday-sur-les-ordinateurs-portables\/"]}]},{"@type":"ImageObject","inLanguage":"fr-BE","@id":"https:\/\/vieassociative.be\/actualites\/je-suis-un-redacteur-technique-et-ce-sont-mes-ventes-preferees-du-cyber-monday-sur-les-ordinateurs-portables\/#primaryimage","url":"https:\/\/vieassociative.be\/actualites\/wp-content\/uploads\/2024\/12\/Je-suis-un-redacteur-technique-et-ce-sont-mes-ventes.png","contentUrl":"https:\/\/vieassociative.be\/actualites\/wp-content\/uploads\/2024\/12\/Je-suis-un-redacteur-technique-et-ce-sont-mes-ventes.png","width":1200,"height":675,"caption":"Je suis un r\u00e9dacteur technique et ce sont mes ventes pr\u00e9f\u00e9r\u00e9es du Cyber \u200b\u200b\u200b\u200bMonday sur les ordinateurs portables"},{"@type":"BreadcrumbList","@id":"https:\/\/vieassociative.be\/actualites\/je-suis-un-redacteur-technique-et-ce-sont-mes-ventes-preferees-du-cyber-monday-sur-les-ordinateurs-portables\/#breadcrumb","itemListElement":[{"@type":"ListItem","position":1,"name":"Accueil","item":"https:\/\/vieassociative.be\/actualites\/"},{"@type":"ListItem","position":2,"name":"Je suis un r\u00e9dacteur technique et ce sont mes ventes pr\u00e9f\u00e9r\u00e9es du Cyber \u200b\u200b\u200b\u200bMonday sur les ordinateurs portables"}]},{"@type":"WebSite","@id":"https:\/\/vieassociative.be\/actualites\/#website","url":"https:\/\/vieassociative.be\/actualites\/","name":"Vie Associative","description":"","publisher":{"@id":"https:\/\/vieassociative.be\/actualites\/#organization"},"potentialAction":[{"@type":"SearchAction","target":{"@type":"EntryPoint","urlTemplate":"https:\/\/vieassociative.be\/actualites\/?s={search_term_string}"},"query-input":{"@type":"PropertyValueSpecification","valueRequired":true,"valueName":"search_term_string"}}],"inLanguage":"fr-BE"},{"@type":"Organization","@id":"https:\/\/vieassociative.be\/actualites\/#organization","name":"Vie Associative","url":"https:\/\/vieassociative.be\/actualites\/","logo":{"@type":"ImageObject","inLanguage":"fr-BE","@id":"https:\/\/vieassociative.be\/actualites\/#\/schema\/logo\/image\/","url":"https:\/\/vieassociative.be\/actualites\/wp-content\/uploads\/2024\/09\/cropped-vieassociative_favicon.ico.png","contentUrl":"https:\/\/vieassociative.be\/actualites\/wp-content\/uploads\/2024\/09\/cropped-vieassociative_favicon.ico.png","width":512,"height":512,"caption":"Vie Associative"},"image":{"@id":"https:\/\/vieassociative.be\/actualites\/#\/schema\/logo\/image\/"}},{"@type":"Person","@id":"https:\/\/vieassociative.be\/actualites\/#\/schema\/person\/b87ac4f82f9d4e7b7cec7395b679edc4","name":"Julien","image":{"@type":"ImageObject","inLanguage":"fr-BE","@id":"https:\/\/vieassociative.be\/actualites\/#\/schema\/person\/image\/","url":"https:\/\/vieassociative.be\/actualites\/wp-content\/uploads\/2024\/09\/vie-associative-1-150x150.jpg","contentUrl":"https:\/\/vieassociative.be\/actualites\/wp-content\/uploads\/2024\/09\/vie-associative-1-150x150.jpg","caption":"Julien"},"description":"Je suis Julien, r\u00e9dacteur pour Vie Associative. Passionn\u00e9 par le monde associatif depuis plus de 10 ans, j'ai \u00e0 c\u0153ur de partager des histoires inspirantes et de mettre en lumi\u00e8re les initiatives locales. Mon objectif est de sensibiliser et d'encourager l'engagement communautaire \u00e0 travers mes articles.","sameAs":["https:\/\/vieassociative.be\/"]}]}},"_links":{"self":[{"href":"https:\/\/vieassociative.be\/actualites\/wp-json\/wp\/v2\/posts\/3011"}],"collection":[{"href":"https:\/\/vieassociative.be\/actualites\/wp-json\/wp\/v2\/posts"}],"about":[{"href":"https:\/\/vieassociative.be\/actualites\/wp-json\/wp\/v2\/types\/post"}],"author":[{"embeddable":true,"href":"https:\/\/vieassociative.be\/actualites\/wp-json\/wp\/v2\/users\/1"}],"replies":[{"embeddable":true,"href":"https:\/\/vieassociative.be\/actualites\/wp-json\/wp\/v2\/comments?post=3011"}],"version-history":[{"count":0,"href":"https:\/\/vieassociative.be\/actualites\/wp-json\/wp\/v2\/posts\/3011\/revisions"}],"wp:featuredmedia":[{"embeddable":true,"href":"https:\/\/vieassociative.be\/actualites\/wp-json\/wp\/v2\/media\/3012"}],"wp:attachment":[{"href":"https:\/\/vieassociative.be\/actualites\/wp-json\/wp\/v2\/media?parent=3011"}],"wp:term":[{"taxonomy":"category","embeddable":true,"href":"https:\/\/vieassociative.be\/actualites\/wp-json\/wp\/v2\/categories?post=3011"},{"taxonomy":"post_tag","embeddable":true,"href":"https:\/\/vieassociative.be\/actualites\/wp-json\/wp\/v2\/tags?post=3011"}],"curies":[{"name":"wp","href":"https:\/\/api.w.org\/{rel}","templated":true}]}}