{"id":3009,"date":"2024-12-03T06:21:14","date_gmt":"2024-12-03T05:21:14","guid":{"rendered":"https:\/\/vieassociative.be\/actualites\/ecouter-de-la-musique-peut-il-vraiment-rendre-votre-bebe-plus-intelligent\/"},"modified":"2024-12-03T06:21:14","modified_gmt":"2024-12-03T05:21:14","slug":"ecouter-de-la-musique-peut-il-vraiment-rendre-votre-bebe-plus-intelligent","status":"publish","type":"post","link":"https:\/\/vieassociative.be\/actualites\/ecouter-de-la-musique-peut-il-vraiment-rendre-votre-bebe-plus-intelligent\/","title":{"rendered":"\u00c9couter de la musique peut-il vraiment rendre votre b\u00e9b\u00e9 plus intelligent ?"},"content":{"rendered":"<div class=\"mt-4 leading-6 md:mb-8\">La musique classique ne rendra pas votre enfant plus intelligent. Mais ils l&rsquo;appr\u00e9cieront toujours.<\/div>\n<p><\/p>\n<p>La musique est g\u00e9niale et les b\u00e9b\u00e9s adorent quand vous leur chantez. Mais cela signifie-t-il que votre b\u00e9b\u00e9 grandira plus intelligemment ou atteindra ses objectifs plus rapidement si vous lui jouez du Mozart \u00e0 mesure qu&rsquo;il grandit ? Pas vraiment. <\/p>\n<h2 id=\"does-classical-music-make-babies-and-kids-smarter\">La musique classique rend-elle les b\u00e9b\u00e9s et les enfants plus intelligents\u00a0? <\/h2>\n<p>L&rsquo;id\u00e9e selon laquelle la musique rend les enfants plus intelligents vient, en fin de compte, d&rsquo;une \u00e9tude de 1993 dans laquelle des \u00e9tudiants d&rsquo;\u00e2ge universitaire \u00e9coutaient soit une sonate de Mozart, une cassette de m\u00e9ditation, ou rien avant d&rsquo;accomplir une t\u00e2che qui les obligeait \u00e0 imaginer couper un morceau de papier pli\u00e9. et ceux qui ont \u00e9cout\u00e9 Mozart ont fait tr\u00e8s l\u00e9g\u00e8rement mieux que les autres. Les auteurs ont d\u00e9clar\u00e9 qu\u2019ils s\u2019attendaient \u00e0 ce que l\u2019effet disparaisse apr\u00e8s 10 \u00e0 15 minutes.<\/p>\n<p>L\u2019\u00e9tude a pris de l\u2019ampleur dans les m\u00e9dias populaires, se transformant progressivement en l\u2019id\u00e9e selon laquelle la musique classique rend les gens, en particulier les enfants, plus intelligents. Une \u00e9tude de 2005 sur les citations des journaux a r\u00e9v\u00e9l\u00e9 que l&rsquo;\u00e9tude de 1993 \u00e9tait cit\u00e9e dix fois plus souvent que les \u00e9tudes scientifiques comparables de l&rsquo;\u00e9poque, et que sa renomm\u00e9e a augment\u00e9 plut\u00f4t que de s&rsquo;estomper au fil des ann\u00e9es, \u00e0 mesure que les l\u00e9gislateurs et les livres populaires n&rsquo;ont cess\u00e9 d&rsquo;en parler. <\/p>\n<h2 id=\"is-the-mozart-effect-real\">L\u2019\u00ab effet Mozart \u00bb est-il r\u00e9el ?<\/h2>\n<p>Ce soi-disant \u00ab effet Mozart \u00bb n&rsquo;a m\u00eame pas \u00e9t\u00e9 \u00e9tudi\u00e9 chez les enfants. Les chercheurs ont \u00e9tudi\u00e9 toutes les variations de cet effet, en examinant les effets d\u2019autres types de musique et en jouant m\u00eame du Mozart pour des rats in utero. Ils n\u2019ont trouv\u00e9 aucun effet robuste d\u2019am\u00e9lioration de l\u2019intelligence en \u00e9coutant de la musique classique, et plusieurs groupes de scientifiques ont tent\u00e9 de reproduire l\u2019\u00e9tude originale et n\u2019ont pas toujours pu obtenir les m\u00eames r\u00e9sultats. Il y a eu des \u00e9tudes sur de jeunes enfants qui suivaient des cours de musique et obtenaient de meilleurs r\u00e9sultats aux examens, mais cela est diff\u00e9rent de l&rsquo;id\u00e9e originale de <em>\u00e9coute<\/em> \u00e0 la musique augmentant l&rsquo;intelligence.<\/p>\n<p>Les auteurs de cette analyse de 2005 rapportent que l&rsquo;id\u00e9e de l&rsquo;effet Mozart n&rsquo;a vraiment gagn\u00e9 en popularit\u00e9 qu&rsquo;apr\u00e8s que l&rsquo;on a commenc\u00e9 \u00e0 en parler chez les b\u00e9b\u00e9s et les jeunes enfants (m\u00eame s&rsquo;il n&rsquo;avait pas \u00e9t\u00e9 \u00e9tudi\u00e9 dans ces populations) et qu&rsquo;il \u00e9tait plus populaire dans \u00c9tats o\u00f9 les d\u00e9penses d\u2019\u00e9ducation et les r\u00e9sultats aux tests sont les plus faibles. En d\u2019autres termes, il aurait pu \u00eatre int\u00e9ressant de consid\u00e9rer les CD de musique classique comme un raccourci vers la r\u00e9ussite scolaire des enfants face aux probl\u00e8mes syst\u00e9miques de l\u2019\u00e9ducation. Peu importe que ce ne soit pas r\u00e9ellement vrai.<\/p>\n<h2 id=\"does-music-have-social-and-emotional-benefits-for-babies\">La musique a-t-elle des avantages sociaux et \u00e9motionnels pour les b\u00e9b\u00e9s ?<\/h2>\n<p>La musique peut \u00eatre un \u00e9l\u00e9ment amusant et utile dans la fa\u00e7on dont les b\u00e9b\u00e9s interagissent avec les soignants, mais c&rsquo;est le soignant qui est ici la partie importante, pas la musique. Les b\u00e9b\u00e9s peuvent reconna\u00eetre les airs familiers et les voix des membres de la famille d\u00e8s leur plus jeune \u00e2ge. <\/p>\n<p>La musique vous donne \u00e9galement l&rsquo;occasion de vivre des \u00e9motions avec votre b\u00e9b\u00e9, comme sourire ou danser avec lui lorsque vous jouez une chanson joyeuse, ou utiliser une chanson apaisante comme une berceuse pendant un moment calme. <\/p>\n<h2 id=\"does-music-have-physical-and-sensory-benefits-for-babies\">La musique a-t-elle des bienfaits physiques et sensoriels pour les b\u00e9b\u00e9s ?<\/h2>\n<p>Les b\u00e9b\u00e9s et les tout-petits sont peut-\u00eatre trop jeunes pour jouer de la musique au sens de prendre des cours d&rsquo;instruments, mais ils peuvent certainement bouger leur corps et utiliser des instruments simples pour faire du bruit. Secouer une maraca ou suivre une chanson ou une comptine (pensez \u00e0 \u00ab Itsy Bitsy Spider \u00bb) leur permet de pratiquer diff\u00e9rents types de mouvements et de voir comment leurs actions ont des effets dans le monde r\u00e9el : \u00ab Je secoue cette chose et elle fait du bruit. \u00bb Ces habilet\u00e9s motrices jouent un r\u00f4le important dans le d\u00e9veloppement des b\u00e9b\u00e9s.<\/p>\n<p>Certaines \u00e9tudes sugg\u00e8rent que les cours de musique pour nourrissons peuvent aider les b\u00e9b\u00e9s \u00e0 acqu\u00e9rir certaines des comp\u00e9tences qui les aident \u00e0 traiter le langage, mais n&rsquo;oubliez pas qu&rsquo;un cours de musique est charg\u00e9, amusant et interactif. L&rsquo;enfant est rebondi au son de la musique, joue avec des jouets et peut observer et r\u00e9agir aux actions de son enseignant ou de son tuteur. Il se passe bien plus que de simples notes de musique qui parviennent \u00e0 leurs oreilles.<\/p>\n<h2 id=\"how-to-add-music-to-your-babys-life\">Comment ajouter de la musique \u00e0 la vie de votre b\u00e9b\u00e9<\/h2>\n<p>M\u00eame si le buzz autour de l\u2019effet Mozart s\u2019\u00e9tait calm\u00e9 au moment o\u00f9 j\u2019avais des enfants, je me souviens d\u2019\u00eatre constamment tomb\u00e9 sur des jouets et des vid\u00e9os de la marque \u00ab Baby Einstein \u00bb. L&rsquo;entreprise s&rsquo;est fortement appuy\u00e9e sur l&rsquo;id\u00e9e que la musique classique rendrait votre enfant plus intelligent et a finalement fini par supprimer certaines de ses affirmations en mati\u00e8re d&rsquo;\u00e9ducation et de rembourser les parents. <\/p>\n<p>M\u00eame si \u00e7a semble idiot <em>maintenant<\/em>dans les ann\u00e9es 1990 et au d\u00e9but des ann\u00e9es 2000, l\u2019id\u00e9e selon laquelle la musique rendrait votre enfant plus intelligent \u00e9tait si r\u00e9pandue qu\u2019elle \u00e9tait incontournable. En plus d&rsquo;apaiser les craintes concernant les enfants et l&rsquo;\u00e9ducation en g\u00e9n\u00e9ral (mon enfant ira bien si je joue suffisamment de musique classique), je suis convaincu que l&rsquo;une des choses qui alimente le mythe est que jouer de la musique classique pour les b\u00e9b\u00e9s est facile et bon march\u00e9. Mozart est mort depuis 200 ans, sa musique est donc du domaine public. Mettez une de ses chansons sur une vid\u00e9o de jouets et d&rsquo;objets al\u00e9atoires, et boum, vous avez un produit vendable. (Je ne plaisante pas\u00a0: regardez quelques vid\u00e9os r\u00e9elles de Baby Einstein. Elles sont mauvaises.)<\/p>\n<p>Donc, si vous souhaitez initier votre enfant \u00e0 la musique, oubliez de trouver le \u00ab meilleur \u00bb genre ou les \u00ab meilleurs \u00bb compositeurs. Chantez pour eux, dansez avec eux, jouez votre propre musique pr\u00e9f\u00e9r\u00e9e (conseil de pro\u00a0: ils ne comprennent pas encore les paroles, vous pouvez donc vraiment jouer <em>rien<\/em>), et laissez-les faire leur propre bruit. <\/p>\n<p><\/p>\n","protected":false},"excerpt":{"rendered":"<p>La musique classique ne rendra pas votre enfant plus intelligent. Mais ils l&rsquo;appr\u00e9cieront toujours. La musique est g\u00e9niale et les b\u00e9b\u00e9s adorent quand vous leur<\/p>\n","protected":false},"author":1,"featured_media":3010,"comment_status":"","ping_status":"","sticky":false,"template":"","format":"standard","meta":{"footnotes":""},"categories":[37],"tags":[180,1649,3557,1419,1566,465,8,523],"class_list":["post-3009","post","type-post","status-publish","format-standard","has-post-thumbnail","hentry","category-famille","tag-bebe","tag-ecouter","tag-intelligent","tag-musique","tag-peutil","tag-rendre","tag-votre","tag-vraiment","generate-columns","tablet-grid-50","mobile-grid-100","grid-parent","grid-33"],"yoast_head":"<!-- This site is optimized with the Yoast SEO plugin v24.0 - https:\/\/yoast.com\/wordpress\/plugins\/seo\/ -->\n<title>\u00c9couter de la musique peut-il vraiment rendre votre b\u00e9b\u00e9 plus intelligent ? | Vie Associative<\/title>\n<meta name=\"robots\" content=\"index, follow, max-snippet:-1, max-image-preview:large, max-video-preview:-1\" \/>\n<link rel=\"canonical\" href=\"https:\/\/vieassociative.be\/actualites\/ecouter-de-la-musique-peut-il-vraiment-rendre-votre-bebe-plus-intelligent\/\" \/>\n<meta property=\"og:locale\" content=\"fr_FR\" \/>\n<meta property=\"og:type\" content=\"article\" \/>\n<meta property=\"og:title\" content=\"\u00c9couter de la musique peut-il vraiment rendre votre b\u00e9b\u00e9 plus intelligent ? | Vie Associative\" \/>\n<meta property=\"og:description\" content=\"La musique classique ne rendra pas votre enfant plus intelligent. Mais ils l&rsquo;appr\u00e9cieront toujours. La musique est g\u00e9niale et les b\u00e9b\u00e9s adorent quand vous leur\" \/>\n<meta property=\"og:url\" content=\"https:\/\/vieassociative.be\/actualites\/ecouter-de-la-musique-peut-il-vraiment-rendre-votre-bebe-plus-intelligent\/\" \/>\n<meta property=\"og:site_name\" content=\"Vie Associative\" \/>\n<meta property=\"article:published_time\" content=\"2024-12-03T05:21:14+00:00\" \/>\n<meta property=\"og:image\" content=\"https:\/\/vieassociative.be\/actualites\/wp-content\/uploads\/2024\/09\/header_backgroundk-01-e1726694325946.png\" \/>\n\t<meta property=\"og:image:width\" content=\"279\" \/>\n\t<meta property=\"og:image:height\" content=\"92\" \/>\n\t<meta property=\"og:image:type\" content=\"image\/png\" \/>\n<meta name=\"author\" content=\"Julien\" \/>\n<meta name=\"twitter:card\" content=\"summary_large_image\" \/>\n<meta name=\"twitter:label1\" content=\"\u00c9crit par\" \/>\n\t<meta name=\"twitter:data1\" content=\"Julien\" \/>\n\t<meta name=\"twitter:label2\" content=\"Dur\u00e9e de lecture est.\" \/>\n\t<meta name=\"twitter:data2\" content=\"5 minutes\" \/>\n<script type=\"application\/ld+json\" class=\"yoast-schema-graph\">{\"@context\":\"https:\/\/schema.org\",\"@graph\":[{\"@type\":\"Article\",\"@id\":\"https:\/\/vieassociative.be\/actualites\/ecouter-de-la-musique-peut-il-vraiment-rendre-votre-bebe-plus-intelligent\/#article\",\"isPartOf\":{\"@id\":\"https:\/\/vieassociative.be\/actualites\/ecouter-de-la-musique-peut-il-vraiment-rendre-votre-bebe-plus-intelligent\/\"},\"author\":{\"name\":\"Julien\",\"@id\":\"https:\/\/vieassociative.be\/actualites\/#\/schema\/person\/b87ac4f82f9d4e7b7cec7395b679edc4\"},\"headline\":\"\u00c9couter de la musique peut-il vraiment rendre votre b\u00e9b\u00e9 plus intelligent ?\",\"datePublished\":\"2024-12-03T05:21:14+00:00\",\"dateModified\":\"2024-12-03T05:21:14+00:00\",\"mainEntityOfPage\":{\"@id\":\"https:\/\/vieassociative.be\/actualites\/ecouter-de-la-musique-peut-il-vraiment-rendre-votre-bebe-plus-intelligent\/\"},\"wordCount\":1135,\"publisher\":{\"@id\":\"https:\/\/vieassociative.be\/actualites\/#organization\"},\"image\":{\"@id\":\"https:\/\/vieassociative.be\/actualites\/ecouter-de-la-musique-peut-il-vraiment-rendre-votre-bebe-plus-intelligent\/#primaryimage\"},\"thumbnailUrl\":\"https:\/\/vieassociative.be\/actualites\/wp-content\/uploads\/2024\/12\/Ecouter-de-la-musique-peut-il-vraiment-rendre-votre-bebe-plus.jpg\",\"keywords\":[\"b\u00e9b\u00e9\",\"\u00e9couter\",\"intelligent\",\"musique\",\"peutil\",\"rendre\",\"votre\",\"vraiment\"],\"articleSection\":[\"Famille\"],\"inLanguage\":\"fr-BE\"},{\"@type\":\"WebPage\",\"@id\":\"https:\/\/vieassociative.be\/actualites\/ecouter-de-la-musique-peut-il-vraiment-rendre-votre-bebe-plus-intelligent\/\",\"url\":\"https:\/\/vieassociative.be\/actualites\/ecouter-de-la-musique-peut-il-vraiment-rendre-votre-bebe-plus-intelligent\/\",\"name\":\"\u00c9couter de la musique peut-il vraiment rendre votre b\u00e9b\u00e9 plus intelligent ? | Vie Associative\",\"isPartOf\":{\"@id\":\"https:\/\/vieassociative.be\/actualites\/#website\"},\"primaryImageOfPage\":{\"@id\":\"https:\/\/vieassociative.be\/actualites\/ecouter-de-la-musique-peut-il-vraiment-rendre-votre-bebe-plus-intelligent\/#primaryimage\"},\"image\":{\"@id\":\"https:\/\/vieassociative.be\/actualites\/ecouter-de-la-musique-peut-il-vraiment-rendre-votre-bebe-plus-intelligent\/#primaryimage\"},\"thumbnailUrl\":\"https:\/\/vieassociative.be\/actualites\/wp-content\/uploads\/2024\/12\/Ecouter-de-la-musique-peut-il-vraiment-rendre-votre-bebe-plus.jpg\",\"datePublished\":\"2024-12-03T05:21:14+00:00\",\"dateModified\":\"2024-12-03T05:21:14+00:00\",\"breadcrumb\":{\"@id\":\"https:\/\/vieassociative.be\/actualites\/ecouter-de-la-musique-peut-il-vraiment-rendre-votre-bebe-plus-intelligent\/#breadcrumb\"},\"inLanguage\":\"fr-BE\",\"potentialAction\":[{\"@type\":\"ReadAction\",\"target\":[\"https:\/\/vieassociative.be\/actualites\/ecouter-de-la-musique-peut-il-vraiment-rendre-votre-bebe-plus-intelligent\/\"]}]},{\"@type\":\"ImageObject\",\"inLanguage\":\"fr-BE\",\"@id\":\"https:\/\/vieassociative.be\/actualites\/ecouter-de-la-musique-peut-il-vraiment-rendre-votre-bebe-plus-intelligent\/#primaryimage\",\"url\":\"https:\/\/vieassociative.be\/actualites\/wp-content\/uploads\/2024\/12\/Ecouter-de-la-musique-peut-il-vraiment-rendre-votre-bebe-plus.jpg\",\"contentUrl\":\"https:\/\/vieassociative.be\/actualites\/wp-content\/uploads\/2024\/12\/Ecouter-de-la-musique-peut-il-vraiment-rendre-votre-bebe-plus.jpg\",\"width\":1200,\"height\":675,\"caption\":\"\u00c9couter de la musique peut-il vraiment rendre votre b\u00e9b\u00e9 plus intelligent ?\"},{\"@type\":\"BreadcrumbList\",\"@id\":\"https:\/\/vieassociative.be\/actualites\/ecouter-de-la-musique-peut-il-vraiment-rendre-votre-bebe-plus-intelligent\/#breadcrumb\",\"itemListElement\":[{\"@type\":\"ListItem\",\"position\":1,\"name\":\"Accueil\",\"item\":\"https:\/\/vieassociative.be\/actualites\/\"},{\"@type\":\"ListItem\",\"position\":2,\"name\":\"\u00c9couter de la musique peut-il vraiment rendre votre b\u00e9b\u00e9 plus intelligent ?\"}]},{\"@type\":\"WebSite\",\"@id\":\"https:\/\/vieassociative.be\/actualites\/#website\",\"url\":\"https:\/\/vieassociative.be\/actualites\/\",\"name\":\"Vie Associative\",\"description\":\"\",\"publisher\":{\"@id\":\"https:\/\/vieassociative.be\/actualites\/#organization\"},\"potentialAction\":[{\"@type\":\"SearchAction\",\"target\":{\"@type\":\"EntryPoint\",\"urlTemplate\":\"https:\/\/vieassociative.be\/actualites\/?s={search_term_string}\"},\"query-input\":{\"@type\":\"PropertyValueSpecification\",\"valueRequired\":true,\"valueName\":\"search_term_string\"}}],\"inLanguage\":\"fr-BE\"},{\"@type\":\"Organization\",\"@id\":\"https:\/\/vieassociative.be\/actualites\/#organization\",\"name\":\"Vie Associative\",\"url\":\"https:\/\/vieassociative.be\/actualites\/\",\"logo\":{\"@type\":\"ImageObject\",\"inLanguage\":\"fr-BE\",\"@id\":\"https:\/\/vieassociative.be\/actualites\/#\/schema\/logo\/image\/\",\"url\":\"https:\/\/vieassociative.be\/actualites\/wp-content\/uploads\/2024\/09\/cropped-vieassociative_favicon.ico.png\",\"contentUrl\":\"https:\/\/vieassociative.be\/actualites\/wp-content\/uploads\/2024\/09\/cropped-vieassociative_favicon.ico.png\",\"width\":512,\"height\":512,\"caption\":\"Vie Associative\"},\"image\":{\"@id\":\"https:\/\/vieassociative.be\/actualites\/#\/schema\/logo\/image\/\"}},{\"@type\":\"Person\",\"@id\":\"https:\/\/vieassociative.be\/actualites\/#\/schema\/person\/b87ac4f82f9d4e7b7cec7395b679edc4\",\"name\":\"Julien\",\"image\":{\"@type\":\"ImageObject\",\"inLanguage\":\"fr-BE\",\"@id\":\"https:\/\/vieassociative.be\/actualites\/#\/schema\/person\/image\/\",\"url\":\"https:\/\/vieassociative.be\/actualites\/wp-content\/uploads\/2024\/09\/vie-associative-1-150x150.jpg\",\"contentUrl\":\"https:\/\/vieassociative.be\/actualites\/wp-content\/uploads\/2024\/09\/vie-associative-1-150x150.jpg\",\"caption\":\"Julien\"},\"description\":\"Je suis Julien, r\u00e9dacteur pour Vie Associative. Passionn\u00e9 par le monde associatif depuis plus de 10 ans, j'ai \u00e0 c\u0153ur de partager des histoires inspirantes et de mettre en lumi\u00e8re les initiatives locales. Mon objectif est de sensibiliser et d'encourager l'engagement communautaire \u00e0 travers mes articles.\",\"sameAs\":[\"https:\/\/vieassociative.be\/\"]}]}<\/script>\n<!-- \/ Yoast SEO plugin. -->","yoast_head_json":{"title":"\u00c9couter de la musique peut-il vraiment rendre votre b\u00e9b\u00e9 plus intelligent ? | Vie Associative","robots":{"index":"index","follow":"follow","max-snippet":"max-snippet:-1","max-image-preview":"max-image-preview:large","max-video-preview":"max-video-preview:-1"},"canonical":"https:\/\/vieassociative.be\/actualites\/ecouter-de-la-musique-peut-il-vraiment-rendre-votre-bebe-plus-intelligent\/","og_locale":"fr_FR","og_type":"article","og_title":"\u00c9couter de la musique peut-il vraiment rendre votre b\u00e9b\u00e9 plus intelligent ? | Vie Associative","og_description":"La musique classique ne rendra pas votre enfant plus intelligent. Mais ils l&rsquo;appr\u00e9cieront toujours. La musique est g\u00e9niale et les b\u00e9b\u00e9s adorent quand vous leur","og_url":"https:\/\/vieassociative.be\/actualites\/ecouter-de-la-musique-peut-il-vraiment-rendre-votre-bebe-plus-intelligent\/","og_site_name":"Vie Associative","article_published_time":"2024-12-03T05:21:14+00:00","og_image":[{"width":279,"height":92,"url":"https:\/\/vieassociative.be\/actualites\/wp-content\/uploads\/2024\/09\/header_backgroundk-01-e1726694325946.png","type":"image\/png"}],"author":"Julien","twitter_card":"summary_large_image","twitter_misc":{"\u00c9crit par":"Julien","Dur\u00e9e de lecture est.":"5 minutes"},"schema":{"@context":"https:\/\/schema.org","@graph":[{"@type":"Article","@id":"https:\/\/vieassociative.be\/actualites\/ecouter-de-la-musique-peut-il-vraiment-rendre-votre-bebe-plus-intelligent\/#article","isPartOf":{"@id":"https:\/\/vieassociative.be\/actualites\/ecouter-de-la-musique-peut-il-vraiment-rendre-votre-bebe-plus-intelligent\/"},"author":{"name":"Julien","@id":"https:\/\/vieassociative.be\/actualites\/#\/schema\/person\/b87ac4f82f9d4e7b7cec7395b679edc4"},"headline":"\u00c9couter de la musique peut-il vraiment rendre votre b\u00e9b\u00e9 plus intelligent ?","datePublished":"2024-12-03T05:21:14+00:00","dateModified":"2024-12-03T05:21:14+00:00","mainEntityOfPage":{"@id":"https:\/\/vieassociative.be\/actualites\/ecouter-de-la-musique-peut-il-vraiment-rendre-votre-bebe-plus-intelligent\/"},"wordCount":1135,"publisher":{"@id":"https:\/\/vieassociative.be\/actualites\/#organization"},"image":{"@id":"https:\/\/vieassociative.be\/actualites\/ecouter-de-la-musique-peut-il-vraiment-rendre-votre-bebe-plus-intelligent\/#primaryimage"},"thumbnailUrl":"https:\/\/vieassociative.be\/actualites\/wp-content\/uploads\/2024\/12\/Ecouter-de-la-musique-peut-il-vraiment-rendre-votre-bebe-plus.jpg","keywords":["b\u00e9b\u00e9","\u00e9couter","intelligent","musique","peutil","rendre","votre","vraiment"],"articleSection":["Famille"],"inLanguage":"fr-BE"},{"@type":"WebPage","@id":"https:\/\/vieassociative.be\/actualites\/ecouter-de-la-musique-peut-il-vraiment-rendre-votre-bebe-plus-intelligent\/","url":"https:\/\/vieassociative.be\/actualites\/ecouter-de-la-musique-peut-il-vraiment-rendre-votre-bebe-plus-intelligent\/","name":"\u00c9couter de la musique peut-il vraiment rendre votre b\u00e9b\u00e9 plus intelligent ? | Vie Associative","isPartOf":{"@id":"https:\/\/vieassociative.be\/actualites\/#website"},"primaryImageOfPage":{"@id":"https:\/\/vieassociative.be\/actualites\/ecouter-de-la-musique-peut-il-vraiment-rendre-votre-bebe-plus-intelligent\/#primaryimage"},"image":{"@id":"https:\/\/vieassociative.be\/actualites\/ecouter-de-la-musique-peut-il-vraiment-rendre-votre-bebe-plus-intelligent\/#primaryimage"},"thumbnailUrl":"https:\/\/vieassociative.be\/actualites\/wp-content\/uploads\/2024\/12\/Ecouter-de-la-musique-peut-il-vraiment-rendre-votre-bebe-plus.jpg","datePublished":"2024-12-03T05:21:14+00:00","dateModified":"2024-12-03T05:21:14+00:00","breadcrumb":{"@id":"https:\/\/vieassociative.be\/actualites\/ecouter-de-la-musique-peut-il-vraiment-rendre-votre-bebe-plus-intelligent\/#breadcrumb"},"inLanguage":"fr-BE","potentialAction":[{"@type":"ReadAction","target":["https:\/\/vieassociative.be\/actualites\/ecouter-de-la-musique-peut-il-vraiment-rendre-votre-bebe-plus-intelligent\/"]}]},{"@type":"ImageObject","inLanguage":"fr-BE","@id":"https:\/\/vieassociative.be\/actualites\/ecouter-de-la-musique-peut-il-vraiment-rendre-votre-bebe-plus-intelligent\/#primaryimage","url":"https:\/\/vieassociative.be\/actualites\/wp-content\/uploads\/2024\/12\/Ecouter-de-la-musique-peut-il-vraiment-rendre-votre-bebe-plus.jpg","contentUrl":"https:\/\/vieassociative.be\/actualites\/wp-content\/uploads\/2024\/12\/Ecouter-de-la-musique-peut-il-vraiment-rendre-votre-bebe-plus.jpg","width":1200,"height":675,"caption":"\u00c9couter de la musique peut-il vraiment rendre votre b\u00e9b\u00e9 plus intelligent ?"},{"@type":"BreadcrumbList","@id":"https:\/\/vieassociative.be\/actualites\/ecouter-de-la-musique-peut-il-vraiment-rendre-votre-bebe-plus-intelligent\/#breadcrumb","itemListElement":[{"@type":"ListItem","position":1,"name":"Accueil","item":"https:\/\/vieassociative.be\/actualites\/"},{"@type":"ListItem","position":2,"name":"\u00c9couter de la musique peut-il vraiment rendre votre b\u00e9b\u00e9 plus intelligent ?"}]},{"@type":"WebSite","@id":"https:\/\/vieassociative.be\/actualites\/#website","url":"https:\/\/vieassociative.be\/actualites\/","name":"Vie Associative","description":"","publisher":{"@id":"https:\/\/vieassociative.be\/actualites\/#organization"},"potentialAction":[{"@type":"SearchAction","target":{"@type":"EntryPoint","urlTemplate":"https:\/\/vieassociative.be\/actualites\/?s={search_term_string}"},"query-input":{"@type":"PropertyValueSpecification","valueRequired":true,"valueName":"search_term_string"}}],"inLanguage":"fr-BE"},{"@type":"Organization","@id":"https:\/\/vieassociative.be\/actualites\/#organization","name":"Vie Associative","url":"https:\/\/vieassociative.be\/actualites\/","logo":{"@type":"ImageObject","inLanguage":"fr-BE","@id":"https:\/\/vieassociative.be\/actualites\/#\/schema\/logo\/image\/","url":"https:\/\/vieassociative.be\/actualites\/wp-content\/uploads\/2024\/09\/cropped-vieassociative_favicon.ico.png","contentUrl":"https:\/\/vieassociative.be\/actualites\/wp-content\/uploads\/2024\/09\/cropped-vieassociative_favicon.ico.png","width":512,"height":512,"caption":"Vie Associative"},"image":{"@id":"https:\/\/vieassociative.be\/actualites\/#\/schema\/logo\/image\/"}},{"@type":"Person","@id":"https:\/\/vieassociative.be\/actualites\/#\/schema\/person\/b87ac4f82f9d4e7b7cec7395b679edc4","name":"Julien","image":{"@type":"ImageObject","inLanguage":"fr-BE","@id":"https:\/\/vieassociative.be\/actualites\/#\/schema\/person\/image\/","url":"https:\/\/vieassociative.be\/actualites\/wp-content\/uploads\/2024\/09\/vie-associative-1-150x150.jpg","contentUrl":"https:\/\/vieassociative.be\/actualites\/wp-content\/uploads\/2024\/09\/vie-associative-1-150x150.jpg","caption":"Julien"},"description":"Je suis Julien, r\u00e9dacteur pour Vie Associative. Passionn\u00e9 par le monde associatif depuis plus de 10 ans, j'ai \u00e0 c\u0153ur de partager des histoires inspirantes et de mettre en lumi\u00e8re les initiatives locales. Mon objectif est de sensibiliser et d'encourager l'engagement communautaire \u00e0 travers mes articles.","sameAs":["https:\/\/vieassociative.be\/"]}]}},"_links":{"self":[{"href":"https:\/\/vieassociative.be\/actualites\/wp-json\/wp\/v2\/posts\/3009"}],"collection":[{"href":"https:\/\/vieassociative.be\/actualites\/wp-json\/wp\/v2\/posts"}],"about":[{"href":"https:\/\/vieassociative.be\/actualites\/wp-json\/wp\/v2\/types\/post"}],"author":[{"embeddable":true,"href":"https:\/\/vieassociative.be\/actualites\/wp-json\/wp\/v2\/users\/1"}],"replies":[{"embeddable":true,"href":"https:\/\/vieassociative.be\/actualites\/wp-json\/wp\/v2\/comments?post=3009"}],"version-history":[{"count":0,"href":"https:\/\/vieassociative.be\/actualites\/wp-json\/wp\/v2\/posts\/3009\/revisions"}],"wp:featuredmedia":[{"embeddable":true,"href":"https:\/\/vieassociative.be\/actualites\/wp-json\/wp\/v2\/media\/3010"}],"wp:attachment":[{"href":"https:\/\/vieassociative.be\/actualites\/wp-json\/wp\/v2\/media?parent=3009"}],"wp:term":[{"taxonomy":"category","embeddable":true,"href":"https:\/\/vieassociative.be\/actualites\/wp-json\/wp\/v2\/categories?post=3009"},{"taxonomy":"post_tag","embeddable":true,"href":"https:\/\/vieassociative.be\/actualites\/wp-json\/wp\/v2\/tags?post=3009"}],"curies":[{"name":"wp","href":"https:\/\/api.w.org\/{rel}","templated":true}]}}