{"id":3006,"date":"2024-12-03T03:18:40","date_gmt":"2024-12-03T02:18:40","guid":{"rendered":"https:\/\/vieassociative.be\/actualites\/un-differend-entre-conducteur-et-pieton-a-kelmis-se-termine-par-des-degats-materiels-et-corporels\/"},"modified":"2024-12-03T03:18:40","modified_gmt":"2024-12-03T02:18:40","slug":"un-differend-entre-conducteur-et-pieton-a-kelmis-se-termine-par-des-degats-materiels-et-corporels","status":"publish","type":"post","link":"https:\/\/vieassociative.be\/actualites\/un-differend-entre-conducteur-et-pieton-a-kelmis-se-termine-par-des-degats-materiels-et-corporels\/","title":{"rendered":"Un diff\u00e9rend entre conducteur et pi\u00e9ton \u00e0 Kelmis se termine par des d\u00e9g\u00e2ts mat\u00e9riels et corporels"},"content":{"rendered":"<p><strong>A La Calamine, une violente dispute a eu lieu dimanche entre un pi\u00e9ton qui traversait la rue de Li\u00e8ge au niveau d&rsquo;un passage pi\u00e9ton et un automobiliste. Les faits se sont produits \u00e0 11h14. La dispute s\u2019est intensifi\u00e9e et s\u2019est sold\u00e9e par des d\u00e9g\u00e2ts mat\u00e9riels et corporels.<\/strong><\/p>\n<p><span id=\"more-403042\"><\/span><strong>\u2013 Litige entre pi\u00e9ton et conducteur :<\/strong> Selon la zone de police de Weser-G\u00f6hl, les \u00e9v\u00e9nements suivants se sont produits : Le dimanche 1er janvier, les services de la zone de police de Weser-G\u00f6hl ont \u00e9t\u00e9 appel\u00e9s \u00e0 11h14 dans la L\u00fctticher Stra\u00dfe \u00e0 Kelmis en raison d&rsquo;une dispute entre un pi\u00e9ton et le Le conducteur d&rsquo;un pi\u00e9ton-voiture est arriv\u00e9, ce qui s&rsquo;est ensuite transform\u00e9 en blessures corporelles.<\/p>\n<p>Gr\u00e2ce aux images des cam\u00e9ras de surveillance, les policiers ont d\u00e9termin\u00e9 que le pi\u00e9ton traversait la rue de Li\u00e8ge au niveau d&rsquo;un passage pi\u00e9ton lorsque la voiture en question est arriv\u00e9e. Le conducteur de la voiture freine tr\u00e8s tard, mais s&rsquo;arr\u00eate devant le passage pi\u00e9ton sans mettre en danger le pi\u00e9ton.<\/p>\n<div id=\"attachment_396327\" class=\"wp-caption alignleft\" style=\"max-width: 300px\"><img fetchpriority=\"high\" decoding=\"async\" class=\"wp-image-396327 size-medium\" src=\"https:\/\/vieassociative.be\/actualites\/wp-content\/uploads\/2024\/12\/Un-differend-entre-conducteur-et-pieton-a-Kelmis-se-termine.jpeg\" alt=\"\" width=\"300\" height=\"200\"  ><\/p>\n<p class=\"wp-caption-text\">Un v\u00e9hicule de secours de la police d&rsquo;Eupen (photo d&rsquo;illustration).<\/p>\n<\/div>\n<p>Le pi\u00e9ton, \u00e0 son tour, passe devant la voiture jusqu&rsquo;\u00e0 ce qu&rsquo;elle soit au niveau du c\u00f4t\u00e9 passager. Maintenant, il entame une dispute verbale avec le conducteur de la voiture. Alors que le conducteur de la voiture voulait quitter les lieux, le pi\u00e9ton a donn\u00e9 un coup de pied dans la porti\u00e8re passager du v\u00e9hicule.<\/p>\n<p>Le conducteur de la voiture descend alors et heurte le pi\u00e9ton \u00e0 la t\u00eate. Cela le fait tr\u00e9bucher sur le trottoir et tomber au sol. Les policiers pr\u00e9sents sur place dressent un constat pour les d\u00e9g\u00e2ts mat\u00e9riels et un autre pour les coups et blessures corporels.<\/p>\n<p><strong>\u2013 L\u2019homme fouille dans le portefeuille de la femme :<\/strong> Le 29 novembre \u00e0 12h17, un policier en repos a observ\u00e9 un homme fouillant dans le portefeuille d&rsquo;une femme dans la Herbesthaler Strasse \u00e0 Eupen, en sortant de l&rsquo;argent et une carte bancaire, puis jetant le portefeuille dans une poubelle publique.<\/p>\n<p>Le policier contacte imm\u00e9diatement le centre de contr\u00f4le de la zone de police de Weser-G\u00f6hl. Une recherche imm\u00e9diate du suspect sera lanc\u00e9e. L&rsquo;homme qui a fui se cache dans un buisson de la Lommerischer Gasse. Des objets qu&rsquo;il avait pr\u00e9c\u00e9demment vol\u00e9s dans une voiture ont \u00e9t\u00e9 retrouv\u00e9s sur le suspect. L&rsquo;homme est arr\u00eat\u00e9. (cr\u00e9er)<\/p>\n","protected":false},"excerpt":{"rendered":"<p>A La Calamine, une violente dispute a eu lieu dimanche entre un pi\u00e9ton qui traversait la rue de Li\u00e8ge au niveau d&rsquo;un passage pi\u00e9ton et<\/p>\n","protected":false},"author":1,"featured_media":3007,"comment_status":"","ping_status":"","sticky":false,"template":"","format":"standard","meta":{"footnotes":""},"categories":[298],"tags":[2646,3252,3721,29,1159,70,3719,3722,676,3547,3720],"class_list":["post-3006","post","type-post","status-publish","format-standard","has-post-thumbnail","hentry","category-belgique","tag-conducteur","tag-corporels","tag-degats","tag-des","tag-differend","tag-entre","tag-kelmis","tag-materiels","tag-par","tag-pieton","tag-termine","generate-columns","tablet-grid-50","mobile-grid-100","grid-parent","grid-33"],"yoast_head":"<!-- This site is optimized with the Yoast SEO plugin v24.0 - https:\/\/yoast.com\/wordpress\/plugins\/seo\/ -->\n<title>Un diff\u00e9rend entre conducteur et pi\u00e9ton \u00e0 Kelmis se termine par des d\u00e9g\u00e2ts mat\u00e9riels et corporels | Vie Associative<\/title>\n<meta name=\"robots\" content=\"index, follow, max-snippet:-1, max-image-preview:large, max-video-preview:-1\" \/>\n<link rel=\"canonical\" href=\"https:\/\/vieassociative.be\/actualites\/un-differend-entre-conducteur-et-pieton-a-kelmis-se-termine-par-des-degats-materiels-et-corporels\/\" \/>\n<meta property=\"og:locale\" content=\"fr_FR\" \/>\n<meta property=\"og:type\" content=\"article\" \/>\n<meta property=\"og:title\" content=\"Un diff\u00e9rend entre conducteur et pi\u00e9ton \u00e0 Kelmis se termine par des d\u00e9g\u00e2ts mat\u00e9riels et corporels | Vie Associative\" \/>\n<meta property=\"og:description\" content=\"A La Calamine, une violente dispute a eu lieu dimanche entre un pi\u00e9ton qui traversait la rue de Li\u00e8ge au niveau d&rsquo;un passage pi\u00e9ton et\" \/>\n<meta property=\"og:url\" content=\"https:\/\/vieassociative.be\/actualites\/un-differend-entre-conducteur-et-pieton-a-kelmis-se-termine-par-des-degats-materiels-et-corporels\/\" \/>\n<meta property=\"og:site_name\" content=\"Vie Associative\" \/>\n<meta property=\"article:published_time\" content=\"2024-12-03T02:18:40+00:00\" \/>\n<meta property=\"og:image\" content=\"https:\/\/vieassociative.be\/actualites\/wp-content\/uploads\/2024\/12\/Un-differend-entre-conducteur-et-pieton-a-Kelmis-se-termine.jpeg\" \/>\n<meta name=\"author\" content=\"Julien\" \/>\n<meta name=\"twitter:card\" content=\"summary_large_image\" \/>\n<meta name=\"twitter:label1\" content=\"\u00c9crit par\" \/>\n\t<meta name=\"twitter:data1\" content=\"Julien\" \/>\n\t<meta name=\"twitter:label2\" content=\"Dur\u00e9e de lecture est.\" \/>\n\t<meta name=\"twitter:data2\" content=\"2 minutes\" \/>\n<script type=\"application\/ld+json\" class=\"yoast-schema-graph\">{\"@context\":\"https:\/\/schema.org\",\"@graph\":[{\"@type\":\"Article\",\"@id\":\"https:\/\/vieassociative.be\/actualites\/un-differend-entre-conducteur-et-pieton-a-kelmis-se-termine-par-des-degats-materiels-et-corporels\/#article\",\"isPartOf\":{\"@id\":\"https:\/\/vieassociative.be\/actualites\/un-differend-entre-conducteur-et-pieton-a-kelmis-se-termine-par-des-degats-materiels-et-corporels\/\"},\"author\":{\"name\":\"Julien\",\"@id\":\"https:\/\/vieassociative.be\/actualites\/#\/schema\/person\/b87ac4f82f9d4e7b7cec7395b679edc4\"},\"headline\":\"Un diff\u00e9rend entre conducteur et pi\u00e9ton \u00e0 Kelmis se termine par des d\u00e9g\u00e2ts mat\u00e9riels et corporels\",\"datePublished\":\"2024-12-03T02:18:40+00:00\",\"dateModified\":\"2024-12-03T02:18:40+00:00\",\"mainEntityOfPage\":{\"@id\":\"https:\/\/vieassociative.be\/actualites\/un-differend-entre-conducteur-et-pieton-a-kelmis-se-termine-par-des-degats-materiels-et-corporels\/\"},\"wordCount\":458,\"publisher\":{\"@id\":\"https:\/\/vieassociative.be\/actualites\/#organization\"},\"image\":{\"@id\":\"https:\/\/vieassociative.be\/actualites\/un-differend-entre-conducteur-et-pieton-a-kelmis-se-termine-par-des-degats-materiels-et-corporels\/#primaryimage\"},\"thumbnailUrl\":\"https:\/\/vieassociative.be\/actualites\/wp-content\/uploads\/2024\/12\/Un-differend-entre-conducteur-et-pieton-a-Kelmis-se-termine.jpg\",\"keywords\":[\"conducteur\",\"corporels\",\"d\u00e9g\u00e2ts\",\"Des\",\"diff\u00e9rend\",\"entre\",\"Kelmis\",\"mat\u00e9riels\",\"par\",\"pi\u00e9ton\",\"termine\"],\"articleSection\":[\"Belgique\"],\"inLanguage\":\"fr-BE\"},{\"@type\":\"WebPage\",\"@id\":\"https:\/\/vieassociative.be\/actualites\/un-differend-entre-conducteur-et-pieton-a-kelmis-se-termine-par-des-degats-materiels-et-corporels\/\",\"url\":\"https:\/\/vieassociative.be\/actualites\/un-differend-entre-conducteur-et-pieton-a-kelmis-se-termine-par-des-degats-materiels-et-corporels\/\",\"name\":\"Un diff\u00e9rend entre conducteur et pi\u00e9ton \u00e0 Kelmis se termine par des d\u00e9g\u00e2ts mat\u00e9riels et corporels | Vie Associative\",\"isPartOf\":{\"@id\":\"https:\/\/vieassociative.be\/actualites\/#website\"},\"primaryImageOfPage\":{\"@id\":\"https:\/\/vieassociative.be\/actualites\/un-differend-entre-conducteur-et-pieton-a-kelmis-se-termine-par-des-degats-materiels-et-corporels\/#primaryimage\"},\"image\":{\"@id\":\"https:\/\/vieassociative.be\/actualites\/un-differend-entre-conducteur-et-pieton-a-kelmis-se-termine-par-des-degats-materiels-et-corporels\/#primaryimage\"},\"thumbnailUrl\":\"https:\/\/vieassociative.be\/actualites\/wp-content\/uploads\/2024\/12\/Un-differend-entre-conducteur-et-pieton-a-Kelmis-se-termine.jpg\",\"datePublished\":\"2024-12-03T02:18:40+00:00\",\"dateModified\":\"2024-12-03T02:18:40+00:00\",\"breadcrumb\":{\"@id\":\"https:\/\/vieassociative.be\/actualites\/un-differend-entre-conducteur-et-pieton-a-kelmis-se-termine-par-des-degats-materiels-et-corporels\/#breadcrumb\"},\"inLanguage\":\"fr-BE\",\"potentialAction\":[{\"@type\":\"ReadAction\",\"target\":[\"https:\/\/vieassociative.be\/actualites\/un-differend-entre-conducteur-et-pieton-a-kelmis-se-termine-par-des-degats-materiels-et-corporels\/\"]}]},{\"@type\":\"ImageObject\",\"inLanguage\":\"fr-BE\",\"@id\":\"https:\/\/vieassociative.be\/actualites\/un-differend-entre-conducteur-et-pieton-a-kelmis-se-termine-par-des-degats-materiels-et-corporels\/#primaryimage\",\"url\":\"https:\/\/vieassociative.be\/actualites\/wp-content\/uploads\/2024\/12\/Un-differend-entre-conducteur-et-pieton-a-Kelmis-se-termine.jpg\",\"contentUrl\":\"https:\/\/vieassociative.be\/actualites\/wp-content\/uploads\/2024\/12\/Un-differend-entre-conducteur-et-pieton-a-Kelmis-se-termine.jpg\",\"width\":1200,\"height\":800,\"caption\":\"Un diff\u00e9rend entre conducteur et pi\u00e9ton \u00e0 Kelmis se termine par des d\u00e9g\u00e2ts mat\u00e9riels et corporels\"},{\"@type\":\"BreadcrumbList\",\"@id\":\"https:\/\/vieassociative.be\/actualites\/un-differend-entre-conducteur-et-pieton-a-kelmis-se-termine-par-des-degats-materiels-et-corporels\/#breadcrumb\",\"itemListElement\":[{\"@type\":\"ListItem\",\"position\":1,\"name\":\"Accueil\",\"item\":\"https:\/\/vieassociative.be\/actualites\/\"},{\"@type\":\"ListItem\",\"position\":2,\"name\":\"Un diff\u00e9rend entre conducteur et pi\u00e9ton \u00e0 Kelmis se termine par des d\u00e9g\u00e2ts mat\u00e9riels et corporels\"}]},{\"@type\":\"WebSite\",\"@id\":\"https:\/\/vieassociative.be\/actualites\/#website\",\"url\":\"https:\/\/vieassociative.be\/actualites\/\",\"name\":\"Vie Associative\",\"description\":\"\",\"publisher\":{\"@id\":\"https:\/\/vieassociative.be\/actualites\/#organization\"},\"potentialAction\":[{\"@type\":\"SearchAction\",\"target\":{\"@type\":\"EntryPoint\",\"urlTemplate\":\"https:\/\/vieassociative.be\/actualites\/?s={search_term_string}\"},\"query-input\":{\"@type\":\"PropertyValueSpecification\",\"valueRequired\":true,\"valueName\":\"search_term_string\"}}],\"inLanguage\":\"fr-BE\"},{\"@type\":\"Organization\",\"@id\":\"https:\/\/vieassociative.be\/actualites\/#organization\",\"name\":\"Vie Associative\",\"url\":\"https:\/\/vieassociative.be\/actualites\/\",\"logo\":{\"@type\":\"ImageObject\",\"inLanguage\":\"fr-BE\",\"@id\":\"https:\/\/vieassociative.be\/actualites\/#\/schema\/logo\/image\/\",\"url\":\"https:\/\/vieassociative.be\/actualites\/wp-content\/uploads\/2024\/09\/cropped-vieassociative_favicon.ico.png\",\"contentUrl\":\"https:\/\/vieassociative.be\/actualites\/wp-content\/uploads\/2024\/09\/cropped-vieassociative_favicon.ico.png\",\"width\":512,\"height\":512,\"caption\":\"Vie Associative\"},\"image\":{\"@id\":\"https:\/\/vieassociative.be\/actualites\/#\/schema\/logo\/image\/\"}},{\"@type\":\"Person\",\"@id\":\"https:\/\/vieassociative.be\/actualites\/#\/schema\/person\/b87ac4f82f9d4e7b7cec7395b679edc4\",\"name\":\"Julien\",\"image\":{\"@type\":\"ImageObject\",\"inLanguage\":\"fr-BE\",\"@id\":\"https:\/\/vieassociative.be\/actualites\/#\/schema\/person\/image\/\",\"url\":\"https:\/\/vieassociative.be\/actualites\/wp-content\/uploads\/2024\/09\/vie-associative-1-150x150.jpg\",\"contentUrl\":\"https:\/\/vieassociative.be\/actualites\/wp-content\/uploads\/2024\/09\/vie-associative-1-150x150.jpg\",\"caption\":\"Julien\"},\"description\":\"Je suis Julien, r\u00e9dacteur pour Vie Associative. Passionn\u00e9 par le monde associatif depuis plus de 10 ans, j'ai \u00e0 c\u0153ur de partager des histoires inspirantes et de mettre en lumi\u00e8re les initiatives locales. Mon objectif est de sensibiliser et d'encourager l'engagement communautaire \u00e0 travers mes articles.\",\"sameAs\":[\"https:\/\/vieassociative.be\/\"]}]}<\/script>\n<!-- \/ Yoast SEO plugin. -->","yoast_head_json":{"title":"Un diff\u00e9rend entre conducteur et pi\u00e9ton \u00e0 Kelmis se termine par des d\u00e9g\u00e2ts mat\u00e9riels et corporels | Vie Associative","robots":{"index":"index","follow":"follow","max-snippet":"max-snippet:-1","max-image-preview":"max-image-preview:large","max-video-preview":"max-video-preview:-1"},"canonical":"https:\/\/vieassociative.be\/actualites\/un-differend-entre-conducteur-et-pieton-a-kelmis-se-termine-par-des-degats-materiels-et-corporels\/","og_locale":"fr_FR","og_type":"article","og_title":"Un diff\u00e9rend entre conducteur et pi\u00e9ton \u00e0 Kelmis se termine par des d\u00e9g\u00e2ts mat\u00e9riels et corporels | Vie Associative","og_description":"A La Calamine, une violente dispute a eu lieu dimanche entre un pi\u00e9ton qui traversait la rue de Li\u00e8ge au niveau d&rsquo;un passage pi\u00e9ton et","og_url":"https:\/\/vieassociative.be\/actualites\/un-differend-entre-conducteur-et-pieton-a-kelmis-se-termine-par-des-degats-materiels-et-corporels\/","og_site_name":"Vie Associative","article_published_time":"2024-12-03T02:18:40+00:00","og_image":[{"url":"https:\/\/vieassociative.be\/actualites\/wp-content\/uploads\/2024\/12\/Un-differend-entre-conducteur-et-pieton-a-Kelmis-se-termine.jpeg","type":"","width":"","height":""}],"author":"Julien","twitter_card":"summary_large_image","twitter_misc":{"\u00c9crit par":"Julien","Dur\u00e9e de lecture est.":"2 minutes"},"schema":{"@context":"https:\/\/schema.org","@graph":[{"@type":"Article","@id":"https:\/\/vieassociative.be\/actualites\/un-differend-entre-conducteur-et-pieton-a-kelmis-se-termine-par-des-degats-materiels-et-corporels\/#article","isPartOf":{"@id":"https:\/\/vieassociative.be\/actualites\/un-differend-entre-conducteur-et-pieton-a-kelmis-se-termine-par-des-degats-materiels-et-corporels\/"},"author":{"name":"Julien","@id":"https:\/\/vieassociative.be\/actualites\/#\/schema\/person\/b87ac4f82f9d4e7b7cec7395b679edc4"},"headline":"Un diff\u00e9rend entre conducteur et pi\u00e9ton \u00e0 Kelmis se termine par des d\u00e9g\u00e2ts mat\u00e9riels et corporels","datePublished":"2024-12-03T02:18:40+00:00","dateModified":"2024-12-03T02:18:40+00:00","mainEntityOfPage":{"@id":"https:\/\/vieassociative.be\/actualites\/un-differend-entre-conducteur-et-pieton-a-kelmis-se-termine-par-des-degats-materiels-et-corporels\/"},"wordCount":458,"publisher":{"@id":"https:\/\/vieassociative.be\/actualites\/#organization"},"image":{"@id":"https:\/\/vieassociative.be\/actualites\/un-differend-entre-conducteur-et-pieton-a-kelmis-se-termine-par-des-degats-materiels-et-corporels\/#primaryimage"},"thumbnailUrl":"https:\/\/vieassociative.be\/actualites\/wp-content\/uploads\/2024\/12\/Un-differend-entre-conducteur-et-pieton-a-Kelmis-se-termine.jpg","keywords":["conducteur","corporels","d\u00e9g\u00e2ts","Des","diff\u00e9rend","entre","Kelmis","mat\u00e9riels","par","pi\u00e9ton","termine"],"articleSection":["Belgique"],"inLanguage":"fr-BE"},{"@type":"WebPage","@id":"https:\/\/vieassociative.be\/actualites\/un-differend-entre-conducteur-et-pieton-a-kelmis-se-termine-par-des-degats-materiels-et-corporels\/","url":"https:\/\/vieassociative.be\/actualites\/un-differend-entre-conducteur-et-pieton-a-kelmis-se-termine-par-des-degats-materiels-et-corporels\/","name":"Un diff\u00e9rend entre conducteur et pi\u00e9ton \u00e0 Kelmis se termine par des d\u00e9g\u00e2ts mat\u00e9riels et corporels | Vie Associative","isPartOf":{"@id":"https:\/\/vieassociative.be\/actualites\/#website"},"primaryImageOfPage":{"@id":"https:\/\/vieassociative.be\/actualites\/un-differend-entre-conducteur-et-pieton-a-kelmis-se-termine-par-des-degats-materiels-et-corporels\/#primaryimage"},"image":{"@id":"https:\/\/vieassociative.be\/actualites\/un-differend-entre-conducteur-et-pieton-a-kelmis-se-termine-par-des-degats-materiels-et-corporels\/#primaryimage"},"thumbnailUrl":"https:\/\/vieassociative.be\/actualites\/wp-content\/uploads\/2024\/12\/Un-differend-entre-conducteur-et-pieton-a-Kelmis-se-termine.jpg","datePublished":"2024-12-03T02:18:40+00:00","dateModified":"2024-12-03T02:18:40+00:00","breadcrumb":{"@id":"https:\/\/vieassociative.be\/actualites\/un-differend-entre-conducteur-et-pieton-a-kelmis-se-termine-par-des-degats-materiels-et-corporels\/#breadcrumb"},"inLanguage":"fr-BE","potentialAction":[{"@type":"ReadAction","target":["https:\/\/vieassociative.be\/actualites\/un-differend-entre-conducteur-et-pieton-a-kelmis-se-termine-par-des-degats-materiels-et-corporels\/"]}]},{"@type":"ImageObject","inLanguage":"fr-BE","@id":"https:\/\/vieassociative.be\/actualites\/un-differend-entre-conducteur-et-pieton-a-kelmis-se-termine-par-des-degats-materiels-et-corporels\/#primaryimage","url":"https:\/\/vieassociative.be\/actualites\/wp-content\/uploads\/2024\/12\/Un-differend-entre-conducteur-et-pieton-a-Kelmis-se-termine.jpg","contentUrl":"https:\/\/vieassociative.be\/actualites\/wp-content\/uploads\/2024\/12\/Un-differend-entre-conducteur-et-pieton-a-Kelmis-se-termine.jpg","width":1200,"height":800,"caption":"Un diff\u00e9rend entre conducteur et pi\u00e9ton \u00e0 Kelmis se termine par des d\u00e9g\u00e2ts mat\u00e9riels et corporels"},{"@type":"BreadcrumbList","@id":"https:\/\/vieassociative.be\/actualites\/un-differend-entre-conducteur-et-pieton-a-kelmis-se-termine-par-des-degats-materiels-et-corporels\/#breadcrumb","itemListElement":[{"@type":"ListItem","position":1,"name":"Accueil","item":"https:\/\/vieassociative.be\/actualites\/"},{"@type":"ListItem","position":2,"name":"Un diff\u00e9rend entre conducteur et pi\u00e9ton \u00e0 Kelmis se termine par des d\u00e9g\u00e2ts mat\u00e9riels et corporels"}]},{"@type":"WebSite","@id":"https:\/\/vieassociative.be\/actualites\/#website","url":"https:\/\/vieassociative.be\/actualites\/","name":"Vie Associative","description":"","publisher":{"@id":"https:\/\/vieassociative.be\/actualites\/#organization"},"potentialAction":[{"@type":"SearchAction","target":{"@type":"EntryPoint","urlTemplate":"https:\/\/vieassociative.be\/actualites\/?s={search_term_string}"},"query-input":{"@type":"PropertyValueSpecification","valueRequired":true,"valueName":"search_term_string"}}],"inLanguage":"fr-BE"},{"@type":"Organization","@id":"https:\/\/vieassociative.be\/actualites\/#organization","name":"Vie Associative","url":"https:\/\/vieassociative.be\/actualites\/","logo":{"@type":"ImageObject","inLanguage":"fr-BE","@id":"https:\/\/vieassociative.be\/actualites\/#\/schema\/logo\/image\/","url":"https:\/\/vieassociative.be\/actualites\/wp-content\/uploads\/2024\/09\/cropped-vieassociative_favicon.ico.png","contentUrl":"https:\/\/vieassociative.be\/actualites\/wp-content\/uploads\/2024\/09\/cropped-vieassociative_favicon.ico.png","width":512,"height":512,"caption":"Vie Associative"},"image":{"@id":"https:\/\/vieassociative.be\/actualites\/#\/schema\/logo\/image\/"}},{"@type":"Person","@id":"https:\/\/vieassociative.be\/actualites\/#\/schema\/person\/b87ac4f82f9d4e7b7cec7395b679edc4","name":"Julien","image":{"@type":"ImageObject","inLanguage":"fr-BE","@id":"https:\/\/vieassociative.be\/actualites\/#\/schema\/person\/image\/","url":"https:\/\/vieassociative.be\/actualites\/wp-content\/uploads\/2024\/09\/vie-associative-1-150x150.jpg","contentUrl":"https:\/\/vieassociative.be\/actualites\/wp-content\/uploads\/2024\/09\/vie-associative-1-150x150.jpg","caption":"Julien"},"description":"Je suis Julien, r\u00e9dacteur pour Vie Associative. Passionn\u00e9 par le monde associatif depuis plus de 10 ans, j'ai \u00e0 c\u0153ur de partager des histoires inspirantes et de mettre en lumi\u00e8re les initiatives locales. Mon objectif est de sensibiliser et d'encourager l'engagement communautaire \u00e0 travers mes articles.","sameAs":["https:\/\/vieassociative.be\/"]}]}},"_links":{"self":[{"href":"https:\/\/vieassociative.be\/actualites\/wp-json\/wp\/v2\/posts\/3006"}],"collection":[{"href":"https:\/\/vieassociative.be\/actualites\/wp-json\/wp\/v2\/posts"}],"about":[{"href":"https:\/\/vieassociative.be\/actualites\/wp-json\/wp\/v2\/types\/post"}],"author":[{"embeddable":true,"href":"https:\/\/vieassociative.be\/actualites\/wp-json\/wp\/v2\/users\/1"}],"replies":[{"embeddable":true,"href":"https:\/\/vieassociative.be\/actualites\/wp-json\/wp\/v2\/comments?post=3006"}],"version-history":[{"count":0,"href":"https:\/\/vieassociative.be\/actualites\/wp-json\/wp\/v2\/posts\/3006\/revisions"}],"wp:featuredmedia":[{"embeddable":true,"href":"https:\/\/vieassociative.be\/actualites\/wp-json\/wp\/v2\/media\/3007"}],"wp:attachment":[{"href":"https:\/\/vieassociative.be\/actualites\/wp-json\/wp\/v2\/media?parent=3006"}],"wp:term":[{"taxonomy":"category","embeddable":true,"href":"https:\/\/vieassociative.be\/actualites\/wp-json\/wp\/v2\/categories?post=3006"},{"taxonomy":"post_tag","embeddable":true,"href":"https:\/\/vieassociative.be\/actualites\/wp-json\/wp\/v2\/tags?post=3006"}],"curies":[{"name":"wp","href":"https:\/\/api.w.org\/{rel}","templated":true}]}}