{"id":2996,"date":"2024-12-02T21:19:23","date_gmt":"2024-12-02T20:19:23","guid":{"rendered":"https:\/\/vieassociative.be\/actualites\/joe-biden-gracie-finalement-son-fils-hunter-trump-accuse-le-president-americain-d-abus-de-justice\/"},"modified":"2024-12-02T21:19:23","modified_gmt":"2024-12-02T20:19:23","slug":"joe-biden-gracie-finalement-son-fils-hunter-trump-accuse-le-president-americain-d-abus-de-justice","status":"publish","type":"post","link":"https:\/\/vieassociative.be\/actualites\/joe-biden-gracie-finalement-son-fils-hunter-trump-accuse-le-president-americain-d-abus-de-justice\/","title":{"rendered":"Joe Biden gracie finalement son fils Hunter \u2013 Trump accuse le pr\u00e9sident am\u00e9ricain d\u2019\u00ab abus de justice \u00bb."},"content":{"rendered":"<p><strong>Les probl\u00e8mes de son fils Hunter p\u00e8sent depuis longtemps sur le pr\u00e9sident am\u00e9ricain Joe Biden. Joe Biden a voulu \u00e9viter de donner l\u2019impression que sa famille profitait de son influence. Il franchit d\u00e9sormais une \u00e9tape surprenante.<\/strong><\/p>\n<p><span id=\"more-403079\"><\/span>Peu avant la fin de son mandat, Joe Biden a \u00e9tonnamment utilis\u00e9 son pouvoir de pr\u00e9sident des \u00c9tats-Unis et, contrairement aux d\u00e9clarations pr\u00e9c\u00e9dentes, a graci\u00e9 son fils Hunter, condamn\u00e9. Il a d\u00e9clar\u00e9 depuis son entr\u00e9e en fonction qu&rsquo;il n&rsquo;interf\u00e9rerait pas dans les d\u00e9cisions du minist\u00e8re de la Justice, indique la d\u00e9claration de Biden sur la gr\u00e2ce. Cependant, son fils a \u00e9t\u00e9 trait\u00e9 \u00ab injustement \u00bb par la justice.<\/p>\n<p>Apr\u00e8s avoir \u00e9t\u00e9 reconnu coupable de violations de la loi sur les armes, le fils du pr\u00e9sident, \u00e2g\u00e9 de 54 ans, a \u00e9galement plaid\u00e9 coupable de diverses infractions fiscales lors d&rsquo;un deuxi\u00e8me proc\u00e8s. La sentence dans les deux cas devait \u00eatre annonc\u00e9e en d\u00e9cembre.<\/p>\n<div id=\"attachment_403085\" class=\"wp-caption alignleft\" style=\"max-width: 300px\"><img fetchpriority=\"high\" decoding=\"async\" class=\"wp-image-403085 size-medium\" src=\"https:\/\/vieassociative.be\/actualites\/wp-content\/uploads\/2024\/12\/Joe-Biden-gracie-finalement-son-fils-Hunter-\u2013-Trump-accuse.jpg\" alt=\"\" width=\"300\" height=\"200\"><\/p>\n<p class=\"wp-caption-text\">05.09.2024, \u00c9tats-Unis, Los Angeles : Hunter Biden monte dans un v\u00e9hicule alors qu&rsquo;il quitte le palais de justice f\u00e9d\u00e9ral le 5 septembre 2024 \u00e0 Los Angeles apr\u00e8s avoir plaid\u00e9 coupable \u00e0 une affaire fiscale. Photo : Eric Thayer\/AP\/dpa<\/p>\n<\/div>\n<p><strong>\u2013 Biden parle d\u2019\u00ab erreur judiciaire \u00bb :<\/strong> Biden a \u00e9crit que les accusations n\u2019ont \u00e9t\u00e9 formul\u00e9es qu\u2019apr\u00e8s que plusieurs de ses opposants politiques au Congr\u00e8s les aient incit\u00e9es \u00e0 lui nuire politiquement. \u00ab\u00a0Aucune personne raisonnable examinant les faits relatifs aux cas de Hunter ne pourrait parvenir \u00e0 une conclusion autre que celle selon laquelle Hunter a \u00e9t\u00e9 choisi simplement parce qu&rsquo;il est mon fils &#8211; et c&rsquo;est faux.\u00a0\u00bb<\/p>\n<p>Ils ont essay\u00e9 de \u00ab briser Hunter \u00bb et de le briser aussi, a \u00e9crit Biden. Il a d\u00e9clar\u00e9 qu\u2019il faisait confiance au syst\u00e8me judiciaire, mais que dans ces cas-l\u00e0, la politique a influenc\u00e9 le processus et a conduit \u00e0 une \u00ab erreur judiciaire \u00bb. Il s&rsquo;est d\u00e9battu avec lui-m\u00eame et a pris la d\u00e9cision ce week-end de gracier son fils.<\/p>\n<p>Biden avait d\u00e9clar\u00e9 \u00e0 plusieurs reprises qu\u2019il ne le ferait pas. Son mandat se termine avec la passation du pouvoir au pr\u00e9sident \u00e9lu Donald Trump le 20 janvier.<\/p>\n<p>Les probl\u00e8mes juridiques de Hunter Biden avaient mis son p\u00e8re \u00e0 rude \u00e9preuve politiquement. Biden avait initialement pr\u00e9vu de se pr\u00e9senter \u00e0 nouveau \u00e0 la pr\u00e9sidence, mais apr\u00e8s une performance d\u00e9sastreuse lors du duel t\u00e9l\u00e9vis\u00e9 contre Trump, il a abandonn\u00e9 la course \u00e0 la Maison Blanche et a laiss\u00e9 la candidature \u00e0 son adjointe, Kamala Harris. Elle a clairement perdu l\u2019\u00e9lection pr\u00e9sidentielle face \u00e0 Trump.<\/p>\n<p><strong>\u2013 Reconnaissance de culpabilit\u00e9 dans le cadre d\u2019une proc\u00e9dure fiscale :<\/strong> En septembre, Hunter Biden a \u00e9tonnamment plaid\u00e9 coupable au proc\u00e8s pour divers d\u00e9lits fiscaux, \u00e9vitant ainsi le proc\u00e8s \u00e0 Los Angeles \u00e0 la derni\u00e8re minute. Il a \u00e9t\u00e9 accus\u00e9 de ne pas avoir correctement pay\u00e9 les imp\u00f4ts f\u00e9d\u00e9raux pendant plusieurs ann\u00e9es. L\u2019accusation est qu\u2019il a d\u00e9pens\u00e9 des millions pour un style de vie extravagant au lieu de payer ses imp\u00f4ts. Hunter Biden n\u2019a pay\u00e9 ses imp\u00f4ts que de mani\u00e8re r\u00e9troactive.<\/p>\n<div id=\"attachment_403086\" class=\"wp-caption alignleft\" style=\"max-width: 300px\"><img decoding=\"async\" class=\"wp-image-403086 size-medium\" src=\"https:\/\/vieassociative.be\/actualites\/wp-content\/uploads\/2024\/12\/1733170763_997_Joe-Biden-gracie-finalement-son-fils-Hunter-\u2013-Trump-accuse.jpg\" alt=\"\" width=\"300\" height=\"200\"><\/p>\n<p class=\"wp-caption-text\">29 novembre 2024, \u00c9tats-Unis, Nantucket : le pr\u00e9sident am\u00e9ricain Joe Biden (lr), accompagn\u00e9 de son fils Hunter Biden et de son petit-fils Beau, quitte une librairie du centre-ville de Nantucket, Massachusetts. Photo : Jos\u00e9 Luis Magana\/AP\/dpa<\/p>\n<\/div>\n<p>Plus pr\u00e9cis\u00e9ment, il couvre les ann\u00e9es 2016 \u00e0 la mi-octobre 2020. L\u2019acte d\u2019accusation \u00e9num\u00e8re exactement ce que Hunter Biden a gagn\u00e9 au cours de ces ann\u00e9es \u2013 notamment gr\u00e2ce \u00e0 des accords \u00e9trangers louches et aux paiements opaques d\u2019un \u00ab ami personnel \u00bb. Surtout, la liste minutieuse des d\u00e9penses d\u00e9licates \u2013 par exemple pour les sex clubs, les strip-teaseuses et les \u00ab divertissements pour adultes \u00bb \u2013 a fait sensation.<\/p>\n<p>Selon le minist\u00e8re am\u00e9ricain de la Justice, il risque jusqu&rsquo;\u00e0 17 ans de prison dans cette affaire. Cependant, les sanctions r\u00e9elles pour les crimes f\u00e9d\u00e9raux sont g\u00e9n\u00e9ralement inf\u00e9rieures aux sanctions maximales, disait-on \u00e0 l&rsquo;\u00e9poque. Le jugement \u00e9tait pr\u00e9vu pour le 16 d\u00e9cembre.<\/p>\n<p><strong>\u2013 Verdict de culpabilit\u00e9 dans les affaires d\u2019armes :<\/strong> Dans l\u2019autre affaire p\u00e9nale, Hunter Biden a \u00e9t\u00e9 reconnu coupable de possession ill\u00e9gale d\u2019armes \u00e0 feu en juin. Dans cette affaire, il \u00e9tait accus\u00e9 d&rsquo;avoir fourni de fausses informations lors de l&rsquo;achat d&rsquo;une arme en octobre 2018 et d&rsquo;avoir alors dissimul\u00e9 sa toxicomanie. Il a ni\u00e9 les all\u00e9gations. Les douze jur\u00e9s l&rsquo;ont quand m\u00eame d\u00e9clar\u00e9 coupable. La sentence dans l&rsquo;affaire des armes devait initialement \u00eatre annonc\u00e9e le 13 novembre, mais a ensuite \u00e9t\u00e9 report\u00e9e au 4 d\u00e9cembre.<\/p>\n<p>Le proc\u00e8s du Delaware avait attir\u00e9 l\u2019attention du public sur de nombreuses questions priv\u00e9es sensibles. Entre autres choses, Naomi, la fille adulte de Hunter Biden, a d\u00fb fournir des informations sur la toxicomanie de son p\u00e8re &#8211; tout comme la veuve de son fr\u00e8re, avec qui il a eu une liaison apr\u00e8s sa mort.<\/p>\n<p>Le fils du pr\u00e9sident risque jusqu&rsquo;\u00e0 25 ans de prison dans cette affaire. Cependant, il \u00e9tait peu probable qu&rsquo;il soit condamn\u00e9 \u00e0 une peine de prison aussi longue car il n&rsquo;avait pas de casier judiciaire. Selon les experts, il aurait pu s&rsquo;en sortir sans prison.<\/p>\n<p><strong>\u2013 Charge politique pour le p\u00e8re :<\/strong> Hunter Biden fait la une des journaux depuis des ann\u00e9es : d\u00e9pendance \u00e0 l\u2019alcool, toxicomanie, relations commerciales douteuses, litiges juridiques avec une ancienne strip-teaseuse au sujet de la pension alimentaire d\u2019un enfant ill\u00e9gitime. Ses ennuis judiciaires sont l&rsquo;aboutissement d&rsquo;une longue s\u00e9rie d&rsquo;frasques.<\/p>\n<div id=\"attachment_403089\" class=\"wp-caption alignleft\" style=\"max-width: 300px\"><img decoding=\"async\" class=\"wp-image-403089 size-medium\" src=\"https:\/\/vieassociative.be\/actualites\/wp-content\/uploads\/2024\/12\/1733170763_231_Joe-Biden-gracie-finalement-son-fils-Hunter-\u2013-Trump-accuse.jpg\" alt=\"\" width=\"300\" height=\"200\"><\/p>\n<p class=\"wp-caption-text\">19 novembre 2024, \u00c9tats-Unis, Boca Chica : le pr\u00e9sident \u00e9lu am\u00e9ricain Donald Trump arrive \u00e0 Boca Chica, Texas, avant le d\u00e9but du sixi\u00e8me vol d&rsquo;essai de la fus\u00e9e SpaceX Starship. Photo : Brandon Bell\/Getty Images Piscine Am\u00e9rique du Nord via AP\/dpa<\/p>\n<\/div>\n<p>Les R\u00e9publicains profitent depuis longtemps des tr\u00e9buchements du fils pour lancer des attaques politiques contre le pr\u00e9sident am\u00e9ricain. Joe Biden a d\u00e9clar\u00e9 publiquement \u00e0 plusieurs reprises qu\u2019il aimait son fils et qu\u2019il \u00e9tait fier de lui. Il avait \u00e9galement clairement fait savoir qu&rsquo;il ne lui accorderait pas de gr\u00e2ce ni ne r\u00e9duirait sa peine \u2013 il a maintenant recul\u00e9 sur ce point.<\/p>\n<p>L\u2019accusation d\u2019utiliser la justice am\u00e9ricaine comme une arme contre un opposant politique rappelle fortement les arguments du pr\u00e9sident \u00e9lu Trump. Trump a qualifi\u00e9 \u00e0 plusieurs reprises les proc\u00e9dures p\u00e9nales contre lui, qui ont maintenant disparu dans les airs, du moins pour le moment, compte tenu de sa pr\u00e9sidence, d&rsquo;\u00ab ill\u00e9gitimes \u00bb et a appel\u00e9 \u00e0 \u00ab la fin imm\u00e9diate de l&rsquo;instrumentalisation politique \u00bb du syst\u00e8me judiciaire.<\/p>\n<p><b>\u2013 Pour les \u00ab abus de justice \u00bb de Trump : <\/b>Trump a critiqu\u00e9 la gr\u00e2ce accord\u00e9e par le pr\u00e9sident sortant Biden au fils du pr\u00e9sident, Hunter Biden, la qualifiant d'\u00a0\u00bbabus et d&rsquo;\u00e9chec de la justice\u00a0\u00bb. Parall\u00e8lement, sur sa plateforme en ligne Truth Social, il a \u00e9tabli des parall\u00e8les avec la prise d\u2019assaut du Capitole par les partisans de Trump le 6 janvier 2021, \u00e0 l\u2019issue de laquelle nombre de ses partisans ont \u00e9t\u00e9 condamn\u00e9s \u00e0 des peines de prison. Elle a qualifi\u00e9 Trump d\u2019\u00ab otages \u00bb.<\/p>\n<p>\u00abLa gr\u00e2ce accord\u00e9e par Joe Hunter inclut-elle les otages du 6 janvier (litt\u00e9ralement \u00ab\u00a0otages J-6\u00a0\u00bb) qui sont d\u00e9sormais en prison depuis des ann\u00e9es\u00a0? Quel abus et quel \u00e9chec de la justice \u00bb, a \u00e9crit l\u2019ancien et futur pr\u00e9sident. Apr\u00e8s sa victoire \u00e9lectorale le 5 novembre, Trump, qui a dirig\u00e9 les \u00c9tats-Unis de 2017 \u00e0 2021, prendra ses fonctions le 20 janvier. (dpa)<\/p>\n","protected":false},"excerpt":{"rendered":"<p>Les probl\u00e8mes de son fils Hunter p\u00e8sent depuis longtemps sur le pr\u00e9sident am\u00e9ricain Joe Biden. Joe Biden a voulu \u00e9viter de donner l\u2019impression que sa<\/p>\n","protected":false},"author":1,"featured_media":2997,"comment_status":"","ping_status":"","sticky":false,"template":"","format":"standard","meta":{"footnotes":""},"categories":[298],"tags":[3709,2370,10,3147,2259,3707,3706,3708,255,3710,3075,800,2425],"class_list":["post-2996","post","type-post","status-publish","format-standard","has-post-thumbnail","hentry","category-belgique","tag-abus","tag-accuse","tag-americain","tag-biden","tag-fils","tag-finalement","tag-gracie","tag-hunter","tag-joe","tag-justice","tag-president","tag-son","tag-trump","generate-columns","tablet-grid-50","mobile-grid-100","grid-parent","grid-33"],"yoast_head":"<!-- This site is optimized with the Yoast SEO plugin v24.0 - https:\/\/yoast.com\/wordpress\/plugins\/seo\/ -->\n<title>Joe Biden gracie finalement son fils Hunter \u2013 Trump accuse le pr\u00e9sident am\u00e9ricain d\u2019\u00ab abus de justice \u00bb. | Vie Associative<\/title>\n<meta name=\"robots\" content=\"index, follow, max-snippet:-1, max-image-preview:large, max-video-preview:-1\" \/>\n<link rel=\"canonical\" href=\"https:\/\/vieassociative.be\/actualites\/joe-biden-gracie-finalement-son-fils-hunter-trump-accuse-le-president-americain-d-abus-de-justice\/\" \/>\n<meta property=\"og:locale\" content=\"fr_FR\" \/>\n<meta property=\"og:type\" content=\"article\" \/>\n<meta property=\"og:title\" content=\"Joe Biden gracie finalement son fils Hunter \u2013 Trump accuse le pr\u00e9sident am\u00e9ricain d\u2019\u00ab abus de justice \u00bb. | Vie Associative\" \/>\n<meta property=\"og:description\" content=\"Les probl\u00e8mes de son fils Hunter p\u00e8sent depuis longtemps sur le pr\u00e9sident am\u00e9ricain Joe Biden. Joe Biden a voulu \u00e9viter de donner l\u2019impression que sa\" \/>\n<meta property=\"og:url\" content=\"https:\/\/vieassociative.be\/actualites\/joe-biden-gracie-finalement-son-fils-hunter-trump-accuse-le-president-americain-d-abus-de-justice\/\" \/>\n<meta property=\"og:site_name\" content=\"Vie Associative\" \/>\n<meta property=\"article:published_time\" content=\"2024-12-02T20:19:23+00:00\" \/>\n<meta property=\"og:image\" content=\"https:\/\/vieassociative.be\/actualites\/wp-content\/uploads\/2024\/09\/header_backgroundk-01-e1726694325946.png\" \/>\n\t<meta property=\"og:image:width\" content=\"279\" \/>\n\t<meta property=\"og:image:height\" content=\"92\" \/>\n\t<meta property=\"og:image:type\" content=\"image\/png\" \/>\n<meta name=\"author\" content=\"Julien\" \/>\n<meta name=\"twitter:card\" content=\"summary_large_image\" \/>\n<meta name=\"twitter:label1\" content=\"\u00c9crit par\" \/>\n\t<meta name=\"twitter:data1\" content=\"Julien\" \/>\n\t<meta name=\"twitter:label2\" content=\"Dur\u00e9e de lecture est.\" \/>\n\t<meta name=\"twitter:data2\" content=\"6 minutes\" \/>\n<script type=\"application\/ld+json\" class=\"yoast-schema-graph\">{\"@context\":\"https:\/\/schema.org\",\"@graph\":[{\"@type\":\"Article\",\"@id\":\"https:\/\/vieassociative.be\/actualites\/joe-biden-gracie-finalement-son-fils-hunter-trump-accuse-le-president-americain-d-abus-de-justice\/#article\",\"isPartOf\":{\"@id\":\"https:\/\/vieassociative.be\/actualites\/joe-biden-gracie-finalement-son-fils-hunter-trump-accuse-le-president-americain-d-abus-de-justice\/\"},\"author\":{\"name\":\"Julien\",\"@id\":\"https:\/\/vieassociative.be\/actualites\/#\/schema\/person\/b87ac4f82f9d4e7b7cec7395b679edc4\"},\"headline\":\"Joe Biden gracie finalement son fils Hunter \u2013 Trump accuse le pr\u00e9sident am\u00e9ricain d\u2019\u00ab abus de justice \u00bb.\",\"datePublished\":\"2024-12-02T20:19:23+00:00\",\"dateModified\":\"2024-12-02T20:19:23+00:00\",\"mainEntityOfPage\":{\"@id\":\"https:\/\/vieassociative.be\/actualites\/joe-biden-gracie-finalement-son-fils-hunter-trump-accuse-le-president-americain-d-abus-de-justice\/\"},\"wordCount\":1311,\"publisher\":{\"@id\":\"https:\/\/vieassociative.be\/actualites\/#organization\"},\"image\":{\"@id\":\"https:\/\/vieassociative.be\/actualites\/joe-biden-gracie-finalement-son-fils-hunter-trump-accuse-le-president-americain-d-abus-de-justice\/#primaryimage\"},\"thumbnailUrl\":\"https:\/\/vieassociative.be\/actualites\/wp-content\/uploads\/2024\/12\/1733170763_Joe-Biden-gracie-finalement-son-fils-Hunter-\u2013-Trump-accuse.jpg\",\"keywords\":[\"abus\",\"accuse\",\"am\u00e9ricain\",\"Biden\",\"fils\",\"finalement\",\"gracie\",\"Hunter\",\"Joe\",\"justice\",\"pr\u00e9sident\",\"son\",\"Trump\"],\"articleSection\":[\"Belgique\"],\"inLanguage\":\"fr-BE\"},{\"@type\":\"WebPage\",\"@id\":\"https:\/\/vieassociative.be\/actualites\/joe-biden-gracie-finalement-son-fils-hunter-trump-accuse-le-president-americain-d-abus-de-justice\/\",\"url\":\"https:\/\/vieassociative.be\/actualites\/joe-biden-gracie-finalement-son-fils-hunter-trump-accuse-le-president-americain-d-abus-de-justice\/\",\"name\":\"Joe Biden gracie finalement son fils Hunter \u2013 Trump accuse le pr\u00e9sident am\u00e9ricain d\u2019\u00ab abus de justice \u00bb. | Vie Associative\",\"isPartOf\":{\"@id\":\"https:\/\/vieassociative.be\/actualites\/#website\"},\"primaryImageOfPage\":{\"@id\":\"https:\/\/vieassociative.be\/actualites\/joe-biden-gracie-finalement-son-fils-hunter-trump-accuse-le-president-americain-d-abus-de-justice\/#primaryimage\"},\"image\":{\"@id\":\"https:\/\/vieassociative.be\/actualites\/joe-biden-gracie-finalement-son-fils-hunter-trump-accuse-le-president-americain-d-abus-de-justice\/#primaryimage\"},\"thumbnailUrl\":\"https:\/\/vieassociative.be\/actualites\/wp-content\/uploads\/2024\/12\/1733170763_Joe-Biden-gracie-finalement-son-fils-Hunter-\u2013-Trump-accuse.jpg\",\"datePublished\":\"2024-12-02T20:19:23+00:00\",\"dateModified\":\"2024-12-02T20:19:23+00:00\",\"breadcrumb\":{\"@id\":\"https:\/\/vieassociative.be\/actualites\/joe-biden-gracie-finalement-son-fils-hunter-trump-accuse-le-president-americain-d-abus-de-justice\/#breadcrumb\"},\"inLanguage\":\"fr-BE\",\"potentialAction\":[{\"@type\":\"ReadAction\",\"target\":[\"https:\/\/vieassociative.be\/actualites\/joe-biden-gracie-finalement-son-fils-hunter-trump-accuse-le-president-americain-d-abus-de-justice\/\"]}]},{\"@type\":\"ImageObject\",\"inLanguage\":\"fr-BE\",\"@id\":\"https:\/\/vieassociative.be\/actualites\/joe-biden-gracie-finalement-son-fils-hunter-trump-accuse-le-president-americain-d-abus-de-justice\/#primaryimage\",\"url\":\"https:\/\/vieassociative.be\/actualites\/wp-content\/uploads\/2024\/12\/1733170763_Joe-Biden-gracie-finalement-son-fils-Hunter-\u2013-Trump-accuse.jpg\",\"contentUrl\":\"https:\/\/vieassociative.be\/actualites\/wp-content\/uploads\/2024\/12\/1733170763_Joe-Biden-gracie-finalement-son-fils-Hunter-\u2013-Trump-accuse.jpg\",\"width\":1200,\"height\":800,\"caption\":\"Joe Biden gracie finalement son fils Hunter \u2013 Trump accuse le pr\u00e9sident am\u00e9ricain d\u2019\u00ab abus de justice \u00bb.\"},{\"@type\":\"BreadcrumbList\",\"@id\":\"https:\/\/vieassociative.be\/actualites\/joe-biden-gracie-finalement-son-fils-hunter-trump-accuse-le-president-americain-d-abus-de-justice\/#breadcrumb\",\"itemListElement\":[{\"@type\":\"ListItem\",\"position\":1,\"name\":\"Accueil\",\"item\":\"https:\/\/vieassociative.be\/actualites\/\"},{\"@type\":\"ListItem\",\"position\":2,\"name\":\"Joe Biden gracie finalement son fils Hunter \u2013 Trump accuse le pr\u00e9sident am\u00e9ricain d\u2019\u00ab abus de justice \u00bb.\"}]},{\"@type\":\"WebSite\",\"@id\":\"https:\/\/vieassociative.be\/actualites\/#website\",\"url\":\"https:\/\/vieassociative.be\/actualites\/\",\"name\":\"Vie Associative\",\"description\":\"\",\"publisher\":{\"@id\":\"https:\/\/vieassociative.be\/actualites\/#organization\"},\"potentialAction\":[{\"@type\":\"SearchAction\",\"target\":{\"@type\":\"EntryPoint\",\"urlTemplate\":\"https:\/\/vieassociative.be\/actualites\/?s={search_term_string}\"},\"query-input\":{\"@type\":\"PropertyValueSpecification\",\"valueRequired\":true,\"valueName\":\"search_term_string\"}}],\"inLanguage\":\"fr-BE\"},{\"@type\":\"Organization\",\"@id\":\"https:\/\/vieassociative.be\/actualites\/#organization\",\"name\":\"Vie Associative\",\"url\":\"https:\/\/vieassociative.be\/actualites\/\",\"logo\":{\"@type\":\"ImageObject\",\"inLanguage\":\"fr-BE\",\"@id\":\"https:\/\/vieassociative.be\/actualites\/#\/schema\/logo\/image\/\",\"url\":\"https:\/\/vieassociative.be\/actualites\/wp-content\/uploads\/2024\/09\/cropped-vieassociative_favicon.ico.png\",\"contentUrl\":\"https:\/\/vieassociative.be\/actualites\/wp-content\/uploads\/2024\/09\/cropped-vieassociative_favicon.ico.png\",\"width\":512,\"height\":512,\"caption\":\"Vie Associative\"},\"image\":{\"@id\":\"https:\/\/vieassociative.be\/actualites\/#\/schema\/logo\/image\/\"}},{\"@type\":\"Person\",\"@id\":\"https:\/\/vieassociative.be\/actualites\/#\/schema\/person\/b87ac4f82f9d4e7b7cec7395b679edc4\",\"name\":\"Julien\",\"image\":{\"@type\":\"ImageObject\",\"inLanguage\":\"fr-BE\",\"@id\":\"https:\/\/vieassociative.be\/actualites\/#\/schema\/person\/image\/\",\"url\":\"https:\/\/vieassociative.be\/actualites\/wp-content\/uploads\/2024\/09\/vie-associative-1-150x150.jpg\",\"contentUrl\":\"https:\/\/vieassociative.be\/actualites\/wp-content\/uploads\/2024\/09\/vie-associative-1-150x150.jpg\",\"caption\":\"Julien\"},\"description\":\"Je suis Julien, r\u00e9dacteur pour Vie Associative. Passionn\u00e9 par le monde associatif depuis plus de 10 ans, j'ai \u00e0 c\u0153ur de partager des histoires inspirantes et de mettre en lumi\u00e8re les initiatives locales. Mon objectif est de sensibiliser et d'encourager l'engagement communautaire \u00e0 travers mes articles.\",\"sameAs\":[\"https:\/\/vieassociative.be\/\"]}]}<\/script>\n<!-- \/ Yoast SEO plugin. -->","yoast_head_json":{"title":"Joe Biden gracie finalement son fils Hunter \u2013 Trump accuse le pr\u00e9sident am\u00e9ricain d\u2019\u00ab abus de justice \u00bb. | Vie Associative","robots":{"index":"index","follow":"follow","max-snippet":"max-snippet:-1","max-image-preview":"max-image-preview:large","max-video-preview":"max-video-preview:-1"},"canonical":"https:\/\/vieassociative.be\/actualites\/joe-biden-gracie-finalement-son-fils-hunter-trump-accuse-le-president-americain-d-abus-de-justice\/","og_locale":"fr_FR","og_type":"article","og_title":"Joe Biden gracie finalement son fils Hunter \u2013 Trump accuse le pr\u00e9sident am\u00e9ricain d\u2019\u00ab abus de justice \u00bb. | Vie Associative","og_description":"Les probl\u00e8mes de son fils Hunter p\u00e8sent depuis longtemps sur le pr\u00e9sident am\u00e9ricain Joe Biden. Joe Biden a voulu \u00e9viter de donner l\u2019impression que sa","og_url":"https:\/\/vieassociative.be\/actualites\/joe-biden-gracie-finalement-son-fils-hunter-trump-accuse-le-president-americain-d-abus-de-justice\/","og_site_name":"Vie Associative","article_published_time":"2024-12-02T20:19:23+00:00","og_image":[{"width":279,"height":92,"url":"https:\/\/vieassociative.be\/actualites\/wp-content\/uploads\/2024\/09\/header_backgroundk-01-e1726694325946.png","type":"image\/png"}],"author":"Julien","twitter_card":"summary_large_image","twitter_misc":{"\u00c9crit par":"Julien","Dur\u00e9e de lecture est.":"6 minutes"},"schema":{"@context":"https:\/\/schema.org","@graph":[{"@type":"Article","@id":"https:\/\/vieassociative.be\/actualites\/joe-biden-gracie-finalement-son-fils-hunter-trump-accuse-le-president-americain-d-abus-de-justice\/#article","isPartOf":{"@id":"https:\/\/vieassociative.be\/actualites\/joe-biden-gracie-finalement-son-fils-hunter-trump-accuse-le-president-americain-d-abus-de-justice\/"},"author":{"name":"Julien","@id":"https:\/\/vieassociative.be\/actualites\/#\/schema\/person\/b87ac4f82f9d4e7b7cec7395b679edc4"},"headline":"Joe Biden gracie finalement son fils Hunter \u2013 Trump accuse le pr\u00e9sident am\u00e9ricain d\u2019\u00ab abus de justice \u00bb.","datePublished":"2024-12-02T20:19:23+00:00","dateModified":"2024-12-02T20:19:23+00:00","mainEntityOfPage":{"@id":"https:\/\/vieassociative.be\/actualites\/joe-biden-gracie-finalement-son-fils-hunter-trump-accuse-le-president-americain-d-abus-de-justice\/"},"wordCount":1311,"publisher":{"@id":"https:\/\/vieassociative.be\/actualites\/#organization"},"image":{"@id":"https:\/\/vieassociative.be\/actualites\/joe-biden-gracie-finalement-son-fils-hunter-trump-accuse-le-president-americain-d-abus-de-justice\/#primaryimage"},"thumbnailUrl":"https:\/\/vieassociative.be\/actualites\/wp-content\/uploads\/2024\/12\/1733170763_Joe-Biden-gracie-finalement-son-fils-Hunter-\u2013-Trump-accuse.jpg","keywords":["abus","accuse","am\u00e9ricain","Biden","fils","finalement","gracie","Hunter","Joe","justice","pr\u00e9sident","son","Trump"],"articleSection":["Belgique"],"inLanguage":"fr-BE"},{"@type":"WebPage","@id":"https:\/\/vieassociative.be\/actualites\/joe-biden-gracie-finalement-son-fils-hunter-trump-accuse-le-president-americain-d-abus-de-justice\/","url":"https:\/\/vieassociative.be\/actualites\/joe-biden-gracie-finalement-son-fils-hunter-trump-accuse-le-president-americain-d-abus-de-justice\/","name":"Joe Biden gracie finalement son fils Hunter \u2013 Trump accuse le pr\u00e9sident am\u00e9ricain d\u2019\u00ab abus de justice \u00bb. | Vie Associative","isPartOf":{"@id":"https:\/\/vieassociative.be\/actualites\/#website"},"primaryImageOfPage":{"@id":"https:\/\/vieassociative.be\/actualites\/joe-biden-gracie-finalement-son-fils-hunter-trump-accuse-le-president-americain-d-abus-de-justice\/#primaryimage"},"image":{"@id":"https:\/\/vieassociative.be\/actualites\/joe-biden-gracie-finalement-son-fils-hunter-trump-accuse-le-president-americain-d-abus-de-justice\/#primaryimage"},"thumbnailUrl":"https:\/\/vieassociative.be\/actualites\/wp-content\/uploads\/2024\/12\/1733170763_Joe-Biden-gracie-finalement-son-fils-Hunter-\u2013-Trump-accuse.jpg","datePublished":"2024-12-02T20:19:23+00:00","dateModified":"2024-12-02T20:19:23+00:00","breadcrumb":{"@id":"https:\/\/vieassociative.be\/actualites\/joe-biden-gracie-finalement-son-fils-hunter-trump-accuse-le-president-americain-d-abus-de-justice\/#breadcrumb"},"inLanguage":"fr-BE","potentialAction":[{"@type":"ReadAction","target":["https:\/\/vieassociative.be\/actualites\/joe-biden-gracie-finalement-son-fils-hunter-trump-accuse-le-president-americain-d-abus-de-justice\/"]}]},{"@type":"ImageObject","inLanguage":"fr-BE","@id":"https:\/\/vieassociative.be\/actualites\/joe-biden-gracie-finalement-son-fils-hunter-trump-accuse-le-president-americain-d-abus-de-justice\/#primaryimage","url":"https:\/\/vieassociative.be\/actualites\/wp-content\/uploads\/2024\/12\/1733170763_Joe-Biden-gracie-finalement-son-fils-Hunter-\u2013-Trump-accuse.jpg","contentUrl":"https:\/\/vieassociative.be\/actualites\/wp-content\/uploads\/2024\/12\/1733170763_Joe-Biden-gracie-finalement-son-fils-Hunter-\u2013-Trump-accuse.jpg","width":1200,"height":800,"caption":"Joe Biden gracie finalement son fils Hunter \u2013 Trump accuse le pr\u00e9sident am\u00e9ricain d\u2019\u00ab abus de justice \u00bb."},{"@type":"BreadcrumbList","@id":"https:\/\/vieassociative.be\/actualites\/joe-biden-gracie-finalement-son-fils-hunter-trump-accuse-le-president-americain-d-abus-de-justice\/#breadcrumb","itemListElement":[{"@type":"ListItem","position":1,"name":"Accueil","item":"https:\/\/vieassociative.be\/actualites\/"},{"@type":"ListItem","position":2,"name":"Joe Biden gracie finalement son fils Hunter \u2013 Trump accuse le pr\u00e9sident am\u00e9ricain d\u2019\u00ab abus de justice \u00bb."}]},{"@type":"WebSite","@id":"https:\/\/vieassociative.be\/actualites\/#website","url":"https:\/\/vieassociative.be\/actualites\/","name":"Vie Associative","description":"","publisher":{"@id":"https:\/\/vieassociative.be\/actualites\/#organization"},"potentialAction":[{"@type":"SearchAction","target":{"@type":"EntryPoint","urlTemplate":"https:\/\/vieassociative.be\/actualites\/?s={search_term_string}"},"query-input":{"@type":"PropertyValueSpecification","valueRequired":true,"valueName":"search_term_string"}}],"inLanguage":"fr-BE"},{"@type":"Organization","@id":"https:\/\/vieassociative.be\/actualites\/#organization","name":"Vie Associative","url":"https:\/\/vieassociative.be\/actualites\/","logo":{"@type":"ImageObject","inLanguage":"fr-BE","@id":"https:\/\/vieassociative.be\/actualites\/#\/schema\/logo\/image\/","url":"https:\/\/vieassociative.be\/actualites\/wp-content\/uploads\/2024\/09\/cropped-vieassociative_favicon.ico.png","contentUrl":"https:\/\/vieassociative.be\/actualites\/wp-content\/uploads\/2024\/09\/cropped-vieassociative_favicon.ico.png","width":512,"height":512,"caption":"Vie Associative"},"image":{"@id":"https:\/\/vieassociative.be\/actualites\/#\/schema\/logo\/image\/"}},{"@type":"Person","@id":"https:\/\/vieassociative.be\/actualites\/#\/schema\/person\/b87ac4f82f9d4e7b7cec7395b679edc4","name":"Julien","image":{"@type":"ImageObject","inLanguage":"fr-BE","@id":"https:\/\/vieassociative.be\/actualites\/#\/schema\/person\/image\/","url":"https:\/\/vieassociative.be\/actualites\/wp-content\/uploads\/2024\/09\/vie-associative-1-150x150.jpg","contentUrl":"https:\/\/vieassociative.be\/actualites\/wp-content\/uploads\/2024\/09\/vie-associative-1-150x150.jpg","caption":"Julien"},"description":"Je suis Julien, r\u00e9dacteur pour Vie Associative. Passionn\u00e9 par le monde associatif depuis plus de 10 ans, j'ai \u00e0 c\u0153ur de partager des histoires inspirantes et de mettre en lumi\u00e8re les initiatives locales. Mon objectif est de sensibiliser et d'encourager l'engagement communautaire \u00e0 travers mes articles.","sameAs":["https:\/\/vieassociative.be\/"]}]}},"_links":{"self":[{"href":"https:\/\/vieassociative.be\/actualites\/wp-json\/wp\/v2\/posts\/2996"}],"collection":[{"href":"https:\/\/vieassociative.be\/actualites\/wp-json\/wp\/v2\/posts"}],"about":[{"href":"https:\/\/vieassociative.be\/actualites\/wp-json\/wp\/v2\/types\/post"}],"author":[{"embeddable":true,"href":"https:\/\/vieassociative.be\/actualites\/wp-json\/wp\/v2\/users\/1"}],"replies":[{"embeddable":true,"href":"https:\/\/vieassociative.be\/actualites\/wp-json\/wp\/v2\/comments?post=2996"}],"version-history":[{"count":0,"href":"https:\/\/vieassociative.be\/actualites\/wp-json\/wp\/v2\/posts\/2996\/revisions"}],"wp:featuredmedia":[{"embeddable":true,"href":"https:\/\/vieassociative.be\/actualites\/wp-json\/wp\/v2\/media\/2997"}],"wp:attachment":[{"href":"https:\/\/vieassociative.be\/actualites\/wp-json\/wp\/v2\/media?parent=2996"}],"wp:term":[{"taxonomy":"category","embeddable":true,"href":"https:\/\/vieassociative.be\/actualites\/wp-json\/wp\/v2\/categories?post=2996"},{"taxonomy":"post_tag","embeddable":true,"href":"https:\/\/vieassociative.be\/actualites\/wp-json\/wp\/v2\/tags?post=2996"}],"curies":[{"name":"wp","href":"https:\/\/api.w.org\/{rel}","templated":true}]}}