{"id":2992,"date":"2024-12-02T18:17:19","date_gmt":"2024-12-02T17:17:19","guid":{"rendered":"https:\/\/vieassociative.be\/actualites\/comment-elever-des-poulets-meme-si-vous-vivez-en-ville\/"},"modified":"2024-12-02T18:17:19","modified_gmt":"2024-12-02T17:17:19","slug":"comment-elever-des-poulets-meme-si-vous-vivez-en-ville","status":"publish","type":"post","link":"https:\/\/vieassociative.be\/actualites\/comment-elever-des-poulets-meme-si-vous-vivez-en-ville\/","title":{"rendered":"Comment \u00e9lever des poulets m\u00eame si vous vivez en ville"},"content":{"rendered":"<div class=\"mt-4 leading-6 md:mb-8\">Vous pensez peut-\u00eatre que ce n&rsquo;est pas vraiment une option pour vous, mais vous vous trompez peut-\u00eatre.<\/div>\n<p><\/p>\n<p>En ce qui concerne les animaux de compagnie, les poules sont incroyablement utiles \u00e0 avoir \u00e0 proximit\u00e9\u00a0: une poule de compagnie pondra des \u0153ufs, mangera des restes de nourriture et des parasites courants du jardin, <em>et<\/em> leurs crottes peuvent \u00eatre utilis\u00e9es pour le compost. \u00c9lever des poules est \u00e9galement un bon moyen pour les enfants de d\u00e9couvrir d&rsquo;o\u00f9 vient leur nourriture et le travail n\u00e9cessaire pour amener ces \u0153ufs \u00e0 la table. Mais si vous vivez en ville et que vous ne poss\u00e9dez pas de terrain important, vous pensez peut-\u00eatre que ce n&rsquo;est pas vraiment une option pour vous, mais vous vous trompez peut-\u00eatre.<\/p>\n<h2 id=\"can-you-raise-chickens-in-the-city\"><strong>Peut-on \u00e9lever des poules en ville ?<\/strong><\/h2>\n<p>Si vous vivez en ville et souhaitez \u00e9lever des poulets, la premi\u00e8re chose \u00e0 faire est de v\u00e9rifier vos lois locales, qui pourraient \u00eatre plus souples que vous ne le pensez. Par exemple, dans la ville de Houston, o\u00f9 vous pourriez penser que les poulets seraient un grand \u00ab non \u00bb, vous \u00eates l\u00e9galement autoris\u00e9 \u00e0 en avoir jusqu&rsquo;\u00e0 30, \u00e0 condition que vous ayez un poulailler qui ne se trouve pas \u00e0 moins de 100 pieds d&rsquo;une \u00e9glise. l&rsquo;\u00e9cole ou la maison voisine. (Vous ne pouvez tout simplement pas avoir de coq \u00e0 cause du bruit.)<\/p>\n<p>Il serait cependant conseill\u00e9 d\u2019en discuter au pr\u00e9alable avec vos voisins. M\u00eame si c&rsquo;est <em>est <\/em>l\u00e9gal, il est courtois de les pr\u00e9venir au moins (et de promettre de leur offrir des \u0153ufs frais).<\/p>\n<h2 id=\"have-a-dedicated-chicken-coop\"><strong>Avoir un poulailler d\u00e9di\u00e9<\/strong> <\/h2>\n<p>Si vous envisagez d&rsquo;\u00e9lever des poulets en ville, vous aurez besoin d&rsquo;un poulailler d\u00e9di\u00e9, avec un espace pour qu&rsquo;ils puissent se d\u00e9placer et un endroit en hauteur o\u00f9 ils peuvent se percher. En plus de leur offrir un espace d\u00e9di\u00e9 pour pondre, le poulailler les prot\u00e9gera des pr\u00e9dateurs. Les types de pr\u00e9dateurs dont vous devrez vous soucier sont diff\u00e9rents en ville et \u00e0 la campagne (pensez aux rats, aux ratons laveurs, aux faucons, aux chiens ou m\u00eame aux humains), mais ils existent. <\/p>\n<p>Si vous voulez que vos poules puissent se promener un peu (et manger les parasites de votre jardin), vous aurez besoin d&rsquo;une haute cl\u00f4ture pour les emp\u00eacher de s&rsquo;\u00e9chapper de votre jardin &#8211; et il est pr\u00e9f\u00e9rable de ne les laisser sortir que pendant de courtes p\u00e9riodes. du temps, comme le soir lorsque vous \u00eates l\u00e0. <\/p>\n<h2 id=\"chickens-need-fresh-food-and-water-plus-a-clean-coop\"><strong>Les poules ont besoin de nourriture et d&rsquo;eau fra\u00eeches, ainsi que d&rsquo;un poulailler propre.<\/strong> <\/h2>\n<p>Lorsqu&rsquo;il s&rsquo;agit de garder vos poules en bonne sant\u00e9 et heureuses, elles ont besoin de nourriture et d&rsquo;eau fra\u00eeches, ainsi que d&rsquo;un poulailler propre pour aider \u00e0 pr\u00e9venir la propagation de toute maladie. Id\u00e9alement, ils devraient recevoir de la nourriture fra\u00eeche et de l&rsquo;eau tous les jours, bien qu&rsquo;il existe certaines mangeoires qui vous permettront de r\u00e9approvisionner en nourriture chaque semaine. En plus de la nourriture pour poulets, les poulets mangent des restes de fruits et de l\u00e9gumes, du pain et des insectes.<\/p>\n<p>Vous devrez nettoyer et d\u00e9sinfecter les r\u00e9cipients de nourriture et d&rsquo;eau r\u00e9guli\u00e8rement, environ chaque semaine environ. L&rsquo;eau douce est particuli\u00e8rement critique en \u00e9t\u00e9, car les poulets ont tendance \u00e0 surchauffer. Dans le poulailler, vous devrez remplacer le foin environ une \u00e0 deux fois par semaine et deux fois par an, vous devrez effectuer un nettoyage en profondeur. <\/p>\n","protected":false},"excerpt":{"rendered":"<p>Vous pensez peut-\u00eatre que ce n&rsquo;est pas vraiment une option pour vous, mais vous vous trompez peut-\u00eatre. En ce qui concerne les animaux de compagnie,<\/p>\n","protected":false},"author":1,"featured_media":2993,"comment_status":"","ping_status":"","sticky":false,"template":"","format":"standard","meta":{"footnotes":""},"categories":[37],"tags":[44,29,914,891,3705,684,2058,4],"class_list":["post-2992","post","type-post","status-publish","format-standard","has-post-thumbnail","hentry","category-famille","tag-comment","tag-des","tag-elever","tag-meme","tag-poulets","tag-ville","tag-vivez","tag-vous","generate-columns","tablet-grid-50","mobile-grid-100","grid-parent","grid-33"],"yoast_head":"<!-- This site is optimized with the Yoast SEO plugin v24.0 - https:\/\/yoast.com\/wordpress\/plugins\/seo\/ -->\n<title>Comment \u00e9lever des poulets m\u00eame si vous vivez en ville | Vie Associative<\/title>\n<meta name=\"robots\" content=\"index, follow, max-snippet:-1, max-image-preview:large, max-video-preview:-1\" \/>\n<link rel=\"canonical\" href=\"https:\/\/vieassociative.be\/actualites\/comment-elever-des-poulets-meme-si-vous-vivez-en-ville\/\" \/>\n<meta property=\"og:locale\" content=\"fr_FR\" \/>\n<meta property=\"og:type\" content=\"article\" \/>\n<meta property=\"og:title\" content=\"Comment \u00e9lever des poulets m\u00eame si vous vivez en ville | Vie Associative\" \/>\n<meta property=\"og:description\" content=\"Vous pensez peut-\u00eatre que ce n&rsquo;est pas vraiment une option pour vous, mais vous vous trompez peut-\u00eatre. En ce qui concerne les animaux de compagnie,\" \/>\n<meta property=\"og:url\" content=\"https:\/\/vieassociative.be\/actualites\/comment-elever-des-poulets-meme-si-vous-vivez-en-ville\/\" \/>\n<meta property=\"og:site_name\" content=\"Vie Associative\" \/>\n<meta property=\"article:published_time\" content=\"2024-12-02T17:17:19+00:00\" \/>\n<meta property=\"og:image\" content=\"https:\/\/vieassociative.be\/actualites\/wp-content\/uploads\/2024\/09\/header_backgroundk-01-e1726694325946.png\" \/>\n\t<meta property=\"og:image:width\" content=\"279\" \/>\n\t<meta property=\"og:image:height\" content=\"92\" \/>\n\t<meta property=\"og:image:type\" content=\"image\/png\" \/>\n<meta name=\"author\" content=\"Julien\" \/>\n<meta name=\"twitter:card\" content=\"summary_large_image\" \/>\n<meta name=\"twitter:label1\" content=\"\u00c9crit par\" \/>\n\t<meta name=\"twitter:data1\" content=\"Julien\" \/>\n\t<meta name=\"twitter:label2\" content=\"Dur\u00e9e de lecture est.\" \/>\n\t<meta name=\"twitter:data2\" content=\"3 minutes\" \/>\n<script type=\"application\/ld+json\" class=\"yoast-schema-graph\">{\"@context\":\"https:\/\/schema.org\",\"@graph\":[{\"@type\":\"Article\",\"@id\":\"https:\/\/vieassociative.be\/actualites\/comment-elever-des-poulets-meme-si-vous-vivez-en-ville\/#article\",\"isPartOf\":{\"@id\":\"https:\/\/vieassociative.be\/actualites\/comment-elever-des-poulets-meme-si-vous-vivez-en-ville\/\"},\"author\":{\"name\":\"Julien\",\"@id\":\"https:\/\/vieassociative.be\/actualites\/#\/schema\/person\/b87ac4f82f9d4e7b7cec7395b679edc4\"},\"headline\":\"Comment \u00e9lever des poulets m\u00eame si vous vivez en ville\",\"datePublished\":\"2024-12-02T17:17:19+00:00\",\"dateModified\":\"2024-12-02T17:17:19+00:00\",\"mainEntityOfPage\":{\"@id\":\"https:\/\/vieassociative.be\/actualites\/comment-elever-des-poulets-meme-si-vous-vivez-en-ville\/\"},\"wordCount\":611,\"publisher\":{\"@id\":\"https:\/\/vieassociative.be\/actualites\/#organization\"},\"image\":{\"@id\":\"https:\/\/vieassociative.be\/actualites\/comment-elever-des-poulets-meme-si-vous-vivez-en-ville\/#primaryimage\"},\"thumbnailUrl\":\"https:\/\/vieassociative.be\/actualites\/wp-content\/uploads\/2024\/12\/Comment-elever-des-poulets-meme-si-vous-vivez-en-ville.jpg\",\"keywords\":[\"Comment\",\"Des\",\"\u00e9lever\",\"m\u00eame\",\"poulets\",\"ville\",\"vivez\",\"Vous\"],\"articleSection\":[\"Famille\"],\"inLanguage\":\"fr-BE\"},{\"@type\":\"WebPage\",\"@id\":\"https:\/\/vieassociative.be\/actualites\/comment-elever-des-poulets-meme-si-vous-vivez-en-ville\/\",\"url\":\"https:\/\/vieassociative.be\/actualites\/comment-elever-des-poulets-meme-si-vous-vivez-en-ville\/\",\"name\":\"Comment \u00e9lever des poulets m\u00eame si vous vivez en ville | Vie Associative\",\"isPartOf\":{\"@id\":\"https:\/\/vieassociative.be\/actualites\/#website\"},\"primaryImageOfPage\":{\"@id\":\"https:\/\/vieassociative.be\/actualites\/comment-elever-des-poulets-meme-si-vous-vivez-en-ville\/#primaryimage\"},\"image\":{\"@id\":\"https:\/\/vieassociative.be\/actualites\/comment-elever-des-poulets-meme-si-vous-vivez-en-ville\/#primaryimage\"},\"thumbnailUrl\":\"https:\/\/vieassociative.be\/actualites\/wp-content\/uploads\/2024\/12\/Comment-elever-des-poulets-meme-si-vous-vivez-en-ville.jpg\",\"datePublished\":\"2024-12-02T17:17:19+00:00\",\"dateModified\":\"2024-12-02T17:17:19+00:00\",\"breadcrumb\":{\"@id\":\"https:\/\/vieassociative.be\/actualites\/comment-elever-des-poulets-meme-si-vous-vivez-en-ville\/#breadcrumb\"},\"inLanguage\":\"fr-BE\",\"potentialAction\":[{\"@type\":\"ReadAction\",\"target\":[\"https:\/\/vieassociative.be\/actualites\/comment-elever-des-poulets-meme-si-vous-vivez-en-ville\/\"]}]},{\"@type\":\"ImageObject\",\"inLanguage\":\"fr-BE\",\"@id\":\"https:\/\/vieassociative.be\/actualites\/comment-elever-des-poulets-meme-si-vous-vivez-en-ville\/#primaryimage\",\"url\":\"https:\/\/vieassociative.be\/actualites\/wp-content\/uploads\/2024\/12\/Comment-elever-des-poulets-meme-si-vous-vivez-en-ville.jpg\",\"contentUrl\":\"https:\/\/vieassociative.be\/actualites\/wp-content\/uploads\/2024\/12\/Comment-elever-des-poulets-meme-si-vous-vivez-en-ville.jpg\",\"width\":1200,\"height\":675,\"caption\":\"Comment \u00e9lever des poulets m\u00eame si vous vivez en ville\"},{\"@type\":\"BreadcrumbList\",\"@id\":\"https:\/\/vieassociative.be\/actualites\/comment-elever-des-poulets-meme-si-vous-vivez-en-ville\/#breadcrumb\",\"itemListElement\":[{\"@type\":\"ListItem\",\"position\":1,\"name\":\"Accueil\",\"item\":\"https:\/\/vieassociative.be\/actualites\/\"},{\"@type\":\"ListItem\",\"position\":2,\"name\":\"Comment \u00e9lever des poulets m\u00eame si vous vivez en ville\"}]},{\"@type\":\"WebSite\",\"@id\":\"https:\/\/vieassociative.be\/actualites\/#website\",\"url\":\"https:\/\/vieassociative.be\/actualites\/\",\"name\":\"Vie Associative\",\"description\":\"\",\"publisher\":{\"@id\":\"https:\/\/vieassociative.be\/actualites\/#organization\"},\"potentialAction\":[{\"@type\":\"SearchAction\",\"target\":{\"@type\":\"EntryPoint\",\"urlTemplate\":\"https:\/\/vieassociative.be\/actualites\/?s={search_term_string}\"},\"query-input\":{\"@type\":\"PropertyValueSpecification\",\"valueRequired\":true,\"valueName\":\"search_term_string\"}}],\"inLanguage\":\"fr-BE\"},{\"@type\":\"Organization\",\"@id\":\"https:\/\/vieassociative.be\/actualites\/#organization\",\"name\":\"Vie Associative\",\"url\":\"https:\/\/vieassociative.be\/actualites\/\",\"logo\":{\"@type\":\"ImageObject\",\"inLanguage\":\"fr-BE\",\"@id\":\"https:\/\/vieassociative.be\/actualites\/#\/schema\/logo\/image\/\",\"url\":\"https:\/\/vieassociative.be\/actualites\/wp-content\/uploads\/2024\/09\/cropped-vieassociative_favicon.ico.png\",\"contentUrl\":\"https:\/\/vieassociative.be\/actualites\/wp-content\/uploads\/2024\/09\/cropped-vieassociative_favicon.ico.png\",\"width\":512,\"height\":512,\"caption\":\"Vie Associative\"},\"image\":{\"@id\":\"https:\/\/vieassociative.be\/actualites\/#\/schema\/logo\/image\/\"}},{\"@type\":\"Person\",\"@id\":\"https:\/\/vieassociative.be\/actualites\/#\/schema\/person\/b87ac4f82f9d4e7b7cec7395b679edc4\",\"name\":\"Julien\",\"image\":{\"@type\":\"ImageObject\",\"inLanguage\":\"fr-BE\",\"@id\":\"https:\/\/vieassociative.be\/actualites\/#\/schema\/person\/image\/\",\"url\":\"https:\/\/vieassociative.be\/actualites\/wp-content\/uploads\/2024\/09\/vie-associative-1-150x150.jpg\",\"contentUrl\":\"https:\/\/vieassociative.be\/actualites\/wp-content\/uploads\/2024\/09\/vie-associative-1-150x150.jpg\",\"caption\":\"Julien\"},\"description\":\"Je suis Julien, r\u00e9dacteur pour Vie Associative. Passionn\u00e9 par le monde associatif depuis plus de 10 ans, j'ai \u00e0 c\u0153ur de partager des histoires inspirantes et de mettre en lumi\u00e8re les initiatives locales. Mon objectif est de sensibiliser et d'encourager l'engagement communautaire \u00e0 travers mes articles.\",\"sameAs\":[\"https:\/\/vieassociative.be\/\"]}]}<\/script>\n<!-- \/ Yoast SEO plugin. -->","yoast_head_json":{"title":"Comment \u00e9lever des poulets m\u00eame si vous vivez en ville | Vie Associative","robots":{"index":"index","follow":"follow","max-snippet":"max-snippet:-1","max-image-preview":"max-image-preview:large","max-video-preview":"max-video-preview:-1"},"canonical":"https:\/\/vieassociative.be\/actualites\/comment-elever-des-poulets-meme-si-vous-vivez-en-ville\/","og_locale":"fr_FR","og_type":"article","og_title":"Comment \u00e9lever des poulets m\u00eame si vous vivez en ville | Vie Associative","og_description":"Vous pensez peut-\u00eatre que ce n&rsquo;est pas vraiment une option pour vous, mais vous vous trompez peut-\u00eatre. En ce qui concerne les animaux de compagnie,","og_url":"https:\/\/vieassociative.be\/actualites\/comment-elever-des-poulets-meme-si-vous-vivez-en-ville\/","og_site_name":"Vie Associative","article_published_time":"2024-12-02T17:17:19+00:00","og_image":[{"width":279,"height":92,"url":"https:\/\/vieassociative.be\/actualites\/wp-content\/uploads\/2024\/09\/header_backgroundk-01-e1726694325946.png","type":"image\/png"}],"author":"Julien","twitter_card":"summary_large_image","twitter_misc":{"\u00c9crit par":"Julien","Dur\u00e9e de lecture est.":"3 minutes"},"schema":{"@context":"https:\/\/schema.org","@graph":[{"@type":"Article","@id":"https:\/\/vieassociative.be\/actualites\/comment-elever-des-poulets-meme-si-vous-vivez-en-ville\/#article","isPartOf":{"@id":"https:\/\/vieassociative.be\/actualites\/comment-elever-des-poulets-meme-si-vous-vivez-en-ville\/"},"author":{"name":"Julien","@id":"https:\/\/vieassociative.be\/actualites\/#\/schema\/person\/b87ac4f82f9d4e7b7cec7395b679edc4"},"headline":"Comment \u00e9lever des poulets m\u00eame si vous vivez en ville","datePublished":"2024-12-02T17:17:19+00:00","dateModified":"2024-12-02T17:17:19+00:00","mainEntityOfPage":{"@id":"https:\/\/vieassociative.be\/actualites\/comment-elever-des-poulets-meme-si-vous-vivez-en-ville\/"},"wordCount":611,"publisher":{"@id":"https:\/\/vieassociative.be\/actualites\/#organization"},"image":{"@id":"https:\/\/vieassociative.be\/actualites\/comment-elever-des-poulets-meme-si-vous-vivez-en-ville\/#primaryimage"},"thumbnailUrl":"https:\/\/vieassociative.be\/actualites\/wp-content\/uploads\/2024\/12\/Comment-elever-des-poulets-meme-si-vous-vivez-en-ville.jpg","keywords":["Comment","Des","\u00e9lever","m\u00eame","poulets","ville","vivez","Vous"],"articleSection":["Famille"],"inLanguage":"fr-BE"},{"@type":"WebPage","@id":"https:\/\/vieassociative.be\/actualites\/comment-elever-des-poulets-meme-si-vous-vivez-en-ville\/","url":"https:\/\/vieassociative.be\/actualites\/comment-elever-des-poulets-meme-si-vous-vivez-en-ville\/","name":"Comment \u00e9lever des poulets m\u00eame si vous vivez en ville | Vie Associative","isPartOf":{"@id":"https:\/\/vieassociative.be\/actualites\/#website"},"primaryImageOfPage":{"@id":"https:\/\/vieassociative.be\/actualites\/comment-elever-des-poulets-meme-si-vous-vivez-en-ville\/#primaryimage"},"image":{"@id":"https:\/\/vieassociative.be\/actualites\/comment-elever-des-poulets-meme-si-vous-vivez-en-ville\/#primaryimage"},"thumbnailUrl":"https:\/\/vieassociative.be\/actualites\/wp-content\/uploads\/2024\/12\/Comment-elever-des-poulets-meme-si-vous-vivez-en-ville.jpg","datePublished":"2024-12-02T17:17:19+00:00","dateModified":"2024-12-02T17:17:19+00:00","breadcrumb":{"@id":"https:\/\/vieassociative.be\/actualites\/comment-elever-des-poulets-meme-si-vous-vivez-en-ville\/#breadcrumb"},"inLanguage":"fr-BE","potentialAction":[{"@type":"ReadAction","target":["https:\/\/vieassociative.be\/actualites\/comment-elever-des-poulets-meme-si-vous-vivez-en-ville\/"]}]},{"@type":"ImageObject","inLanguage":"fr-BE","@id":"https:\/\/vieassociative.be\/actualites\/comment-elever-des-poulets-meme-si-vous-vivez-en-ville\/#primaryimage","url":"https:\/\/vieassociative.be\/actualites\/wp-content\/uploads\/2024\/12\/Comment-elever-des-poulets-meme-si-vous-vivez-en-ville.jpg","contentUrl":"https:\/\/vieassociative.be\/actualites\/wp-content\/uploads\/2024\/12\/Comment-elever-des-poulets-meme-si-vous-vivez-en-ville.jpg","width":1200,"height":675,"caption":"Comment \u00e9lever des poulets m\u00eame si vous vivez en ville"},{"@type":"BreadcrumbList","@id":"https:\/\/vieassociative.be\/actualites\/comment-elever-des-poulets-meme-si-vous-vivez-en-ville\/#breadcrumb","itemListElement":[{"@type":"ListItem","position":1,"name":"Accueil","item":"https:\/\/vieassociative.be\/actualites\/"},{"@type":"ListItem","position":2,"name":"Comment \u00e9lever des poulets m\u00eame si vous vivez en ville"}]},{"@type":"WebSite","@id":"https:\/\/vieassociative.be\/actualites\/#website","url":"https:\/\/vieassociative.be\/actualites\/","name":"Vie Associative","description":"","publisher":{"@id":"https:\/\/vieassociative.be\/actualites\/#organization"},"potentialAction":[{"@type":"SearchAction","target":{"@type":"EntryPoint","urlTemplate":"https:\/\/vieassociative.be\/actualites\/?s={search_term_string}"},"query-input":{"@type":"PropertyValueSpecification","valueRequired":true,"valueName":"search_term_string"}}],"inLanguage":"fr-BE"},{"@type":"Organization","@id":"https:\/\/vieassociative.be\/actualites\/#organization","name":"Vie Associative","url":"https:\/\/vieassociative.be\/actualites\/","logo":{"@type":"ImageObject","inLanguage":"fr-BE","@id":"https:\/\/vieassociative.be\/actualites\/#\/schema\/logo\/image\/","url":"https:\/\/vieassociative.be\/actualites\/wp-content\/uploads\/2024\/09\/cropped-vieassociative_favicon.ico.png","contentUrl":"https:\/\/vieassociative.be\/actualites\/wp-content\/uploads\/2024\/09\/cropped-vieassociative_favicon.ico.png","width":512,"height":512,"caption":"Vie Associative"},"image":{"@id":"https:\/\/vieassociative.be\/actualites\/#\/schema\/logo\/image\/"}},{"@type":"Person","@id":"https:\/\/vieassociative.be\/actualites\/#\/schema\/person\/b87ac4f82f9d4e7b7cec7395b679edc4","name":"Julien","image":{"@type":"ImageObject","inLanguage":"fr-BE","@id":"https:\/\/vieassociative.be\/actualites\/#\/schema\/person\/image\/","url":"https:\/\/vieassociative.be\/actualites\/wp-content\/uploads\/2024\/09\/vie-associative-1-150x150.jpg","contentUrl":"https:\/\/vieassociative.be\/actualites\/wp-content\/uploads\/2024\/09\/vie-associative-1-150x150.jpg","caption":"Julien"},"description":"Je suis Julien, r\u00e9dacteur pour Vie Associative. Passionn\u00e9 par le monde associatif depuis plus de 10 ans, j'ai \u00e0 c\u0153ur de partager des histoires inspirantes et de mettre en lumi\u00e8re les initiatives locales. Mon objectif est de sensibiliser et d'encourager l'engagement communautaire \u00e0 travers mes articles.","sameAs":["https:\/\/vieassociative.be\/"]}]}},"_links":{"self":[{"href":"https:\/\/vieassociative.be\/actualites\/wp-json\/wp\/v2\/posts\/2992"}],"collection":[{"href":"https:\/\/vieassociative.be\/actualites\/wp-json\/wp\/v2\/posts"}],"about":[{"href":"https:\/\/vieassociative.be\/actualites\/wp-json\/wp\/v2\/types\/post"}],"author":[{"embeddable":true,"href":"https:\/\/vieassociative.be\/actualites\/wp-json\/wp\/v2\/users\/1"}],"replies":[{"embeddable":true,"href":"https:\/\/vieassociative.be\/actualites\/wp-json\/wp\/v2\/comments?post=2992"}],"version-history":[{"count":0,"href":"https:\/\/vieassociative.be\/actualites\/wp-json\/wp\/v2\/posts\/2992\/revisions"}],"wp:featuredmedia":[{"embeddable":true,"href":"https:\/\/vieassociative.be\/actualites\/wp-json\/wp\/v2\/media\/2993"}],"wp:attachment":[{"href":"https:\/\/vieassociative.be\/actualites\/wp-json\/wp\/v2\/media?parent=2992"}],"wp:term":[{"taxonomy":"category","embeddable":true,"href":"https:\/\/vieassociative.be\/actualites\/wp-json\/wp\/v2\/categories?post=2992"},{"taxonomy":"post_tag","embeddable":true,"href":"https:\/\/vieassociative.be\/actualites\/wp-json\/wp\/v2\/tags?post=2992"}],"curies":[{"name":"wp","href":"https:\/\/api.w.org\/{rel}","templated":true}]}}