{"id":2988,"date":"2024-12-02T15:17:40","date_gmt":"2024-12-02T14:17:40","guid":{"rendered":"https:\/\/vieassociative.be\/actualites\/les-nouveaux-conseillers-locaux-seront-presentes-aujourdhui-les-maires-preteront-serment-mardi\/"},"modified":"2024-12-02T15:17:40","modified_gmt":"2024-12-02T14:17:40","slug":"les-nouveaux-conseillers-locaux-seront-presentes-aujourdhui-les-maires-preteront-serment-mardi","status":"publish","type":"post","link":"https:\/\/vieassociative.be\/actualites\/les-nouveaux-conseillers-locaux-seront-presentes-aujourdhui-les-maires-preteront-serment-mardi\/","title":{"rendered":"Les nouveaux conseillers locaux seront pr\u00e9sent\u00e9s aujourd&rsquo;hui &#8211; les maires pr\u00eateront serment mardi"},"content":{"rendered":"<p><strong>Les r\u00e9unions de pr\u00e9sentation des nouveaux conseils locaux auront lieu aujourd&rsquo;hui, lundi 2 d\u00e9cembre 2024. Le conseil municipal d&rsquo;Eupen si\u00e9gera \u00e0 18 heures dans la salle du th\u00e9\u00e2tre de l&rsquo;EHPAD Saint-Joseph.<\/strong><\/p>\n<p><span id=\"more-403038\"><\/span>La proc\u00e9dure n\u2019est qu\u2019une formalit\u00e9, mais elle doit n\u00e9anmoins \u00eatre respect\u00e9e. Tout d&rsquo;abord, le membre du conseil qui pr\u00e9sidera temporairement le conseil municipal est d\u00e9termin\u00e9. La prochaine \u00e9tape consiste \u00e0 prendre note de la renonciation et des candidats rempla\u00e7ants qui progresseront.<\/p>\n<p>Viennent ensuite la prestation de serment et la pr\u00e9sentation des membres du conseil municipal ainsi que la passation de la pr\u00e9sidence, la prestation de serment et la pr\u00e9sentation des membres du conseil municipal. Ult\u00e9rieurement, l&rsquo;ordre du jour pr\u00e9voit l&rsquo;adoption de l&rsquo;accord majoritaire et la prestation de serment par les juges non professionnels.<\/p>\n<div id=\"attachment_399565\" class=\"wp-caption alignleft\" style=\"max-width: 300px\"><img fetchpriority=\"high\" decoding=\"async\" class=\"wp-image-399565 size-medium\" src=\"https:\/\/vieassociative.be\/actualites\/wp-content\/uploads\/2024\/12\/Les-nouveaux-conseillers-locaux-seront-presentes-aujourdhui-les-maires.jpeg\" alt=\"\" width=\"300\" height=\"225\"><\/p>\n<p class=\"wp-caption-text\">Les n\u00e9gociateurs de l&rsquo;Elan et du SP Open Citizens List prennent une photo de groupe avec le maire d\u00e9sign\u00e9 de Kelmis Daniel Hilligsmann (4e \u00e0 partir de la droite) et le premier \u00e9chevin d\u00e9sign\u00e9 Bj\u00f6rn Klinkenberg (5e \u00e0 partir de la gauche). Photo : Elan\/SP<\/p>\n<\/div>\n<p>Elle se poursuit avec les noms des membres du Conseil de police, des membres du conseil d&rsquo;administration de la municipalit\u00e9 de TILIA ainsi que l&rsquo;\u00e9lection des membres du Centre public d&rsquo;assistance sociale (\u00d6SHZ) et les noms des membres des diff\u00e9rents comit\u00e9s.<\/p>\n<p>Quant aux maires des neuf communaut\u00e9s germanophones, leur prestation de serment est pr\u00e9vue ce mardi 3 d\u00e9cembre, \u00e9galement \u00e0 18 heures, au monast\u00e8re de Heidberg. La c\u00e9r\u00e9monie sera pr\u00e9sid\u00e9e par le Premier ministre Oliver Paasch (ProDG), qui a succ\u00e9d\u00e9 \u00e0 son ancienne coll\u00e8gue Isabelle Weykmans (PFF) en mati\u00e8re de tutelle communale.<\/p>\n<p>Sur les neuf bourgmestres DG de 2018, seuls trois ont \u00e9t\u00e9 confirm\u00e9s lors des \u00e9lections communales du 13 octobre 2024 : Erik Wiesemes (Amel), Daniel Franzen (B\u00fctgenbach) et Patrick Thevissen (Lontzen).<\/p>\n<p>Marion Dhur (Burg-Reuland) et Friedhelm Wirtz (B\u00fcllingen) n&rsquo;\u00e9taient plus candidats \u00e0 un nouveau mandat et Erwin G\u00fcsting (Raeren) avait d\u00e9j\u00e0 \u00e9t\u00e9 destitu\u00e9 au printemps 2021 dans le cadre d&rsquo;un changement de coalition initi\u00e9 par Ecolo. Claudia Niessen (Eupen), Luc Frank (Kelmis) et Herbert Grommes (Saint-Vith) se sont port\u00e9s candidats pour un nouveau mandat, mais doivent c\u00e9der la place \u00e0 un autre candidat. (cr\u00e9er)<\/p>\n<p><em><strong>Sur le sujet, voir aussi l&rsquo;article suivant sur l&rsquo;OD :<\/strong><\/em><\/p>\n<div class=\"responsive-embed widescreen\">\n<blockquote class=\"wp-embedded-content\" data-secret=\"E9pmGcATUH\">\n<p>Le nouveau Coll\u00e8ge communautaire d&rsquo;Eupen se pr\u00e9sente<\/p>\n<\/blockquote>\n<p><iframe loading=\"lazy\" class=\"wp-embedded-content\" sandbox=\"allow-scripts\" security=\"restricted\" style=\"position: absolute; visibility: hidden;\" title=\"\u201eNeues Eupener Gemeindekollegium stellt sich vor\u201c \u2014 Ostbelgien Direkt\" src=\"https:\/\/ostbelgiendirekt.be\/about:blank\" data-secret=\"E9pmGcATUH\" width=\"500\" height=\"282\" frameborder=\"0\" marginwidth=\"0\" marginheight=\"0\" scrolling=\"no\" data-rocket-lazyload=\"fitvidscompatible\" data-lazy-src=\"https:\/\/ostbelgiendirekt.be\/neues-eupener-gemeindekollegium-401070\/embed#?secret=hSooY5vsy6#?secret=E9pmGcATUH\"><\/iframe><noscript><iframe class=\"wp-embedded-content\" sandbox=\"allow-scripts\" security=\"restricted\" style=\"position: absolute; visibility: hidden;\" title=\"\u201eNeues Eupener Gemeindekollegium stellt sich vor\u201c \u2014 Ostbelgien Direkt\" src=\"https:\/\/ostbelgiendirekt.be\/neues-eupener-gemeindekollegium-401070\/embed#?secret=hSooY5vsy6#?secret=E9pmGcATUH\" data-secret=\"E9pmGcATUH\" width=\"500\" height=\"282\" frameborder=\"0\" marginwidth=\"0\" marginheight=\"0\" scrolling=\"no\"><\/iframe><\/noscript><\/p>\n<\/div>\n","protected":false},"excerpt":{"rendered":"<p>Les r\u00e9unions de pr\u00e9sentation des nouveaux conseils locaux auront lieu aujourd&rsquo;hui, lundi 2 d\u00e9cembre 2024. Le conseil municipal d&rsquo;Eupen si\u00e9gera \u00e0 18 heures dans la<\/p>\n","protected":false},"author":1,"featured_media":2989,"comment_status":"","ping_status":"","sticky":false,"template":"","format":"standard","meta":{"footnotes":""},"categories":[298],"tags":[2330,3699,14,3700,3702,643,2052,3701,3703,3704,2099],"class_list":["post-2988","post","type-post","status-publish","format-standard","has-post-thumbnail","hentry","category-belgique","tag-aujourdhui","tag-conseillers","tag-les","tag-locaux","tag-maires","tag-mardi","tag-nouveaux","tag-presentes","tag-preteront","tag-serment","tag-seront","generate-columns","tablet-grid-50","mobile-grid-100","grid-parent","grid-33"],"yoast_head":"<!-- This site is optimized with the Yoast SEO plugin v24.0 - https:\/\/yoast.com\/wordpress\/plugins\/seo\/ -->\n<title>Les nouveaux conseillers locaux seront pr\u00e9sent\u00e9s aujourd&#039;hui - les maires pr\u00eateront serment mardi | Vie Associative<\/title>\n<meta name=\"robots\" content=\"index, follow, max-snippet:-1, max-image-preview:large, max-video-preview:-1\" \/>\n<link rel=\"canonical\" href=\"https:\/\/vieassociative.be\/actualites\/les-nouveaux-conseillers-locaux-seront-presentes-aujourdhui-les-maires-preteront-serment-mardi\/\" \/>\n<meta property=\"og:locale\" content=\"fr_FR\" \/>\n<meta property=\"og:type\" content=\"article\" \/>\n<meta property=\"og:title\" content=\"Les nouveaux conseillers locaux seront pr\u00e9sent\u00e9s aujourd&#039;hui - les maires pr\u00eateront serment mardi | Vie Associative\" \/>\n<meta property=\"og:description\" content=\"Les r\u00e9unions de pr\u00e9sentation des nouveaux conseils locaux auront lieu aujourd&rsquo;hui, lundi 2 d\u00e9cembre 2024. Le conseil municipal d&rsquo;Eupen si\u00e9gera \u00e0 18 heures dans la\" \/>\n<meta property=\"og:url\" content=\"https:\/\/vieassociative.be\/actualites\/les-nouveaux-conseillers-locaux-seront-presentes-aujourdhui-les-maires-preteront-serment-mardi\/\" \/>\n<meta property=\"og:site_name\" content=\"Vie Associative\" \/>\n<meta property=\"article:published_time\" content=\"2024-12-02T14:17:40+00:00\" \/>\n<meta property=\"og:image\" content=\"https:\/\/vieassociative.be\/actualites\/wp-content\/uploads\/2024\/12\/Les-nouveaux-conseillers-locaux-seront-presentes-aujourdhui-les-maires.jpeg\" \/>\n<meta name=\"author\" content=\"Julien\" \/>\n<meta name=\"twitter:card\" content=\"summary_large_image\" \/>\n<meta name=\"twitter:label1\" content=\"\u00c9crit par\" \/>\n\t<meta name=\"twitter:data1\" content=\"Julien\" \/>\n\t<meta name=\"twitter:label2\" content=\"Dur\u00e9e de lecture est.\" \/>\n\t<meta name=\"twitter:data2\" content=\"2 minutes\" \/>\n<script type=\"application\/ld+json\" class=\"yoast-schema-graph\">{\"@context\":\"https:\/\/schema.org\",\"@graph\":[{\"@type\":\"Article\",\"@id\":\"https:\/\/vieassociative.be\/actualites\/les-nouveaux-conseillers-locaux-seront-presentes-aujourdhui-les-maires-preteront-serment-mardi\/#article\",\"isPartOf\":{\"@id\":\"https:\/\/vieassociative.be\/actualites\/les-nouveaux-conseillers-locaux-seront-presentes-aujourdhui-les-maires-preteront-serment-mardi\/\"},\"author\":{\"name\":\"Julien\",\"@id\":\"https:\/\/vieassociative.be\/actualites\/#\/schema\/person\/b87ac4f82f9d4e7b7cec7395b679edc4\"},\"headline\":\"Les nouveaux conseillers locaux seront pr\u00e9sent\u00e9s aujourd&rsquo;hui &#8211; les maires pr\u00eateront serment mardi\",\"datePublished\":\"2024-12-02T14:17:40+00:00\",\"dateModified\":\"2024-12-02T14:17:40+00:00\",\"mainEntityOfPage\":{\"@id\":\"https:\/\/vieassociative.be\/actualites\/les-nouveaux-conseillers-locaux-seront-presentes-aujourdhui-les-maires-preteront-serment-mardi\/\"},\"wordCount\":431,\"publisher\":{\"@id\":\"https:\/\/vieassociative.be\/actualites\/#organization\"},\"image\":{\"@id\":\"https:\/\/vieassociative.be\/actualites\/les-nouveaux-conseillers-locaux-seront-presentes-aujourdhui-les-maires-preteront-serment-mardi\/#primaryimage\"},\"thumbnailUrl\":\"https:\/\/vieassociative.be\/actualites\/wp-content\/uploads\/2024\/12\/Les-nouveaux-conseillers-locaux-seront-presentes-aujourdhui-les-maires.jpg\",\"keywords\":[\"aujourdhui\",\"conseillers\",\"Les\",\"locaux\",\"maires\",\"mardi\",\"nouveaux\",\"pr\u00e9sent\u00e9s\",\"pr\u00eateront\",\"serment\",\"seront\"],\"articleSection\":[\"Belgique\"],\"inLanguage\":\"fr-BE\"},{\"@type\":\"WebPage\",\"@id\":\"https:\/\/vieassociative.be\/actualites\/les-nouveaux-conseillers-locaux-seront-presentes-aujourdhui-les-maires-preteront-serment-mardi\/\",\"url\":\"https:\/\/vieassociative.be\/actualites\/les-nouveaux-conseillers-locaux-seront-presentes-aujourdhui-les-maires-preteront-serment-mardi\/\",\"name\":\"Les nouveaux conseillers locaux seront pr\u00e9sent\u00e9s aujourd'hui - les maires pr\u00eateront serment mardi | Vie Associative\",\"isPartOf\":{\"@id\":\"https:\/\/vieassociative.be\/actualites\/#website\"},\"primaryImageOfPage\":{\"@id\":\"https:\/\/vieassociative.be\/actualites\/les-nouveaux-conseillers-locaux-seront-presentes-aujourdhui-les-maires-preteront-serment-mardi\/#primaryimage\"},\"image\":{\"@id\":\"https:\/\/vieassociative.be\/actualites\/les-nouveaux-conseillers-locaux-seront-presentes-aujourdhui-les-maires-preteront-serment-mardi\/#primaryimage\"},\"thumbnailUrl\":\"https:\/\/vieassociative.be\/actualites\/wp-content\/uploads\/2024\/12\/Les-nouveaux-conseillers-locaux-seront-presentes-aujourdhui-les-maires.jpg\",\"datePublished\":\"2024-12-02T14:17:40+00:00\",\"dateModified\":\"2024-12-02T14:17:40+00:00\",\"breadcrumb\":{\"@id\":\"https:\/\/vieassociative.be\/actualites\/les-nouveaux-conseillers-locaux-seront-presentes-aujourdhui-les-maires-preteront-serment-mardi\/#breadcrumb\"},\"inLanguage\":\"fr-BE\",\"potentialAction\":[{\"@type\":\"ReadAction\",\"target\":[\"https:\/\/vieassociative.be\/actualites\/les-nouveaux-conseillers-locaux-seront-presentes-aujourdhui-les-maires-preteront-serment-mardi\/\"]}]},{\"@type\":\"ImageObject\",\"inLanguage\":\"fr-BE\",\"@id\":\"https:\/\/vieassociative.be\/actualites\/les-nouveaux-conseillers-locaux-seront-presentes-aujourdhui-les-maires-preteront-serment-mardi\/#primaryimage\",\"url\":\"https:\/\/vieassociative.be\/actualites\/wp-content\/uploads\/2024\/12\/Les-nouveaux-conseillers-locaux-seront-presentes-aujourdhui-les-maires.jpg\",\"contentUrl\":\"https:\/\/vieassociative.be\/actualites\/wp-content\/uploads\/2024\/12\/Les-nouveaux-conseillers-locaux-seront-presentes-aujourdhui-les-maires.jpg\",\"width\":1200,\"height\":802,\"caption\":\"Les nouveaux conseillers locaux seront pr\u00e9sent\u00e9s aujourd'hui - les maires pr\u00eateront serment mardi\"},{\"@type\":\"BreadcrumbList\",\"@id\":\"https:\/\/vieassociative.be\/actualites\/les-nouveaux-conseillers-locaux-seront-presentes-aujourdhui-les-maires-preteront-serment-mardi\/#breadcrumb\",\"itemListElement\":[{\"@type\":\"ListItem\",\"position\":1,\"name\":\"Accueil\",\"item\":\"https:\/\/vieassociative.be\/actualites\/\"},{\"@type\":\"ListItem\",\"position\":2,\"name\":\"Les nouveaux conseillers locaux seront pr\u00e9sent\u00e9s aujourd&rsquo;hui &#8211; les maires pr\u00eateront serment mardi\"}]},{\"@type\":\"WebSite\",\"@id\":\"https:\/\/vieassociative.be\/actualites\/#website\",\"url\":\"https:\/\/vieassociative.be\/actualites\/\",\"name\":\"Vie Associative\",\"description\":\"\",\"publisher\":{\"@id\":\"https:\/\/vieassociative.be\/actualites\/#organization\"},\"potentialAction\":[{\"@type\":\"SearchAction\",\"target\":{\"@type\":\"EntryPoint\",\"urlTemplate\":\"https:\/\/vieassociative.be\/actualites\/?s={search_term_string}\"},\"query-input\":{\"@type\":\"PropertyValueSpecification\",\"valueRequired\":true,\"valueName\":\"search_term_string\"}}],\"inLanguage\":\"fr-BE\"},{\"@type\":\"Organization\",\"@id\":\"https:\/\/vieassociative.be\/actualites\/#organization\",\"name\":\"Vie Associative\",\"url\":\"https:\/\/vieassociative.be\/actualites\/\",\"logo\":{\"@type\":\"ImageObject\",\"inLanguage\":\"fr-BE\",\"@id\":\"https:\/\/vieassociative.be\/actualites\/#\/schema\/logo\/image\/\",\"url\":\"https:\/\/vieassociative.be\/actualites\/wp-content\/uploads\/2024\/09\/cropped-vieassociative_favicon.ico.png\",\"contentUrl\":\"https:\/\/vieassociative.be\/actualites\/wp-content\/uploads\/2024\/09\/cropped-vieassociative_favicon.ico.png\",\"width\":512,\"height\":512,\"caption\":\"Vie Associative\"},\"image\":{\"@id\":\"https:\/\/vieassociative.be\/actualites\/#\/schema\/logo\/image\/\"}},{\"@type\":\"Person\",\"@id\":\"https:\/\/vieassociative.be\/actualites\/#\/schema\/person\/b87ac4f82f9d4e7b7cec7395b679edc4\",\"name\":\"Julien\",\"image\":{\"@type\":\"ImageObject\",\"inLanguage\":\"fr-BE\",\"@id\":\"https:\/\/vieassociative.be\/actualites\/#\/schema\/person\/image\/\",\"url\":\"https:\/\/vieassociative.be\/actualites\/wp-content\/uploads\/2024\/09\/vie-associative-1-150x150.jpg\",\"contentUrl\":\"https:\/\/vieassociative.be\/actualites\/wp-content\/uploads\/2024\/09\/vie-associative-1-150x150.jpg\",\"caption\":\"Julien\"},\"description\":\"Je suis Julien, r\u00e9dacteur pour Vie Associative. Passionn\u00e9 par le monde associatif depuis plus de 10 ans, j'ai \u00e0 c\u0153ur de partager des histoires inspirantes et de mettre en lumi\u00e8re les initiatives locales. Mon objectif est de sensibiliser et d'encourager l'engagement communautaire \u00e0 travers mes articles.\",\"sameAs\":[\"https:\/\/vieassociative.be\/\"]}]}<\/script>\n<!-- \/ Yoast SEO plugin. -->","yoast_head_json":{"title":"Les nouveaux conseillers locaux seront pr\u00e9sent\u00e9s aujourd'hui - les maires pr\u00eateront serment mardi | Vie Associative","robots":{"index":"index","follow":"follow","max-snippet":"max-snippet:-1","max-image-preview":"max-image-preview:large","max-video-preview":"max-video-preview:-1"},"canonical":"https:\/\/vieassociative.be\/actualites\/les-nouveaux-conseillers-locaux-seront-presentes-aujourdhui-les-maires-preteront-serment-mardi\/","og_locale":"fr_FR","og_type":"article","og_title":"Les nouveaux conseillers locaux seront pr\u00e9sent\u00e9s aujourd'hui - les maires pr\u00eateront serment mardi | Vie Associative","og_description":"Les r\u00e9unions de pr\u00e9sentation des nouveaux conseils locaux auront lieu aujourd&rsquo;hui, lundi 2 d\u00e9cembre 2024. Le conseil municipal d&rsquo;Eupen si\u00e9gera \u00e0 18 heures dans la","og_url":"https:\/\/vieassociative.be\/actualites\/les-nouveaux-conseillers-locaux-seront-presentes-aujourdhui-les-maires-preteront-serment-mardi\/","og_site_name":"Vie Associative","article_published_time":"2024-12-02T14:17:40+00:00","og_image":[{"url":"https:\/\/vieassociative.be\/actualites\/wp-content\/uploads\/2024\/12\/Les-nouveaux-conseillers-locaux-seront-presentes-aujourdhui-les-maires.jpeg","type":"","width":"","height":""}],"author":"Julien","twitter_card":"summary_large_image","twitter_misc":{"\u00c9crit par":"Julien","Dur\u00e9e de lecture est.":"2 minutes"},"schema":{"@context":"https:\/\/schema.org","@graph":[{"@type":"Article","@id":"https:\/\/vieassociative.be\/actualites\/les-nouveaux-conseillers-locaux-seront-presentes-aujourdhui-les-maires-preteront-serment-mardi\/#article","isPartOf":{"@id":"https:\/\/vieassociative.be\/actualites\/les-nouveaux-conseillers-locaux-seront-presentes-aujourdhui-les-maires-preteront-serment-mardi\/"},"author":{"name":"Julien","@id":"https:\/\/vieassociative.be\/actualites\/#\/schema\/person\/b87ac4f82f9d4e7b7cec7395b679edc4"},"headline":"Les nouveaux conseillers locaux seront pr\u00e9sent\u00e9s aujourd&rsquo;hui &#8211; les maires pr\u00eateront serment mardi","datePublished":"2024-12-02T14:17:40+00:00","dateModified":"2024-12-02T14:17:40+00:00","mainEntityOfPage":{"@id":"https:\/\/vieassociative.be\/actualites\/les-nouveaux-conseillers-locaux-seront-presentes-aujourdhui-les-maires-preteront-serment-mardi\/"},"wordCount":431,"publisher":{"@id":"https:\/\/vieassociative.be\/actualites\/#organization"},"image":{"@id":"https:\/\/vieassociative.be\/actualites\/les-nouveaux-conseillers-locaux-seront-presentes-aujourdhui-les-maires-preteront-serment-mardi\/#primaryimage"},"thumbnailUrl":"https:\/\/vieassociative.be\/actualites\/wp-content\/uploads\/2024\/12\/Les-nouveaux-conseillers-locaux-seront-presentes-aujourdhui-les-maires.jpg","keywords":["aujourdhui","conseillers","Les","locaux","maires","mardi","nouveaux","pr\u00e9sent\u00e9s","pr\u00eateront","serment","seront"],"articleSection":["Belgique"],"inLanguage":"fr-BE"},{"@type":"WebPage","@id":"https:\/\/vieassociative.be\/actualites\/les-nouveaux-conseillers-locaux-seront-presentes-aujourdhui-les-maires-preteront-serment-mardi\/","url":"https:\/\/vieassociative.be\/actualites\/les-nouveaux-conseillers-locaux-seront-presentes-aujourdhui-les-maires-preteront-serment-mardi\/","name":"Les nouveaux conseillers locaux seront pr\u00e9sent\u00e9s aujourd'hui - les maires pr\u00eateront serment mardi | Vie Associative","isPartOf":{"@id":"https:\/\/vieassociative.be\/actualites\/#website"},"primaryImageOfPage":{"@id":"https:\/\/vieassociative.be\/actualites\/les-nouveaux-conseillers-locaux-seront-presentes-aujourdhui-les-maires-preteront-serment-mardi\/#primaryimage"},"image":{"@id":"https:\/\/vieassociative.be\/actualites\/les-nouveaux-conseillers-locaux-seront-presentes-aujourdhui-les-maires-preteront-serment-mardi\/#primaryimage"},"thumbnailUrl":"https:\/\/vieassociative.be\/actualites\/wp-content\/uploads\/2024\/12\/Les-nouveaux-conseillers-locaux-seront-presentes-aujourdhui-les-maires.jpg","datePublished":"2024-12-02T14:17:40+00:00","dateModified":"2024-12-02T14:17:40+00:00","breadcrumb":{"@id":"https:\/\/vieassociative.be\/actualites\/les-nouveaux-conseillers-locaux-seront-presentes-aujourdhui-les-maires-preteront-serment-mardi\/#breadcrumb"},"inLanguage":"fr-BE","potentialAction":[{"@type":"ReadAction","target":["https:\/\/vieassociative.be\/actualites\/les-nouveaux-conseillers-locaux-seront-presentes-aujourdhui-les-maires-preteront-serment-mardi\/"]}]},{"@type":"ImageObject","inLanguage":"fr-BE","@id":"https:\/\/vieassociative.be\/actualites\/les-nouveaux-conseillers-locaux-seront-presentes-aujourdhui-les-maires-preteront-serment-mardi\/#primaryimage","url":"https:\/\/vieassociative.be\/actualites\/wp-content\/uploads\/2024\/12\/Les-nouveaux-conseillers-locaux-seront-presentes-aujourdhui-les-maires.jpg","contentUrl":"https:\/\/vieassociative.be\/actualites\/wp-content\/uploads\/2024\/12\/Les-nouveaux-conseillers-locaux-seront-presentes-aujourdhui-les-maires.jpg","width":1200,"height":802,"caption":"Les nouveaux conseillers locaux seront pr\u00e9sent\u00e9s aujourd'hui - les maires pr\u00eateront serment mardi"},{"@type":"BreadcrumbList","@id":"https:\/\/vieassociative.be\/actualites\/les-nouveaux-conseillers-locaux-seront-presentes-aujourdhui-les-maires-preteront-serment-mardi\/#breadcrumb","itemListElement":[{"@type":"ListItem","position":1,"name":"Accueil","item":"https:\/\/vieassociative.be\/actualites\/"},{"@type":"ListItem","position":2,"name":"Les nouveaux conseillers locaux seront pr\u00e9sent\u00e9s aujourd&rsquo;hui &#8211; les maires pr\u00eateront serment mardi"}]},{"@type":"WebSite","@id":"https:\/\/vieassociative.be\/actualites\/#website","url":"https:\/\/vieassociative.be\/actualites\/","name":"Vie Associative","description":"","publisher":{"@id":"https:\/\/vieassociative.be\/actualites\/#organization"},"potentialAction":[{"@type":"SearchAction","target":{"@type":"EntryPoint","urlTemplate":"https:\/\/vieassociative.be\/actualites\/?s={search_term_string}"},"query-input":{"@type":"PropertyValueSpecification","valueRequired":true,"valueName":"search_term_string"}}],"inLanguage":"fr-BE"},{"@type":"Organization","@id":"https:\/\/vieassociative.be\/actualites\/#organization","name":"Vie Associative","url":"https:\/\/vieassociative.be\/actualites\/","logo":{"@type":"ImageObject","inLanguage":"fr-BE","@id":"https:\/\/vieassociative.be\/actualites\/#\/schema\/logo\/image\/","url":"https:\/\/vieassociative.be\/actualites\/wp-content\/uploads\/2024\/09\/cropped-vieassociative_favicon.ico.png","contentUrl":"https:\/\/vieassociative.be\/actualites\/wp-content\/uploads\/2024\/09\/cropped-vieassociative_favicon.ico.png","width":512,"height":512,"caption":"Vie Associative"},"image":{"@id":"https:\/\/vieassociative.be\/actualites\/#\/schema\/logo\/image\/"}},{"@type":"Person","@id":"https:\/\/vieassociative.be\/actualites\/#\/schema\/person\/b87ac4f82f9d4e7b7cec7395b679edc4","name":"Julien","image":{"@type":"ImageObject","inLanguage":"fr-BE","@id":"https:\/\/vieassociative.be\/actualites\/#\/schema\/person\/image\/","url":"https:\/\/vieassociative.be\/actualites\/wp-content\/uploads\/2024\/09\/vie-associative-1-150x150.jpg","contentUrl":"https:\/\/vieassociative.be\/actualites\/wp-content\/uploads\/2024\/09\/vie-associative-1-150x150.jpg","caption":"Julien"},"description":"Je suis Julien, r\u00e9dacteur pour Vie Associative. Passionn\u00e9 par le monde associatif depuis plus de 10 ans, j'ai \u00e0 c\u0153ur de partager des histoires inspirantes et de mettre en lumi\u00e8re les initiatives locales. Mon objectif est de sensibiliser et d'encourager l'engagement communautaire \u00e0 travers mes articles.","sameAs":["https:\/\/vieassociative.be\/"]}]}},"_links":{"self":[{"href":"https:\/\/vieassociative.be\/actualites\/wp-json\/wp\/v2\/posts\/2988"}],"collection":[{"href":"https:\/\/vieassociative.be\/actualites\/wp-json\/wp\/v2\/posts"}],"about":[{"href":"https:\/\/vieassociative.be\/actualites\/wp-json\/wp\/v2\/types\/post"}],"author":[{"embeddable":true,"href":"https:\/\/vieassociative.be\/actualites\/wp-json\/wp\/v2\/users\/1"}],"replies":[{"embeddable":true,"href":"https:\/\/vieassociative.be\/actualites\/wp-json\/wp\/v2\/comments?post=2988"}],"version-history":[{"count":0,"href":"https:\/\/vieassociative.be\/actualites\/wp-json\/wp\/v2\/posts\/2988\/revisions"}],"wp:featuredmedia":[{"embeddable":true,"href":"https:\/\/vieassociative.be\/actualites\/wp-json\/wp\/v2\/media\/2989"}],"wp:attachment":[{"href":"https:\/\/vieassociative.be\/actualites\/wp-json\/wp\/v2\/media?parent=2988"}],"wp:term":[{"taxonomy":"category","embeddable":true,"href":"https:\/\/vieassociative.be\/actualites\/wp-json\/wp\/v2\/categories?post=2988"},{"taxonomy":"post_tag","embeddable":true,"href":"https:\/\/vieassociative.be\/actualites\/wp-json\/wp\/v2\/tags?post=2988"}],"curies":[{"name":"wp","href":"https:\/\/api.w.org\/{rel}","templated":true}]}}