{"id":2986,"date":"2024-12-02T14:17:54","date_gmt":"2024-12-02T13:17:54","guid":{"rendered":"https:\/\/vieassociative.be\/actualites\/jai-passe-un-an-a-tester-des-appareils-intelligents-pour-la-maison-et-cest-ce-que-jacheterais-aujourdhui-pour-le-black-friday\/"},"modified":"2024-12-02T14:17:54","modified_gmt":"2024-12-02T13:17:54","slug":"jai-passe-un-an-a-tester-des-appareils-intelligents-pour-la-maison-et-cest-ce-que-jacheterais-aujourdhui-pour-le-black-friday","status":"publish","type":"post","link":"https:\/\/vieassociative.be\/actualites\/jai-passe-un-an-a-tester-des-appareils-intelligents-pour-la-maison-et-cest-ce-que-jacheterais-aujourdhui-pour-le-black-friday\/","title":{"rendered":"J&rsquo;ai pass\u00e9 un an \u00e0 tester des appareils intelligents pour la maison, et c&rsquo;est ce que j&rsquo;ach\u00e8terais aujourd&rsquo;hui pour le Black Friday"},"content":{"rendered":"<div class=\"mt-4 leading-6 md:mb-8\">Ce sont les robots tondeuses, les aspirateurs, les cam\u00e9ras de s\u00e9curit\u00e9 et le diffuseur intelligent pour lesquels je d\u00e9penserais mon argent si j&rsquo;\u00e9tais vous.<\/div>\n<p><\/p>\n<p><em>Ces appareils intelligents font partie du million de produits en vente pour le Black Friday cette ann\u00e9e. Si vous \u00eates int\u00e9ress\u00e9 par la meilleure technologie en vente aujourd&rsquo;hui, <strong>consultez notre page des meilleures offres technologiques du Black Friday<\/strong><\/em><em>  pour une vue plus large de toutes les meilleures r\u00e9ductions que vous pouvez obtenir d\u00e8s maintenant. Les prix sont exacts au moment de la r\u00e9daction, mais vous pouvez vous attendre \u00e0 ce qu&rsquo;ils fluctuent et que les stocks se vendent, vous ne voudrez donc peut-\u00eatre pas h\u00e9siter si vous voyez une vente qui vous attire.<\/em><\/p>\n<p>J&rsquo;adore la technologie intelligente. Entre les cam\u00e9ras intelligentes, les capteurs et les robots de toutes sortes, ces machines peuvent permettre d&rsquo;\u00e9conomiser du temps et des efforts. Cependant, ils sont souvent chers, ce qui fait du Black Friday le moment id\u00e9al pour y investir. Aujourd&rsquo;hui, certains de mes appareils technologiques intelligents pr\u00e9f\u00e9r\u00e9s que j&rsquo;ai test\u00e9s cette ann\u00e9e sont en vente, donc si vous envisagez de vous procurer un robot tondeuse ou un syst\u00e8me de cam\u00e9ra de s\u00e9curit\u00e9 intelligente, c&rsquo;est le moment.<\/p>\n<h2 id=\"the-best-robot-lawnmowers-on-sale\">Les meilleures tondeuses \u00e0 gazon robotis\u00e9es en vente<\/h2>\n<div class=\"eloquent-imagery-image\">\n<div class=\"flex justify-center\">\n                    <img decoding=\"async\" class=\"border border-gray-100\" src=\"https:\/\/vieassociative.be\/actualites\/wp-content\/uploads\/2024\/12\/Jai-passe-un-an-a-tester-des-appareils-intelligents-pour.jpg\" alt=\"Mammotion Luba 2 est sans conteste la tondeuse la plus coh\u00e9rente que j'ai essay\u00e9e\" width=\"2000\" height=\"889\" loading=\"lazy\"  >\n            <\/div>\n<\/p><\/div>\n<p>Apr\u00e8s avoir test\u00e9 un certain nombre de robots tondeuses \u00e0 gazon, la facilit\u00e9 et la fiabilit\u00e9 du Luba 2 en font sans conteste mon pr\u00e9f\u00e9r\u00e9. (Lisez ma critique compl\u00e8te.) Pleine de fonctionnalit\u00e9s allant de la surveillance vid\u00e9o \u00e0 la localisation GPS si elle est retir\u00e9e de la cour, la Luba dispose m\u00eame d\u00e9sormais de capacit\u00e9s d&rsquo;impression sur pelouse. (J&rsquo;ai \u00e9t\u00e9 d\u00e9\u00e7u par cela, mais j&rsquo;ai imprim\u00e9 un tas d&rsquo;\u00e9toiles sur la pelouse pour le 4 juillet.) La seule raison de choisir une tondeuse diff\u00e9rente est si votre pelouse est trop petite ou si elle comporte de nombreux obstacles \u00e0 tondre. Le Luba 2 est robuste et g\u00e9rera facilement tout, d&rsquo;une cour de taille moyenne \u00e0 un champ. Les robots se pr\u00e9sentent sous diff\u00e9rentes capacit\u00e9s, chacun avec sa propre remise pour Prime Day. <\/p>\n<ul>\n<li>\n<p>LUBA 2 AWD 3000 (jusqu&rsquo;\u00e0 0,75 verge) : r\u00e9guli\u00e8rement 2 499 $, maintenant <strong>2 149 $<\/strong><\/p>\n<\/li>\n<li>\n<p>LUBA 2 AWD 3000 (jusqu&rsquo;\u00e0 1,25 verges) : r\u00e9guli\u00e8rement 2 899 $, maintenant <strong>2 249 $<\/strong><\/p>\n<\/li>\n<li>\n<p>LUBA 2 AWD 3000 (jusqu&rsquo;\u00e0 2,5 m\u00e8tres) : r\u00e9guli\u00e8rement 4 099 $, maintenant <strong>3 649 $<\/strong><\/p>\n<\/li>\n<\/ul>\n<p>Si votre pelouse est plus petite, vous pourriez envisager le Segway Navimow. (Lisez ma critique compl\u00e8te.) La distinction que je fais entre le Luba 2 et le Navimow est que le Luba est vraiment robuste, mais n&rsquo;a pas la gr\u00e2ce n\u00e9cessaire pour allumer un centime ou contourner \u00e9troitement les obstacles. Pour les petits chantiers, la Navimow est une excellente option et elle est incroyablement fiable. Il n\u2019aime pas les creux dans la cour ou les collines, vous devez donc vous assurer que le paysage est convenablement plat, mais il supporte une pente sans probl\u00e8me. <\/p>\n<div class=\"eloquent-imagery-image\">\n<div class=\"flex justify-center\">\n                    <img decoding=\"async\" class=\"border border-gray-100\" src=\"https:\/\/vieassociative.be\/actualites\/wp-content\/uploads\/2024\/12\/1733145474_953_Jai-passe-un-an-a-tester-des-appareils-intelligents-pour.jpg\" alt=\"Segway Navimow\" width=\"2000\" height=\"1125\" loading=\"lazy\"  >\n            <\/div>\n<\/p><\/div>\n<ul>\n<li>\n<p>Navimow i105N : r\u00e9guli\u00e8rement 999 $, maintenant <strong>799\u00a0$<\/strong><\/p>\n<\/li>\n<\/ul>\n<h2 id=\"the-best-outdoor-security-cameras-on-sale\">Les meilleures cam\u00e9ras de s\u00e9curit\u00e9 ext\u00e9rieures en vente<\/h2>\n<div class=\"eloquent-imagery-image\">\n<div class=\"flex justify-center\">\n                    <img decoding=\"async\" class=\"border border-gray-100\" src=\"https:\/\/vieassociative.be\/actualites\/wp-content\/uploads\/2024\/12\/1733145474_843_Jai-passe-un-an-a-tester-des-appareils-intelligents-pour.jpg\" alt=\"Eufy Solocam\" width=\"2000\" height=\"921\" loading=\"lazy\"  >\n            <\/div>\n<\/p><\/div>\n<p>Il existe de nombreuses bonnes cam\u00e9ras de s\u00e9curit\u00e9 ext\u00e9rieures, mais chaque fois que j&rsquo;ai fini d&rsquo;en tester d&rsquo;autres, je remets mes Eufy Solocams en place. Il y a beaucoup \u00e0 appr\u00e9cier, y compris l&rsquo;extraordinaire plage de vision offerte par le panoramique et l&rsquo;inclinaison sph\u00e9riques qui vous permettent de faire pivoter la cam\u00e9ra \u00e0 pr\u00e8s de 360 \u200b\u200bdegr\u00e9s. Il y a en fait deux cam\u00e9ras dans chacune : une pour une macro-vue et une pour une micro-vue. La micro-vue est spectaculaire en termes de d\u00e9tails\u00a0: je peux r\u00e9ellement avoir un aper\u00e7u d\u00e9taill\u00e9 des plantes individuelles de mon jardin pendant mon absence. J&rsquo;aime le fait que vous n&rsquo;ayez pas besoin d&rsquo;un forfait mensuel si vous disposez d&rsquo;un hub Eufy pour stocker des clips localement, et que la vue en direct s&rsquo;affiche de mani\u00e8re fiable \u00e0 chaque fois avec un temps d&rsquo;attente minimal. Les deux cam\u00e9ras en vente sont les projecteurs c\u00e2bl\u00e9s : les S330 et E340. J&rsquo;ai les deux en ce moment m\u00eame, mais assurez-vous \u00e9galement de regarder le s340 \u00e0 \u00e9nergie solaire, qui n&rsquo;est pas en vente mais qui en vaut toujours la peine pour les endroits o\u00f9 vous n&rsquo;avez pas la possibilit\u00e9 de c\u00e2bler. <\/p>\n<ul>\n<li>\n<p>eufy Security Floodlight Cam S330\u00a0: r\u00e9guli\u00e8rement 299,99\u00a0$, maintenant <strong>169,98\u00a0$<\/strong> <\/p>\n<\/li>\n<li>\n<p>Cam\u00e9ra eufy Security Floodlight E340\u00a0: r\u00e9guli\u00e8rement 219,99\u00a0$, maintenant <strong>149,98\u00a0$<\/strong> <\/p>\n<\/li>\n<\/ul>\n<h2 id=\"the-best-indoor-security-cameras-on-sale\">Les meilleures cam\u00e9ras de s\u00e9curit\u00e9 int\u00e9rieures en vente<\/h2>\n<div class=\"eloquent-imagery-image\">\n<div class=\"flex justify-center\">\n                    <img decoding=\"async\" class=\"border border-gray-100\" src=\"https:\/\/vieassociative.be\/actualites\/wp-content\/uploads\/2024\/12\/1733145474_925_Jai-passe-un-an-a-tester-des-appareils-intelligents-pour.jpg\" alt=\"Aqara E1\" width=\"2000\" height=\"1655\" loading=\"lazy\"  >\n            <\/div>\n<\/p><\/div>\n<p>Je crois fermement que toutes les cam\u00e9ras de s\u00e9curit\u00e9 devraient pouvoir pivoter et s&rsquo;incliner. La possibilit\u00e9 de d\u00e9placer la mise au point dans la pi\u00e8ce et de trouver ce dont vous avez besoin est essentielle, en particulier pour une cam\u00e9ra int\u00e9rieure. C&rsquo;est trop frustrant d&rsquo;\u00eatre absent et d&rsquo;avoir quelque chose hors de port\u00e9e. Pour cette raison, j\u2019ai vraiment aim\u00e9 la cam\u00e9ra de s\u00e9curit\u00e9 int\u00e9rieure Aqara 2K E1. Son profil solide et discret ne se renverse jamais et vous permet de balayer une pi\u00e8ce exactement pour ce que vous recherchez. <\/p>\n<ul>\n<li>\n<p>Cam\u00e9ra de s\u00e9curit\u00e9 int\u00e9rieure Aqara 2K E1, panoramique et inclinaison\u00a0: r\u00e9guli\u00e8rement 59,99\u00a0$, maintenant <strong>39,99\u00a0$<\/strong><\/p>\n<\/li>\n<\/ul>\n<h2 id=\"the-best-robot-vacuums-on-sale\">Les meilleurs aspirateurs robots en vente<\/h2>\n<div class=\"eloquent-imagery-image\">\n<div class=\"flex justify-center\">\n                    <img decoding=\"async\" class=\"border border-gray-100\" src=\"https:\/\/vieassociative.be\/actualites\/wp-content\/uploads\/2024\/12\/1733145474_77_Jai-passe-un-an-a-tester-des-appareils-intelligents-pour.jpg\" alt=\"Le S8 Pro Ultra\" width=\"2000\" height=\"1125\" loading=\"lazy\"  >\n            <\/div>\n<\/p><\/div>\n<p>J&rsquo;aimerais pouvoir dire que tous les robots aspirateurs, en particulier les plus chers, sont comparables et que vous en obtiendrez probablement un bon si vous d\u00e9pensez suffisamment. Malheureusement, cela n&rsquo;a pas \u00e9t\u00e9 mon exp\u00e9rience. M\u00eame au sein d\u2019une marque, les \u00e9carts d\u2019un mod\u00e8le \u00e0 l\u2019autre peuvent \u00eatre choquants. Cependant, les mod\u00e8les Roborock ont \u200b\u200btoujours \u00e9t\u00e9 mes favoris au cours de la derni\u00e8re ann\u00e9e. Si je devais acheter un robot aspirateur demain, ce serait de la gamme Roborock S8. Le S8 Pro Ultra est en quelque sorte exceptionnel, tant sur les tapis que sur les sols durs. Il pr\u00e9sente le moins de probl\u00e8mes en termes de perte, de blocage ou de n\u00e9cessit\u00e9 de d\u00e9gager les rouleaux. La fonction de nettoyage n&rsquo;est pas simplement un module compl\u00e9mentaire : elle nettoie le sol avec comp\u00e9tence. <\/p>\n<ul>\n<li>\n<p>Roborock S8 Pro Ultra : r\u00e9guli\u00e8rement 1 599,99 $, maintenant <strong>899,99\u00a0$<\/strong><\/p>\n<\/li>\n<\/ul>\n<div class=\"eloquent-imagery-image\">\n<div class=\"flex justify-center\">\n                    <img decoding=\"async\" class=\"border border-gray-100\" src=\"https:\/\/vieassociative.be\/actualites\/wp-content\/uploads\/2024\/12\/Jai-passe-un-an-a-tester-des-appareils-intelligents-pour.webp.webp\" alt=\"Switchbot k10+\" width=\"2000\" height=\"1125\" loading=\"lazy\"  >\n            <\/div>\n<\/p><\/div>\n<p>Si vous avez une maison plus petite, un appartement ou simplement un espace d\u00e9di\u00e9 auquel vous souhaitez ajouter un robot aspirateur, mon pr\u00e9f\u00e9r\u00e9 de loin est le Switchbot k10+. Sa petite taille lui permet de se rapprocher des murs et des pieds des chaises par rapport aux robots classiques de ce type. Bien qu&rsquo;il s&rsquo;agisse techniquement d&rsquo;un aspirateur et d&rsquo;une vadrouille, la fonction de nettoyage ne vaut pas la peine de s&rsquo;en pr\u00e9occuper. Si vous vous concentrez uniquement sur elle comme un aspirateur, elle vous impressionnera. <\/p>\n<ul>\n<li>\n<p>Robot aspirateur Switchbot K10+ : r\u00e9guli\u00e8rement 399,99 $, maintenant 279,99 $<\/p>\n<\/li>\n<\/ul>\n<h2 id=\"the-best-smart-diffusers-on-sale\">Les meilleurs diffuseurs intelligents en vente<\/h2>\n<p>Ce diffuseur de parfum intelligent, que je pensais amusant mais sans plus, s&rsquo;est av\u00e9r\u00e9 \u00eatre l&rsquo;une de mes trouvailles pr\u00e9f\u00e9r\u00e9es de l&rsquo;ann\u00e9e. Deux aspects que j&rsquo;aime\u00a0: vous pouvez l&rsquo;allumer et l&rsquo;\u00e9teindre ou le programmer depuis votre t\u00e9l\u00e9phone, pour que cela ne devienne pas \u00e9crasant, et vous pouvez charger deux parfums diff\u00e9rents et il les affichera dans l&rsquo;application de votre t\u00e9l\u00e9phone. Le diffuseur (34,99 $) est actuellement \u00e0 30 % de r\u00e9duction, mais ce n&rsquo;est pas grave. L\u00e0 o\u00f9 vous serez piqu\u00e9, ce sont les recharges, et beaucoup d&rsquo;entre elles sont \u00e0 30 % de r\u00e9duction en ce moment, alors faites le plein. <\/p>\n<ul>\n<li>\n<p>Pack de 2, Champs de Lavande : r\u00e9guli\u00e8rement 27,98 $, maintenant <strong>19,59\u00a0$<\/strong><\/p>\n<\/li>\n<li>\n<p>Paquet de 2, sel : r\u00e9guli\u00e8rement 31,98 $, maintenant <strong>22,39\u00a0$<\/strong><\/p>\n<\/li>\n<\/ul>\n<div class=\"w-full mt-12 text-center sm:text-left\" x-data=\"{ showAll: false }\">\n<div class=\"flex flex-col items-center justify-between sm:px-6 sm:flex-row\">\n\t\t\t<span class=\"text-sm italic\">Les offres sont s\u00e9lectionn\u00e9es par notre \u00e9quipe commerciale<\/span><\/p><\/div>\n<\/p><\/div>\n","protected":false},"excerpt":{"rendered":"<p>Ce sont les robots tondeuses, les aspirateurs, les cam\u00e9ras de s\u00e9curit\u00e9 et le diffuseur intelligent pour lesquels je d\u00e9penserais mon argent si j&rsquo;\u00e9tais vous. Ces<\/p>\n","protected":false},"author":1,"featured_media":2987,"comment_status":"","ping_status":"","sticky":false,"template":"","format":"standard","meta":{"footnotes":""},"categories":[13],"tags":[451,2330,73,362,29,1255,452,3698,823,560,1073,81,3697],"class_list":["post-2986","post","type-post","status-publish","format-standard","has-post-thumbnail","hentry","category-technologie","tag-appareils","tag-aujourdhui","tag-black","tag-cest","tag-des","tag-friday","tag-intelligents","tag-jacheterais","tag-jai","tag-maison","tag-passe","tag-pour","tag-tester","generate-columns","tablet-grid-50","mobile-grid-100","grid-parent","grid-33"],"yoast_head":"<!-- This site is optimized with the Yoast SEO plugin v24.0 - https:\/\/yoast.com\/wordpress\/plugins\/seo\/ -->\n<title>J&#039;ai pass\u00e9 un an \u00e0 tester des appareils intelligents pour la maison, et c&#039;est ce que j&#039;ach\u00e8terais aujourd&#039;hui pour le Black Friday | Vie Associative<\/title>\n<meta name=\"robots\" content=\"index, follow, max-snippet:-1, max-image-preview:large, max-video-preview:-1\" \/>\n<link rel=\"canonical\" href=\"https:\/\/vieassociative.be\/actualites\/jai-passe-un-an-a-tester-des-appareils-intelligents-pour-la-maison-et-cest-ce-que-jacheterais-aujourdhui-pour-le-black-friday\/\" \/>\n<meta property=\"og:locale\" content=\"fr_FR\" \/>\n<meta property=\"og:type\" content=\"article\" \/>\n<meta property=\"og:title\" content=\"J&#039;ai pass\u00e9 un an \u00e0 tester des appareils intelligents pour la maison, et c&#039;est ce que j&#039;ach\u00e8terais aujourd&#039;hui pour le Black Friday | Vie Associative\" \/>\n<meta property=\"og:description\" content=\"Ce sont les robots tondeuses, les aspirateurs, les cam\u00e9ras de s\u00e9curit\u00e9 et le diffuseur intelligent pour lesquels je d\u00e9penserais mon argent si j&rsquo;\u00e9tais vous. Ces\" \/>\n<meta property=\"og:url\" content=\"https:\/\/vieassociative.be\/actualites\/jai-passe-un-an-a-tester-des-appareils-intelligents-pour-la-maison-et-cest-ce-que-jacheterais-aujourdhui-pour-le-black-friday\/\" \/>\n<meta property=\"og:site_name\" content=\"Vie Associative\" \/>\n<meta property=\"article:published_time\" content=\"2024-12-02T13:17:54+00:00\" \/>\n<meta property=\"og:image\" content=\"https:\/\/vieassociative.be\/actualites\/wp-content\/uploads\/2024\/12\/Jai-passe-un-an-a-tester-des-appareils-intelligents-pour.jpg\" \/>\n<meta name=\"author\" content=\"Julien\" \/>\n<meta name=\"twitter:card\" content=\"summary_large_image\" \/>\n<meta name=\"twitter:label1\" content=\"\u00c9crit par\" \/>\n\t<meta name=\"twitter:data1\" content=\"Julien\" \/>\n\t<meta name=\"twitter:label2\" content=\"Dur\u00e9e de lecture est.\" \/>\n\t<meta name=\"twitter:data2\" content=\"6 minutes\" \/>\n<script type=\"application\/ld+json\" class=\"yoast-schema-graph\">{\"@context\":\"https:\/\/schema.org\",\"@graph\":[{\"@type\":\"Article\",\"@id\":\"https:\/\/vieassociative.be\/actualites\/jai-passe-un-an-a-tester-des-appareils-intelligents-pour-la-maison-et-cest-ce-que-jacheterais-aujourdhui-pour-le-black-friday\/#article\",\"isPartOf\":{\"@id\":\"https:\/\/vieassociative.be\/actualites\/jai-passe-un-an-a-tester-des-appareils-intelligents-pour-la-maison-et-cest-ce-que-jacheterais-aujourdhui-pour-le-black-friday\/\"},\"author\":{\"name\":\"Julien\",\"@id\":\"https:\/\/vieassociative.be\/actualites\/#\/schema\/person\/b87ac4f82f9d4e7b7cec7395b679edc4\"},\"headline\":\"J&rsquo;ai pass\u00e9 un an \u00e0 tester des appareils intelligents pour la maison, et c&rsquo;est ce que j&rsquo;ach\u00e8terais aujourd&rsquo;hui pour le Black Friday\",\"datePublished\":\"2024-12-02T13:17:54+00:00\",\"dateModified\":\"2024-12-02T13:17:54+00:00\",\"mainEntityOfPage\":{\"@id\":\"https:\/\/vieassociative.be\/actualites\/jai-passe-un-an-a-tester-des-appareils-intelligents-pour-la-maison-et-cest-ce-que-jacheterais-aujourdhui-pour-le-black-friday\/\"},\"wordCount\":1331,\"publisher\":{\"@id\":\"https:\/\/vieassociative.be\/actualites\/#organization\"},\"image\":{\"@id\":\"https:\/\/vieassociative.be\/actualites\/jai-passe-un-an-a-tester-des-appareils-intelligents-pour-la-maison-et-cest-ce-que-jacheterais-aujourdhui-pour-le-black-friday\/#primaryimage\"},\"thumbnailUrl\":\"https:\/\/vieassociative.be\/actualites\/wp-content\/uploads\/2024\/12\/Jai-passe-un-an-a-tester-des-appareils-intelligents-pour.png\",\"keywords\":[\"appareils\",\"aujourdhui\",\"Black\",\"cest\",\"Des\",\"Friday\",\"intelligents\",\"jach\u00e8terais\",\"Jai\",\"maison\",\"passe\",\"pour\",\"tester\"],\"articleSection\":[\"Technologie\"],\"inLanguage\":\"fr-BE\"},{\"@type\":\"WebPage\",\"@id\":\"https:\/\/vieassociative.be\/actualites\/jai-passe-un-an-a-tester-des-appareils-intelligents-pour-la-maison-et-cest-ce-que-jacheterais-aujourdhui-pour-le-black-friday\/\",\"url\":\"https:\/\/vieassociative.be\/actualites\/jai-passe-un-an-a-tester-des-appareils-intelligents-pour-la-maison-et-cest-ce-que-jacheterais-aujourdhui-pour-le-black-friday\/\",\"name\":\"J'ai pass\u00e9 un an \u00e0 tester des appareils intelligents pour la maison, et c'est ce que j'ach\u00e8terais aujourd'hui pour le Black Friday | Vie Associative\",\"isPartOf\":{\"@id\":\"https:\/\/vieassociative.be\/actualites\/#website\"},\"primaryImageOfPage\":{\"@id\":\"https:\/\/vieassociative.be\/actualites\/jai-passe-un-an-a-tester-des-appareils-intelligents-pour-la-maison-et-cest-ce-que-jacheterais-aujourdhui-pour-le-black-friday\/#primaryimage\"},\"image\":{\"@id\":\"https:\/\/vieassociative.be\/actualites\/jai-passe-un-an-a-tester-des-appareils-intelligents-pour-la-maison-et-cest-ce-que-jacheterais-aujourdhui-pour-le-black-friday\/#primaryimage\"},\"thumbnailUrl\":\"https:\/\/vieassociative.be\/actualites\/wp-content\/uploads\/2024\/12\/Jai-passe-un-an-a-tester-des-appareils-intelligents-pour.png\",\"datePublished\":\"2024-12-02T13:17:54+00:00\",\"dateModified\":\"2024-12-02T13:17:54+00:00\",\"breadcrumb\":{\"@id\":\"https:\/\/vieassociative.be\/actualites\/jai-passe-un-an-a-tester-des-appareils-intelligents-pour-la-maison-et-cest-ce-que-jacheterais-aujourdhui-pour-le-black-friday\/#breadcrumb\"},\"inLanguage\":\"fr-BE\",\"potentialAction\":[{\"@type\":\"ReadAction\",\"target\":[\"https:\/\/vieassociative.be\/actualites\/jai-passe-un-an-a-tester-des-appareils-intelligents-pour-la-maison-et-cest-ce-que-jacheterais-aujourdhui-pour-le-black-friday\/\"]}]},{\"@type\":\"ImageObject\",\"inLanguage\":\"fr-BE\",\"@id\":\"https:\/\/vieassociative.be\/actualites\/jai-passe-un-an-a-tester-des-appareils-intelligents-pour-la-maison-et-cest-ce-que-jacheterais-aujourdhui-pour-le-black-friday\/#primaryimage\",\"url\":\"https:\/\/vieassociative.be\/actualites\/wp-content\/uploads\/2024\/12\/Jai-passe-un-an-a-tester-des-appareils-intelligents-pour.png\",\"contentUrl\":\"https:\/\/vieassociative.be\/actualites\/wp-content\/uploads\/2024\/12\/Jai-passe-un-an-a-tester-des-appareils-intelligents-pour.png\",\"width\":1200,\"height\":675,\"caption\":\"J'ai pass\u00e9 un an \u00e0 tester des appareils intelligents pour la maison, et c'est ce que j'ach\u00e8terais aujourd'hui pour le Black Friday\"},{\"@type\":\"BreadcrumbList\",\"@id\":\"https:\/\/vieassociative.be\/actualites\/jai-passe-un-an-a-tester-des-appareils-intelligents-pour-la-maison-et-cest-ce-que-jacheterais-aujourdhui-pour-le-black-friday\/#breadcrumb\",\"itemListElement\":[{\"@type\":\"ListItem\",\"position\":1,\"name\":\"Accueil\",\"item\":\"https:\/\/vieassociative.be\/actualites\/\"},{\"@type\":\"ListItem\",\"position\":2,\"name\":\"J&rsquo;ai pass\u00e9 un an \u00e0 tester des appareils intelligents pour la maison, et c&rsquo;est ce que j&rsquo;ach\u00e8terais aujourd&rsquo;hui pour le Black Friday\"}]},{\"@type\":\"WebSite\",\"@id\":\"https:\/\/vieassociative.be\/actualites\/#website\",\"url\":\"https:\/\/vieassociative.be\/actualites\/\",\"name\":\"Vie Associative\",\"description\":\"\",\"publisher\":{\"@id\":\"https:\/\/vieassociative.be\/actualites\/#organization\"},\"potentialAction\":[{\"@type\":\"SearchAction\",\"target\":{\"@type\":\"EntryPoint\",\"urlTemplate\":\"https:\/\/vieassociative.be\/actualites\/?s={search_term_string}\"},\"query-input\":{\"@type\":\"PropertyValueSpecification\",\"valueRequired\":true,\"valueName\":\"search_term_string\"}}],\"inLanguage\":\"fr-BE\"},{\"@type\":\"Organization\",\"@id\":\"https:\/\/vieassociative.be\/actualites\/#organization\",\"name\":\"Vie Associative\",\"url\":\"https:\/\/vieassociative.be\/actualites\/\",\"logo\":{\"@type\":\"ImageObject\",\"inLanguage\":\"fr-BE\",\"@id\":\"https:\/\/vieassociative.be\/actualites\/#\/schema\/logo\/image\/\",\"url\":\"https:\/\/vieassociative.be\/actualites\/wp-content\/uploads\/2024\/09\/cropped-vieassociative_favicon.ico.png\",\"contentUrl\":\"https:\/\/vieassociative.be\/actualites\/wp-content\/uploads\/2024\/09\/cropped-vieassociative_favicon.ico.png\",\"width\":512,\"height\":512,\"caption\":\"Vie Associative\"},\"image\":{\"@id\":\"https:\/\/vieassociative.be\/actualites\/#\/schema\/logo\/image\/\"}},{\"@type\":\"Person\",\"@id\":\"https:\/\/vieassociative.be\/actualites\/#\/schema\/person\/b87ac4f82f9d4e7b7cec7395b679edc4\",\"name\":\"Julien\",\"image\":{\"@type\":\"ImageObject\",\"inLanguage\":\"fr-BE\",\"@id\":\"https:\/\/vieassociative.be\/actualites\/#\/schema\/person\/image\/\",\"url\":\"https:\/\/vieassociative.be\/actualites\/wp-content\/uploads\/2024\/09\/vie-associative-1-150x150.jpg\",\"contentUrl\":\"https:\/\/vieassociative.be\/actualites\/wp-content\/uploads\/2024\/09\/vie-associative-1-150x150.jpg\",\"caption\":\"Julien\"},\"description\":\"Je suis Julien, r\u00e9dacteur pour Vie Associative. Passionn\u00e9 par le monde associatif depuis plus de 10 ans, j'ai \u00e0 c\u0153ur de partager des histoires inspirantes et de mettre en lumi\u00e8re les initiatives locales. Mon objectif est de sensibiliser et d'encourager l'engagement communautaire \u00e0 travers mes articles.\",\"sameAs\":[\"https:\/\/vieassociative.be\/\"]}]}<\/script>\n<!-- \/ Yoast SEO plugin. -->","yoast_head_json":{"title":"J'ai pass\u00e9 un an \u00e0 tester des appareils intelligents pour la maison, et c'est ce que j'ach\u00e8terais aujourd'hui pour le Black Friday | Vie Associative","robots":{"index":"index","follow":"follow","max-snippet":"max-snippet:-1","max-image-preview":"max-image-preview:large","max-video-preview":"max-video-preview:-1"},"canonical":"https:\/\/vieassociative.be\/actualites\/jai-passe-un-an-a-tester-des-appareils-intelligents-pour-la-maison-et-cest-ce-que-jacheterais-aujourdhui-pour-le-black-friday\/","og_locale":"fr_FR","og_type":"article","og_title":"J'ai pass\u00e9 un an \u00e0 tester des appareils intelligents pour la maison, et c'est ce que j'ach\u00e8terais aujourd'hui pour le Black Friday | Vie Associative","og_description":"Ce sont les robots tondeuses, les aspirateurs, les cam\u00e9ras de s\u00e9curit\u00e9 et le diffuseur intelligent pour lesquels je d\u00e9penserais mon argent si j&rsquo;\u00e9tais vous. Ces","og_url":"https:\/\/vieassociative.be\/actualites\/jai-passe-un-an-a-tester-des-appareils-intelligents-pour-la-maison-et-cest-ce-que-jacheterais-aujourdhui-pour-le-black-friday\/","og_site_name":"Vie Associative","article_published_time":"2024-12-02T13:17:54+00:00","og_image":[{"url":"https:\/\/vieassociative.be\/actualites\/wp-content\/uploads\/2024\/12\/Jai-passe-un-an-a-tester-des-appareils-intelligents-pour.jpg","type":"","width":"","height":""}],"author":"Julien","twitter_card":"summary_large_image","twitter_misc":{"\u00c9crit par":"Julien","Dur\u00e9e de lecture est.":"6 minutes"},"schema":{"@context":"https:\/\/schema.org","@graph":[{"@type":"Article","@id":"https:\/\/vieassociative.be\/actualites\/jai-passe-un-an-a-tester-des-appareils-intelligents-pour-la-maison-et-cest-ce-que-jacheterais-aujourdhui-pour-le-black-friday\/#article","isPartOf":{"@id":"https:\/\/vieassociative.be\/actualites\/jai-passe-un-an-a-tester-des-appareils-intelligents-pour-la-maison-et-cest-ce-que-jacheterais-aujourdhui-pour-le-black-friday\/"},"author":{"name":"Julien","@id":"https:\/\/vieassociative.be\/actualites\/#\/schema\/person\/b87ac4f82f9d4e7b7cec7395b679edc4"},"headline":"J&rsquo;ai pass\u00e9 un an \u00e0 tester des appareils intelligents pour la maison, et c&rsquo;est ce que j&rsquo;ach\u00e8terais aujourd&rsquo;hui pour le Black Friday","datePublished":"2024-12-02T13:17:54+00:00","dateModified":"2024-12-02T13:17:54+00:00","mainEntityOfPage":{"@id":"https:\/\/vieassociative.be\/actualites\/jai-passe-un-an-a-tester-des-appareils-intelligents-pour-la-maison-et-cest-ce-que-jacheterais-aujourdhui-pour-le-black-friday\/"},"wordCount":1331,"publisher":{"@id":"https:\/\/vieassociative.be\/actualites\/#organization"},"image":{"@id":"https:\/\/vieassociative.be\/actualites\/jai-passe-un-an-a-tester-des-appareils-intelligents-pour-la-maison-et-cest-ce-que-jacheterais-aujourdhui-pour-le-black-friday\/#primaryimage"},"thumbnailUrl":"https:\/\/vieassociative.be\/actualites\/wp-content\/uploads\/2024\/12\/Jai-passe-un-an-a-tester-des-appareils-intelligents-pour.png","keywords":["appareils","aujourdhui","Black","cest","Des","Friday","intelligents","jach\u00e8terais","Jai","maison","passe","pour","tester"],"articleSection":["Technologie"],"inLanguage":"fr-BE"},{"@type":"WebPage","@id":"https:\/\/vieassociative.be\/actualites\/jai-passe-un-an-a-tester-des-appareils-intelligents-pour-la-maison-et-cest-ce-que-jacheterais-aujourdhui-pour-le-black-friday\/","url":"https:\/\/vieassociative.be\/actualites\/jai-passe-un-an-a-tester-des-appareils-intelligents-pour-la-maison-et-cest-ce-que-jacheterais-aujourdhui-pour-le-black-friday\/","name":"J'ai pass\u00e9 un an \u00e0 tester des appareils intelligents pour la maison, et c'est ce que j'ach\u00e8terais aujourd'hui pour le Black Friday | Vie Associative","isPartOf":{"@id":"https:\/\/vieassociative.be\/actualites\/#website"},"primaryImageOfPage":{"@id":"https:\/\/vieassociative.be\/actualites\/jai-passe-un-an-a-tester-des-appareils-intelligents-pour-la-maison-et-cest-ce-que-jacheterais-aujourdhui-pour-le-black-friday\/#primaryimage"},"image":{"@id":"https:\/\/vieassociative.be\/actualites\/jai-passe-un-an-a-tester-des-appareils-intelligents-pour-la-maison-et-cest-ce-que-jacheterais-aujourdhui-pour-le-black-friday\/#primaryimage"},"thumbnailUrl":"https:\/\/vieassociative.be\/actualites\/wp-content\/uploads\/2024\/12\/Jai-passe-un-an-a-tester-des-appareils-intelligents-pour.png","datePublished":"2024-12-02T13:17:54+00:00","dateModified":"2024-12-02T13:17:54+00:00","breadcrumb":{"@id":"https:\/\/vieassociative.be\/actualites\/jai-passe-un-an-a-tester-des-appareils-intelligents-pour-la-maison-et-cest-ce-que-jacheterais-aujourdhui-pour-le-black-friday\/#breadcrumb"},"inLanguage":"fr-BE","potentialAction":[{"@type":"ReadAction","target":["https:\/\/vieassociative.be\/actualites\/jai-passe-un-an-a-tester-des-appareils-intelligents-pour-la-maison-et-cest-ce-que-jacheterais-aujourdhui-pour-le-black-friday\/"]}]},{"@type":"ImageObject","inLanguage":"fr-BE","@id":"https:\/\/vieassociative.be\/actualites\/jai-passe-un-an-a-tester-des-appareils-intelligents-pour-la-maison-et-cest-ce-que-jacheterais-aujourdhui-pour-le-black-friday\/#primaryimage","url":"https:\/\/vieassociative.be\/actualites\/wp-content\/uploads\/2024\/12\/Jai-passe-un-an-a-tester-des-appareils-intelligents-pour.png","contentUrl":"https:\/\/vieassociative.be\/actualites\/wp-content\/uploads\/2024\/12\/Jai-passe-un-an-a-tester-des-appareils-intelligents-pour.png","width":1200,"height":675,"caption":"J'ai pass\u00e9 un an \u00e0 tester des appareils intelligents pour la maison, et c'est ce que j'ach\u00e8terais aujourd'hui pour le Black Friday"},{"@type":"BreadcrumbList","@id":"https:\/\/vieassociative.be\/actualites\/jai-passe-un-an-a-tester-des-appareils-intelligents-pour-la-maison-et-cest-ce-que-jacheterais-aujourdhui-pour-le-black-friday\/#breadcrumb","itemListElement":[{"@type":"ListItem","position":1,"name":"Accueil","item":"https:\/\/vieassociative.be\/actualites\/"},{"@type":"ListItem","position":2,"name":"J&rsquo;ai pass\u00e9 un an \u00e0 tester des appareils intelligents pour la maison, et c&rsquo;est ce que j&rsquo;ach\u00e8terais aujourd&rsquo;hui pour le Black Friday"}]},{"@type":"WebSite","@id":"https:\/\/vieassociative.be\/actualites\/#website","url":"https:\/\/vieassociative.be\/actualites\/","name":"Vie Associative","description":"","publisher":{"@id":"https:\/\/vieassociative.be\/actualites\/#organization"},"potentialAction":[{"@type":"SearchAction","target":{"@type":"EntryPoint","urlTemplate":"https:\/\/vieassociative.be\/actualites\/?s={search_term_string}"},"query-input":{"@type":"PropertyValueSpecification","valueRequired":true,"valueName":"search_term_string"}}],"inLanguage":"fr-BE"},{"@type":"Organization","@id":"https:\/\/vieassociative.be\/actualites\/#organization","name":"Vie Associative","url":"https:\/\/vieassociative.be\/actualites\/","logo":{"@type":"ImageObject","inLanguage":"fr-BE","@id":"https:\/\/vieassociative.be\/actualites\/#\/schema\/logo\/image\/","url":"https:\/\/vieassociative.be\/actualites\/wp-content\/uploads\/2024\/09\/cropped-vieassociative_favicon.ico.png","contentUrl":"https:\/\/vieassociative.be\/actualites\/wp-content\/uploads\/2024\/09\/cropped-vieassociative_favicon.ico.png","width":512,"height":512,"caption":"Vie Associative"},"image":{"@id":"https:\/\/vieassociative.be\/actualites\/#\/schema\/logo\/image\/"}},{"@type":"Person","@id":"https:\/\/vieassociative.be\/actualites\/#\/schema\/person\/b87ac4f82f9d4e7b7cec7395b679edc4","name":"Julien","image":{"@type":"ImageObject","inLanguage":"fr-BE","@id":"https:\/\/vieassociative.be\/actualites\/#\/schema\/person\/image\/","url":"https:\/\/vieassociative.be\/actualites\/wp-content\/uploads\/2024\/09\/vie-associative-1-150x150.jpg","contentUrl":"https:\/\/vieassociative.be\/actualites\/wp-content\/uploads\/2024\/09\/vie-associative-1-150x150.jpg","caption":"Julien"},"description":"Je suis Julien, r\u00e9dacteur pour Vie Associative. Passionn\u00e9 par le monde associatif depuis plus de 10 ans, j'ai \u00e0 c\u0153ur de partager des histoires inspirantes et de mettre en lumi\u00e8re les initiatives locales. Mon objectif est de sensibiliser et d'encourager l'engagement communautaire \u00e0 travers mes articles.","sameAs":["https:\/\/vieassociative.be\/"]}]}},"_links":{"self":[{"href":"https:\/\/vieassociative.be\/actualites\/wp-json\/wp\/v2\/posts\/2986"}],"collection":[{"href":"https:\/\/vieassociative.be\/actualites\/wp-json\/wp\/v2\/posts"}],"about":[{"href":"https:\/\/vieassociative.be\/actualites\/wp-json\/wp\/v2\/types\/post"}],"author":[{"embeddable":true,"href":"https:\/\/vieassociative.be\/actualites\/wp-json\/wp\/v2\/users\/1"}],"replies":[{"embeddable":true,"href":"https:\/\/vieassociative.be\/actualites\/wp-json\/wp\/v2\/comments?post=2986"}],"version-history":[{"count":0,"href":"https:\/\/vieassociative.be\/actualites\/wp-json\/wp\/v2\/posts\/2986\/revisions"}],"wp:featuredmedia":[{"embeddable":true,"href":"https:\/\/vieassociative.be\/actualites\/wp-json\/wp\/v2\/media\/2987"}],"wp:attachment":[{"href":"https:\/\/vieassociative.be\/actualites\/wp-json\/wp\/v2\/media?parent=2986"}],"wp:term":[{"taxonomy":"category","embeddable":true,"href":"https:\/\/vieassociative.be\/actualites\/wp-json\/wp\/v2\/categories?post=2986"},{"taxonomy":"post_tag","embeddable":true,"href":"https:\/\/vieassociative.be\/actualites\/wp-json\/wp\/v2\/tags?post=2986"}],"curies":[{"name":"wp","href":"https:\/\/api.w.org\/{rel}","templated":true}]}}