{"id":2978,"date":"2024-12-02T07:17:07","date_gmt":"2024-12-02T06:17:07","guid":{"rendered":"https:\/\/vieassociative.be\/actualites\/13-films-dart-que-vos-enfants-aimeront-reellement\/"},"modified":"2024-12-02T07:17:07","modified_gmt":"2024-12-02T06:17:07","slug":"13-films-dart-que-vos-enfants-aimeront-reellement","status":"publish","type":"post","link":"https:\/\/vieassociative.be\/actualites\/13-films-dart-que-vos-enfants-aimeront-reellement\/","title":{"rendered":"13 \u00ab\u00a0Films d&rsquo;art\u00a0\u00bb que vos enfants aimeront r\u00e9ellement"},"content":{"rendered":"<div class=\"mt-4 leading-6 md:mb-8\">Partagez ces films intellectuels sans ennuis avec les snobs du cin\u00e9ma de demain.<\/div>\n<p><\/p>\n<p>Que doit faire un parent cin\u00e9phile pour inspirer \u00e0 son enfant un v\u00e9ritable amour du cin\u00e9ma de qualit\u00e9\u00a0? Je parle de classiques d&rsquo;art et d&rsquo;essai, de films \u00e9trangers, de films sans franchise, etc. <\/p>\n<p>N&rsquo;avoir pas d&rsquo;enfants : je n&rsquo;en ai aucune id\u00e9e, mais la r\u00e9ponse semble tr\u00e8s souvent \u00eatre \u00ab abandonner \u00bb. Vous ne leur ferez jamais aimer ce que vous voulez qu\u2019ils aiment\u00a0; essayer de le forcer peut les repousser plus loin. Souvent, les enfants ont besoin de d\u00e9couvrir leurs propres go\u00fbts. <\/p>\n<p>Pourtant, mon exp\u00e9rience en \u00e9ducation me dit que si vous ne pouvez pas forcer les enfants \u00e0 appr\u00e9cier les belles choses, vous pouvez <em>diriger<\/em> dans la bonne direction, \u00e0 condition que vous le fassiez avec subtilit\u00e9 et en sachant avec certitude que les graines que vous plantez pourraient ne pas porter de fruits avant des ann\u00e9es. Une bonne fa\u00e7on de commencer est de leur montrer des films \u00ab artistiques \u00bb qui pourraient r\u00e9ellement leur plaire. <\/p>\n<p>Je ne dirais jamais que tous les enfants aimeront tous (ou n\u2019importe lequel) des films que vous trouverez ci-dessous \u2013 beaucoup d\u2019entre eux impliquent la lecture de sous-titres, d\u2019une part, ce qui pourrait \u00eatre un facteur d\u00e9cisif ; d\u2019autres pousseront leur capacit\u00e9 d\u2019attention jusqu\u2019au point de rupture. Mais ils sont tous adapt\u00e9s aux familles et, au moins en th\u00e9orie, divertissants pour les enfants dispos\u00e9s \u00e0 regarder autre chose que la derni\u00e8re offre Pixar (m\u00eame s&rsquo;il n&rsquo;y a rien de mal \u00e0 cela). <\/p>\n<hr>\n<h2 id=\"playtime-1967\"><em>R\u00e9cr\u00e9ation<\/em> (1967)<\/h2>\n<div class=\"mx-auto mt-8 w-full max-w-4xl\">\n<div id=\"video-container-zrYB8hgyq4s\"><\/div>\n<\/div>\n<p>Jacques Tati r\u00e9alise et joue dans le troisi\u00e8me, et sans doute le plus appr\u00e9ci\u00e9 des quatre films mettant en vedette sa cr\u00e9ation maladroite, Monsieur Hulot. Ici, il entre et sort d&rsquo;une s\u00e9rie de d\u00e9cors incroyablement \u00e9labor\u00e9s dans un Paris hyper-moderne (tel que con\u00e7u en 1967), plein de distractions et de frustrations profond\u00e9ment idiotes, tout en servant \u00e9galement de morceaux de satire pointus et toujours d&rsquo;actualit\u00e9. . Il est difficile de ne pas aimer l&rsquo;inoffensif Hulot, et ses aventures \u00e0 travers un monde un peu trop bruyant, un peu trop d\u00e9routant, et qui ne semble pas toujours le remarquer jusqu&rsquo;\u00e0 ce qu&rsquo;il enfreigne une r\u00e8gle dont il ne connaissait m\u00eame pas l&rsquo;existence. sera au moins aussi pertinent pour les enfants que pour les adultes. <strong>Vous pouvez diffuser <em>R\u00e9cr\u00e9ation<\/em> sur The Criterion Channel ou louez-le sur Prime Video<\/strong><strong>.<\/strong><\/p>\n<hr>\n<h2 id=\"dreams-1990\"><em>R\u00eaves<\/em> (1990)<\/h2>\n<div class=\"mx-auto mt-8 w-full max-w-4xl\">\n<div id=\"video-container-YKeXb33eE-w\"><\/div>\n<\/div>\n<p>Le premier Akira Kurosawa de b\u00e9b\u00e9 ? L&rsquo;un des derniers films du grand r\u00e9alisateur japonais, <em>R\u00eaves<\/em> (comme son titre pourrait l&rsquo;impliquer) n&rsquo;est pas un r\u00e9cit singulier mais est compos\u00e9 d&rsquo;une s\u00e9rie de huit vignettes, chacune d&rsquo;entre elles pr\u00e9sentant un personnage tr\u00e8s proche du r\u00e9alisateur lui-m\u00eame voyageant \u00e0 travers diff\u00e9rents mondes oniriques. Tour \u00e0 tour poignants, \u00e9mouvants, dr\u00f4les et effrayants, les segments mettent en sc\u00e8ne des renards qu&rsquo;il faut apaiser (n&rsquo;espionnez pas un mariage de renards si vous ne voulez pas d&rsquo;ennuis), des poup\u00e9es vivantes, un esprit vengeur et un tableau de Van Gogh qui prennent vie. . <strong>Vous pouvez louer <em>R\u00eaves<\/em> de Prime Vid\u00e9o<\/strong><strong>.<\/strong><\/p>\n<hr>\n<h2 id=\"the-cave-of-the-yellow-dog-2005\"><em>La Grotte du Chien Jaune <\/em>(2005)<\/h2>\n<div class=\"mx-auto mt-8 w-full max-w-4xl\">\n<div id=\"video-container-6RZlpZCzA3U\"><\/div>\n<\/div>\n<p>Une fable douce et douce de Mongolie suit Nansal, qui rentre du pensionnat dans sa famille d&rsquo;\u00e9leveurs. Elle rencontre un chiot qu&rsquo;elle surnomme Zochor (qui signifie \u00ab Spot \u00bb) dans une grotte et d\u00e9cide de ramener le mignon chien \u00e0 la maison dans la yourte de sa famille. Pour toutes sortes de raisons pratiques, son p\u00e8re est totalement oppos\u00e9 \u00e0 l\u2019id\u00e9e de le garder \u2013 naturellement, Nansal h\u00e9site \u00e0 c\u00e9der. Ce n&rsquo;est pas seulement l&rsquo;histoire d&rsquo;un p\u00e8re m\u00e9chant qui ne laisse pas son enfant avoir un chiot, car les inqui\u00e9tudes du p\u00e8re de Nansal sont fond\u00e9es. Ce n\u2019est pas non plus l\u2019histoire d\u2019un enfant qui apprend \u00e0 vivre sans. La fille et le chien ont tous deux des le\u00e7ons \u00e0 apprendre avant la fin, et les r\u00e9sultats sont tr\u00e8s satisfaisants. <strong>Vous pouvez diffuser <em>La Grotte du Chien Jaune<\/em> sur Tubi<\/strong><strong>  et sur la cha\u00eene YouTube de Kino Lorber<\/strong><strong>.<\/strong><\/p>\n<hr>\n<h2 id=\"the-tales-of-hoffmann-1951\"><em>Les Contes d&rsquo;Hoffmann<\/em> (1951)<\/h2>\n<div class=\"mx-auto mt-8 w-full max-w-4xl\">\n<div id=\"video-container-HN82DTbamkA\"><\/div>\n<\/div>\n<p>Un autre film d&rsquo;anthologie, peut-\u00eatre bien adapt\u00e9 aux enfants qui pourraient avoir du mal avec un r\u00e9cit plus long, celui-ci vient de Michael Powell et Emeric Pressburger, l&rsquo;\u00e9quipe de r\u00e9alisation britannique derri\u00e8re certains des films les plus incroyablement riches jamais r\u00e9alis\u00e9s (je pourrais recommander aux enfants d&rsquo;attendre sur des films plus sensuels comme <em>Les chaussures rouges<\/em> ou <em>Narcisse noir<\/em> jusqu&rsquo;\u00e0 ce qu&rsquo;ils soient un peu plus \u00e2g\u00e9s). Bas\u00e9 sur les histoires de l&rsquo;auteur allemand ETA Hoffmann (dont l&rsquo;\u0153uvre est \u00e9galement \u00e0 la base du ballet de Tcha\u00efkovski <em>Le Casse-Noisette<\/em>), ce film utilisant Hoffman racontant des histoires de ses amours perdues dans une taverne comme dispositif de cadrage. Parmi ces amours se trouvent un automate, une courtisane voleuse de reflets et une soprano oblig\u00e9e de chanter contre sa volont\u00e9. Avec des \u00e9l\u00e9ments de danse et d&rsquo;op\u00e9ra partout, c&rsquo;est une introduction non seulement au cin\u00e9ma classique mais aussi \u00e0 plusieurs mondes de l&rsquo;art \u00e0 la fois. <strong>Vous pouvez diffuser <em>Les Contes d&rsquo;Hoffmann<\/em> sur Plex<\/strong><strong>.<\/strong><\/p>\n<hr>\n<h2 id=\"good-morning-1959\"><em>Bonjour<\/em> (1959)<\/h2>\n<div class=\"mx-auto mt-8 w-full max-w-4xl\">\n<div id=\"video-container-43gHCJe1OcU\"><\/div>\n<\/div>\n<p>Le r\u00e9alisateur japonais Yasujir\u014d Ozu \u00e9tait surtout connu pour ses drames, dont <em>Histoire de Tokyo,<\/em> souvent cit\u00e9 (\u00e0 juste titre) comme l\u2019un des plus grands films jamais r\u00e9alis\u00e9s. <em>Bonjour<\/em> n&rsquo;a pas vraiment ce genre de r\u00e9putation, mais c&rsquo;est une d\u00e9licieuse com\u00e9die de fin de carri\u00e8re du r\u00e9alisateur satirisant la vie de banlieue au Japon des ann\u00e9es 1950. Il y a quelques intrigues secondaires \u00e0 noter, mais au c\u0153ur se trouve un groupe de jeunes \u00e9tudiants qui passent presque tout le film \u00e0 essayer de convaincre leurs parents d&rsquo;acheter un t\u00e9l\u00e9viseur. Qui ne peut pas comprendre ? (Eh bien, d&rsquo;accord, peut-\u00eatre pas une t\u00e9l\u00e9vision, mais tous les enfants veulent quelque chose pour lequel leurs parents ne veulent pas d\u00e9bourser.) <strong>Vous pouvez diffuser <em>Bonjour<\/em> sur Max<\/strong><strong>The Criterion Channel et Tubi, ou louez-le sur Prime Video<\/strong><strong>.<\/strong><\/p>\n<hr>\n<h2 id=\"the-red-balloon-1956\"><em>Le ballon rouge<\/em> (1956)<\/h2>\n<div class=\"mx-auto mt-8 w-full max-w-4xl\">\n<div id=\"video-container-KorAPe9TV7E\"><\/div>\n<\/div>\n<p>D&rsquo;une dur\u00e9e d&rsquo;un peu plus de 30 minutes, l&rsquo;histoire d&rsquo;Albert Lamorisse sur un enfant poursuivant le ballon titulaire est d\u00e9licieuse, m\u00eame pour les plus jeunes. Le fils du r\u00e9alisateur incarne Pascal, un jeune gar\u00e7on qui rencontre un ballon g\u00e9ant \u00e0 l&rsquo;h\u00e9lium sur le chemin de l&rsquo;\u00e9cole et se lie d&rsquo;amiti\u00e9 comme on pourrait se lier avec un chiot pr\u00e9coce. Et, comme un chiot, le ballon est fid\u00e8le mais ne fait pas toujours ce qu&rsquo;il devrait, ce qui cause des ennuis \u00e0 Pascal et suscite la jalousie de certains tyrans locaux. Un peu de drame au point culminant c\u00e8de la place \u00e0 une finale magnifiquement \u00e9difiante. <strong>Vous pouvez diffuser <em>Le ballon rouge<\/em> sur Max<\/strong><strong>  et The Criterion Channel, ou louez-le sur Prime Video<\/strong><strong>.<\/strong><\/p>\n<hr>\n<h2 id=\"whale-rider-2002\"><em>Cavalier de baleine<\/em> (2002)<\/h2>\n<div class=\"mx-auto mt-8 w-full max-w-4xl\">\n<div id=\"video-container-QDiPBjk8fAA\"><\/div>\n<\/div>\n<p>Keisha Castle-Hughes, 13 ans, est devenue, pendant un certain temps, la plus jeune nomin\u00e9e pour la meilleure actrice de l&rsquo;histoire de l&rsquo;Oscar pour son r\u00f4le principal ici &#8211; certainement une anecdote inspirante \u00e0 partager avec vos enfants, du moins s&rsquo;ils s&rsquo;en soucient un tout petit peu. \u00e0 propos des Oscars. Le film raconte l&rsquo;histoire de Paikea Apirana, une descendante du traditionnel Whale Rider de son peuple, et donc en lice pour diriger la tribu, si seulement elle n&rsquo;\u00e9tait pas une fille. Raisonnablement respectueux et pr\u00e9cis en ce qui concerne la vie et les traditions maories modernes (du moins c&rsquo;est ce qu&rsquo;on me dit), c&rsquo;est en fin de compte un film \u00e9difiant qui honore le d\u00e9sir de Pai de renverser la tradition pour revendiquer ce qu&rsquo;elle croit \u00eatre son droit tout en ne m\u00e9chants pas ceux qui luttent pour rompre. le pass\u00e9. Pensez-y une fois que les enfants auront fini de regarder <em>Moana.<\/em> <strong>Vous pouvez diffuser <em>Cavalier de baleine<\/em> sur Tubi et Kanopy ou louez-le sur Prime Video<\/strong><strong>.<\/strong><\/p>\n<hr>\n<h2 id=\"ernest-amp-celestine-2012\"><em>Ernest et C\u00e9lestine<\/em> (2012)<\/h2>\n<div class=\"mx-auto mt-8 w-full max-w-4xl\">\n<div id=\"video-container-UJ1rmOYLr2U\"><\/div>\n<\/div>\n<p>Sauf qu&rsquo;il est en fran\u00e7ais, celui-ci pourrait \u00eatre moins difficile \u00e0 vendre pour les enfants, dans la mesure o\u00f9 il s&rsquo;agit d&rsquo;un joli dessin anim\u00e9 sur un ours et une souris qui deviennent amis \u00e0 la suite d&rsquo;un vol de bonbons qui a mal tourn\u00e9. C&rsquo;est magnifiquement anim\u00e9 et merveilleusement idiosyncrasique : les ours et les souris sont s\u00e9par\u00e9s par les pr\u00e9jug\u00e9s et la peur dans le monde du film, et les souris \u00e9tudient g\u00e9n\u00e9ralement pour leur carri\u00e8re en dentisterie en collectant des dents d&rsquo;oursons abandonn\u00e9es. Bien s\u00fbr. Il a obtenu une nomination pour le meilleur long m\u00e9trage d&rsquo;animation aux Oscars de l&rsquo;ann\u00e9e, et aurait pu gagner sans <em>Congel\u00e9<\/em>. <strong>Vous pouvez diffuser <em>Ernest et C\u00e9lestine<\/em> sur Tubi<\/strong><strong>. <\/strong><\/p>\n<hr>\n<h2 id=\"wallay-2017\"><em>Wallay<\/em> (2017)<\/h2>\n<div class=\"mx-auto mt-8 w-full max-w-4xl\">\n<div id=\"video-container-VsosQ84vPI8\"><\/div>\n<\/div>\n<p>Ady (Makan Nathan Diarra), 13 ans, devient une poign\u00e9e de main pour son p\u00e8re c\u00e9libataire vivant dans le sud de la France. Il est donc envoy\u00e9 passer du temps avec son oncle Amadou dans un petit village du Burkina Faso pour l&rsquo;\u00e9t\u00e9. Ady pense qu&rsquo;il n&rsquo;est l\u00e0 que pour quelques vacances, mais son oncle et son p\u00e8re ont quelque chose \u00e0 beaucoup plus long terme en t\u00eate. Bien que son ton soit relativement l\u00e9ger, il s\u2019agit d\u2019une vision intelligente des conflits de cultures et du va-et-vient de la tradition et de la modernit\u00e9. Ni Ady ni son oncle Amadou n\u2019ont l\u2019intention d\u2019abandonner, la question de la circoncision traditionnelle de passage \u00e0 l\u2019\u00e2ge adulte \u00e9tant, sans surprise, le plus grand des nombreux points de friction. <strong>Vous pouvez louer <em>Wallay<\/em> de Prime Vid\u00e9o<\/strong><strong>.<\/strong><\/p>\n<hr>\n<h2 id=\"the-young-girls-of-rochefort-1967\"><em>Les Jeunes Filles de Rochefort<\/em> (1967)<\/h2>\n<div class=\"mx-auto mt-8 w-full max-w-4xl\">\n<div id=\"video-container-vZFK8svwtxA\"><\/div>\n<\/div>\n<p>La com\u00e9die musicale pr\u00e9c\u00e9dente de Jacques Demy <em>Les Parapluies de Cherbourg<\/em> est magnifique et amusant, mais plein d&rsquo;ennui romantique auquel les enfants pourraient ne pas r\u00e9pondre. <em>Les Jeunes Filles de Rochefort<\/em>en revanche, est une confiserie de couleur bonbon un peu plus inspirante. Un professeur de danse et un professeur de musique \u2013 les jumelles Delphine et Solange (les vraies s\u0153urs Catherine Deneuve et Fran\u00e7oise Dorl\u00e9ac) \u2013 vivent dans une petite ville mais aspirent \u00e0 go\u00fbter \u00e0 la vie de la grande ville. Lorsque la foire arrive en ville, ils ont un avant-go\u00fbt du glamour des stars de cin\u00e9ma et une chance de s&rsquo;\u00e9vader dans un monde plus vaste. Les enfants peuvent comprendre, j&rsquo;en suis s\u00fbr. <strong>Vous pouvez diffuser <em>Les Jeunes Filles de Rochefort<\/em> sur Max<\/strong><strong>  et The Criterion Channel ou louez-le sur Prime Video<\/strong><strong>.<\/strong><\/p>\n<hr>\n<h2 id=\"petite-maman-2021\"><em>Petite Maman<\/em> (2021)<\/h2>\n<div class=\"mx-auto mt-8 w-full max-w-4xl\">\n<div id=\"video-container-iavDAuCkQEE\"><\/div>\n<\/div>\n<p>Un peu plus lourd dans ses th\u00e8mes que certains de ces autres, <em>Petite Maman<\/em> (\u00ab\u00a0Petite M\u00e8re\u00a0\u00bb) n&rsquo;en reste pas moins une fantaisie d&rsquo;enfance parfaitement r\u00e9alis\u00e9e, utilisant la mort d&rsquo;une grand-m\u00e8re bien-aim\u00e9e comme point de d\u00e9part pour explorer le deuil, mais aussi les relations familiales et la persistance de l&rsquo;amour. Un voyage pour nettoyer la maison de sa d\u00e9funte grand-m\u00e8re met \u00e0 rude \u00e9preuve la relation entre Nelly, huit ans, et sa m\u00e8re Marion, mais il se passe quelque chose de plus intrigant : Nelly rencontre une fille dans les bois qui, elle se rend compte, a \u00e9norm\u00e9ment de points communs avec sa m\u00e8re quand elle \u00e9tait jeune. A travers une s\u00e9rie d&rsquo;aventures, elle parvient \u00e0 mieux comprendre sa m\u00e8re, et aussi \u00e0 dire au revoir \u00e0 sa grand-m\u00e8re les adieux qu&rsquo;elle n&rsquo;avait pas pu faire de son vivant. <strong>Vous pouvez diffuser <em>Petite Maman<\/em> sur Kanopy ou louez-le sur Prime Video<\/strong><strong>.<\/strong><\/p>\n<hr>\n<h2 id=\"white-mane-1953\"><em>Crini\u00e8re blanche<\/em> (1953)<\/h2>\n<div class=\"mx-auto mt-8 w-full max-w-4xl\">\n<div id=\"video-container-VMhny7VDKAI\"><\/div>\n<\/div>\n<p>C&rsquo;est court (47 minutes) et il y a des chevaux. Pour un certain type d\u2019enfant (et un certain type d\u2019adulte), ce sera une formule gagnante. Albert Lamorisse (dont vous vous souviendrez de <em>Le ballon rouge<\/em>) raconte l&rsquo;histoire d&rsquo;un gar\u00e7on des marais de la c\u00f4te fran\u00e7aise qui passe un accord avec des \u00e9leveurs locaux : il peut avoir le bel \u00e9talon blanc presque indomptable du titre, si seulement il peut l&rsquo;attraper. Il s&rsquo;av\u00e8re que le jeune Folco ne peut pas non plus \u00eatre apprivois\u00e9, et lui et le cheval finissent par devenir des \u00e2mes s\u0153urs. <strong>Vous pouvez diffuser <em>Crini\u00e8re blanche<\/em> sur la cha\u00eene Criterion<\/strong><strong>.<\/strong><\/p>\n<hr>\n<h2 id=\"breakfast-with-scot-2007\"><em>Petit-d\u00e9jeuner \u00e9cossais<\/em> (2007)<\/h2>\n<div class=\"mx-auto mt-8 w-full max-w-4xl\">\n<div id=\"video-container-pCNXpvcuwag\"><\/div>\n<\/div>\n<p>Un enfant am\u00e9ricain anglophone pourrait s&rsquo;initier au cin\u00e9ma \u00e9tranger en effectuant un rapide voyage au Canada en <em>Petit-d\u00e9jeuner \u00e9cossais<\/em>un film familial mignon et dr\u00f4le sur l&rsquo;amour et l&rsquo;acceptation. L&rsquo;animateur sportif Eric (Tom Cavanagh) m\u00e8ne une vie ferm\u00e9e, mais g\u00e9n\u00e9ralement satisfaite, avec son partenaire Sam lorsque les deux sont appel\u00e9s \u00e0 accueillir le beau-fils du fr\u00e8re de Sam, Scot (Noah Bernett). L&rsquo;enfant d\u00e9fie imm\u00e9diatement le couple avec son style vestimentaire strictement non traditionnel et ses passe-temps qui remettent en question les r\u00f4les de genre typiques. Alors que Scot menace le d\u00e9sir d&rsquo;Eric et Sam de rester dans le placard, ils tentent de l&rsquo;orienter vers des fa\u00e7ons d&rsquo;agir et de s&rsquo;habiller plus st\u00e9r\u00e9otyp\u00e9es, avant de r\u00e9aliser le mal qu&rsquo;ils causent en ne permettant pas \u00e0 Scot d&rsquo;\u00eatre lui-m\u00eame. <strong>Vous pouvez diffuser Breakfast with Scot sur Tubi et Here TV ou le louer sur Prime Video<\/strong><strong>. <\/strong> <\/p>\n","protected":false},"excerpt":{"rendered":"<p>Partagez ces films intellectuels sans ennuis avec les snobs du cin\u00e9ma de demain. Que doit faire un parent cin\u00e9phile pour inspirer \u00e0 son enfant un<\/p>\n","protected":false},"author":1,"featured_media":2979,"comment_status":"","ping_status":"","sticky":false,"template":"","format":"standard","meta":{"footnotes":""},"categories":[36],"tags":[3691,3690,324,102,85,27],"class_list":["post-2978","post","type-post","status-publish","format-standard","has-post-thumbnail","hentry","category-divertissement","tag-aimeront","tag-dart","tag-enfants","tag-films","tag-reellement","tag-vos","generate-columns","tablet-grid-50","mobile-grid-100","grid-parent","grid-33"],"yoast_head":"<!-- This site is optimized with the Yoast SEO plugin v24.0 - https:\/\/yoast.com\/wordpress\/plugins\/seo\/ -->\n<title>13 \u00ab\u00a0Films d&#039;art\u00a0\u00bb que vos enfants aimeront r\u00e9ellement | Vie Associative<\/title>\n<meta name=\"robots\" content=\"index, follow, max-snippet:-1, max-image-preview:large, max-video-preview:-1\" \/>\n<link rel=\"canonical\" href=\"https:\/\/vieassociative.be\/actualites\/13-films-dart-que-vos-enfants-aimeront-reellement\/\" \/>\n<meta property=\"og:locale\" content=\"fr_FR\" \/>\n<meta property=\"og:type\" content=\"article\" \/>\n<meta property=\"og:title\" content=\"13 \u00ab\u00a0Films d&#039;art\u00a0\u00bb que vos enfants aimeront r\u00e9ellement | Vie Associative\" \/>\n<meta property=\"og:description\" content=\"Partagez ces films intellectuels sans ennuis avec les snobs du cin\u00e9ma de demain. Que doit faire un parent cin\u00e9phile pour inspirer \u00e0 son enfant un\" \/>\n<meta property=\"og:url\" content=\"https:\/\/vieassociative.be\/actualites\/13-films-dart-que-vos-enfants-aimeront-reellement\/\" \/>\n<meta property=\"og:site_name\" content=\"Vie Associative\" \/>\n<meta property=\"article:published_time\" content=\"2024-12-02T06:17:07+00:00\" \/>\n<meta property=\"og:image\" content=\"https:\/\/vieassociative.be\/actualites\/wp-content\/uploads\/2024\/09\/header_backgroundk-01-e1726694325946.png\" \/>\n\t<meta property=\"og:image:width\" content=\"279\" \/>\n\t<meta property=\"og:image:height\" content=\"92\" \/>\n\t<meta property=\"og:image:type\" content=\"image\/png\" \/>\n<meta name=\"author\" content=\"Julien\" \/>\n<meta name=\"twitter:card\" content=\"summary_large_image\" \/>\n<meta name=\"twitter:label1\" content=\"\u00c9crit par\" \/>\n\t<meta name=\"twitter:data1\" content=\"Julien\" \/>\n\t<meta name=\"twitter:label2\" content=\"Dur\u00e9e de lecture est.\" \/>\n\t<meta name=\"twitter:data2\" content=\"11 minutes\" \/>\n<script type=\"application\/ld+json\" class=\"yoast-schema-graph\">{\"@context\":\"https:\/\/schema.org\",\"@graph\":[{\"@type\":\"Article\",\"@id\":\"https:\/\/vieassociative.be\/actualites\/13-films-dart-que-vos-enfants-aimeront-reellement\/#article\",\"isPartOf\":{\"@id\":\"https:\/\/vieassociative.be\/actualites\/13-films-dart-que-vos-enfants-aimeront-reellement\/\"},\"author\":{\"name\":\"Julien\",\"@id\":\"https:\/\/vieassociative.be\/actualites\/#\/schema\/person\/b87ac4f82f9d4e7b7cec7395b679edc4\"},\"headline\":\"13 \u00ab\u00a0Films d&rsquo;art\u00a0\u00bb que vos enfants aimeront r\u00e9ellement\",\"datePublished\":\"2024-12-02T06:17:07+00:00\",\"dateModified\":\"2024-12-02T06:17:07+00:00\",\"mainEntityOfPage\":{\"@id\":\"https:\/\/vieassociative.be\/actualites\/13-films-dart-que-vos-enfants-aimeront-reellement\/\"},\"wordCount\":2284,\"publisher\":{\"@id\":\"https:\/\/vieassociative.be\/actualites\/#organization\"},\"image\":{\"@id\":\"https:\/\/vieassociative.be\/actualites\/13-films-dart-que-vos-enfants-aimeront-reellement\/#primaryimage\"},\"thumbnailUrl\":\"https:\/\/vieassociative.be\/actualites\/wp-content\/uploads\/2024\/12\/13-Films-dart-que-vos-enfants-aimeront-reellement.jpg\",\"keywords\":[\"aimeront\",\"dart\",\"enfants\",\"films\",\"r\u00e9ellement\",\"vos\"],\"articleSection\":[\"Divertissement\"],\"inLanguage\":\"fr-BE\"},{\"@type\":\"WebPage\",\"@id\":\"https:\/\/vieassociative.be\/actualites\/13-films-dart-que-vos-enfants-aimeront-reellement\/\",\"url\":\"https:\/\/vieassociative.be\/actualites\/13-films-dart-que-vos-enfants-aimeront-reellement\/\",\"name\":\"13 \u00ab\u00a0Films d'art\u00a0\u00bb que vos enfants aimeront r\u00e9ellement | Vie Associative\",\"isPartOf\":{\"@id\":\"https:\/\/vieassociative.be\/actualites\/#website\"},\"primaryImageOfPage\":{\"@id\":\"https:\/\/vieassociative.be\/actualites\/13-films-dart-que-vos-enfants-aimeront-reellement\/#primaryimage\"},\"image\":{\"@id\":\"https:\/\/vieassociative.be\/actualites\/13-films-dart-que-vos-enfants-aimeront-reellement\/#primaryimage\"},\"thumbnailUrl\":\"https:\/\/vieassociative.be\/actualites\/wp-content\/uploads\/2024\/12\/13-Films-dart-que-vos-enfants-aimeront-reellement.jpg\",\"datePublished\":\"2024-12-02T06:17:07+00:00\",\"dateModified\":\"2024-12-02T06:17:07+00:00\",\"breadcrumb\":{\"@id\":\"https:\/\/vieassociative.be\/actualites\/13-films-dart-que-vos-enfants-aimeront-reellement\/#breadcrumb\"},\"inLanguage\":\"fr-BE\",\"potentialAction\":[{\"@type\":\"ReadAction\",\"target\":[\"https:\/\/vieassociative.be\/actualites\/13-films-dart-que-vos-enfants-aimeront-reellement\/\"]}]},{\"@type\":\"ImageObject\",\"inLanguage\":\"fr-BE\",\"@id\":\"https:\/\/vieassociative.be\/actualites\/13-films-dart-que-vos-enfants-aimeront-reellement\/#primaryimage\",\"url\":\"https:\/\/vieassociative.be\/actualites\/wp-content\/uploads\/2024\/12\/13-Films-dart-que-vos-enfants-aimeront-reellement.jpg\",\"contentUrl\":\"https:\/\/vieassociative.be\/actualites\/wp-content\/uploads\/2024\/12\/13-Films-dart-que-vos-enfants-aimeront-reellement.jpg\",\"width\":1200,\"height\":675,\"caption\":\"13 \u00ab\u00a0Films d'art\u00a0\u00bb que vos enfants aimeront r\u00e9ellement\"},{\"@type\":\"BreadcrumbList\",\"@id\":\"https:\/\/vieassociative.be\/actualites\/13-films-dart-que-vos-enfants-aimeront-reellement\/#breadcrumb\",\"itemListElement\":[{\"@type\":\"ListItem\",\"position\":1,\"name\":\"Accueil\",\"item\":\"https:\/\/vieassociative.be\/actualites\/\"},{\"@type\":\"ListItem\",\"position\":2,\"name\":\"13 \u00ab\u00a0Films d&rsquo;art\u00a0\u00bb que vos enfants aimeront r\u00e9ellement\"}]},{\"@type\":\"WebSite\",\"@id\":\"https:\/\/vieassociative.be\/actualites\/#website\",\"url\":\"https:\/\/vieassociative.be\/actualites\/\",\"name\":\"Vie Associative\",\"description\":\"\",\"publisher\":{\"@id\":\"https:\/\/vieassociative.be\/actualites\/#organization\"},\"potentialAction\":[{\"@type\":\"SearchAction\",\"target\":{\"@type\":\"EntryPoint\",\"urlTemplate\":\"https:\/\/vieassociative.be\/actualites\/?s={search_term_string}\"},\"query-input\":{\"@type\":\"PropertyValueSpecification\",\"valueRequired\":true,\"valueName\":\"search_term_string\"}}],\"inLanguage\":\"fr-BE\"},{\"@type\":\"Organization\",\"@id\":\"https:\/\/vieassociative.be\/actualites\/#organization\",\"name\":\"Vie Associative\",\"url\":\"https:\/\/vieassociative.be\/actualites\/\",\"logo\":{\"@type\":\"ImageObject\",\"inLanguage\":\"fr-BE\",\"@id\":\"https:\/\/vieassociative.be\/actualites\/#\/schema\/logo\/image\/\",\"url\":\"https:\/\/vieassociative.be\/actualites\/wp-content\/uploads\/2024\/09\/cropped-vieassociative_favicon.ico.png\",\"contentUrl\":\"https:\/\/vieassociative.be\/actualites\/wp-content\/uploads\/2024\/09\/cropped-vieassociative_favicon.ico.png\",\"width\":512,\"height\":512,\"caption\":\"Vie Associative\"},\"image\":{\"@id\":\"https:\/\/vieassociative.be\/actualites\/#\/schema\/logo\/image\/\"}},{\"@type\":\"Person\",\"@id\":\"https:\/\/vieassociative.be\/actualites\/#\/schema\/person\/b87ac4f82f9d4e7b7cec7395b679edc4\",\"name\":\"Julien\",\"image\":{\"@type\":\"ImageObject\",\"inLanguage\":\"fr-BE\",\"@id\":\"https:\/\/vieassociative.be\/actualites\/#\/schema\/person\/image\/\",\"url\":\"https:\/\/vieassociative.be\/actualites\/wp-content\/uploads\/2024\/09\/vie-associative-1-150x150.jpg\",\"contentUrl\":\"https:\/\/vieassociative.be\/actualites\/wp-content\/uploads\/2024\/09\/vie-associative-1-150x150.jpg\",\"caption\":\"Julien\"},\"description\":\"Je suis Julien, r\u00e9dacteur pour Vie Associative. Passionn\u00e9 par le monde associatif depuis plus de 10 ans, j'ai \u00e0 c\u0153ur de partager des histoires inspirantes et de mettre en lumi\u00e8re les initiatives locales. Mon objectif est de sensibiliser et d'encourager l'engagement communautaire \u00e0 travers mes articles.\",\"sameAs\":[\"https:\/\/vieassociative.be\/\"]}]}<\/script>\n<!-- \/ Yoast SEO plugin. -->","yoast_head_json":{"title":"13 \u00ab\u00a0Films d'art\u00a0\u00bb que vos enfants aimeront r\u00e9ellement | Vie Associative","robots":{"index":"index","follow":"follow","max-snippet":"max-snippet:-1","max-image-preview":"max-image-preview:large","max-video-preview":"max-video-preview:-1"},"canonical":"https:\/\/vieassociative.be\/actualites\/13-films-dart-que-vos-enfants-aimeront-reellement\/","og_locale":"fr_FR","og_type":"article","og_title":"13 \u00ab\u00a0Films d'art\u00a0\u00bb que vos enfants aimeront r\u00e9ellement | Vie Associative","og_description":"Partagez ces films intellectuels sans ennuis avec les snobs du cin\u00e9ma de demain. Que doit faire un parent cin\u00e9phile pour inspirer \u00e0 son enfant un","og_url":"https:\/\/vieassociative.be\/actualites\/13-films-dart-que-vos-enfants-aimeront-reellement\/","og_site_name":"Vie Associative","article_published_time":"2024-12-02T06:17:07+00:00","og_image":[{"width":279,"height":92,"url":"https:\/\/vieassociative.be\/actualites\/wp-content\/uploads\/2024\/09\/header_backgroundk-01-e1726694325946.png","type":"image\/png"}],"author":"Julien","twitter_card":"summary_large_image","twitter_misc":{"\u00c9crit par":"Julien","Dur\u00e9e de lecture est.":"11 minutes"},"schema":{"@context":"https:\/\/schema.org","@graph":[{"@type":"Article","@id":"https:\/\/vieassociative.be\/actualites\/13-films-dart-que-vos-enfants-aimeront-reellement\/#article","isPartOf":{"@id":"https:\/\/vieassociative.be\/actualites\/13-films-dart-que-vos-enfants-aimeront-reellement\/"},"author":{"name":"Julien","@id":"https:\/\/vieassociative.be\/actualites\/#\/schema\/person\/b87ac4f82f9d4e7b7cec7395b679edc4"},"headline":"13 \u00ab\u00a0Films d&rsquo;art\u00a0\u00bb que vos enfants aimeront r\u00e9ellement","datePublished":"2024-12-02T06:17:07+00:00","dateModified":"2024-12-02T06:17:07+00:00","mainEntityOfPage":{"@id":"https:\/\/vieassociative.be\/actualites\/13-films-dart-que-vos-enfants-aimeront-reellement\/"},"wordCount":2284,"publisher":{"@id":"https:\/\/vieassociative.be\/actualites\/#organization"},"image":{"@id":"https:\/\/vieassociative.be\/actualites\/13-films-dart-que-vos-enfants-aimeront-reellement\/#primaryimage"},"thumbnailUrl":"https:\/\/vieassociative.be\/actualites\/wp-content\/uploads\/2024\/12\/13-Films-dart-que-vos-enfants-aimeront-reellement.jpg","keywords":["aimeront","dart","enfants","films","r\u00e9ellement","vos"],"articleSection":["Divertissement"],"inLanguage":"fr-BE"},{"@type":"WebPage","@id":"https:\/\/vieassociative.be\/actualites\/13-films-dart-que-vos-enfants-aimeront-reellement\/","url":"https:\/\/vieassociative.be\/actualites\/13-films-dart-que-vos-enfants-aimeront-reellement\/","name":"13 \u00ab\u00a0Films d'art\u00a0\u00bb que vos enfants aimeront r\u00e9ellement | Vie Associative","isPartOf":{"@id":"https:\/\/vieassociative.be\/actualites\/#website"},"primaryImageOfPage":{"@id":"https:\/\/vieassociative.be\/actualites\/13-films-dart-que-vos-enfants-aimeront-reellement\/#primaryimage"},"image":{"@id":"https:\/\/vieassociative.be\/actualites\/13-films-dart-que-vos-enfants-aimeront-reellement\/#primaryimage"},"thumbnailUrl":"https:\/\/vieassociative.be\/actualites\/wp-content\/uploads\/2024\/12\/13-Films-dart-que-vos-enfants-aimeront-reellement.jpg","datePublished":"2024-12-02T06:17:07+00:00","dateModified":"2024-12-02T06:17:07+00:00","breadcrumb":{"@id":"https:\/\/vieassociative.be\/actualites\/13-films-dart-que-vos-enfants-aimeront-reellement\/#breadcrumb"},"inLanguage":"fr-BE","potentialAction":[{"@type":"ReadAction","target":["https:\/\/vieassociative.be\/actualites\/13-films-dart-que-vos-enfants-aimeront-reellement\/"]}]},{"@type":"ImageObject","inLanguage":"fr-BE","@id":"https:\/\/vieassociative.be\/actualites\/13-films-dart-que-vos-enfants-aimeront-reellement\/#primaryimage","url":"https:\/\/vieassociative.be\/actualites\/wp-content\/uploads\/2024\/12\/13-Films-dart-que-vos-enfants-aimeront-reellement.jpg","contentUrl":"https:\/\/vieassociative.be\/actualites\/wp-content\/uploads\/2024\/12\/13-Films-dart-que-vos-enfants-aimeront-reellement.jpg","width":1200,"height":675,"caption":"13 \u00ab\u00a0Films d'art\u00a0\u00bb que vos enfants aimeront r\u00e9ellement"},{"@type":"BreadcrumbList","@id":"https:\/\/vieassociative.be\/actualites\/13-films-dart-que-vos-enfants-aimeront-reellement\/#breadcrumb","itemListElement":[{"@type":"ListItem","position":1,"name":"Accueil","item":"https:\/\/vieassociative.be\/actualites\/"},{"@type":"ListItem","position":2,"name":"13 \u00ab\u00a0Films d&rsquo;art\u00a0\u00bb que vos enfants aimeront r\u00e9ellement"}]},{"@type":"WebSite","@id":"https:\/\/vieassociative.be\/actualites\/#website","url":"https:\/\/vieassociative.be\/actualites\/","name":"Vie Associative","description":"","publisher":{"@id":"https:\/\/vieassociative.be\/actualites\/#organization"},"potentialAction":[{"@type":"SearchAction","target":{"@type":"EntryPoint","urlTemplate":"https:\/\/vieassociative.be\/actualites\/?s={search_term_string}"},"query-input":{"@type":"PropertyValueSpecification","valueRequired":true,"valueName":"search_term_string"}}],"inLanguage":"fr-BE"},{"@type":"Organization","@id":"https:\/\/vieassociative.be\/actualites\/#organization","name":"Vie Associative","url":"https:\/\/vieassociative.be\/actualites\/","logo":{"@type":"ImageObject","inLanguage":"fr-BE","@id":"https:\/\/vieassociative.be\/actualites\/#\/schema\/logo\/image\/","url":"https:\/\/vieassociative.be\/actualites\/wp-content\/uploads\/2024\/09\/cropped-vieassociative_favicon.ico.png","contentUrl":"https:\/\/vieassociative.be\/actualites\/wp-content\/uploads\/2024\/09\/cropped-vieassociative_favicon.ico.png","width":512,"height":512,"caption":"Vie Associative"},"image":{"@id":"https:\/\/vieassociative.be\/actualites\/#\/schema\/logo\/image\/"}},{"@type":"Person","@id":"https:\/\/vieassociative.be\/actualites\/#\/schema\/person\/b87ac4f82f9d4e7b7cec7395b679edc4","name":"Julien","image":{"@type":"ImageObject","inLanguage":"fr-BE","@id":"https:\/\/vieassociative.be\/actualites\/#\/schema\/person\/image\/","url":"https:\/\/vieassociative.be\/actualites\/wp-content\/uploads\/2024\/09\/vie-associative-1-150x150.jpg","contentUrl":"https:\/\/vieassociative.be\/actualites\/wp-content\/uploads\/2024\/09\/vie-associative-1-150x150.jpg","caption":"Julien"},"description":"Je suis Julien, r\u00e9dacteur pour Vie Associative. Passionn\u00e9 par le monde associatif depuis plus de 10 ans, j'ai \u00e0 c\u0153ur de partager des histoires inspirantes et de mettre en lumi\u00e8re les initiatives locales. Mon objectif est de sensibiliser et d'encourager l'engagement communautaire \u00e0 travers mes articles.","sameAs":["https:\/\/vieassociative.be\/"]}]}},"_links":{"self":[{"href":"https:\/\/vieassociative.be\/actualites\/wp-json\/wp\/v2\/posts\/2978"}],"collection":[{"href":"https:\/\/vieassociative.be\/actualites\/wp-json\/wp\/v2\/posts"}],"about":[{"href":"https:\/\/vieassociative.be\/actualites\/wp-json\/wp\/v2\/types\/post"}],"author":[{"embeddable":true,"href":"https:\/\/vieassociative.be\/actualites\/wp-json\/wp\/v2\/users\/1"}],"replies":[{"embeddable":true,"href":"https:\/\/vieassociative.be\/actualites\/wp-json\/wp\/v2\/comments?post=2978"}],"version-history":[{"count":0,"href":"https:\/\/vieassociative.be\/actualites\/wp-json\/wp\/v2\/posts\/2978\/revisions"}],"wp:featuredmedia":[{"embeddable":true,"href":"https:\/\/vieassociative.be\/actualites\/wp-json\/wp\/v2\/media\/2979"}],"wp:attachment":[{"href":"https:\/\/vieassociative.be\/actualites\/wp-json\/wp\/v2\/media?parent=2978"}],"wp:term":[{"taxonomy":"category","embeddable":true,"href":"https:\/\/vieassociative.be\/actualites\/wp-json\/wp\/v2\/categories?post=2978"},{"taxonomy":"post_tag","embeddable":true,"href":"https:\/\/vieassociative.be\/actualites\/wp-json\/wp\/v2\/tags?post=2978"}],"curies":[{"name":"wp","href":"https:\/\/api.w.org\/{rel}","templated":true}]}}