{"id":2972,"date":"2024-12-02T03:18:44","date_gmt":"2024-12-02T02:18:44","guid":{"rendered":"https:\/\/vieassociative.be\/actualites\/aujourdhui-les-wolves-attaquent-eupen-las-eupen-accueille-le-nouveau-promu-la-louviere-a-16h\/"},"modified":"2024-12-02T03:18:44","modified_gmt":"2024-12-02T02:18:44","slug":"aujourdhui-les-wolves-attaquent-eupen-las-eupen-accueille-le-nouveau-promu-la-louviere-a-16h","status":"publish","type":"post","link":"https:\/\/vieassociative.be\/actualites\/aujourdhui-les-wolves-attaquent-eupen-las-eupen-accueille-le-nouveau-promu-la-louviere-a-16h\/","title":{"rendered":"Aujourd&rsquo;hui les Wolves attaquent Eupen : l&rsquo;AS Eupen accueille le nouveau promu La Louvi\u00e8re \u00e0 16h"},"content":{"rendered":"<p><strong>Le titre de l&rsquo;un des premiers livres de Freddy Derwahl \u00e9tait \u00ab Les renards attaquent Eupen \u00bb. Ce dimanche, ce ne sont pas les renards qui attaquent Eupen, mais les loups. Dans l&rsquo;apr\u00e8s-midi, le promu RAAL La Louvi\u00e8re est l&rsquo;invit\u00e9 de l&rsquo;\u00e9quipe de football de deuxi\u00e8me division de l&rsquo;AS Eupen au stade Kehrweg (16h \/ en direct sur DAZN).<\/strong><\/p>\n<p><span id=\"more-402976\"><\/span>Les loups allemands du VfL Wolfsburg sont bien connus des fans de football d&rsquo;Eupen, mais les \u00ab Loups \u00bb belges de La Louvi\u00e8re le sont moins. Cela est principalement d\u00fb au fait que le RAAL, comme on appelle le club de la province du Hainaut, n&rsquo;a \u00e9t\u00e9 promu en Challenger Pro League que l&rsquo;\u00e9t\u00e9 dernier. RAAL signifie \u00ab Royale Association Athl\u00e9tique Louvi\u00e9roise \u00bb.<\/p>\n<div id=\"attachment_402984\" class=\"wp-caption alignleft\" style=\"max-width: 218px\"><img fetchpriority=\"high\" decoding=\"async\" class=\"wp-image-402984 size-medium\" src=\"https:\/\/vieassociative.be\/actualites\/wp-content\/uploads\/2024\/12\/Aujourdhui-les-Wolves-attaquent-Eupen-lAS-Eupen-accueille-le.jpg\" alt=\"\" width=\"218\" height=\"300\"  ><\/p>\n<p class=\"wp-caption-text\">Le capitaine de l&rsquo;AS Renaud Emond (photo) a un concurrent s\u00e9rieux en la personne d&rsquo;Emrehan Gedikli. Photo de : Belga<\/p>\n<\/div>\n<p>Apr\u00e8s avoir remport\u00e9 la Coupe nationale de Belgique en 2003 et la participation ult\u00e9rieure \u00e0 la Coupe d&rsquo;Europe, o\u00f9 ils ont \u00e9t\u00e9 \u00e9limin\u00e9s contre Benfica malgr\u00e9 une solide prestation, les choses se sont fortement d\u00e9grad\u00e9es pour les verts et blancs. En 2009, le club fait m\u00eame faillite et dispara\u00eet.<\/p>\n<p>Huit ans plus tard, les loups c\u00e9l\u00e9braient leur r\u00e9surrection. C&rsquo;\u00e9tait une mont\u00e9e raide. Aujourd&rsquo;hui, m\u00eame d&rsquo;anciens professionnels du football de renom tels que Nicolas Frutos, Enzo Scifo et Silvio Proto sont impliqu\u00e9s dans le club.<\/p>\n<p>Apr\u00e8s 12 journ\u00e9es de match, l&rsquo;\u00e9quipe promue \u00e9tait m\u00eame en t\u00eate du classement de la Challenger Pro League avec le SV Zulte Waregem. La Louvi\u00e8re et Zulte Waregem sont \u00e9galement &#8211; avec le RWDM &#8211; les favoris dans la lutte pour une promotion directe en Jupiler Pro League. L&rsquo;attaquant du RAAL Mouhamed Belkheir est actuellement le meilleur buteur de la Challenger Pro League derri\u00e8re Jelle Vossen de Zulte Waregem.<\/p>\n<p>L&rsquo;AS Eupen devra r\u00e9aliser cet apr\u00e8s-midi au moins une performance aussi solide que lors de la victoire 4-0 au Club NXT lors de la derni\u00e8re journ\u00e9e s&rsquo;il veut survivre face aux Wolves de La Louvi\u00e8re.<\/p>\n<p>Tous les joueurs sauf Isaac Nuhu et Nathan Bitumazala sont \u00e0 bord. L&rsquo;entra\u00eeneur de l&rsquo;AS Mersad Selimbegovic peut \u00e9galement s&rsquo;appuyer sur l&rsquo;attaquant Renaud Emond. (cr\u00e9er)<\/p>\n<p><strong><em>Sur le sujet, voir aussi l&rsquo;article suivant sur l&rsquo;OD :<\/em><\/strong><\/p>\n<div class=\"responsive-embed widescreen\">\n<blockquote class=\"wp-embedded-content\" data-secret=\"kv5H4qLDuM\">\n<p>Christian Br\u00fcls reste actuellement en forme au SK Beveren<\/p>\n<\/blockquote>\n<p><iframe loading=\"lazy\" class=\"wp-embedded-content\" sandbox=\"allow-scripts\" security=\"restricted\" style=\"position: absolute; visibility: hidden;\" title=\"\u201eChristian Br\u00fcls h\u00e4lt sich derzeit beim SK Beveren fit\u201c \u2014 Ostbelgien Direkt\" src=\"https:\/\/ostbelgiendirekt.be\/about:blank\" data-secret=\"kv5H4qLDuM\" width=\"500\" height=\"282\" frameborder=\"0\" marginwidth=\"0\" marginheight=\"0\" scrolling=\"no\" data-rocket-lazyload=\"fitvidscompatible\" data-lazy-src=\"https:\/\/ostbelgiendirekt.be\/christian-bruels-36-402784\/embed#?secret=SLg6Ap6zCC#?secret=kv5H4qLDuM\"><\/iframe><noscript><iframe class=\"wp-embedded-content\" sandbox=\"allow-scripts\" security=\"restricted\" style=\"position: absolute; visibility: hidden;\" title=\"\u201eChristian Br\u00fcls h\u00e4lt sich derzeit beim SK Beveren fit\u201c \u2014 Ostbelgien Direkt\" src=\"https:\/\/ostbelgiendirekt.be\/christian-bruels-36-402784\/embed#?secret=SLg6Ap6zCC#?secret=kv5H4qLDuM\" data-secret=\"kv5H4qLDuM\" width=\"500\" height=\"282\" frameborder=\"0\" marginwidth=\"0\" marginheight=\"0\" scrolling=\"no\"><\/iframe><\/noscript><\/p>\n<\/div>\n","protected":false},"excerpt":{"rendered":"<p>Le titre de l&rsquo;un des premiers livres de Freddy Derwahl \u00e9tait \u00ab Les renards attaquent Eupen \u00bb. Ce dimanche, ce ne sont pas les renards<\/p>\n","protected":false},"author":1,"featured_media":2973,"comment_status":"","ping_status":"","sticky":false,"template":"","format":"standard","meta":{"footnotes":""},"categories":[298],"tags":[2620,2501,3687,2330,2329,2353,14,3689,553,3688,3686],"class_list":["post-2972","post","type-post","status-publish","format-standard","has-post-thumbnail","hentry","category-belgique","tag-16h","tag-accueille","tag-attaquent","tag-aujourdhui","tag-eupen","tag-las","tag-les","tag-louviere","tag-nouveau","tag-promu","tag-wolves","generate-columns","tablet-grid-50","mobile-grid-100","grid-parent","grid-33"],"yoast_head":"<!-- This site is optimized with the Yoast SEO plugin v24.0 - https:\/\/yoast.com\/wordpress\/plugins\/seo\/ -->\n<title>Aujourd&#039;hui les Wolves attaquent Eupen : l&#039;AS Eupen accueille le nouveau promu La Louvi\u00e8re \u00e0 16h | Vie Associative<\/title>\n<meta name=\"robots\" content=\"index, follow, max-snippet:-1, max-image-preview:large, max-video-preview:-1\" \/>\n<link rel=\"canonical\" href=\"https:\/\/vieassociative.be\/actualites\/aujourdhui-les-wolves-attaquent-eupen-las-eupen-accueille-le-nouveau-promu-la-louviere-a-16h\/\" \/>\n<meta property=\"og:locale\" content=\"fr_FR\" \/>\n<meta property=\"og:type\" content=\"article\" \/>\n<meta property=\"og:title\" content=\"Aujourd&#039;hui les Wolves attaquent Eupen : l&#039;AS Eupen accueille le nouveau promu La Louvi\u00e8re \u00e0 16h | Vie Associative\" \/>\n<meta property=\"og:description\" content=\"Le titre de l&rsquo;un des premiers livres de Freddy Derwahl \u00e9tait \u00ab Les renards attaquent Eupen \u00bb. Ce dimanche, ce ne sont pas les renards\" \/>\n<meta property=\"og:url\" content=\"https:\/\/vieassociative.be\/actualites\/aujourdhui-les-wolves-attaquent-eupen-las-eupen-accueille-le-nouveau-promu-la-louviere-a-16h\/\" \/>\n<meta property=\"og:site_name\" content=\"Vie Associative\" \/>\n<meta property=\"article:published_time\" content=\"2024-12-02T02:18:44+00:00\" \/>\n<meta property=\"og:image\" content=\"https:\/\/vieassociative.be\/actualites\/wp-content\/uploads\/2024\/12\/Aujourdhui-les-Wolves-attaquent-Eupen-lAS-Eupen-accueille-le.jpg\" \/>\n<meta name=\"author\" content=\"Julien\" \/>\n<meta name=\"twitter:card\" content=\"summary_large_image\" \/>\n<meta name=\"twitter:label1\" content=\"\u00c9crit par\" \/>\n\t<meta name=\"twitter:data1\" content=\"Julien\" \/>\n\t<meta name=\"twitter:label2\" content=\"Dur\u00e9e de lecture est.\" \/>\n\t<meta name=\"twitter:data2\" content=\"2 minutes\" \/>\n<script type=\"application\/ld+json\" class=\"yoast-schema-graph\">{\"@context\":\"https:\/\/schema.org\",\"@graph\":[{\"@type\":\"Article\",\"@id\":\"https:\/\/vieassociative.be\/actualites\/aujourdhui-les-wolves-attaquent-eupen-las-eupen-accueille-le-nouveau-promu-la-louviere-a-16h\/#article\",\"isPartOf\":{\"@id\":\"https:\/\/vieassociative.be\/actualites\/aujourdhui-les-wolves-attaquent-eupen-las-eupen-accueille-le-nouveau-promu-la-louviere-a-16h\/\"},\"author\":{\"name\":\"Julien\",\"@id\":\"https:\/\/vieassociative.be\/actualites\/#\/schema\/person\/b87ac4f82f9d4e7b7cec7395b679edc4\"},\"headline\":\"Aujourd&rsquo;hui les Wolves attaquent Eupen : l&rsquo;AS Eupen accueille le nouveau promu La Louvi\u00e8re \u00e0 16h\",\"datePublished\":\"2024-12-02T02:18:44+00:00\",\"dateModified\":\"2024-12-02T02:18:44+00:00\",\"mainEntityOfPage\":{\"@id\":\"https:\/\/vieassociative.be\/actualites\/aujourdhui-les-wolves-attaquent-eupen-las-eupen-accueille-le-nouveau-promu-la-louviere-a-16h\/\"},\"wordCount\":435,\"publisher\":{\"@id\":\"https:\/\/vieassociative.be\/actualites\/#organization\"},\"image\":{\"@id\":\"https:\/\/vieassociative.be\/actualites\/aujourdhui-les-wolves-attaquent-eupen-las-eupen-accueille-le-nouveau-promu-la-louviere-a-16h\/#primaryimage\"},\"thumbnailUrl\":\"https:\/\/vieassociative.be\/actualites\/wp-content\/uploads\/2024\/12\/1733105924_Aujourdhui-les-Wolves-attaquent-Eupen-lAS-Eupen-accueille-le.jpg\",\"keywords\":[\"16h\",\"accueille\",\"attaquent\",\"aujourdhui\",\"Eupen\",\"lAS\",\"Les\",\"Louvi\u00e8re\",\"nouveau\",\"promu\",\"Wolves\"],\"articleSection\":[\"Belgique\"],\"inLanguage\":\"fr-BE\"},{\"@type\":\"WebPage\",\"@id\":\"https:\/\/vieassociative.be\/actualites\/aujourdhui-les-wolves-attaquent-eupen-las-eupen-accueille-le-nouveau-promu-la-louviere-a-16h\/\",\"url\":\"https:\/\/vieassociative.be\/actualites\/aujourdhui-les-wolves-attaquent-eupen-las-eupen-accueille-le-nouveau-promu-la-louviere-a-16h\/\",\"name\":\"Aujourd'hui les Wolves attaquent Eupen : l'AS Eupen accueille le nouveau promu La Louvi\u00e8re \u00e0 16h | Vie Associative\",\"isPartOf\":{\"@id\":\"https:\/\/vieassociative.be\/actualites\/#website\"},\"primaryImageOfPage\":{\"@id\":\"https:\/\/vieassociative.be\/actualites\/aujourdhui-les-wolves-attaquent-eupen-las-eupen-accueille-le-nouveau-promu-la-louviere-a-16h\/#primaryimage\"},\"image\":{\"@id\":\"https:\/\/vieassociative.be\/actualites\/aujourdhui-les-wolves-attaquent-eupen-las-eupen-accueille-le-nouveau-promu-la-louviere-a-16h\/#primaryimage\"},\"thumbnailUrl\":\"https:\/\/vieassociative.be\/actualites\/wp-content\/uploads\/2024\/12\/1733105924_Aujourdhui-les-Wolves-attaquent-Eupen-lAS-Eupen-accueille-le.jpg\",\"datePublished\":\"2024-12-02T02:18:44+00:00\",\"dateModified\":\"2024-12-02T02:18:44+00:00\",\"breadcrumb\":{\"@id\":\"https:\/\/vieassociative.be\/actualites\/aujourdhui-les-wolves-attaquent-eupen-las-eupen-accueille-le-nouveau-promu-la-louviere-a-16h\/#breadcrumb\"},\"inLanguage\":\"fr-BE\",\"potentialAction\":[{\"@type\":\"ReadAction\",\"target\":[\"https:\/\/vieassociative.be\/actualites\/aujourdhui-les-wolves-attaquent-eupen-las-eupen-accueille-le-nouveau-promu-la-louviere-a-16h\/\"]}]},{\"@type\":\"ImageObject\",\"inLanguage\":\"fr-BE\",\"@id\":\"https:\/\/vieassociative.be\/actualites\/aujourdhui-les-wolves-attaquent-eupen-las-eupen-accueille-le-nouveau-promu-la-louviere-a-16h\/#primaryimage\",\"url\":\"https:\/\/vieassociative.be\/actualites\/wp-content\/uploads\/2024\/12\/1733105924_Aujourdhui-les-Wolves-attaquent-Eupen-lAS-Eupen-accueille-le.jpg\",\"contentUrl\":\"https:\/\/vieassociative.be\/actualites\/wp-content\/uploads\/2024\/12\/1733105924_Aujourdhui-les-Wolves-attaquent-Eupen-lAS-Eupen-accueille-le.jpg\",\"width\":1300,\"height\":866,\"caption\":\"Aujourd'hui les Wolves attaquent Eupen : l'AS Eupen accueille le nouveau promu La Louvi\u00e8re \u00e0 16h\"},{\"@type\":\"BreadcrumbList\",\"@id\":\"https:\/\/vieassociative.be\/actualites\/aujourdhui-les-wolves-attaquent-eupen-las-eupen-accueille-le-nouveau-promu-la-louviere-a-16h\/#breadcrumb\",\"itemListElement\":[{\"@type\":\"ListItem\",\"position\":1,\"name\":\"Accueil\",\"item\":\"https:\/\/vieassociative.be\/actualites\/\"},{\"@type\":\"ListItem\",\"position\":2,\"name\":\"Aujourd&rsquo;hui les Wolves attaquent Eupen : l&rsquo;AS Eupen accueille le nouveau promu La Louvi\u00e8re \u00e0 16h\"}]},{\"@type\":\"WebSite\",\"@id\":\"https:\/\/vieassociative.be\/actualites\/#website\",\"url\":\"https:\/\/vieassociative.be\/actualites\/\",\"name\":\"Vie Associative\",\"description\":\"\",\"publisher\":{\"@id\":\"https:\/\/vieassociative.be\/actualites\/#organization\"},\"potentialAction\":[{\"@type\":\"SearchAction\",\"target\":{\"@type\":\"EntryPoint\",\"urlTemplate\":\"https:\/\/vieassociative.be\/actualites\/?s={search_term_string}\"},\"query-input\":{\"@type\":\"PropertyValueSpecification\",\"valueRequired\":true,\"valueName\":\"search_term_string\"}}],\"inLanguage\":\"fr-BE\"},{\"@type\":\"Organization\",\"@id\":\"https:\/\/vieassociative.be\/actualites\/#organization\",\"name\":\"Vie Associative\",\"url\":\"https:\/\/vieassociative.be\/actualites\/\",\"logo\":{\"@type\":\"ImageObject\",\"inLanguage\":\"fr-BE\",\"@id\":\"https:\/\/vieassociative.be\/actualites\/#\/schema\/logo\/image\/\",\"url\":\"https:\/\/vieassociative.be\/actualites\/wp-content\/uploads\/2024\/09\/cropped-vieassociative_favicon.ico.png\",\"contentUrl\":\"https:\/\/vieassociative.be\/actualites\/wp-content\/uploads\/2024\/09\/cropped-vieassociative_favicon.ico.png\",\"width\":512,\"height\":512,\"caption\":\"Vie Associative\"},\"image\":{\"@id\":\"https:\/\/vieassociative.be\/actualites\/#\/schema\/logo\/image\/\"}},{\"@type\":\"Person\",\"@id\":\"https:\/\/vieassociative.be\/actualites\/#\/schema\/person\/b87ac4f82f9d4e7b7cec7395b679edc4\",\"name\":\"Julien\",\"image\":{\"@type\":\"ImageObject\",\"inLanguage\":\"fr-BE\",\"@id\":\"https:\/\/vieassociative.be\/actualites\/#\/schema\/person\/image\/\",\"url\":\"https:\/\/vieassociative.be\/actualites\/wp-content\/uploads\/2024\/09\/vie-associative-1-150x150.jpg\",\"contentUrl\":\"https:\/\/vieassociative.be\/actualites\/wp-content\/uploads\/2024\/09\/vie-associative-1-150x150.jpg\",\"caption\":\"Julien\"},\"description\":\"Je suis Julien, r\u00e9dacteur pour Vie Associative. Passionn\u00e9 par le monde associatif depuis plus de 10 ans, j'ai \u00e0 c\u0153ur de partager des histoires inspirantes et de mettre en lumi\u00e8re les initiatives locales. Mon objectif est de sensibiliser et d'encourager l'engagement communautaire \u00e0 travers mes articles.\",\"sameAs\":[\"https:\/\/vieassociative.be\/\"]}]}<\/script>\n<!-- \/ Yoast SEO plugin. -->","yoast_head_json":{"title":"Aujourd'hui les Wolves attaquent Eupen : l'AS Eupen accueille le nouveau promu La Louvi\u00e8re \u00e0 16h | Vie Associative","robots":{"index":"index","follow":"follow","max-snippet":"max-snippet:-1","max-image-preview":"max-image-preview:large","max-video-preview":"max-video-preview:-1"},"canonical":"https:\/\/vieassociative.be\/actualites\/aujourdhui-les-wolves-attaquent-eupen-las-eupen-accueille-le-nouveau-promu-la-louviere-a-16h\/","og_locale":"fr_FR","og_type":"article","og_title":"Aujourd'hui les Wolves attaquent Eupen : l'AS Eupen accueille le nouveau promu La Louvi\u00e8re \u00e0 16h | Vie Associative","og_description":"Le titre de l&rsquo;un des premiers livres de Freddy Derwahl \u00e9tait \u00ab Les renards attaquent Eupen \u00bb. Ce dimanche, ce ne sont pas les renards","og_url":"https:\/\/vieassociative.be\/actualites\/aujourdhui-les-wolves-attaquent-eupen-las-eupen-accueille-le-nouveau-promu-la-louviere-a-16h\/","og_site_name":"Vie Associative","article_published_time":"2024-12-02T02:18:44+00:00","og_image":[{"url":"https:\/\/vieassociative.be\/actualites\/wp-content\/uploads\/2024\/12\/Aujourdhui-les-Wolves-attaquent-Eupen-lAS-Eupen-accueille-le.jpg","type":"","width":"","height":""}],"author":"Julien","twitter_card":"summary_large_image","twitter_misc":{"\u00c9crit par":"Julien","Dur\u00e9e de lecture est.":"2 minutes"},"schema":{"@context":"https:\/\/schema.org","@graph":[{"@type":"Article","@id":"https:\/\/vieassociative.be\/actualites\/aujourdhui-les-wolves-attaquent-eupen-las-eupen-accueille-le-nouveau-promu-la-louviere-a-16h\/#article","isPartOf":{"@id":"https:\/\/vieassociative.be\/actualites\/aujourdhui-les-wolves-attaquent-eupen-las-eupen-accueille-le-nouveau-promu-la-louviere-a-16h\/"},"author":{"name":"Julien","@id":"https:\/\/vieassociative.be\/actualites\/#\/schema\/person\/b87ac4f82f9d4e7b7cec7395b679edc4"},"headline":"Aujourd&rsquo;hui les Wolves attaquent Eupen : l&rsquo;AS Eupen accueille le nouveau promu La Louvi\u00e8re \u00e0 16h","datePublished":"2024-12-02T02:18:44+00:00","dateModified":"2024-12-02T02:18:44+00:00","mainEntityOfPage":{"@id":"https:\/\/vieassociative.be\/actualites\/aujourdhui-les-wolves-attaquent-eupen-las-eupen-accueille-le-nouveau-promu-la-louviere-a-16h\/"},"wordCount":435,"publisher":{"@id":"https:\/\/vieassociative.be\/actualites\/#organization"},"image":{"@id":"https:\/\/vieassociative.be\/actualites\/aujourdhui-les-wolves-attaquent-eupen-las-eupen-accueille-le-nouveau-promu-la-louviere-a-16h\/#primaryimage"},"thumbnailUrl":"https:\/\/vieassociative.be\/actualites\/wp-content\/uploads\/2024\/12\/1733105924_Aujourdhui-les-Wolves-attaquent-Eupen-lAS-Eupen-accueille-le.jpg","keywords":["16h","accueille","attaquent","aujourdhui","Eupen","lAS","Les","Louvi\u00e8re","nouveau","promu","Wolves"],"articleSection":["Belgique"],"inLanguage":"fr-BE"},{"@type":"WebPage","@id":"https:\/\/vieassociative.be\/actualites\/aujourdhui-les-wolves-attaquent-eupen-las-eupen-accueille-le-nouveau-promu-la-louviere-a-16h\/","url":"https:\/\/vieassociative.be\/actualites\/aujourdhui-les-wolves-attaquent-eupen-las-eupen-accueille-le-nouveau-promu-la-louviere-a-16h\/","name":"Aujourd'hui les Wolves attaquent Eupen : l'AS Eupen accueille le nouveau promu La Louvi\u00e8re \u00e0 16h | Vie Associative","isPartOf":{"@id":"https:\/\/vieassociative.be\/actualites\/#website"},"primaryImageOfPage":{"@id":"https:\/\/vieassociative.be\/actualites\/aujourdhui-les-wolves-attaquent-eupen-las-eupen-accueille-le-nouveau-promu-la-louviere-a-16h\/#primaryimage"},"image":{"@id":"https:\/\/vieassociative.be\/actualites\/aujourdhui-les-wolves-attaquent-eupen-las-eupen-accueille-le-nouveau-promu-la-louviere-a-16h\/#primaryimage"},"thumbnailUrl":"https:\/\/vieassociative.be\/actualites\/wp-content\/uploads\/2024\/12\/1733105924_Aujourdhui-les-Wolves-attaquent-Eupen-lAS-Eupen-accueille-le.jpg","datePublished":"2024-12-02T02:18:44+00:00","dateModified":"2024-12-02T02:18:44+00:00","breadcrumb":{"@id":"https:\/\/vieassociative.be\/actualites\/aujourdhui-les-wolves-attaquent-eupen-las-eupen-accueille-le-nouveau-promu-la-louviere-a-16h\/#breadcrumb"},"inLanguage":"fr-BE","potentialAction":[{"@type":"ReadAction","target":["https:\/\/vieassociative.be\/actualites\/aujourdhui-les-wolves-attaquent-eupen-las-eupen-accueille-le-nouveau-promu-la-louviere-a-16h\/"]}]},{"@type":"ImageObject","inLanguage":"fr-BE","@id":"https:\/\/vieassociative.be\/actualites\/aujourdhui-les-wolves-attaquent-eupen-las-eupen-accueille-le-nouveau-promu-la-louviere-a-16h\/#primaryimage","url":"https:\/\/vieassociative.be\/actualites\/wp-content\/uploads\/2024\/12\/1733105924_Aujourdhui-les-Wolves-attaquent-Eupen-lAS-Eupen-accueille-le.jpg","contentUrl":"https:\/\/vieassociative.be\/actualites\/wp-content\/uploads\/2024\/12\/1733105924_Aujourdhui-les-Wolves-attaquent-Eupen-lAS-Eupen-accueille-le.jpg","width":1300,"height":866,"caption":"Aujourd'hui les Wolves attaquent Eupen : l'AS Eupen accueille le nouveau promu La Louvi\u00e8re \u00e0 16h"},{"@type":"BreadcrumbList","@id":"https:\/\/vieassociative.be\/actualites\/aujourdhui-les-wolves-attaquent-eupen-las-eupen-accueille-le-nouveau-promu-la-louviere-a-16h\/#breadcrumb","itemListElement":[{"@type":"ListItem","position":1,"name":"Accueil","item":"https:\/\/vieassociative.be\/actualites\/"},{"@type":"ListItem","position":2,"name":"Aujourd&rsquo;hui les Wolves attaquent Eupen : l&rsquo;AS Eupen accueille le nouveau promu La Louvi\u00e8re \u00e0 16h"}]},{"@type":"WebSite","@id":"https:\/\/vieassociative.be\/actualites\/#website","url":"https:\/\/vieassociative.be\/actualites\/","name":"Vie Associative","description":"","publisher":{"@id":"https:\/\/vieassociative.be\/actualites\/#organization"},"potentialAction":[{"@type":"SearchAction","target":{"@type":"EntryPoint","urlTemplate":"https:\/\/vieassociative.be\/actualites\/?s={search_term_string}"},"query-input":{"@type":"PropertyValueSpecification","valueRequired":true,"valueName":"search_term_string"}}],"inLanguage":"fr-BE"},{"@type":"Organization","@id":"https:\/\/vieassociative.be\/actualites\/#organization","name":"Vie Associative","url":"https:\/\/vieassociative.be\/actualites\/","logo":{"@type":"ImageObject","inLanguage":"fr-BE","@id":"https:\/\/vieassociative.be\/actualites\/#\/schema\/logo\/image\/","url":"https:\/\/vieassociative.be\/actualites\/wp-content\/uploads\/2024\/09\/cropped-vieassociative_favicon.ico.png","contentUrl":"https:\/\/vieassociative.be\/actualites\/wp-content\/uploads\/2024\/09\/cropped-vieassociative_favicon.ico.png","width":512,"height":512,"caption":"Vie Associative"},"image":{"@id":"https:\/\/vieassociative.be\/actualites\/#\/schema\/logo\/image\/"}},{"@type":"Person","@id":"https:\/\/vieassociative.be\/actualites\/#\/schema\/person\/b87ac4f82f9d4e7b7cec7395b679edc4","name":"Julien","image":{"@type":"ImageObject","inLanguage":"fr-BE","@id":"https:\/\/vieassociative.be\/actualites\/#\/schema\/person\/image\/","url":"https:\/\/vieassociative.be\/actualites\/wp-content\/uploads\/2024\/09\/vie-associative-1-150x150.jpg","contentUrl":"https:\/\/vieassociative.be\/actualites\/wp-content\/uploads\/2024\/09\/vie-associative-1-150x150.jpg","caption":"Julien"},"description":"Je suis Julien, r\u00e9dacteur pour Vie Associative. Passionn\u00e9 par le monde associatif depuis plus de 10 ans, j'ai \u00e0 c\u0153ur de partager des histoires inspirantes et de mettre en lumi\u00e8re les initiatives locales. Mon objectif est de sensibiliser et d'encourager l'engagement communautaire \u00e0 travers mes articles.","sameAs":["https:\/\/vieassociative.be\/"]}]}},"_links":{"self":[{"href":"https:\/\/vieassociative.be\/actualites\/wp-json\/wp\/v2\/posts\/2972"}],"collection":[{"href":"https:\/\/vieassociative.be\/actualites\/wp-json\/wp\/v2\/posts"}],"about":[{"href":"https:\/\/vieassociative.be\/actualites\/wp-json\/wp\/v2\/types\/post"}],"author":[{"embeddable":true,"href":"https:\/\/vieassociative.be\/actualites\/wp-json\/wp\/v2\/users\/1"}],"replies":[{"embeddable":true,"href":"https:\/\/vieassociative.be\/actualites\/wp-json\/wp\/v2\/comments?post=2972"}],"version-history":[{"count":0,"href":"https:\/\/vieassociative.be\/actualites\/wp-json\/wp\/v2\/posts\/2972\/revisions"}],"wp:featuredmedia":[{"embeddable":true,"href":"https:\/\/vieassociative.be\/actualites\/wp-json\/wp\/v2\/media\/2973"}],"wp:attachment":[{"href":"https:\/\/vieassociative.be\/actualites\/wp-json\/wp\/v2\/media?parent=2972"}],"wp:term":[{"taxonomy":"category","embeddable":true,"href":"https:\/\/vieassociative.be\/actualites\/wp-json\/wp\/v2\/categories?post=2972"},{"taxonomy":"post_tag","embeddable":true,"href":"https:\/\/vieassociative.be\/actualites\/wp-json\/wp\/v2\/tags?post=2972"}],"curies":[{"name":"wp","href":"https:\/\/api.w.org\/{rel}","templated":true}]}}