{"id":2970,"date":"2024-12-02T02:17:37","date_gmt":"2024-12-02T01:17:37","guid":{"rendered":"https:\/\/vieassociative.be\/actualites\/il-y-a-tellement-doffres-black-friday-sur-les-montres-de-fitness-garmin\/"},"modified":"2024-12-02T02:17:37","modified_gmt":"2024-12-02T01:17:37","slug":"il-y-a-tellement-doffres-black-friday-sur-les-montres-de-fitness-garmin","status":"publish","type":"post","link":"https:\/\/vieassociative.be\/actualites\/il-y-a-tellement-doffres-black-friday-sur-les-montres-de-fitness-garmin\/","title":{"rendered":"Il y a tellement d&rsquo;offres Black Friday sur les montres de fitness Garmin"},"content":{"rendered":"<div class=\"mt-4 leading-6 md:mb-8\">Les montres Venu, Vivoactive et Instinct, ainsi que presque tout ce qui concerne la gamme Forerunner, sont toutes en vente actuellement.<\/div>\n<p><\/p>\n<p><em>Les montres Garmin font partie des millions de produits en vente pour le Black Friday cette ann\u00e9e. Si vous \u00eates int\u00e9ress\u00e9 par la meilleure technologie en vente aujourd&rsquo;hui, <strong>consultez notre page des meilleures offres technologiques du Black Friday<\/strong><\/em><em>  pour une vue plus large de toutes les meilleures r\u00e9ductions que vous pouvez obtenir d\u00e8s maintenant. Les prix sont exacts au moment de la r\u00e9daction, mais vous pouvez vous attendre \u00e0 ce qu&rsquo;ils fluctuent et que les stocks se vendent, vous ne voudrez donc peut-\u00eatre pas h\u00e9siter si vous voyez une vente qui vous attire.<\/em><\/p>\n<p>Les achats du Black Friday ont commenc\u00e9 et vous pouvez trouver une tonne de bonnes affaires sur les montres Garmin en particulier. Les gammes Forerunner, Instinct, Vivoactive et Venu proposent toutes des mod\u00e8les en vente aujourd&rsquo;hui \u00e0 20 % de r\u00e9duction ou plus. Des mod\u00e8les plus anciens sont \u00e9galement en vente. Voici mes favoris que vous devriez acheter pendant la dur\u00e9e de leur vente.<\/p>\n<h2 id=\"the-venu-3-venu-3s-and-venu-2-sq-are-over-100-off\">Les Venu 3, Venu 3S et Venu 2 Sq sont \u00e0 plus de 100 $ de r\u00e9duction<\/h2>\n<p>La montre intelligente Venu 3 de Garmin (et sa version plus petite, la 3S) ne sont pas seulement d&rsquo;excellents trackers de fitness, elles incluent \u00e9galement de v\u00e9ritables fonctions de montre intelligente comme la possibilit\u00e9 de passer des appels via Bluetooth et d&rsquo;envoyer des textes vocaux. Les Venu 3 (45 mm) et Venu 3S (41 mm) sont tous deux en vente au prix de 349,99 $, soit plus de 100 $ de moins que leur prix habituel. <\/p>\n<p>Le Venu Sq 2, qui a longtemps \u00e9t\u00e9 l&rsquo;un des favoris des utilisateurs Fitbit migrant vers Garmin (en partie gr\u00e2ce \u00e0 l&rsquo;\u00e9cran carr\u00e9), est \u00e9galement en vente aujourd&rsquo;hui \u00e0 149,99 $. Il s&rsquo;agit d&rsquo;un mod\u00e8le plus ancien sans autant de fonctionnalit\u00e9s sophistiqu\u00e9es de la Venu 3 (pas d&rsquo;appels vocaux, par exemple), mais c&rsquo;est toujours une tr\u00e8s belle montre intelligente \u00e0 un prix avantageux. <\/p>\n<h2 id=\"vivoactive-5\">Vivoactif 5<\/h2>\n<p>Si vous n&rsquo;avez pas besoin d&rsquo;appels vocaux, le Vivoactive 5 est une excellente alternative moins ch\u00e8re au Venu. (J&rsquo;en ai port\u00e9 une ces derniers temps, pour la tester en vue d&rsquo;un prochain examen, et je dirais que c&rsquo;est l&rsquo;une des meilleures montres de fitness \u00e0 usage g\u00e9n\u00e9ral.) La Vivoactive 5 co\u00fbte actuellement 199,99 $, soit 100 $ de moins que son prix habituel.<\/p>\n<h2 id=\"the-forerunner-55-is-50-off\">Le Forerunner 55 est \u00e0 50 $ de r\u00e9duction<\/h2>\n<p>Si vous attendiez une bonne affaire sur une montre de course Garmin Forerunner, c&rsquo;est le moment de le faire. Les mod\u00e8les plus anciens (la plupart se terminant par -55 ou -45) ont d\u00e9j\u00e0 connu quelques baisses de prix, et \u00e0 partir d&rsquo;aujourd&rsquo;hui, les nouveaux Forerunners (la plupart se terminant par -65) b\u00e9n\u00e9ficient d&rsquo;une r\u00e9duction de 50 \u00e0 100 $ sur leurs prix habituels. <\/p>\n<p>La Forerunner 55 est une excellente montre de course de base avec GPS et suivi de la fr\u00e9quence cardiaque, ainsi qu&rsquo;un suivi du sommeil. Comme tous les Forerunners, il dispose de boutons physiques pour que vous puissiez arr\u00eater et d\u00e9marrer des tours sans t\u00e2tonner avec un \u00e9cran tactile, ainsi que de fonctionnalit\u00e9s sp\u00e9cifiques \u00e0 la course, telles que les pr\u00e9dictions de course et les \u00e9crans PacePro, qui peuvent vous guider vers un temps d&rsquo;arriv\u00e9e sp\u00e9cifique dans une course. Le Forerunner 55 poss\u00e8de toujours l&rsquo;ancien \u00e9cran MIP, qui r\u00e9fl\u00e9chit la lumi\u00e8re du soleil mais utilise un r\u00e9tro\u00e9clairage (qui peut s&rsquo;allumer lorsque vous effleurez votre poignet) pour vous montrer l&rsquo;\u00e9cran la nuit. C&rsquo;est 149,99 $ maintenant, 50 $ de moins que d&rsquo;habitude.<\/p>\n<h2 id=\"the-forerunner-165-is-also-50-off\">Le Forerunner 165 est \u00e9galement \u00e0 50 $ de r\u00e9duction<\/h2>\n<p>La Forerunner 165 est destin\u00e9e aux coureurs qui veulent quelque chose d&rsquo;un peu plus agr\u00e9able que la 55, mais qui veulent quand m\u00eame une montre assez abordable. Le 165 dispose d&rsquo;un \u00e9cran tactile AMOLED, lumineux et haute r\u00e9solution. Il dispose d&rsquo;une boussole et d&rsquo;un altim\u00e8tre int\u00e9gr\u00e9s, peut mesurer votre VRC et propose des tonnes d&rsquo;analyses de course telles que l&rsquo;effet d&rsquo;entra\u00eenement et la dynamique de course. Il dispose \u00e9galement de fonctionnalit\u00e9s de navigation par fil d&rsquo;Ariane. C&rsquo;est 199,99 $ ou 249,99 $ pour la version Musique, tous deux 50 $ de r\u00e9duction sur son prix habituel.<\/p>\n<h2 id=\"the-forerunner-265-and-265s-are-100-off\">Les Forerunner 265 et 265S sont \u00e0 100 $ de r\u00e9duction<\/h2>\n<p>Je l&rsquo;ai d\u00e9j\u00e0 dit et je le r\u00e9p\u00e8te : c&rsquo;est une excellente montre de course. Il contient tout ce que le 165 poss\u00e8de, ainsi que des analyses suppl\u00e9mentaires que les coureurs adoreront, comme le statut de l&rsquo;entra\u00eenement, la pr\u00e9paration \u00e0 l&rsquo;entra\u00eenement et la charge d&rsquo;entra\u00eenement. Il dispose \u00e9galement d&rsquo;un GPS multibande pour une meilleure pr\u00e9cision et est livr\u00e9 en standard avec la possibilit\u00e9 de stocker et de lire de la musique. Il est disponible en deux tailles : le Forerunner 265 mesure 46 millim\u00e8tres et le Forerunner 265S (S pour \u00ab petit \u00bb) mesure 42 mm. Les deux co\u00fbtent actuellement 349,99 $, soit 100 $ de moins que leur prix habituel.<\/p>\n<p>Si vous \u00eates d&rsquo;accord avec l&rsquo;ancien style d&rsquo;\u00e9cran (MIP, pas d&rsquo;\u00e9cran tactile) et n&rsquo;avez pas besoin de musique int\u00e9gr\u00e9e, les mod\u00e8les pr\u00e9c\u00e9dents, les Forerunner 255 et 255S, sont tous deux en vente au prix de 249,99 $.<\/p>\n<h2 id=\"the-forerunner-255-is-over-100-off\">Le Forerunner 255 est \u00e0 plus de 100 $ de r\u00e9duction<\/h2>\n<p>Le 255 est l\u2019ancienne version du Forerunner 265 et poss\u00e8de la plupart des m\u00eames fonctionnalit\u00e9s. La plus grande diff\u00e9rence est qu&rsquo;il dispose d&rsquo;un \u00e9cran MIP (r\u00e9fl\u00e9chissant, faible consommation, faible r\u00e9solution). Certains passionn\u00e9s de Garmin adorent les \u00e9crans MIP, surtout en plein soleil ; certains pr\u00e9f\u00e8rent les nouveaux \u00e9crans AMOLED. Je ne peux pas te dire ce que tu pr\u00e9f\u00e9reras, mais je <em>peut<\/em> vous dire que le Forerunner 255 Music co\u00fbte actuellement 293,80 $, contre 399 $, et toujours plus de 50 $ de moins que son nouveau fr\u00e8re. <\/p>\n<p>Tous les 265 mod\u00e8les peuvent stocker et lire de la musique, tandis que cette fonctionnalit\u00e9 co\u00fbte plus cher dans le 255, ce \u00e0 quoi il faut pr\u00eater attention lorsque vous comparez les prix. Il existe \u00e9galement un 255S, avec un \u00e9cran plus petit, pour 249,99 $ mais sans musique. Comme pour de nombreux articles technologiques d\u2019anciens mod\u00e8les, il peut \u00eatre difficile de trouver la combinaison de fonctionnalit\u00e9s souhait\u00e9e dans un mod\u00e8le encore en stock. Le seul 255S que je vois avec de la musique est ce mod\u00e8le remis \u00e0 neuf pour 269,80 $, mais il pourrait bien y en avoir d&rsquo;autres.<\/p>\n<\/p>\n<h2 id=\"the-forerunner-965-is-100-off\">Le Forerunner 965 est \u00e0 100 $ de r\u00e9duction<\/h2>\n<p>Le Forerunner haut de gamme de Garmin, le 965, est \u00e9galement en vente d\u00e8s maintenant. Le 965 a tout ce que le 265 fait, plus des analyses suppl\u00e9mentaires comme un score d&rsquo;endurance et, c&rsquo;est l&rsquo;essentiel pour beaucoup de ses fans, des cartes int\u00e9gr\u00e9es. La dur\u00e9e de vie de sa batterie est \u00e9galement fulgurante : l\u00e0 o\u00f9 la plupart des montres Garmin durent une \u00e0 deux semaines avec une charge, la 965 vous en donne pr\u00e8s d&rsquo;un mois. (23 jours, contre 13 pour le 265, selon les chiffres officiels de Garmin.) Le Forerunner 965 est actuellement en vente au prix de 499,99 $, soit 100 $ de moins que d&rsquo;habitude.<\/p>\n<p>Celui-ci a \u00e9galement une ancienne version abordable. Achetez un Forerunner 955 avec l&rsquo;ancien \u00e9cran MIP pour seulement 399,99 $, ou la version solaire (!), qui se recharge \u00e0 la lumi\u00e8re du soleil, pour 499,99 $.<\/p>\n<h2 id=\"the-forerunner-955-is-100-off\">Le Forerunner 955 est \u00e0 100 $ de r\u00e9duction<\/h2>\n<p>Comme le 255 est au 265 (\u00e9cran plus ancien et diff\u00e9rent, mais toujours une excellente montre), le Forerunner 955 est au 965. Si vous \u00eates \u00e0 la recherche d&rsquo;une version \u00e9conomique de cette montre, vous pouvez vous procurer un Forerunner. 955 pour 399,99 $, soit 100 $ de r\u00e9duction sur son prix d&rsquo;origine.<\/p>\n<h2 id=\"instinct-2-solar-and-instinct-2x-solar-are-100-off\">Instinct 2 Solar et Instinct 2X Solar sont \u00e0 100 $ de r\u00e9duction<\/h2>\n<p>La gamme de montres Instinct est robuste et adapt\u00e9e au plein air, populaire parmi les randonneurs inconditionnels et \u00e9galement commercialis\u00e9e aupr\u00e8s des militaires. Les mod\u00e8les solaires sont exactement ce \u00e0 quoi ils ressemblent, avec une autonomie illimit\u00e9e s&rsquo;ils re\u00e7oivent suffisamment de soleil chaque jour. (Sans charge solaire, ils conservent tous deux une charge impressionnante : 28 jours pour le 2 et 40 pour le 2X). <\/p>\n<p>L&rsquo;\u00e9cran est en noir et blanc et ce n&rsquo;est pas un \u00e9cran tactile. Le 2X dispose d&rsquo;une lampe de poche LED int\u00e9gr\u00e9e, et les deux peuvent vous donner des informations sur le soleil, la lune et les mar\u00e9es. L&rsquo;Instinct 2X Solar est la plus grande montre, avec 50 millim\u00e8tres, tandis que la 2 Solar mesure 45 mm. Ils co\u00fbtent respectivement 349,99 $ et 299,99 $, soit 100 $ de r\u00e9duction sur le prix habituel de chacun.<\/p>\n<\/p>\n<h2 id=\"the-garmin-inreach-mini-2-is-100-off\">Le Garmin InReach Mini 2 est \u00e0 100 $ de r\u00e9duction<\/h2>\n<p>Celle-ci n&rsquo;est pas une montre, mais elle m\u00e9rite d&rsquo;\u00eatre mentionn\u00e9e si vous faites souvent de la randonn\u00e9e dans des r\u00e9gions isol\u00e9es et que vos proches s&rsquo;inqui\u00e8tent pour vous chez vous. Le Garmin InReach Mini 2 est un petit appareil semblable \u00e0 un talkie-walkie qui peut fonctionner m\u00eame dans des endroits sans signal cellulaire. Il peut vous aider \u00e0 naviguer avec des cartes, afin que vous puissiez revenir \u00e0 votre point de d\u00e9part, mais plus important encore, il peut fonctionner avec un plan de donn\u00e9es satellite pour vous permettre d&rsquo;appeler une \u00e9quipe de secours dans une situation de vie ou de mort. L\u2019InReach Mini 2 co\u00fbte actuellement 299 $, contre un prix r\u00e9gulier de 399 $. <\/p>\n<p><\/p>\n<div class=\"w-full mt-12 text-center sm:text-left\" x-data=\"{ showAll: false }\">\n<div class=\"flex flex-col items-center justify-between sm:px-6 sm:flex-row\">\n\t\t\t<span class=\"text-sm italic\">Les offres sont s\u00e9lectionn\u00e9es par notre \u00e9quipe commerciale<\/span><\/p><\/div>\n<\/p><\/div>\n","protected":false},"excerpt":{"rendered":"<p>Les montres Venu, Vivoactive et Instinct, ainsi que presque tout ce qui concerne la gamme Forerunner, sont toutes en vente actuellement. Les montres Garmin font<\/p>\n","protected":false},"author":1,"featured_media":2971,"comment_status":"","ping_status":"","sticky":false,"template":"","format":"standard","meta":{"footnotes":""},"categories":[38],"tags":[73,3683,2703,1255,3685,14,3684,33,3682],"class_list":["post-2970","post","type-post","status-publish","format-standard","has-post-thumbnail","hentry","category-sante","tag-black","tag-doffres","tag-fitness","tag-friday","tag-garmin","tag-les","tag-montres","tag-sur","tag-tellement","generate-columns","tablet-grid-50","mobile-grid-100","grid-parent","grid-33"],"yoast_head":"<!-- This site is optimized with the Yoast SEO plugin v24.0 - https:\/\/yoast.com\/wordpress\/plugins\/seo\/ -->\n<title>Il y a tellement d&#039;offres Black Friday sur les montres de fitness Garmin | Vie Associative<\/title>\n<meta name=\"robots\" content=\"index, follow, max-snippet:-1, max-image-preview:large, max-video-preview:-1\" \/>\n<link rel=\"canonical\" href=\"https:\/\/vieassociative.be\/actualites\/il-y-a-tellement-doffres-black-friday-sur-les-montres-de-fitness-garmin\/\" \/>\n<meta property=\"og:locale\" content=\"fr_FR\" \/>\n<meta property=\"og:type\" content=\"article\" \/>\n<meta property=\"og:title\" content=\"Il y a tellement d&#039;offres Black Friday sur les montres de fitness Garmin | Vie Associative\" \/>\n<meta property=\"og:description\" content=\"Les montres Venu, Vivoactive et Instinct, ainsi que presque tout ce qui concerne la gamme Forerunner, sont toutes en vente actuellement. Les montres Garmin font\" \/>\n<meta property=\"og:url\" content=\"https:\/\/vieassociative.be\/actualites\/il-y-a-tellement-doffres-black-friday-sur-les-montres-de-fitness-garmin\/\" \/>\n<meta property=\"og:site_name\" content=\"Vie Associative\" \/>\n<meta property=\"article:published_time\" content=\"2024-12-02T01:17:37+00:00\" \/>\n<meta property=\"og:image\" content=\"https:\/\/vieassociative.be\/actualites\/wp-content\/uploads\/2024\/09\/header_backgroundk-01-e1726694325946.png\" \/>\n\t<meta property=\"og:image:width\" content=\"279\" \/>\n\t<meta property=\"og:image:height\" content=\"92\" \/>\n\t<meta property=\"og:image:type\" content=\"image\/png\" \/>\n<meta name=\"author\" content=\"Julien\" \/>\n<meta name=\"twitter:card\" content=\"summary_large_image\" \/>\n<meta name=\"twitter:label1\" content=\"\u00c9crit par\" \/>\n\t<meta name=\"twitter:data1\" content=\"Julien\" \/>\n\t<meta name=\"twitter:label2\" content=\"Dur\u00e9e de lecture est.\" \/>\n\t<meta name=\"twitter:data2\" content=\"8 minutes\" \/>\n<script type=\"application\/ld+json\" class=\"yoast-schema-graph\">{\"@context\":\"https:\/\/schema.org\",\"@graph\":[{\"@type\":\"Article\",\"@id\":\"https:\/\/vieassociative.be\/actualites\/il-y-a-tellement-doffres-black-friday-sur-les-montres-de-fitness-garmin\/#article\",\"isPartOf\":{\"@id\":\"https:\/\/vieassociative.be\/actualites\/il-y-a-tellement-doffres-black-friday-sur-les-montres-de-fitness-garmin\/\"},\"author\":{\"name\":\"Julien\",\"@id\":\"https:\/\/vieassociative.be\/actualites\/#\/schema\/person\/b87ac4f82f9d4e7b7cec7395b679edc4\"},\"headline\":\"Il y a tellement d&rsquo;offres Black Friday sur les montres de fitness Garmin\",\"datePublished\":\"2024-12-02T01:17:37+00:00\",\"dateModified\":\"2024-12-02T01:17:37+00:00\",\"mainEntityOfPage\":{\"@id\":\"https:\/\/vieassociative.be\/actualites\/il-y-a-tellement-doffres-black-friday-sur-les-montres-de-fitness-garmin\/\"},\"wordCount\":1605,\"publisher\":{\"@id\":\"https:\/\/vieassociative.be\/actualites\/#organization\"},\"image\":{\"@id\":\"https:\/\/vieassociative.be\/actualites\/il-y-a-tellement-doffres-black-friday-sur-les-montres-de-fitness-garmin\/#primaryimage\"},\"thumbnailUrl\":\"https:\/\/vieassociative.be\/actualites\/wp-content\/uploads\/2024\/12\/Il-y-a-tellement-doffres-Black-Friday-sur-les-montres.png\",\"keywords\":[\"Black\",\"doffres\",\"fitness\",\"Friday\",\"Garmin\",\"Les\",\"montres\",\"sur\",\"tellement\"],\"articleSection\":[\"Sant\u00e9\"],\"inLanguage\":\"fr-BE\"},{\"@type\":\"WebPage\",\"@id\":\"https:\/\/vieassociative.be\/actualites\/il-y-a-tellement-doffres-black-friday-sur-les-montres-de-fitness-garmin\/\",\"url\":\"https:\/\/vieassociative.be\/actualites\/il-y-a-tellement-doffres-black-friday-sur-les-montres-de-fitness-garmin\/\",\"name\":\"Il y a tellement d'offres Black Friday sur les montres de fitness Garmin | Vie Associative\",\"isPartOf\":{\"@id\":\"https:\/\/vieassociative.be\/actualites\/#website\"},\"primaryImageOfPage\":{\"@id\":\"https:\/\/vieassociative.be\/actualites\/il-y-a-tellement-doffres-black-friday-sur-les-montres-de-fitness-garmin\/#primaryimage\"},\"image\":{\"@id\":\"https:\/\/vieassociative.be\/actualites\/il-y-a-tellement-doffres-black-friday-sur-les-montres-de-fitness-garmin\/#primaryimage\"},\"thumbnailUrl\":\"https:\/\/vieassociative.be\/actualites\/wp-content\/uploads\/2024\/12\/Il-y-a-tellement-doffres-Black-Friday-sur-les-montres.png\",\"datePublished\":\"2024-12-02T01:17:37+00:00\",\"dateModified\":\"2024-12-02T01:17:37+00:00\",\"breadcrumb\":{\"@id\":\"https:\/\/vieassociative.be\/actualites\/il-y-a-tellement-doffres-black-friday-sur-les-montres-de-fitness-garmin\/#breadcrumb\"},\"inLanguage\":\"fr-BE\",\"potentialAction\":[{\"@type\":\"ReadAction\",\"target\":[\"https:\/\/vieassociative.be\/actualites\/il-y-a-tellement-doffres-black-friday-sur-les-montres-de-fitness-garmin\/\"]}]},{\"@type\":\"ImageObject\",\"inLanguage\":\"fr-BE\",\"@id\":\"https:\/\/vieassociative.be\/actualites\/il-y-a-tellement-doffres-black-friday-sur-les-montres-de-fitness-garmin\/#primaryimage\",\"url\":\"https:\/\/vieassociative.be\/actualites\/wp-content\/uploads\/2024\/12\/Il-y-a-tellement-doffres-Black-Friday-sur-les-montres.png\",\"contentUrl\":\"https:\/\/vieassociative.be\/actualites\/wp-content\/uploads\/2024\/12\/Il-y-a-tellement-doffres-Black-Friday-sur-les-montres.png\",\"width\":1200,\"height\":675,\"caption\":\"Il y a tellement d'offres Black Friday sur les montres de fitness Garmin\"},{\"@type\":\"BreadcrumbList\",\"@id\":\"https:\/\/vieassociative.be\/actualites\/il-y-a-tellement-doffres-black-friday-sur-les-montres-de-fitness-garmin\/#breadcrumb\",\"itemListElement\":[{\"@type\":\"ListItem\",\"position\":1,\"name\":\"Accueil\",\"item\":\"https:\/\/vieassociative.be\/actualites\/\"},{\"@type\":\"ListItem\",\"position\":2,\"name\":\"Il y a tellement d&rsquo;offres Black Friday sur les montres de fitness Garmin\"}]},{\"@type\":\"WebSite\",\"@id\":\"https:\/\/vieassociative.be\/actualites\/#website\",\"url\":\"https:\/\/vieassociative.be\/actualites\/\",\"name\":\"Vie Associative\",\"description\":\"\",\"publisher\":{\"@id\":\"https:\/\/vieassociative.be\/actualites\/#organization\"},\"potentialAction\":[{\"@type\":\"SearchAction\",\"target\":{\"@type\":\"EntryPoint\",\"urlTemplate\":\"https:\/\/vieassociative.be\/actualites\/?s={search_term_string}\"},\"query-input\":{\"@type\":\"PropertyValueSpecification\",\"valueRequired\":true,\"valueName\":\"search_term_string\"}}],\"inLanguage\":\"fr-BE\"},{\"@type\":\"Organization\",\"@id\":\"https:\/\/vieassociative.be\/actualites\/#organization\",\"name\":\"Vie Associative\",\"url\":\"https:\/\/vieassociative.be\/actualites\/\",\"logo\":{\"@type\":\"ImageObject\",\"inLanguage\":\"fr-BE\",\"@id\":\"https:\/\/vieassociative.be\/actualites\/#\/schema\/logo\/image\/\",\"url\":\"https:\/\/vieassociative.be\/actualites\/wp-content\/uploads\/2024\/09\/cropped-vieassociative_favicon.ico.png\",\"contentUrl\":\"https:\/\/vieassociative.be\/actualites\/wp-content\/uploads\/2024\/09\/cropped-vieassociative_favicon.ico.png\",\"width\":512,\"height\":512,\"caption\":\"Vie Associative\"},\"image\":{\"@id\":\"https:\/\/vieassociative.be\/actualites\/#\/schema\/logo\/image\/\"}},{\"@type\":\"Person\",\"@id\":\"https:\/\/vieassociative.be\/actualites\/#\/schema\/person\/b87ac4f82f9d4e7b7cec7395b679edc4\",\"name\":\"Julien\",\"image\":{\"@type\":\"ImageObject\",\"inLanguage\":\"fr-BE\",\"@id\":\"https:\/\/vieassociative.be\/actualites\/#\/schema\/person\/image\/\",\"url\":\"https:\/\/vieassociative.be\/actualites\/wp-content\/uploads\/2024\/09\/vie-associative-1-150x150.jpg\",\"contentUrl\":\"https:\/\/vieassociative.be\/actualites\/wp-content\/uploads\/2024\/09\/vie-associative-1-150x150.jpg\",\"caption\":\"Julien\"},\"description\":\"Je suis Julien, r\u00e9dacteur pour Vie Associative. Passionn\u00e9 par le monde associatif depuis plus de 10 ans, j'ai \u00e0 c\u0153ur de partager des histoires inspirantes et de mettre en lumi\u00e8re les initiatives locales. Mon objectif est de sensibiliser et d'encourager l'engagement communautaire \u00e0 travers mes articles.\",\"sameAs\":[\"https:\/\/vieassociative.be\/\"]}]}<\/script>\n<!-- \/ Yoast SEO plugin. -->","yoast_head_json":{"title":"Il y a tellement d'offres Black Friday sur les montres de fitness Garmin | Vie Associative","robots":{"index":"index","follow":"follow","max-snippet":"max-snippet:-1","max-image-preview":"max-image-preview:large","max-video-preview":"max-video-preview:-1"},"canonical":"https:\/\/vieassociative.be\/actualites\/il-y-a-tellement-doffres-black-friday-sur-les-montres-de-fitness-garmin\/","og_locale":"fr_FR","og_type":"article","og_title":"Il y a tellement d'offres Black Friday sur les montres de fitness Garmin | Vie Associative","og_description":"Les montres Venu, Vivoactive et Instinct, ainsi que presque tout ce qui concerne la gamme Forerunner, sont toutes en vente actuellement. Les montres Garmin font","og_url":"https:\/\/vieassociative.be\/actualites\/il-y-a-tellement-doffres-black-friday-sur-les-montres-de-fitness-garmin\/","og_site_name":"Vie Associative","article_published_time":"2024-12-02T01:17:37+00:00","og_image":[{"width":279,"height":92,"url":"https:\/\/vieassociative.be\/actualites\/wp-content\/uploads\/2024\/09\/header_backgroundk-01-e1726694325946.png","type":"image\/png"}],"author":"Julien","twitter_card":"summary_large_image","twitter_misc":{"\u00c9crit par":"Julien","Dur\u00e9e de lecture est.":"8 minutes"},"schema":{"@context":"https:\/\/schema.org","@graph":[{"@type":"Article","@id":"https:\/\/vieassociative.be\/actualites\/il-y-a-tellement-doffres-black-friday-sur-les-montres-de-fitness-garmin\/#article","isPartOf":{"@id":"https:\/\/vieassociative.be\/actualites\/il-y-a-tellement-doffres-black-friday-sur-les-montres-de-fitness-garmin\/"},"author":{"name":"Julien","@id":"https:\/\/vieassociative.be\/actualites\/#\/schema\/person\/b87ac4f82f9d4e7b7cec7395b679edc4"},"headline":"Il y a tellement d&rsquo;offres Black Friday sur les montres de fitness Garmin","datePublished":"2024-12-02T01:17:37+00:00","dateModified":"2024-12-02T01:17:37+00:00","mainEntityOfPage":{"@id":"https:\/\/vieassociative.be\/actualites\/il-y-a-tellement-doffres-black-friday-sur-les-montres-de-fitness-garmin\/"},"wordCount":1605,"publisher":{"@id":"https:\/\/vieassociative.be\/actualites\/#organization"},"image":{"@id":"https:\/\/vieassociative.be\/actualites\/il-y-a-tellement-doffres-black-friday-sur-les-montres-de-fitness-garmin\/#primaryimage"},"thumbnailUrl":"https:\/\/vieassociative.be\/actualites\/wp-content\/uploads\/2024\/12\/Il-y-a-tellement-doffres-Black-Friday-sur-les-montres.png","keywords":["Black","doffres","fitness","Friday","Garmin","Les","montres","sur","tellement"],"articleSection":["Sant\u00e9"],"inLanguage":"fr-BE"},{"@type":"WebPage","@id":"https:\/\/vieassociative.be\/actualites\/il-y-a-tellement-doffres-black-friday-sur-les-montres-de-fitness-garmin\/","url":"https:\/\/vieassociative.be\/actualites\/il-y-a-tellement-doffres-black-friday-sur-les-montres-de-fitness-garmin\/","name":"Il y a tellement d'offres Black Friday sur les montres de fitness Garmin | Vie Associative","isPartOf":{"@id":"https:\/\/vieassociative.be\/actualites\/#website"},"primaryImageOfPage":{"@id":"https:\/\/vieassociative.be\/actualites\/il-y-a-tellement-doffres-black-friday-sur-les-montres-de-fitness-garmin\/#primaryimage"},"image":{"@id":"https:\/\/vieassociative.be\/actualites\/il-y-a-tellement-doffres-black-friday-sur-les-montres-de-fitness-garmin\/#primaryimage"},"thumbnailUrl":"https:\/\/vieassociative.be\/actualites\/wp-content\/uploads\/2024\/12\/Il-y-a-tellement-doffres-Black-Friday-sur-les-montres.png","datePublished":"2024-12-02T01:17:37+00:00","dateModified":"2024-12-02T01:17:37+00:00","breadcrumb":{"@id":"https:\/\/vieassociative.be\/actualites\/il-y-a-tellement-doffres-black-friday-sur-les-montres-de-fitness-garmin\/#breadcrumb"},"inLanguage":"fr-BE","potentialAction":[{"@type":"ReadAction","target":["https:\/\/vieassociative.be\/actualites\/il-y-a-tellement-doffres-black-friday-sur-les-montres-de-fitness-garmin\/"]}]},{"@type":"ImageObject","inLanguage":"fr-BE","@id":"https:\/\/vieassociative.be\/actualites\/il-y-a-tellement-doffres-black-friday-sur-les-montres-de-fitness-garmin\/#primaryimage","url":"https:\/\/vieassociative.be\/actualites\/wp-content\/uploads\/2024\/12\/Il-y-a-tellement-doffres-Black-Friday-sur-les-montres.png","contentUrl":"https:\/\/vieassociative.be\/actualites\/wp-content\/uploads\/2024\/12\/Il-y-a-tellement-doffres-Black-Friday-sur-les-montres.png","width":1200,"height":675,"caption":"Il y a tellement d'offres Black Friday sur les montres de fitness Garmin"},{"@type":"BreadcrumbList","@id":"https:\/\/vieassociative.be\/actualites\/il-y-a-tellement-doffres-black-friday-sur-les-montres-de-fitness-garmin\/#breadcrumb","itemListElement":[{"@type":"ListItem","position":1,"name":"Accueil","item":"https:\/\/vieassociative.be\/actualites\/"},{"@type":"ListItem","position":2,"name":"Il y a tellement d&rsquo;offres Black Friday sur les montres de fitness Garmin"}]},{"@type":"WebSite","@id":"https:\/\/vieassociative.be\/actualites\/#website","url":"https:\/\/vieassociative.be\/actualites\/","name":"Vie Associative","description":"","publisher":{"@id":"https:\/\/vieassociative.be\/actualites\/#organization"},"potentialAction":[{"@type":"SearchAction","target":{"@type":"EntryPoint","urlTemplate":"https:\/\/vieassociative.be\/actualites\/?s={search_term_string}"},"query-input":{"@type":"PropertyValueSpecification","valueRequired":true,"valueName":"search_term_string"}}],"inLanguage":"fr-BE"},{"@type":"Organization","@id":"https:\/\/vieassociative.be\/actualites\/#organization","name":"Vie Associative","url":"https:\/\/vieassociative.be\/actualites\/","logo":{"@type":"ImageObject","inLanguage":"fr-BE","@id":"https:\/\/vieassociative.be\/actualites\/#\/schema\/logo\/image\/","url":"https:\/\/vieassociative.be\/actualites\/wp-content\/uploads\/2024\/09\/cropped-vieassociative_favicon.ico.png","contentUrl":"https:\/\/vieassociative.be\/actualites\/wp-content\/uploads\/2024\/09\/cropped-vieassociative_favicon.ico.png","width":512,"height":512,"caption":"Vie Associative"},"image":{"@id":"https:\/\/vieassociative.be\/actualites\/#\/schema\/logo\/image\/"}},{"@type":"Person","@id":"https:\/\/vieassociative.be\/actualites\/#\/schema\/person\/b87ac4f82f9d4e7b7cec7395b679edc4","name":"Julien","image":{"@type":"ImageObject","inLanguage":"fr-BE","@id":"https:\/\/vieassociative.be\/actualites\/#\/schema\/person\/image\/","url":"https:\/\/vieassociative.be\/actualites\/wp-content\/uploads\/2024\/09\/vie-associative-1-150x150.jpg","contentUrl":"https:\/\/vieassociative.be\/actualites\/wp-content\/uploads\/2024\/09\/vie-associative-1-150x150.jpg","caption":"Julien"},"description":"Je suis Julien, r\u00e9dacteur pour Vie Associative. Passionn\u00e9 par le monde associatif depuis plus de 10 ans, j'ai \u00e0 c\u0153ur de partager des histoires inspirantes et de mettre en lumi\u00e8re les initiatives locales. Mon objectif est de sensibiliser et d'encourager l'engagement communautaire \u00e0 travers mes articles.","sameAs":["https:\/\/vieassociative.be\/"]}]}},"_links":{"self":[{"href":"https:\/\/vieassociative.be\/actualites\/wp-json\/wp\/v2\/posts\/2970"}],"collection":[{"href":"https:\/\/vieassociative.be\/actualites\/wp-json\/wp\/v2\/posts"}],"about":[{"href":"https:\/\/vieassociative.be\/actualites\/wp-json\/wp\/v2\/types\/post"}],"author":[{"embeddable":true,"href":"https:\/\/vieassociative.be\/actualites\/wp-json\/wp\/v2\/users\/1"}],"replies":[{"embeddable":true,"href":"https:\/\/vieassociative.be\/actualites\/wp-json\/wp\/v2\/comments?post=2970"}],"version-history":[{"count":0,"href":"https:\/\/vieassociative.be\/actualites\/wp-json\/wp\/v2\/posts\/2970\/revisions"}],"wp:featuredmedia":[{"embeddable":true,"href":"https:\/\/vieassociative.be\/actualites\/wp-json\/wp\/v2\/media\/2971"}],"wp:attachment":[{"href":"https:\/\/vieassociative.be\/actualites\/wp-json\/wp\/v2\/media?parent=2970"}],"wp:term":[{"taxonomy":"category","embeddable":true,"href":"https:\/\/vieassociative.be\/actualites\/wp-json\/wp\/v2\/categories?post=2970"},{"taxonomy":"post_tag","embeddable":true,"href":"https:\/\/vieassociative.be\/actualites\/wp-json\/wp\/v2\/tags?post=2970"}],"curies":[{"name":"wp","href":"https:\/\/api.w.org\/{rel}","templated":true}]}}