{"id":297,"date":"2024-09-22T03:38:48","date_gmt":"2024-09-22T01:38:48","guid":{"rendered":"https:\/\/vieassociative.be\/actualites\/terreur-a-bruxelles-la-polizei-hatte-zu-vor-risante-erkenntnisse\/"},"modified":"2024-09-22T03:38:51","modified_gmt":"2024-09-22T01:38:51","slug":"terreur-a-bruxelles-la-polizei-hatte-zu-vor-risante-erkenntnisse","status":"publish","type":"post","link":"https:\/\/vieassociative.be\/actualites\/terreur-a-bruxelles-la-polizei-hatte-zu-vor-risante-erkenntnisse\/","title":{"rendered":"Terreur \u00e0 Bruxelles : la Polizei hatte zu vor risante Erkenntnisse"},"content":{"rendered":"<p><\/p>\n<p class=\"font-sans font-medium\">  L&rsquo;Anschlag auf Swiss Fu\u00dfballfans \u00e0 Bruxelles touche des personnes dans toute l&rsquo;Europe. Le terroriste se m\u00e9fiait de la police.<\/p>\n<aside class=\"h-ad-280+text lg:h-0 \" data-slot-id=\"pos1_sm\" data-breakpoint=\"sm\" data-hide-ad-text=\"false\" data-module-id=\"SparkAdSlotModule\"><\/aside>\n<p>Der Attent\u00e4ter ruft \u201eAllahu Akbar\u201c, w\u00e4hrend l\u00e0 avec des feux de circulation automatiques plus sur la route dans la ville int\u00e9rieure de Bruxelles en soi. Suit ensuite Abdesalem L., deux fans de football suisses, qui courront avec un Taxi dans un nouvel environnement et auront h\u00e2te de vous revoir plus tard. Ils sont toujours en ville, le Taxifahrer \u00fcberlebt schwerverletzt. Course schlie\u00dflich du Tunisien de 45 ans sur sa moto, avouant son sp\u00e4ter dans une vid\u00e9o sur Facebook pour Terror Organization<strong> \u00c9tat islamique<\/strong> (EST).<\/p>\n<p>14 Les \u00e9v\u00e9nements sont \u00e9galement attentifs \u00e0 tous\u00a0: Lors d&rsquo;une f\u00eate dans un caf\u00e9, je suis <strong>Bruxelles <\/strong>Norden am Dienstagmorgen s&rsquo;est efforc\u00e9 de s&rsquo;efforcer d&rsquo;avoir une police avec un Schuss dans la Brust nieder, im Krankenhaus erliegt l\u00e0 dans des Verletzungen. Si vous signalez le festival \u00e0 trois kilom\u00e8tres de la porte, vous n&rsquo;aurez pas \u00e0 vous soucier du tunisien, ni du Gewehr automatique lui-m\u00eame, avec l&rsquo;attention que vous portez.<\/p>\n<p><strong>Exp\u00e9riences En savoir plus sur l&rsquo;Anschlag\u00a0: <\/strong>Les hommes \u00e0 Bruxelles get\u00f6tet \u2013 Mutma\u00dflicher T\u00e4ter erschossen<\/p>\n<div id=\"piano-banner-kampagne\" class=\"mb-4 block\"><\/div>\n<div id=\"piano-reco-widget\" class=\"mb-4 block\"><\/div>\n<p><!-- opinary --><\/p>\n<div class=\"w-full bg-background-100\">\n<div id=\"opinary-automation-placeholder\" class=\"w-full\"><\/div>\n<\/p><\/div>\n<h3>Attention \u00e0 Bruxelles : crainte d&rsquo;un puits de terre<\/h3>\n<p>Le choc \u00e0 Bruxelles est le plus grand : la guerre de la M\u00e9tropole europ\u00e9enne pour les ann\u00e9es \u00e0 venir, l&rsquo;attention islamiste sur les a\u00e9roports et le U-Bahn, qui ont tous deux fait 32 morts et 340 personnes ont \u00e9t\u00e9 perdues. Einige der inzwischen verurteilten Attent\u00e4ter geh\u00f6rten dem IS an. Celui-la <strong>Police <\/strong>\u00e0 Bruxelles, il y a une forte prise de conscience : sachez que les avertissements terroristes des deux personnes sont conscients du plus haut niveau de s\u00e9curit\u00e9, le ministre-pr\u00e9sident Alexander de Croo est personnellement responsable de la sant\u00e9 des citoyens. La direction et les chefs de police sont responsables de la s\u00e9curit\u00e9 des forces de s\u00e9curit\u00e9 nationale.<\/p>\n<aside class=\"h-ad-600+text lg:h-0 \" data-slot-id=\"pos2_sm\" data-breakpoint=\"sm\" data-hide-ad-text=\"false\" data-module-id=\"SparkAdSlotModule\"><\/aside>\n<p>Le comportement de la terreur islamiste n\u2019a pas \u00e9t\u00e9 ignor\u00e9, mais la Polizei est claire. Die Bef\u00fcrchtung: Der Anschlag k\u00f6nnte der Beginn einer neuen <strong>Terrorwelle <\/strong>en attendant avec la voie de sortie apr\u00e8s le conflit. Les forces de s\u00e9curit\u00e9 en France r\u00e9agissent avec inqui\u00e9tude, notamment avec 7 000 soldats qui patrouillent dans les rues, car elles risquent d&rsquo;\u00eatre les victimes islamiques des jeunes qui vivent dans le nord de la France. Les mesures de s\u00e9curit\u00e9 pour les tests de l&rsquo;\u00e9quipe de France de football en Ecosse au niveau du service \u00e0 Lille aux Pays-Bas ont \u00e9t\u00e9 renforc\u00e9es, y compris les contr\u00f4les aux fronti\u00e8res en Belgique.<\/p>\n<h3>La police a fait des all\u00e9gations tragiquement fausses \u00e0 l&rsquo;Attent\u00e4ter<\/h3>\n<p>Le service m\u00e9dical n&rsquo;a pas r\u00e9ussi \u00e0 accomplir la t\u00e2che la plus compl\u00e8te d&rsquo;Abdesalem L., mais la police s&rsquo;est rendue compte qu&rsquo;il s&rsquo;agissait d&rsquo;une guerre in\u00e9dite. Si vous lisez l\u2019arabe apr\u00e8s le Tat dans une vid\u00e9o, vous verrez \u00ab K\u00e4mpfer f\u00fcr Allah \u00bb. Er habe die Tat ver\u00fcbt, \u00ab um die Muslime zu rachen \u00bb. Die Sicherheitsbeh\u00f6rden hatten den T\u00e4ter, der in dem teils von muslimischen <strong>Migrants <\/strong>Si vous habitez dans la ville de Schaerbeek, vous serez expos\u00e9 au radar, mais si vous \u00eates dans une situation tragique : Beamte eine Terror-Ermittlungszentrums hatten nunige Tage vor der Tat Kontakt zu ihm.<\/p>\n<p><!-- Taboola Container --><\/p>\n<aside class=\" w-full\" data-module-id=\"TaboolaContainerModule\" data-container-id=\"taboola-article-mid-article\" data-mode=\"thumbnails-a\" data-target-type=\"mix\" data-is-mid-article=\"true\" data-variant=\"mid-article\" data-gallery-number=\"undefined\">\n<div id=\"taboola-article-mid-article\"><\/div>\n<\/aside>\n<p>Zuvor hatte der Mann un <strong>Travailleur d&rsquo;asile<\/strong> bedroht, der ihn den Beh\u00f6rden comme dans les terroristes rapport\u00e9s tunisiens. Des policiers se sont rendus sur place par la suite, d\u00e9clarant qu'\u00a0\u00bbil n&rsquo;y avait pas d&rsquo;attaque terroriste imm\u00e9diate\u00a0\u00bb, mais que la situation aurait de graves implications juridiques, dont le ministre de la Justice Vincent Van Quickenborne tiendra compte. Les experts de la Police f\u00e9d\u00e9rale belge sont fiers de discuter des possibilit\u00e9s de suspects terroristes au sein des services de police.<\/p>\n<p>Abdesalem L. war der Polizei aber routes Human Trafficking, Illegal Aufenthalt and Gef\u00e4hrdung der Staatssicherheit bekannt. Bereits 2016 a conserv\u00e9 cela <strong>Mesures de s\u00e9curit\u00e9 <\/strong>Il existe \u00e9galement un certain nombre de services secrets locaux, tels que la radioprotection des \u00eatres humains et l&rsquo;information, \u00e9galement disponibles dans le contexte du conflit. La police n&rsquo;a pas r\u00e9pondu du tout, mais le public a \u00e9t\u00e9 inform\u00e9 par le message \u00ab\u00a0Dutzende\u00a0\u00bb solcher re\u00e7u, a inform\u00e9 le ministre de la Justice Quickenborne. Nous n&rsquo;avons fourni aucune information concr\u00e8te sur une attaque radiologique, mais l&rsquo;homme ne serait pas affect\u00e9 par le suspect terroriste.<\/p>\n<aside class=\"h-ad-280+text lg:h-0 \" data-slot-id=\"pos3_sm\" data-breakpoint=\"sm\" data-hide-ad-text=\"false\" data-module-id=\"SparkAdSlotModule\"><\/aside>\n<h3>Les supporters su\u00e9dois de Fu\u00dfball n&rsquo;aimaient pas le Zufallsopfer<\/h3>\n<p>Le Tunisien a commenc\u00e9 en novembre 2019 Asyl in <strong>Belgique<\/strong>l&rsquo;elfe Monate sp\u00e4ter wurde der Antrag abgelehnt, une Ausweisung stand avant. Mais ce n&rsquo;est plus le cas : \u00ab\u00a0Kurz darauf erschwand er schwand er vom Radar\u00a0\u00bb, message Ermittler. Il y a des fans suisses de Fu\u00dfball qui seront satisfaits de leurs r\u00e9sultats : dans un jour, la vid\u00e9o sera l\u00e0 &#8211; avec un regard sur les transmissions du Coran en Su\u00e8de &#8211; il est clair que le Coran est pr\u00eat pour \u00ab\u00a0une grande ligne\u00a0\u00bb. Le gouvernement de l&rsquo;\u00c9tat est responsable de la Vermutung, ce qui signifie que les Vorf\u00e4lle en Su\u00e8de peuvent \u00eatre motiv\u00e9es.<\/p>\n<p>Indices sur une relation avec leur conflit en Isra\u00ebl et avec eux <strong>Bandes de Gaza <\/strong>dites au revoir \u00e0 votre journ\u00e9e. Les relations su\u00e9doises dans le monde musulman se caract\u00e9risent par des actions plus islamiques, avec un acc\u00e8s plus ouvert aux \u00e9tudes coraniques, plus d&rsquo;ann\u00e9es d&rsquo;exp\u00e9rience et ma compr\u00e9hension du Kriminologe Micha\u00ebl Dantinne de l&rsquo;Universit\u00e4t L\u00fcttich im belgischen Fernsehen. Zur Tatzeit trat die Swiss Fu\u00dfballnationalmannschaft beim EM-Qualifikationsspiel gegen Belgien an. Le jeu a \u00e9t\u00e9 pris en compte par la voie de l&rsquo;attention. Le ministre-pr\u00e9sident su\u00e9dois Ulf Kristersson a donn\u00e9 \u00e0 cet \u00e9gard une explication sur les \u00ab plus grands avantages de la guerre mondiale en mati\u00e8re de sant\u00e9 et de s\u00e9curit\u00e9 \u00bb pour le pays. Le pr\u00e9sident fran\u00e7ais Emmanuel Macron a d\u00e9clar\u00e9 apr\u00e8s l\u2019Anschlag : \u00ab L\u2019Europe est en train d\u2019\u00eatre d\u00e9truite \u00bb.<\/p>\n<aside class=\"h-ad-280+text lg:h-0 \" data-slot-id=\"pos4_sm\" data-breakpoint=\"sm\" data-hide-ad-text=\"false\" data-module-id=\"SparkAdSlotModule\"><\/aside>\n","protected":false},"excerpt":{"rendered":"<p>L&rsquo;Anschlag auf Swiss Fu\u00dfballfans \u00e0 Bruxelles touche des personnes dans toute l&rsquo;Europe. Le terroriste se m\u00e9fiait de la police. Der Attent\u00e4ter ruft \u201eAllahu Akbar\u201c, w\u00e4hrend<\/p>\n","protected":false},"author":1,"featured_media":298,"comment_status":"closed","ping_status":"","sticky":false,"template":"","format":"standard","meta":{"footnotes":""},"categories":[298],"tags":[455,460,457,456,459,454,458],"class_list":["post-297","post","type-post","status-publish","format-standard","has-post-thumbnail","hentry","category-belgique","tag-bruxelles","tag-erkenntnisse","tag-hatte","tag-polizei","tag-risante","tag-terreur","tag-vor","generate-columns","tablet-grid-50","mobile-grid-100","grid-parent","grid-33"],"yoast_head":"<!-- This site is optimized with the Yoast SEO plugin v24.0 - https:\/\/yoast.com\/wordpress\/plugins\/seo\/ -->\n<title>Terreur \u00e0 Bruxelles : la Polizei hatte zu vor risante Erkenntnisse | Vie Associative<\/title>\n<meta name=\"robots\" content=\"index, follow, max-snippet:-1, max-image-preview:large, max-video-preview:-1\" \/>\n<link rel=\"canonical\" href=\"https:\/\/vieassociative.be\/actualites\/terreur-a-bruxelles-la-polizei-hatte-zu-vor-risante-erkenntnisse\/\" \/>\n<meta property=\"og:locale\" content=\"fr_FR\" \/>\n<meta property=\"og:type\" content=\"article\" \/>\n<meta property=\"og:title\" content=\"Terreur \u00e0 Bruxelles : la Polizei hatte zu vor risante Erkenntnisse | Vie Associative\" \/>\n<meta property=\"og:description\" content=\"L&rsquo;Anschlag auf Swiss Fu\u00dfballfans \u00e0 Bruxelles touche des personnes dans toute l&rsquo;Europe. Le terroriste se m\u00e9fiait de la police. Der Attent\u00e4ter ruft \u201eAllahu Akbar\u201c, w\u00e4hrend\" \/>\n<meta property=\"og:url\" content=\"https:\/\/vieassociative.be\/actualites\/terreur-a-bruxelles-la-polizei-hatte-zu-vor-risante-erkenntnisse\/\" \/>\n<meta property=\"og:site_name\" content=\"Vie Associative\" \/>\n<meta property=\"article:published_time\" content=\"2024-09-22T01:38:48+00:00\" \/>\n<meta property=\"article:modified_time\" content=\"2024-09-22T01:38:51+00:00\" \/>\n<meta property=\"og:image\" content=\"https:\/\/vieassociative.be\/actualites\/wp-content\/uploads\/2024\/09\/1726969129_Terreur-a-Bruxelles-la-Polizei-hatte-zu-vor-risante.jpeg\" \/>\n\t<meta property=\"og:image:width\" content=\"1600\" \/>\n\t<meta property=\"og:image:height\" content=\"900\" \/>\n\t<meta property=\"og:image:type\" content=\"image\/jpeg\" \/>\n<meta name=\"author\" content=\"Julien\" \/>\n<meta name=\"twitter:card\" content=\"summary_large_image\" \/>\n<meta name=\"twitter:label1\" content=\"\u00c9crit par\" \/>\n\t<meta name=\"twitter:data1\" content=\"Julien\" \/>\n\t<meta name=\"twitter:label2\" content=\"Dur\u00e9e de lecture est.\" \/>\n\t<meta name=\"twitter:data2\" content=\"5 minutes\" \/>\n<script type=\"application\/ld+json\" class=\"yoast-schema-graph\">{\"@context\":\"https:\/\/schema.org\",\"@graph\":[{\"@type\":\"Article\",\"@id\":\"https:\/\/vieassociative.be\/actualites\/terreur-a-bruxelles-la-polizei-hatte-zu-vor-risante-erkenntnisse\/#article\",\"isPartOf\":{\"@id\":\"https:\/\/vieassociative.be\/actualites\/terreur-a-bruxelles-la-polizei-hatte-zu-vor-risante-erkenntnisse\/\"},\"author\":{\"name\":\"Julien\",\"@id\":\"https:\/\/vieassociative.be\/actualites\/#\/schema\/person\/b87ac4f82f9d4e7b7cec7395b679edc4\"},\"headline\":\"Terreur \u00e0 Bruxelles : la Polizei hatte zu vor risante Erkenntnisse\",\"datePublished\":\"2024-09-22T01:38:48+00:00\",\"dateModified\":\"2024-09-22T01:38:51+00:00\",\"mainEntityOfPage\":{\"@id\":\"https:\/\/vieassociative.be\/actualites\/terreur-a-bruxelles-la-polizei-hatte-zu-vor-risante-erkenntnisse\/\"},\"wordCount\":1049,\"publisher\":{\"@id\":\"https:\/\/vieassociative.be\/actualites\/#organization\"},\"image\":{\"@id\":\"https:\/\/vieassociative.be\/actualites\/terreur-a-bruxelles-la-polizei-hatte-zu-vor-risante-erkenntnisse\/#primaryimage\"},\"thumbnailUrl\":\"https:\/\/vieassociative.be\/actualites\/wp-content\/uploads\/2024\/09\/1726969129_Terreur-a-Bruxelles-la-Polizei-hatte-zu-vor-risante.jpeg\",\"keywords\":[\"Bruxelles\",\"Erkenntnisse\",\"hatte\",\"Polizei\",\"risante\",\"Terreur\",\"vor\"],\"articleSection\":[\"Belgique\"],\"inLanguage\":\"fr-BE\"},{\"@type\":\"WebPage\",\"@id\":\"https:\/\/vieassociative.be\/actualites\/terreur-a-bruxelles-la-polizei-hatte-zu-vor-risante-erkenntnisse\/\",\"url\":\"https:\/\/vieassociative.be\/actualites\/terreur-a-bruxelles-la-polizei-hatte-zu-vor-risante-erkenntnisse\/\",\"name\":\"Terreur \u00e0 Bruxelles : la Polizei hatte zu vor risante Erkenntnisse | Vie Associative\",\"isPartOf\":{\"@id\":\"https:\/\/vieassociative.be\/actualites\/#website\"},\"primaryImageOfPage\":{\"@id\":\"https:\/\/vieassociative.be\/actualites\/terreur-a-bruxelles-la-polizei-hatte-zu-vor-risante-erkenntnisse\/#primaryimage\"},\"image\":{\"@id\":\"https:\/\/vieassociative.be\/actualites\/terreur-a-bruxelles-la-polizei-hatte-zu-vor-risante-erkenntnisse\/#primaryimage\"},\"thumbnailUrl\":\"https:\/\/vieassociative.be\/actualites\/wp-content\/uploads\/2024\/09\/1726969129_Terreur-a-Bruxelles-la-Polizei-hatte-zu-vor-risante.jpeg\",\"datePublished\":\"2024-09-22T01:38:48+00:00\",\"dateModified\":\"2024-09-22T01:38:51+00:00\",\"breadcrumb\":{\"@id\":\"https:\/\/vieassociative.be\/actualites\/terreur-a-bruxelles-la-polizei-hatte-zu-vor-risante-erkenntnisse\/#breadcrumb\"},\"inLanguage\":\"fr-BE\",\"potentialAction\":[{\"@type\":\"ReadAction\",\"target\":[\"https:\/\/vieassociative.be\/actualites\/terreur-a-bruxelles-la-polizei-hatte-zu-vor-risante-erkenntnisse\/\"]}]},{\"@type\":\"ImageObject\",\"inLanguage\":\"fr-BE\",\"@id\":\"https:\/\/vieassociative.be\/actualites\/terreur-a-bruxelles-la-polizei-hatte-zu-vor-risante-erkenntnisse\/#primaryimage\",\"url\":\"https:\/\/vieassociative.be\/actualites\/wp-content\/uploads\/2024\/09\/1726969129_Terreur-a-Bruxelles-la-Polizei-hatte-zu-vor-risante.jpeg\",\"contentUrl\":\"https:\/\/vieassociative.be\/actualites\/wp-content\/uploads\/2024\/09\/1726969129_Terreur-a-Bruxelles-la-Polizei-hatte-zu-vor-risante.jpeg\",\"width\":1600,\"height\":900,\"caption\":\"Terreur \u00e0 Bruxelles : la Polizei hatte zu vor risante Erkenntnisse\"},{\"@type\":\"BreadcrumbList\",\"@id\":\"https:\/\/vieassociative.be\/actualites\/terreur-a-bruxelles-la-polizei-hatte-zu-vor-risante-erkenntnisse\/#breadcrumb\",\"itemListElement\":[{\"@type\":\"ListItem\",\"position\":1,\"name\":\"Accueil\",\"item\":\"https:\/\/vieassociative.be\/actualites\/\"},{\"@type\":\"ListItem\",\"position\":2,\"name\":\"Terreur \u00e0 Bruxelles : la Polizei hatte zu vor risante Erkenntnisse\"}]},{\"@type\":\"WebSite\",\"@id\":\"https:\/\/vieassociative.be\/actualites\/#website\",\"url\":\"https:\/\/vieassociative.be\/actualites\/\",\"name\":\"Vie Associative\",\"description\":\"\",\"publisher\":{\"@id\":\"https:\/\/vieassociative.be\/actualites\/#organization\"},\"potentialAction\":[{\"@type\":\"SearchAction\",\"target\":{\"@type\":\"EntryPoint\",\"urlTemplate\":\"https:\/\/vieassociative.be\/actualites\/?s={search_term_string}\"},\"query-input\":{\"@type\":\"PropertyValueSpecification\",\"valueRequired\":true,\"valueName\":\"search_term_string\"}}],\"inLanguage\":\"fr-BE\"},{\"@type\":\"Organization\",\"@id\":\"https:\/\/vieassociative.be\/actualites\/#organization\",\"name\":\"Vie Associative\",\"url\":\"https:\/\/vieassociative.be\/actualites\/\",\"logo\":{\"@type\":\"ImageObject\",\"inLanguage\":\"fr-BE\",\"@id\":\"https:\/\/vieassociative.be\/actualites\/#\/schema\/logo\/image\/\",\"url\":\"https:\/\/vieassociative.be\/actualites\/wp-content\/uploads\/2024\/09\/cropped-vieassociative_favicon.ico.png\",\"contentUrl\":\"https:\/\/vieassociative.be\/actualites\/wp-content\/uploads\/2024\/09\/cropped-vieassociative_favicon.ico.png\",\"width\":512,\"height\":512,\"caption\":\"Vie Associative\"},\"image\":{\"@id\":\"https:\/\/vieassociative.be\/actualites\/#\/schema\/logo\/image\/\"}},{\"@type\":\"Person\",\"@id\":\"https:\/\/vieassociative.be\/actualites\/#\/schema\/person\/b87ac4f82f9d4e7b7cec7395b679edc4\",\"name\":\"Julien\",\"image\":{\"@type\":\"ImageObject\",\"inLanguage\":\"fr-BE\",\"@id\":\"https:\/\/vieassociative.be\/actualites\/#\/schema\/person\/image\/\",\"url\":\"https:\/\/vieassociative.be\/actualites\/wp-content\/uploads\/2024\/09\/vie-associative-1-150x150.jpg\",\"contentUrl\":\"https:\/\/vieassociative.be\/actualites\/wp-content\/uploads\/2024\/09\/vie-associative-1-150x150.jpg\",\"caption\":\"Julien\"},\"description\":\"Je suis Julien, r\u00e9dacteur pour Vie Associative. Passionn\u00e9 par le monde associatif depuis plus de 10 ans, j'ai \u00e0 c\u0153ur de partager des histoires inspirantes et de mettre en lumi\u00e8re les initiatives locales. Mon objectif est de sensibiliser et d'encourager l'engagement communautaire \u00e0 travers mes articles.\",\"sameAs\":[\"https:\/\/vieassociative.be\/\"]}]}<\/script>\n<!-- \/ Yoast SEO plugin. -->","yoast_head_json":{"title":"Terreur \u00e0 Bruxelles : la Polizei hatte zu vor risante Erkenntnisse | Vie Associative","robots":{"index":"index","follow":"follow","max-snippet":"max-snippet:-1","max-image-preview":"max-image-preview:large","max-video-preview":"max-video-preview:-1"},"canonical":"https:\/\/vieassociative.be\/actualites\/terreur-a-bruxelles-la-polizei-hatte-zu-vor-risante-erkenntnisse\/","og_locale":"fr_FR","og_type":"article","og_title":"Terreur \u00e0 Bruxelles : la Polizei hatte zu vor risante Erkenntnisse | Vie Associative","og_description":"L&rsquo;Anschlag auf Swiss Fu\u00dfballfans \u00e0 Bruxelles touche des personnes dans toute l&rsquo;Europe. Le terroriste se m\u00e9fiait de la police. Der Attent\u00e4ter ruft \u201eAllahu Akbar\u201c, w\u00e4hrend","og_url":"https:\/\/vieassociative.be\/actualites\/terreur-a-bruxelles-la-polizei-hatte-zu-vor-risante-erkenntnisse\/","og_site_name":"Vie Associative","article_published_time":"2024-09-22T01:38:48+00:00","article_modified_time":"2024-09-22T01:38:51+00:00","og_image":[{"width":1600,"height":900,"url":"https:\/\/vieassociative.be\/actualites\/wp-content\/uploads\/2024\/09\/1726969129_Terreur-a-Bruxelles-la-Polizei-hatte-zu-vor-risante.jpeg","type":"image\/jpeg"}],"author":"Julien","twitter_card":"summary_large_image","twitter_misc":{"\u00c9crit par":"Julien","Dur\u00e9e de lecture est.":"5 minutes"},"schema":{"@context":"https:\/\/schema.org","@graph":[{"@type":"Article","@id":"https:\/\/vieassociative.be\/actualites\/terreur-a-bruxelles-la-polizei-hatte-zu-vor-risante-erkenntnisse\/#article","isPartOf":{"@id":"https:\/\/vieassociative.be\/actualites\/terreur-a-bruxelles-la-polizei-hatte-zu-vor-risante-erkenntnisse\/"},"author":{"name":"Julien","@id":"https:\/\/vieassociative.be\/actualites\/#\/schema\/person\/b87ac4f82f9d4e7b7cec7395b679edc4"},"headline":"Terreur \u00e0 Bruxelles : la Polizei hatte zu vor risante Erkenntnisse","datePublished":"2024-09-22T01:38:48+00:00","dateModified":"2024-09-22T01:38:51+00:00","mainEntityOfPage":{"@id":"https:\/\/vieassociative.be\/actualites\/terreur-a-bruxelles-la-polizei-hatte-zu-vor-risante-erkenntnisse\/"},"wordCount":1049,"publisher":{"@id":"https:\/\/vieassociative.be\/actualites\/#organization"},"image":{"@id":"https:\/\/vieassociative.be\/actualites\/terreur-a-bruxelles-la-polizei-hatte-zu-vor-risante-erkenntnisse\/#primaryimage"},"thumbnailUrl":"https:\/\/vieassociative.be\/actualites\/wp-content\/uploads\/2024\/09\/1726969129_Terreur-a-Bruxelles-la-Polizei-hatte-zu-vor-risante.jpeg","keywords":["Bruxelles","Erkenntnisse","hatte","Polizei","risante","Terreur","vor"],"articleSection":["Belgique"],"inLanguage":"fr-BE"},{"@type":"WebPage","@id":"https:\/\/vieassociative.be\/actualites\/terreur-a-bruxelles-la-polizei-hatte-zu-vor-risante-erkenntnisse\/","url":"https:\/\/vieassociative.be\/actualites\/terreur-a-bruxelles-la-polizei-hatte-zu-vor-risante-erkenntnisse\/","name":"Terreur \u00e0 Bruxelles : la Polizei hatte zu vor risante Erkenntnisse | Vie Associative","isPartOf":{"@id":"https:\/\/vieassociative.be\/actualites\/#website"},"primaryImageOfPage":{"@id":"https:\/\/vieassociative.be\/actualites\/terreur-a-bruxelles-la-polizei-hatte-zu-vor-risante-erkenntnisse\/#primaryimage"},"image":{"@id":"https:\/\/vieassociative.be\/actualites\/terreur-a-bruxelles-la-polizei-hatte-zu-vor-risante-erkenntnisse\/#primaryimage"},"thumbnailUrl":"https:\/\/vieassociative.be\/actualites\/wp-content\/uploads\/2024\/09\/1726969129_Terreur-a-Bruxelles-la-Polizei-hatte-zu-vor-risante.jpeg","datePublished":"2024-09-22T01:38:48+00:00","dateModified":"2024-09-22T01:38:51+00:00","breadcrumb":{"@id":"https:\/\/vieassociative.be\/actualites\/terreur-a-bruxelles-la-polizei-hatte-zu-vor-risante-erkenntnisse\/#breadcrumb"},"inLanguage":"fr-BE","potentialAction":[{"@type":"ReadAction","target":["https:\/\/vieassociative.be\/actualites\/terreur-a-bruxelles-la-polizei-hatte-zu-vor-risante-erkenntnisse\/"]}]},{"@type":"ImageObject","inLanguage":"fr-BE","@id":"https:\/\/vieassociative.be\/actualites\/terreur-a-bruxelles-la-polizei-hatte-zu-vor-risante-erkenntnisse\/#primaryimage","url":"https:\/\/vieassociative.be\/actualites\/wp-content\/uploads\/2024\/09\/1726969129_Terreur-a-Bruxelles-la-Polizei-hatte-zu-vor-risante.jpeg","contentUrl":"https:\/\/vieassociative.be\/actualites\/wp-content\/uploads\/2024\/09\/1726969129_Terreur-a-Bruxelles-la-Polizei-hatte-zu-vor-risante.jpeg","width":1600,"height":900,"caption":"Terreur \u00e0 Bruxelles : la Polizei hatte zu vor risante Erkenntnisse"},{"@type":"BreadcrumbList","@id":"https:\/\/vieassociative.be\/actualites\/terreur-a-bruxelles-la-polizei-hatte-zu-vor-risante-erkenntnisse\/#breadcrumb","itemListElement":[{"@type":"ListItem","position":1,"name":"Accueil","item":"https:\/\/vieassociative.be\/actualites\/"},{"@type":"ListItem","position":2,"name":"Terreur \u00e0 Bruxelles : la Polizei hatte zu vor risante Erkenntnisse"}]},{"@type":"WebSite","@id":"https:\/\/vieassociative.be\/actualites\/#website","url":"https:\/\/vieassociative.be\/actualites\/","name":"Vie Associative","description":"","publisher":{"@id":"https:\/\/vieassociative.be\/actualites\/#organization"},"potentialAction":[{"@type":"SearchAction","target":{"@type":"EntryPoint","urlTemplate":"https:\/\/vieassociative.be\/actualites\/?s={search_term_string}"},"query-input":{"@type":"PropertyValueSpecification","valueRequired":true,"valueName":"search_term_string"}}],"inLanguage":"fr-BE"},{"@type":"Organization","@id":"https:\/\/vieassociative.be\/actualites\/#organization","name":"Vie Associative","url":"https:\/\/vieassociative.be\/actualites\/","logo":{"@type":"ImageObject","inLanguage":"fr-BE","@id":"https:\/\/vieassociative.be\/actualites\/#\/schema\/logo\/image\/","url":"https:\/\/vieassociative.be\/actualites\/wp-content\/uploads\/2024\/09\/cropped-vieassociative_favicon.ico.png","contentUrl":"https:\/\/vieassociative.be\/actualites\/wp-content\/uploads\/2024\/09\/cropped-vieassociative_favicon.ico.png","width":512,"height":512,"caption":"Vie Associative"},"image":{"@id":"https:\/\/vieassociative.be\/actualites\/#\/schema\/logo\/image\/"}},{"@type":"Person","@id":"https:\/\/vieassociative.be\/actualites\/#\/schema\/person\/b87ac4f82f9d4e7b7cec7395b679edc4","name":"Julien","image":{"@type":"ImageObject","inLanguage":"fr-BE","@id":"https:\/\/vieassociative.be\/actualites\/#\/schema\/person\/image\/","url":"https:\/\/vieassociative.be\/actualites\/wp-content\/uploads\/2024\/09\/vie-associative-1-150x150.jpg","contentUrl":"https:\/\/vieassociative.be\/actualites\/wp-content\/uploads\/2024\/09\/vie-associative-1-150x150.jpg","caption":"Julien"},"description":"Je suis Julien, r\u00e9dacteur pour Vie Associative. Passionn\u00e9 par le monde associatif depuis plus de 10 ans, j'ai \u00e0 c\u0153ur de partager des histoires inspirantes et de mettre en lumi\u00e8re les initiatives locales. Mon objectif est de sensibiliser et d'encourager l'engagement communautaire \u00e0 travers mes articles.","sameAs":["https:\/\/vieassociative.be\/"]}]}},"_links":{"self":[{"href":"https:\/\/vieassociative.be\/actualites\/wp-json\/wp\/v2\/posts\/297"}],"collection":[{"href":"https:\/\/vieassociative.be\/actualites\/wp-json\/wp\/v2\/posts"}],"about":[{"href":"https:\/\/vieassociative.be\/actualites\/wp-json\/wp\/v2\/types\/post"}],"author":[{"embeddable":true,"href":"https:\/\/vieassociative.be\/actualites\/wp-json\/wp\/v2\/users\/1"}],"replies":[{"embeddable":true,"href":"https:\/\/vieassociative.be\/actualites\/wp-json\/wp\/v2\/comments?post=297"}],"version-history":[{"count":1,"href":"https:\/\/vieassociative.be\/actualites\/wp-json\/wp\/v2\/posts\/297\/revisions"}],"predecessor-version":[{"id":299,"href":"https:\/\/vieassociative.be\/actualites\/wp-json\/wp\/v2\/posts\/297\/revisions\/299"}],"wp:featuredmedia":[{"embeddable":true,"href":"https:\/\/vieassociative.be\/actualites\/wp-json\/wp\/v2\/media\/298"}],"wp:attachment":[{"href":"https:\/\/vieassociative.be\/actualites\/wp-json\/wp\/v2\/media?parent=297"}],"wp:term":[{"taxonomy":"category","embeddable":true,"href":"https:\/\/vieassociative.be\/actualites\/wp-json\/wp\/v2\/categories?post=297"},{"taxonomy":"post_tag","embeddable":true,"href":"https:\/\/vieassociative.be\/actualites\/wp-json\/wp\/v2\/tags?post=297"}],"curies":[{"name":"wp","href":"https:\/\/api.w.org\/{rel}","templated":true}]}}