{"id":2964,"date":"2024-12-01T21:18:52","date_gmt":"2024-12-01T20:18:52","guid":{"rendered":"https:\/\/vieassociative.be\/actualites\/defaite-34-las-eupen-sest-reveille-trop-tard\/"},"modified":"2024-12-01T21:18:52","modified_gmt":"2024-12-01T20:18:52","slug":"defaite-34-las-eupen-sest-reveille-trop-tard","status":"publish","type":"post","link":"https:\/\/vieassociative.be\/actualites\/defaite-34-las-eupen-sest-reveille-trop-tard\/","title":{"rendered":"D\u00e9faite 3:4: l&rsquo;AS Eupen s&rsquo;est r\u00e9veill\u00e9 trop tard"},"content":{"rendered":"<p><strong>L&rsquo;AS Eupen n&rsquo;a pas pu capitaliser sur la bonne performance du match aller au Club NXT. Les noirs et blancs se sont inclin\u00e9s 3-4 face aux Loups de La Louvi\u00e8re dimanche.<\/strong><\/p>\n<p><span id=\"more-403011\"><\/span>Pour le match contre l&rsquo;\u00e9quipe promue, l&rsquo;entra\u00eeneur de l&rsquo;AS Mersad Selimbegovic a pu \u00e0 nouveau s&rsquo;appuyer sur Renaud Emond, mais le capitaine a d\u00e9but\u00e9 sur le banc des rempla\u00e7ants. Pour le reste, l&rsquo;entra\u00eeneur des Noirs et Blancs a fait confiance \u00e0 la devise \u00ab Ne changez jamais une \u00e9quipe gagnante \u00bb et n&rsquo;a apport\u00e9 aucun changement par rapport \u00e0 la victoire 4-0 au Club NXT.<\/p>\n<p>Le onze de d\u00e9part d&rsquo;Eupen \u00e9tait donc le suivant : Nurudeen \u2013 Paeshuyse, Gorenc, Kennedy \u2013 Van Genechten, Keita, Pantovic, D\u00e9om, Alloh \u2013 Charles-Cook, Gedikli.<\/p>\n<div id=\"attachment_399861\" class=\"wp-caption alignleft\" style=\"max-width: 300px\"><img fetchpriority=\"high\" decoding=\"async\" class=\"wp-image-399861 size-medium\" src=\"https:\/\/vieassociative.be\/actualites\/wp-content\/uploads\/2024\/12\/Defaite-34-lAS-Eupen-sest-reveille-trop-tard.jpg\" alt=\"\" width=\"300\" height=\"200\"  ><\/p>\n<p class=\"wp-caption-text\">Yentl Van Genechten de l&rsquo;AS Eupen a marqu\u00e9 le troisi\u00e8me but de l&rsquo;AS pour porter le score \u00e0 3-4, mais le but est arriv\u00e9 trop tard. Photo de : Belga<\/p>\n<\/div>\n<p>Les Loups de La Louvi\u00e8re ont pris l&rsquo;initiative d\u00e8s le coup d&rsquo;envoi. Nurudeen a d\u00fb frapper un ballon au-dessus de la barre transversale \u00e0 la 3e minute. A la 6\u00e8me minute, c&rsquo;est pourtant AS qui a provoqu\u00e9 le danger devant le but des visiteurs par l&rsquo;interm\u00e9diaire de Charles-Cook, mais l&rsquo;attaquant d&rsquo;AS est arriv\u00e9 un peu trop tard apr\u00e8s un centre pointu de Pantovic dans la surface de r\u00e9paration de La Louvi\u00e8re.<\/p>\n<p>A la 19e minute, apr\u00e8s une faute sur Van Genechten \u00e0 l&rsquo;entr\u00e9e de la surface de r\u00e9paration, Eupen obtient un coup franc que Charles-Cook ex\u00e9cute. Le ballon a \u00e9t\u00e9 dirig\u00e9 vers le poteau par le gardien visiteur.<\/p>\n<p>Puis les choses se sont d\u00e9t\u00e9rior\u00e9es. A la 23\u00e8me minute, Charles-Cook donne l&rsquo;avantage \u00e0 l&rsquo;AS Eupen apr\u00e8s un centre d&rsquo;Alloh, mais \u00e0 peine une minute plus tard, dans un moment de manque de concentration de l&rsquo;\u00e9quipe de l&rsquo;AS, les Wolves \u00e9galisent par Pau apr\u00e8s le premier but, qui a \u00e9vapor\u00e9 Kennedy dans les airs, 1:1.<\/p>\n<p>A la 31e minute, Eupen doit accepter le revers suivant : apr\u00e8s une mauvaise passe de Gorenc, le ballon arrive par hasard \u00e0 Gillot, qui tire imm\u00e9diatement et porte le score \u00e0 1-2. A ce stade, le gardien de l&rsquo;AS Nurudeen n&rsquo;avait pas l&rsquo;air bien du tout, le ballon \u00e9tait sans aucun doute durable. <\/p>\n<p>Les Noirs et Blancs ont perdu l&rsquo;avantage 1-0 en quelques minutes et ont pris du retard.<\/p>\n<div id=\"attachment_403027\" class=\"wp-caption alignleft\" style=\"max-width: 200px\"><img decoding=\"async\" class=\"wp-image-403027 size-medium\" src=\"https:\/\/vieassociative.be\/actualites\/wp-content\/uploads\/2024\/12\/1733084332_588_Defaite-34-lAS-Eupen-sest-reveille-trop-tard.jpg\" alt=\"\" width=\"200\" height=\"300\"  ><\/p>\n<p class=\"wp-caption-text\">Le capitaine de l&rsquo;AS, Renaud Emond, n&rsquo;a pu jouer qu&rsquo;\u00e0 la 72e minute, alors qu&rsquo;Eupen \u00e9tait d\u00e9j\u00e0 men\u00e9 4-1. Photo de : Belga<\/p>\n<\/div>\n<p>Pire encore : \u00e0 la 36e minute, c&rsquo;est Keita qui r\u00e9alise une passe fatalement mauvaise. Cela a donn\u00e9 \u00e0 Nagera la possession du ballon, a pris d&rsquo;assaut le but de Nurudeen et a port\u00e9 le score \u00e0 1-3.<\/p>\n<p>A la 40\u00e8me minute, AS a eu l&rsquo;occasion de r\u00e9duire le score \u00e0 2:3, mais Gedikli, parfaitement jou\u00e9 par D\u00e9om, n&rsquo;a pas trouv\u00e9 le cadre. A la mi-temps, les h\u00f4tes \u00e9taient men\u00e9s 3-1. Apr\u00e8s que Charles-Cook ait pris l&rsquo;avantage, trois erreurs d&rsquo;Eupen ont fait basculer le match en faveur des visiteurs.<\/p>\n<p>Au d\u00e9but de la seconde p\u00e9riode, l&rsquo;entra\u00eeneur de l&rsquo;AS Selimbegovic a proc\u00e9d\u00e9 \u00e0 un double remplacement : Dalla Costa et Niang ont remplac\u00e9 Gorenc et Keita, tous deux impliqu\u00e9s dans deux buts encaiss\u00e9s.<\/p>\n<p>Apr\u00e8s une heure de jeu, La Louvi\u00e8re se voyait tr\u00e8s g\u00e9n\u00e9reusement accorder un penalty car D\u00e9om avait touch\u00e9 un adversaire au visage dans la surface de r\u00e9paration d&rsquo;Eupen dans le feu de l&rsquo;action. Belkheir a refus\u00e9 d&rsquo;\u00eatre sollicit\u00e9 et a augment\u00e9 le score \u00e0 1:4.<\/p>\n<p>A la 78\u00e8me minute, les Eupenois reprenaient un peu d&rsquo;espoir avec le but d&rsquo;Alloh qui portait le score \u00e0 2-4, parfaitement jou\u00e9 par D\u00e9om.<\/p>\n<p>A la 83e minute, Eupen prenait l&rsquo;ascendant apr\u00e8s l&rsquo;expulsion de Fontaine de La Louvi\u00e8re. Est-ce qu&rsquo;autre chose \u00e9tait possible ? En d\u00e9but d&rsquo;apr\u00e8s-midi, le RFC Seraing \u00e9tait men\u00e9 2:4 contre le RWDM jusqu&rsquo;\u00e0 la 90\u00e8me minute, marquant deux autres buts dans les arr\u00eats de jeu et portant le score \u00e0 4:4.<\/p>\n<p>En fait, AS a marqu\u00e9 une troisi\u00e8me fois gr\u00e2ce \u00e0 Van Genechten, mais ce but est arriv\u00e9 trop tard. C&rsquo;est rest\u00e9 une d\u00e9faite 3:4. Dimanche prochain, l&rsquo;AS jouera \u00e0 l&rsquo;ext\u00e9rieur contre les Francs Borains, derni\u00e8re \u00e9quipe. (cr\u00e9er)<\/p>\n","protected":false},"excerpt":{"rendered":"<p>L&rsquo;AS Eupen n&rsquo;a pas pu capitaliser sur la bonne performance du match aller au Club NXT. Les noirs et blancs se sont inclin\u00e9s 3-4 face<\/p>\n","protected":false},"author":1,"featured_media":2965,"comment_status":"","ping_status":"","sticky":false,"template":"","format":"standard","meta":{"footnotes":""},"categories":[298],"tags":[2350,2329,2353,3679,3119,2483,656],"class_list":["post-2964","post","type-post","status-publish","format-standard","has-post-thumbnail","hentry","category-belgique","tag-defaite","tag-eupen","tag-las","tag-reveille","tag-sest","tag-tard","tag-trop","generate-columns","tablet-grid-50","mobile-grid-100","grid-parent","grid-33"],"yoast_head":"<!-- This site is optimized with the Yoast SEO plugin v24.0 - https:\/\/yoast.com\/wordpress\/plugins\/seo\/ -->\n<title>D\u00e9faite 3:4: l&#039;AS Eupen s&#039;est r\u00e9veill\u00e9 trop tard | Vie Associative<\/title>\n<meta name=\"robots\" content=\"index, follow, max-snippet:-1, max-image-preview:large, max-video-preview:-1\" \/>\n<link rel=\"canonical\" href=\"https:\/\/vieassociative.be\/actualites\/defaite-34-las-eupen-sest-reveille-trop-tard\/\" \/>\n<meta property=\"og:locale\" content=\"fr_FR\" \/>\n<meta property=\"og:type\" content=\"article\" \/>\n<meta property=\"og:title\" content=\"D\u00e9faite 3:4: l&#039;AS Eupen s&#039;est r\u00e9veill\u00e9 trop tard | Vie Associative\" \/>\n<meta property=\"og:description\" content=\"L&rsquo;AS Eupen n&rsquo;a pas pu capitaliser sur la bonne performance du match aller au Club NXT. Les noirs et blancs se sont inclin\u00e9s 3-4 face\" \/>\n<meta property=\"og:url\" content=\"https:\/\/vieassociative.be\/actualites\/defaite-34-las-eupen-sest-reveille-trop-tard\/\" \/>\n<meta property=\"og:site_name\" content=\"Vie Associative\" \/>\n<meta property=\"article:published_time\" content=\"2024-12-01T20:18:52+00:00\" \/>\n<meta property=\"og:image\" content=\"https:\/\/vieassociative.be\/actualites\/wp-content\/uploads\/2024\/12\/Defaite-34-lAS-Eupen-sest-reveille-trop-tard.jpg\" \/>\n<meta name=\"author\" content=\"Julien\" \/>\n<meta name=\"twitter:card\" content=\"summary_large_image\" \/>\n<meta name=\"twitter:label1\" content=\"\u00c9crit par\" \/>\n\t<meta name=\"twitter:data1\" content=\"Julien\" \/>\n\t<meta name=\"twitter:label2\" content=\"Dur\u00e9e de lecture est.\" \/>\n\t<meta name=\"twitter:data2\" content=\"4 minutes\" \/>\n<script type=\"application\/ld+json\" class=\"yoast-schema-graph\">{\"@context\":\"https:\/\/schema.org\",\"@graph\":[{\"@type\":\"Article\",\"@id\":\"https:\/\/vieassociative.be\/actualites\/defaite-34-las-eupen-sest-reveille-trop-tard\/#article\",\"isPartOf\":{\"@id\":\"https:\/\/vieassociative.be\/actualites\/defaite-34-las-eupen-sest-reveille-trop-tard\/\"},\"author\":{\"name\":\"Julien\",\"@id\":\"https:\/\/vieassociative.be\/actualites\/#\/schema\/person\/b87ac4f82f9d4e7b7cec7395b679edc4\"},\"headline\":\"D\u00e9faite 3:4: l&rsquo;AS Eupen s&rsquo;est r\u00e9veill\u00e9 trop tard\",\"datePublished\":\"2024-12-01T20:18:52+00:00\",\"dateModified\":\"2024-12-01T20:18:52+00:00\",\"mainEntityOfPage\":{\"@id\":\"https:\/\/vieassociative.be\/actualites\/defaite-34-las-eupen-sest-reveille-trop-tard\/\"},\"wordCount\":767,\"publisher\":{\"@id\":\"https:\/\/vieassociative.be\/actualites\/#organization\"},\"image\":{\"@id\":\"https:\/\/vieassociative.be\/actualites\/defaite-34-las-eupen-sest-reveille-trop-tard\/#primaryimage\"},\"thumbnailUrl\":\"https:\/\/vieassociative.be\/actualites\/wp-content\/uploads\/2024\/12\/1733084332_Defaite-34-lAS-Eupen-sest-reveille-trop-tard.jpg\",\"keywords\":[\"D\u00e9faite\",\"Eupen\",\"lAS\",\"r\u00e9veill\u00e9\",\"sest\",\"tard\",\"trop\"],\"articleSection\":[\"Belgique\"],\"inLanguage\":\"fr-BE\"},{\"@type\":\"WebPage\",\"@id\":\"https:\/\/vieassociative.be\/actualites\/defaite-34-las-eupen-sest-reveille-trop-tard\/\",\"url\":\"https:\/\/vieassociative.be\/actualites\/defaite-34-las-eupen-sest-reveille-trop-tard\/\",\"name\":\"D\u00e9faite 3:4: l'AS Eupen s'est r\u00e9veill\u00e9 trop tard | Vie Associative\",\"isPartOf\":{\"@id\":\"https:\/\/vieassociative.be\/actualites\/#website\"},\"primaryImageOfPage\":{\"@id\":\"https:\/\/vieassociative.be\/actualites\/defaite-34-las-eupen-sest-reveille-trop-tard\/#primaryimage\"},\"image\":{\"@id\":\"https:\/\/vieassociative.be\/actualites\/defaite-34-las-eupen-sest-reveille-trop-tard\/#primaryimage\"},\"thumbnailUrl\":\"https:\/\/vieassociative.be\/actualites\/wp-content\/uploads\/2024\/12\/1733084332_Defaite-34-lAS-Eupen-sest-reveille-trop-tard.jpg\",\"datePublished\":\"2024-12-01T20:18:52+00:00\",\"dateModified\":\"2024-12-01T20:18:52+00:00\",\"breadcrumb\":{\"@id\":\"https:\/\/vieassociative.be\/actualites\/defaite-34-las-eupen-sest-reveille-trop-tard\/#breadcrumb\"},\"inLanguage\":\"fr-BE\",\"potentialAction\":[{\"@type\":\"ReadAction\",\"target\":[\"https:\/\/vieassociative.be\/actualites\/defaite-34-las-eupen-sest-reveille-trop-tard\/\"]}]},{\"@type\":\"ImageObject\",\"inLanguage\":\"fr-BE\",\"@id\":\"https:\/\/vieassociative.be\/actualites\/defaite-34-las-eupen-sest-reveille-trop-tard\/#primaryimage\",\"url\":\"https:\/\/vieassociative.be\/actualites\/wp-content\/uploads\/2024\/12\/1733084332_Defaite-34-lAS-Eupen-sest-reveille-trop-tard.jpg\",\"contentUrl\":\"https:\/\/vieassociative.be\/actualites\/wp-content\/uploads\/2024\/12\/1733084332_Defaite-34-lAS-Eupen-sest-reveille-trop-tard.jpg\",\"width\":1200,\"height\":822,\"caption\":\"D\u00e9faite 3:4: l'AS Eupen s'est r\u00e9veill\u00e9 trop tard\"},{\"@type\":\"BreadcrumbList\",\"@id\":\"https:\/\/vieassociative.be\/actualites\/defaite-34-las-eupen-sest-reveille-trop-tard\/#breadcrumb\",\"itemListElement\":[{\"@type\":\"ListItem\",\"position\":1,\"name\":\"Accueil\",\"item\":\"https:\/\/vieassociative.be\/actualites\/\"},{\"@type\":\"ListItem\",\"position\":2,\"name\":\"D\u00e9faite 3:4: l&rsquo;AS Eupen s&rsquo;est r\u00e9veill\u00e9 trop tard\"}]},{\"@type\":\"WebSite\",\"@id\":\"https:\/\/vieassociative.be\/actualites\/#website\",\"url\":\"https:\/\/vieassociative.be\/actualites\/\",\"name\":\"Vie Associative\",\"description\":\"\",\"publisher\":{\"@id\":\"https:\/\/vieassociative.be\/actualites\/#organization\"},\"potentialAction\":[{\"@type\":\"SearchAction\",\"target\":{\"@type\":\"EntryPoint\",\"urlTemplate\":\"https:\/\/vieassociative.be\/actualites\/?s={search_term_string}\"},\"query-input\":{\"@type\":\"PropertyValueSpecification\",\"valueRequired\":true,\"valueName\":\"search_term_string\"}}],\"inLanguage\":\"fr-BE\"},{\"@type\":\"Organization\",\"@id\":\"https:\/\/vieassociative.be\/actualites\/#organization\",\"name\":\"Vie Associative\",\"url\":\"https:\/\/vieassociative.be\/actualites\/\",\"logo\":{\"@type\":\"ImageObject\",\"inLanguage\":\"fr-BE\",\"@id\":\"https:\/\/vieassociative.be\/actualites\/#\/schema\/logo\/image\/\",\"url\":\"https:\/\/vieassociative.be\/actualites\/wp-content\/uploads\/2024\/09\/cropped-vieassociative_favicon.ico.png\",\"contentUrl\":\"https:\/\/vieassociative.be\/actualites\/wp-content\/uploads\/2024\/09\/cropped-vieassociative_favicon.ico.png\",\"width\":512,\"height\":512,\"caption\":\"Vie Associative\"},\"image\":{\"@id\":\"https:\/\/vieassociative.be\/actualites\/#\/schema\/logo\/image\/\"}},{\"@type\":\"Person\",\"@id\":\"https:\/\/vieassociative.be\/actualites\/#\/schema\/person\/b87ac4f82f9d4e7b7cec7395b679edc4\",\"name\":\"Julien\",\"image\":{\"@type\":\"ImageObject\",\"inLanguage\":\"fr-BE\",\"@id\":\"https:\/\/vieassociative.be\/actualites\/#\/schema\/person\/image\/\",\"url\":\"https:\/\/vieassociative.be\/actualites\/wp-content\/uploads\/2024\/09\/vie-associative-1-150x150.jpg\",\"contentUrl\":\"https:\/\/vieassociative.be\/actualites\/wp-content\/uploads\/2024\/09\/vie-associative-1-150x150.jpg\",\"caption\":\"Julien\"},\"description\":\"Je suis Julien, r\u00e9dacteur pour Vie Associative. Passionn\u00e9 par le monde associatif depuis plus de 10 ans, j'ai \u00e0 c\u0153ur de partager des histoires inspirantes et de mettre en lumi\u00e8re les initiatives locales. Mon objectif est de sensibiliser et d'encourager l'engagement communautaire \u00e0 travers mes articles.\",\"sameAs\":[\"https:\/\/vieassociative.be\/\"]}]}<\/script>\n<!-- \/ Yoast SEO plugin. -->","yoast_head_json":{"title":"D\u00e9faite 3:4: l'AS Eupen s'est r\u00e9veill\u00e9 trop tard | Vie Associative","robots":{"index":"index","follow":"follow","max-snippet":"max-snippet:-1","max-image-preview":"max-image-preview:large","max-video-preview":"max-video-preview:-1"},"canonical":"https:\/\/vieassociative.be\/actualites\/defaite-34-las-eupen-sest-reveille-trop-tard\/","og_locale":"fr_FR","og_type":"article","og_title":"D\u00e9faite 3:4: l'AS Eupen s'est r\u00e9veill\u00e9 trop tard | Vie Associative","og_description":"L&rsquo;AS Eupen n&rsquo;a pas pu capitaliser sur la bonne performance du match aller au Club NXT. Les noirs et blancs se sont inclin\u00e9s 3-4 face","og_url":"https:\/\/vieassociative.be\/actualites\/defaite-34-las-eupen-sest-reveille-trop-tard\/","og_site_name":"Vie Associative","article_published_time":"2024-12-01T20:18:52+00:00","og_image":[{"url":"https:\/\/vieassociative.be\/actualites\/wp-content\/uploads\/2024\/12\/Defaite-34-lAS-Eupen-sest-reveille-trop-tard.jpg","type":"","width":"","height":""}],"author":"Julien","twitter_card":"summary_large_image","twitter_misc":{"\u00c9crit par":"Julien","Dur\u00e9e de lecture est.":"4 minutes"},"schema":{"@context":"https:\/\/schema.org","@graph":[{"@type":"Article","@id":"https:\/\/vieassociative.be\/actualites\/defaite-34-las-eupen-sest-reveille-trop-tard\/#article","isPartOf":{"@id":"https:\/\/vieassociative.be\/actualites\/defaite-34-las-eupen-sest-reveille-trop-tard\/"},"author":{"name":"Julien","@id":"https:\/\/vieassociative.be\/actualites\/#\/schema\/person\/b87ac4f82f9d4e7b7cec7395b679edc4"},"headline":"D\u00e9faite 3:4: l&rsquo;AS Eupen s&rsquo;est r\u00e9veill\u00e9 trop tard","datePublished":"2024-12-01T20:18:52+00:00","dateModified":"2024-12-01T20:18:52+00:00","mainEntityOfPage":{"@id":"https:\/\/vieassociative.be\/actualites\/defaite-34-las-eupen-sest-reveille-trop-tard\/"},"wordCount":767,"publisher":{"@id":"https:\/\/vieassociative.be\/actualites\/#organization"},"image":{"@id":"https:\/\/vieassociative.be\/actualites\/defaite-34-las-eupen-sest-reveille-trop-tard\/#primaryimage"},"thumbnailUrl":"https:\/\/vieassociative.be\/actualites\/wp-content\/uploads\/2024\/12\/1733084332_Defaite-34-lAS-Eupen-sest-reveille-trop-tard.jpg","keywords":["D\u00e9faite","Eupen","lAS","r\u00e9veill\u00e9","sest","tard","trop"],"articleSection":["Belgique"],"inLanguage":"fr-BE"},{"@type":"WebPage","@id":"https:\/\/vieassociative.be\/actualites\/defaite-34-las-eupen-sest-reveille-trop-tard\/","url":"https:\/\/vieassociative.be\/actualites\/defaite-34-las-eupen-sest-reveille-trop-tard\/","name":"D\u00e9faite 3:4: l'AS Eupen s'est r\u00e9veill\u00e9 trop tard | Vie Associative","isPartOf":{"@id":"https:\/\/vieassociative.be\/actualites\/#website"},"primaryImageOfPage":{"@id":"https:\/\/vieassociative.be\/actualites\/defaite-34-las-eupen-sest-reveille-trop-tard\/#primaryimage"},"image":{"@id":"https:\/\/vieassociative.be\/actualites\/defaite-34-las-eupen-sest-reveille-trop-tard\/#primaryimage"},"thumbnailUrl":"https:\/\/vieassociative.be\/actualites\/wp-content\/uploads\/2024\/12\/1733084332_Defaite-34-lAS-Eupen-sest-reveille-trop-tard.jpg","datePublished":"2024-12-01T20:18:52+00:00","dateModified":"2024-12-01T20:18:52+00:00","breadcrumb":{"@id":"https:\/\/vieassociative.be\/actualites\/defaite-34-las-eupen-sest-reveille-trop-tard\/#breadcrumb"},"inLanguage":"fr-BE","potentialAction":[{"@type":"ReadAction","target":["https:\/\/vieassociative.be\/actualites\/defaite-34-las-eupen-sest-reveille-trop-tard\/"]}]},{"@type":"ImageObject","inLanguage":"fr-BE","@id":"https:\/\/vieassociative.be\/actualites\/defaite-34-las-eupen-sest-reveille-trop-tard\/#primaryimage","url":"https:\/\/vieassociative.be\/actualites\/wp-content\/uploads\/2024\/12\/1733084332_Defaite-34-lAS-Eupen-sest-reveille-trop-tard.jpg","contentUrl":"https:\/\/vieassociative.be\/actualites\/wp-content\/uploads\/2024\/12\/1733084332_Defaite-34-lAS-Eupen-sest-reveille-trop-tard.jpg","width":1200,"height":822,"caption":"D\u00e9faite 3:4: l'AS Eupen s'est r\u00e9veill\u00e9 trop tard"},{"@type":"BreadcrumbList","@id":"https:\/\/vieassociative.be\/actualites\/defaite-34-las-eupen-sest-reveille-trop-tard\/#breadcrumb","itemListElement":[{"@type":"ListItem","position":1,"name":"Accueil","item":"https:\/\/vieassociative.be\/actualites\/"},{"@type":"ListItem","position":2,"name":"D\u00e9faite 3:4: l&rsquo;AS Eupen s&rsquo;est r\u00e9veill\u00e9 trop tard"}]},{"@type":"WebSite","@id":"https:\/\/vieassociative.be\/actualites\/#website","url":"https:\/\/vieassociative.be\/actualites\/","name":"Vie Associative","description":"","publisher":{"@id":"https:\/\/vieassociative.be\/actualites\/#organization"},"potentialAction":[{"@type":"SearchAction","target":{"@type":"EntryPoint","urlTemplate":"https:\/\/vieassociative.be\/actualites\/?s={search_term_string}"},"query-input":{"@type":"PropertyValueSpecification","valueRequired":true,"valueName":"search_term_string"}}],"inLanguage":"fr-BE"},{"@type":"Organization","@id":"https:\/\/vieassociative.be\/actualites\/#organization","name":"Vie Associative","url":"https:\/\/vieassociative.be\/actualites\/","logo":{"@type":"ImageObject","inLanguage":"fr-BE","@id":"https:\/\/vieassociative.be\/actualites\/#\/schema\/logo\/image\/","url":"https:\/\/vieassociative.be\/actualites\/wp-content\/uploads\/2024\/09\/cropped-vieassociative_favicon.ico.png","contentUrl":"https:\/\/vieassociative.be\/actualites\/wp-content\/uploads\/2024\/09\/cropped-vieassociative_favicon.ico.png","width":512,"height":512,"caption":"Vie Associative"},"image":{"@id":"https:\/\/vieassociative.be\/actualites\/#\/schema\/logo\/image\/"}},{"@type":"Person","@id":"https:\/\/vieassociative.be\/actualites\/#\/schema\/person\/b87ac4f82f9d4e7b7cec7395b679edc4","name":"Julien","image":{"@type":"ImageObject","inLanguage":"fr-BE","@id":"https:\/\/vieassociative.be\/actualites\/#\/schema\/person\/image\/","url":"https:\/\/vieassociative.be\/actualites\/wp-content\/uploads\/2024\/09\/vie-associative-1-150x150.jpg","contentUrl":"https:\/\/vieassociative.be\/actualites\/wp-content\/uploads\/2024\/09\/vie-associative-1-150x150.jpg","caption":"Julien"},"description":"Je suis Julien, r\u00e9dacteur pour Vie Associative. Passionn\u00e9 par le monde associatif depuis plus de 10 ans, j'ai \u00e0 c\u0153ur de partager des histoires inspirantes et de mettre en lumi\u00e8re les initiatives locales. Mon objectif est de sensibiliser et d'encourager l'engagement communautaire \u00e0 travers mes articles.","sameAs":["https:\/\/vieassociative.be\/"]}]}},"_links":{"self":[{"href":"https:\/\/vieassociative.be\/actualites\/wp-json\/wp\/v2\/posts\/2964"}],"collection":[{"href":"https:\/\/vieassociative.be\/actualites\/wp-json\/wp\/v2\/posts"}],"about":[{"href":"https:\/\/vieassociative.be\/actualites\/wp-json\/wp\/v2\/types\/post"}],"author":[{"embeddable":true,"href":"https:\/\/vieassociative.be\/actualites\/wp-json\/wp\/v2\/users\/1"}],"replies":[{"embeddable":true,"href":"https:\/\/vieassociative.be\/actualites\/wp-json\/wp\/v2\/comments?post=2964"}],"version-history":[{"count":0,"href":"https:\/\/vieassociative.be\/actualites\/wp-json\/wp\/v2\/posts\/2964\/revisions"}],"wp:featuredmedia":[{"embeddable":true,"href":"https:\/\/vieassociative.be\/actualites\/wp-json\/wp\/v2\/media\/2965"}],"wp:attachment":[{"href":"https:\/\/vieassociative.be\/actualites\/wp-json\/wp\/v2\/media?parent=2964"}],"wp:term":[{"taxonomy":"category","embeddable":true,"href":"https:\/\/vieassociative.be\/actualites\/wp-json\/wp\/v2\/categories?post=2964"},{"taxonomy":"post_tag","embeddable":true,"href":"https:\/\/vieassociative.be\/actualites\/wp-json\/wp\/v2\/tags?post=2964"}],"curies":[{"name":"wp","href":"https:\/\/api.w.org\/{rel}","templated":true}]}}