{"id":2962,"date":"2024-12-01T20:17:33","date_gmt":"2024-12-01T19:17:33","guid":{"rendered":"https:\/\/vieassociative.be\/actualites\/six-etapes-pour-proteger-votre-maison-des-invites-pendant-les-vacances\/"},"modified":"2024-12-01T20:17:33","modified_gmt":"2024-12-01T19:17:33","slug":"six-etapes-pour-proteger-votre-maison-des-invites-pendant-les-vacances","status":"publish","type":"post","link":"https:\/\/vieassociative.be\/actualites\/six-etapes-pour-proteger-votre-maison-des-invites-pendant-les-vacances\/","title":{"rendered":"Six \u00e9tapes pour prot\u00e9ger votre maison des invit\u00e9s pendant les vacances"},"content":{"rendered":"<div class=\"mt-4 leading-6 md:mb-8\">Les vacances signifient souvent des invit\u00e9s, ce qui peut perturber et m\u00eame endommager votre maison sans quelques pr\u00e9cautions.<\/div>\n<p><\/p>\n<p>Les vacances approchent et, \u00e0 mesure que la fin de l\u2019ann\u00e9e approche, des millions de personnes prendront les routes, les airs et les voies ferr\u00e9es pour rendre visite \u00e0 leurs amis et \u00e0 leur famille. Avoir des invit\u00e9s est stressant \u00e0 la fois pour les h\u00f4tes et pour les invit\u00e9s eux-m\u00eames, surtout si vos invit\u00e9s ne savent pas lire le langage corporel et refusent de partir.<\/p>\n<p>Pr\u00e9parer correctement votre maison pour les invit\u00e9s peut \u00e9liminer une partie de ce stress : peu importe \u00e0 quel point vous aimez vos amis et votre famille, ils ne font pas partie de votre foyer. Ils ne savent pas comment vous g\u00e9rez les choses, et votre propri\u00e9t\u00e9 ne sera jamais aussi importante pour eux que pour vous (et il y a toujours des accidents li\u00e9s au lait de poule impliquant des parents \u00e9m\u00e9ch\u00e9s). Pour vous assurer de pouvoir vous d\u00e9tendre et profiter de vos invit\u00e9s (et pour \u00e9viter les conflits inutiles), prenez le temps de s\u00e9curiser votre maison avant l&rsquo;arriv\u00e9e de la foule.<\/p>\n<h2 id=\"prepare-the-entryway\">Pr\u00e9parez l&rsquo;entr\u00e9e<\/h2>\n<p>L\u2019entr\u00e9e de votre maison est \u00e9videmment la premi\u00e8re zone que voient les visiteurs. Que ce soit par le garage ou par l&rsquo;entr\u00e9e principale, prenez quelques mesures pour assurer la protection de votre maison :<\/p>\n<ul>\n<li>\n<p>V\u00e9rifiez que l&rsquo;\u00e9clairage ext\u00e9rieur fonctionne et est suffisant pour \u00e9clairer le chemin depuis les zones de stationnement jusqu&rsquo;\u00e0 la porte d&rsquo;entr\u00e9e.<\/p>\n<\/li>\n<li>\n<p>Enlevez la neige et la glace des marches, des all\u00e9es et des porches.<\/p>\n<\/li>\n<li>\n<p>Prot\u00e9gez les sols avec des tapis de rechange, des tapis imperm\u00e9ables et\/ou des bacs \u00e0 bottes afin que vos invit\u00e9s ne g\u00e2chent pas vos sols avec la pluie et la neige.<\/p>\n<\/li>\n<li>\n<p>Assurez-vous qu&rsquo;il y a des endroits \u00e9vidents o\u00f9 les gens peuvent accrocher leurs manteaux et laisser des parapluies, des bottes ou tout autre objet qu&rsquo;ils pourraient vouloir jeter une fois \u00e0 l&rsquo;int\u00e9rieur. Vous devez \u00e9galement d\u00e9gager vos propres manteaux pour faire de la place.<\/p>\n<\/li>\n<li>\n<p>Ayez des chaussures de maison ou des pantoufles \u00e0 la disposition de tous ceux qui le souhaitent.<\/p>\n<\/li>\n<\/ul>\n<h2 id=\"if-a-rule-is-important-to-you-make-it-known\">Si une r\u00e8gle est importante pour vous, faites-la savoir<\/h2>\n<p>Votre maison est votre ch\u00e2teau et vous fixez \u00e9videmment les r\u00e8gles. Si quelque chose est important pour vous (par exemple, demander \u00e0 vos invit\u00e9s d&rsquo;enlever leurs chaussures), vous devez le dire tr\u00e8s clairement afin qu&rsquo;il n&rsquo;y ait pas de malentendu. N&rsquo;ayez pas peur de placer une pancarte dans l&rsquo;entr\u00e9e avec une liste de r\u00e8gles de la maison si elles sont importantes pour vous. Il est pr\u00e9f\u00e9rable de clarifier ces politiques plut\u00f4t que de le faire discr\u00e8tement (et ensuite, apr\u00e8s le lait de poule susmentionn\u00e9, pas si discr\u00e8tement). en voulez \u00e0 vos invit\u00e9s d&rsquo;avoir enfreint une r\u00e8gle dont ils ne sont m\u00eame pas conscients.<\/p>\n<p>Cette r\u00e8gle consistant \u00e0 faire des choses qui pourraient m\u00eame vous sembler \u00e9videntes <em>plus \u00e9vident<\/em> s&rsquo;\u00e9tend \u00e0 la cuisine\u00a0: assurez-vous que les poubelles et le recyclage sont clairement identifi\u00e9s et faciles d&rsquo;acc\u00e8s. S&rsquo;il est cach\u00e9 derri\u00e8re une porte ou \u00e0 l&rsquo;int\u00e9rieur d&rsquo;une armoire, par exemple, une pancarte pourrait \u00eatre une bonne id\u00e9e. De cette fa\u00e7on, vos invit\u00e9s ne se prom\u00e8neront pas ou ne seront pas tent\u00e9s de laisser des ordures, des canettes et des bouteilles vides dans l&rsquo;\u00e9vier ou sur les comptoirs. Vous devriez probablement \u00e9galement doubler vos r\u00e9cipients pour vous prot\u00e9ger contre les sacs d\u00e9chir\u00e9s et les horreurs qui fuient.<\/p>\n<h2 id=\"protect-your-private-spaces\">Prot\u00e9gez vos espaces priv\u00e9s<\/h2>\n<p>Ce n\u2019est pas parce que vous ouvrez votre maison et invitez des gens \u00e0 l\u2019int\u00e9rieur qu\u2019ils ont automatiquement le contr\u00f4le des lieux. M\u00eame si certaines zones de la maison, comme le salon, la cuisine et les toilettes des invit\u00e9s, seront consid\u00e9r\u00e9es comme ouvertes \u00e0 vos invit\u00e9s, vous pouvez certainement marquer certaines zones de votre maison comme priv\u00e9es \u2013 et vous devriez le faire. Votre propre chambre, la salle de bain principale et toute pi\u00e8ce dans laquelle vous pr\u00e9f\u00e9reriez que les gens n&rsquo;entrent pas pour quelque raison que ce soit (parce que vos animaux de compagnie y sont s\u00e9questr\u00e9s ou parce que vous y avez stock\u00e9 des objets d\u00e9licats) peuvent \u00eatre marqu\u00e9s comme Ne pas entrer. N&rsquo;ayez pas peur de verrouiller une porte ou d&rsquo;installer une pancarte pour que cela soit tr\u00e8s clair.<\/p>\n<p>En parlant d&rsquo;intimit\u00e9, si des invit\u00e9s sont en route, prenez un moment pour inspecter les pi\u00e8ces dans lesquelles ils se trouveront \u00e0 la recherche d&rsquo;\u00e9l\u00e9ments priv\u00e9s que vous ne voudriez peut-\u00eatre pas qu&rsquo;ils voient. Cela inclut des choses comme les ordonnances dans l\u2019armoire \u00e0 pharmacie de la salle de bain \u2013 sur lesquelles les gens fouinent absolument, positivement, s\u2019ils en ont l\u2019occasion.<\/p>\n<h2 id=\"secure-your-valuables\">S\u00e9curisez vos objets de valeur<\/h2>\n<p>Il est peu probable que vos proches ou vos amis chers soient venus \u00e0 votre r\u00e9union de vacances dans le cadre d&rsquo;un plan \u00e9labor\u00e9 visant \u00e0 vous voler, mais des accidents peuvent arriver. Les objets sont renvers\u00e9s, pouss\u00e9s par-dessus le bord d&rsquo;une table ou d&rsquo;une commode, ou ramass\u00e9s et d\u00e9pos\u00e9s \u00e0 un endroit inattendu. Pour \u00e9viter tout malentendu ou perte de propri\u00e9t\u00e9, traversez la maison avant l&rsquo;arriv\u00e9e des invit\u00e9s et installez tout ce que vous pr\u00e9f\u00e9rez ne pas perdre.<\/p>\n<h2 id=\"consider-some-fabric-protection\">Pensez \u00e0 une protection du tissu<\/h2>\n<p>Il s&rsquo;agit d&rsquo;un rassemblement de vacances rare qui n&rsquo;inclut pas au moins un d\u00e9versement, une r\u00e9gurgitation d&rsquo;enfant ou un vol de d\u00eener li\u00e9 \u00e0 un chien. Pr\u00e9parez-vous donc en prot\u00e9geant vos meubles et vos tapis. Certaines housses temporaires sur vos canap\u00e9s et chaises permettent \u00e0 vos invit\u00e9s de renverser tout le vin qu&rsquo;ils veulent et vous resterez optimiste et calme. Les sprays anti-taches pour tapis sont bon march\u00e9 et faciles \u00e0 appliquer, et peuvent garantir que m\u00eame si Fido tra\u00eene le jambon des f\u00eates partout dans la maison, le nettoyage sera relativement facile.<\/p>\n<h2 id=\"stock-up-the-bathrooms\">Remplir les salles de bains<\/h2>\n<p>Les invit\u00e9s vont utiliser vos salles de bains et se promener probablement dans et hors de la cuisine. Pr\u00e9parez donc les deux pi\u00e8ces. Dans les salles de bains, assurez-vous que les \u00e9l\u00e9ments tels que les serviettes \u00e0 main suppl\u00e9mentaires, les rouleaux de TP et le savon suppl\u00e9mentaire sont tr\u00e8s faciles \u00e0 voir et \u00e0 saisir, afin que les invit\u00e9s n&rsquo;aient pas \u00e0 faire preuve de cr\u00e9ativit\u00e9.<\/p>\n","protected":false},"excerpt":{"rendered":"<p>Les vacances signifient souvent des invit\u00e9s, ce qui peut perturber et m\u00eame endommager votre maison sans quelques pr\u00e9cautions. Les vacances approchent et, \u00e0 mesure que<\/p>\n","protected":false},"author":1,"featured_media":2963,"comment_status":"","ping_status":"","sticky":false,"template":"","format":"standard","meta":{"footnotes":""},"categories":[40],"tags":[29,772,3678,14,560,198,81,275,561,8],"class_list":["post-2962","post","type-post","status-publish","format-standard","has-post-thumbnail","hentry","category-maison","tag-des","tag-etapes","tag-invites","tag-les","tag-maison","tag-pendant","tag-pour","tag-proteger","tag-vacances","tag-votre","generate-columns","tablet-grid-50","mobile-grid-100","grid-parent","grid-33"],"yoast_head":"<!-- This site is optimized with the Yoast SEO plugin v24.0 - https:\/\/yoast.com\/wordpress\/plugins\/seo\/ -->\n<title>Six \u00e9tapes pour prot\u00e9ger votre maison des invit\u00e9s pendant les vacances | Vie Associative<\/title>\n<meta name=\"robots\" content=\"index, follow, max-snippet:-1, max-image-preview:large, max-video-preview:-1\" \/>\n<link rel=\"canonical\" href=\"https:\/\/vieassociative.be\/actualites\/six-etapes-pour-proteger-votre-maison-des-invites-pendant-les-vacances\/\" \/>\n<meta property=\"og:locale\" content=\"fr_FR\" \/>\n<meta property=\"og:type\" content=\"article\" \/>\n<meta property=\"og:title\" content=\"Six \u00e9tapes pour prot\u00e9ger votre maison des invit\u00e9s pendant les vacances | Vie Associative\" \/>\n<meta property=\"og:description\" content=\"Les vacances signifient souvent des invit\u00e9s, ce qui peut perturber et m\u00eame endommager votre maison sans quelques pr\u00e9cautions. Les vacances approchent et, \u00e0 mesure que\" \/>\n<meta property=\"og:url\" content=\"https:\/\/vieassociative.be\/actualites\/six-etapes-pour-proteger-votre-maison-des-invites-pendant-les-vacances\/\" \/>\n<meta property=\"og:site_name\" content=\"Vie Associative\" \/>\n<meta property=\"article:published_time\" content=\"2024-12-01T19:17:33+00:00\" \/>\n<meta property=\"og:image\" content=\"https:\/\/vieassociative.be\/actualites\/wp-content\/uploads\/2024\/09\/header_backgroundk-01-e1726694325946.png\" \/>\n\t<meta property=\"og:image:width\" content=\"279\" \/>\n\t<meta property=\"og:image:height\" content=\"92\" \/>\n\t<meta property=\"og:image:type\" content=\"image\/png\" \/>\n<meta name=\"author\" content=\"Julien\" \/>\n<meta name=\"twitter:card\" content=\"summary_large_image\" \/>\n<meta name=\"twitter:label1\" content=\"\u00c9crit par\" \/>\n\t<meta name=\"twitter:data1\" content=\"Julien\" \/>\n\t<meta name=\"twitter:label2\" content=\"Dur\u00e9e de lecture est.\" \/>\n\t<meta name=\"twitter:data2\" content=\"6 minutes\" \/>\n<script type=\"application\/ld+json\" class=\"yoast-schema-graph\">{\"@context\":\"https:\/\/schema.org\",\"@graph\":[{\"@type\":\"Article\",\"@id\":\"https:\/\/vieassociative.be\/actualites\/six-etapes-pour-proteger-votre-maison-des-invites-pendant-les-vacances\/#article\",\"isPartOf\":{\"@id\":\"https:\/\/vieassociative.be\/actualites\/six-etapes-pour-proteger-votre-maison-des-invites-pendant-les-vacances\/\"},\"author\":{\"name\":\"Julien\",\"@id\":\"https:\/\/vieassociative.be\/actualites\/#\/schema\/person\/b87ac4f82f9d4e7b7cec7395b679edc4\"},\"headline\":\"Six \u00e9tapes pour prot\u00e9ger votre maison des invit\u00e9s pendant les vacances\",\"datePublished\":\"2024-12-01T19:17:33+00:00\",\"dateModified\":\"2024-12-01T19:17:33+00:00\",\"mainEntityOfPage\":{\"@id\":\"https:\/\/vieassociative.be\/actualites\/six-etapes-pour-proteger-votre-maison-des-invites-pendant-les-vacances\/\"},\"wordCount\":1161,\"publisher\":{\"@id\":\"https:\/\/vieassociative.be\/actualites\/#organization\"},\"image\":{\"@id\":\"https:\/\/vieassociative.be\/actualites\/six-etapes-pour-proteger-votre-maison-des-invites-pendant-les-vacances\/#primaryimage\"},\"thumbnailUrl\":\"https:\/\/vieassociative.be\/actualites\/wp-content\/uploads\/2024\/12\/Six-etapes-pour-proteger-votre-maison-des-invites-pendant-les.png\",\"keywords\":[\"Des\",\"\u00e9tapes\",\"invit\u00e9s\",\"Les\",\"maison\",\"pendant\",\"pour\",\"prot\u00e9ger\",\"vacances\",\"votre\"],\"articleSection\":[\"Maison\"],\"inLanguage\":\"fr-BE\"},{\"@type\":\"WebPage\",\"@id\":\"https:\/\/vieassociative.be\/actualites\/six-etapes-pour-proteger-votre-maison-des-invites-pendant-les-vacances\/\",\"url\":\"https:\/\/vieassociative.be\/actualites\/six-etapes-pour-proteger-votre-maison-des-invites-pendant-les-vacances\/\",\"name\":\"Six \u00e9tapes pour prot\u00e9ger votre maison des invit\u00e9s pendant les vacances | Vie Associative\",\"isPartOf\":{\"@id\":\"https:\/\/vieassociative.be\/actualites\/#website\"},\"primaryImageOfPage\":{\"@id\":\"https:\/\/vieassociative.be\/actualites\/six-etapes-pour-proteger-votre-maison-des-invites-pendant-les-vacances\/#primaryimage\"},\"image\":{\"@id\":\"https:\/\/vieassociative.be\/actualites\/six-etapes-pour-proteger-votre-maison-des-invites-pendant-les-vacances\/#primaryimage\"},\"thumbnailUrl\":\"https:\/\/vieassociative.be\/actualites\/wp-content\/uploads\/2024\/12\/Six-etapes-pour-proteger-votre-maison-des-invites-pendant-les.png\",\"datePublished\":\"2024-12-01T19:17:33+00:00\",\"dateModified\":\"2024-12-01T19:17:33+00:00\",\"breadcrumb\":{\"@id\":\"https:\/\/vieassociative.be\/actualites\/six-etapes-pour-proteger-votre-maison-des-invites-pendant-les-vacances\/#breadcrumb\"},\"inLanguage\":\"fr-BE\",\"potentialAction\":[{\"@type\":\"ReadAction\",\"target\":[\"https:\/\/vieassociative.be\/actualites\/six-etapes-pour-proteger-votre-maison-des-invites-pendant-les-vacances\/\"]}]},{\"@type\":\"ImageObject\",\"inLanguage\":\"fr-BE\",\"@id\":\"https:\/\/vieassociative.be\/actualites\/six-etapes-pour-proteger-votre-maison-des-invites-pendant-les-vacances\/#primaryimage\",\"url\":\"https:\/\/vieassociative.be\/actualites\/wp-content\/uploads\/2024\/12\/Six-etapes-pour-proteger-votre-maison-des-invites-pendant-les.png\",\"contentUrl\":\"https:\/\/vieassociative.be\/actualites\/wp-content\/uploads\/2024\/12\/Six-etapes-pour-proteger-votre-maison-des-invites-pendant-les.png\",\"width\":1200,\"height\":675,\"caption\":\"Six \u00e9tapes pour prot\u00e9ger votre maison des invit\u00e9s pendant les vacances\"},{\"@type\":\"BreadcrumbList\",\"@id\":\"https:\/\/vieassociative.be\/actualites\/six-etapes-pour-proteger-votre-maison-des-invites-pendant-les-vacances\/#breadcrumb\",\"itemListElement\":[{\"@type\":\"ListItem\",\"position\":1,\"name\":\"Accueil\",\"item\":\"https:\/\/vieassociative.be\/actualites\/\"},{\"@type\":\"ListItem\",\"position\":2,\"name\":\"Six \u00e9tapes pour prot\u00e9ger votre maison des invit\u00e9s pendant les vacances\"}]},{\"@type\":\"WebSite\",\"@id\":\"https:\/\/vieassociative.be\/actualites\/#website\",\"url\":\"https:\/\/vieassociative.be\/actualites\/\",\"name\":\"Vie Associative\",\"description\":\"\",\"publisher\":{\"@id\":\"https:\/\/vieassociative.be\/actualites\/#organization\"},\"potentialAction\":[{\"@type\":\"SearchAction\",\"target\":{\"@type\":\"EntryPoint\",\"urlTemplate\":\"https:\/\/vieassociative.be\/actualites\/?s={search_term_string}\"},\"query-input\":{\"@type\":\"PropertyValueSpecification\",\"valueRequired\":true,\"valueName\":\"search_term_string\"}}],\"inLanguage\":\"fr-BE\"},{\"@type\":\"Organization\",\"@id\":\"https:\/\/vieassociative.be\/actualites\/#organization\",\"name\":\"Vie Associative\",\"url\":\"https:\/\/vieassociative.be\/actualites\/\",\"logo\":{\"@type\":\"ImageObject\",\"inLanguage\":\"fr-BE\",\"@id\":\"https:\/\/vieassociative.be\/actualites\/#\/schema\/logo\/image\/\",\"url\":\"https:\/\/vieassociative.be\/actualites\/wp-content\/uploads\/2024\/09\/cropped-vieassociative_favicon.ico.png\",\"contentUrl\":\"https:\/\/vieassociative.be\/actualites\/wp-content\/uploads\/2024\/09\/cropped-vieassociative_favicon.ico.png\",\"width\":512,\"height\":512,\"caption\":\"Vie Associative\"},\"image\":{\"@id\":\"https:\/\/vieassociative.be\/actualites\/#\/schema\/logo\/image\/\"}},{\"@type\":\"Person\",\"@id\":\"https:\/\/vieassociative.be\/actualites\/#\/schema\/person\/b87ac4f82f9d4e7b7cec7395b679edc4\",\"name\":\"Julien\",\"image\":{\"@type\":\"ImageObject\",\"inLanguage\":\"fr-BE\",\"@id\":\"https:\/\/vieassociative.be\/actualites\/#\/schema\/person\/image\/\",\"url\":\"https:\/\/vieassociative.be\/actualites\/wp-content\/uploads\/2024\/09\/vie-associative-1-150x150.jpg\",\"contentUrl\":\"https:\/\/vieassociative.be\/actualites\/wp-content\/uploads\/2024\/09\/vie-associative-1-150x150.jpg\",\"caption\":\"Julien\"},\"description\":\"Je suis Julien, r\u00e9dacteur pour Vie Associative. Passionn\u00e9 par le monde associatif depuis plus de 10 ans, j'ai \u00e0 c\u0153ur de partager des histoires inspirantes et de mettre en lumi\u00e8re les initiatives locales. Mon objectif est de sensibiliser et d'encourager l'engagement communautaire \u00e0 travers mes articles.\",\"sameAs\":[\"https:\/\/vieassociative.be\/\"]}]}<\/script>\n<!-- \/ Yoast SEO plugin. -->","yoast_head_json":{"title":"Six \u00e9tapes pour prot\u00e9ger votre maison des invit\u00e9s pendant les vacances | Vie Associative","robots":{"index":"index","follow":"follow","max-snippet":"max-snippet:-1","max-image-preview":"max-image-preview:large","max-video-preview":"max-video-preview:-1"},"canonical":"https:\/\/vieassociative.be\/actualites\/six-etapes-pour-proteger-votre-maison-des-invites-pendant-les-vacances\/","og_locale":"fr_FR","og_type":"article","og_title":"Six \u00e9tapes pour prot\u00e9ger votre maison des invit\u00e9s pendant les vacances | Vie Associative","og_description":"Les vacances signifient souvent des invit\u00e9s, ce qui peut perturber et m\u00eame endommager votre maison sans quelques pr\u00e9cautions. Les vacances approchent et, \u00e0 mesure que","og_url":"https:\/\/vieassociative.be\/actualites\/six-etapes-pour-proteger-votre-maison-des-invites-pendant-les-vacances\/","og_site_name":"Vie Associative","article_published_time":"2024-12-01T19:17:33+00:00","og_image":[{"width":279,"height":92,"url":"https:\/\/vieassociative.be\/actualites\/wp-content\/uploads\/2024\/09\/header_backgroundk-01-e1726694325946.png","type":"image\/png"}],"author":"Julien","twitter_card":"summary_large_image","twitter_misc":{"\u00c9crit par":"Julien","Dur\u00e9e de lecture est.":"6 minutes"},"schema":{"@context":"https:\/\/schema.org","@graph":[{"@type":"Article","@id":"https:\/\/vieassociative.be\/actualites\/six-etapes-pour-proteger-votre-maison-des-invites-pendant-les-vacances\/#article","isPartOf":{"@id":"https:\/\/vieassociative.be\/actualites\/six-etapes-pour-proteger-votre-maison-des-invites-pendant-les-vacances\/"},"author":{"name":"Julien","@id":"https:\/\/vieassociative.be\/actualites\/#\/schema\/person\/b87ac4f82f9d4e7b7cec7395b679edc4"},"headline":"Six \u00e9tapes pour prot\u00e9ger votre maison des invit\u00e9s pendant les vacances","datePublished":"2024-12-01T19:17:33+00:00","dateModified":"2024-12-01T19:17:33+00:00","mainEntityOfPage":{"@id":"https:\/\/vieassociative.be\/actualites\/six-etapes-pour-proteger-votre-maison-des-invites-pendant-les-vacances\/"},"wordCount":1161,"publisher":{"@id":"https:\/\/vieassociative.be\/actualites\/#organization"},"image":{"@id":"https:\/\/vieassociative.be\/actualites\/six-etapes-pour-proteger-votre-maison-des-invites-pendant-les-vacances\/#primaryimage"},"thumbnailUrl":"https:\/\/vieassociative.be\/actualites\/wp-content\/uploads\/2024\/12\/Six-etapes-pour-proteger-votre-maison-des-invites-pendant-les.png","keywords":["Des","\u00e9tapes","invit\u00e9s","Les","maison","pendant","pour","prot\u00e9ger","vacances","votre"],"articleSection":["Maison"],"inLanguage":"fr-BE"},{"@type":"WebPage","@id":"https:\/\/vieassociative.be\/actualites\/six-etapes-pour-proteger-votre-maison-des-invites-pendant-les-vacances\/","url":"https:\/\/vieassociative.be\/actualites\/six-etapes-pour-proteger-votre-maison-des-invites-pendant-les-vacances\/","name":"Six \u00e9tapes pour prot\u00e9ger votre maison des invit\u00e9s pendant les vacances | Vie Associative","isPartOf":{"@id":"https:\/\/vieassociative.be\/actualites\/#website"},"primaryImageOfPage":{"@id":"https:\/\/vieassociative.be\/actualites\/six-etapes-pour-proteger-votre-maison-des-invites-pendant-les-vacances\/#primaryimage"},"image":{"@id":"https:\/\/vieassociative.be\/actualites\/six-etapes-pour-proteger-votre-maison-des-invites-pendant-les-vacances\/#primaryimage"},"thumbnailUrl":"https:\/\/vieassociative.be\/actualites\/wp-content\/uploads\/2024\/12\/Six-etapes-pour-proteger-votre-maison-des-invites-pendant-les.png","datePublished":"2024-12-01T19:17:33+00:00","dateModified":"2024-12-01T19:17:33+00:00","breadcrumb":{"@id":"https:\/\/vieassociative.be\/actualites\/six-etapes-pour-proteger-votre-maison-des-invites-pendant-les-vacances\/#breadcrumb"},"inLanguage":"fr-BE","potentialAction":[{"@type":"ReadAction","target":["https:\/\/vieassociative.be\/actualites\/six-etapes-pour-proteger-votre-maison-des-invites-pendant-les-vacances\/"]}]},{"@type":"ImageObject","inLanguage":"fr-BE","@id":"https:\/\/vieassociative.be\/actualites\/six-etapes-pour-proteger-votre-maison-des-invites-pendant-les-vacances\/#primaryimage","url":"https:\/\/vieassociative.be\/actualites\/wp-content\/uploads\/2024\/12\/Six-etapes-pour-proteger-votre-maison-des-invites-pendant-les.png","contentUrl":"https:\/\/vieassociative.be\/actualites\/wp-content\/uploads\/2024\/12\/Six-etapes-pour-proteger-votre-maison-des-invites-pendant-les.png","width":1200,"height":675,"caption":"Six \u00e9tapes pour prot\u00e9ger votre maison des invit\u00e9s pendant les vacances"},{"@type":"BreadcrumbList","@id":"https:\/\/vieassociative.be\/actualites\/six-etapes-pour-proteger-votre-maison-des-invites-pendant-les-vacances\/#breadcrumb","itemListElement":[{"@type":"ListItem","position":1,"name":"Accueil","item":"https:\/\/vieassociative.be\/actualites\/"},{"@type":"ListItem","position":2,"name":"Six \u00e9tapes pour prot\u00e9ger votre maison des invit\u00e9s pendant les vacances"}]},{"@type":"WebSite","@id":"https:\/\/vieassociative.be\/actualites\/#website","url":"https:\/\/vieassociative.be\/actualites\/","name":"Vie Associative","description":"","publisher":{"@id":"https:\/\/vieassociative.be\/actualites\/#organization"},"potentialAction":[{"@type":"SearchAction","target":{"@type":"EntryPoint","urlTemplate":"https:\/\/vieassociative.be\/actualites\/?s={search_term_string}"},"query-input":{"@type":"PropertyValueSpecification","valueRequired":true,"valueName":"search_term_string"}}],"inLanguage":"fr-BE"},{"@type":"Organization","@id":"https:\/\/vieassociative.be\/actualites\/#organization","name":"Vie Associative","url":"https:\/\/vieassociative.be\/actualites\/","logo":{"@type":"ImageObject","inLanguage":"fr-BE","@id":"https:\/\/vieassociative.be\/actualites\/#\/schema\/logo\/image\/","url":"https:\/\/vieassociative.be\/actualites\/wp-content\/uploads\/2024\/09\/cropped-vieassociative_favicon.ico.png","contentUrl":"https:\/\/vieassociative.be\/actualites\/wp-content\/uploads\/2024\/09\/cropped-vieassociative_favicon.ico.png","width":512,"height":512,"caption":"Vie Associative"},"image":{"@id":"https:\/\/vieassociative.be\/actualites\/#\/schema\/logo\/image\/"}},{"@type":"Person","@id":"https:\/\/vieassociative.be\/actualites\/#\/schema\/person\/b87ac4f82f9d4e7b7cec7395b679edc4","name":"Julien","image":{"@type":"ImageObject","inLanguage":"fr-BE","@id":"https:\/\/vieassociative.be\/actualites\/#\/schema\/person\/image\/","url":"https:\/\/vieassociative.be\/actualites\/wp-content\/uploads\/2024\/09\/vie-associative-1-150x150.jpg","contentUrl":"https:\/\/vieassociative.be\/actualites\/wp-content\/uploads\/2024\/09\/vie-associative-1-150x150.jpg","caption":"Julien"},"description":"Je suis Julien, r\u00e9dacteur pour Vie Associative. Passionn\u00e9 par le monde associatif depuis plus de 10 ans, j'ai \u00e0 c\u0153ur de partager des histoires inspirantes et de mettre en lumi\u00e8re les initiatives locales. Mon objectif est de sensibiliser et d'encourager l'engagement communautaire \u00e0 travers mes articles.","sameAs":["https:\/\/vieassociative.be\/"]}]}},"_links":{"self":[{"href":"https:\/\/vieassociative.be\/actualites\/wp-json\/wp\/v2\/posts\/2962"}],"collection":[{"href":"https:\/\/vieassociative.be\/actualites\/wp-json\/wp\/v2\/posts"}],"about":[{"href":"https:\/\/vieassociative.be\/actualites\/wp-json\/wp\/v2\/types\/post"}],"author":[{"embeddable":true,"href":"https:\/\/vieassociative.be\/actualites\/wp-json\/wp\/v2\/users\/1"}],"replies":[{"embeddable":true,"href":"https:\/\/vieassociative.be\/actualites\/wp-json\/wp\/v2\/comments?post=2962"}],"version-history":[{"count":0,"href":"https:\/\/vieassociative.be\/actualites\/wp-json\/wp\/v2\/posts\/2962\/revisions"}],"wp:featuredmedia":[{"embeddable":true,"href":"https:\/\/vieassociative.be\/actualites\/wp-json\/wp\/v2\/media\/2963"}],"wp:attachment":[{"href":"https:\/\/vieassociative.be\/actualites\/wp-json\/wp\/v2\/media?parent=2962"}],"wp:term":[{"taxonomy":"category","embeddable":true,"href":"https:\/\/vieassociative.be\/actualites\/wp-json\/wp\/v2\/categories?post=2962"},{"taxonomy":"post_tag","embeddable":true,"href":"https:\/\/vieassociative.be\/actualites\/wp-json\/wp\/v2\/tags?post=2962"}],"curies":[{"name":"wp","href":"https:\/\/api.w.org\/{rel}","templated":true}]}}