{"id":2960,"date":"2024-12-01T19:18:47","date_gmt":"2024-12-01T18:18:47","guid":{"rendered":"https:\/\/vieassociative.be\/actualites\/demandez-ces-jours-de-conge-pour-maximiser-votre-prise-de-force-en-2025\/"},"modified":"2024-12-01T19:18:47","modified_gmt":"2024-12-01T18:18:47","slug":"demandez-ces-jours-de-conge-pour-maximiser-votre-prise-de-force-en-2025","status":"publish","type":"post","link":"https:\/\/vieassociative.be\/actualites\/demandez-ces-jours-de-conge-pour-maximiser-votre-prise-de-force-en-2025\/","title":{"rendered":"Demandez ces jours de cong\u00e9 pour maximiser votre prise de force en 2025"},"content":{"rendered":"<div class=\"mt-4 leading-6 md:mb-8\">Transformez 11 jours de vacances en une ann\u00e9e de week-ends extra-longs.<\/div>\n<p><\/p>\n<p>Nous souhaitons tous pouvoir prendre plus de vacances et travailler moins, que vous disposiez de seulement deux semaines de cong\u00e9s pay\u00e9s ou que vous manquiez de flexibilit\u00e9 ou de soutien pour utiliser une politique illimit\u00e9e. Si vous ne comptez pas de jours de vacances pour des voyages prolong\u00e9s l&rsquo;ann\u00e9e prochaine, vous pouvez planifier strat\u00e9giquement des jours f\u00e9ri\u00e9s reconnus pour obtenir une s\u00e9rie de week-ends luxueusement longs. Voici comment transformer 12 jours de prise de force en p\u00e9riode de vacances maximale en 2025. <\/p>\n<h2 id=\"federal-holidays-that-make-long-weekends\">Les jours f\u00e9ri\u00e9s f\u00e9d\u00e9raux 2025 qui font de longs week-ends <\/h2>\n<p>Il existe 11 jours f\u00e9ri\u00e9s f\u00e9d\u00e9raux reconnus en 2025 qui peuvent facilement \u00eatre convertis en longs week-ends \u2013 dans certains cas, en semaines compl\u00e8tes \u2013 avec seulement un ou deux jours de prise de force. Bien que nous ayons not\u00e9 de nombreux vendredis o\u00f9 il faut demander cong\u00e9 lorsque le lundi suivant est un jour f\u00e9ri\u00e9, vous pouvez envisager de prendre le mardi \u00e0 la place si toutes les personnes avec lesquelles vous travaillez sont susceptibles d&rsquo;\u00eatre absentes ou de travailler moins le vendredi (ce qui vous permet potentiellement de partir plus t\u00f4t sans sacrifier un jour de vacances). <\/p>\n<ul>\n<li>\n<p>Mercredi 1er janvier (Jour de l&rsquo;An) : d\u00e9collez les 2 et 3 janvier pour un week-end de cinq jours. Si vous disposez \u00e9galement du 31 d\u00e9cembre, profitez du lundi 30 d\u00e9cembre pour une semaine compl\u00e8te de vacances. <\/p>\n<\/li>\n<li>\n<p>Lundi 20 janvier (Journ\u00e9e Martin Luther King, Jr.) : D\u00e9collage le vendredi 17 janvier<\/p>\n<\/li>\n<li>\n<p>Lundi 17 f\u00e9vrier (Journ\u00e9e du Pr\u00e9sident)\u00a0: D\u00e9collage le vendredi 14 f\u00e9vrier<\/p>\n<\/li>\n<li>\n<p>Lundi 26 mai (Memorial Day) : D\u00e9collage vendredi 23 mai<\/p>\n<\/li>\n<li>\n<p>Jeudi 19 juin (Journ\u00e9e nationale de l&rsquo;ind\u00e9pendance)\u00a0: D\u00e9collage le vendredi 20 juin<\/p>\n<\/li>\n<li>\n<p>Vendredi 4 juillet (Jour de l&rsquo;Ind\u00e9pendance) : D\u00e9collage jeudi 3 juillet<\/p>\n<\/li>\n<li>\n<p>Lundi 1er septembre (F\u00eate du Travail) : D\u00e9collage le vendredi 29 ao\u00fbt<\/p>\n<\/li>\n<li>\n<p>Lundi 13 octobre (Journ\u00e9e des peuples autochtones) : D\u00e9collage vendredi 10 octobre<\/p>\n<\/li>\n<li>\n<p>Mardi 11 novembre (Journ\u00e9e des anciens combattants) : D\u00e9collage lundi 10 novembre<\/p>\n<\/li>\n<li>\n<p>Jeudi 27 novembre (jour de Thanksgiving) : D\u00e9collage le vendredi 28 novembre. Si vous avez d\u00e9j\u00e0 ce jour de cong\u00e9, demandez le mercredi 26 novembre pour b\u00e9n\u00e9ficier d&rsquo;un week-end de cinq jours. <\/p>\n<\/li>\n<li>\n<p>Jeudi 25 d\u00e9cembre (jour de No\u00ebl)\u00a0: D\u00e9collage le vendredi 26 d\u00e9cembre. Si vous disposez \u00e9galement du 24 d\u00e9cembre, vous b\u00e9n\u00e9ficiez d&rsquo;un week-end de cinq jours. Ou d\u00e9collez du 22 au 24 d\u00e9cembre et du 26 d\u00e9cembre pour b\u00e9n\u00e9ficier de neuf jours de vacances avec seulement quatre jours de prise de force. <\/p>\n<\/li>\n<\/ul>\n<p>Notez que vous n&rsquo;\u00eates probablement pas la seule personne sur votre lieu de travail \u00e0 souhaiter prendre des vacances pendant les jours f\u00e9ri\u00e9s existants, alors assurez-vous de demander votre prise de force le plus t\u00f4t possible pour augmenter les chances qu&rsquo;elle soit approuv\u00e9e. <\/p>\n","protected":false},"excerpt":{"rendered":"<p>Transformez 11 jours de vacances en une ann\u00e9e de week-ends extra-longs. Nous souhaitons tous pouvoir prendre plus de vacances et travailler moins, que vous disposiez<\/p>\n","protected":false},"author":1,"featured_media":2961,"comment_status":"","ping_status":"","sticky":false,"template":"","format":"standard","meta":{"footnotes":""},"categories":[43],"tags":[248,1862,2488,540,937,1012,81,3677,8],"class_list":["post-2960","post","type-post","status-publish","format-standard","has-post-thumbnail","hentry","category-travail","tag-ces","tag-conge","tag-demandez","tag-force","tag-jours","tag-maximiser","tag-pour","tag-prise","tag-votre","generate-columns","tablet-grid-50","mobile-grid-100","grid-parent","grid-33"],"yoast_head":"<!-- This site is optimized with the Yoast SEO plugin v24.0 - https:\/\/yoast.com\/wordpress\/plugins\/seo\/ -->\n<title>Demandez ces jours de cong\u00e9 pour maximiser votre prise de force en 2025 | Vie Associative<\/title>\n<meta name=\"robots\" content=\"index, follow, max-snippet:-1, max-image-preview:large, max-video-preview:-1\" \/>\n<link rel=\"canonical\" href=\"https:\/\/vieassociative.be\/actualites\/demandez-ces-jours-de-conge-pour-maximiser-votre-prise-de-force-en-2025\/\" \/>\n<meta property=\"og:locale\" content=\"fr_FR\" \/>\n<meta property=\"og:type\" content=\"article\" \/>\n<meta property=\"og:title\" content=\"Demandez ces jours de cong\u00e9 pour maximiser votre prise de force en 2025 | Vie Associative\" \/>\n<meta property=\"og:description\" content=\"Transformez 11 jours de vacances en une ann\u00e9e de week-ends extra-longs. Nous souhaitons tous pouvoir prendre plus de vacances et travailler moins, que vous disposiez\" \/>\n<meta property=\"og:url\" content=\"https:\/\/vieassociative.be\/actualites\/demandez-ces-jours-de-conge-pour-maximiser-votre-prise-de-force-en-2025\/\" \/>\n<meta property=\"og:site_name\" content=\"Vie Associative\" \/>\n<meta property=\"article:published_time\" content=\"2024-12-01T18:18:47+00:00\" \/>\n<meta property=\"og:image\" content=\"https:\/\/vieassociative.be\/actualites\/wp-content\/uploads\/2024\/09\/header_backgroundk-01-e1726694325946.png\" \/>\n\t<meta property=\"og:image:width\" content=\"279\" \/>\n\t<meta property=\"og:image:height\" content=\"92\" \/>\n\t<meta property=\"og:image:type\" content=\"image\/png\" \/>\n<meta name=\"author\" content=\"Julien\" \/>\n<meta name=\"twitter:card\" content=\"summary_large_image\" \/>\n<meta name=\"twitter:label1\" content=\"\u00c9crit par\" \/>\n\t<meta name=\"twitter:data1\" content=\"Julien\" \/>\n\t<meta name=\"twitter:label2\" content=\"Dur\u00e9e de lecture est.\" \/>\n\t<meta name=\"twitter:data2\" content=\"2 minutes\" \/>\n<script type=\"application\/ld+json\" class=\"yoast-schema-graph\">{\"@context\":\"https:\/\/schema.org\",\"@graph\":[{\"@type\":\"Article\",\"@id\":\"https:\/\/vieassociative.be\/actualites\/demandez-ces-jours-de-conge-pour-maximiser-votre-prise-de-force-en-2025\/#article\",\"isPartOf\":{\"@id\":\"https:\/\/vieassociative.be\/actualites\/demandez-ces-jours-de-conge-pour-maximiser-votre-prise-de-force-en-2025\/\"},\"author\":{\"name\":\"Julien\",\"@id\":\"https:\/\/vieassociative.be\/actualites\/#\/schema\/person\/b87ac4f82f9d4e7b7cec7395b679edc4\"},\"headline\":\"Demandez ces jours de cong\u00e9 pour maximiser votre prise de force en 2025\",\"datePublished\":\"2024-12-01T18:18:47+00:00\",\"dateModified\":\"2024-12-01T18:18:47+00:00\",\"mainEntityOfPage\":{\"@id\":\"https:\/\/vieassociative.be\/actualites\/demandez-ces-jours-de-conge-pour-maximiser-votre-prise-de-force-en-2025\/\"},\"wordCount\":500,\"publisher\":{\"@id\":\"https:\/\/vieassociative.be\/actualites\/#organization\"},\"image\":{\"@id\":\"https:\/\/vieassociative.be\/actualites\/demandez-ces-jours-de-conge-pour-maximiser-votre-prise-de-force-en-2025\/#primaryimage\"},\"thumbnailUrl\":\"https:\/\/vieassociative.be\/actualites\/wp-content\/uploads\/2024\/12\/Demandez-ces-jours-de-conge-pour-maximiser-votre-prise-de.jpg\",\"keywords\":[\"ces\",\"cong\u00e9\",\"Demandez\",\"forc\u00e9\",\"jours\",\"maximiser\",\"pour\",\"prise\",\"votre\"],\"articleSection\":[\"Travail\"],\"inLanguage\":\"fr-BE\"},{\"@type\":\"WebPage\",\"@id\":\"https:\/\/vieassociative.be\/actualites\/demandez-ces-jours-de-conge-pour-maximiser-votre-prise-de-force-en-2025\/\",\"url\":\"https:\/\/vieassociative.be\/actualites\/demandez-ces-jours-de-conge-pour-maximiser-votre-prise-de-force-en-2025\/\",\"name\":\"Demandez ces jours de cong\u00e9 pour maximiser votre prise de force en 2025 | Vie Associative\",\"isPartOf\":{\"@id\":\"https:\/\/vieassociative.be\/actualites\/#website\"},\"primaryImageOfPage\":{\"@id\":\"https:\/\/vieassociative.be\/actualites\/demandez-ces-jours-de-conge-pour-maximiser-votre-prise-de-force-en-2025\/#primaryimage\"},\"image\":{\"@id\":\"https:\/\/vieassociative.be\/actualites\/demandez-ces-jours-de-conge-pour-maximiser-votre-prise-de-force-en-2025\/#primaryimage\"},\"thumbnailUrl\":\"https:\/\/vieassociative.be\/actualites\/wp-content\/uploads\/2024\/12\/Demandez-ces-jours-de-conge-pour-maximiser-votre-prise-de.jpg\",\"datePublished\":\"2024-12-01T18:18:47+00:00\",\"dateModified\":\"2024-12-01T18:18:47+00:00\",\"breadcrumb\":{\"@id\":\"https:\/\/vieassociative.be\/actualites\/demandez-ces-jours-de-conge-pour-maximiser-votre-prise-de-force-en-2025\/#breadcrumb\"},\"inLanguage\":\"fr-BE\",\"potentialAction\":[{\"@type\":\"ReadAction\",\"target\":[\"https:\/\/vieassociative.be\/actualites\/demandez-ces-jours-de-conge-pour-maximiser-votre-prise-de-force-en-2025\/\"]}]},{\"@type\":\"ImageObject\",\"inLanguage\":\"fr-BE\",\"@id\":\"https:\/\/vieassociative.be\/actualites\/demandez-ces-jours-de-conge-pour-maximiser-votre-prise-de-force-en-2025\/#primaryimage\",\"url\":\"https:\/\/vieassociative.be\/actualites\/wp-content\/uploads\/2024\/12\/Demandez-ces-jours-de-conge-pour-maximiser-votre-prise-de.jpg\",\"contentUrl\":\"https:\/\/vieassociative.be\/actualites\/wp-content\/uploads\/2024\/12\/Demandez-ces-jours-de-conge-pour-maximiser-votre-prise-de.jpg\",\"width\":1200,\"height\":675,\"caption\":\"Demandez ces jours de cong\u00e9 pour maximiser votre prise de force en 2025\"},{\"@type\":\"BreadcrumbList\",\"@id\":\"https:\/\/vieassociative.be\/actualites\/demandez-ces-jours-de-conge-pour-maximiser-votre-prise-de-force-en-2025\/#breadcrumb\",\"itemListElement\":[{\"@type\":\"ListItem\",\"position\":1,\"name\":\"Accueil\",\"item\":\"https:\/\/vieassociative.be\/actualites\/\"},{\"@type\":\"ListItem\",\"position\":2,\"name\":\"Demandez ces jours de cong\u00e9 pour maximiser votre prise de force en 2025\"}]},{\"@type\":\"WebSite\",\"@id\":\"https:\/\/vieassociative.be\/actualites\/#website\",\"url\":\"https:\/\/vieassociative.be\/actualites\/\",\"name\":\"Vie Associative\",\"description\":\"\",\"publisher\":{\"@id\":\"https:\/\/vieassociative.be\/actualites\/#organization\"},\"potentialAction\":[{\"@type\":\"SearchAction\",\"target\":{\"@type\":\"EntryPoint\",\"urlTemplate\":\"https:\/\/vieassociative.be\/actualites\/?s={search_term_string}\"},\"query-input\":{\"@type\":\"PropertyValueSpecification\",\"valueRequired\":true,\"valueName\":\"search_term_string\"}}],\"inLanguage\":\"fr-BE\"},{\"@type\":\"Organization\",\"@id\":\"https:\/\/vieassociative.be\/actualites\/#organization\",\"name\":\"Vie Associative\",\"url\":\"https:\/\/vieassociative.be\/actualites\/\",\"logo\":{\"@type\":\"ImageObject\",\"inLanguage\":\"fr-BE\",\"@id\":\"https:\/\/vieassociative.be\/actualites\/#\/schema\/logo\/image\/\",\"url\":\"https:\/\/vieassociative.be\/actualites\/wp-content\/uploads\/2024\/09\/cropped-vieassociative_favicon.ico.png\",\"contentUrl\":\"https:\/\/vieassociative.be\/actualites\/wp-content\/uploads\/2024\/09\/cropped-vieassociative_favicon.ico.png\",\"width\":512,\"height\":512,\"caption\":\"Vie Associative\"},\"image\":{\"@id\":\"https:\/\/vieassociative.be\/actualites\/#\/schema\/logo\/image\/\"}},{\"@type\":\"Person\",\"@id\":\"https:\/\/vieassociative.be\/actualites\/#\/schema\/person\/b87ac4f82f9d4e7b7cec7395b679edc4\",\"name\":\"Julien\",\"image\":{\"@type\":\"ImageObject\",\"inLanguage\":\"fr-BE\",\"@id\":\"https:\/\/vieassociative.be\/actualites\/#\/schema\/person\/image\/\",\"url\":\"https:\/\/vieassociative.be\/actualites\/wp-content\/uploads\/2024\/09\/vie-associative-1-150x150.jpg\",\"contentUrl\":\"https:\/\/vieassociative.be\/actualites\/wp-content\/uploads\/2024\/09\/vie-associative-1-150x150.jpg\",\"caption\":\"Julien\"},\"description\":\"Je suis Julien, r\u00e9dacteur pour Vie Associative. Passionn\u00e9 par le monde associatif depuis plus de 10 ans, j'ai \u00e0 c\u0153ur de partager des histoires inspirantes et de mettre en lumi\u00e8re les initiatives locales. Mon objectif est de sensibiliser et d'encourager l'engagement communautaire \u00e0 travers mes articles.\",\"sameAs\":[\"https:\/\/vieassociative.be\/\"]}]}<\/script>\n<!-- \/ Yoast SEO plugin. -->","yoast_head_json":{"title":"Demandez ces jours de cong\u00e9 pour maximiser votre prise de force en 2025 | Vie Associative","robots":{"index":"index","follow":"follow","max-snippet":"max-snippet:-1","max-image-preview":"max-image-preview:large","max-video-preview":"max-video-preview:-1"},"canonical":"https:\/\/vieassociative.be\/actualites\/demandez-ces-jours-de-conge-pour-maximiser-votre-prise-de-force-en-2025\/","og_locale":"fr_FR","og_type":"article","og_title":"Demandez ces jours de cong\u00e9 pour maximiser votre prise de force en 2025 | Vie Associative","og_description":"Transformez 11 jours de vacances en une ann\u00e9e de week-ends extra-longs. Nous souhaitons tous pouvoir prendre plus de vacances et travailler moins, que vous disposiez","og_url":"https:\/\/vieassociative.be\/actualites\/demandez-ces-jours-de-conge-pour-maximiser-votre-prise-de-force-en-2025\/","og_site_name":"Vie Associative","article_published_time":"2024-12-01T18:18:47+00:00","og_image":[{"width":279,"height":92,"url":"https:\/\/vieassociative.be\/actualites\/wp-content\/uploads\/2024\/09\/header_backgroundk-01-e1726694325946.png","type":"image\/png"}],"author":"Julien","twitter_card":"summary_large_image","twitter_misc":{"\u00c9crit par":"Julien","Dur\u00e9e de lecture est.":"2 minutes"},"schema":{"@context":"https:\/\/schema.org","@graph":[{"@type":"Article","@id":"https:\/\/vieassociative.be\/actualites\/demandez-ces-jours-de-conge-pour-maximiser-votre-prise-de-force-en-2025\/#article","isPartOf":{"@id":"https:\/\/vieassociative.be\/actualites\/demandez-ces-jours-de-conge-pour-maximiser-votre-prise-de-force-en-2025\/"},"author":{"name":"Julien","@id":"https:\/\/vieassociative.be\/actualites\/#\/schema\/person\/b87ac4f82f9d4e7b7cec7395b679edc4"},"headline":"Demandez ces jours de cong\u00e9 pour maximiser votre prise de force en 2025","datePublished":"2024-12-01T18:18:47+00:00","dateModified":"2024-12-01T18:18:47+00:00","mainEntityOfPage":{"@id":"https:\/\/vieassociative.be\/actualites\/demandez-ces-jours-de-conge-pour-maximiser-votre-prise-de-force-en-2025\/"},"wordCount":500,"publisher":{"@id":"https:\/\/vieassociative.be\/actualites\/#organization"},"image":{"@id":"https:\/\/vieassociative.be\/actualites\/demandez-ces-jours-de-conge-pour-maximiser-votre-prise-de-force-en-2025\/#primaryimage"},"thumbnailUrl":"https:\/\/vieassociative.be\/actualites\/wp-content\/uploads\/2024\/12\/Demandez-ces-jours-de-conge-pour-maximiser-votre-prise-de.jpg","keywords":["ces","cong\u00e9","Demandez","forc\u00e9","jours","maximiser","pour","prise","votre"],"articleSection":["Travail"],"inLanguage":"fr-BE"},{"@type":"WebPage","@id":"https:\/\/vieassociative.be\/actualites\/demandez-ces-jours-de-conge-pour-maximiser-votre-prise-de-force-en-2025\/","url":"https:\/\/vieassociative.be\/actualites\/demandez-ces-jours-de-conge-pour-maximiser-votre-prise-de-force-en-2025\/","name":"Demandez ces jours de cong\u00e9 pour maximiser votre prise de force en 2025 | Vie Associative","isPartOf":{"@id":"https:\/\/vieassociative.be\/actualites\/#website"},"primaryImageOfPage":{"@id":"https:\/\/vieassociative.be\/actualites\/demandez-ces-jours-de-conge-pour-maximiser-votre-prise-de-force-en-2025\/#primaryimage"},"image":{"@id":"https:\/\/vieassociative.be\/actualites\/demandez-ces-jours-de-conge-pour-maximiser-votre-prise-de-force-en-2025\/#primaryimage"},"thumbnailUrl":"https:\/\/vieassociative.be\/actualites\/wp-content\/uploads\/2024\/12\/Demandez-ces-jours-de-conge-pour-maximiser-votre-prise-de.jpg","datePublished":"2024-12-01T18:18:47+00:00","dateModified":"2024-12-01T18:18:47+00:00","breadcrumb":{"@id":"https:\/\/vieassociative.be\/actualites\/demandez-ces-jours-de-conge-pour-maximiser-votre-prise-de-force-en-2025\/#breadcrumb"},"inLanguage":"fr-BE","potentialAction":[{"@type":"ReadAction","target":["https:\/\/vieassociative.be\/actualites\/demandez-ces-jours-de-conge-pour-maximiser-votre-prise-de-force-en-2025\/"]}]},{"@type":"ImageObject","inLanguage":"fr-BE","@id":"https:\/\/vieassociative.be\/actualites\/demandez-ces-jours-de-conge-pour-maximiser-votre-prise-de-force-en-2025\/#primaryimage","url":"https:\/\/vieassociative.be\/actualites\/wp-content\/uploads\/2024\/12\/Demandez-ces-jours-de-conge-pour-maximiser-votre-prise-de.jpg","contentUrl":"https:\/\/vieassociative.be\/actualites\/wp-content\/uploads\/2024\/12\/Demandez-ces-jours-de-conge-pour-maximiser-votre-prise-de.jpg","width":1200,"height":675,"caption":"Demandez ces jours de cong\u00e9 pour maximiser votre prise de force en 2025"},{"@type":"BreadcrumbList","@id":"https:\/\/vieassociative.be\/actualites\/demandez-ces-jours-de-conge-pour-maximiser-votre-prise-de-force-en-2025\/#breadcrumb","itemListElement":[{"@type":"ListItem","position":1,"name":"Accueil","item":"https:\/\/vieassociative.be\/actualites\/"},{"@type":"ListItem","position":2,"name":"Demandez ces jours de cong\u00e9 pour maximiser votre prise de force en 2025"}]},{"@type":"WebSite","@id":"https:\/\/vieassociative.be\/actualites\/#website","url":"https:\/\/vieassociative.be\/actualites\/","name":"Vie Associative","description":"","publisher":{"@id":"https:\/\/vieassociative.be\/actualites\/#organization"},"potentialAction":[{"@type":"SearchAction","target":{"@type":"EntryPoint","urlTemplate":"https:\/\/vieassociative.be\/actualites\/?s={search_term_string}"},"query-input":{"@type":"PropertyValueSpecification","valueRequired":true,"valueName":"search_term_string"}}],"inLanguage":"fr-BE"},{"@type":"Organization","@id":"https:\/\/vieassociative.be\/actualites\/#organization","name":"Vie Associative","url":"https:\/\/vieassociative.be\/actualites\/","logo":{"@type":"ImageObject","inLanguage":"fr-BE","@id":"https:\/\/vieassociative.be\/actualites\/#\/schema\/logo\/image\/","url":"https:\/\/vieassociative.be\/actualites\/wp-content\/uploads\/2024\/09\/cropped-vieassociative_favicon.ico.png","contentUrl":"https:\/\/vieassociative.be\/actualites\/wp-content\/uploads\/2024\/09\/cropped-vieassociative_favicon.ico.png","width":512,"height":512,"caption":"Vie Associative"},"image":{"@id":"https:\/\/vieassociative.be\/actualites\/#\/schema\/logo\/image\/"}},{"@type":"Person","@id":"https:\/\/vieassociative.be\/actualites\/#\/schema\/person\/b87ac4f82f9d4e7b7cec7395b679edc4","name":"Julien","image":{"@type":"ImageObject","inLanguage":"fr-BE","@id":"https:\/\/vieassociative.be\/actualites\/#\/schema\/person\/image\/","url":"https:\/\/vieassociative.be\/actualites\/wp-content\/uploads\/2024\/09\/vie-associative-1-150x150.jpg","contentUrl":"https:\/\/vieassociative.be\/actualites\/wp-content\/uploads\/2024\/09\/vie-associative-1-150x150.jpg","caption":"Julien"},"description":"Je suis Julien, r\u00e9dacteur pour Vie Associative. Passionn\u00e9 par le monde associatif depuis plus de 10 ans, j'ai \u00e0 c\u0153ur de partager des histoires inspirantes et de mettre en lumi\u00e8re les initiatives locales. Mon objectif est de sensibiliser et d'encourager l'engagement communautaire \u00e0 travers mes articles.","sameAs":["https:\/\/vieassociative.be\/"]}]}},"_links":{"self":[{"href":"https:\/\/vieassociative.be\/actualites\/wp-json\/wp\/v2\/posts\/2960"}],"collection":[{"href":"https:\/\/vieassociative.be\/actualites\/wp-json\/wp\/v2\/posts"}],"about":[{"href":"https:\/\/vieassociative.be\/actualites\/wp-json\/wp\/v2\/types\/post"}],"author":[{"embeddable":true,"href":"https:\/\/vieassociative.be\/actualites\/wp-json\/wp\/v2\/users\/1"}],"replies":[{"embeddable":true,"href":"https:\/\/vieassociative.be\/actualites\/wp-json\/wp\/v2\/comments?post=2960"}],"version-history":[{"count":0,"href":"https:\/\/vieassociative.be\/actualites\/wp-json\/wp\/v2\/posts\/2960\/revisions"}],"wp:featuredmedia":[{"embeddable":true,"href":"https:\/\/vieassociative.be\/actualites\/wp-json\/wp\/v2\/media\/2961"}],"wp:attachment":[{"href":"https:\/\/vieassociative.be\/actualites\/wp-json\/wp\/v2\/media?parent=2960"}],"wp:term":[{"taxonomy":"category","embeddable":true,"href":"https:\/\/vieassociative.be\/actualites\/wp-json\/wp\/v2\/categories?post=2960"},{"taxonomy":"post_tag","embeddable":true,"href":"https:\/\/vieassociative.be\/actualites\/wp-json\/wp\/v2\/tags?post=2960"}],"curies":[{"name":"wp","href":"https:\/\/api.w.org\/{rel}","templated":true}]}}