{"id":2958,"date":"2024-12-01T18:19:04","date_gmt":"2024-12-01T17:19:04","guid":{"rendered":"https:\/\/vieassociative.be\/actualites\/la-meilleure-facon-de-sauvegarder-les-oeuvres-de-votre-enfant-sans-prendre-de-place\/"},"modified":"2024-12-01T18:19:04","modified_gmt":"2024-12-01T17:19:04","slug":"la-meilleure-facon-de-sauvegarder-les-oeuvres-de-votre-enfant-sans-prendre-de-place","status":"publish","type":"post","link":"https:\/\/vieassociative.be\/actualites\/la-meilleure-facon-de-sauvegarder-les-oeuvres-de-votre-enfant-sans-prendre-de-place\/","title":{"rendered":"La meilleure fa\u00e7on de sauvegarder les \u0153uvres de votre enfant sans prendre de place"},"content":{"rendered":"<div class=\"mt-4 leading-6 md:mb-8\">Parce que vous ne pouvez pas afficher (ou conserver) toutes les \u0153uvres de votre enfant.<\/div>\n<p><\/p>\n<p>Si vous \u00eates comme moi, vous conservez la plupart des nombreuses \u0153uvres d&rsquo;art de vos enfants dans l&rsquo;un des trois endroits suivants\u00a0: dans un bac en plastique surdimensionn\u00e9 \u00e0 organiser \u00ab\u00a0un jour\u00a0\u00bb dans le futur, expos\u00e9 temporairement pour que votre enfant se sente fier et valid\u00e9, ou la poubelle. M\u00eame si vous \u00eates cribl\u00e9 de culpabilit\u00e9 \u00e0 chaque fois que vous lancez ce dessin \u00ab orageux \u00bb qui ressemble \u00e0 12 marqueurs dans un combat, ou ce rendu dramatique de l&rsquo;apocalypse zombie au crayon n\u00b02, il n&rsquo;y a tout simplement pas assez d&rsquo;espace pour conserver chaque chef-d&rsquo;\u0153uvre. .<\/p>\n<p>Nous avons d\u00e9j\u00e0 \u00e9crit sur les fa\u00e7ons n\u00e9cessitant peu d&rsquo;entretien de sauvegarder ou d&rsquo;utiliser les \u0153uvres d&rsquo;art de votre enfant, de les afficher sur un mur ignor\u00e9 et de les r\u00e9utiliser en cartes de v\u0153ux, en passant par l&rsquo;envoi de pi\u00e8ces s\u00e9lectionn\u00e9es \u00e0 la famille et la cr\u00e9ation d&rsquo;un compte Instagram priv\u00e9 pour elles. <\/p>\n<p>Ici, inspir\u00e9s par ce TikTok, nous partageons une autre fa\u00e7on d&rsquo;analyser la quantit\u00e9, tout en profitant de la qualit\u00e9 des \u0153uvres de vos enfants pour les ann\u00e9es \u00e0 venir.<\/p>\n<blockquote class=\"tiktokEmbed tiktok-embed\" data-video-id=\"7097057121736428842\" style=\"max-width: 605px;min-width: 325px;\">\n<section><\/section>\n<\/blockquote>\n<h2 id=\"how-to-make-a-dot-painting-of-your-kids-artwork\">Comment r\u00e9aliser une \u00ab peinture par points \u00bb des \u0153uvres de votre enfant<\/h2>\n<p>Dans sa vid\u00e9o, la cr\u00e9atrice @thecolorfulmother a montr\u00e9 son processus pour convertir le travail de son enfant en un magnifique art encadr\u00e9 qui ajoute une touche \u00e9l\u00e9gante et color\u00e9e \u00e0 n&rsquo;importe quelle pi\u00e8ce. <\/p>\n<p>Voici ce dont vous aurez besoin\u00a0: <\/p>\n<ul>\n<li>\n<p>Poin\u00e7on circulaire de 2 pouces <\/p>\n<\/li>\n<li>\n<p>R\u00e8gle<\/p>\n<\/li>\n<li>\n<p>Carton blanc non d\u00e9coup\u00e9 de 24 x 36 pouces<\/p>\n<\/li>\n<li>\n<p>Colle collante <\/p>\n<\/li>\n<li>\n<p>Cadre pour affiche 24 x 36 pouces <\/p>\n<\/li>\n<\/ul>\n<p>Apr\u00e8s avoir s\u00e9lectionn\u00e9 les \u0153uvres d\u2019art que vous souhaitez r\u00e9utiliser, commencez \u00e0 d\u00e9couper des cercles de couleur de deux pouces. (Il convient de noter que les meilleurs candidats pour ce projet sont les aquarelles\u00a0: il n&rsquo;est pas n\u00e9cessaire que les \u0153uvres d&rsquo;art pour enfants comprenant des macaronis ou des plumes s&rsquo;appliquent.) Percez \u00e0 votre guise ou jusqu&rsquo;\u00e0 ce que vous ayez une quantit\u00e9 suffisante pour cr\u00e9er suffisamment de rang\u00e9es pour remplir le passe-partout. (Le nombre de cercles d\u00e9pend de vous et d\u00e9pendra de la proximit\u00e9 souhait\u00e9e et de la taille du passe-partout que vous choisissez. @thecolorfulmother a cr\u00e9\u00e9 une grille de 7 lignes sur 11 colonnes, pour un total de 77 cercles). <\/p>\n<p>Avant de coller, posez tous les cercles sur le passe-partout en rang\u00e9es r\u00e9guli\u00e8rement espac\u00e9es. Utilisez la r\u00e8gle pour mesurer les marges, en laissant la m\u00eame quantit\u00e9 d&rsquo;espace blanc en haut et en bas, ainsi que le long des c\u00f4t\u00e9s gauche et droit du passe-partout. (Pour plus de pr\u00e9cision, vous pouvez mesurer l&rsquo;espace entre chaque cercle pour garantir un espacement uniforme.) Placez de la colle au dos de chaque cercle, collez-les sur le passe-partout et sur le cadre. Une belle nouvelle \u0153uvre d&rsquo;art est n\u00e9e (au prix d&rsquo;environ 50 $ pour tous les mat\u00e9riaux, ou moins cher selon le mat\u00e9riau le plus cher, le cadre). <\/p>\n<p>L&rsquo;astuce est de s&rsquo;assurer que le jeune artiste en question n&rsquo;est pas t\u00e9moin de la r\u00e9utilisation, sinon vous risquez de verser une montagne de larmes. Ils vous remercieront plus tard, apr\u00e8s avoir oubli\u00e9 leurs cr\u00e9ations originales et avoir compris qu&rsquo;ils <em>ne le faites pas<\/em> Vous devez passer au crible 650 \u0153uvres d&rsquo;art pour tout-petits en tant que lyc\u00e9en pour faire de la place \u00e0 votre nouveau Peloton.<\/p>\n<p><\/p>\n<p><script async src=\"\/\/www.tiktok.com\/embed.js\"><\/script><\/p>\n","protected":false},"excerpt":{"rendered":"<p>Parce que vous ne pouvez pas afficher (ou conserver) toutes les \u0153uvres de votre enfant. Si vous \u00eates comme moi, vous conservez la plupart des<\/p>\n","protected":false},"author":1,"featured_media":2959,"comment_status":"","ping_status":"","sticky":false,"template":"","format":"standard","meta":{"footnotes":""},"categories":[37],"tags":[295,531,14,530,3676,204,886,130,3675,8],"class_list":["post-2958","post","type-post","status-publish","format-standard","has-post-thumbnail","hentry","category-famille","tag-enfant","tag-facon","tag-les","tag-meilleure","tag-oeuvres","tag-place","tag-prendre","tag-sans","tag-sauvegarder","tag-votre","generate-columns","tablet-grid-50","mobile-grid-100","grid-parent","grid-33"],"yoast_head":"<!-- This site is optimized with the Yoast SEO plugin v24.0 - https:\/\/yoast.com\/wordpress\/plugins\/seo\/ -->\n<title>La meilleure fa\u00e7on de sauvegarder les \u0153uvres de votre enfant sans prendre de place | Vie Associative<\/title>\n<meta name=\"robots\" content=\"index, follow, max-snippet:-1, max-image-preview:large, max-video-preview:-1\" \/>\n<link rel=\"canonical\" href=\"https:\/\/vieassociative.be\/actualites\/la-meilleure-facon-de-sauvegarder-les-oeuvres-de-votre-enfant-sans-prendre-de-place\/\" \/>\n<meta property=\"og:locale\" content=\"fr_FR\" \/>\n<meta property=\"og:type\" content=\"article\" \/>\n<meta property=\"og:title\" content=\"La meilleure fa\u00e7on de sauvegarder les \u0153uvres de votre enfant sans prendre de place | Vie Associative\" \/>\n<meta property=\"og:description\" content=\"Parce que vous ne pouvez pas afficher (ou conserver) toutes les \u0153uvres de votre enfant. Si vous \u00eates comme moi, vous conservez la plupart des\" \/>\n<meta property=\"og:url\" content=\"https:\/\/vieassociative.be\/actualites\/la-meilleure-facon-de-sauvegarder-les-oeuvres-de-votre-enfant-sans-prendre-de-place\/\" \/>\n<meta property=\"og:site_name\" content=\"Vie Associative\" \/>\n<meta property=\"article:published_time\" content=\"2024-12-01T17:19:04+00:00\" \/>\n<meta property=\"og:image\" content=\"https:\/\/vieassociative.be\/actualites\/wp-content\/uploads\/2024\/09\/header_backgroundk-01-e1726694325946.png\" \/>\n\t<meta property=\"og:image:width\" content=\"279\" \/>\n\t<meta property=\"og:image:height\" content=\"92\" \/>\n\t<meta property=\"og:image:type\" content=\"image\/png\" \/>\n<meta name=\"author\" content=\"Julien\" \/>\n<meta name=\"twitter:card\" content=\"summary_large_image\" \/>\n<meta name=\"twitter:label1\" content=\"\u00c9crit par\" \/>\n\t<meta name=\"twitter:data1\" content=\"Julien\" \/>\n\t<meta name=\"twitter:label2\" content=\"Dur\u00e9e de lecture est.\" \/>\n\t<meta name=\"twitter:data2\" content=\"3 minutes\" \/>\n<script type=\"application\/ld+json\" class=\"yoast-schema-graph\">{\"@context\":\"https:\/\/schema.org\",\"@graph\":[{\"@type\":\"Article\",\"@id\":\"https:\/\/vieassociative.be\/actualites\/la-meilleure-facon-de-sauvegarder-les-oeuvres-de-votre-enfant-sans-prendre-de-place\/#article\",\"isPartOf\":{\"@id\":\"https:\/\/vieassociative.be\/actualites\/la-meilleure-facon-de-sauvegarder-les-oeuvres-de-votre-enfant-sans-prendre-de-place\/\"},\"author\":{\"name\":\"Julien\",\"@id\":\"https:\/\/vieassociative.be\/actualites\/#\/schema\/person\/b87ac4f82f9d4e7b7cec7395b679edc4\"},\"headline\":\"La meilleure fa\u00e7on de sauvegarder les \u0153uvres de votre enfant sans prendre de place\",\"datePublished\":\"2024-12-01T17:19:04+00:00\",\"dateModified\":\"2024-12-01T17:19:04+00:00\",\"mainEntityOfPage\":{\"@id\":\"https:\/\/vieassociative.be\/actualites\/la-meilleure-facon-de-sauvegarder-les-oeuvres-de-votre-enfant-sans-prendre-de-place\/\"},\"wordCount\":619,\"publisher\":{\"@id\":\"https:\/\/vieassociative.be\/actualites\/#organization\"},\"image\":{\"@id\":\"https:\/\/vieassociative.be\/actualites\/la-meilleure-facon-de-sauvegarder-les-oeuvres-de-votre-enfant-sans-prendre-de-place\/#primaryimage\"},\"thumbnailUrl\":\"https:\/\/vieassociative.be\/actualites\/wp-content\/uploads\/2024\/12\/La-meilleure-facon-de-sauvegarder-les-oeuvres-de-votre-enfant.jpg\",\"keywords\":[\"enfant\",\"fa\u00e7on\",\"Les\",\"meilleure\",\"\u0153uvres\",\"place\",\"prendre\",\"sans\",\"sauvegarder\",\"votre\"],\"articleSection\":[\"Famille\"],\"inLanguage\":\"fr-BE\"},{\"@type\":\"WebPage\",\"@id\":\"https:\/\/vieassociative.be\/actualites\/la-meilleure-facon-de-sauvegarder-les-oeuvres-de-votre-enfant-sans-prendre-de-place\/\",\"url\":\"https:\/\/vieassociative.be\/actualites\/la-meilleure-facon-de-sauvegarder-les-oeuvres-de-votre-enfant-sans-prendre-de-place\/\",\"name\":\"La meilleure fa\u00e7on de sauvegarder les \u0153uvres de votre enfant sans prendre de place | Vie Associative\",\"isPartOf\":{\"@id\":\"https:\/\/vieassociative.be\/actualites\/#website\"},\"primaryImageOfPage\":{\"@id\":\"https:\/\/vieassociative.be\/actualites\/la-meilleure-facon-de-sauvegarder-les-oeuvres-de-votre-enfant-sans-prendre-de-place\/#primaryimage\"},\"image\":{\"@id\":\"https:\/\/vieassociative.be\/actualites\/la-meilleure-facon-de-sauvegarder-les-oeuvres-de-votre-enfant-sans-prendre-de-place\/#primaryimage\"},\"thumbnailUrl\":\"https:\/\/vieassociative.be\/actualites\/wp-content\/uploads\/2024\/12\/La-meilleure-facon-de-sauvegarder-les-oeuvres-de-votre-enfant.jpg\",\"datePublished\":\"2024-12-01T17:19:04+00:00\",\"dateModified\":\"2024-12-01T17:19:04+00:00\",\"breadcrumb\":{\"@id\":\"https:\/\/vieassociative.be\/actualites\/la-meilleure-facon-de-sauvegarder-les-oeuvres-de-votre-enfant-sans-prendre-de-place\/#breadcrumb\"},\"inLanguage\":\"fr-BE\",\"potentialAction\":[{\"@type\":\"ReadAction\",\"target\":[\"https:\/\/vieassociative.be\/actualites\/la-meilleure-facon-de-sauvegarder-les-oeuvres-de-votre-enfant-sans-prendre-de-place\/\"]}]},{\"@type\":\"ImageObject\",\"inLanguage\":\"fr-BE\",\"@id\":\"https:\/\/vieassociative.be\/actualites\/la-meilleure-facon-de-sauvegarder-les-oeuvres-de-votre-enfant-sans-prendre-de-place\/#primaryimage\",\"url\":\"https:\/\/vieassociative.be\/actualites\/wp-content\/uploads\/2024\/12\/La-meilleure-facon-de-sauvegarder-les-oeuvres-de-votre-enfant.jpg\",\"contentUrl\":\"https:\/\/vieassociative.be\/actualites\/wp-content\/uploads\/2024\/12\/La-meilleure-facon-de-sauvegarder-les-oeuvres-de-votre-enfant.jpg\",\"width\":1200,\"height\":675,\"caption\":\"La meilleure fa\u00e7on de sauvegarder les \u0153uvres de votre enfant sans prendre de place\"},{\"@type\":\"BreadcrumbList\",\"@id\":\"https:\/\/vieassociative.be\/actualites\/la-meilleure-facon-de-sauvegarder-les-oeuvres-de-votre-enfant-sans-prendre-de-place\/#breadcrumb\",\"itemListElement\":[{\"@type\":\"ListItem\",\"position\":1,\"name\":\"Accueil\",\"item\":\"https:\/\/vieassociative.be\/actualites\/\"},{\"@type\":\"ListItem\",\"position\":2,\"name\":\"La meilleure fa\u00e7on de sauvegarder les \u0153uvres de votre enfant sans prendre de place\"}]},{\"@type\":\"WebSite\",\"@id\":\"https:\/\/vieassociative.be\/actualites\/#website\",\"url\":\"https:\/\/vieassociative.be\/actualites\/\",\"name\":\"Vie Associative\",\"description\":\"\",\"publisher\":{\"@id\":\"https:\/\/vieassociative.be\/actualites\/#organization\"},\"potentialAction\":[{\"@type\":\"SearchAction\",\"target\":{\"@type\":\"EntryPoint\",\"urlTemplate\":\"https:\/\/vieassociative.be\/actualites\/?s={search_term_string}\"},\"query-input\":{\"@type\":\"PropertyValueSpecification\",\"valueRequired\":true,\"valueName\":\"search_term_string\"}}],\"inLanguage\":\"fr-BE\"},{\"@type\":\"Organization\",\"@id\":\"https:\/\/vieassociative.be\/actualites\/#organization\",\"name\":\"Vie Associative\",\"url\":\"https:\/\/vieassociative.be\/actualites\/\",\"logo\":{\"@type\":\"ImageObject\",\"inLanguage\":\"fr-BE\",\"@id\":\"https:\/\/vieassociative.be\/actualites\/#\/schema\/logo\/image\/\",\"url\":\"https:\/\/vieassociative.be\/actualites\/wp-content\/uploads\/2024\/09\/cropped-vieassociative_favicon.ico.png\",\"contentUrl\":\"https:\/\/vieassociative.be\/actualites\/wp-content\/uploads\/2024\/09\/cropped-vieassociative_favicon.ico.png\",\"width\":512,\"height\":512,\"caption\":\"Vie Associative\"},\"image\":{\"@id\":\"https:\/\/vieassociative.be\/actualites\/#\/schema\/logo\/image\/\"}},{\"@type\":\"Person\",\"@id\":\"https:\/\/vieassociative.be\/actualites\/#\/schema\/person\/b87ac4f82f9d4e7b7cec7395b679edc4\",\"name\":\"Julien\",\"image\":{\"@type\":\"ImageObject\",\"inLanguage\":\"fr-BE\",\"@id\":\"https:\/\/vieassociative.be\/actualites\/#\/schema\/person\/image\/\",\"url\":\"https:\/\/vieassociative.be\/actualites\/wp-content\/uploads\/2024\/09\/vie-associative-1-150x150.jpg\",\"contentUrl\":\"https:\/\/vieassociative.be\/actualites\/wp-content\/uploads\/2024\/09\/vie-associative-1-150x150.jpg\",\"caption\":\"Julien\"},\"description\":\"Je suis Julien, r\u00e9dacteur pour Vie Associative. Passionn\u00e9 par le monde associatif depuis plus de 10 ans, j'ai \u00e0 c\u0153ur de partager des histoires inspirantes et de mettre en lumi\u00e8re les initiatives locales. Mon objectif est de sensibiliser et d'encourager l'engagement communautaire \u00e0 travers mes articles.\",\"sameAs\":[\"https:\/\/vieassociative.be\/\"]}]}<\/script>\n<!-- \/ Yoast SEO plugin. -->","yoast_head_json":{"title":"La meilleure fa\u00e7on de sauvegarder les \u0153uvres de votre enfant sans prendre de place | Vie Associative","robots":{"index":"index","follow":"follow","max-snippet":"max-snippet:-1","max-image-preview":"max-image-preview:large","max-video-preview":"max-video-preview:-1"},"canonical":"https:\/\/vieassociative.be\/actualites\/la-meilleure-facon-de-sauvegarder-les-oeuvres-de-votre-enfant-sans-prendre-de-place\/","og_locale":"fr_FR","og_type":"article","og_title":"La meilleure fa\u00e7on de sauvegarder les \u0153uvres de votre enfant sans prendre de place | Vie Associative","og_description":"Parce que vous ne pouvez pas afficher (ou conserver) toutes les \u0153uvres de votre enfant. Si vous \u00eates comme moi, vous conservez la plupart des","og_url":"https:\/\/vieassociative.be\/actualites\/la-meilleure-facon-de-sauvegarder-les-oeuvres-de-votre-enfant-sans-prendre-de-place\/","og_site_name":"Vie Associative","article_published_time":"2024-12-01T17:19:04+00:00","og_image":[{"width":279,"height":92,"url":"https:\/\/vieassociative.be\/actualites\/wp-content\/uploads\/2024\/09\/header_backgroundk-01-e1726694325946.png","type":"image\/png"}],"author":"Julien","twitter_card":"summary_large_image","twitter_misc":{"\u00c9crit par":"Julien","Dur\u00e9e de lecture est.":"3 minutes"},"schema":{"@context":"https:\/\/schema.org","@graph":[{"@type":"Article","@id":"https:\/\/vieassociative.be\/actualites\/la-meilleure-facon-de-sauvegarder-les-oeuvres-de-votre-enfant-sans-prendre-de-place\/#article","isPartOf":{"@id":"https:\/\/vieassociative.be\/actualites\/la-meilleure-facon-de-sauvegarder-les-oeuvres-de-votre-enfant-sans-prendre-de-place\/"},"author":{"name":"Julien","@id":"https:\/\/vieassociative.be\/actualites\/#\/schema\/person\/b87ac4f82f9d4e7b7cec7395b679edc4"},"headline":"La meilleure fa\u00e7on de sauvegarder les \u0153uvres de votre enfant sans prendre de place","datePublished":"2024-12-01T17:19:04+00:00","dateModified":"2024-12-01T17:19:04+00:00","mainEntityOfPage":{"@id":"https:\/\/vieassociative.be\/actualites\/la-meilleure-facon-de-sauvegarder-les-oeuvres-de-votre-enfant-sans-prendre-de-place\/"},"wordCount":619,"publisher":{"@id":"https:\/\/vieassociative.be\/actualites\/#organization"},"image":{"@id":"https:\/\/vieassociative.be\/actualites\/la-meilleure-facon-de-sauvegarder-les-oeuvres-de-votre-enfant-sans-prendre-de-place\/#primaryimage"},"thumbnailUrl":"https:\/\/vieassociative.be\/actualites\/wp-content\/uploads\/2024\/12\/La-meilleure-facon-de-sauvegarder-les-oeuvres-de-votre-enfant.jpg","keywords":["enfant","fa\u00e7on","Les","meilleure","\u0153uvres","place","prendre","sans","sauvegarder","votre"],"articleSection":["Famille"],"inLanguage":"fr-BE"},{"@type":"WebPage","@id":"https:\/\/vieassociative.be\/actualites\/la-meilleure-facon-de-sauvegarder-les-oeuvres-de-votre-enfant-sans-prendre-de-place\/","url":"https:\/\/vieassociative.be\/actualites\/la-meilleure-facon-de-sauvegarder-les-oeuvres-de-votre-enfant-sans-prendre-de-place\/","name":"La meilleure fa\u00e7on de sauvegarder les \u0153uvres de votre enfant sans prendre de place | Vie Associative","isPartOf":{"@id":"https:\/\/vieassociative.be\/actualites\/#website"},"primaryImageOfPage":{"@id":"https:\/\/vieassociative.be\/actualites\/la-meilleure-facon-de-sauvegarder-les-oeuvres-de-votre-enfant-sans-prendre-de-place\/#primaryimage"},"image":{"@id":"https:\/\/vieassociative.be\/actualites\/la-meilleure-facon-de-sauvegarder-les-oeuvres-de-votre-enfant-sans-prendre-de-place\/#primaryimage"},"thumbnailUrl":"https:\/\/vieassociative.be\/actualites\/wp-content\/uploads\/2024\/12\/La-meilleure-facon-de-sauvegarder-les-oeuvres-de-votre-enfant.jpg","datePublished":"2024-12-01T17:19:04+00:00","dateModified":"2024-12-01T17:19:04+00:00","breadcrumb":{"@id":"https:\/\/vieassociative.be\/actualites\/la-meilleure-facon-de-sauvegarder-les-oeuvres-de-votre-enfant-sans-prendre-de-place\/#breadcrumb"},"inLanguage":"fr-BE","potentialAction":[{"@type":"ReadAction","target":["https:\/\/vieassociative.be\/actualites\/la-meilleure-facon-de-sauvegarder-les-oeuvres-de-votre-enfant-sans-prendre-de-place\/"]}]},{"@type":"ImageObject","inLanguage":"fr-BE","@id":"https:\/\/vieassociative.be\/actualites\/la-meilleure-facon-de-sauvegarder-les-oeuvres-de-votre-enfant-sans-prendre-de-place\/#primaryimage","url":"https:\/\/vieassociative.be\/actualites\/wp-content\/uploads\/2024\/12\/La-meilleure-facon-de-sauvegarder-les-oeuvres-de-votre-enfant.jpg","contentUrl":"https:\/\/vieassociative.be\/actualites\/wp-content\/uploads\/2024\/12\/La-meilleure-facon-de-sauvegarder-les-oeuvres-de-votre-enfant.jpg","width":1200,"height":675,"caption":"La meilleure fa\u00e7on de sauvegarder les \u0153uvres de votre enfant sans prendre de place"},{"@type":"BreadcrumbList","@id":"https:\/\/vieassociative.be\/actualites\/la-meilleure-facon-de-sauvegarder-les-oeuvres-de-votre-enfant-sans-prendre-de-place\/#breadcrumb","itemListElement":[{"@type":"ListItem","position":1,"name":"Accueil","item":"https:\/\/vieassociative.be\/actualites\/"},{"@type":"ListItem","position":2,"name":"La meilleure fa\u00e7on de sauvegarder les \u0153uvres de votre enfant sans prendre de place"}]},{"@type":"WebSite","@id":"https:\/\/vieassociative.be\/actualites\/#website","url":"https:\/\/vieassociative.be\/actualites\/","name":"Vie Associative","description":"","publisher":{"@id":"https:\/\/vieassociative.be\/actualites\/#organization"},"potentialAction":[{"@type":"SearchAction","target":{"@type":"EntryPoint","urlTemplate":"https:\/\/vieassociative.be\/actualites\/?s={search_term_string}"},"query-input":{"@type":"PropertyValueSpecification","valueRequired":true,"valueName":"search_term_string"}}],"inLanguage":"fr-BE"},{"@type":"Organization","@id":"https:\/\/vieassociative.be\/actualites\/#organization","name":"Vie Associative","url":"https:\/\/vieassociative.be\/actualites\/","logo":{"@type":"ImageObject","inLanguage":"fr-BE","@id":"https:\/\/vieassociative.be\/actualites\/#\/schema\/logo\/image\/","url":"https:\/\/vieassociative.be\/actualites\/wp-content\/uploads\/2024\/09\/cropped-vieassociative_favicon.ico.png","contentUrl":"https:\/\/vieassociative.be\/actualites\/wp-content\/uploads\/2024\/09\/cropped-vieassociative_favicon.ico.png","width":512,"height":512,"caption":"Vie Associative"},"image":{"@id":"https:\/\/vieassociative.be\/actualites\/#\/schema\/logo\/image\/"}},{"@type":"Person","@id":"https:\/\/vieassociative.be\/actualites\/#\/schema\/person\/b87ac4f82f9d4e7b7cec7395b679edc4","name":"Julien","image":{"@type":"ImageObject","inLanguage":"fr-BE","@id":"https:\/\/vieassociative.be\/actualites\/#\/schema\/person\/image\/","url":"https:\/\/vieassociative.be\/actualites\/wp-content\/uploads\/2024\/09\/vie-associative-1-150x150.jpg","contentUrl":"https:\/\/vieassociative.be\/actualites\/wp-content\/uploads\/2024\/09\/vie-associative-1-150x150.jpg","caption":"Julien"},"description":"Je suis Julien, r\u00e9dacteur pour Vie Associative. Passionn\u00e9 par le monde associatif depuis plus de 10 ans, j'ai \u00e0 c\u0153ur de partager des histoires inspirantes et de mettre en lumi\u00e8re les initiatives locales. Mon objectif est de sensibiliser et d'encourager l'engagement communautaire \u00e0 travers mes articles.","sameAs":["https:\/\/vieassociative.be\/"]}]}},"_links":{"self":[{"href":"https:\/\/vieassociative.be\/actualites\/wp-json\/wp\/v2\/posts\/2958"}],"collection":[{"href":"https:\/\/vieassociative.be\/actualites\/wp-json\/wp\/v2\/posts"}],"about":[{"href":"https:\/\/vieassociative.be\/actualites\/wp-json\/wp\/v2\/types\/post"}],"author":[{"embeddable":true,"href":"https:\/\/vieassociative.be\/actualites\/wp-json\/wp\/v2\/users\/1"}],"replies":[{"embeddable":true,"href":"https:\/\/vieassociative.be\/actualites\/wp-json\/wp\/v2\/comments?post=2958"}],"version-history":[{"count":0,"href":"https:\/\/vieassociative.be\/actualites\/wp-json\/wp\/v2\/posts\/2958\/revisions"}],"wp:featuredmedia":[{"embeddable":true,"href":"https:\/\/vieassociative.be\/actualites\/wp-json\/wp\/v2\/media\/2959"}],"wp:attachment":[{"href":"https:\/\/vieassociative.be\/actualites\/wp-json\/wp\/v2\/media?parent=2958"}],"wp:term":[{"taxonomy":"category","embeddable":true,"href":"https:\/\/vieassociative.be\/actualites\/wp-json\/wp\/v2\/categories?post=2958"},{"taxonomy":"post_tag","embeddable":true,"href":"https:\/\/vieassociative.be\/actualites\/wp-json\/wp\/v2\/tags?post=2958"}],"curies":[{"name":"wp","href":"https:\/\/api.w.org\/{rel}","templated":true}]}}