{"id":2954,"date":"2024-12-01T15:16:58","date_gmt":"2024-12-01T14:16:58","guid":{"rendered":"https:\/\/vieassociative.be\/actualites\/frank-mieux-preparer-la-population-aux-situations-de-crise-la-belgique-est-une-cible-privilegiee\/"},"modified":"2024-12-01T15:16:58","modified_gmt":"2024-12-01T14:16:58","slug":"frank-mieux-preparer-la-population-aux-situations-de-crise-la-belgique-est-une-cible-privilegiee","status":"publish","type":"post","link":"https:\/\/vieassociative.be\/actualites\/frank-mieux-preparer-la-population-aux-situations-de-crise-la-belgique-est-une-cible-privilegiee\/","title":{"rendered":"Frank : \u00ab Mieux pr\u00e9parer la population aux situations de crise \u2013 la Belgique est une cible privil\u00e9gi\u00e9e \u00bb"},"content":{"rendered":"<p><strong>La situation g\u00e9opolitique, notamment en ce qui concerne l\u2019invasion russe de l\u2019Ukraine, devient de plus en plus tendue. Afin de mieux pr\u00e9parer leurs populations \u00e0 une \u00e9ventuelle escalade du conflit, divers pays scandinaves ont publi\u00e9 des instructions et des brochures sur la mani\u00e8re de se comporter dans de telles situations de crise.<\/strong><\/p>\n<p><span id=\"more-402996\"><\/span>Selon le d\u00e9put\u00e9 de l&rsquo;Est de la Belgique Luc Frank (CSP-Les Engag\u00e9s), une telle mesure devrait \u00e9galement \u00eatre envisag\u00e9e en Belgique. Frank a interrog\u00e9 la ministre de la D\u00e9fense sortante Ludivine Dedonder (PS) \u00e0 ce sujet dans le cadre de l&rsquo;heure des questions parlementaires.<\/p>\n<p>\u00ab Les \u00e9volutions mondiales actuelles n\u00e9cessitent des d\u00e9cisions politiques qui favorisent la r\u00e9silience de la population dans les situations de crise. Une premi\u00e8re \u00e9tape serait de fournir \u00e0 la population les informations dont elle a besoin pour faire face \u00e0 de telles situations \u00bb, a exig\u00e9 Frank.<\/p>\n<\/p>\n<div id=\"attachment_336949\" class=\"wp-caption alignleft\" style=\"max-width: 300px\"><img fetchpriority=\"high\" decoding=\"async\" class=\"wp-image-336949 size-medium\" src=\"https:\/\/vieassociative.be\/actualites\/wp-content\/uploads\/2024\/12\/Frank-Mieux-preparer-la-population-aux-situations-de.jpeg\" alt=\"\" width=\"300\" height=\"200\"  ><\/p>\n<p class=\"wp-caption-text\">Ludivine Dedonder (PS), ministre belge de la D\u00e9fense sortante. Photo : Shutterstock<\/p>\n<\/div>\n<p>Dans le cadre de telles mesures, il est essentiel que l&rsquo;arm\u00e9e belge travaille avec d&rsquo;autres institutions telles que le minist\u00e8re de l&rsquo;Int\u00e9rieur pour se pr\u00e9parer aux dangers imminents, a d\u00e9clar\u00e9 le d\u00e9put\u00e9 de la Chambre de l&rsquo;Est de la Belgique.<\/p>\n<p>\u00ab\u00a0La Belgique repr\u00e9sente une cible d&rsquo;attaque privil\u00e9gi\u00e9e en raison de sa situation g\u00e9ographique centrale, de la pr\u00e9sence des institutions de l&rsquo;OTAN et d&rsquo;infrastructures importantes comme le port d&rsquo;Anvers\u00a0\u00bb, a expliqu\u00e9 Frank. Le membre de la Commission de la D\u00e9fense de la Chambre est clair sur la n\u00e9cessit\u00e9 de pr\u00e9parer la population \u00e0 des menaces telles qu&rsquo;une attaque militaire, mais aussi \u00e0 des cyberattaques et \u00e0 la d\u00e9sinformation.<\/p>\n<p>Le Centre national de crise est responsable de ces mesures. Le ministre de la D\u00e9fense a convenu avec Frank qu&rsquo;une telle pr\u00e9paration \u00e9tait n\u00e9cessaire et a soulign\u00e9 dans ce contexte que les autorit\u00e9s comp\u00e9tentes travaillent sur un plan interf\u00e9d\u00e9ral de r\u00e9silience. Celui-ci r\u00e9glemente, entre autres, l&rsquo;acc\u00e8s \u00e0 l&rsquo;eau, \u00e0 la nourriture et \u00e0 l&rsquo;\u00e9lectricit\u00e9, la capacit\u00e9 op\u00e9rationnelle des institutions publiques critiques et la gestion des grandes foules en cas de crise nationale. (cr\u00e9er)<\/p>\n","protected":false},"excerpt":{"rendered":"<p>La situation g\u00e9opolitique, notamment en ce qui concerne l\u2019invasion russe de l\u2019Ukraine, devient de plus en plus tendue. Afin de mieux pr\u00e9parer leurs populations \u00e0<\/p>\n","protected":false},"author":1,"featured_media":2955,"comment_status":"","ping_status":"","sticky":false,"template":"","format":"standard","meta":{"footnotes":""},"categories":[298],"tags":[289,383,3673,644,76,3671,1503,3672,702,3674,167,110],"class_list":["post-2954","post","type-post","status-publish","format-standard","has-post-thumbnail","hentry","category-belgique","tag-aux","tag-belgique","tag-cible","tag-crise","tag-est","tag-frank","tag-mieux","tag-population","tag-preparer","tag-privilegiee","tag-situations","tag-une","generate-columns","tablet-grid-50","mobile-grid-100","grid-parent","grid-33"],"yoast_head":"<!-- This site is optimized with the Yoast SEO plugin v24.0 - https:\/\/yoast.com\/wordpress\/plugins\/seo\/ -->\n<title>Frank : \u00ab Mieux pr\u00e9parer la population aux situations de crise \u2013 la Belgique est une cible privil\u00e9gi\u00e9e \u00bb | Vie Associative<\/title>\n<meta name=\"robots\" content=\"index, follow, max-snippet:-1, max-image-preview:large, max-video-preview:-1\" \/>\n<link rel=\"canonical\" href=\"https:\/\/vieassociative.be\/actualites\/frank-mieux-preparer-la-population-aux-situations-de-crise-la-belgique-est-une-cible-privilegiee\/\" \/>\n<meta property=\"og:locale\" content=\"fr_FR\" \/>\n<meta property=\"og:type\" content=\"article\" \/>\n<meta property=\"og:title\" content=\"Frank : \u00ab Mieux pr\u00e9parer la population aux situations de crise \u2013 la Belgique est une cible privil\u00e9gi\u00e9e \u00bb | Vie Associative\" \/>\n<meta property=\"og:description\" content=\"La situation g\u00e9opolitique, notamment en ce qui concerne l\u2019invasion russe de l\u2019Ukraine, devient de plus en plus tendue. Afin de mieux pr\u00e9parer leurs populations \u00e0\" \/>\n<meta property=\"og:url\" content=\"https:\/\/vieassociative.be\/actualites\/frank-mieux-preparer-la-population-aux-situations-de-crise-la-belgique-est-une-cible-privilegiee\/\" \/>\n<meta property=\"og:site_name\" content=\"Vie Associative\" \/>\n<meta property=\"article:published_time\" content=\"2024-12-01T14:16:58+00:00\" \/>\n<meta property=\"og:image\" content=\"https:\/\/vieassociative.be\/actualites\/wp-content\/uploads\/2024\/12\/Frank-Mieux-preparer-la-population-aux-situations-de.jpeg\" \/>\n<meta name=\"author\" content=\"Julien\" \/>\n<meta name=\"twitter:card\" content=\"summary_large_image\" \/>\n<meta name=\"twitter:label1\" content=\"\u00c9crit par\" \/>\n\t<meta name=\"twitter:data1\" content=\"Julien\" \/>\n\t<meta name=\"twitter:label2\" content=\"Dur\u00e9e de lecture est.\" \/>\n\t<meta name=\"twitter:data2\" content=\"2 minutes\" \/>\n<script type=\"application\/ld+json\" class=\"yoast-schema-graph\">{\"@context\":\"https:\/\/schema.org\",\"@graph\":[{\"@type\":\"Article\",\"@id\":\"https:\/\/vieassociative.be\/actualites\/frank-mieux-preparer-la-population-aux-situations-de-crise-la-belgique-est-une-cible-privilegiee\/#article\",\"isPartOf\":{\"@id\":\"https:\/\/vieassociative.be\/actualites\/frank-mieux-preparer-la-population-aux-situations-de-crise-la-belgique-est-une-cible-privilegiee\/\"},\"author\":{\"name\":\"Julien\",\"@id\":\"https:\/\/vieassociative.be\/actualites\/#\/schema\/person\/b87ac4f82f9d4e7b7cec7395b679edc4\"},\"headline\":\"Frank : \u00ab Mieux pr\u00e9parer la population aux situations de crise \u2013 la Belgique est une cible privil\u00e9gi\u00e9e \u00bb\",\"datePublished\":\"2024-12-01T14:16:58+00:00\",\"dateModified\":\"2024-12-01T14:16:58+00:00\",\"mainEntityOfPage\":{\"@id\":\"https:\/\/vieassociative.be\/actualites\/frank-mieux-preparer-la-population-aux-situations-de-crise-la-belgique-est-une-cible-privilegiee\/\"},\"wordCount\":396,\"publisher\":{\"@id\":\"https:\/\/vieassociative.be\/actualites\/#organization\"},\"image\":{\"@id\":\"https:\/\/vieassociative.be\/actualites\/frank-mieux-preparer-la-population-aux-situations-de-crise-la-belgique-est-une-cible-privilegiee\/#primaryimage\"},\"thumbnailUrl\":\"https:\/\/vieassociative.be\/actualites\/wp-content\/uploads\/2024\/12\/Frank-Mieux-preparer-la-population-aux-situations-de.jpg\",\"keywords\":[\"aux\",\"Belgique\",\"cible\",\"Crise\",\"est\",\"Frank\",\"mieux\",\"population\",\"pr\u00e9parer\",\"privil\u00e9gi\u00e9e\",\"situations\",\"une\"],\"articleSection\":[\"Belgique\"],\"inLanguage\":\"fr-BE\"},{\"@type\":\"WebPage\",\"@id\":\"https:\/\/vieassociative.be\/actualites\/frank-mieux-preparer-la-population-aux-situations-de-crise-la-belgique-est-une-cible-privilegiee\/\",\"url\":\"https:\/\/vieassociative.be\/actualites\/frank-mieux-preparer-la-population-aux-situations-de-crise-la-belgique-est-une-cible-privilegiee\/\",\"name\":\"Frank : \u00ab Mieux pr\u00e9parer la population aux situations de crise \u2013 la Belgique est une cible privil\u00e9gi\u00e9e \u00bb | Vie Associative\",\"isPartOf\":{\"@id\":\"https:\/\/vieassociative.be\/actualites\/#website\"},\"primaryImageOfPage\":{\"@id\":\"https:\/\/vieassociative.be\/actualites\/frank-mieux-preparer-la-population-aux-situations-de-crise-la-belgique-est-une-cible-privilegiee\/#primaryimage\"},\"image\":{\"@id\":\"https:\/\/vieassociative.be\/actualites\/frank-mieux-preparer-la-population-aux-situations-de-crise-la-belgique-est-une-cible-privilegiee\/#primaryimage\"},\"thumbnailUrl\":\"https:\/\/vieassociative.be\/actualites\/wp-content\/uploads\/2024\/12\/Frank-Mieux-preparer-la-population-aux-situations-de.jpg\",\"datePublished\":\"2024-12-01T14:16:58+00:00\",\"dateModified\":\"2024-12-01T14:16:58+00:00\",\"breadcrumb\":{\"@id\":\"https:\/\/vieassociative.be\/actualites\/frank-mieux-preparer-la-population-aux-situations-de-crise-la-belgique-est-une-cible-privilegiee\/#breadcrumb\"},\"inLanguage\":\"fr-BE\",\"potentialAction\":[{\"@type\":\"ReadAction\",\"target\":[\"https:\/\/vieassociative.be\/actualites\/frank-mieux-preparer-la-population-aux-situations-de-crise-la-belgique-est-une-cible-privilegiee\/\"]}]},{\"@type\":\"ImageObject\",\"inLanguage\":\"fr-BE\",\"@id\":\"https:\/\/vieassociative.be\/actualites\/frank-mieux-preparer-la-population-aux-situations-de-crise-la-belgique-est-une-cible-privilegiee\/#primaryimage\",\"url\":\"https:\/\/vieassociative.be\/actualites\/wp-content\/uploads\/2024\/12\/Frank-Mieux-preparer-la-population-aux-situations-de.jpg\",\"contentUrl\":\"https:\/\/vieassociative.be\/actualites\/wp-content\/uploads\/2024\/12\/Frank-Mieux-preparer-la-population-aux-situations-de.jpg\",\"width\":1200,\"height\":900,\"caption\":\"Frank : \u00ab Mieux pr\u00e9parer la population aux situations de crise \u2013 la Belgique est une cible privil\u00e9gi\u00e9e \u00bb\"},{\"@type\":\"BreadcrumbList\",\"@id\":\"https:\/\/vieassociative.be\/actualites\/frank-mieux-preparer-la-population-aux-situations-de-crise-la-belgique-est-une-cible-privilegiee\/#breadcrumb\",\"itemListElement\":[{\"@type\":\"ListItem\",\"position\":1,\"name\":\"Accueil\",\"item\":\"https:\/\/vieassociative.be\/actualites\/\"},{\"@type\":\"ListItem\",\"position\":2,\"name\":\"Frank : \u00ab Mieux pr\u00e9parer la population aux situations de crise \u2013 la Belgique est une cible privil\u00e9gi\u00e9e \u00bb\"}]},{\"@type\":\"WebSite\",\"@id\":\"https:\/\/vieassociative.be\/actualites\/#website\",\"url\":\"https:\/\/vieassociative.be\/actualites\/\",\"name\":\"Vie Associative\",\"description\":\"\",\"publisher\":{\"@id\":\"https:\/\/vieassociative.be\/actualites\/#organization\"},\"potentialAction\":[{\"@type\":\"SearchAction\",\"target\":{\"@type\":\"EntryPoint\",\"urlTemplate\":\"https:\/\/vieassociative.be\/actualites\/?s={search_term_string}\"},\"query-input\":{\"@type\":\"PropertyValueSpecification\",\"valueRequired\":true,\"valueName\":\"search_term_string\"}}],\"inLanguage\":\"fr-BE\"},{\"@type\":\"Organization\",\"@id\":\"https:\/\/vieassociative.be\/actualites\/#organization\",\"name\":\"Vie Associative\",\"url\":\"https:\/\/vieassociative.be\/actualites\/\",\"logo\":{\"@type\":\"ImageObject\",\"inLanguage\":\"fr-BE\",\"@id\":\"https:\/\/vieassociative.be\/actualites\/#\/schema\/logo\/image\/\",\"url\":\"https:\/\/vieassociative.be\/actualites\/wp-content\/uploads\/2024\/09\/cropped-vieassociative_favicon.ico.png\",\"contentUrl\":\"https:\/\/vieassociative.be\/actualites\/wp-content\/uploads\/2024\/09\/cropped-vieassociative_favicon.ico.png\",\"width\":512,\"height\":512,\"caption\":\"Vie Associative\"},\"image\":{\"@id\":\"https:\/\/vieassociative.be\/actualites\/#\/schema\/logo\/image\/\"}},{\"@type\":\"Person\",\"@id\":\"https:\/\/vieassociative.be\/actualites\/#\/schema\/person\/b87ac4f82f9d4e7b7cec7395b679edc4\",\"name\":\"Julien\",\"image\":{\"@type\":\"ImageObject\",\"inLanguage\":\"fr-BE\",\"@id\":\"https:\/\/vieassociative.be\/actualites\/#\/schema\/person\/image\/\",\"url\":\"https:\/\/vieassociative.be\/actualites\/wp-content\/uploads\/2024\/09\/vie-associative-1-150x150.jpg\",\"contentUrl\":\"https:\/\/vieassociative.be\/actualites\/wp-content\/uploads\/2024\/09\/vie-associative-1-150x150.jpg\",\"caption\":\"Julien\"},\"description\":\"Je suis Julien, r\u00e9dacteur pour Vie Associative. Passionn\u00e9 par le monde associatif depuis plus de 10 ans, j'ai \u00e0 c\u0153ur de partager des histoires inspirantes et de mettre en lumi\u00e8re les initiatives locales. Mon objectif est de sensibiliser et d'encourager l'engagement communautaire \u00e0 travers mes articles.\",\"sameAs\":[\"https:\/\/vieassociative.be\/\"]}]}<\/script>\n<!-- \/ Yoast SEO plugin. -->","yoast_head_json":{"title":"Frank : \u00ab Mieux pr\u00e9parer la population aux situations de crise \u2013 la Belgique est une cible privil\u00e9gi\u00e9e \u00bb | Vie Associative","robots":{"index":"index","follow":"follow","max-snippet":"max-snippet:-1","max-image-preview":"max-image-preview:large","max-video-preview":"max-video-preview:-1"},"canonical":"https:\/\/vieassociative.be\/actualites\/frank-mieux-preparer-la-population-aux-situations-de-crise-la-belgique-est-une-cible-privilegiee\/","og_locale":"fr_FR","og_type":"article","og_title":"Frank : \u00ab Mieux pr\u00e9parer la population aux situations de crise \u2013 la Belgique est une cible privil\u00e9gi\u00e9e \u00bb | Vie Associative","og_description":"La situation g\u00e9opolitique, notamment en ce qui concerne l\u2019invasion russe de l\u2019Ukraine, devient de plus en plus tendue. Afin de mieux pr\u00e9parer leurs populations \u00e0","og_url":"https:\/\/vieassociative.be\/actualites\/frank-mieux-preparer-la-population-aux-situations-de-crise-la-belgique-est-une-cible-privilegiee\/","og_site_name":"Vie Associative","article_published_time":"2024-12-01T14:16:58+00:00","og_image":[{"url":"https:\/\/vieassociative.be\/actualites\/wp-content\/uploads\/2024\/12\/Frank-Mieux-preparer-la-population-aux-situations-de.jpeg","type":"","width":"","height":""}],"author":"Julien","twitter_card":"summary_large_image","twitter_misc":{"\u00c9crit par":"Julien","Dur\u00e9e de lecture est.":"2 minutes"},"schema":{"@context":"https:\/\/schema.org","@graph":[{"@type":"Article","@id":"https:\/\/vieassociative.be\/actualites\/frank-mieux-preparer-la-population-aux-situations-de-crise-la-belgique-est-une-cible-privilegiee\/#article","isPartOf":{"@id":"https:\/\/vieassociative.be\/actualites\/frank-mieux-preparer-la-population-aux-situations-de-crise-la-belgique-est-une-cible-privilegiee\/"},"author":{"name":"Julien","@id":"https:\/\/vieassociative.be\/actualites\/#\/schema\/person\/b87ac4f82f9d4e7b7cec7395b679edc4"},"headline":"Frank : \u00ab Mieux pr\u00e9parer la population aux situations de crise \u2013 la Belgique est une cible privil\u00e9gi\u00e9e \u00bb","datePublished":"2024-12-01T14:16:58+00:00","dateModified":"2024-12-01T14:16:58+00:00","mainEntityOfPage":{"@id":"https:\/\/vieassociative.be\/actualites\/frank-mieux-preparer-la-population-aux-situations-de-crise-la-belgique-est-une-cible-privilegiee\/"},"wordCount":396,"publisher":{"@id":"https:\/\/vieassociative.be\/actualites\/#organization"},"image":{"@id":"https:\/\/vieassociative.be\/actualites\/frank-mieux-preparer-la-population-aux-situations-de-crise-la-belgique-est-une-cible-privilegiee\/#primaryimage"},"thumbnailUrl":"https:\/\/vieassociative.be\/actualites\/wp-content\/uploads\/2024\/12\/Frank-Mieux-preparer-la-population-aux-situations-de.jpg","keywords":["aux","Belgique","cible","Crise","est","Frank","mieux","population","pr\u00e9parer","privil\u00e9gi\u00e9e","situations","une"],"articleSection":["Belgique"],"inLanguage":"fr-BE"},{"@type":"WebPage","@id":"https:\/\/vieassociative.be\/actualites\/frank-mieux-preparer-la-population-aux-situations-de-crise-la-belgique-est-une-cible-privilegiee\/","url":"https:\/\/vieassociative.be\/actualites\/frank-mieux-preparer-la-population-aux-situations-de-crise-la-belgique-est-une-cible-privilegiee\/","name":"Frank : \u00ab Mieux pr\u00e9parer la population aux situations de crise \u2013 la Belgique est une cible privil\u00e9gi\u00e9e \u00bb | Vie Associative","isPartOf":{"@id":"https:\/\/vieassociative.be\/actualites\/#website"},"primaryImageOfPage":{"@id":"https:\/\/vieassociative.be\/actualites\/frank-mieux-preparer-la-population-aux-situations-de-crise-la-belgique-est-une-cible-privilegiee\/#primaryimage"},"image":{"@id":"https:\/\/vieassociative.be\/actualites\/frank-mieux-preparer-la-population-aux-situations-de-crise-la-belgique-est-une-cible-privilegiee\/#primaryimage"},"thumbnailUrl":"https:\/\/vieassociative.be\/actualites\/wp-content\/uploads\/2024\/12\/Frank-Mieux-preparer-la-population-aux-situations-de.jpg","datePublished":"2024-12-01T14:16:58+00:00","dateModified":"2024-12-01T14:16:58+00:00","breadcrumb":{"@id":"https:\/\/vieassociative.be\/actualites\/frank-mieux-preparer-la-population-aux-situations-de-crise-la-belgique-est-une-cible-privilegiee\/#breadcrumb"},"inLanguage":"fr-BE","potentialAction":[{"@type":"ReadAction","target":["https:\/\/vieassociative.be\/actualites\/frank-mieux-preparer-la-population-aux-situations-de-crise-la-belgique-est-une-cible-privilegiee\/"]}]},{"@type":"ImageObject","inLanguage":"fr-BE","@id":"https:\/\/vieassociative.be\/actualites\/frank-mieux-preparer-la-population-aux-situations-de-crise-la-belgique-est-une-cible-privilegiee\/#primaryimage","url":"https:\/\/vieassociative.be\/actualites\/wp-content\/uploads\/2024\/12\/Frank-Mieux-preparer-la-population-aux-situations-de.jpg","contentUrl":"https:\/\/vieassociative.be\/actualites\/wp-content\/uploads\/2024\/12\/Frank-Mieux-preparer-la-population-aux-situations-de.jpg","width":1200,"height":900,"caption":"Frank : \u00ab Mieux pr\u00e9parer la population aux situations de crise \u2013 la Belgique est une cible privil\u00e9gi\u00e9e \u00bb"},{"@type":"BreadcrumbList","@id":"https:\/\/vieassociative.be\/actualites\/frank-mieux-preparer-la-population-aux-situations-de-crise-la-belgique-est-une-cible-privilegiee\/#breadcrumb","itemListElement":[{"@type":"ListItem","position":1,"name":"Accueil","item":"https:\/\/vieassociative.be\/actualites\/"},{"@type":"ListItem","position":2,"name":"Frank : \u00ab Mieux pr\u00e9parer la population aux situations de crise \u2013 la Belgique est une cible privil\u00e9gi\u00e9e \u00bb"}]},{"@type":"WebSite","@id":"https:\/\/vieassociative.be\/actualites\/#website","url":"https:\/\/vieassociative.be\/actualites\/","name":"Vie Associative","description":"","publisher":{"@id":"https:\/\/vieassociative.be\/actualites\/#organization"},"potentialAction":[{"@type":"SearchAction","target":{"@type":"EntryPoint","urlTemplate":"https:\/\/vieassociative.be\/actualites\/?s={search_term_string}"},"query-input":{"@type":"PropertyValueSpecification","valueRequired":true,"valueName":"search_term_string"}}],"inLanguage":"fr-BE"},{"@type":"Organization","@id":"https:\/\/vieassociative.be\/actualites\/#organization","name":"Vie Associative","url":"https:\/\/vieassociative.be\/actualites\/","logo":{"@type":"ImageObject","inLanguage":"fr-BE","@id":"https:\/\/vieassociative.be\/actualites\/#\/schema\/logo\/image\/","url":"https:\/\/vieassociative.be\/actualites\/wp-content\/uploads\/2024\/09\/cropped-vieassociative_favicon.ico.png","contentUrl":"https:\/\/vieassociative.be\/actualites\/wp-content\/uploads\/2024\/09\/cropped-vieassociative_favicon.ico.png","width":512,"height":512,"caption":"Vie Associative"},"image":{"@id":"https:\/\/vieassociative.be\/actualites\/#\/schema\/logo\/image\/"}},{"@type":"Person","@id":"https:\/\/vieassociative.be\/actualites\/#\/schema\/person\/b87ac4f82f9d4e7b7cec7395b679edc4","name":"Julien","image":{"@type":"ImageObject","inLanguage":"fr-BE","@id":"https:\/\/vieassociative.be\/actualites\/#\/schema\/person\/image\/","url":"https:\/\/vieassociative.be\/actualites\/wp-content\/uploads\/2024\/09\/vie-associative-1-150x150.jpg","contentUrl":"https:\/\/vieassociative.be\/actualites\/wp-content\/uploads\/2024\/09\/vie-associative-1-150x150.jpg","caption":"Julien"},"description":"Je suis Julien, r\u00e9dacteur pour Vie Associative. Passionn\u00e9 par le monde associatif depuis plus de 10 ans, j'ai \u00e0 c\u0153ur de partager des histoires inspirantes et de mettre en lumi\u00e8re les initiatives locales. Mon objectif est de sensibiliser et d'encourager l'engagement communautaire \u00e0 travers mes articles.","sameAs":["https:\/\/vieassociative.be\/"]}]}},"_links":{"self":[{"href":"https:\/\/vieassociative.be\/actualites\/wp-json\/wp\/v2\/posts\/2954"}],"collection":[{"href":"https:\/\/vieassociative.be\/actualites\/wp-json\/wp\/v2\/posts"}],"about":[{"href":"https:\/\/vieassociative.be\/actualites\/wp-json\/wp\/v2\/types\/post"}],"author":[{"embeddable":true,"href":"https:\/\/vieassociative.be\/actualites\/wp-json\/wp\/v2\/users\/1"}],"replies":[{"embeddable":true,"href":"https:\/\/vieassociative.be\/actualites\/wp-json\/wp\/v2\/comments?post=2954"}],"version-history":[{"count":0,"href":"https:\/\/vieassociative.be\/actualites\/wp-json\/wp\/v2\/posts\/2954\/revisions"}],"wp:featuredmedia":[{"embeddable":true,"href":"https:\/\/vieassociative.be\/actualites\/wp-json\/wp\/v2\/media\/2955"}],"wp:attachment":[{"href":"https:\/\/vieassociative.be\/actualites\/wp-json\/wp\/v2\/media?parent=2954"}],"wp:term":[{"taxonomy":"category","embeddable":true,"href":"https:\/\/vieassociative.be\/actualites\/wp-json\/wp\/v2\/categories?post=2954"},{"taxonomy":"post_tag","embeddable":true,"href":"https:\/\/vieassociative.be\/actualites\/wp-json\/wp\/v2\/tags?post=2954"}],"curies":[{"name":"wp","href":"https:\/\/api.w.org\/{rel}","templated":true}]}}