{"id":2952,"date":"2024-12-01T14:18:13","date_gmt":"2024-12-01T13:18:13","guid":{"rendered":"https:\/\/vieassociative.be\/actualites\/je-suis-un-ecrivain-specialise-dans-le-shopping-et-voici-mes-offres-technologiques-preferees-de-la-vente-black-friday-de-target\/"},"modified":"2024-12-01T14:18:13","modified_gmt":"2024-12-01T13:18:13","slug":"je-suis-un-ecrivain-specialise-dans-le-shopping-et-voici-mes-offres-technologiques-preferees-de-la-vente-black-friday-de-target","status":"publish","type":"post","link":"https:\/\/vieassociative.be\/actualites\/je-suis-un-ecrivain-specialise-dans-le-shopping-et-voici-mes-offres-technologiques-preferees-de-la-vente-black-friday-de-target\/","title":{"rendered":"Je suis un \u00e9crivain sp\u00e9cialis\u00e9 dans le shopping et voici mes offres technologiques pr\u00e9f\u00e9r\u00e9es de la vente Black Friday de Target"},"content":{"rendered":"<div class=\"mt-4 leading-6 md:mb-8\">Vous pouvez trouver des offres sur les iPad, les Garmin, les t\u00e9l\u00e9viseurs TCL, les \u00e9couteurs Bose et Beats, et bien plus encore, \u00e0 leurs prix les plus bas jamais vus.<\/div>\n<p><\/p>\n<p><em>Target est l&rsquo;un des innombrables d\u00e9taillants ayant r\u00e9alis\u00e9 des ventes pour le Black Friday cette ann\u00e9e. Si vous \u00eates int\u00e9ress\u00e9 par la meilleure technologie en vente aujourd&rsquo;hui, <strong>consultez notre page des meilleures offres technologiques du Black Friday<\/strong><\/em><em>  pour une vue plus large de toutes les meilleures r\u00e9ductions que vous pouvez obtenir d\u00e8s maintenant. Les prix sont exacts au moment de la r\u00e9daction, mais vous pouvez vous attendre \u00e0 ce qu&rsquo;ils fluctuent et que les stocks se vendent, vous ne voudrez donc peut-\u00eatre pas h\u00e9siter si vous voyez une vente qui vous attire.<\/em><\/p>\n<p>Les soldes du Black Friday sont l\u00e0, et si vous avez tendance \u00e0 faire vos achats chez votre Target local, j&rsquo;ai parcouru leurs meilleures offres technologiques et dress\u00e9 une liste pour rendre vos achats un peu plus faciles. Vous pouvez trouver des offres sur les iPad, les Garmin, les t\u00e9l\u00e9viseurs TCL, les \u00e9couteurs Bose et Beats et d&rsquo;autres produits, tous \u00e0 leurs prix les plus bas jamais vus chez Target, selon les outils de suivi des prix que j&rsquo;utilise.<\/p>\n<h2 id=\"the-apple-pencil-pro-and-9th-gen-ipad-are-up-to-39-off\">L&rsquo;Apple Pencil Pro et l&rsquo;iPad de 9e g\u00e9n\u00e9ration sont jusqu&rsquo;\u00e0 39 % de r\u00e9duction<\/h2>\n<p>J&rsquo;ai couvert l&rsquo;Apple Pencil Pro le mois dernier lorsqu&rsquo;il est tomb\u00e9 \u00e0 un prix record sur Amazon avant de se vendre rapidement. Vous n&rsquo;en trouvez toujours pas sur Amazon, mais Target les vend pour <strong>99\u00a0$<\/strong> (\u00e0 l&rsquo;origine 129 $). Vous pouvez utiliser le Pencil Pro avec l&rsquo;iPad de neuvi\u00e8me g\u00e9n\u00e9ration de 64 Go uniquement Wi-Fi, actuellement en cours de commercialisation. <strong>199\u00a0$ <\/strong>(\u00e0 l\u2019origine 329 $), correspondant au prix le plus bas atteint pour la premi\u00e8re fois en ao\u00fbt. Cet iPad a \u00e9t\u00e9 consid\u00e9r\u00e9 comme le meilleur iPad pour la plupart des gens par PCMag et a re\u00e7u son prix Editors&rsquo; Choice dans une critique \u00ab excellente \u00bb. Bien qu&rsquo;il ait trois ans, il ne figure pas encore sur la liste des produits Apple qui ne re\u00e7oivent plus de mises \u00e0 jour logicielles, vous b\u00e9n\u00e9ficierez donc probablement encore de quelques ann\u00e9es de support suppl\u00e9mentaires.<\/p>\n<h2 id=\"the-garmin-instinct-2-is-100-off\">Le Garmin Instinct 2 est \u00e0 100 $ de r\u00e9duction<\/h2>\n<p>La Garmin Instinct 2 est une montre intelligente d&rsquo;ext\u00e9rieur dont le design et les fonctionnalit\u00e9s sont destin\u00e9s aux personnes ayant un mode de vie actif. Il a une autonomie de batterie allant jusqu&rsquo;\u00e0 65 jours en mode \u00e9conomiseur de batterie et 28 jours en mode normal (l&rsquo;utilisation de fonctionnalit\u00e9s telles que le GPS et la surveillance SpO2 \u00e9puisera la batterie plus rapidement). Vous pouvez obtenir l&rsquo;Instinct 2 pour <strong>199,99\u00a0$<\/strong> (\u00e0 l&rsquo;origine 299,99 $).<\/p>\n<h2 id=\"beats-and-bose-headphones-up-to-47-off\">Casques Beats et Bose jusqu&rsquo;\u00e0 47% de r\u00e9duction<\/h2>\n<p>Les \u00e9couteurs Bose Ultra Open Earbuds se clipsent sur votre oreille et diffusent le son dans votre oreille, laissant vos oreilles ouvertes aux bruits ext\u00e9rieurs. Vous pouvez les obtenir pour <strong>249\u00a0$<\/strong> (\u00e0 l&rsquo;origine 299 $). Si vous recherchez l&rsquo;approche inverse, les Beats Studio Buds sont des \u00e9couteurs antibruit qui vont dans votre oreille et sont <strong>79,99\u00a0$<\/strong> (\u00e0 l&rsquo;origine 149,99 $).<\/p>\n<h2 id=\"this-samsung-soundbar-with-a-built-in-woofer-is-40-off\">Cette barre de son Samsung avec woofer int\u00e9gr\u00e9 est \u00e0 40% de r\u00e9duction<\/h2>\n<p>La Samsung HW-S50B est une barre de son \u00ab tout-en-un \u00bb \u00e9conomique (dans la mesure du possible) avec un woofer int\u00e9gr\u00e9. Ces types de barres de son sont parfaits pour les configurations dans lesquelles un woofer ne rentre pas ou pour les personnes qui ne veulent tout simplement pas d&rsquo;encombrement. Il dispose d&rsquo;une connexion Bluetooth Multi, vous pouvez donc connecter deux appareils intelligents en m\u00eame temps et basculer entre eux, et si vous poss\u00e9dez un t\u00e9l\u00e9phone Samsung, vous pouvez utiliser la fonction Tap pour lire vos m\u00e9dias directement dessus. Obtenez-le pour <strong>149,99\u00a0$<\/strong> (\u00e0 l&rsquo;origine 249,99 $).<\/p>\n<h2 id=\"the-55-inch-tcl-s551g-google-tv-is-110-off\">Le t\u00e9l\u00e9viseur Google TCL S551G de 55 pouces est \u00e0 110\u00a0$ de r\u00e9duction<\/h2>\n<p>Le TCL S551G est un t\u00e9l\u00e9viseur Google intelligent LED avec une r\u00e9solution 4K, UHD et HDR actuellement en cours de commercialisation. <strong>239,99\u00a0$<\/strong> (\u00e0 l&rsquo;origine 349,99 $). Il s&rsquo;agit du nouveau t\u00e9l\u00e9viseur 4K d&rsquo;entr\u00e9e de gamme de TCL pour 2024.<\/p>\n<div class=\"w-full mt-12 text-center sm:text-left\" x-data=\"{ showAll: false }\">\n<div class=\"flex flex-col items-center justify-between sm:px-6 sm:flex-row\">\n\t\t\t<span class=\"text-sm italic\">Les offres sont s\u00e9lectionn\u00e9es par notre \u00e9quipe commerciale<\/span><\/p><\/div>\n<\/p><\/div>\n","protected":false},"excerpt":{"rendered":"<p>Vous pouvez trouver des offres sur les iPad, les Garmin, les t\u00e9l\u00e9viseurs TCL, les \u00e9couteurs Bose et Beats, et bien plus encore, \u00e0 leurs prix<\/p>\n","protected":false},"author":1,"featured_media":2953,"comment_status":"","ping_status":"","sticky":false,"template":"","format":"standard","meta":{"footnotes":""},"categories":[13],"tags":[73,166,3668,1255,87,345,116,3670,3669,2985,2977,2789,223,529],"class_list":["post-2952","post","type-post","status-publish","format-standard","has-post-thumbnail","hentry","category-technologie","tag-black","tag-dans","tag-ecrivain","tag-friday","tag-mes","tag-offres","tag-preferees","tag-shopping","tag-specialise","tag-suis","tag-target","tag-technologiques","tag-vente","tag-voici","generate-columns","tablet-grid-50","mobile-grid-100","grid-parent","grid-33"],"yoast_head":"<!-- This site is optimized with the Yoast SEO plugin v24.0 - https:\/\/yoast.com\/wordpress\/plugins\/seo\/ -->\n<title>Je suis un \u00e9crivain sp\u00e9cialis\u00e9 dans le shopping et voici mes offres technologiques pr\u00e9f\u00e9r\u00e9es de la vente Black Friday de Target | Vie Associative<\/title>\n<meta name=\"robots\" content=\"index, follow, max-snippet:-1, max-image-preview:large, max-video-preview:-1\" \/>\n<link rel=\"canonical\" href=\"https:\/\/vieassociative.be\/actualites\/je-suis-un-ecrivain-specialise-dans-le-shopping-et-voici-mes-offres-technologiques-preferees-de-la-vente-black-friday-de-target\/\" \/>\n<meta property=\"og:locale\" content=\"fr_FR\" \/>\n<meta property=\"og:type\" content=\"article\" \/>\n<meta property=\"og:title\" content=\"Je suis un \u00e9crivain sp\u00e9cialis\u00e9 dans le shopping et voici mes offres technologiques pr\u00e9f\u00e9r\u00e9es de la vente Black Friday de Target | Vie Associative\" \/>\n<meta property=\"og:description\" content=\"Vous pouvez trouver des offres sur les iPad, les Garmin, les t\u00e9l\u00e9viseurs TCL, les \u00e9couteurs Bose et Beats, et bien plus encore, \u00e0 leurs prix\" \/>\n<meta property=\"og:url\" content=\"https:\/\/vieassociative.be\/actualites\/je-suis-un-ecrivain-specialise-dans-le-shopping-et-voici-mes-offres-technologiques-preferees-de-la-vente-black-friday-de-target\/\" \/>\n<meta property=\"og:site_name\" content=\"Vie Associative\" \/>\n<meta property=\"article:published_time\" content=\"2024-12-01T13:18:13+00:00\" \/>\n<meta property=\"og:image\" content=\"https:\/\/vieassociative.be\/actualites\/wp-content\/uploads\/2024\/09\/header_backgroundk-01-e1726694325946.png\" \/>\n\t<meta property=\"og:image:width\" content=\"279\" \/>\n\t<meta property=\"og:image:height\" content=\"92\" \/>\n\t<meta property=\"og:image:type\" content=\"image\/png\" \/>\n<meta name=\"author\" content=\"Julien\" \/>\n<meta name=\"twitter:card\" content=\"summary_large_image\" \/>\n<meta name=\"twitter:label1\" content=\"\u00c9crit par\" \/>\n\t<meta name=\"twitter:data1\" content=\"Julien\" \/>\n\t<meta name=\"twitter:label2\" content=\"Dur\u00e9e de lecture est.\" \/>\n\t<meta name=\"twitter:data2\" content=\"3 minutes\" \/>\n<script type=\"application\/ld+json\" class=\"yoast-schema-graph\">{\"@context\":\"https:\/\/schema.org\",\"@graph\":[{\"@type\":\"Article\",\"@id\":\"https:\/\/vieassociative.be\/actualites\/je-suis-un-ecrivain-specialise-dans-le-shopping-et-voici-mes-offres-technologiques-preferees-de-la-vente-black-friday-de-target\/#article\",\"isPartOf\":{\"@id\":\"https:\/\/vieassociative.be\/actualites\/je-suis-un-ecrivain-specialise-dans-le-shopping-et-voici-mes-offres-technologiques-preferees-de-la-vente-black-friday-de-target\/\"},\"author\":{\"name\":\"Julien\",\"@id\":\"https:\/\/vieassociative.be\/actualites\/#\/schema\/person\/b87ac4f82f9d4e7b7cec7395b679edc4\"},\"headline\":\"Je suis un \u00e9crivain sp\u00e9cialis\u00e9 dans le shopping et voici mes offres technologiques pr\u00e9f\u00e9r\u00e9es de la vente Black Friday de Target\",\"datePublished\":\"2024-12-01T13:18:13+00:00\",\"dateModified\":\"2024-12-01T13:18:13+00:00\",\"mainEntityOfPage\":{\"@id\":\"https:\/\/vieassociative.be\/actualites\/je-suis-un-ecrivain-specialise-dans-le-shopping-et-voici-mes-offres-technologiques-preferees-de-la-vente-black-friday-de-target\/\"},\"wordCount\":733,\"publisher\":{\"@id\":\"https:\/\/vieassociative.be\/actualites\/#organization\"},\"image\":{\"@id\":\"https:\/\/vieassociative.be\/actualites\/je-suis-un-ecrivain-specialise-dans-le-shopping-et-voici-mes-offres-technologiques-preferees-de-la-vente-black-friday-de-target\/#primaryimage\"},\"thumbnailUrl\":\"https:\/\/vieassociative.be\/actualites\/wp-content\/uploads\/2024\/12\/Je-suis-un-ecrivain-specialise-dans-le-shopping-et-voici.png\",\"keywords\":[\"Black\",\"dans\",\"\u00e9crivain\",\"Friday\",\"Mes\",\"offres\",\"pr\u00e9f\u00e9r\u00e9es\",\"shopping\",\"sp\u00e9cialis\u00e9\",\"suis\",\"Target\",\"technologiques\",\"vente\",\"Voici\"],\"articleSection\":[\"Technologie\"],\"inLanguage\":\"fr-BE\"},{\"@type\":\"WebPage\",\"@id\":\"https:\/\/vieassociative.be\/actualites\/je-suis-un-ecrivain-specialise-dans-le-shopping-et-voici-mes-offres-technologiques-preferees-de-la-vente-black-friday-de-target\/\",\"url\":\"https:\/\/vieassociative.be\/actualites\/je-suis-un-ecrivain-specialise-dans-le-shopping-et-voici-mes-offres-technologiques-preferees-de-la-vente-black-friday-de-target\/\",\"name\":\"Je suis un \u00e9crivain sp\u00e9cialis\u00e9 dans le shopping et voici mes offres technologiques pr\u00e9f\u00e9r\u00e9es de la vente Black Friday de Target | Vie Associative\",\"isPartOf\":{\"@id\":\"https:\/\/vieassociative.be\/actualites\/#website\"},\"primaryImageOfPage\":{\"@id\":\"https:\/\/vieassociative.be\/actualites\/je-suis-un-ecrivain-specialise-dans-le-shopping-et-voici-mes-offres-technologiques-preferees-de-la-vente-black-friday-de-target\/#primaryimage\"},\"image\":{\"@id\":\"https:\/\/vieassociative.be\/actualites\/je-suis-un-ecrivain-specialise-dans-le-shopping-et-voici-mes-offres-technologiques-preferees-de-la-vente-black-friday-de-target\/#primaryimage\"},\"thumbnailUrl\":\"https:\/\/vieassociative.be\/actualites\/wp-content\/uploads\/2024\/12\/Je-suis-un-ecrivain-specialise-dans-le-shopping-et-voici.png\",\"datePublished\":\"2024-12-01T13:18:13+00:00\",\"dateModified\":\"2024-12-01T13:18:13+00:00\",\"breadcrumb\":{\"@id\":\"https:\/\/vieassociative.be\/actualites\/je-suis-un-ecrivain-specialise-dans-le-shopping-et-voici-mes-offres-technologiques-preferees-de-la-vente-black-friday-de-target\/#breadcrumb\"},\"inLanguage\":\"fr-BE\",\"potentialAction\":[{\"@type\":\"ReadAction\",\"target\":[\"https:\/\/vieassociative.be\/actualites\/je-suis-un-ecrivain-specialise-dans-le-shopping-et-voici-mes-offres-technologiques-preferees-de-la-vente-black-friday-de-target\/\"]}]},{\"@type\":\"ImageObject\",\"inLanguage\":\"fr-BE\",\"@id\":\"https:\/\/vieassociative.be\/actualites\/je-suis-un-ecrivain-specialise-dans-le-shopping-et-voici-mes-offres-technologiques-preferees-de-la-vente-black-friday-de-target\/#primaryimage\",\"url\":\"https:\/\/vieassociative.be\/actualites\/wp-content\/uploads\/2024\/12\/Je-suis-un-ecrivain-specialise-dans-le-shopping-et-voici.png\",\"contentUrl\":\"https:\/\/vieassociative.be\/actualites\/wp-content\/uploads\/2024\/12\/Je-suis-un-ecrivain-specialise-dans-le-shopping-et-voici.png\",\"width\":1200,\"height\":675,\"caption\":\"Je suis un \u00e9crivain sp\u00e9cialis\u00e9 dans le shopping et voici mes offres technologiques pr\u00e9f\u00e9r\u00e9es de la vente Black Friday de Target\"},{\"@type\":\"BreadcrumbList\",\"@id\":\"https:\/\/vieassociative.be\/actualites\/je-suis-un-ecrivain-specialise-dans-le-shopping-et-voici-mes-offres-technologiques-preferees-de-la-vente-black-friday-de-target\/#breadcrumb\",\"itemListElement\":[{\"@type\":\"ListItem\",\"position\":1,\"name\":\"Accueil\",\"item\":\"https:\/\/vieassociative.be\/actualites\/\"},{\"@type\":\"ListItem\",\"position\":2,\"name\":\"Je suis un \u00e9crivain sp\u00e9cialis\u00e9 dans le shopping et voici mes offres technologiques pr\u00e9f\u00e9r\u00e9es de la vente Black Friday de Target\"}]},{\"@type\":\"WebSite\",\"@id\":\"https:\/\/vieassociative.be\/actualites\/#website\",\"url\":\"https:\/\/vieassociative.be\/actualites\/\",\"name\":\"Vie Associative\",\"description\":\"\",\"publisher\":{\"@id\":\"https:\/\/vieassociative.be\/actualites\/#organization\"},\"potentialAction\":[{\"@type\":\"SearchAction\",\"target\":{\"@type\":\"EntryPoint\",\"urlTemplate\":\"https:\/\/vieassociative.be\/actualites\/?s={search_term_string}\"},\"query-input\":{\"@type\":\"PropertyValueSpecification\",\"valueRequired\":true,\"valueName\":\"search_term_string\"}}],\"inLanguage\":\"fr-BE\"},{\"@type\":\"Organization\",\"@id\":\"https:\/\/vieassociative.be\/actualites\/#organization\",\"name\":\"Vie Associative\",\"url\":\"https:\/\/vieassociative.be\/actualites\/\",\"logo\":{\"@type\":\"ImageObject\",\"inLanguage\":\"fr-BE\",\"@id\":\"https:\/\/vieassociative.be\/actualites\/#\/schema\/logo\/image\/\",\"url\":\"https:\/\/vieassociative.be\/actualites\/wp-content\/uploads\/2024\/09\/cropped-vieassociative_favicon.ico.png\",\"contentUrl\":\"https:\/\/vieassociative.be\/actualites\/wp-content\/uploads\/2024\/09\/cropped-vieassociative_favicon.ico.png\",\"width\":512,\"height\":512,\"caption\":\"Vie Associative\"},\"image\":{\"@id\":\"https:\/\/vieassociative.be\/actualites\/#\/schema\/logo\/image\/\"}},{\"@type\":\"Person\",\"@id\":\"https:\/\/vieassociative.be\/actualites\/#\/schema\/person\/b87ac4f82f9d4e7b7cec7395b679edc4\",\"name\":\"Julien\",\"image\":{\"@type\":\"ImageObject\",\"inLanguage\":\"fr-BE\",\"@id\":\"https:\/\/vieassociative.be\/actualites\/#\/schema\/person\/image\/\",\"url\":\"https:\/\/vieassociative.be\/actualites\/wp-content\/uploads\/2024\/09\/vie-associative-1-150x150.jpg\",\"contentUrl\":\"https:\/\/vieassociative.be\/actualites\/wp-content\/uploads\/2024\/09\/vie-associative-1-150x150.jpg\",\"caption\":\"Julien\"},\"description\":\"Je suis Julien, r\u00e9dacteur pour Vie Associative. Passionn\u00e9 par le monde associatif depuis plus de 10 ans, j'ai \u00e0 c\u0153ur de partager des histoires inspirantes et de mettre en lumi\u00e8re les initiatives locales. Mon objectif est de sensibiliser et d'encourager l'engagement communautaire \u00e0 travers mes articles.\",\"sameAs\":[\"https:\/\/vieassociative.be\/\"]}]}<\/script>\n<!-- \/ Yoast SEO plugin. -->","yoast_head_json":{"title":"Je suis un \u00e9crivain sp\u00e9cialis\u00e9 dans le shopping et voici mes offres technologiques pr\u00e9f\u00e9r\u00e9es de la vente Black Friday de Target | Vie Associative","robots":{"index":"index","follow":"follow","max-snippet":"max-snippet:-1","max-image-preview":"max-image-preview:large","max-video-preview":"max-video-preview:-1"},"canonical":"https:\/\/vieassociative.be\/actualites\/je-suis-un-ecrivain-specialise-dans-le-shopping-et-voici-mes-offres-technologiques-preferees-de-la-vente-black-friday-de-target\/","og_locale":"fr_FR","og_type":"article","og_title":"Je suis un \u00e9crivain sp\u00e9cialis\u00e9 dans le shopping et voici mes offres technologiques pr\u00e9f\u00e9r\u00e9es de la vente Black Friday de Target | Vie Associative","og_description":"Vous pouvez trouver des offres sur les iPad, les Garmin, les t\u00e9l\u00e9viseurs TCL, les \u00e9couteurs Bose et Beats, et bien plus encore, \u00e0 leurs prix","og_url":"https:\/\/vieassociative.be\/actualites\/je-suis-un-ecrivain-specialise-dans-le-shopping-et-voici-mes-offres-technologiques-preferees-de-la-vente-black-friday-de-target\/","og_site_name":"Vie Associative","article_published_time":"2024-12-01T13:18:13+00:00","og_image":[{"width":279,"height":92,"url":"https:\/\/vieassociative.be\/actualites\/wp-content\/uploads\/2024\/09\/header_backgroundk-01-e1726694325946.png","type":"image\/png"}],"author":"Julien","twitter_card":"summary_large_image","twitter_misc":{"\u00c9crit par":"Julien","Dur\u00e9e de lecture est.":"3 minutes"},"schema":{"@context":"https:\/\/schema.org","@graph":[{"@type":"Article","@id":"https:\/\/vieassociative.be\/actualites\/je-suis-un-ecrivain-specialise-dans-le-shopping-et-voici-mes-offres-technologiques-preferees-de-la-vente-black-friday-de-target\/#article","isPartOf":{"@id":"https:\/\/vieassociative.be\/actualites\/je-suis-un-ecrivain-specialise-dans-le-shopping-et-voici-mes-offres-technologiques-preferees-de-la-vente-black-friday-de-target\/"},"author":{"name":"Julien","@id":"https:\/\/vieassociative.be\/actualites\/#\/schema\/person\/b87ac4f82f9d4e7b7cec7395b679edc4"},"headline":"Je suis un \u00e9crivain sp\u00e9cialis\u00e9 dans le shopping et voici mes offres technologiques pr\u00e9f\u00e9r\u00e9es de la vente Black Friday de Target","datePublished":"2024-12-01T13:18:13+00:00","dateModified":"2024-12-01T13:18:13+00:00","mainEntityOfPage":{"@id":"https:\/\/vieassociative.be\/actualites\/je-suis-un-ecrivain-specialise-dans-le-shopping-et-voici-mes-offres-technologiques-preferees-de-la-vente-black-friday-de-target\/"},"wordCount":733,"publisher":{"@id":"https:\/\/vieassociative.be\/actualites\/#organization"},"image":{"@id":"https:\/\/vieassociative.be\/actualites\/je-suis-un-ecrivain-specialise-dans-le-shopping-et-voici-mes-offres-technologiques-preferees-de-la-vente-black-friday-de-target\/#primaryimage"},"thumbnailUrl":"https:\/\/vieassociative.be\/actualites\/wp-content\/uploads\/2024\/12\/Je-suis-un-ecrivain-specialise-dans-le-shopping-et-voici.png","keywords":["Black","dans","\u00e9crivain","Friday","Mes","offres","pr\u00e9f\u00e9r\u00e9es","shopping","sp\u00e9cialis\u00e9","suis","Target","technologiques","vente","Voici"],"articleSection":["Technologie"],"inLanguage":"fr-BE"},{"@type":"WebPage","@id":"https:\/\/vieassociative.be\/actualites\/je-suis-un-ecrivain-specialise-dans-le-shopping-et-voici-mes-offres-technologiques-preferees-de-la-vente-black-friday-de-target\/","url":"https:\/\/vieassociative.be\/actualites\/je-suis-un-ecrivain-specialise-dans-le-shopping-et-voici-mes-offres-technologiques-preferees-de-la-vente-black-friday-de-target\/","name":"Je suis un \u00e9crivain sp\u00e9cialis\u00e9 dans le shopping et voici mes offres technologiques pr\u00e9f\u00e9r\u00e9es de la vente Black Friday de Target | Vie Associative","isPartOf":{"@id":"https:\/\/vieassociative.be\/actualites\/#website"},"primaryImageOfPage":{"@id":"https:\/\/vieassociative.be\/actualites\/je-suis-un-ecrivain-specialise-dans-le-shopping-et-voici-mes-offres-technologiques-preferees-de-la-vente-black-friday-de-target\/#primaryimage"},"image":{"@id":"https:\/\/vieassociative.be\/actualites\/je-suis-un-ecrivain-specialise-dans-le-shopping-et-voici-mes-offres-technologiques-preferees-de-la-vente-black-friday-de-target\/#primaryimage"},"thumbnailUrl":"https:\/\/vieassociative.be\/actualites\/wp-content\/uploads\/2024\/12\/Je-suis-un-ecrivain-specialise-dans-le-shopping-et-voici.png","datePublished":"2024-12-01T13:18:13+00:00","dateModified":"2024-12-01T13:18:13+00:00","breadcrumb":{"@id":"https:\/\/vieassociative.be\/actualites\/je-suis-un-ecrivain-specialise-dans-le-shopping-et-voici-mes-offres-technologiques-preferees-de-la-vente-black-friday-de-target\/#breadcrumb"},"inLanguage":"fr-BE","potentialAction":[{"@type":"ReadAction","target":["https:\/\/vieassociative.be\/actualites\/je-suis-un-ecrivain-specialise-dans-le-shopping-et-voici-mes-offres-technologiques-preferees-de-la-vente-black-friday-de-target\/"]}]},{"@type":"ImageObject","inLanguage":"fr-BE","@id":"https:\/\/vieassociative.be\/actualites\/je-suis-un-ecrivain-specialise-dans-le-shopping-et-voici-mes-offres-technologiques-preferees-de-la-vente-black-friday-de-target\/#primaryimage","url":"https:\/\/vieassociative.be\/actualites\/wp-content\/uploads\/2024\/12\/Je-suis-un-ecrivain-specialise-dans-le-shopping-et-voici.png","contentUrl":"https:\/\/vieassociative.be\/actualites\/wp-content\/uploads\/2024\/12\/Je-suis-un-ecrivain-specialise-dans-le-shopping-et-voici.png","width":1200,"height":675,"caption":"Je suis un \u00e9crivain sp\u00e9cialis\u00e9 dans le shopping et voici mes offres technologiques pr\u00e9f\u00e9r\u00e9es de la vente Black Friday de Target"},{"@type":"BreadcrumbList","@id":"https:\/\/vieassociative.be\/actualites\/je-suis-un-ecrivain-specialise-dans-le-shopping-et-voici-mes-offres-technologiques-preferees-de-la-vente-black-friday-de-target\/#breadcrumb","itemListElement":[{"@type":"ListItem","position":1,"name":"Accueil","item":"https:\/\/vieassociative.be\/actualites\/"},{"@type":"ListItem","position":2,"name":"Je suis un \u00e9crivain sp\u00e9cialis\u00e9 dans le shopping et voici mes offres technologiques pr\u00e9f\u00e9r\u00e9es de la vente Black Friday de Target"}]},{"@type":"WebSite","@id":"https:\/\/vieassociative.be\/actualites\/#website","url":"https:\/\/vieassociative.be\/actualites\/","name":"Vie Associative","description":"","publisher":{"@id":"https:\/\/vieassociative.be\/actualites\/#organization"},"potentialAction":[{"@type":"SearchAction","target":{"@type":"EntryPoint","urlTemplate":"https:\/\/vieassociative.be\/actualites\/?s={search_term_string}"},"query-input":{"@type":"PropertyValueSpecification","valueRequired":true,"valueName":"search_term_string"}}],"inLanguage":"fr-BE"},{"@type":"Organization","@id":"https:\/\/vieassociative.be\/actualites\/#organization","name":"Vie Associative","url":"https:\/\/vieassociative.be\/actualites\/","logo":{"@type":"ImageObject","inLanguage":"fr-BE","@id":"https:\/\/vieassociative.be\/actualites\/#\/schema\/logo\/image\/","url":"https:\/\/vieassociative.be\/actualites\/wp-content\/uploads\/2024\/09\/cropped-vieassociative_favicon.ico.png","contentUrl":"https:\/\/vieassociative.be\/actualites\/wp-content\/uploads\/2024\/09\/cropped-vieassociative_favicon.ico.png","width":512,"height":512,"caption":"Vie Associative"},"image":{"@id":"https:\/\/vieassociative.be\/actualites\/#\/schema\/logo\/image\/"}},{"@type":"Person","@id":"https:\/\/vieassociative.be\/actualites\/#\/schema\/person\/b87ac4f82f9d4e7b7cec7395b679edc4","name":"Julien","image":{"@type":"ImageObject","inLanguage":"fr-BE","@id":"https:\/\/vieassociative.be\/actualites\/#\/schema\/person\/image\/","url":"https:\/\/vieassociative.be\/actualites\/wp-content\/uploads\/2024\/09\/vie-associative-1-150x150.jpg","contentUrl":"https:\/\/vieassociative.be\/actualites\/wp-content\/uploads\/2024\/09\/vie-associative-1-150x150.jpg","caption":"Julien"},"description":"Je suis Julien, r\u00e9dacteur pour Vie Associative. Passionn\u00e9 par le monde associatif depuis plus de 10 ans, j'ai \u00e0 c\u0153ur de partager des histoires inspirantes et de mettre en lumi\u00e8re les initiatives locales. Mon objectif est de sensibiliser et d'encourager l'engagement communautaire \u00e0 travers mes articles.","sameAs":["https:\/\/vieassociative.be\/"]}]}},"_links":{"self":[{"href":"https:\/\/vieassociative.be\/actualites\/wp-json\/wp\/v2\/posts\/2952"}],"collection":[{"href":"https:\/\/vieassociative.be\/actualites\/wp-json\/wp\/v2\/posts"}],"about":[{"href":"https:\/\/vieassociative.be\/actualites\/wp-json\/wp\/v2\/types\/post"}],"author":[{"embeddable":true,"href":"https:\/\/vieassociative.be\/actualites\/wp-json\/wp\/v2\/users\/1"}],"replies":[{"embeddable":true,"href":"https:\/\/vieassociative.be\/actualites\/wp-json\/wp\/v2\/comments?post=2952"}],"version-history":[{"count":0,"href":"https:\/\/vieassociative.be\/actualites\/wp-json\/wp\/v2\/posts\/2952\/revisions"}],"wp:featuredmedia":[{"embeddable":true,"href":"https:\/\/vieassociative.be\/actualites\/wp-json\/wp\/v2\/media\/2953"}],"wp:attachment":[{"href":"https:\/\/vieassociative.be\/actualites\/wp-json\/wp\/v2\/media?parent=2952"}],"wp:term":[{"taxonomy":"category","embeddable":true,"href":"https:\/\/vieassociative.be\/actualites\/wp-json\/wp\/v2\/categories?post=2952"},{"taxonomy":"post_tag","embeddable":true,"href":"https:\/\/vieassociative.be\/actualites\/wp-json\/wp\/v2\/tags?post=2952"}],"curies":[{"name":"wp","href":"https:\/\/api.w.org\/{rel}","templated":true}]}}