{"id":2950,"date":"2024-12-01T12:17:08","date_gmt":"2024-12-01T11:17:08","guid":{"rendered":"https:\/\/vieassociative.be\/actualites\/comment-reagir-a-la-rage-au-volant-lorsque-vos-enfants-sont-dans-la-voiture\/"},"modified":"2024-12-01T12:17:08","modified_gmt":"2024-12-01T11:17:08","slug":"comment-reagir-a-la-rage-au-volant-lorsque-vos-enfants-sont-dans-la-voiture","status":"publish","type":"post","link":"https:\/\/vieassociative.be\/actualites\/comment-reagir-a-la-rage-au-volant-lorsque-vos-enfants-sont-dans-la-voiture\/","title":{"rendered":"Comment r\u00e9agir \u00e0 la rage au volant lorsque vos enfants sont dans la voiture"},"content":{"rendered":"<div class=\"mt-4 leading-6 md:mb-8\">Pour commencer, vous ne voulez probablement pas faire ce que j&rsquo;ai fait.<\/div>\n<p><\/p>\n<p>Je ne sais pas vraiment pourquoi le camionneur a \u00e9t\u00e9 si offens\u00e9 par la fusion de ma fermeture \u00e9clair&#8230;<em>quelle est la bonne fa\u00e7on de fusionner<\/em>merci beaucoup, mais il n&rsquo;a clairement pas aim\u00e9 \u00e7a et sa corne me l&rsquo;a fait savoir. Je conduisais une mini-fourgonnette remplie d&rsquo;enfants \u00e2g\u00e9s de 6 \u00e0 8 ans pour me rendre \u00e0 l&rsquo;\u00e9cole et la circulation \u00e9tait inhabituellement dense ce matin-l\u00e0. Quelques minutes plus tard, l&rsquo;un des enfants a remarqu\u00e9 que le m\u00eame camionneur \u00e9tait en train de renverser une autre voiture, ce qui a provoqu\u00e9 beaucoup d&rsquo;excitation dans notre v\u00e9hicule car ils avaient tous r\u00e9cemment appris ce que signifiait lever le majeur.<\/p>\n<p>\u00ab\u00a0Il n&rsquo;est PAS de bonne humeur aujourd&rsquo;hui, n&rsquo;est-ce pas ?\u00a0\u00bb Dis-je alors que le camion s&rsquo;approchait \u00e0 nouveau de nous dans la circulation rampante. Effectivement, le camion s&rsquo;est assis \u00e0 c\u00f4t\u00e9 de nous et le chauffeur nous a accord\u00e9 un double majeur.<\/p>\n<h2 id=\"how-i-reacted-to-the-road-rage\">Comment<em> je<\/em> a r\u00e9agi \u00e0 la rage au volant<\/h2>\n<p>Mon fils vengeur a murmur\u00e9 : \u00ab Je vais lui rendre la pareille \u00bb et a pr\u00e9par\u00e9 ses doigts, mais j&rsquo;ai eu une meilleure id\u00e9e. La circulation \u00e9tait si lente que nous \u00e9tions toujours juste \u00e0 c\u00f4t\u00e9 du camionneur, alors j&rsquo;ai demand\u00e9 aux trois enfants de sourire aussi grand qu&rsquo;ils pouvaient et de lui faire signe. Je leur ai demand\u00e9 d&rsquo;\u00eatre \u00ab aussi mignons que possible \u00bb.<\/p>\n<p>J&rsquo;ai observ\u00e9 la r\u00e9action du camionneur. Il leur fit un signe de la main, leur sourit m\u00eame. Lui et moi avons \u00e9tabli un contact visuel. Il avait l&rsquo;air contrit. Nous avions conclu une tr\u00eave et le reste du trajet s&rsquo;est d\u00e9roul\u00e9 sans incident. <\/p>\n<p>Je me sentais tr\u00e8s satisfait, mais apr\u00e8s avoir racont\u00e9 l&rsquo;histoire aux autres, je me suis demand\u00e9 si j&rsquo;aurais d\u00fb rester assez tranquille. Je ne savais pas \u00e0 quel point sa rage \u00e9tait profonde, et je ne savais pas s&rsquo;il avait des armes dans la voiture ou ce qu&rsquo;il lui faudrait pour se sentir justifi\u00e9 de les utiliser.<\/p>\n<h2 id=\"how-you-should-react-to-road-rage-with-kids-in-the-car\">Comment tu <em>devrait<\/em> r\u00e9agir \u00e0 la rage au volant avec des enfants dans la voiture<\/h2>\n<p>J&rsquo;ai demand\u00e9 \u00e0 David Clark, un avocat du Michigan, comment j&rsquo;aurais d\u00fb r\u00e9agir \u00e0 ce moment-l\u00e0, et il m&rsquo;a r\u00e9pondu que m\u00eame si les lois varient selon les \u00c9tats, \u00ab votre seule ligne de conduite est d&rsquo;adopter une position d\u00e9fensive. Il est essentiel de prot\u00e9ger les mineurs du tumulte, car participer \u00e0 l&rsquo;agression pourrait \u00e9galement vous mettre, en tant que parent, dans une position susceptible de mettre l&rsquo;enfant en danger.\u00bb <\/p>\n<p>Je ne l&rsquo;\u00e9tais certainement pas <em>agressif<\/em>. Mais passif-agressif ? Oui.<\/p>\n<p>Nous avons d\u00e9j\u00e0 conseill\u00e9 ces moyens de r\u00e9pondre \u00e0 la rage au volant afin de d\u00e9samorcer la situation au lieu de l&rsquo;aggraver\u00a0: <\/p>\n<ul>\n<li>\n<p>\u00c9loignez-vous, si possible<\/p>\n<\/li>\n<li>\n<p>Mettez votre fiert\u00e9 de c\u00f4t\u00e9 (ne faites rien qui puisse les contrarier davantage)<\/p>\n<\/li>\n<li>\n<p>N&rsquo;\u00e9tablissez pas de contact visuel<\/p>\n<\/li>\n<li>\n<p>Faites preuve d&#8217;empathie (supposez qu&rsquo;il se passe autre chose avec eux, sans rapport avec cet incident)<\/p>\n<\/li>\n<\/ul>\n<p>J&rsquo;ai fait plusieurs choses de mal. J&rsquo;ai \u00e9tabli un contact visuel, ce que je n&rsquo;aurais pas fait habituellement. Je ne pouvais pas vraiment m&rsquo;en sortir sur le moment, mais en cas d&rsquo;urgence r\u00e9elle, j&rsquo;aurais pu utiliser l&rsquo;\u00e9paule. Et en lui faisant honte avec des enfants mignons, je n&rsquo;\u00e9tais pas particuli\u00e8rement empathique &#8211; et c&rsquo;est l\u00e0 que le moment d&rsquo;apprentissage aurait pu intervenir. Lorsque les enfants sont dans la voiture avec vous, vous pouvez utiliser un \u00e9pisode de rage au volant pour leur parler de la fa\u00e7on dont Parfois, lorsque les gens semblent aussi en col\u00e8re pour une si petite offense, il y a en fait une profonde tristesse derri\u00e8re la rage. Peut-\u00eatre qu\u2019ils viennent de recevoir de tr\u00e8s mauvaises nouvelles et que cela les am\u00e8ne \u00e0 r\u00e9agir d\u2019une mani\u00e8re qu\u2019ils ne feraient pas normalement.<\/p>\n<p>Vous pouvez signaler une conduite dangereuse ou agressive au DMV de votre \u00e9tat ou \u00e0 la police et, dans le cas de ce conducteur qui conduisait un v\u00e9hicule commercial, vous pouvez appeler son employeur. Si vous (ou un passager) pouvez le faire en toute s\u00e9curit\u00e9, vous pouvez \u00e9galement les filmer pour la police. <\/p>\n<p>Ou vous pouvez simplement laisser tomber et continuer votre journ\u00e9e en toute s\u00e9curit\u00e9.<\/p>\n<p><\/p>\n","protected":false},"excerpt":{"rendered":"<p>Pour commencer, vous ne voulez probablement pas faire ce que j&rsquo;ai fait. Je ne sais pas vraiment pourquoi le camionneur a \u00e9t\u00e9 si offens\u00e9 par<\/p>\n","protected":false},"author":1,"featured_media":2951,"comment_status":"","ping_status":"","sticky":false,"template":"","format":"standard","meta":{"footnotes":""},"categories":[37],"tags":[44,166,324,559,3666,980,18,1229,3667,27],"class_list":["post-2950","post","type-post","status-publish","format-standard","has-post-thumbnail","hentry","category-famille","tag-comment","tag-dans","tag-enfants","tag-lorsque","tag-rage","tag-reagir","tag-sont","tag-voiture","tag-volant","tag-vos","generate-columns","tablet-grid-50","mobile-grid-100","grid-parent","grid-33"],"yoast_head":"<!-- This site is optimized with the Yoast SEO plugin v24.0 - https:\/\/yoast.com\/wordpress\/plugins\/seo\/ -->\n<title>Comment r\u00e9agir \u00e0 la rage au volant lorsque vos enfants sont dans la voiture | Vie Associative<\/title>\n<meta name=\"robots\" content=\"index, follow, max-snippet:-1, max-image-preview:large, max-video-preview:-1\" \/>\n<link rel=\"canonical\" href=\"https:\/\/vieassociative.be\/actualites\/comment-reagir-a-la-rage-au-volant-lorsque-vos-enfants-sont-dans-la-voiture\/\" \/>\n<meta property=\"og:locale\" content=\"fr_FR\" \/>\n<meta property=\"og:type\" content=\"article\" \/>\n<meta property=\"og:title\" content=\"Comment r\u00e9agir \u00e0 la rage au volant lorsque vos enfants sont dans la voiture | Vie Associative\" \/>\n<meta property=\"og:description\" content=\"Pour commencer, vous ne voulez probablement pas faire ce que j&rsquo;ai fait. Je ne sais pas vraiment pourquoi le camionneur a \u00e9t\u00e9 si offens\u00e9 par\" \/>\n<meta property=\"og:url\" content=\"https:\/\/vieassociative.be\/actualites\/comment-reagir-a-la-rage-au-volant-lorsque-vos-enfants-sont-dans-la-voiture\/\" \/>\n<meta property=\"og:site_name\" content=\"Vie Associative\" \/>\n<meta property=\"article:published_time\" content=\"2024-12-01T11:17:08+00:00\" \/>\n<meta property=\"og:image\" content=\"https:\/\/vieassociative.be\/actualites\/wp-content\/uploads\/2024\/09\/header_backgroundk-01-e1726694325946.png\" \/>\n\t<meta property=\"og:image:width\" content=\"279\" \/>\n\t<meta property=\"og:image:height\" content=\"92\" \/>\n\t<meta property=\"og:image:type\" content=\"image\/png\" \/>\n<meta name=\"author\" content=\"Julien\" \/>\n<meta name=\"twitter:card\" content=\"summary_large_image\" \/>\n<meta name=\"twitter:label1\" content=\"\u00c9crit par\" \/>\n\t<meta name=\"twitter:data1\" content=\"Julien\" \/>\n\t<meta name=\"twitter:label2\" content=\"Dur\u00e9e de lecture est.\" \/>\n\t<meta name=\"twitter:data2\" content=\"4 minutes\" \/>\n<script type=\"application\/ld+json\" class=\"yoast-schema-graph\">{\"@context\":\"https:\/\/schema.org\",\"@graph\":[{\"@type\":\"Article\",\"@id\":\"https:\/\/vieassociative.be\/actualites\/comment-reagir-a-la-rage-au-volant-lorsque-vos-enfants-sont-dans-la-voiture\/#article\",\"isPartOf\":{\"@id\":\"https:\/\/vieassociative.be\/actualites\/comment-reagir-a-la-rage-au-volant-lorsque-vos-enfants-sont-dans-la-voiture\/\"},\"author\":{\"name\":\"Julien\",\"@id\":\"https:\/\/vieassociative.be\/actualites\/#\/schema\/person\/b87ac4f82f9d4e7b7cec7395b679edc4\"},\"headline\":\"Comment r\u00e9agir \u00e0 la rage au volant lorsque vos enfants sont dans la voiture\",\"datePublished\":\"2024-12-01T11:17:08+00:00\",\"dateModified\":\"2024-12-01T11:17:08+00:00\",\"mainEntityOfPage\":{\"@id\":\"https:\/\/vieassociative.be\/actualites\/comment-reagir-a-la-rage-au-volant-lorsque-vos-enfants-sont-dans-la-voiture\/\"},\"wordCount\":769,\"publisher\":{\"@id\":\"https:\/\/vieassociative.be\/actualites\/#organization\"},\"image\":{\"@id\":\"https:\/\/vieassociative.be\/actualites\/comment-reagir-a-la-rage-au-volant-lorsque-vos-enfants-sont-dans-la-voiture\/#primaryimage\"},\"thumbnailUrl\":\"https:\/\/vieassociative.be\/actualites\/wp-content\/uploads\/2024\/12\/Comment-reagir-a-la-rage-au-volant-lorsque-vos-enfants.jpg\",\"keywords\":[\"Comment\",\"dans\",\"enfants\",\"lorsque\",\"rage\",\"r\u00e9agir\",\"sont\",\"voiture\",\"volant\",\"vos\"],\"articleSection\":[\"Famille\"],\"inLanguage\":\"fr-BE\"},{\"@type\":\"WebPage\",\"@id\":\"https:\/\/vieassociative.be\/actualites\/comment-reagir-a-la-rage-au-volant-lorsque-vos-enfants-sont-dans-la-voiture\/\",\"url\":\"https:\/\/vieassociative.be\/actualites\/comment-reagir-a-la-rage-au-volant-lorsque-vos-enfants-sont-dans-la-voiture\/\",\"name\":\"Comment r\u00e9agir \u00e0 la rage au volant lorsque vos enfants sont dans la voiture | Vie Associative\",\"isPartOf\":{\"@id\":\"https:\/\/vieassociative.be\/actualites\/#website\"},\"primaryImageOfPage\":{\"@id\":\"https:\/\/vieassociative.be\/actualites\/comment-reagir-a-la-rage-au-volant-lorsque-vos-enfants-sont-dans-la-voiture\/#primaryimage\"},\"image\":{\"@id\":\"https:\/\/vieassociative.be\/actualites\/comment-reagir-a-la-rage-au-volant-lorsque-vos-enfants-sont-dans-la-voiture\/#primaryimage\"},\"thumbnailUrl\":\"https:\/\/vieassociative.be\/actualites\/wp-content\/uploads\/2024\/12\/Comment-reagir-a-la-rage-au-volant-lorsque-vos-enfants.jpg\",\"datePublished\":\"2024-12-01T11:17:08+00:00\",\"dateModified\":\"2024-12-01T11:17:08+00:00\",\"breadcrumb\":{\"@id\":\"https:\/\/vieassociative.be\/actualites\/comment-reagir-a-la-rage-au-volant-lorsque-vos-enfants-sont-dans-la-voiture\/#breadcrumb\"},\"inLanguage\":\"fr-BE\",\"potentialAction\":[{\"@type\":\"ReadAction\",\"target\":[\"https:\/\/vieassociative.be\/actualites\/comment-reagir-a-la-rage-au-volant-lorsque-vos-enfants-sont-dans-la-voiture\/\"]}]},{\"@type\":\"ImageObject\",\"inLanguage\":\"fr-BE\",\"@id\":\"https:\/\/vieassociative.be\/actualites\/comment-reagir-a-la-rage-au-volant-lorsque-vos-enfants-sont-dans-la-voiture\/#primaryimage\",\"url\":\"https:\/\/vieassociative.be\/actualites\/wp-content\/uploads\/2024\/12\/Comment-reagir-a-la-rage-au-volant-lorsque-vos-enfants.jpg\",\"contentUrl\":\"https:\/\/vieassociative.be\/actualites\/wp-content\/uploads\/2024\/12\/Comment-reagir-a-la-rage-au-volant-lorsque-vos-enfants.jpg\",\"width\":1200,\"height\":675,\"caption\":\"Comment r\u00e9agir \u00e0 la rage au volant lorsque vos enfants sont dans la voiture\"},{\"@type\":\"BreadcrumbList\",\"@id\":\"https:\/\/vieassociative.be\/actualites\/comment-reagir-a-la-rage-au-volant-lorsque-vos-enfants-sont-dans-la-voiture\/#breadcrumb\",\"itemListElement\":[{\"@type\":\"ListItem\",\"position\":1,\"name\":\"Accueil\",\"item\":\"https:\/\/vieassociative.be\/actualites\/\"},{\"@type\":\"ListItem\",\"position\":2,\"name\":\"Comment r\u00e9agir \u00e0 la rage au volant lorsque vos enfants sont dans la voiture\"}]},{\"@type\":\"WebSite\",\"@id\":\"https:\/\/vieassociative.be\/actualites\/#website\",\"url\":\"https:\/\/vieassociative.be\/actualites\/\",\"name\":\"Vie Associative\",\"description\":\"\",\"publisher\":{\"@id\":\"https:\/\/vieassociative.be\/actualites\/#organization\"},\"potentialAction\":[{\"@type\":\"SearchAction\",\"target\":{\"@type\":\"EntryPoint\",\"urlTemplate\":\"https:\/\/vieassociative.be\/actualites\/?s={search_term_string}\"},\"query-input\":{\"@type\":\"PropertyValueSpecification\",\"valueRequired\":true,\"valueName\":\"search_term_string\"}}],\"inLanguage\":\"fr-BE\"},{\"@type\":\"Organization\",\"@id\":\"https:\/\/vieassociative.be\/actualites\/#organization\",\"name\":\"Vie Associative\",\"url\":\"https:\/\/vieassociative.be\/actualites\/\",\"logo\":{\"@type\":\"ImageObject\",\"inLanguage\":\"fr-BE\",\"@id\":\"https:\/\/vieassociative.be\/actualites\/#\/schema\/logo\/image\/\",\"url\":\"https:\/\/vieassociative.be\/actualites\/wp-content\/uploads\/2024\/09\/cropped-vieassociative_favicon.ico.png\",\"contentUrl\":\"https:\/\/vieassociative.be\/actualites\/wp-content\/uploads\/2024\/09\/cropped-vieassociative_favicon.ico.png\",\"width\":512,\"height\":512,\"caption\":\"Vie Associative\"},\"image\":{\"@id\":\"https:\/\/vieassociative.be\/actualites\/#\/schema\/logo\/image\/\"}},{\"@type\":\"Person\",\"@id\":\"https:\/\/vieassociative.be\/actualites\/#\/schema\/person\/b87ac4f82f9d4e7b7cec7395b679edc4\",\"name\":\"Julien\",\"image\":{\"@type\":\"ImageObject\",\"inLanguage\":\"fr-BE\",\"@id\":\"https:\/\/vieassociative.be\/actualites\/#\/schema\/person\/image\/\",\"url\":\"https:\/\/vieassociative.be\/actualites\/wp-content\/uploads\/2024\/09\/vie-associative-1-150x150.jpg\",\"contentUrl\":\"https:\/\/vieassociative.be\/actualites\/wp-content\/uploads\/2024\/09\/vie-associative-1-150x150.jpg\",\"caption\":\"Julien\"},\"description\":\"Je suis Julien, r\u00e9dacteur pour Vie Associative. Passionn\u00e9 par le monde associatif depuis plus de 10 ans, j'ai \u00e0 c\u0153ur de partager des histoires inspirantes et de mettre en lumi\u00e8re les initiatives locales. Mon objectif est de sensibiliser et d'encourager l'engagement communautaire \u00e0 travers mes articles.\",\"sameAs\":[\"https:\/\/vieassociative.be\/\"]}]}<\/script>\n<!-- \/ Yoast SEO plugin. -->","yoast_head_json":{"title":"Comment r\u00e9agir \u00e0 la rage au volant lorsque vos enfants sont dans la voiture | Vie Associative","robots":{"index":"index","follow":"follow","max-snippet":"max-snippet:-1","max-image-preview":"max-image-preview:large","max-video-preview":"max-video-preview:-1"},"canonical":"https:\/\/vieassociative.be\/actualites\/comment-reagir-a-la-rage-au-volant-lorsque-vos-enfants-sont-dans-la-voiture\/","og_locale":"fr_FR","og_type":"article","og_title":"Comment r\u00e9agir \u00e0 la rage au volant lorsque vos enfants sont dans la voiture | Vie Associative","og_description":"Pour commencer, vous ne voulez probablement pas faire ce que j&rsquo;ai fait. Je ne sais pas vraiment pourquoi le camionneur a \u00e9t\u00e9 si offens\u00e9 par","og_url":"https:\/\/vieassociative.be\/actualites\/comment-reagir-a-la-rage-au-volant-lorsque-vos-enfants-sont-dans-la-voiture\/","og_site_name":"Vie Associative","article_published_time":"2024-12-01T11:17:08+00:00","og_image":[{"width":279,"height":92,"url":"https:\/\/vieassociative.be\/actualites\/wp-content\/uploads\/2024\/09\/header_backgroundk-01-e1726694325946.png","type":"image\/png"}],"author":"Julien","twitter_card":"summary_large_image","twitter_misc":{"\u00c9crit par":"Julien","Dur\u00e9e de lecture est.":"4 minutes"},"schema":{"@context":"https:\/\/schema.org","@graph":[{"@type":"Article","@id":"https:\/\/vieassociative.be\/actualites\/comment-reagir-a-la-rage-au-volant-lorsque-vos-enfants-sont-dans-la-voiture\/#article","isPartOf":{"@id":"https:\/\/vieassociative.be\/actualites\/comment-reagir-a-la-rage-au-volant-lorsque-vos-enfants-sont-dans-la-voiture\/"},"author":{"name":"Julien","@id":"https:\/\/vieassociative.be\/actualites\/#\/schema\/person\/b87ac4f82f9d4e7b7cec7395b679edc4"},"headline":"Comment r\u00e9agir \u00e0 la rage au volant lorsque vos enfants sont dans la voiture","datePublished":"2024-12-01T11:17:08+00:00","dateModified":"2024-12-01T11:17:08+00:00","mainEntityOfPage":{"@id":"https:\/\/vieassociative.be\/actualites\/comment-reagir-a-la-rage-au-volant-lorsque-vos-enfants-sont-dans-la-voiture\/"},"wordCount":769,"publisher":{"@id":"https:\/\/vieassociative.be\/actualites\/#organization"},"image":{"@id":"https:\/\/vieassociative.be\/actualites\/comment-reagir-a-la-rage-au-volant-lorsque-vos-enfants-sont-dans-la-voiture\/#primaryimage"},"thumbnailUrl":"https:\/\/vieassociative.be\/actualites\/wp-content\/uploads\/2024\/12\/Comment-reagir-a-la-rage-au-volant-lorsque-vos-enfants.jpg","keywords":["Comment","dans","enfants","lorsque","rage","r\u00e9agir","sont","voiture","volant","vos"],"articleSection":["Famille"],"inLanguage":"fr-BE"},{"@type":"WebPage","@id":"https:\/\/vieassociative.be\/actualites\/comment-reagir-a-la-rage-au-volant-lorsque-vos-enfants-sont-dans-la-voiture\/","url":"https:\/\/vieassociative.be\/actualites\/comment-reagir-a-la-rage-au-volant-lorsque-vos-enfants-sont-dans-la-voiture\/","name":"Comment r\u00e9agir \u00e0 la rage au volant lorsque vos enfants sont dans la voiture | Vie Associative","isPartOf":{"@id":"https:\/\/vieassociative.be\/actualites\/#website"},"primaryImageOfPage":{"@id":"https:\/\/vieassociative.be\/actualites\/comment-reagir-a-la-rage-au-volant-lorsque-vos-enfants-sont-dans-la-voiture\/#primaryimage"},"image":{"@id":"https:\/\/vieassociative.be\/actualites\/comment-reagir-a-la-rage-au-volant-lorsque-vos-enfants-sont-dans-la-voiture\/#primaryimage"},"thumbnailUrl":"https:\/\/vieassociative.be\/actualites\/wp-content\/uploads\/2024\/12\/Comment-reagir-a-la-rage-au-volant-lorsque-vos-enfants.jpg","datePublished":"2024-12-01T11:17:08+00:00","dateModified":"2024-12-01T11:17:08+00:00","breadcrumb":{"@id":"https:\/\/vieassociative.be\/actualites\/comment-reagir-a-la-rage-au-volant-lorsque-vos-enfants-sont-dans-la-voiture\/#breadcrumb"},"inLanguage":"fr-BE","potentialAction":[{"@type":"ReadAction","target":["https:\/\/vieassociative.be\/actualites\/comment-reagir-a-la-rage-au-volant-lorsque-vos-enfants-sont-dans-la-voiture\/"]}]},{"@type":"ImageObject","inLanguage":"fr-BE","@id":"https:\/\/vieassociative.be\/actualites\/comment-reagir-a-la-rage-au-volant-lorsque-vos-enfants-sont-dans-la-voiture\/#primaryimage","url":"https:\/\/vieassociative.be\/actualites\/wp-content\/uploads\/2024\/12\/Comment-reagir-a-la-rage-au-volant-lorsque-vos-enfants.jpg","contentUrl":"https:\/\/vieassociative.be\/actualites\/wp-content\/uploads\/2024\/12\/Comment-reagir-a-la-rage-au-volant-lorsque-vos-enfants.jpg","width":1200,"height":675,"caption":"Comment r\u00e9agir \u00e0 la rage au volant lorsque vos enfants sont dans la voiture"},{"@type":"BreadcrumbList","@id":"https:\/\/vieassociative.be\/actualites\/comment-reagir-a-la-rage-au-volant-lorsque-vos-enfants-sont-dans-la-voiture\/#breadcrumb","itemListElement":[{"@type":"ListItem","position":1,"name":"Accueil","item":"https:\/\/vieassociative.be\/actualites\/"},{"@type":"ListItem","position":2,"name":"Comment r\u00e9agir \u00e0 la rage au volant lorsque vos enfants sont dans la voiture"}]},{"@type":"WebSite","@id":"https:\/\/vieassociative.be\/actualites\/#website","url":"https:\/\/vieassociative.be\/actualites\/","name":"Vie Associative","description":"","publisher":{"@id":"https:\/\/vieassociative.be\/actualites\/#organization"},"potentialAction":[{"@type":"SearchAction","target":{"@type":"EntryPoint","urlTemplate":"https:\/\/vieassociative.be\/actualites\/?s={search_term_string}"},"query-input":{"@type":"PropertyValueSpecification","valueRequired":true,"valueName":"search_term_string"}}],"inLanguage":"fr-BE"},{"@type":"Organization","@id":"https:\/\/vieassociative.be\/actualites\/#organization","name":"Vie Associative","url":"https:\/\/vieassociative.be\/actualites\/","logo":{"@type":"ImageObject","inLanguage":"fr-BE","@id":"https:\/\/vieassociative.be\/actualites\/#\/schema\/logo\/image\/","url":"https:\/\/vieassociative.be\/actualites\/wp-content\/uploads\/2024\/09\/cropped-vieassociative_favicon.ico.png","contentUrl":"https:\/\/vieassociative.be\/actualites\/wp-content\/uploads\/2024\/09\/cropped-vieassociative_favicon.ico.png","width":512,"height":512,"caption":"Vie Associative"},"image":{"@id":"https:\/\/vieassociative.be\/actualites\/#\/schema\/logo\/image\/"}},{"@type":"Person","@id":"https:\/\/vieassociative.be\/actualites\/#\/schema\/person\/b87ac4f82f9d4e7b7cec7395b679edc4","name":"Julien","image":{"@type":"ImageObject","inLanguage":"fr-BE","@id":"https:\/\/vieassociative.be\/actualites\/#\/schema\/person\/image\/","url":"https:\/\/vieassociative.be\/actualites\/wp-content\/uploads\/2024\/09\/vie-associative-1-150x150.jpg","contentUrl":"https:\/\/vieassociative.be\/actualites\/wp-content\/uploads\/2024\/09\/vie-associative-1-150x150.jpg","caption":"Julien"},"description":"Je suis Julien, r\u00e9dacteur pour Vie Associative. Passionn\u00e9 par le monde associatif depuis plus de 10 ans, j'ai \u00e0 c\u0153ur de partager des histoires inspirantes et de mettre en lumi\u00e8re les initiatives locales. Mon objectif est de sensibiliser et d'encourager l'engagement communautaire \u00e0 travers mes articles.","sameAs":["https:\/\/vieassociative.be\/"]}]}},"_links":{"self":[{"href":"https:\/\/vieassociative.be\/actualites\/wp-json\/wp\/v2\/posts\/2950"}],"collection":[{"href":"https:\/\/vieassociative.be\/actualites\/wp-json\/wp\/v2\/posts"}],"about":[{"href":"https:\/\/vieassociative.be\/actualites\/wp-json\/wp\/v2\/types\/post"}],"author":[{"embeddable":true,"href":"https:\/\/vieassociative.be\/actualites\/wp-json\/wp\/v2\/users\/1"}],"replies":[{"embeddable":true,"href":"https:\/\/vieassociative.be\/actualites\/wp-json\/wp\/v2\/comments?post=2950"}],"version-history":[{"count":0,"href":"https:\/\/vieassociative.be\/actualites\/wp-json\/wp\/v2\/posts\/2950\/revisions"}],"wp:featuredmedia":[{"embeddable":true,"href":"https:\/\/vieassociative.be\/actualites\/wp-json\/wp\/v2\/media\/2951"}],"wp:attachment":[{"href":"https:\/\/vieassociative.be\/actualites\/wp-json\/wp\/v2\/media?parent=2950"}],"wp:term":[{"taxonomy":"category","embeddable":true,"href":"https:\/\/vieassociative.be\/actualites\/wp-json\/wp\/v2\/categories?post=2950"},{"taxonomy":"post_tag","embeddable":true,"href":"https:\/\/vieassociative.be\/actualites\/wp-json\/wp\/v2\/tags?post=2950"}],"curies":[{"name":"wp","href":"https:\/\/api.w.org\/{rel}","templated":true}]}}