{"id":295,"date":"2024-09-22T02:18:39","date_gmt":"2024-09-22T00:18:39","guid":{"rendered":"https:\/\/vieassociative.be\/actualites\/ios-18-facilite-grandement-lutilisation-des-appareils-intelligents-avec-apple-home\/"},"modified":"2024-09-22T02:18:39","modified_gmt":"2024-09-22T00:18:39","slug":"ios-18-facilite-grandement-lutilisation-des-appareils-intelligents-avec-apple-home","status":"publish","type":"post","link":"https:\/\/vieassociative.be\/actualites\/ios-18-facilite-grandement-lutilisation-des-appareils-intelligents-avec-apple-home\/","title":{"rendered":"iOS 18 facilite grandement l&rsquo;utilisation des appareils intelligents avec Apple Home"},"content":{"rendered":"<div class=\"mt-4 leading-6 md:mb-8\">Les hubs ne sont plus n\u00e9cessaires, mais vous en voudrez peut-\u00eatre toujours un.<\/div>\n<p><\/p>\n<p>Cela fait au moins une d\u00e9cennie que le choix du syst\u00e8me d&rsquo;exploitation ne pose plus de v\u00e9ritable probl\u00e8me pour obtenir des logiciels ou du mat\u00e9riel sp\u00e9cifiques, mais la technologie intelligente a mis du temps \u00e0 rattraper son retard. Ces derni\u00e8res ann\u00e9es, il est devenu beaucoup plus courant de d\u00e9couvrir que de nombreux appareils fonctionnent avec Android, Google Assistant et Amazon Alexa, mais pas avec Apple Home. Si vous vouliez contr\u00f4ler vos ampoules avec votre t\u00e9l\u00e9phone Android sans aucun mat\u00e9riel suppl\u00e9mentaire, vous le pouviez probablement, mais les utilisateurs d&rsquo;iPhone n&rsquo;ont pas eu de chance. <\/p>\n<p>iOS 18, sorti plus t\u00f4t cette semaine, change cela pour le mieux. <\/p>\n<h2 id=\"matter-made-things-better-but-apple-integration-was-still-a-pain\">Matter a am\u00e9lior\u00e9 les choses, mais l\u2019int\u00e9gration d\u2019Apple \u00e9tait toujours p\u00e9nible<\/h2>\n<p>Pour plus de contexte, Apple Home fait r\u00e9f\u00e9rence \u00e0 l&rsquo;ensemble de l&rsquo;\u00e9cosyst\u00e8me de la maison intelligente d&rsquo;Apple en g\u00e9n\u00e9ral, et est \u00e9galement le nom de l&rsquo;application de maison intelligente pour votre iPhone. Apple HomeKit est la technologie sous-jacente d&rsquo;Apple Home, Siri est l&rsquo;assistant vocal que ces appareils utilisent, et Apple propose des appareils comme le HomePod comme hubs de maison intelligente. <\/p>\n<p>Les choses ont commenc\u00e9 \u00e0 s\u2019am\u00e9liorer il y a deux ans avec l\u2019introduction de Matter et Thread, deux protocoles industriels permettant de connecter des appareils intelligents. Les appareils dot\u00e9s des nouvelles normes ont r\u00e9solu le probl\u00e8me de l\u2019exclusivit\u00e9 en \u00e9tant capables de fonctionner avec n\u2019importe quel hub compatible Matter et, par l\u2019interm\u00e9diaire de ce hub, avec l\u2019application Apple Home sur votre t\u00e9l\u00e9phone. Au fur et \u00e0 mesure que de plus en plus d\u2019entreprises adh\u00e8rent \u00e0 la norme Matter, les appareils qu\u2019elles fabriquent deviennent compatibles Home. Le seul probl\u00e8me est que ces appareils n\u00e9cessitent toujours le hub (HomePod et Apple TV 4K sont tous deux compatibles Matter).  <\/p>\n<p>C&rsquo;est ironique, car le principe de Matter \u00e9tait de lib\u00e9rer les gens de la n\u00e9cessit\u00e9 d&rsquo;un tas de hubs individuels. M\u00eame si vous n&rsquo;avez besoin que <em>un<\/em>cela signifie qu&rsquo;il faut g\u00e9rer un mat\u00e9riel suppl\u00e9mentaire pour les mises \u00e0 jour et la maintenance, et qu&rsquo;il faut \u00e9galement une \u00e9tape suppl\u00e9mentaire pour associer l&rsquo;appareil au hub. Dans la plupart des cas, les utilisateurs de Google Home et d&rsquo;Android Alexa n&rsquo;ont pas eu les m\u00eames difficult\u00e9s : ils pouvaient souvent simplement connecter des appareils \u00e0 leurs assistants num\u00e9riques. <\/p>\n<h2 id=\"ios-18-finally-made-apple-much-more-compatible-with-matter-and-thread\">iOS 18 a finalement rendu Apple beaucoup plus compatible avec Matter (et Thread)<\/h2>\n<p>Cette semaine, les choses sont devenues plus simples. Apple a sorti iOS 18 et, avec lui, la possibilit\u00e9 de se lib\u00e9rer de ces hubs et de connecter l\u2019application Home directement \u00e0 n\u2019importe quel appareil Matter, \u00e0 condition que votre iPhone soit \u00e9quip\u00e9 d\u2019iOS 18. La m\u00eame connectivit\u00e9 s\u2019applique aux appareils Thread, \u00e0 condition que vous ayez un iPhone 15 ou plus r\u00e9cent, car ces appareils disposent d\u2019une radio Thread int\u00e9gr\u00e9e. Donc, encore une fois, si vous voulez simplement allumer et \u00e9teindre vos ampoules Matter sans probl\u00e8me, vous pouvez d\u00e9sormais le faire avec votre iPhone. <\/p>\n<p>Il existe n\u00e9anmoins de nombreux arguments en faveur de l&rsquo;utilisation d&rsquo;un hub. Si la connexion directe \u00e0 votre t\u00e9l\u00e9phone vous lib\u00e8re du fouillis de mat\u00e9riel de la maison, les hubs permettent une int\u00e9gration entre appareils, cr\u00e9ant ainsi des automatisations puissantes. Si vous souhaitez que ces ampoules ne s&rsquo;allument que lorsqu&rsquo;un capteur est d\u00e9clench\u00e9, ou que les ampoules d\u00e9terminent si vos stores sont lev\u00e9s ou baiss\u00e9s, cela n\u00e9cessitera toujours un hub. Si vous n&rsquo;\u00eates pas pr\u00eat \u00e0 vous engager dans un syst\u00e8me domestique complet et que vous ne souhaitez qu&rsquo;un ou deux appareils, les connecter directement \u00e0 votre iPhone est d\u00e9sormais un processus transparent.<\/p>\n","protected":false},"excerpt":{"rendered":"<p>Les hubs ne sont plus n\u00e9cessaires, mais vous en voudrez peut-\u00eatre toujours un. Cela fait au moins une d\u00e9cennie que le choix du syst\u00e8me d&rsquo;exploitation<\/p>\n","protected":false},"author":1,"featured_media":296,"comment_status":"","ping_status":"","sticky":false,"template":"","format":"standard","meta":{"footnotes":""},"categories":[13],"tags":[451,54,61,29,448,449,453,452,21,450],"class_list":["post-295","post","type-post","status-publish","format-standard","has-post-thumbnail","hentry","category-technologie","tag-appareils","tag-apple","tag-avec","tag-des","tag-facilite","tag-grandement","tag-home","tag-intelligents","tag-ios","tag-lutilisation","generate-columns","tablet-grid-50","mobile-grid-100","grid-parent","grid-33"],"yoast_head":"<!-- This site is optimized with the Yoast SEO plugin v24.0 - https:\/\/yoast.com\/wordpress\/plugins\/seo\/ -->\n<title>iOS 18 facilite grandement l&#039;utilisation des appareils intelligents avec Apple Home | Vie Associative<\/title>\n<meta name=\"robots\" content=\"index, follow, max-snippet:-1, max-image-preview:large, max-video-preview:-1\" \/>\n<link rel=\"canonical\" href=\"https:\/\/vieassociative.be\/actualites\/ios-18-facilite-grandement-lutilisation-des-appareils-intelligents-avec-apple-home\/\" \/>\n<meta property=\"og:locale\" content=\"fr_FR\" \/>\n<meta property=\"og:type\" content=\"article\" \/>\n<meta property=\"og:title\" content=\"iOS 18 facilite grandement l&#039;utilisation des appareils intelligents avec Apple Home | Vie Associative\" \/>\n<meta property=\"og:description\" content=\"Les hubs ne sont plus n\u00e9cessaires, mais vous en voudrez peut-\u00eatre toujours un. Cela fait au moins une d\u00e9cennie que le choix du syst\u00e8me d&rsquo;exploitation\" \/>\n<meta property=\"og:url\" content=\"https:\/\/vieassociative.be\/actualites\/ios-18-facilite-grandement-lutilisation-des-appareils-intelligents-avec-apple-home\/\" \/>\n<meta property=\"og:site_name\" content=\"Vie Associative\" \/>\n<meta property=\"article:published_time\" content=\"2024-09-22T00:18:39+00:00\" \/>\n<meta property=\"og:image\" content=\"https:\/\/vieassociative.be\/actualites\/wp-content\/uploads\/2024\/09\/header_backgroundk-01-e1726694325946.png\" \/>\n\t<meta property=\"og:image:width\" content=\"279\" \/>\n\t<meta property=\"og:image:height\" content=\"92\" \/>\n\t<meta property=\"og:image:type\" content=\"image\/png\" \/>\n<meta name=\"author\" content=\"Julien\" \/>\n<meta name=\"twitter:card\" content=\"summary_large_image\" \/>\n<meta name=\"twitter:label1\" content=\"\u00c9crit par\" \/>\n\t<meta name=\"twitter:data1\" content=\"Julien\" \/>\n\t<meta name=\"twitter:label2\" content=\"Dur\u00e9e de lecture est.\" \/>\n\t<meta name=\"twitter:data2\" content=\"3 minutes\" \/>\n<script type=\"application\/ld+json\" class=\"yoast-schema-graph\">{\"@context\":\"https:\/\/schema.org\",\"@graph\":[{\"@type\":\"Article\",\"@id\":\"https:\/\/vieassociative.be\/actualites\/ios-18-facilite-grandement-lutilisation-des-appareils-intelligents-avec-apple-home\/#article\",\"isPartOf\":{\"@id\":\"https:\/\/vieassociative.be\/actualites\/ios-18-facilite-grandement-lutilisation-des-appareils-intelligents-avec-apple-home\/\"},\"author\":{\"name\":\"Julien\",\"@id\":\"https:\/\/vieassociative.be\/actualites\/#\/schema\/person\/b87ac4f82f9d4e7b7cec7395b679edc4\"},\"headline\":\"iOS 18 facilite grandement l&rsquo;utilisation des appareils intelligents avec Apple Home\",\"datePublished\":\"2024-09-22T00:18:39+00:00\",\"dateModified\":\"2024-09-22T00:18:39+00:00\",\"mainEntityOfPage\":{\"@id\":\"https:\/\/vieassociative.be\/actualites\/ios-18-facilite-grandement-lutilisation-des-appareils-intelligents-avec-apple-home\/\"},\"wordCount\":688,\"publisher\":{\"@id\":\"https:\/\/vieassociative.be\/actualites\/#organization\"},\"image\":{\"@id\":\"https:\/\/vieassociative.be\/actualites\/ios-18-facilite-grandement-lutilisation-des-appareils-intelligents-avec-apple-home\/#primaryimage\"},\"thumbnailUrl\":\"https:\/\/vieassociative.be\/actualites\/wp-content\/uploads\/2024\/09\/iOS-18-facilite-grandement-lutilisation-des-appareils-intelligents-avec-Apple.png\",\"keywords\":[\"appareils\",\"Apple\",\"avec\",\"Des\",\"facilite\",\"grandement\",\"Home\",\"intelligents\",\"iOS\",\"lutilisation\"],\"articleSection\":[\"Technologie\"],\"inLanguage\":\"fr-BE\"},{\"@type\":\"WebPage\",\"@id\":\"https:\/\/vieassociative.be\/actualites\/ios-18-facilite-grandement-lutilisation-des-appareils-intelligents-avec-apple-home\/\",\"url\":\"https:\/\/vieassociative.be\/actualites\/ios-18-facilite-grandement-lutilisation-des-appareils-intelligents-avec-apple-home\/\",\"name\":\"iOS 18 facilite grandement l'utilisation des appareils intelligents avec Apple Home | Vie Associative\",\"isPartOf\":{\"@id\":\"https:\/\/vieassociative.be\/actualites\/#website\"},\"primaryImageOfPage\":{\"@id\":\"https:\/\/vieassociative.be\/actualites\/ios-18-facilite-grandement-lutilisation-des-appareils-intelligents-avec-apple-home\/#primaryimage\"},\"image\":{\"@id\":\"https:\/\/vieassociative.be\/actualites\/ios-18-facilite-grandement-lutilisation-des-appareils-intelligents-avec-apple-home\/#primaryimage\"},\"thumbnailUrl\":\"https:\/\/vieassociative.be\/actualites\/wp-content\/uploads\/2024\/09\/iOS-18-facilite-grandement-lutilisation-des-appareils-intelligents-avec-Apple.png\",\"datePublished\":\"2024-09-22T00:18:39+00:00\",\"dateModified\":\"2024-09-22T00:18:39+00:00\",\"breadcrumb\":{\"@id\":\"https:\/\/vieassociative.be\/actualites\/ios-18-facilite-grandement-lutilisation-des-appareils-intelligents-avec-apple-home\/#breadcrumb\"},\"inLanguage\":\"fr-BE\",\"potentialAction\":[{\"@type\":\"ReadAction\",\"target\":[\"https:\/\/vieassociative.be\/actualites\/ios-18-facilite-grandement-lutilisation-des-appareils-intelligents-avec-apple-home\/\"]}]},{\"@type\":\"ImageObject\",\"inLanguage\":\"fr-BE\",\"@id\":\"https:\/\/vieassociative.be\/actualites\/ios-18-facilite-grandement-lutilisation-des-appareils-intelligents-avec-apple-home\/#primaryimage\",\"url\":\"https:\/\/vieassociative.be\/actualites\/wp-content\/uploads\/2024\/09\/iOS-18-facilite-grandement-lutilisation-des-appareils-intelligents-avec-Apple.png\",\"contentUrl\":\"https:\/\/vieassociative.be\/actualites\/wp-content\/uploads\/2024\/09\/iOS-18-facilite-grandement-lutilisation-des-appareils-intelligents-avec-Apple.png\",\"width\":1200,\"height\":675,\"caption\":\"iOS 18 facilite grandement l'utilisation des appareils intelligents avec Apple Home\"},{\"@type\":\"BreadcrumbList\",\"@id\":\"https:\/\/vieassociative.be\/actualites\/ios-18-facilite-grandement-lutilisation-des-appareils-intelligents-avec-apple-home\/#breadcrumb\",\"itemListElement\":[{\"@type\":\"ListItem\",\"position\":1,\"name\":\"Accueil\",\"item\":\"https:\/\/vieassociative.be\/actualites\/\"},{\"@type\":\"ListItem\",\"position\":2,\"name\":\"iOS 18 facilite grandement l&rsquo;utilisation des appareils intelligents avec Apple Home\"}]},{\"@type\":\"WebSite\",\"@id\":\"https:\/\/vieassociative.be\/actualites\/#website\",\"url\":\"https:\/\/vieassociative.be\/actualites\/\",\"name\":\"Vie Associative\",\"description\":\"\",\"publisher\":{\"@id\":\"https:\/\/vieassociative.be\/actualites\/#organization\"},\"potentialAction\":[{\"@type\":\"SearchAction\",\"target\":{\"@type\":\"EntryPoint\",\"urlTemplate\":\"https:\/\/vieassociative.be\/actualites\/?s={search_term_string}\"},\"query-input\":{\"@type\":\"PropertyValueSpecification\",\"valueRequired\":true,\"valueName\":\"search_term_string\"}}],\"inLanguage\":\"fr-BE\"},{\"@type\":\"Organization\",\"@id\":\"https:\/\/vieassociative.be\/actualites\/#organization\",\"name\":\"Vie Associative\",\"url\":\"https:\/\/vieassociative.be\/actualites\/\",\"logo\":{\"@type\":\"ImageObject\",\"inLanguage\":\"fr-BE\",\"@id\":\"https:\/\/vieassociative.be\/actualites\/#\/schema\/logo\/image\/\",\"url\":\"https:\/\/vieassociative.be\/actualites\/wp-content\/uploads\/2024\/09\/cropped-vieassociative_favicon.ico.png\",\"contentUrl\":\"https:\/\/vieassociative.be\/actualites\/wp-content\/uploads\/2024\/09\/cropped-vieassociative_favicon.ico.png\",\"width\":512,\"height\":512,\"caption\":\"Vie Associative\"},\"image\":{\"@id\":\"https:\/\/vieassociative.be\/actualites\/#\/schema\/logo\/image\/\"}},{\"@type\":\"Person\",\"@id\":\"https:\/\/vieassociative.be\/actualites\/#\/schema\/person\/b87ac4f82f9d4e7b7cec7395b679edc4\",\"name\":\"Julien\",\"image\":{\"@type\":\"ImageObject\",\"inLanguage\":\"fr-BE\",\"@id\":\"https:\/\/vieassociative.be\/actualites\/#\/schema\/person\/image\/\",\"url\":\"https:\/\/vieassociative.be\/actualites\/wp-content\/uploads\/2024\/09\/vie-associative-1-150x150.jpg\",\"contentUrl\":\"https:\/\/vieassociative.be\/actualites\/wp-content\/uploads\/2024\/09\/vie-associative-1-150x150.jpg\",\"caption\":\"Julien\"},\"description\":\"Je suis Julien, r\u00e9dacteur pour Vie Associative. Passionn\u00e9 par le monde associatif depuis plus de 10 ans, j'ai \u00e0 c\u0153ur de partager des histoires inspirantes et de mettre en lumi\u00e8re les initiatives locales. Mon objectif est de sensibiliser et d'encourager l'engagement communautaire \u00e0 travers mes articles.\",\"sameAs\":[\"https:\/\/vieassociative.be\/\"]}]}<\/script>\n<!-- \/ Yoast SEO plugin. -->","yoast_head_json":{"title":"iOS 18 facilite grandement l'utilisation des appareils intelligents avec Apple Home | Vie Associative","robots":{"index":"index","follow":"follow","max-snippet":"max-snippet:-1","max-image-preview":"max-image-preview:large","max-video-preview":"max-video-preview:-1"},"canonical":"https:\/\/vieassociative.be\/actualites\/ios-18-facilite-grandement-lutilisation-des-appareils-intelligents-avec-apple-home\/","og_locale":"fr_FR","og_type":"article","og_title":"iOS 18 facilite grandement l'utilisation des appareils intelligents avec Apple Home | Vie Associative","og_description":"Les hubs ne sont plus n\u00e9cessaires, mais vous en voudrez peut-\u00eatre toujours un. Cela fait au moins une d\u00e9cennie que le choix du syst\u00e8me d&rsquo;exploitation","og_url":"https:\/\/vieassociative.be\/actualites\/ios-18-facilite-grandement-lutilisation-des-appareils-intelligents-avec-apple-home\/","og_site_name":"Vie Associative","article_published_time":"2024-09-22T00:18:39+00:00","og_image":[{"width":279,"height":92,"url":"https:\/\/vieassociative.be\/actualites\/wp-content\/uploads\/2024\/09\/header_backgroundk-01-e1726694325946.png","type":"image\/png"}],"author":"Julien","twitter_card":"summary_large_image","twitter_misc":{"\u00c9crit par":"Julien","Dur\u00e9e de lecture est.":"3 minutes"},"schema":{"@context":"https:\/\/schema.org","@graph":[{"@type":"Article","@id":"https:\/\/vieassociative.be\/actualites\/ios-18-facilite-grandement-lutilisation-des-appareils-intelligents-avec-apple-home\/#article","isPartOf":{"@id":"https:\/\/vieassociative.be\/actualites\/ios-18-facilite-grandement-lutilisation-des-appareils-intelligents-avec-apple-home\/"},"author":{"name":"Julien","@id":"https:\/\/vieassociative.be\/actualites\/#\/schema\/person\/b87ac4f82f9d4e7b7cec7395b679edc4"},"headline":"iOS 18 facilite grandement l&rsquo;utilisation des appareils intelligents avec Apple Home","datePublished":"2024-09-22T00:18:39+00:00","dateModified":"2024-09-22T00:18:39+00:00","mainEntityOfPage":{"@id":"https:\/\/vieassociative.be\/actualites\/ios-18-facilite-grandement-lutilisation-des-appareils-intelligents-avec-apple-home\/"},"wordCount":688,"publisher":{"@id":"https:\/\/vieassociative.be\/actualites\/#organization"},"image":{"@id":"https:\/\/vieassociative.be\/actualites\/ios-18-facilite-grandement-lutilisation-des-appareils-intelligents-avec-apple-home\/#primaryimage"},"thumbnailUrl":"https:\/\/vieassociative.be\/actualites\/wp-content\/uploads\/2024\/09\/iOS-18-facilite-grandement-lutilisation-des-appareils-intelligents-avec-Apple.png","keywords":["appareils","Apple","avec","Des","facilite","grandement","Home","intelligents","iOS","lutilisation"],"articleSection":["Technologie"],"inLanguage":"fr-BE"},{"@type":"WebPage","@id":"https:\/\/vieassociative.be\/actualites\/ios-18-facilite-grandement-lutilisation-des-appareils-intelligents-avec-apple-home\/","url":"https:\/\/vieassociative.be\/actualites\/ios-18-facilite-grandement-lutilisation-des-appareils-intelligents-avec-apple-home\/","name":"iOS 18 facilite grandement l'utilisation des appareils intelligents avec Apple Home | Vie Associative","isPartOf":{"@id":"https:\/\/vieassociative.be\/actualites\/#website"},"primaryImageOfPage":{"@id":"https:\/\/vieassociative.be\/actualites\/ios-18-facilite-grandement-lutilisation-des-appareils-intelligents-avec-apple-home\/#primaryimage"},"image":{"@id":"https:\/\/vieassociative.be\/actualites\/ios-18-facilite-grandement-lutilisation-des-appareils-intelligents-avec-apple-home\/#primaryimage"},"thumbnailUrl":"https:\/\/vieassociative.be\/actualites\/wp-content\/uploads\/2024\/09\/iOS-18-facilite-grandement-lutilisation-des-appareils-intelligents-avec-Apple.png","datePublished":"2024-09-22T00:18:39+00:00","dateModified":"2024-09-22T00:18:39+00:00","breadcrumb":{"@id":"https:\/\/vieassociative.be\/actualites\/ios-18-facilite-grandement-lutilisation-des-appareils-intelligents-avec-apple-home\/#breadcrumb"},"inLanguage":"fr-BE","potentialAction":[{"@type":"ReadAction","target":["https:\/\/vieassociative.be\/actualites\/ios-18-facilite-grandement-lutilisation-des-appareils-intelligents-avec-apple-home\/"]}]},{"@type":"ImageObject","inLanguage":"fr-BE","@id":"https:\/\/vieassociative.be\/actualites\/ios-18-facilite-grandement-lutilisation-des-appareils-intelligents-avec-apple-home\/#primaryimage","url":"https:\/\/vieassociative.be\/actualites\/wp-content\/uploads\/2024\/09\/iOS-18-facilite-grandement-lutilisation-des-appareils-intelligents-avec-Apple.png","contentUrl":"https:\/\/vieassociative.be\/actualites\/wp-content\/uploads\/2024\/09\/iOS-18-facilite-grandement-lutilisation-des-appareils-intelligents-avec-Apple.png","width":1200,"height":675,"caption":"iOS 18 facilite grandement l'utilisation des appareils intelligents avec Apple Home"},{"@type":"BreadcrumbList","@id":"https:\/\/vieassociative.be\/actualites\/ios-18-facilite-grandement-lutilisation-des-appareils-intelligents-avec-apple-home\/#breadcrumb","itemListElement":[{"@type":"ListItem","position":1,"name":"Accueil","item":"https:\/\/vieassociative.be\/actualites\/"},{"@type":"ListItem","position":2,"name":"iOS 18 facilite grandement l&rsquo;utilisation des appareils intelligents avec Apple Home"}]},{"@type":"WebSite","@id":"https:\/\/vieassociative.be\/actualites\/#website","url":"https:\/\/vieassociative.be\/actualites\/","name":"Vie Associative","description":"","publisher":{"@id":"https:\/\/vieassociative.be\/actualites\/#organization"},"potentialAction":[{"@type":"SearchAction","target":{"@type":"EntryPoint","urlTemplate":"https:\/\/vieassociative.be\/actualites\/?s={search_term_string}"},"query-input":{"@type":"PropertyValueSpecification","valueRequired":true,"valueName":"search_term_string"}}],"inLanguage":"fr-BE"},{"@type":"Organization","@id":"https:\/\/vieassociative.be\/actualites\/#organization","name":"Vie Associative","url":"https:\/\/vieassociative.be\/actualites\/","logo":{"@type":"ImageObject","inLanguage":"fr-BE","@id":"https:\/\/vieassociative.be\/actualites\/#\/schema\/logo\/image\/","url":"https:\/\/vieassociative.be\/actualites\/wp-content\/uploads\/2024\/09\/cropped-vieassociative_favicon.ico.png","contentUrl":"https:\/\/vieassociative.be\/actualites\/wp-content\/uploads\/2024\/09\/cropped-vieassociative_favicon.ico.png","width":512,"height":512,"caption":"Vie Associative"},"image":{"@id":"https:\/\/vieassociative.be\/actualites\/#\/schema\/logo\/image\/"}},{"@type":"Person","@id":"https:\/\/vieassociative.be\/actualites\/#\/schema\/person\/b87ac4f82f9d4e7b7cec7395b679edc4","name":"Julien","image":{"@type":"ImageObject","inLanguage":"fr-BE","@id":"https:\/\/vieassociative.be\/actualites\/#\/schema\/person\/image\/","url":"https:\/\/vieassociative.be\/actualites\/wp-content\/uploads\/2024\/09\/vie-associative-1-150x150.jpg","contentUrl":"https:\/\/vieassociative.be\/actualites\/wp-content\/uploads\/2024\/09\/vie-associative-1-150x150.jpg","caption":"Julien"},"description":"Je suis Julien, r\u00e9dacteur pour Vie Associative. Passionn\u00e9 par le monde associatif depuis plus de 10 ans, j'ai \u00e0 c\u0153ur de partager des histoires inspirantes et de mettre en lumi\u00e8re les initiatives locales. Mon objectif est de sensibiliser et d'encourager l'engagement communautaire \u00e0 travers mes articles.","sameAs":["https:\/\/vieassociative.be\/"]}]}},"_links":{"self":[{"href":"https:\/\/vieassociative.be\/actualites\/wp-json\/wp\/v2\/posts\/295"}],"collection":[{"href":"https:\/\/vieassociative.be\/actualites\/wp-json\/wp\/v2\/posts"}],"about":[{"href":"https:\/\/vieassociative.be\/actualites\/wp-json\/wp\/v2\/types\/post"}],"author":[{"embeddable":true,"href":"https:\/\/vieassociative.be\/actualites\/wp-json\/wp\/v2\/users\/1"}],"replies":[{"embeddable":true,"href":"https:\/\/vieassociative.be\/actualites\/wp-json\/wp\/v2\/comments?post=295"}],"version-history":[{"count":0,"href":"https:\/\/vieassociative.be\/actualites\/wp-json\/wp\/v2\/posts\/295\/revisions"}],"wp:featuredmedia":[{"embeddable":true,"href":"https:\/\/vieassociative.be\/actualites\/wp-json\/wp\/v2\/media\/296"}],"wp:attachment":[{"href":"https:\/\/vieassociative.be\/actualites\/wp-json\/wp\/v2\/media?parent=295"}],"wp:term":[{"taxonomy":"category","embeddable":true,"href":"https:\/\/vieassociative.be\/actualites\/wp-json\/wp\/v2\/categories?post=295"},{"taxonomy":"post_tag","embeddable":true,"href":"https:\/\/vieassociative.be\/actualites\/wp-json\/wp\/v2\/tags?post=295"}],"curies":[{"name":"wp","href":"https:\/\/api.w.org\/{rel}","templated":true}]}}