{"id":2946,"date":"2024-12-01T09:17:07","date_gmt":"2024-12-01T08:17:07","guid":{"rendered":"https:\/\/vieassociative.be\/actualites\/visibilite-pas-parfaite-car-la-fenetre-netait-pas-totalement-exempte-de-givre-fraude-informatique-a-deux-reprises\/"},"modified":"2024-12-01T09:17:07","modified_gmt":"2024-12-01T08:17:07","slug":"visibilite-pas-parfaite-car-la-fenetre-netait-pas-totalement-exempte-de-givre-fraude-informatique-a-deux-reprises","status":"publish","type":"post","link":"https:\/\/vieassociative.be\/actualites\/visibilite-pas-parfaite-car-la-fenetre-netait-pas-totalement-exempte-de-givre-fraude-informatique-a-deux-reprises\/","title":{"rendered":"Visibilit\u00e9 pas parfaite car la fen\u00eatre n&rsquo;\u00e9tait pas totalement exempte de givre \u2013 fraude informatique \u00e0 deux reprises"},"content":{"rendered":"<p><strong>La zone de police de Weser-G\u00f6hl a signal\u00e9 plusieurs incidents dans son rapport du samedi 30 novembre.<\/strong><\/p>\n<p><span id=\"more-402918\"><\/span><b>\u2013 Disque pas compl\u00e8tement lib\u00e9r\u00e9 : <\/b>Le 29 novembre \u00e0 9h35, le conducteur (23 ans) s&rsquo;est rendu dans la Schulstrasse \u00e0 Raeren en direction de Neudorf et a percut\u00e9 une voiture gar\u00e9e. La conductrice n\u2019a pas compl\u00e8tement d\u00e9gag\u00e9 sa vitre et n\u2019a donc pas eu une vue parfaite. Les airbags du v\u00e9hicule se d\u00e9clenchent, provoquant des douleurs au genou. Les deux v\u00e9hicules peuvent toujours rouler.<\/p>\n<p><b>\u2013 Accident avec d\u00e9g\u00e2ts mat\u00e9riels sur la L\u00fctticher Stra\u00dfe \u00e0 Kelmis : <\/b>Le 29 novembre \u00e0 15h24, la conductrice du groupe A (47 ans) conduit son v\u00e9hicule sur la L\u00fctticher Stra\u00dfe en direction de Lontzen. Un chauffeur du groupe B (27 ans) conduit l&rsquo;ambulance dans la m\u00eame direction dans la L\u00fctticher Stra\u00dfe &#8211; feux bleus et sir\u00e8ne allum\u00e9s. Au num\u00e9ro 192, le conducteur A tente de d\u00e9passer un v\u00e9hicule. Au m\u00eame moment, le conducteur B de l&rsquo;ambulance d\u00e9passe le v\u00e9hicule de A. Il y a une collision lat\u00e9rale entre l&rsquo;avant droit du v\u00e9hicule de B et l&rsquo;avant gauche du v\u00e9hicule de A. Toutes les parties sont indemnes. Des dommages mat\u00e9riels mineurs se produisent.<\/p>\n<div id=\"attachment_402923\" class=\"wp-caption alignleft\" style=\"max-width: 300px\"><img fetchpriority=\"high\" decoding=\"async\" class=\"wp-image-402923 size-medium\" src=\"https:\/\/vieassociative.be\/actualites\/wp-content\/uploads\/2024\/12\/Visibilite-pas-parfaite-car-la-fenetre-netait-pas-totalement-exempte.jpg\" alt=\"\" width=\"300\" height=\"225\"  ><\/p>\n<p class=\"wp-caption-text\">Accident de la route avec bless\u00e9s sur la L\u00fctticher Strasse \u00e0 Kelmis jeudi \u00e0 16h14. Photo : Patrick von Staufenberg<\/p>\n<\/div>\n<p><b>\u2013 Accident avec d\u00e9g\u00e2ts mat\u00e9riels \u00e0 Eupen, Monschauer Stra\u00dfe : <\/b>Plusieurs appelants signalent une camionnette allong\u00e9e dans un foss\u00e9 de la Monschauer Strasse, non loin de la fronti\u00e8re allemande. Le conducteur (41 ans) circule dans la Monschauer Stra\u00dfe en direction de Monschau. Il perd le contr\u00f4le de son v\u00e9hicule \u00e0 cause des routes glissantes. Il se glisse dans la voie venant en sens inverse, endommage un panneau de signalisation et glisse dans le foss\u00e9. Le conducteur n&rsquo;est pas bless\u00e9.<\/p>\n<p><b>\u2013 Fraude informatique\/phishing (1) : <\/b>Lorsque vous appelez, une voix informatique vous signale qu&rsquo;il y a eu plusieurs tentatives de retrait d&rsquo;argent. Vous devez appeler le num\u00e9ro X depuis CARD STOP. La victime appelle le num\u00e9ro et doit confirmer l&rsquo;annulation des transactions sur ITSME. Mais en fin de compte, l\u2019argent sera d\u00e9bit\u00e9. Dommages de 1 985 euros.<\/p>\n<p><b>\u2013 Fraude informatique\/phishing (2) : <\/b>Une page de Microsoft clignote soudainement sur l&rsquo;ordinateur indiquant que son ordinateur est infect\u00e9 et doit \u00eatre r\u00e9par\u00e9. Vous passez ensuite un appel t\u00e9l\u00e9phonique via un num\u00e9ro fran\u00e7ais. Il vous sera demand\u00e9 de saisir une combinaison de chiffres sur l&rsquo;ordinateur afin de pouvoir nettoyer l&rsquo;ordinateur. Dommages de 400 euros.<\/p>\n<p><b>\u2013 Collision avec un speeder : <\/b>Le 28 novembre, les services de la zone de police de Weser-G\u00f6hl ont \u00e9t\u00e9 appel\u00e9s \u00e0 16h14 dans la L\u00fctticher Stra\u00dfe \u00e0 Kelmis, car un accident de la route avec bless\u00e9s s&rsquo;y \u00e9tait produit. Ici, un homme (22 ans) conduit sa voiture dans la L\u00fctticher Strasse en direction d&rsquo;Aix-la-Chapelle quand soudain une voiture sort \u00e0 grande vitesse de la Maxstrasse et prend sa priorit\u00e9. Une collision se produit. Les deux conducteurs sont transport\u00e9s \u00e0 l&rsquo;h\u00f4pital d&rsquo;Eupen par les secours. Les deux voitures impliqu\u00e9es sont gravement endommag\u00e9es et doivent \u00eatre remorqu\u00e9es.<\/p>\n<p><b>&#8211; Divers: <\/b>Des op\u00e9rations ont \u00e9galement \u00e9t\u00e9 men\u00e9es pour faire face \u00e0 des personnes perturbatrices, des v\u00e9hicules suspects, des perturbations, des alarmes, des probl\u00e8mes de stationnement, etc.<\/p>\n","protected":false},"excerpt":{"rendered":"<p>La zone de police de Weser-G\u00f6hl a signal\u00e9 plusieurs incidents dans son rapport du samedi 30 novembre. \u2013 Disque pas compl\u00e8tement lib\u00e9r\u00e9 : Le 29<\/p>\n","protected":false},"author":1,"featured_media":2947,"comment_status":"","ping_status":"","sticky":false,"template":"","format":"standard","meta":{"footnotes":""},"categories":[298],"tags":[3658,114,3662,3659,1577,3663,3664,3660,245,126,3665,3661,3657],"class_list":["post-2946","post","type-post","status-publish","format-standard","has-post-thumbnail","hentry","category-belgique","tag-car","tag-deux","tag-exempte","tag-fenetre","tag-fraude","tag-givre","tag-informatique","tag-netait","tag-parfaite","tag-pas","tag-reprises","tag-totalement","tag-visibilite","generate-columns","tablet-grid-50","mobile-grid-100","grid-parent","grid-33"],"yoast_head":"<!-- This site is optimized with the Yoast SEO plugin v24.0 - https:\/\/yoast.com\/wordpress\/plugins\/seo\/ -->\n<title>Visibilit\u00e9 pas parfaite car la fen\u00eatre n&#039;\u00e9tait pas totalement exempte de givre \u2013 fraude informatique \u00e0 deux reprises | Vie Associative<\/title>\n<meta name=\"robots\" content=\"index, follow, max-snippet:-1, max-image-preview:large, max-video-preview:-1\" \/>\n<link rel=\"canonical\" href=\"https:\/\/vieassociative.be\/actualites\/visibilite-pas-parfaite-car-la-fenetre-netait-pas-totalement-exempte-de-givre-fraude-informatique-a-deux-reprises\/\" \/>\n<meta property=\"og:locale\" content=\"fr_FR\" \/>\n<meta property=\"og:type\" content=\"article\" \/>\n<meta property=\"og:title\" content=\"Visibilit\u00e9 pas parfaite car la fen\u00eatre n&#039;\u00e9tait pas totalement exempte de givre \u2013 fraude informatique \u00e0 deux reprises | Vie Associative\" \/>\n<meta property=\"og:description\" content=\"La zone de police de Weser-G\u00f6hl a signal\u00e9 plusieurs incidents dans son rapport du samedi 30 novembre. \u2013 Disque pas compl\u00e8tement lib\u00e9r\u00e9 : Le 29\" \/>\n<meta property=\"og:url\" content=\"https:\/\/vieassociative.be\/actualites\/visibilite-pas-parfaite-car-la-fenetre-netait-pas-totalement-exempte-de-givre-fraude-informatique-a-deux-reprises\/\" \/>\n<meta property=\"og:site_name\" content=\"Vie Associative\" \/>\n<meta property=\"article:published_time\" content=\"2024-12-01T08:17:07+00:00\" \/>\n<meta property=\"og:image\" content=\"https:\/\/vieassociative.be\/actualites\/wp-content\/uploads\/2024\/12\/Visibilite-pas-parfaite-car-la-fenetre-netait-pas-totalement-exempte.jpg\" \/>\n<meta name=\"author\" content=\"Julien\" \/>\n<meta name=\"twitter:card\" content=\"summary_large_image\" \/>\n<meta name=\"twitter:label1\" content=\"\u00c9crit par\" \/>\n\t<meta name=\"twitter:data1\" content=\"Julien\" \/>\n\t<meta name=\"twitter:label2\" content=\"Dur\u00e9e de lecture est.\" \/>\n\t<meta name=\"twitter:data2\" content=\"3 minutes\" \/>\n<script type=\"application\/ld+json\" class=\"yoast-schema-graph\">{\"@context\":\"https:\/\/schema.org\",\"@graph\":[{\"@type\":\"Article\",\"@id\":\"https:\/\/vieassociative.be\/actualites\/visibilite-pas-parfaite-car-la-fenetre-netait-pas-totalement-exempte-de-givre-fraude-informatique-a-deux-reprises\/#article\",\"isPartOf\":{\"@id\":\"https:\/\/vieassociative.be\/actualites\/visibilite-pas-parfaite-car-la-fenetre-netait-pas-totalement-exempte-de-givre-fraude-informatique-a-deux-reprises\/\"},\"author\":{\"name\":\"Julien\",\"@id\":\"https:\/\/vieassociative.be\/actualites\/#\/schema\/person\/b87ac4f82f9d4e7b7cec7395b679edc4\"},\"headline\":\"Visibilit\u00e9 pas parfaite car la fen\u00eatre n&rsquo;\u00e9tait pas totalement exempte de givre \u2013 fraude informatique \u00e0 deux reprises\",\"datePublished\":\"2024-12-01T08:17:07+00:00\",\"dateModified\":\"2024-12-01T08:17:07+00:00\",\"mainEntityOfPage\":{\"@id\":\"https:\/\/vieassociative.be\/actualites\/visibilite-pas-parfaite-car-la-fenetre-netait-pas-totalement-exempte-de-givre-fraude-informatique-a-deux-reprises\/\"},\"wordCount\":592,\"publisher\":{\"@id\":\"https:\/\/vieassociative.be\/actualites\/#organization\"},\"image\":{\"@id\":\"https:\/\/vieassociative.be\/actualites\/visibilite-pas-parfaite-car-la-fenetre-netait-pas-totalement-exempte-de-givre-fraude-informatique-a-deux-reprises\/#primaryimage\"},\"thumbnailUrl\":\"https:\/\/vieassociative.be\/actualites\/wp-content\/uploads\/2024\/12\/1733041027_Visibilite-pas-parfaite-car-la-fenetre-netait-pas-totalement-exempte.jpg\",\"keywords\":[\"car\",\"deux\",\"exempte\",\"fen\u00eatre\",\"fraude\",\"givre\",\"informatique\",\"n\u00e9tait\",\"parfaite\",\"pas\",\"reprises\",\"totalement\",\"Visibilit\u00e9\"],\"articleSection\":[\"Belgique\"],\"inLanguage\":\"fr-BE\"},{\"@type\":\"WebPage\",\"@id\":\"https:\/\/vieassociative.be\/actualites\/visibilite-pas-parfaite-car-la-fenetre-netait-pas-totalement-exempte-de-givre-fraude-informatique-a-deux-reprises\/\",\"url\":\"https:\/\/vieassociative.be\/actualites\/visibilite-pas-parfaite-car-la-fenetre-netait-pas-totalement-exempte-de-givre-fraude-informatique-a-deux-reprises\/\",\"name\":\"Visibilit\u00e9 pas parfaite car la fen\u00eatre n'\u00e9tait pas totalement exempte de givre \u2013 fraude informatique \u00e0 deux reprises | Vie Associative\",\"isPartOf\":{\"@id\":\"https:\/\/vieassociative.be\/actualites\/#website\"},\"primaryImageOfPage\":{\"@id\":\"https:\/\/vieassociative.be\/actualites\/visibilite-pas-parfaite-car-la-fenetre-netait-pas-totalement-exempte-de-givre-fraude-informatique-a-deux-reprises\/#primaryimage\"},\"image\":{\"@id\":\"https:\/\/vieassociative.be\/actualites\/visibilite-pas-parfaite-car-la-fenetre-netait-pas-totalement-exempte-de-givre-fraude-informatique-a-deux-reprises\/#primaryimage\"},\"thumbnailUrl\":\"https:\/\/vieassociative.be\/actualites\/wp-content\/uploads\/2024\/12\/1733041027_Visibilite-pas-parfaite-car-la-fenetre-netait-pas-totalement-exempte.jpg\",\"datePublished\":\"2024-12-01T08:17:07+00:00\",\"dateModified\":\"2024-12-01T08:17:07+00:00\",\"breadcrumb\":{\"@id\":\"https:\/\/vieassociative.be\/actualites\/visibilite-pas-parfaite-car-la-fenetre-netait-pas-totalement-exempte-de-givre-fraude-informatique-a-deux-reprises\/#breadcrumb\"},\"inLanguage\":\"fr-BE\",\"potentialAction\":[{\"@type\":\"ReadAction\",\"target\":[\"https:\/\/vieassociative.be\/actualites\/visibilite-pas-parfaite-car-la-fenetre-netait-pas-totalement-exempte-de-givre-fraude-informatique-a-deux-reprises\/\"]}]},{\"@type\":\"ImageObject\",\"inLanguage\":\"fr-BE\",\"@id\":\"https:\/\/vieassociative.be\/actualites\/visibilite-pas-parfaite-car-la-fenetre-netait-pas-totalement-exempte-de-givre-fraude-informatique-a-deux-reprises\/#primaryimage\",\"url\":\"https:\/\/vieassociative.be\/actualites\/wp-content\/uploads\/2024\/12\/1733041027_Visibilite-pas-parfaite-car-la-fenetre-netait-pas-totalement-exempte.jpg\",\"contentUrl\":\"https:\/\/vieassociative.be\/actualites\/wp-content\/uploads\/2024\/12\/1733041027_Visibilite-pas-parfaite-car-la-fenetre-netait-pas-totalement-exempte.jpg\",\"width\":1200,\"height\":800,\"caption\":\"Visibilit\u00e9 pas parfaite car la fen\u00eatre n'\u00e9tait pas totalement exempte de givre \u2013 fraude informatique \u00e0 deux reprises\"},{\"@type\":\"BreadcrumbList\",\"@id\":\"https:\/\/vieassociative.be\/actualites\/visibilite-pas-parfaite-car-la-fenetre-netait-pas-totalement-exempte-de-givre-fraude-informatique-a-deux-reprises\/#breadcrumb\",\"itemListElement\":[{\"@type\":\"ListItem\",\"position\":1,\"name\":\"Accueil\",\"item\":\"https:\/\/vieassociative.be\/actualites\/\"},{\"@type\":\"ListItem\",\"position\":2,\"name\":\"Visibilit\u00e9 pas parfaite car la fen\u00eatre n&rsquo;\u00e9tait pas totalement exempte de givre \u2013 fraude informatique \u00e0 deux reprises\"}]},{\"@type\":\"WebSite\",\"@id\":\"https:\/\/vieassociative.be\/actualites\/#website\",\"url\":\"https:\/\/vieassociative.be\/actualites\/\",\"name\":\"Vie Associative\",\"description\":\"\",\"publisher\":{\"@id\":\"https:\/\/vieassociative.be\/actualites\/#organization\"},\"potentialAction\":[{\"@type\":\"SearchAction\",\"target\":{\"@type\":\"EntryPoint\",\"urlTemplate\":\"https:\/\/vieassociative.be\/actualites\/?s={search_term_string}\"},\"query-input\":{\"@type\":\"PropertyValueSpecification\",\"valueRequired\":true,\"valueName\":\"search_term_string\"}}],\"inLanguage\":\"fr-BE\"},{\"@type\":\"Organization\",\"@id\":\"https:\/\/vieassociative.be\/actualites\/#organization\",\"name\":\"Vie Associative\",\"url\":\"https:\/\/vieassociative.be\/actualites\/\",\"logo\":{\"@type\":\"ImageObject\",\"inLanguage\":\"fr-BE\",\"@id\":\"https:\/\/vieassociative.be\/actualites\/#\/schema\/logo\/image\/\",\"url\":\"https:\/\/vieassociative.be\/actualites\/wp-content\/uploads\/2024\/09\/cropped-vieassociative_favicon.ico.png\",\"contentUrl\":\"https:\/\/vieassociative.be\/actualites\/wp-content\/uploads\/2024\/09\/cropped-vieassociative_favicon.ico.png\",\"width\":512,\"height\":512,\"caption\":\"Vie Associative\"},\"image\":{\"@id\":\"https:\/\/vieassociative.be\/actualites\/#\/schema\/logo\/image\/\"}},{\"@type\":\"Person\",\"@id\":\"https:\/\/vieassociative.be\/actualites\/#\/schema\/person\/b87ac4f82f9d4e7b7cec7395b679edc4\",\"name\":\"Julien\",\"image\":{\"@type\":\"ImageObject\",\"inLanguage\":\"fr-BE\",\"@id\":\"https:\/\/vieassociative.be\/actualites\/#\/schema\/person\/image\/\",\"url\":\"https:\/\/vieassociative.be\/actualites\/wp-content\/uploads\/2024\/09\/vie-associative-1-150x150.jpg\",\"contentUrl\":\"https:\/\/vieassociative.be\/actualites\/wp-content\/uploads\/2024\/09\/vie-associative-1-150x150.jpg\",\"caption\":\"Julien\"},\"description\":\"Je suis Julien, r\u00e9dacteur pour Vie Associative. Passionn\u00e9 par le monde associatif depuis plus de 10 ans, j'ai \u00e0 c\u0153ur de partager des histoires inspirantes et de mettre en lumi\u00e8re les initiatives locales. Mon objectif est de sensibiliser et d'encourager l'engagement communautaire \u00e0 travers mes articles.\",\"sameAs\":[\"https:\/\/vieassociative.be\/\"]}]}<\/script>\n<!-- \/ Yoast SEO plugin. -->","yoast_head_json":{"title":"Visibilit\u00e9 pas parfaite car la fen\u00eatre n'\u00e9tait pas totalement exempte de givre \u2013 fraude informatique \u00e0 deux reprises | Vie Associative","robots":{"index":"index","follow":"follow","max-snippet":"max-snippet:-1","max-image-preview":"max-image-preview:large","max-video-preview":"max-video-preview:-1"},"canonical":"https:\/\/vieassociative.be\/actualites\/visibilite-pas-parfaite-car-la-fenetre-netait-pas-totalement-exempte-de-givre-fraude-informatique-a-deux-reprises\/","og_locale":"fr_FR","og_type":"article","og_title":"Visibilit\u00e9 pas parfaite car la fen\u00eatre n'\u00e9tait pas totalement exempte de givre \u2013 fraude informatique \u00e0 deux reprises | Vie Associative","og_description":"La zone de police de Weser-G\u00f6hl a signal\u00e9 plusieurs incidents dans son rapport du samedi 30 novembre. \u2013 Disque pas compl\u00e8tement lib\u00e9r\u00e9 : Le 29","og_url":"https:\/\/vieassociative.be\/actualites\/visibilite-pas-parfaite-car-la-fenetre-netait-pas-totalement-exempte-de-givre-fraude-informatique-a-deux-reprises\/","og_site_name":"Vie Associative","article_published_time":"2024-12-01T08:17:07+00:00","og_image":[{"url":"https:\/\/vieassociative.be\/actualites\/wp-content\/uploads\/2024\/12\/Visibilite-pas-parfaite-car-la-fenetre-netait-pas-totalement-exempte.jpg","type":"","width":"","height":""}],"author":"Julien","twitter_card":"summary_large_image","twitter_misc":{"\u00c9crit par":"Julien","Dur\u00e9e de lecture est.":"3 minutes"},"schema":{"@context":"https:\/\/schema.org","@graph":[{"@type":"Article","@id":"https:\/\/vieassociative.be\/actualites\/visibilite-pas-parfaite-car-la-fenetre-netait-pas-totalement-exempte-de-givre-fraude-informatique-a-deux-reprises\/#article","isPartOf":{"@id":"https:\/\/vieassociative.be\/actualites\/visibilite-pas-parfaite-car-la-fenetre-netait-pas-totalement-exempte-de-givre-fraude-informatique-a-deux-reprises\/"},"author":{"name":"Julien","@id":"https:\/\/vieassociative.be\/actualites\/#\/schema\/person\/b87ac4f82f9d4e7b7cec7395b679edc4"},"headline":"Visibilit\u00e9 pas parfaite car la fen\u00eatre n&rsquo;\u00e9tait pas totalement exempte de givre \u2013 fraude informatique \u00e0 deux reprises","datePublished":"2024-12-01T08:17:07+00:00","dateModified":"2024-12-01T08:17:07+00:00","mainEntityOfPage":{"@id":"https:\/\/vieassociative.be\/actualites\/visibilite-pas-parfaite-car-la-fenetre-netait-pas-totalement-exempte-de-givre-fraude-informatique-a-deux-reprises\/"},"wordCount":592,"publisher":{"@id":"https:\/\/vieassociative.be\/actualites\/#organization"},"image":{"@id":"https:\/\/vieassociative.be\/actualites\/visibilite-pas-parfaite-car-la-fenetre-netait-pas-totalement-exempte-de-givre-fraude-informatique-a-deux-reprises\/#primaryimage"},"thumbnailUrl":"https:\/\/vieassociative.be\/actualites\/wp-content\/uploads\/2024\/12\/1733041027_Visibilite-pas-parfaite-car-la-fenetre-netait-pas-totalement-exempte.jpg","keywords":["car","deux","exempte","fen\u00eatre","fraude","givre","informatique","n\u00e9tait","parfaite","pas","reprises","totalement","Visibilit\u00e9"],"articleSection":["Belgique"],"inLanguage":"fr-BE"},{"@type":"WebPage","@id":"https:\/\/vieassociative.be\/actualites\/visibilite-pas-parfaite-car-la-fenetre-netait-pas-totalement-exempte-de-givre-fraude-informatique-a-deux-reprises\/","url":"https:\/\/vieassociative.be\/actualites\/visibilite-pas-parfaite-car-la-fenetre-netait-pas-totalement-exempte-de-givre-fraude-informatique-a-deux-reprises\/","name":"Visibilit\u00e9 pas parfaite car la fen\u00eatre n'\u00e9tait pas totalement exempte de givre \u2013 fraude informatique \u00e0 deux reprises | Vie Associative","isPartOf":{"@id":"https:\/\/vieassociative.be\/actualites\/#website"},"primaryImageOfPage":{"@id":"https:\/\/vieassociative.be\/actualites\/visibilite-pas-parfaite-car-la-fenetre-netait-pas-totalement-exempte-de-givre-fraude-informatique-a-deux-reprises\/#primaryimage"},"image":{"@id":"https:\/\/vieassociative.be\/actualites\/visibilite-pas-parfaite-car-la-fenetre-netait-pas-totalement-exempte-de-givre-fraude-informatique-a-deux-reprises\/#primaryimage"},"thumbnailUrl":"https:\/\/vieassociative.be\/actualites\/wp-content\/uploads\/2024\/12\/1733041027_Visibilite-pas-parfaite-car-la-fenetre-netait-pas-totalement-exempte.jpg","datePublished":"2024-12-01T08:17:07+00:00","dateModified":"2024-12-01T08:17:07+00:00","breadcrumb":{"@id":"https:\/\/vieassociative.be\/actualites\/visibilite-pas-parfaite-car-la-fenetre-netait-pas-totalement-exempte-de-givre-fraude-informatique-a-deux-reprises\/#breadcrumb"},"inLanguage":"fr-BE","potentialAction":[{"@type":"ReadAction","target":["https:\/\/vieassociative.be\/actualites\/visibilite-pas-parfaite-car-la-fenetre-netait-pas-totalement-exempte-de-givre-fraude-informatique-a-deux-reprises\/"]}]},{"@type":"ImageObject","inLanguage":"fr-BE","@id":"https:\/\/vieassociative.be\/actualites\/visibilite-pas-parfaite-car-la-fenetre-netait-pas-totalement-exempte-de-givre-fraude-informatique-a-deux-reprises\/#primaryimage","url":"https:\/\/vieassociative.be\/actualites\/wp-content\/uploads\/2024\/12\/1733041027_Visibilite-pas-parfaite-car-la-fenetre-netait-pas-totalement-exempte.jpg","contentUrl":"https:\/\/vieassociative.be\/actualites\/wp-content\/uploads\/2024\/12\/1733041027_Visibilite-pas-parfaite-car-la-fenetre-netait-pas-totalement-exempte.jpg","width":1200,"height":800,"caption":"Visibilit\u00e9 pas parfaite car la fen\u00eatre n'\u00e9tait pas totalement exempte de givre \u2013 fraude informatique \u00e0 deux reprises"},{"@type":"BreadcrumbList","@id":"https:\/\/vieassociative.be\/actualites\/visibilite-pas-parfaite-car-la-fenetre-netait-pas-totalement-exempte-de-givre-fraude-informatique-a-deux-reprises\/#breadcrumb","itemListElement":[{"@type":"ListItem","position":1,"name":"Accueil","item":"https:\/\/vieassociative.be\/actualites\/"},{"@type":"ListItem","position":2,"name":"Visibilit\u00e9 pas parfaite car la fen\u00eatre n&rsquo;\u00e9tait pas totalement exempte de givre \u2013 fraude informatique \u00e0 deux reprises"}]},{"@type":"WebSite","@id":"https:\/\/vieassociative.be\/actualites\/#website","url":"https:\/\/vieassociative.be\/actualites\/","name":"Vie Associative","description":"","publisher":{"@id":"https:\/\/vieassociative.be\/actualites\/#organization"},"potentialAction":[{"@type":"SearchAction","target":{"@type":"EntryPoint","urlTemplate":"https:\/\/vieassociative.be\/actualites\/?s={search_term_string}"},"query-input":{"@type":"PropertyValueSpecification","valueRequired":true,"valueName":"search_term_string"}}],"inLanguage":"fr-BE"},{"@type":"Organization","@id":"https:\/\/vieassociative.be\/actualites\/#organization","name":"Vie Associative","url":"https:\/\/vieassociative.be\/actualites\/","logo":{"@type":"ImageObject","inLanguage":"fr-BE","@id":"https:\/\/vieassociative.be\/actualites\/#\/schema\/logo\/image\/","url":"https:\/\/vieassociative.be\/actualites\/wp-content\/uploads\/2024\/09\/cropped-vieassociative_favicon.ico.png","contentUrl":"https:\/\/vieassociative.be\/actualites\/wp-content\/uploads\/2024\/09\/cropped-vieassociative_favicon.ico.png","width":512,"height":512,"caption":"Vie Associative"},"image":{"@id":"https:\/\/vieassociative.be\/actualites\/#\/schema\/logo\/image\/"}},{"@type":"Person","@id":"https:\/\/vieassociative.be\/actualites\/#\/schema\/person\/b87ac4f82f9d4e7b7cec7395b679edc4","name":"Julien","image":{"@type":"ImageObject","inLanguage":"fr-BE","@id":"https:\/\/vieassociative.be\/actualites\/#\/schema\/person\/image\/","url":"https:\/\/vieassociative.be\/actualites\/wp-content\/uploads\/2024\/09\/vie-associative-1-150x150.jpg","contentUrl":"https:\/\/vieassociative.be\/actualites\/wp-content\/uploads\/2024\/09\/vie-associative-1-150x150.jpg","caption":"Julien"},"description":"Je suis Julien, r\u00e9dacteur pour Vie Associative. Passionn\u00e9 par le monde associatif depuis plus de 10 ans, j'ai \u00e0 c\u0153ur de partager des histoires inspirantes et de mettre en lumi\u00e8re les initiatives locales. Mon objectif est de sensibiliser et d'encourager l'engagement communautaire \u00e0 travers mes articles.","sameAs":["https:\/\/vieassociative.be\/"]}]}},"_links":{"self":[{"href":"https:\/\/vieassociative.be\/actualites\/wp-json\/wp\/v2\/posts\/2946"}],"collection":[{"href":"https:\/\/vieassociative.be\/actualites\/wp-json\/wp\/v2\/posts"}],"about":[{"href":"https:\/\/vieassociative.be\/actualites\/wp-json\/wp\/v2\/types\/post"}],"author":[{"embeddable":true,"href":"https:\/\/vieassociative.be\/actualites\/wp-json\/wp\/v2\/users\/1"}],"replies":[{"embeddable":true,"href":"https:\/\/vieassociative.be\/actualites\/wp-json\/wp\/v2\/comments?post=2946"}],"version-history":[{"count":0,"href":"https:\/\/vieassociative.be\/actualites\/wp-json\/wp\/v2\/posts\/2946\/revisions"}],"wp:featuredmedia":[{"embeddable":true,"href":"https:\/\/vieassociative.be\/actualites\/wp-json\/wp\/v2\/media\/2947"}],"wp:attachment":[{"href":"https:\/\/vieassociative.be\/actualites\/wp-json\/wp\/v2\/media?parent=2946"}],"wp:term":[{"taxonomy":"category","embeddable":true,"href":"https:\/\/vieassociative.be\/actualites\/wp-json\/wp\/v2\/categories?post=2946"},{"taxonomy":"post_tag","embeddable":true,"href":"https:\/\/vieassociative.be\/actualites\/wp-json\/wp\/v2\/tags?post=2946"}],"curies":[{"name":"wp","href":"https:\/\/api.w.org\/{rel}","templated":true}]}}