{"id":2944,"date":"2024-12-01T08:18:40","date_gmt":"2024-12-01T07:18:40","guid":{"rendered":"https:\/\/vieassociative.be\/actualites\/cet-aspirateur-samsung-est-meilleur-quun-dyson-et-coute-300-de-reduction-pour-le-black-friday\/"},"modified":"2024-12-01T08:18:40","modified_gmt":"2024-12-01T07:18:40","slug":"cet-aspirateur-samsung-est-meilleur-quun-dyson-et-coute-300-de-reduction-pour-le-black-friday","status":"publish","type":"post","link":"https:\/\/vieassociative.be\/actualites\/cet-aspirateur-samsung-est-meilleur-quun-dyson-et-coute-300-de-reduction-pour-le-black-friday\/","title":{"rendered":"Cet aspirateur Samsung est meilleur qu&rsquo;un Dyson et co\u00fbte 300 $ de r\u00e9duction pour le Black Friday"},"content":{"rendered":"<div class=\"mt-4 leading-6 md:mb-8\">C\u2019est l\u2019aspirateur balai dont je refuse de me s\u00e9parer.<\/div>\n<p><\/p>\n<p>Il ne se passe pas une semaine sans qu&rsquo;une grosse bo\u00eete arrive \u00e0 ma porte avec un autre aspirateur-balai ou robot \u00e0 tester, mais apr\u00e8s un an, j&rsquo;utilise toujours l&rsquo;aspirateur-balai Samsung Bespoke. Pendant le Black Friday, c&rsquo;est 28% de r\u00e9duction, ce qui ram\u00e8ne son prix \u00e0 <strong>499,99\u00a0$<\/strong> (\u00e0 l&rsquo;origine 799,99 $). <\/p>\n<p>Ma maison est un fantastique terrain d&rsquo;essai pour ces machines, avec tous les types de surfaces possibles, des tonnes d&rsquo;obstacles et un chien qui transporte chaque jour des kilos de terre et de poussi\u00e8re dans la maison. Le Samsung Bespoke Jet Vacuum, un aspirateur-balai auquel je ne m&rsquo;attendais pas \u00e0 beaucoup penser, est l&rsquo;aspirateur que j&rsquo;utilise tous les jours. <\/p>\n<p>L&rsquo;aspirateur est livr\u00e9 avec un support qui le transforme en une sculpture moderne, il est donc impossible de le cacher. Mais ce n&rsquo;est pas grave, car cette base est \u00e9galement un quai \u00e0 vidange automatique. Il s\u2019av\u00e8re qu\u2019une fois que vous aurez un socle \u00e0 vidange automatique pour votre aspirateur, vous r\u00e9aliserez \u00e0 quel point il est insultant de toucher tous ces d\u00e9bris et cette poussi\u00e8re lorsque nous vidons manuellement nos aspirateurs. <\/p>\n<p>Le b\u00e2ton s&rsquo;\u00e9tend suffisamment longtemps pour \u00eatre confortable \u00e0 presque toutes les hauteurs, que vous mesuriez 5 ou 6 pieds. Il est livr\u00e9 avec un suceur plat et un outil souple, qui est mon pr\u00e9f\u00e9r\u00e9. Il est parfait pour le clavier de votre ordinateur portable, vos livres, vos sculptures et tout ce que vous ne voulez pas endommager. <\/p>\n<p>Les rouleaux de la brosse principale ne se bouchent pas facilement et je ne me souviens pas avoir jamais d\u00fb d\u00e9monter l&rsquo;aspirateur. Il aspire les peluches, la poussi\u00e8re et tout le reste des jouets pour chiens. Cela nettoie mes tapis (comme <em>vraiment<\/em> propre) des empreintes de pattes sales et poussi\u00e9reuses, et il p\u00e9n\u00e8tre dans les coins du carrelage ainsi que des bois durs. <\/p>\n<p>Autant j&rsquo;aime mon Dyson, autant le Samsung p\u00e8se la moiti\u00e9 du poids. Cela fait une diff\u00e9rence au quotidien. De plus, mon Dyson d\u00e9teste les micropoussi\u00e8res : c&rsquo;est la seule chose qui obstrue le Dyson. Mon Samsung n&rsquo;a aucun probl\u00e8me avec \u00e7a. Le choix est clair pour moi. <\/p>\n<div class=\"w-full mt-12 text-center sm:text-left\" x-data=\"{ showAll: false }\">\n<div class=\"flex flex-col items-center justify-between sm:px-6 sm:flex-row\">\n\t\t\t<span class=\"text-sm italic\">Les offres sont s\u00e9lectionn\u00e9es par notre \u00e9quipe commerciale<\/span><\/p><\/div>\n<\/p><\/div>\n","protected":false},"excerpt":{"rendered":"<p>C\u2019est l\u2019aspirateur balai dont je refuse de me s\u00e9parer. Il ne se passe pas une semaine sans qu&rsquo;une grosse bo\u00eete arrive \u00e0 ma porte avec<\/p>\n","protected":false},"author":1,"featured_media":2945,"comment_status":"","ping_status":"","sticky":false,"template":"","format":"standard","meta":{"footnotes":""},"categories":[40],"tags":[306,73,216,1122,2023,76,1255,579,81,1185,308,1878],"class_list":["post-2944","post","type-post","status-publish","format-standard","has-post-thumbnail","hentry","category-maison","tag-aspirateur","tag-black","tag-cet","tag-coute","tag-dyson","tag-est","tag-friday","tag-meilleur","tag-pour","tag-quun","tag-reduction","tag-samsung","generate-columns","tablet-grid-50","mobile-grid-100","grid-parent","grid-33"],"yoast_head":"<!-- This site is optimized with the Yoast SEO plugin v24.0 - https:\/\/yoast.com\/wordpress\/plugins\/seo\/ -->\n<title>Cet aspirateur Samsung est meilleur qu&#039;un Dyson et co\u00fbte 300 $ de r\u00e9duction pour le Black Friday | Vie Associative<\/title>\n<meta name=\"robots\" content=\"index, follow, max-snippet:-1, max-image-preview:large, max-video-preview:-1\" \/>\n<link rel=\"canonical\" href=\"https:\/\/vieassociative.be\/actualites\/cet-aspirateur-samsung-est-meilleur-quun-dyson-et-coute-300-de-reduction-pour-le-black-friday\/\" \/>\n<meta property=\"og:locale\" content=\"fr_FR\" \/>\n<meta property=\"og:type\" content=\"article\" \/>\n<meta property=\"og:title\" content=\"Cet aspirateur Samsung est meilleur qu&#039;un Dyson et co\u00fbte 300 $ de r\u00e9duction pour le Black Friday | Vie Associative\" \/>\n<meta property=\"og:description\" content=\"C\u2019est l\u2019aspirateur balai dont je refuse de me s\u00e9parer. Il ne se passe pas une semaine sans qu&rsquo;une grosse bo\u00eete arrive \u00e0 ma porte avec\" \/>\n<meta property=\"og:url\" content=\"https:\/\/vieassociative.be\/actualites\/cet-aspirateur-samsung-est-meilleur-quun-dyson-et-coute-300-de-reduction-pour-le-black-friday\/\" \/>\n<meta property=\"og:site_name\" content=\"Vie Associative\" \/>\n<meta property=\"article:published_time\" content=\"2024-12-01T07:18:40+00:00\" \/>\n<meta property=\"og:image\" content=\"https:\/\/vieassociative.be\/actualites\/wp-content\/uploads\/2024\/09\/header_backgroundk-01-e1726694325946.png\" \/>\n\t<meta property=\"og:image:width\" content=\"279\" \/>\n\t<meta property=\"og:image:height\" content=\"92\" \/>\n\t<meta property=\"og:image:type\" content=\"image\/png\" \/>\n<meta name=\"author\" content=\"Julien\" \/>\n<meta name=\"twitter:card\" content=\"summary_large_image\" \/>\n<meta name=\"twitter:label1\" content=\"\u00c9crit par\" \/>\n\t<meta name=\"twitter:data1\" content=\"Julien\" \/>\n\t<meta name=\"twitter:label2\" content=\"Dur\u00e9e de lecture est.\" \/>\n\t<meta name=\"twitter:data2\" content=\"2 minutes\" \/>\n<script type=\"application\/ld+json\" class=\"yoast-schema-graph\">{\"@context\":\"https:\/\/schema.org\",\"@graph\":[{\"@type\":\"Article\",\"@id\":\"https:\/\/vieassociative.be\/actualites\/cet-aspirateur-samsung-est-meilleur-quun-dyson-et-coute-300-de-reduction-pour-le-black-friday\/#article\",\"isPartOf\":{\"@id\":\"https:\/\/vieassociative.be\/actualites\/cet-aspirateur-samsung-est-meilleur-quun-dyson-et-coute-300-de-reduction-pour-le-black-friday\/\"},\"author\":{\"name\":\"Julien\",\"@id\":\"https:\/\/vieassociative.be\/actualites\/#\/schema\/person\/b87ac4f82f9d4e7b7cec7395b679edc4\"},\"headline\":\"Cet aspirateur Samsung est meilleur qu&rsquo;un Dyson et co\u00fbte 300 $ de r\u00e9duction pour le Black Friday\",\"datePublished\":\"2024-12-01T07:18:40+00:00\",\"dateModified\":\"2024-12-01T07:18:40+00:00\",\"mainEntityOfPage\":{\"@id\":\"https:\/\/vieassociative.be\/actualites\/cet-aspirateur-samsung-est-meilleur-quun-dyson-et-coute-300-de-reduction-pour-le-black-friday\/\"},\"wordCount\":415,\"publisher\":{\"@id\":\"https:\/\/vieassociative.be\/actualites\/#organization\"},\"image\":{\"@id\":\"https:\/\/vieassociative.be\/actualites\/cet-aspirateur-samsung-est-meilleur-quun-dyson-et-coute-300-de-reduction-pour-le-black-friday\/#primaryimage\"},\"thumbnailUrl\":\"https:\/\/vieassociative.be\/actualites\/wp-content\/uploads\/2024\/12\/Cet-aspirateur-Samsung-est-meilleur-quun-Dyson-et-coute-300.png\",\"keywords\":[\"aspirateur\",\"Black\",\"cet\",\"co\u00fbte\",\"Dyson\",\"est\",\"Friday\",\"meilleur\",\"pour\",\"quun\",\"r\u00e9duction\",\"Samsung\"],\"articleSection\":[\"Maison\"],\"inLanguage\":\"fr-BE\"},{\"@type\":\"WebPage\",\"@id\":\"https:\/\/vieassociative.be\/actualites\/cet-aspirateur-samsung-est-meilleur-quun-dyson-et-coute-300-de-reduction-pour-le-black-friday\/\",\"url\":\"https:\/\/vieassociative.be\/actualites\/cet-aspirateur-samsung-est-meilleur-quun-dyson-et-coute-300-de-reduction-pour-le-black-friday\/\",\"name\":\"Cet aspirateur Samsung est meilleur qu'un Dyson et co\u00fbte 300 $ de r\u00e9duction pour le Black Friday | Vie Associative\",\"isPartOf\":{\"@id\":\"https:\/\/vieassociative.be\/actualites\/#website\"},\"primaryImageOfPage\":{\"@id\":\"https:\/\/vieassociative.be\/actualites\/cet-aspirateur-samsung-est-meilleur-quun-dyson-et-coute-300-de-reduction-pour-le-black-friday\/#primaryimage\"},\"image\":{\"@id\":\"https:\/\/vieassociative.be\/actualites\/cet-aspirateur-samsung-est-meilleur-quun-dyson-et-coute-300-de-reduction-pour-le-black-friday\/#primaryimage\"},\"thumbnailUrl\":\"https:\/\/vieassociative.be\/actualites\/wp-content\/uploads\/2024\/12\/Cet-aspirateur-Samsung-est-meilleur-quun-Dyson-et-coute-300.png\",\"datePublished\":\"2024-12-01T07:18:40+00:00\",\"dateModified\":\"2024-12-01T07:18:40+00:00\",\"breadcrumb\":{\"@id\":\"https:\/\/vieassociative.be\/actualites\/cet-aspirateur-samsung-est-meilleur-quun-dyson-et-coute-300-de-reduction-pour-le-black-friday\/#breadcrumb\"},\"inLanguage\":\"fr-BE\",\"potentialAction\":[{\"@type\":\"ReadAction\",\"target\":[\"https:\/\/vieassociative.be\/actualites\/cet-aspirateur-samsung-est-meilleur-quun-dyson-et-coute-300-de-reduction-pour-le-black-friday\/\"]}]},{\"@type\":\"ImageObject\",\"inLanguage\":\"fr-BE\",\"@id\":\"https:\/\/vieassociative.be\/actualites\/cet-aspirateur-samsung-est-meilleur-quun-dyson-et-coute-300-de-reduction-pour-le-black-friday\/#primaryimage\",\"url\":\"https:\/\/vieassociative.be\/actualites\/wp-content\/uploads\/2024\/12\/Cet-aspirateur-Samsung-est-meilleur-quun-Dyson-et-coute-300.png\",\"contentUrl\":\"https:\/\/vieassociative.be\/actualites\/wp-content\/uploads\/2024\/12\/Cet-aspirateur-Samsung-est-meilleur-quun-Dyson-et-coute-300.png\",\"width\":1200,\"height\":675,\"caption\":\"Cet aspirateur Samsung est meilleur qu'un Dyson et co\u00fbte 300 $ de r\u00e9duction pour le Black Friday\"},{\"@type\":\"BreadcrumbList\",\"@id\":\"https:\/\/vieassociative.be\/actualites\/cet-aspirateur-samsung-est-meilleur-quun-dyson-et-coute-300-de-reduction-pour-le-black-friday\/#breadcrumb\",\"itemListElement\":[{\"@type\":\"ListItem\",\"position\":1,\"name\":\"Accueil\",\"item\":\"https:\/\/vieassociative.be\/actualites\/\"},{\"@type\":\"ListItem\",\"position\":2,\"name\":\"Cet aspirateur Samsung est meilleur qu&rsquo;un Dyson et co\u00fbte 300 $ de r\u00e9duction pour le Black Friday\"}]},{\"@type\":\"WebSite\",\"@id\":\"https:\/\/vieassociative.be\/actualites\/#website\",\"url\":\"https:\/\/vieassociative.be\/actualites\/\",\"name\":\"Vie Associative\",\"description\":\"\",\"publisher\":{\"@id\":\"https:\/\/vieassociative.be\/actualites\/#organization\"},\"potentialAction\":[{\"@type\":\"SearchAction\",\"target\":{\"@type\":\"EntryPoint\",\"urlTemplate\":\"https:\/\/vieassociative.be\/actualites\/?s={search_term_string}\"},\"query-input\":{\"@type\":\"PropertyValueSpecification\",\"valueRequired\":true,\"valueName\":\"search_term_string\"}}],\"inLanguage\":\"fr-BE\"},{\"@type\":\"Organization\",\"@id\":\"https:\/\/vieassociative.be\/actualites\/#organization\",\"name\":\"Vie Associative\",\"url\":\"https:\/\/vieassociative.be\/actualites\/\",\"logo\":{\"@type\":\"ImageObject\",\"inLanguage\":\"fr-BE\",\"@id\":\"https:\/\/vieassociative.be\/actualites\/#\/schema\/logo\/image\/\",\"url\":\"https:\/\/vieassociative.be\/actualites\/wp-content\/uploads\/2024\/09\/cropped-vieassociative_favicon.ico.png\",\"contentUrl\":\"https:\/\/vieassociative.be\/actualites\/wp-content\/uploads\/2024\/09\/cropped-vieassociative_favicon.ico.png\",\"width\":512,\"height\":512,\"caption\":\"Vie Associative\"},\"image\":{\"@id\":\"https:\/\/vieassociative.be\/actualites\/#\/schema\/logo\/image\/\"}},{\"@type\":\"Person\",\"@id\":\"https:\/\/vieassociative.be\/actualites\/#\/schema\/person\/b87ac4f82f9d4e7b7cec7395b679edc4\",\"name\":\"Julien\",\"image\":{\"@type\":\"ImageObject\",\"inLanguage\":\"fr-BE\",\"@id\":\"https:\/\/vieassociative.be\/actualites\/#\/schema\/person\/image\/\",\"url\":\"https:\/\/vieassociative.be\/actualites\/wp-content\/uploads\/2024\/09\/vie-associative-1-150x150.jpg\",\"contentUrl\":\"https:\/\/vieassociative.be\/actualites\/wp-content\/uploads\/2024\/09\/vie-associative-1-150x150.jpg\",\"caption\":\"Julien\"},\"description\":\"Je suis Julien, r\u00e9dacteur pour Vie Associative. Passionn\u00e9 par le monde associatif depuis plus de 10 ans, j'ai \u00e0 c\u0153ur de partager des histoires inspirantes et de mettre en lumi\u00e8re les initiatives locales. Mon objectif est de sensibiliser et d'encourager l'engagement communautaire \u00e0 travers mes articles.\",\"sameAs\":[\"https:\/\/vieassociative.be\/\"]}]}<\/script>\n<!-- \/ Yoast SEO plugin. -->","yoast_head_json":{"title":"Cet aspirateur Samsung est meilleur qu'un Dyson et co\u00fbte 300 $ de r\u00e9duction pour le Black Friday | Vie Associative","robots":{"index":"index","follow":"follow","max-snippet":"max-snippet:-1","max-image-preview":"max-image-preview:large","max-video-preview":"max-video-preview:-1"},"canonical":"https:\/\/vieassociative.be\/actualites\/cet-aspirateur-samsung-est-meilleur-quun-dyson-et-coute-300-de-reduction-pour-le-black-friday\/","og_locale":"fr_FR","og_type":"article","og_title":"Cet aspirateur Samsung est meilleur qu'un Dyson et co\u00fbte 300 $ de r\u00e9duction pour le Black Friday | Vie Associative","og_description":"C\u2019est l\u2019aspirateur balai dont je refuse de me s\u00e9parer. Il ne se passe pas une semaine sans qu&rsquo;une grosse bo\u00eete arrive \u00e0 ma porte avec","og_url":"https:\/\/vieassociative.be\/actualites\/cet-aspirateur-samsung-est-meilleur-quun-dyson-et-coute-300-de-reduction-pour-le-black-friday\/","og_site_name":"Vie Associative","article_published_time":"2024-12-01T07:18:40+00:00","og_image":[{"width":279,"height":92,"url":"https:\/\/vieassociative.be\/actualites\/wp-content\/uploads\/2024\/09\/header_backgroundk-01-e1726694325946.png","type":"image\/png"}],"author":"Julien","twitter_card":"summary_large_image","twitter_misc":{"\u00c9crit par":"Julien","Dur\u00e9e de lecture est.":"2 minutes"},"schema":{"@context":"https:\/\/schema.org","@graph":[{"@type":"Article","@id":"https:\/\/vieassociative.be\/actualites\/cet-aspirateur-samsung-est-meilleur-quun-dyson-et-coute-300-de-reduction-pour-le-black-friday\/#article","isPartOf":{"@id":"https:\/\/vieassociative.be\/actualites\/cet-aspirateur-samsung-est-meilleur-quun-dyson-et-coute-300-de-reduction-pour-le-black-friday\/"},"author":{"name":"Julien","@id":"https:\/\/vieassociative.be\/actualites\/#\/schema\/person\/b87ac4f82f9d4e7b7cec7395b679edc4"},"headline":"Cet aspirateur Samsung est meilleur qu&rsquo;un Dyson et co\u00fbte 300 $ de r\u00e9duction pour le Black Friday","datePublished":"2024-12-01T07:18:40+00:00","dateModified":"2024-12-01T07:18:40+00:00","mainEntityOfPage":{"@id":"https:\/\/vieassociative.be\/actualites\/cet-aspirateur-samsung-est-meilleur-quun-dyson-et-coute-300-de-reduction-pour-le-black-friday\/"},"wordCount":415,"publisher":{"@id":"https:\/\/vieassociative.be\/actualites\/#organization"},"image":{"@id":"https:\/\/vieassociative.be\/actualites\/cet-aspirateur-samsung-est-meilleur-quun-dyson-et-coute-300-de-reduction-pour-le-black-friday\/#primaryimage"},"thumbnailUrl":"https:\/\/vieassociative.be\/actualites\/wp-content\/uploads\/2024\/12\/Cet-aspirateur-Samsung-est-meilleur-quun-Dyson-et-coute-300.png","keywords":["aspirateur","Black","cet","co\u00fbte","Dyson","est","Friday","meilleur","pour","quun","r\u00e9duction","Samsung"],"articleSection":["Maison"],"inLanguage":"fr-BE"},{"@type":"WebPage","@id":"https:\/\/vieassociative.be\/actualites\/cet-aspirateur-samsung-est-meilleur-quun-dyson-et-coute-300-de-reduction-pour-le-black-friday\/","url":"https:\/\/vieassociative.be\/actualites\/cet-aspirateur-samsung-est-meilleur-quun-dyson-et-coute-300-de-reduction-pour-le-black-friday\/","name":"Cet aspirateur Samsung est meilleur qu'un Dyson et co\u00fbte 300 $ de r\u00e9duction pour le Black Friday | Vie Associative","isPartOf":{"@id":"https:\/\/vieassociative.be\/actualites\/#website"},"primaryImageOfPage":{"@id":"https:\/\/vieassociative.be\/actualites\/cet-aspirateur-samsung-est-meilleur-quun-dyson-et-coute-300-de-reduction-pour-le-black-friday\/#primaryimage"},"image":{"@id":"https:\/\/vieassociative.be\/actualites\/cet-aspirateur-samsung-est-meilleur-quun-dyson-et-coute-300-de-reduction-pour-le-black-friday\/#primaryimage"},"thumbnailUrl":"https:\/\/vieassociative.be\/actualites\/wp-content\/uploads\/2024\/12\/Cet-aspirateur-Samsung-est-meilleur-quun-Dyson-et-coute-300.png","datePublished":"2024-12-01T07:18:40+00:00","dateModified":"2024-12-01T07:18:40+00:00","breadcrumb":{"@id":"https:\/\/vieassociative.be\/actualites\/cet-aspirateur-samsung-est-meilleur-quun-dyson-et-coute-300-de-reduction-pour-le-black-friday\/#breadcrumb"},"inLanguage":"fr-BE","potentialAction":[{"@type":"ReadAction","target":["https:\/\/vieassociative.be\/actualites\/cet-aspirateur-samsung-est-meilleur-quun-dyson-et-coute-300-de-reduction-pour-le-black-friday\/"]}]},{"@type":"ImageObject","inLanguage":"fr-BE","@id":"https:\/\/vieassociative.be\/actualites\/cet-aspirateur-samsung-est-meilleur-quun-dyson-et-coute-300-de-reduction-pour-le-black-friday\/#primaryimage","url":"https:\/\/vieassociative.be\/actualites\/wp-content\/uploads\/2024\/12\/Cet-aspirateur-Samsung-est-meilleur-quun-Dyson-et-coute-300.png","contentUrl":"https:\/\/vieassociative.be\/actualites\/wp-content\/uploads\/2024\/12\/Cet-aspirateur-Samsung-est-meilleur-quun-Dyson-et-coute-300.png","width":1200,"height":675,"caption":"Cet aspirateur Samsung est meilleur qu'un Dyson et co\u00fbte 300 $ de r\u00e9duction pour le Black Friday"},{"@type":"BreadcrumbList","@id":"https:\/\/vieassociative.be\/actualites\/cet-aspirateur-samsung-est-meilleur-quun-dyson-et-coute-300-de-reduction-pour-le-black-friday\/#breadcrumb","itemListElement":[{"@type":"ListItem","position":1,"name":"Accueil","item":"https:\/\/vieassociative.be\/actualites\/"},{"@type":"ListItem","position":2,"name":"Cet aspirateur Samsung est meilleur qu&rsquo;un Dyson et co\u00fbte 300 $ de r\u00e9duction pour le Black Friday"}]},{"@type":"WebSite","@id":"https:\/\/vieassociative.be\/actualites\/#website","url":"https:\/\/vieassociative.be\/actualites\/","name":"Vie Associative","description":"","publisher":{"@id":"https:\/\/vieassociative.be\/actualites\/#organization"},"potentialAction":[{"@type":"SearchAction","target":{"@type":"EntryPoint","urlTemplate":"https:\/\/vieassociative.be\/actualites\/?s={search_term_string}"},"query-input":{"@type":"PropertyValueSpecification","valueRequired":true,"valueName":"search_term_string"}}],"inLanguage":"fr-BE"},{"@type":"Organization","@id":"https:\/\/vieassociative.be\/actualites\/#organization","name":"Vie Associative","url":"https:\/\/vieassociative.be\/actualites\/","logo":{"@type":"ImageObject","inLanguage":"fr-BE","@id":"https:\/\/vieassociative.be\/actualites\/#\/schema\/logo\/image\/","url":"https:\/\/vieassociative.be\/actualites\/wp-content\/uploads\/2024\/09\/cropped-vieassociative_favicon.ico.png","contentUrl":"https:\/\/vieassociative.be\/actualites\/wp-content\/uploads\/2024\/09\/cropped-vieassociative_favicon.ico.png","width":512,"height":512,"caption":"Vie Associative"},"image":{"@id":"https:\/\/vieassociative.be\/actualites\/#\/schema\/logo\/image\/"}},{"@type":"Person","@id":"https:\/\/vieassociative.be\/actualites\/#\/schema\/person\/b87ac4f82f9d4e7b7cec7395b679edc4","name":"Julien","image":{"@type":"ImageObject","inLanguage":"fr-BE","@id":"https:\/\/vieassociative.be\/actualites\/#\/schema\/person\/image\/","url":"https:\/\/vieassociative.be\/actualites\/wp-content\/uploads\/2024\/09\/vie-associative-1-150x150.jpg","contentUrl":"https:\/\/vieassociative.be\/actualites\/wp-content\/uploads\/2024\/09\/vie-associative-1-150x150.jpg","caption":"Julien"},"description":"Je suis Julien, r\u00e9dacteur pour Vie Associative. Passionn\u00e9 par le monde associatif depuis plus de 10 ans, j'ai \u00e0 c\u0153ur de partager des histoires inspirantes et de mettre en lumi\u00e8re les initiatives locales. Mon objectif est de sensibiliser et d'encourager l'engagement communautaire \u00e0 travers mes articles.","sameAs":["https:\/\/vieassociative.be\/"]}]}},"_links":{"self":[{"href":"https:\/\/vieassociative.be\/actualites\/wp-json\/wp\/v2\/posts\/2944"}],"collection":[{"href":"https:\/\/vieassociative.be\/actualites\/wp-json\/wp\/v2\/posts"}],"about":[{"href":"https:\/\/vieassociative.be\/actualites\/wp-json\/wp\/v2\/types\/post"}],"author":[{"embeddable":true,"href":"https:\/\/vieassociative.be\/actualites\/wp-json\/wp\/v2\/users\/1"}],"replies":[{"embeddable":true,"href":"https:\/\/vieassociative.be\/actualites\/wp-json\/wp\/v2\/comments?post=2944"}],"version-history":[{"count":0,"href":"https:\/\/vieassociative.be\/actualites\/wp-json\/wp\/v2\/posts\/2944\/revisions"}],"wp:featuredmedia":[{"embeddable":true,"href":"https:\/\/vieassociative.be\/actualites\/wp-json\/wp\/v2\/media\/2945"}],"wp:attachment":[{"href":"https:\/\/vieassociative.be\/actualites\/wp-json\/wp\/v2\/media?parent=2944"}],"wp:term":[{"taxonomy":"category","embeddable":true,"href":"https:\/\/vieassociative.be\/actualites\/wp-json\/wp\/v2\/categories?post=2944"},{"taxonomy":"post_tag","embeddable":true,"href":"https:\/\/vieassociative.be\/actualites\/wp-json\/wp\/v2\/tags?post=2944"}],"curies":[{"name":"wp","href":"https:\/\/api.w.org\/{rel}","templated":true}]}}