{"id":2942,"date":"2024-12-01T07:20:09","date_gmt":"2024-12-01T06:20:09","guid":{"rendered":"https:\/\/vieassociative.be\/actualites\/ce-que-les-gens-se-trompent-cette-semaine-perdre-de-la-chaleur-par-la-tete\/"},"modified":"2024-12-01T07:20:09","modified_gmt":"2024-12-01T06:20:09","slug":"ce-que-les-gens-se-trompent-cette-semaine-perdre-de-la-chaleur-par-la-tete","status":"publish","type":"post","link":"https:\/\/vieassociative.be\/actualites\/ce-que-les-gens-se-trompent-cette-semaine-perdre-de-la-chaleur-par-la-tete\/","title":{"rendered":"Ce que les gens se trompent cette semaine\u00a0: perdre de la chaleur par la t\u00eate"},"content":{"rendered":"<div class=\"mt-4 leading-6 md:mb-8\">Je ne porte pas de chapeau et tu ne peux pas m&rsquo;y obliger.<\/div>\n<p><\/p>\n<p>Au moins une fois par hiver, quelqu&rsquo;un r\u00e9p\u00e9tera comment porter un chapeau par temps froid, car vous perdez 60 % (ou un autre pourcentage arbitraire) de chaleur par la t\u00eate. Je parie que quelqu&rsquo;un, probablement votre m\u00e8re, vous l&rsquo;a d\u00e9j\u00e0 dit cette ann\u00e9e. Mais est-ce r\u00e9ellement vrai ? Comme beaucoup de choses dans la vie, c\u2019est une question plus d\u00e9licate qu\u2019il n\u2019y para\u00eet. <\/p>\n<h2 id=\"the-origin-of-the-losing-heat-through-your-head-myth\">L&rsquo;origine du mythe de la \u00ab perte de chaleur par la t\u00eate \u00bb<\/h2>\n<p>Selon The Guardian, l&rsquo;origine du mythe de la \u00ab perte de chaleur par la t\u00eate \u00bb est une exp\u00e9rience \u00ab vaguement scientifique \u00bb men\u00e9e par l&rsquo;arm\u00e9e am\u00e9ricaine dans les ann\u00e9es 1950, o\u00f9 les sujets \u00e9taient v\u00eatus de combinaisons de survie par temps froid con\u00e7ues pour les garder au chaud mais ne recevaient pas de chapeau. . Dans ces situations, selon l\u2019\u00e9tude, les gens perdent la majeure partie de la chaleur par la t\u00eate. M\u00eame si cette \u00e9tude ne portait pas sur des personnes habill\u00e9es normalement portant un chapeau ou non, les gens ont commenc\u00e9 \u00e0 r\u00e9p\u00e9ter le truc \u00ab\u00a0c&rsquo;est vous qui perdez le plus de chaleur par la t\u00eate\u00a0\u00bb, et cela a fait son chemin.<\/p>\n<p>En termes simples, nous \u00ab perdons de la chaleur \u00bb en fonction de la superficie couverte par notre corps. Puisque notre t\u00eate repr\u00e9sente environ 9 % de la surface de notre peau, nous \u00e9conomisons environ 9 % de chaleur en portant un chapeau. Il existe d&rsquo;autres variables (votre t\u00eate n&rsquo;est pas tr\u00e8s grasse, mais elle est couverte de poils) qui peuvent modifier un peu les marges, mais le fait de ne pas porter de chapeau repr\u00e9sente environ 7 \u00e0 10 % de la perte de chaleur corporelle. Mais c&rsquo;est aussi compliqu\u00e9 de comprendre que la \u00ab perte de chaleur \u00bb n&rsquo;est pas li\u00e9e \u00e0 notre froid, mais \u00e0 notre impression de froid.<\/p>\n<h2 id=\"youre-only-as-cold-as-you-feel\">Tu as aussi froid que ce que tu ressens<\/h2>\n<p>Le Dr Gordon Giesbrecht est thermophysiologiste \u00e0 l&rsquo;Universit\u00e9 du Manitoba au Canada et un expert mondial du froid. Pour vraiment conna\u00eetre le froid, le Dr Popsicle (comme on l&rsquo;appelle) a saut\u00e9 dans des lacs gel\u00e9s et s&rsquo;est litt\u00e9ralement inject\u00e9 de l&rsquo;eau glac\u00e9e dans ses veines. Selon le Dr Giesbrecht, le froid est quelque peu subjectif. \u00ab Votre attitude fait une diff\u00e9rence \u00bb, a-t-il d\u00e9clar\u00e9 \u00e0 Accuweather. \u00ab\u00a0Si vous dites : &lsquo;Oh, je vais geler&rsquo;, vous serez vraiment mal \u00e0 l&rsquo;aise, contrairement \u00e0 si vous dites : &lsquo;Il fait peut-\u00eatre froid ici, mais je vais faire du ski de fond.&rsquo; &#8230;&rsquo; Votre esprit est d\u00e9connect\u00e9 du froid parce que vous \u00eates impliqu\u00e9 dans l&rsquo;activit\u00e9. <\/p>\n<p>Bien que vous puissiez avoir moins froid si vous avez des pens\u00e9es chaleureuses et que vous puissiez vous acclimater physiquement au froid si vous vous y exposez, il y a des limites. Lorsqu\u2019il fait froid, les vaisseaux sanguins de nos bras et de nos jambes se contractent. Quelle que soit votre humeur ensoleill\u00e9e, le sang s&rsquo;\u00e9coule des doigts et des orteils pour garder votre cerveau et d&rsquo;autres organes au chaud, et vous finirez par avoir des engelures, m\u00eame si vous avez des pens\u00e9es chaleureuses.<\/p>\n<p>Cette r\u00e9ponse physiologique pourrait aider \u00e0 expliquer pourquoi nous pensons que nous devrions d\u2019abord nous couvrir la t\u00eate. Selon le Dr Daniel I. Sessler, expert en hypothermie, le visage, la t\u00eate et le haut de la poitrine sont jusqu&rsquo;\u00e0 cinq fois plus sensibles aux changements de temp\u00e9rature que les autres zones du corps. S&rsquo;ils sont expos\u00e9s \u00e0 de basses temp\u00e9ratures, vous aurez probablement plus froid, m\u00eame si ce n&rsquo;est pas le cas. <em>en fait<\/em> plus froid. Alors peut-\u00eatre que votre m\u00e8re avait un peu raison apr\u00e8s tout, dans un certain sens, avec des r\u00e9serves.  <\/p>\n<p>\u00c0 moins qu&rsquo;il ne fasse si froid que vous ayez des engelures, le fait de porter ou non un chapeau est une d\u00e9cision personnelle, mais il y a g\u00e9n\u00e9ralement une r\u00e9ponse \u00e9vidente : comme l&rsquo;explique le Dr Popsicle, \u00ab Vous n&rsquo;allez pas devenir hypothermique \u00e0 cause de \u00ab\u00a0<\/p><\/p>\n","protected":false},"excerpt":{"rendered":"<p>Je ne porte pas de chapeau et tu ne peux pas m&rsquo;y obliger. Au moins une fois par hiver, quelqu&rsquo;un r\u00e9p\u00e9tera comment porter un chapeau<\/p>\n","protected":false},"author":1,"featured_media":2943,"comment_status":"","ping_status":"","sticky":false,"template":"","format":"standard","meta":{"footnotes":""},"categories":[36],"tags":[206,2026,1046,14,676,2698,1348,2699,2469],"class_list":["post-2942","post","type-post","status-publish","format-standard","has-post-thumbnail","hentry","category-divertissement","tag-cette","tag-chaleur","tag-gens","tag-les","tag-par","tag-perdre","tag-semaine","tag-tete","tag-trompent","generate-columns","tablet-grid-50","mobile-grid-100","grid-parent","grid-33"],"yoast_head":"<!-- This site is optimized with the Yoast SEO plugin v24.0 - https:\/\/yoast.com\/wordpress\/plugins\/seo\/ -->\n<title>Ce que les gens se trompent cette semaine\u00a0: perdre de la chaleur par la t\u00eate | Vie Associative<\/title>\n<meta name=\"robots\" content=\"index, follow, max-snippet:-1, max-image-preview:large, max-video-preview:-1\" \/>\n<link rel=\"canonical\" href=\"https:\/\/vieassociative.be\/actualites\/ce-que-les-gens-se-trompent-cette-semaine-perdre-de-la-chaleur-par-la-tete\/\" \/>\n<meta property=\"og:locale\" content=\"fr_FR\" \/>\n<meta property=\"og:type\" content=\"article\" \/>\n<meta property=\"og:title\" content=\"Ce que les gens se trompent cette semaine\u00a0: perdre de la chaleur par la t\u00eate | Vie Associative\" \/>\n<meta property=\"og:description\" content=\"Je ne porte pas de chapeau et tu ne peux pas m&rsquo;y obliger. Au moins une fois par hiver, quelqu&rsquo;un r\u00e9p\u00e9tera comment porter un chapeau\" \/>\n<meta property=\"og:url\" content=\"https:\/\/vieassociative.be\/actualites\/ce-que-les-gens-se-trompent-cette-semaine-perdre-de-la-chaleur-par-la-tete\/\" \/>\n<meta property=\"og:site_name\" content=\"Vie Associative\" \/>\n<meta property=\"article:published_time\" content=\"2024-12-01T06:20:09+00:00\" \/>\n<meta property=\"og:image\" content=\"https:\/\/vieassociative.be\/actualites\/wp-content\/uploads\/2024\/09\/header_backgroundk-01-e1726694325946.png\" \/>\n\t<meta property=\"og:image:width\" content=\"279\" \/>\n\t<meta property=\"og:image:height\" content=\"92\" \/>\n\t<meta property=\"og:image:type\" content=\"image\/png\" \/>\n<meta name=\"author\" content=\"Julien\" \/>\n<meta name=\"twitter:card\" content=\"summary_large_image\" \/>\n<meta name=\"twitter:label1\" content=\"\u00c9crit par\" \/>\n\t<meta name=\"twitter:data1\" content=\"Julien\" \/>\n\t<meta name=\"twitter:label2\" content=\"Dur\u00e9e de lecture est.\" \/>\n\t<meta name=\"twitter:data2\" content=\"3 minutes\" \/>\n<script type=\"application\/ld+json\" class=\"yoast-schema-graph\">{\"@context\":\"https:\/\/schema.org\",\"@graph\":[{\"@type\":\"Article\",\"@id\":\"https:\/\/vieassociative.be\/actualites\/ce-que-les-gens-se-trompent-cette-semaine-perdre-de-la-chaleur-par-la-tete\/#article\",\"isPartOf\":{\"@id\":\"https:\/\/vieassociative.be\/actualites\/ce-que-les-gens-se-trompent-cette-semaine-perdre-de-la-chaleur-par-la-tete\/\"},\"author\":{\"name\":\"Julien\",\"@id\":\"https:\/\/vieassociative.be\/actualites\/#\/schema\/person\/b87ac4f82f9d4e7b7cec7395b679edc4\"},\"headline\":\"Ce que les gens se trompent cette semaine\u00a0: perdre de la chaleur par la t\u00eate\",\"datePublished\":\"2024-12-01T06:20:09+00:00\",\"dateModified\":\"2024-12-01T06:20:09+00:00\",\"mainEntityOfPage\":{\"@id\":\"https:\/\/vieassociative.be\/actualites\/ce-que-les-gens-se-trompent-cette-semaine-perdre-de-la-chaleur-par-la-tete\/\"},\"wordCount\":726,\"publisher\":{\"@id\":\"https:\/\/vieassociative.be\/actualites\/#organization\"},\"image\":{\"@id\":\"https:\/\/vieassociative.be\/actualites\/ce-que-les-gens-se-trompent-cette-semaine-perdre-de-la-chaleur-par-la-tete\/#primaryimage\"},\"thumbnailUrl\":\"https:\/\/vieassociative.be\/actualites\/wp-content\/uploads\/2024\/12\/Ce-que-les-gens-se-trompent-cette-semaine-perdre-de.jpg\",\"keywords\":[\"cette\",\"chaleur\",\"gens\",\"Les\",\"par\",\"perdre\",\"semaine\",\"t\u00eate\",\"trompent\"],\"articleSection\":[\"Divertissement\"],\"inLanguage\":\"fr-BE\"},{\"@type\":\"WebPage\",\"@id\":\"https:\/\/vieassociative.be\/actualites\/ce-que-les-gens-se-trompent-cette-semaine-perdre-de-la-chaleur-par-la-tete\/\",\"url\":\"https:\/\/vieassociative.be\/actualites\/ce-que-les-gens-se-trompent-cette-semaine-perdre-de-la-chaleur-par-la-tete\/\",\"name\":\"Ce que les gens se trompent cette semaine\u00a0: perdre de la chaleur par la t\u00eate | Vie Associative\",\"isPartOf\":{\"@id\":\"https:\/\/vieassociative.be\/actualites\/#website\"},\"primaryImageOfPage\":{\"@id\":\"https:\/\/vieassociative.be\/actualites\/ce-que-les-gens-se-trompent-cette-semaine-perdre-de-la-chaleur-par-la-tete\/#primaryimage\"},\"image\":{\"@id\":\"https:\/\/vieassociative.be\/actualites\/ce-que-les-gens-se-trompent-cette-semaine-perdre-de-la-chaleur-par-la-tete\/#primaryimage\"},\"thumbnailUrl\":\"https:\/\/vieassociative.be\/actualites\/wp-content\/uploads\/2024\/12\/Ce-que-les-gens-se-trompent-cette-semaine-perdre-de.jpg\",\"datePublished\":\"2024-12-01T06:20:09+00:00\",\"dateModified\":\"2024-12-01T06:20:09+00:00\",\"breadcrumb\":{\"@id\":\"https:\/\/vieassociative.be\/actualites\/ce-que-les-gens-se-trompent-cette-semaine-perdre-de-la-chaleur-par-la-tete\/#breadcrumb\"},\"inLanguage\":\"fr-BE\",\"potentialAction\":[{\"@type\":\"ReadAction\",\"target\":[\"https:\/\/vieassociative.be\/actualites\/ce-que-les-gens-se-trompent-cette-semaine-perdre-de-la-chaleur-par-la-tete\/\"]}]},{\"@type\":\"ImageObject\",\"inLanguage\":\"fr-BE\",\"@id\":\"https:\/\/vieassociative.be\/actualites\/ce-que-les-gens-se-trompent-cette-semaine-perdre-de-la-chaleur-par-la-tete\/#primaryimage\",\"url\":\"https:\/\/vieassociative.be\/actualites\/wp-content\/uploads\/2024\/12\/Ce-que-les-gens-se-trompent-cette-semaine-perdre-de.jpg\",\"contentUrl\":\"https:\/\/vieassociative.be\/actualites\/wp-content\/uploads\/2024\/12\/Ce-que-les-gens-se-trompent-cette-semaine-perdre-de.jpg\",\"width\":1200,\"height\":675,\"caption\":\"Ce que les gens se trompent cette semaine\u00a0: perdre de la chaleur par la t\u00eate\"},{\"@type\":\"BreadcrumbList\",\"@id\":\"https:\/\/vieassociative.be\/actualites\/ce-que-les-gens-se-trompent-cette-semaine-perdre-de-la-chaleur-par-la-tete\/#breadcrumb\",\"itemListElement\":[{\"@type\":\"ListItem\",\"position\":1,\"name\":\"Accueil\",\"item\":\"https:\/\/vieassociative.be\/actualites\/\"},{\"@type\":\"ListItem\",\"position\":2,\"name\":\"Ce que les gens se trompent cette semaine\u00a0: perdre de la chaleur par la t\u00eate\"}]},{\"@type\":\"WebSite\",\"@id\":\"https:\/\/vieassociative.be\/actualites\/#website\",\"url\":\"https:\/\/vieassociative.be\/actualites\/\",\"name\":\"Vie Associative\",\"description\":\"\",\"publisher\":{\"@id\":\"https:\/\/vieassociative.be\/actualites\/#organization\"},\"potentialAction\":[{\"@type\":\"SearchAction\",\"target\":{\"@type\":\"EntryPoint\",\"urlTemplate\":\"https:\/\/vieassociative.be\/actualites\/?s={search_term_string}\"},\"query-input\":{\"@type\":\"PropertyValueSpecification\",\"valueRequired\":true,\"valueName\":\"search_term_string\"}}],\"inLanguage\":\"fr-BE\"},{\"@type\":\"Organization\",\"@id\":\"https:\/\/vieassociative.be\/actualites\/#organization\",\"name\":\"Vie Associative\",\"url\":\"https:\/\/vieassociative.be\/actualites\/\",\"logo\":{\"@type\":\"ImageObject\",\"inLanguage\":\"fr-BE\",\"@id\":\"https:\/\/vieassociative.be\/actualites\/#\/schema\/logo\/image\/\",\"url\":\"https:\/\/vieassociative.be\/actualites\/wp-content\/uploads\/2024\/09\/cropped-vieassociative_favicon.ico.png\",\"contentUrl\":\"https:\/\/vieassociative.be\/actualites\/wp-content\/uploads\/2024\/09\/cropped-vieassociative_favicon.ico.png\",\"width\":512,\"height\":512,\"caption\":\"Vie Associative\"},\"image\":{\"@id\":\"https:\/\/vieassociative.be\/actualites\/#\/schema\/logo\/image\/\"}},{\"@type\":\"Person\",\"@id\":\"https:\/\/vieassociative.be\/actualites\/#\/schema\/person\/b87ac4f82f9d4e7b7cec7395b679edc4\",\"name\":\"Julien\",\"image\":{\"@type\":\"ImageObject\",\"inLanguage\":\"fr-BE\",\"@id\":\"https:\/\/vieassociative.be\/actualites\/#\/schema\/person\/image\/\",\"url\":\"https:\/\/vieassociative.be\/actualites\/wp-content\/uploads\/2024\/09\/vie-associative-1-150x150.jpg\",\"contentUrl\":\"https:\/\/vieassociative.be\/actualites\/wp-content\/uploads\/2024\/09\/vie-associative-1-150x150.jpg\",\"caption\":\"Julien\"},\"description\":\"Je suis Julien, r\u00e9dacteur pour Vie Associative. Passionn\u00e9 par le monde associatif depuis plus de 10 ans, j'ai \u00e0 c\u0153ur de partager des histoires inspirantes et de mettre en lumi\u00e8re les initiatives locales. Mon objectif est de sensibiliser et d'encourager l'engagement communautaire \u00e0 travers mes articles.\",\"sameAs\":[\"https:\/\/vieassociative.be\/\"]}]}<\/script>\n<!-- \/ Yoast SEO plugin. -->","yoast_head_json":{"title":"Ce que les gens se trompent cette semaine\u00a0: perdre de la chaleur par la t\u00eate | Vie Associative","robots":{"index":"index","follow":"follow","max-snippet":"max-snippet:-1","max-image-preview":"max-image-preview:large","max-video-preview":"max-video-preview:-1"},"canonical":"https:\/\/vieassociative.be\/actualites\/ce-que-les-gens-se-trompent-cette-semaine-perdre-de-la-chaleur-par-la-tete\/","og_locale":"fr_FR","og_type":"article","og_title":"Ce que les gens se trompent cette semaine\u00a0: perdre de la chaleur par la t\u00eate | Vie Associative","og_description":"Je ne porte pas de chapeau et tu ne peux pas m&rsquo;y obliger. Au moins une fois par hiver, quelqu&rsquo;un r\u00e9p\u00e9tera comment porter un chapeau","og_url":"https:\/\/vieassociative.be\/actualites\/ce-que-les-gens-se-trompent-cette-semaine-perdre-de-la-chaleur-par-la-tete\/","og_site_name":"Vie Associative","article_published_time":"2024-12-01T06:20:09+00:00","og_image":[{"width":279,"height":92,"url":"https:\/\/vieassociative.be\/actualites\/wp-content\/uploads\/2024\/09\/header_backgroundk-01-e1726694325946.png","type":"image\/png"}],"author":"Julien","twitter_card":"summary_large_image","twitter_misc":{"\u00c9crit par":"Julien","Dur\u00e9e de lecture est.":"3 minutes"},"schema":{"@context":"https:\/\/schema.org","@graph":[{"@type":"Article","@id":"https:\/\/vieassociative.be\/actualites\/ce-que-les-gens-se-trompent-cette-semaine-perdre-de-la-chaleur-par-la-tete\/#article","isPartOf":{"@id":"https:\/\/vieassociative.be\/actualites\/ce-que-les-gens-se-trompent-cette-semaine-perdre-de-la-chaleur-par-la-tete\/"},"author":{"name":"Julien","@id":"https:\/\/vieassociative.be\/actualites\/#\/schema\/person\/b87ac4f82f9d4e7b7cec7395b679edc4"},"headline":"Ce que les gens se trompent cette semaine\u00a0: perdre de la chaleur par la t\u00eate","datePublished":"2024-12-01T06:20:09+00:00","dateModified":"2024-12-01T06:20:09+00:00","mainEntityOfPage":{"@id":"https:\/\/vieassociative.be\/actualites\/ce-que-les-gens-se-trompent-cette-semaine-perdre-de-la-chaleur-par-la-tete\/"},"wordCount":726,"publisher":{"@id":"https:\/\/vieassociative.be\/actualites\/#organization"},"image":{"@id":"https:\/\/vieassociative.be\/actualites\/ce-que-les-gens-se-trompent-cette-semaine-perdre-de-la-chaleur-par-la-tete\/#primaryimage"},"thumbnailUrl":"https:\/\/vieassociative.be\/actualites\/wp-content\/uploads\/2024\/12\/Ce-que-les-gens-se-trompent-cette-semaine-perdre-de.jpg","keywords":["cette","chaleur","gens","Les","par","perdre","semaine","t\u00eate","trompent"],"articleSection":["Divertissement"],"inLanguage":"fr-BE"},{"@type":"WebPage","@id":"https:\/\/vieassociative.be\/actualites\/ce-que-les-gens-se-trompent-cette-semaine-perdre-de-la-chaleur-par-la-tete\/","url":"https:\/\/vieassociative.be\/actualites\/ce-que-les-gens-se-trompent-cette-semaine-perdre-de-la-chaleur-par-la-tete\/","name":"Ce que les gens se trompent cette semaine\u00a0: perdre de la chaleur par la t\u00eate | Vie Associative","isPartOf":{"@id":"https:\/\/vieassociative.be\/actualites\/#website"},"primaryImageOfPage":{"@id":"https:\/\/vieassociative.be\/actualites\/ce-que-les-gens-se-trompent-cette-semaine-perdre-de-la-chaleur-par-la-tete\/#primaryimage"},"image":{"@id":"https:\/\/vieassociative.be\/actualites\/ce-que-les-gens-se-trompent-cette-semaine-perdre-de-la-chaleur-par-la-tete\/#primaryimage"},"thumbnailUrl":"https:\/\/vieassociative.be\/actualites\/wp-content\/uploads\/2024\/12\/Ce-que-les-gens-se-trompent-cette-semaine-perdre-de.jpg","datePublished":"2024-12-01T06:20:09+00:00","dateModified":"2024-12-01T06:20:09+00:00","breadcrumb":{"@id":"https:\/\/vieassociative.be\/actualites\/ce-que-les-gens-se-trompent-cette-semaine-perdre-de-la-chaleur-par-la-tete\/#breadcrumb"},"inLanguage":"fr-BE","potentialAction":[{"@type":"ReadAction","target":["https:\/\/vieassociative.be\/actualites\/ce-que-les-gens-se-trompent-cette-semaine-perdre-de-la-chaleur-par-la-tete\/"]}]},{"@type":"ImageObject","inLanguage":"fr-BE","@id":"https:\/\/vieassociative.be\/actualites\/ce-que-les-gens-se-trompent-cette-semaine-perdre-de-la-chaleur-par-la-tete\/#primaryimage","url":"https:\/\/vieassociative.be\/actualites\/wp-content\/uploads\/2024\/12\/Ce-que-les-gens-se-trompent-cette-semaine-perdre-de.jpg","contentUrl":"https:\/\/vieassociative.be\/actualites\/wp-content\/uploads\/2024\/12\/Ce-que-les-gens-se-trompent-cette-semaine-perdre-de.jpg","width":1200,"height":675,"caption":"Ce que les gens se trompent cette semaine\u00a0: perdre de la chaleur par la t\u00eate"},{"@type":"BreadcrumbList","@id":"https:\/\/vieassociative.be\/actualites\/ce-que-les-gens-se-trompent-cette-semaine-perdre-de-la-chaleur-par-la-tete\/#breadcrumb","itemListElement":[{"@type":"ListItem","position":1,"name":"Accueil","item":"https:\/\/vieassociative.be\/actualites\/"},{"@type":"ListItem","position":2,"name":"Ce que les gens se trompent cette semaine\u00a0: perdre de la chaleur par la t\u00eate"}]},{"@type":"WebSite","@id":"https:\/\/vieassociative.be\/actualites\/#website","url":"https:\/\/vieassociative.be\/actualites\/","name":"Vie Associative","description":"","publisher":{"@id":"https:\/\/vieassociative.be\/actualites\/#organization"},"potentialAction":[{"@type":"SearchAction","target":{"@type":"EntryPoint","urlTemplate":"https:\/\/vieassociative.be\/actualites\/?s={search_term_string}"},"query-input":{"@type":"PropertyValueSpecification","valueRequired":true,"valueName":"search_term_string"}}],"inLanguage":"fr-BE"},{"@type":"Organization","@id":"https:\/\/vieassociative.be\/actualites\/#organization","name":"Vie Associative","url":"https:\/\/vieassociative.be\/actualites\/","logo":{"@type":"ImageObject","inLanguage":"fr-BE","@id":"https:\/\/vieassociative.be\/actualites\/#\/schema\/logo\/image\/","url":"https:\/\/vieassociative.be\/actualites\/wp-content\/uploads\/2024\/09\/cropped-vieassociative_favicon.ico.png","contentUrl":"https:\/\/vieassociative.be\/actualites\/wp-content\/uploads\/2024\/09\/cropped-vieassociative_favicon.ico.png","width":512,"height":512,"caption":"Vie Associative"},"image":{"@id":"https:\/\/vieassociative.be\/actualites\/#\/schema\/logo\/image\/"}},{"@type":"Person","@id":"https:\/\/vieassociative.be\/actualites\/#\/schema\/person\/b87ac4f82f9d4e7b7cec7395b679edc4","name":"Julien","image":{"@type":"ImageObject","inLanguage":"fr-BE","@id":"https:\/\/vieassociative.be\/actualites\/#\/schema\/person\/image\/","url":"https:\/\/vieassociative.be\/actualites\/wp-content\/uploads\/2024\/09\/vie-associative-1-150x150.jpg","contentUrl":"https:\/\/vieassociative.be\/actualites\/wp-content\/uploads\/2024\/09\/vie-associative-1-150x150.jpg","caption":"Julien"},"description":"Je suis Julien, r\u00e9dacteur pour Vie Associative. Passionn\u00e9 par le monde associatif depuis plus de 10 ans, j'ai \u00e0 c\u0153ur de partager des histoires inspirantes et de mettre en lumi\u00e8re les initiatives locales. Mon objectif est de sensibiliser et d'encourager l'engagement communautaire \u00e0 travers mes articles.","sameAs":["https:\/\/vieassociative.be\/"]}]}},"_links":{"self":[{"href":"https:\/\/vieassociative.be\/actualites\/wp-json\/wp\/v2\/posts\/2942"}],"collection":[{"href":"https:\/\/vieassociative.be\/actualites\/wp-json\/wp\/v2\/posts"}],"about":[{"href":"https:\/\/vieassociative.be\/actualites\/wp-json\/wp\/v2\/types\/post"}],"author":[{"embeddable":true,"href":"https:\/\/vieassociative.be\/actualites\/wp-json\/wp\/v2\/users\/1"}],"replies":[{"embeddable":true,"href":"https:\/\/vieassociative.be\/actualites\/wp-json\/wp\/v2\/comments?post=2942"}],"version-history":[{"count":0,"href":"https:\/\/vieassociative.be\/actualites\/wp-json\/wp\/v2\/posts\/2942\/revisions"}],"wp:featuredmedia":[{"embeddable":true,"href":"https:\/\/vieassociative.be\/actualites\/wp-json\/wp\/v2\/media\/2943"}],"wp:attachment":[{"href":"https:\/\/vieassociative.be\/actualites\/wp-json\/wp\/v2\/media?parent=2942"}],"wp:term":[{"taxonomy":"category","embeddable":true,"href":"https:\/\/vieassociative.be\/actualites\/wp-json\/wp\/v2\/categories?post=2942"},{"taxonomy":"post_tag","embeddable":true,"href":"https:\/\/vieassociative.be\/actualites\/wp-json\/wp\/v2\/tags?post=2942"}],"curies":[{"name":"wp","href":"https:\/\/api.w.org\/{rel}","templated":true}]}}