{"id":2936,"date":"2024-12-01T03:17:03","date_gmt":"2024-12-01T02:17:03","guid":{"rendered":"https:\/\/vieassociative.be\/actualites\/un-regard-sur-le-monde-cache-de-leglise-catholique-marcel-bauer-a-propos-du-roman-le-prelat\/"},"modified":"2024-12-01T03:17:03","modified_gmt":"2024-12-01T02:17:03","slug":"un-regard-sur-le-monde-cache-de-leglise-catholique-marcel-bauer-a-propos-du-roman-le-prelat","status":"publish","type":"post","link":"https:\/\/vieassociative.be\/actualites\/un-regard-sur-le-monde-cache-de-leglise-catholique-marcel-bauer-a-propos-du-roman-le-prelat\/","title":{"rendered":"Un regard sur le monde cach\u00e9 de l\u2019\u00c9glise catholique \u2013 Marcel Bauer \u00e0 propos du roman \u00ab Le Pr\u00e9lat \u00bb"},"content":{"rendered":"<p><strong>Apr\u00e8s le best-seller r\u00e9gional \u00ab\u00a0Schattenkinder\u00a0\u00bb, qui en est d\u00e9sormais \u00e0 sa cinqui\u00e8me \u00e9dition, et le d\u00e9licieux roman picaresque \u00ab\u00a0La Souris\u00a0\u00bb, l&rsquo;\u00e9crivain eupenois Marcel Bauer consacre son nouveau roman \u00ab\u00a0Le Pr\u00e9lat &#8211; Une carri\u00e8re cl\u00e9ricale\u00a0\u00bb \u00e0 un sujet s\u00e9rieux : l&rsquo;int\u00e9rieur \u00e9tat de l&rsquo;\u00c9glise catholique en prenant pour exemple l&rsquo;ascension et la chute d&rsquo;un haut dignitaire.<\/strong><\/p>\n<p><span id=\"more-402954\"><\/span>Gerd Havenith a lu en quelques jours le nouveau roman \u00ab Le Pr\u00e9lat \u00bb et a \u00e9t\u00e9 \u00e9tonn\u00e9 de voir avec quelle brio et en m\u00eame temps Marcel Bauer a analys\u00e9 et expos\u00e9 avec brio la crise de l&rsquo;\u00c9glise catholique. Il a ensuite eu la conversation suivante avec l&rsquo;auteur Marcel Bauer.<\/p>\n<p><strong>\u2013 Monsieur Bauer, m\u00eame si vous affirmez dans une d\u00e9claration que tous les personnages et tous les \u00e9v\u00e9nements du roman \u00e9taient fictifs, n&rsquo;aviez-vous pas en t\u00eate une personne en particulier lorsque vous avez racont\u00e9 la vie d&rsquo;Heribert Lohse ?<\/strong><\/p>\n<div id=\"attachment_398892\" class=\"wp-caption alignleft\" style=\"max-width: 300px\"><img fetchpriority=\"high\" decoding=\"async\" class=\"wp-image-398892 size-medium\" src=\"https:\/\/vieassociative.be\/actualites\/wp-content\/uploads\/2024\/12\/Un-regard-sur-le-monde-cache-de-lEglise-catholique-\u2013.jpg\" alt=\"\" width=\"300\" height=\"215\"  ><\/p>\n<p class=\"wp-caption-text\">La couverture du roman de Marcel Bauer. @Rhein-Mosel Verlag<\/p>\n<\/div>\n<p><strong>Marcel Bauer :<\/strong> Un roman est toujours une fiction. L\u2019impulsion pour cela est g\u00e9n\u00e9ralement fournie par des exp\u00e9riences et des opinions personnelles. Mais dans ce contexte, les gens d\u00e9veloppent leur propre vie, qui se d\u00e9marque des mod\u00e8les concrets.<\/p>\n<p><strong>\u2013 De quoi parle r\u00e9ellement votre nouveau roman ? Sur les luttes de pouvoir et les griefs au sein de l&rsquo;\u00c9glise catholique ou sur l&rsquo;homosexualit\u00e9 de votre personnage principal ?<\/strong><\/p>\n<p><strong>Fermier:<\/strong> En prenant l\u2019exemple de l\u2019homosexualit\u00e9 de nombreux pr\u00eatres et religieux, fait maintes fois r\u00e9prim\u00e9 par l\u2019\u00c9glise officielle, j\u2019essaie de mettre en lumi\u00e8re le fonctionnement interne de l\u2019\u00c9glise catholique.<\/p>\n<p><strong>\u2013 L\u2019\u00c9glise catholique, avec ses intrigues et ses luttes de pouvoir, peut-elle \u00eatre facilement compar\u00e9e \u00e0 un parti politique ou \u00e0 une entreprise commerciale ?<\/strong><\/p>\n<p><strong>Fermier:<\/strong> Pour les \u00e9trangers, l\u2019\u00c9glise ressemble \u00e0 une soci\u00e9t\u00e9 secr\u00e8te dans laquelle r\u00e8gne \u00ab l\u2019Omerta \u00bb, le commandement du silence. Le fait est que l\u2019\u00c9glise suit des r\u00e8gles internes qu\u2019elle consid\u00e8re comme irr\u00e9futables et qui la distinguent fondamentalement des institutions \u00ab la\u00efques \u00bb. Quoi qu\u2019il en soit, il existe des d\u00e9ficits d\u00e9mocratiques dans l\u2019\u00c9glise. Si l&rsquo;\u00c9glise pr\u00e9tend repr\u00e9senter le peuple de Dieu, elle doit aussi permettre \u00e0 ce peuple d&rsquo;avoir son mot \u00e0 dire sur toutes les questions qui ne concernent pas directement le d\u00e9p\u00f4t de la foi.<\/p>\n<\/p>\n<div id=\"attachment_402959\" class=\"wp-caption alignnone\" style=\"max-width: 300px\"><img decoding=\"async\" class=\"size-medium wp-image-402959\" src=\"https:\/\/vieassociative.be\/actualites\/wp-content\/uploads\/2024\/12\/1733019423_347_Un-regard-sur-le-monde-cache-de-lEglise-catholique-\u2013.jpg\" alt=\"\" width=\"300\" height=\"252\"  ><\/p>\n<p class=\"wp-caption-text\">Auteur Marcel Bauer. Photo : priv\u00e9<\/p>\n<\/div>\n<p><strong>\u2013 Outre la description des \u00e9v\u00e9nements contemporains dans la zone frontali\u00e8re germano-belge, votre roman impressionne particuli\u00e8rement par sa description pr\u00e9cise de la mission et de l&rsquo;aide au d\u00e9veloppement en Afrique et en Am\u00e9rique du Sud. Votre exp\u00e9rience en tant que journaliste de voyage vous a-t-elle \u00e9t\u00e9 b\u00e9n\u00e9fique ?<\/strong><\/p>\n<p><strong>Fermier:<\/strong> En tant que journaliste, vous avez appris \u00e0 quel point les faits sont importants. Cela d\u00e9teint \u00e9galement sur l\u2019\u0153uvre litt\u00e9raire.<\/p>\n<p><strong>\u2013 J\u2019ai trouv\u00e9 votre style narratif parfois tr\u00e8s distant. En tant qu&rsquo;auteur, avez-vous consciemment gard\u00e9 vos distances avec le h\u00e9ros de votre roman, Heribert Lohse, le pr\u00e9lat ?<\/strong><\/p>\n<p><strong>Fermier:<\/strong> D\u00e8s le d\u00e9but, j\u2019avais l\u2019intention de garder mes distances et de ne pas m\u2019\u00e9riger en professeur de morale. En analysant les circonstances dans lesquelles se trouvent mes personnages, j&rsquo;esp\u00e8re rendre leur comportement et leurs d\u00e9cisions compr\u00e9hensibles et compr\u00e9hensibles.<\/p>\n<p><strong>\u2013 Vous n\u2019abordez que bri\u00e8vement les abus sexuels sur enfants dans l\u2019\u00c9glise catholique \u00e0 la fin du roman. \u00c9tait-ce trop sensible pour vous d\u2019\u00e9crire sur un eccl\u00e9siastique p\u00e9dophile ?<\/strong><\/p>\n<p><strong>Fermier:<\/strong> Le scandale des abus est une bo\u00eete de Pandore qui ne s&rsquo;est ouverte que vers 2010. Mon h\u00e9ros \u00e9tait d\u00e9c\u00e9d\u00e9 depuis longtemps. Mais il y avait d\u00e9j\u00e0 des signes et des indices.<\/p>\n<p><strong>\u2013 Heribert Lohse meurt du SIDA. Dans quelle mesure votre roman a-t-il encore une fin r\u00e9conciliatrice ?<\/strong><\/p>\n<div id=\"attachment_15096\" class=\"wp-caption alignleft\" style=\"max-width: 300px\"><img decoding=\"async\" class=\"wp-image-15096 size-medium\" src=\"https:\/\/vieassociative.be\/actualites\/wp-content\/uploads\/2024\/12\/1733019423_638_Un-regard-sur-le-monde-cache-de-lEglise-catholique-\u2013.jpg\" alt=\"\" width=\"300\" height=\"200\"  ><\/p>\n<p class=\"wp-caption-text\">Basilique Saint-Pierre \u00e0 Rome : Photo : Shutterstock<\/p>\n<\/div>\n<p><strong>Fermier:<\/strong> Ce n&rsquo;est pas l&rsquo;apparition de cette terrible maladie, mais la prise de conscience qu&rsquo;il a gaspill\u00e9 sa vie \u00e0 lutter pour le pouvoir et le prestige qui fait se retourner le pr\u00e9lat Lohse.<\/p>\n<p><strong>\u2013 Esp\u00e9rez-vous que votre nouvelle \u0153uvre aura un impact aussi grandiose que votre roman \u00ab Les Enfants de l\u2019Ombre \u00bb, m\u00eame si \u00ab Le Pr\u00e9lat \u00bb montre le c\u00f4t\u00e9 n\u00e9gatif de l\u2019\u00c9glise catholique ?<\/strong><\/p>\n<p><strong>Fermier:<\/strong> C&rsquo;est \u00e9crit dans les \u00e9toiles. Mais je crois que le sujet int\u00e9resse un large public car il donne un aper\u00e7u de l\u2019appareil eccl\u00e9sial, qui est compl\u00e8tement ferm\u00e9 au monde ext\u00e9rieur et appara\u00eet imp\u00e9n\u00e9trable \u00e0 beaucoup de gens.<\/p>\n<p><strong>\u2013 \u00cates-vous en train d\u2019\u00e9crire un nouveau livre ? Pouvez-vous d\u00e9j\u00e0 nous dire quelque chose ?<\/strong><\/p>\n<p><b>Fermier:<\/b>Je travaille sur un roman historique. Il s&rsquo;agit de la relation intense que le b\u00e2tisseur Jakob Couven, fils du grand Johann Joseph Couven, entretenait avec Jos\u00e9phine de Beauharnais, \u00e9pouse de Napol\u00e9on, qui resta plusieurs mois \u00e0 Aix-la-Chapelle pour y faire une cure. <strong>RGO HAVENITH<\/strong><\/p>\n<h3>Au point<\/h3>\n<p><i>Veuillez terminer les phrases suivantes bri\u00e8vement et spontan\u00e9ment\u00a0!<\/i><\/p>\n<ul>\n<li><strong>J&rsquo;entends le BRF&#8230;<\/strong> aussi souvent que je peux.<\/li>\n<li><strong>L&rsquo;\u00e9crivain Bruno Kartheuser&#8230;<\/strong> peut avoir ses m\u00e9rites.<\/li>\n<li><strong>La r\u00e9\u00e9lection de Donald Trump est&#8230;<\/strong> un traumatisme pour moi.<\/li>\n<li><strong>Le buisson orphelin&#8230;<\/strong> est malheureusement orphelin.<\/li>\n<li><strong>Mes films pr\u00e9f\u00e9r\u00e9s sont&#8230;<\/strong> \u00ab Le Parrain 1 \u00bb de Francis Coppola, \u00ab La Liste Schindler \u00bb de Steven Spielberg et \u00ab J\u00e9sus de Nazareth \u00bb de Franco Zeffirelli.<\/li>\n<li><strong>La popularit\u00e9 de Freddy Derwahl&#8230;<\/strong> auront leurs raisons.<\/li>\n<li><strong>La politique est-belge&#8230;<\/strong> ne m&rsquo;\u00e9meut que marginalement.<\/li>\n<li><strong>En tant que retrait\u00e9, je vis&#8230;<\/strong> enfin la fa\u00e7on dont je r\u00eavais en tant que jeune.<\/li>\n<li><strong>Religion&#8230;<\/strong> est le fondement de ma vie.<\/li>\n<\/ul>\n<p><em>Marcel Bauer \u00ab Le Pr\u00e9lat \u00bb \u2022 Rhein-Mosel-Verlag<\/em><br \/>\n<em>Brochure \u2022 178 pages \u2022 ISBN 978-3-89801-478-6 \u2022 13,50 euros<\/em><\/p>\n","protected":false},"excerpt":{"rendered":"<p>Apr\u00e8s le best-seller r\u00e9gional \u00ab\u00a0Schattenkinder\u00a0\u00bb, qui en est d\u00e9sormais \u00e0 sa cinqui\u00e8me \u00e9dition, et le d\u00e9licieux roman picaresque \u00ab\u00a0La Souris\u00a0\u00bb, l&rsquo;\u00e9crivain eupenois Marcel Bauer consacre<\/p>\n","protected":false},"author":1,"featured_media":2937,"comment_status":"","ping_status":"","sticky":false,"template":"","format":"standard","meta":{"footnotes":""},"categories":[298],"tags":[3652,2227,3650,3649,3651,237,3654,1496,3648,3653,33],"class_list":["post-2936","post","type-post","status-publish","format-standard","has-post-thumbnail","hentry","category-belgique","tag-bauer","tag-cache","tag-catholique","tag-leglise","tag-marcel","tag-monde","tag-prelat","tag-propos","tag-regard","tag-roman","tag-sur","generate-columns","tablet-grid-50","mobile-grid-100","grid-parent","grid-33"],"yoast_head":"<!-- This site is optimized with the Yoast SEO plugin v24.0 - https:\/\/yoast.com\/wordpress\/plugins\/seo\/ -->\n<title>Un regard sur le monde cach\u00e9 de l\u2019\u00c9glise catholique \u2013 Marcel Bauer \u00e0 propos du roman \u00ab Le Pr\u00e9lat \u00bb | Vie Associative<\/title>\n<meta name=\"robots\" content=\"index, follow, max-snippet:-1, max-image-preview:large, max-video-preview:-1\" \/>\n<link rel=\"canonical\" href=\"https:\/\/vieassociative.be\/actualites\/un-regard-sur-le-monde-cache-de-leglise-catholique-marcel-bauer-a-propos-du-roman-le-prelat\/\" \/>\n<meta property=\"og:locale\" content=\"fr_FR\" \/>\n<meta property=\"og:type\" content=\"article\" \/>\n<meta property=\"og:title\" content=\"Un regard sur le monde cach\u00e9 de l\u2019\u00c9glise catholique \u2013 Marcel Bauer \u00e0 propos du roman \u00ab Le Pr\u00e9lat \u00bb | Vie Associative\" \/>\n<meta property=\"og:description\" content=\"Apr\u00e8s le best-seller r\u00e9gional \u00ab\u00a0Schattenkinder\u00a0\u00bb, qui en est d\u00e9sormais \u00e0 sa cinqui\u00e8me \u00e9dition, et le d\u00e9licieux roman picaresque \u00ab\u00a0La Souris\u00a0\u00bb, l&rsquo;\u00e9crivain eupenois Marcel Bauer consacre\" \/>\n<meta property=\"og:url\" content=\"https:\/\/vieassociative.be\/actualites\/un-regard-sur-le-monde-cache-de-leglise-catholique-marcel-bauer-a-propos-du-roman-le-prelat\/\" \/>\n<meta property=\"og:site_name\" content=\"Vie Associative\" \/>\n<meta property=\"article:published_time\" content=\"2024-12-01T02:17:03+00:00\" \/>\n<meta property=\"og:image\" content=\"https:\/\/vieassociative.be\/actualites\/wp-content\/uploads\/2024\/09\/header_backgroundk-01-e1726694325946.png\" \/>\n\t<meta property=\"og:image:width\" content=\"279\" \/>\n\t<meta property=\"og:image:height\" content=\"92\" \/>\n\t<meta property=\"og:image:type\" content=\"image\/png\" \/>\n<meta name=\"author\" content=\"Julien\" \/>\n<meta name=\"twitter:card\" content=\"summary_large_image\" \/>\n<meta name=\"twitter:label1\" content=\"\u00c9crit par\" \/>\n\t<meta name=\"twitter:data1\" content=\"Julien\" \/>\n\t<meta name=\"twitter:label2\" content=\"Dur\u00e9e de lecture est.\" \/>\n\t<meta name=\"twitter:data2\" content=\"5 minutes\" \/>\n<script type=\"application\/ld+json\" class=\"yoast-schema-graph\">{\"@context\":\"https:\/\/schema.org\",\"@graph\":[{\"@type\":\"Article\",\"@id\":\"https:\/\/vieassociative.be\/actualites\/un-regard-sur-le-monde-cache-de-leglise-catholique-marcel-bauer-a-propos-du-roman-le-prelat\/#article\",\"isPartOf\":{\"@id\":\"https:\/\/vieassociative.be\/actualites\/un-regard-sur-le-monde-cache-de-leglise-catholique-marcel-bauer-a-propos-du-roman-le-prelat\/\"},\"author\":{\"name\":\"Julien\",\"@id\":\"https:\/\/vieassociative.be\/actualites\/#\/schema\/person\/b87ac4f82f9d4e7b7cec7395b679edc4\"},\"headline\":\"Un regard sur le monde cach\u00e9 de l\u2019\u00c9glise catholique \u2013 Marcel Bauer \u00e0 propos du roman \u00ab Le Pr\u00e9lat \u00bb\",\"datePublished\":\"2024-12-01T02:17:03+00:00\",\"dateModified\":\"2024-12-01T02:17:03+00:00\",\"mainEntityOfPage\":{\"@id\":\"https:\/\/vieassociative.be\/actualites\/un-regard-sur-le-monde-cache-de-leglise-catholique-marcel-bauer-a-propos-du-roman-le-prelat\/\"},\"wordCount\":991,\"publisher\":{\"@id\":\"https:\/\/vieassociative.be\/actualites\/#organization\"},\"image\":{\"@id\":\"https:\/\/vieassociative.be\/actualites\/un-regard-sur-le-monde-cache-de-leglise-catholique-marcel-bauer-a-propos-du-roman-le-prelat\/#primaryimage\"},\"thumbnailUrl\":\"https:\/\/vieassociative.be\/actualites\/wp-content\/uploads\/2024\/12\/Un-regard-sur-le-monde-cache-de-lEglise-catholique-\u2013.jpeg\",\"keywords\":[\"Bauer\",\"cach\u00e9\",\"catholique\",\"l\u00c9glise\",\"Marcel\",\"monde\",\"Pr\u00e9lat\",\"propos\",\"regard\",\"roman\",\"sur\"],\"articleSection\":[\"Belgique\"],\"inLanguage\":\"fr-BE\"},{\"@type\":\"WebPage\",\"@id\":\"https:\/\/vieassociative.be\/actualites\/un-regard-sur-le-monde-cache-de-leglise-catholique-marcel-bauer-a-propos-du-roman-le-prelat\/\",\"url\":\"https:\/\/vieassociative.be\/actualites\/un-regard-sur-le-monde-cache-de-leglise-catholique-marcel-bauer-a-propos-du-roman-le-prelat\/\",\"name\":\"Un regard sur le monde cach\u00e9 de l\u2019\u00c9glise catholique \u2013 Marcel Bauer \u00e0 propos du roman \u00ab Le Pr\u00e9lat \u00bb | Vie Associative\",\"isPartOf\":{\"@id\":\"https:\/\/vieassociative.be\/actualites\/#website\"},\"primaryImageOfPage\":{\"@id\":\"https:\/\/vieassociative.be\/actualites\/un-regard-sur-le-monde-cache-de-leglise-catholique-marcel-bauer-a-propos-du-roman-le-prelat\/#primaryimage\"},\"image\":{\"@id\":\"https:\/\/vieassociative.be\/actualites\/un-regard-sur-le-monde-cache-de-leglise-catholique-marcel-bauer-a-propos-du-roman-le-prelat\/#primaryimage\"},\"thumbnailUrl\":\"https:\/\/vieassociative.be\/actualites\/wp-content\/uploads\/2024\/12\/Un-regard-sur-le-monde-cache-de-lEglise-catholique-\u2013.jpeg\",\"datePublished\":\"2024-12-01T02:17:03+00:00\",\"dateModified\":\"2024-12-01T02:17:03+00:00\",\"breadcrumb\":{\"@id\":\"https:\/\/vieassociative.be\/actualites\/un-regard-sur-le-monde-cache-de-leglise-catholique-marcel-bauer-a-propos-du-roman-le-prelat\/#breadcrumb\"},\"inLanguage\":\"fr-BE\",\"potentialAction\":[{\"@type\":\"ReadAction\",\"target\":[\"https:\/\/vieassociative.be\/actualites\/un-regard-sur-le-monde-cache-de-leglise-catholique-marcel-bauer-a-propos-du-roman-le-prelat\/\"]}]},{\"@type\":\"ImageObject\",\"inLanguage\":\"fr-BE\",\"@id\":\"https:\/\/vieassociative.be\/actualites\/un-regard-sur-le-monde-cache-de-leglise-catholique-marcel-bauer-a-propos-du-roman-le-prelat\/#primaryimage\",\"url\":\"https:\/\/vieassociative.be\/actualites\/wp-content\/uploads\/2024\/12\/Un-regard-sur-le-monde-cache-de-lEglise-catholique-\u2013.jpeg\",\"contentUrl\":\"https:\/\/vieassociative.be\/actualites\/wp-content\/uploads\/2024\/12\/Un-regard-sur-le-monde-cache-de-lEglise-catholique-\u2013.jpeg\",\"width\":1200,\"height\":800,\"caption\":\"Un regard sur le monde cach\u00e9 de l\u2019\u00c9glise catholique \u2013 Marcel Bauer \u00e0 propos du roman \u00ab Le Pr\u00e9lat \u00bb\"},{\"@type\":\"BreadcrumbList\",\"@id\":\"https:\/\/vieassociative.be\/actualites\/un-regard-sur-le-monde-cache-de-leglise-catholique-marcel-bauer-a-propos-du-roman-le-prelat\/#breadcrumb\",\"itemListElement\":[{\"@type\":\"ListItem\",\"position\":1,\"name\":\"Accueil\",\"item\":\"https:\/\/vieassociative.be\/actualites\/\"},{\"@type\":\"ListItem\",\"position\":2,\"name\":\"Un regard sur le monde cach\u00e9 de l\u2019\u00c9glise catholique \u2013 Marcel Bauer \u00e0 propos du roman \u00ab Le Pr\u00e9lat \u00bb\"}]},{\"@type\":\"WebSite\",\"@id\":\"https:\/\/vieassociative.be\/actualites\/#website\",\"url\":\"https:\/\/vieassociative.be\/actualites\/\",\"name\":\"Vie Associative\",\"description\":\"\",\"publisher\":{\"@id\":\"https:\/\/vieassociative.be\/actualites\/#organization\"},\"potentialAction\":[{\"@type\":\"SearchAction\",\"target\":{\"@type\":\"EntryPoint\",\"urlTemplate\":\"https:\/\/vieassociative.be\/actualites\/?s={search_term_string}\"},\"query-input\":{\"@type\":\"PropertyValueSpecification\",\"valueRequired\":true,\"valueName\":\"search_term_string\"}}],\"inLanguage\":\"fr-BE\"},{\"@type\":\"Organization\",\"@id\":\"https:\/\/vieassociative.be\/actualites\/#organization\",\"name\":\"Vie Associative\",\"url\":\"https:\/\/vieassociative.be\/actualites\/\",\"logo\":{\"@type\":\"ImageObject\",\"inLanguage\":\"fr-BE\",\"@id\":\"https:\/\/vieassociative.be\/actualites\/#\/schema\/logo\/image\/\",\"url\":\"https:\/\/vieassociative.be\/actualites\/wp-content\/uploads\/2024\/09\/cropped-vieassociative_favicon.ico.png\",\"contentUrl\":\"https:\/\/vieassociative.be\/actualites\/wp-content\/uploads\/2024\/09\/cropped-vieassociative_favicon.ico.png\",\"width\":512,\"height\":512,\"caption\":\"Vie Associative\"},\"image\":{\"@id\":\"https:\/\/vieassociative.be\/actualites\/#\/schema\/logo\/image\/\"}},{\"@type\":\"Person\",\"@id\":\"https:\/\/vieassociative.be\/actualites\/#\/schema\/person\/b87ac4f82f9d4e7b7cec7395b679edc4\",\"name\":\"Julien\",\"image\":{\"@type\":\"ImageObject\",\"inLanguage\":\"fr-BE\",\"@id\":\"https:\/\/vieassociative.be\/actualites\/#\/schema\/person\/image\/\",\"url\":\"https:\/\/vieassociative.be\/actualites\/wp-content\/uploads\/2024\/09\/vie-associative-1-150x150.jpg\",\"contentUrl\":\"https:\/\/vieassociative.be\/actualites\/wp-content\/uploads\/2024\/09\/vie-associative-1-150x150.jpg\",\"caption\":\"Julien\"},\"description\":\"Je suis Julien, r\u00e9dacteur pour Vie Associative. Passionn\u00e9 par le monde associatif depuis plus de 10 ans, j'ai \u00e0 c\u0153ur de partager des histoires inspirantes et de mettre en lumi\u00e8re les initiatives locales. Mon objectif est de sensibiliser et d'encourager l'engagement communautaire \u00e0 travers mes articles.\",\"sameAs\":[\"https:\/\/vieassociative.be\/\"]}]}<\/script>\n<!-- \/ Yoast SEO plugin. -->","yoast_head_json":{"title":"Un regard sur le monde cach\u00e9 de l\u2019\u00c9glise catholique \u2013 Marcel Bauer \u00e0 propos du roman \u00ab Le Pr\u00e9lat \u00bb | Vie Associative","robots":{"index":"index","follow":"follow","max-snippet":"max-snippet:-1","max-image-preview":"max-image-preview:large","max-video-preview":"max-video-preview:-1"},"canonical":"https:\/\/vieassociative.be\/actualites\/un-regard-sur-le-monde-cache-de-leglise-catholique-marcel-bauer-a-propos-du-roman-le-prelat\/","og_locale":"fr_FR","og_type":"article","og_title":"Un regard sur le monde cach\u00e9 de l\u2019\u00c9glise catholique \u2013 Marcel Bauer \u00e0 propos du roman \u00ab Le Pr\u00e9lat \u00bb | Vie Associative","og_description":"Apr\u00e8s le best-seller r\u00e9gional \u00ab\u00a0Schattenkinder\u00a0\u00bb, qui en est d\u00e9sormais \u00e0 sa cinqui\u00e8me \u00e9dition, et le d\u00e9licieux roman picaresque \u00ab\u00a0La Souris\u00a0\u00bb, l&rsquo;\u00e9crivain eupenois Marcel Bauer consacre","og_url":"https:\/\/vieassociative.be\/actualites\/un-regard-sur-le-monde-cache-de-leglise-catholique-marcel-bauer-a-propos-du-roman-le-prelat\/","og_site_name":"Vie Associative","article_published_time":"2024-12-01T02:17:03+00:00","og_image":[{"width":279,"height":92,"url":"https:\/\/vieassociative.be\/actualites\/wp-content\/uploads\/2024\/09\/header_backgroundk-01-e1726694325946.png","type":"image\/png"}],"author":"Julien","twitter_card":"summary_large_image","twitter_misc":{"\u00c9crit par":"Julien","Dur\u00e9e de lecture est.":"5 minutes"},"schema":{"@context":"https:\/\/schema.org","@graph":[{"@type":"Article","@id":"https:\/\/vieassociative.be\/actualites\/un-regard-sur-le-monde-cache-de-leglise-catholique-marcel-bauer-a-propos-du-roman-le-prelat\/#article","isPartOf":{"@id":"https:\/\/vieassociative.be\/actualites\/un-regard-sur-le-monde-cache-de-leglise-catholique-marcel-bauer-a-propos-du-roman-le-prelat\/"},"author":{"name":"Julien","@id":"https:\/\/vieassociative.be\/actualites\/#\/schema\/person\/b87ac4f82f9d4e7b7cec7395b679edc4"},"headline":"Un regard sur le monde cach\u00e9 de l\u2019\u00c9glise catholique \u2013 Marcel Bauer \u00e0 propos du roman \u00ab Le Pr\u00e9lat \u00bb","datePublished":"2024-12-01T02:17:03+00:00","dateModified":"2024-12-01T02:17:03+00:00","mainEntityOfPage":{"@id":"https:\/\/vieassociative.be\/actualites\/un-regard-sur-le-monde-cache-de-leglise-catholique-marcel-bauer-a-propos-du-roman-le-prelat\/"},"wordCount":991,"publisher":{"@id":"https:\/\/vieassociative.be\/actualites\/#organization"},"image":{"@id":"https:\/\/vieassociative.be\/actualites\/un-regard-sur-le-monde-cache-de-leglise-catholique-marcel-bauer-a-propos-du-roman-le-prelat\/#primaryimage"},"thumbnailUrl":"https:\/\/vieassociative.be\/actualites\/wp-content\/uploads\/2024\/12\/Un-regard-sur-le-monde-cache-de-lEglise-catholique-\u2013.jpeg","keywords":["Bauer","cach\u00e9","catholique","l\u00c9glise","Marcel","monde","Pr\u00e9lat","propos","regard","roman","sur"],"articleSection":["Belgique"],"inLanguage":"fr-BE"},{"@type":"WebPage","@id":"https:\/\/vieassociative.be\/actualites\/un-regard-sur-le-monde-cache-de-leglise-catholique-marcel-bauer-a-propos-du-roman-le-prelat\/","url":"https:\/\/vieassociative.be\/actualites\/un-regard-sur-le-monde-cache-de-leglise-catholique-marcel-bauer-a-propos-du-roman-le-prelat\/","name":"Un regard sur le monde cach\u00e9 de l\u2019\u00c9glise catholique \u2013 Marcel Bauer \u00e0 propos du roman \u00ab Le Pr\u00e9lat \u00bb | Vie Associative","isPartOf":{"@id":"https:\/\/vieassociative.be\/actualites\/#website"},"primaryImageOfPage":{"@id":"https:\/\/vieassociative.be\/actualites\/un-regard-sur-le-monde-cache-de-leglise-catholique-marcel-bauer-a-propos-du-roman-le-prelat\/#primaryimage"},"image":{"@id":"https:\/\/vieassociative.be\/actualites\/un-regard-sur-le-monde-cache-de-leglise-catholique-marcel-bauer-a-propos-du-roman-le-prelat\/#primaryimage"},"thumbnailUrl":"https:\/\/vieassociative.be\/actualites\/wp-content\/uploads\/2024\/12\/Un-regard-sur-le-monde-cache-de-lEglise-catholique-\u2013.jpeg","datePublished":"2024-12-01T02:17:03+00:00","dateModified":"2024-12-01T02:17:03+00:00","breadcrumb":{"@id":"https:\/\/vieassociative.be\/actualites\/un-regard-sur-le-monde-cache-de-leglise-catholique-marcel-bauer-a-propos-du-roman-le-prelat\/#breadcrumb"},"inLanguage":"fr-BE","potentialAction":[{"@type":"ReadAction","target":["https:\/\/vieassociative.be\/actualites\/un-regard-sur-le-monde-cache-de-leglise-catholique-marcel-bauer-a-propos-du-roman-le-prelat\/"]}]},{"@type":"ImageObject","inLanguage":"fr-BE","@id":"https:\/\/vieassociative.be\/actualites\/un-regard-sur-le-monde-cache-de-leglise-catholique-marcel-bauer-a-propos-du-roman-le-prelat\/#primaryimage","url":"https:\/\/vieassociative.be\/actualites\/wp-content\/uploads\/2024\/12\/Un-regard-sur-le-monde-cache-de-lEglise-catholique-\u2013.jpeg","contentUrl":"https:\/\/vieassociative.be\/actualites\/wp-content\/uploads\/2024\/12\/Un-regard-sur-le-monde-cache-de-lEglise-catholique-\u2013.jpeg","width":1200,"height":800,"caption":"Un regard sur le monde cach\u00e9 de l\u2019\u00c9glise catholique \u2013 Marcel Bauer \u00e0 propos du roman \u00ab Le Pr\u00e9lat \u00bb"},{"@type":"BreadcrumbList","@id":"https:\/\/vieassociative.be\/actualites\/un-regard-sur-le-monde-cache-de-leglise-catholique-marcel-bauer-a-propos-du-roman-le-prelat\/#breadcrumb","itemListElement":[{"@type":"ListItem","position":1,"name":"Accueil","item":"https:\/\/vieassociative.be\/actualites\/"},{"@type":"ListItem","position":2,"name":"Un regard sur le monde cach\u00e9 de l\u2019\u00c9glise catholique \u2013 Marcel Bauer \u00e0 propos du roman \u00ab Le Pr\u00e9lat \u00bb"}]},{"@type":"WebSite","@id":"https:\/\/vieassociative.be\/actualites\/#website","url":"https:\/\/vieassociative.be\/actualites\/","name":"Vie Associative","description":"","publisher":{"@id":"https:\/\/vieassociative.be\/actualites\/#organization"},"potentialAction":[{"@type":"SearchAction","target":{"@type":"EntryPoint","urlTemplate":"https:\/\/vieassociative.be\/actualites\/?s={search_term_string}"},"query-input":{"@type":"PropertyValueSpecification","valueRequired":true,"valueName":"search_term_string"}}],"inLanguage":"fr-BE"},{"@type":"Organization","@id":"https:\/\/vieassociative.be\/actualites\/#organization","name":"Vie Associative","url":"https:\/\/vieassociative.be\/actualites\/","logo":{"@type":"ImageObject","inLanguage":"fr-BE","@id":"https:\/\/vieassociative.be\/actualites\/#\/schema\/logo\/image\/","url":"https:\/\/vieassociative.be\/actualites\/wp-content\/uploads\/2024\/09\/cropped-vieassociative_favicon.ico.png","contentUrl":"https:\/\/vieassociative.be\/actualites\/wp-content\/uploads\/2024\/09\/cropped-vieassociative_favicon.ico.png","width":512,"height":512,"caption":"Vie Associative"},"image":{"@id":"https:\/\/vieassociative.be\/actualites\/#\/schema\/logo\/image\/"}},{"@type":"Person","@id":"https:\/\/vieassociative.be\/actualites\/#\/schema\/person\/b87ac4f82f9d4e7b7cec7395b679edc4","name":"Julien","image":{"@type":"ImageObject","inLanguage":"fr-BE","@id":"https:\/\/vieassociative.be\/actualites\/#\/schema\/person\/image\/","url":"https:\/\/vieassociative.be\/actualites\/wp-content\/uploads\/2024\/09\/vie-associative-1-150x150.jpg","contentUrl":"https:\/\/vieassociative.be\/actualites\/wp-content\/uploads\/2024\/09\/vie-associative-1-150x150.jpg","caption":"Julien"},"description":"Je suis Julien, r\u00e9dacteur pour Vie Associative. Passionn\u00e9 par le monde associatif depuis plus de 10 ans, j'ai \u00e0 c\u0153ur de partager des histoires inspirantes et de mettre en lumi\u00e8re les initiatives locales. Mon objectif est de sensibiliser et d'encourager l'engagement communautaire \u00e0 travers mes articles.","sameAs":["https:\/\/vieassociative.be\/"]}]}},"_links":{"self":[{"href":"https:\/\/vieassociative.be\/actualites\/wp-json\/wp\/v2\/posts\/2936"}],"collection":[{"href":"https:\/\/vieassociative.be\/actualites\/wp-json\/wp\/v2\/posts"}],"about":[{"href":"https:\/\/vieassociative.be\/actualites\/wp-json\/wp\/v2\/types\/post"}],"author":[{"embeddable":true,"href":"https:\/\/vieassociative.be\/actualites\/wp-json\/wp\/v2\/users\/1"}],"replies":[{"embeddable":true,"href":"https:\/\/vieassociative.be\/actualites\/wp-json\/wp\/v2\/comments?post=2936"}],"version-history":[{"count":0,"href":"https:\/\/vieassociative.be\/actualites\/wp-json\/wp\/v2\/posts\/2936\/revisions"}],"wp:featuredmedia":[{"embeddable":true,"href":"https:\/\/vieassociative.be\/actualites\/wp-json\/wp\/v2\/media\/2937"}],"wp:attachment":[{"href":"https:\/\/vieassociative.be\/actualites\/wp-json\/wp\/v2\/media?parent=2936"}],"wp:term":[{"taxonomy":"category","embeddable":true,"href":"https:\/\/vieassociative.be\/actualites\/wp-json\/wp\/v2\/categories?post=2936"},{"taxonomy":"post_tag","embeddable":true,"href":"https:\/\/vieassociative.be\/actualites\/wp-json\/wp\/v2\/tags?post=2936"}],"curies":[{"name":"wp","href":"https:\/\/api.w.org\/{rel}","templated":true}]}}