{"id":2934,"date":"2024-12-01T02:17:11","date_gmt":"2024-12-01T01:17:11","guid":{"rendered":"https:\/\/vieassociative.be\/actualites\/le-televiseur-the-frame-de-samsung-a-son-prix-le-plus-bas-jamais-vu-pour-le-black-friday\/"},"modified":"2024-12-01T02:17:11","modified_gmt":"2024-12-01T01:17:11","slug":"le-televiseur-the-frame-de-samsung-a-son-prix-le-plus-bas-jamais-vu-pour-le-black-friday","status":"publish","type":"post","link":"https:\/\/vieassociative.be\/actualites\/le-televiseur-the-frame-de-samsung-a-son-prix-le-plus-bas-jamais-vu-pour-le-black-friday\/","title":{"rendered":"Le t\u00e9l\u00e9viseur \u00ab The Frame \u00bb de Samsung a son prix le plus bas jamais vu pour le Black Friday"},"content":{"rendered":"<div class=\"mt-4 leading-6 md:mb-8\">Le Frame TV vous permet de transformer votre \u00e9cran en \u0153uvre d&rsquo;art lorsqu&rsquo;il est \u00e9teint, et il est \u00e0 40\u00a0% de r\u00e9duction pour le Black Friday.<\/div>\n<p><\/p>\n<p><em>Le Fram TV fait partie du million de produits en vente pour le Black Friday cette ann\u00e9e. Si vous \u00eates int\u00e9ress\u00e9 par la meilleure technologie en vente aujourd&rsquo;hui, <strong>consultez notre page des meilleures offres technologiques du Black Friday<\/strong><\/em><em>  pour une vue plus large de toutes les meilleures r\u00e9ductions que vous pouvez obtenir d\u00e8s maintenant. Les prix sont exacts au moment de la r\u00e9daction, mais vous pouvez vous attendre \u00e0 ce qu&rsquo;ils fluctuent et que les stocks se vendent, vous ne voudrez donc peut-\u00eatre pas h\u00e9siter si vous voyez une vente qui vous attire.<\/em><\/p>\n<p>Le Black Friday est arriv\u00e9, avec les ventes d&rsquo;Amazon, Walmart, Target et Home Depot offrant toutes des prix record sur de nombreux produits technologiques. Pour ceux qui recherchent un nouveau t\u00e9l\u00e9viseur, le nouveau The Frame de 55 pouces de Samsung de 2024 propose une bonne affaire\u00a0: il est en vente \u00e0 <strong>897,99\u00a0$<\/strong> (\u00e0 l\u2019origine 1 497,99 $) apr\u00e8s une remise de 40 %, le prix le plus bas jamais enregistr\u00e9 selon les outils de suivi des prix. Le The Frame de 75 pouces est \u00e9galement \u00e0 40\u00a0% de r\u00e9duction, actuellement <strong>1\u00a0797,99\u00a0$ <\/strong>(\u00e0 l&rsquo;origine 2 997,99 $).<\/p>\n<p>Les t\u00e9l\u00e9viseurs intelligents The Frame de Samsung ont parcouru un long chemin depuis leur sortie en 2017. Lanc\u00e9e pour plaire \u00e0 la foule qui veut un grand t\u00e9l\u00e9viseur mais ne veut pas que ce t\u00e9l\u00e9viseur domine leur d\u00e9cor, l&rsquo;une des fonctionnalit\u00e9s les plus r\u00e9centes, sortie l&rsquo;ann\u00e9e derni\u00e8re, a introduit un \u00e9cran mat antireflet qui a apport\u00e9 l&rsquo;aspect \u00ab\u00a0\u0153uvre d&rsquo;art encadr\u00e9e\u00a0\u00bb \u00e0 nouveau niveaux et avec une qualit\u00e9 d\u2019image 4K. Comme son nom l&rsquo;indique, l&rsquo;attrait de ce t\u00e9l\u00e9viseur r\u00e9side dans le fait qu&rsquo;il peut \u00e9galement servir de cadre d&rsquo;art num\u00e9rique, avec son \u00e9cran mat antireflet et son cadre personnalisable.<\/p>\n<p>J&rsquo;ai vu de pr\u00e8s la version 2022 pour la premi\u00e8re fois lors de sa sortie, apr\u00e8s avoir certes \u00e9t\u00e9 tromp\u00e9 par mon fr\u00e8re en lui faisant croire qu&rsquo;il s&rsquo;agissait d&rsquo;un v\u00e9ritable tableau (il y ressemble vraiment). L&rsquo;\u00e9cran mat fait un bon travail en donnant au t\u00e9l\u00e9viseur l&rsquo;apparence d&rsquo;un tableau, et il est id\u00e9al pour les pi\u00e8ces lumineuses qui pourraient autrement recevoir beaucoup d&rsquo;\u00e9blouissements de l&rsquo;\u00e9cran. Cette version a re\u00e7u une \u00e9valuation \u00ab\u00a0moyenne\u00a0\u00bb de PCMag en raison principalement du mauvais contraste et de son prix. Cependant, la nouvelle version 2024 est la derni\u00e8re g\u00e9n\u00e9ration de cette s\u00e9rie et pr\u00e9sente des am\u00e9liorations notables. <\/p>\n<p>Vous obtiendrez un taux de rafra\u00eechissement am\u00e9lior\u00e9 de 120 Hz, le m\u00eame \u00e9cran QLED et une r\u00e9solution 4K avec un processeur Quantum 4K. Vous pouvez acheter des cadres s\u00e9par\u00e9ment \u00e0 votre go\u00fbt et m\u00eame les concevoir avec un th\u00e8me Harry Potter, comme ce type l&rsquo;a fait sur TikTok.<\/p>\n<div class=\"w-full mt-12 text-center sm:text-left\" x-data=\"{ showAll: false }\">\n<div class=\"flex flex-col items-center justify-between sm:px-6 sm:flex-row\">\n\t\t\t<span class=\"text-sm italic\">Les offres sont s\u00e9lectionn\u00e9es par notre \u00e9quipe commerciale<\/span><\/p><\/div>\n<\/p><\/div>\n<p><script async src=\"\/\/www.tiktok.com\/embed.js\"><\/script><\/p>\n","protected":false},"excerpt":{"rendered":"<p>Le Frame TV vous permet de transformer votre \u00e9cran en \u0153uvre d&rsquo;art lorsqu&rsquo;il est \u00e9teint, et il est \u00e0 40\u00a0% de r\u00e9duction pour le Black<\/p>\n","protected":false},"author":1,"featured_media":2935,"comment_status":"","ping_status":"","sticky":false,"template":"","format":"standard","meta":{"footnotes":""},"categories":[13],"tags":[700,73,3647,1255,851,81,1399,1878,800,1978],"class_list":["post-2934","post","type-post","status-publish","format-standard","has-post-thumbnail","hentry","category-technologie","tag-bas","tag-black","tag-frame","tag-friday","tag-jamais","tag-pour","tag-prix","tag-samsung","tag-son","tag-televiseur","generate-columns","tablet-grid-50","mobile-grid-100","grid-parent","grid-33"],"yoast_head":"<!-- This site is optimized with the Yoast SEO plugin v24.0 - https:\/\/yoast.com\/wordpress\/plugins\/seo\/ -->\n<title>Le t\u00e9l\u00e9viseur \u00ab The Frame \u00bb de Samsung a son prix le plus bas jamais vu pour le Black Friday | Vie Associative<\/title>\n<meta name=\"robots\" content=\"index, follow, max-snippet:-1, max-image-preview:large, max-video-preview:-1\" \/>\n<link rel=\"canonical\" href=\"https:\/\/vieassociative.be\/actualites\/le-televiseur-the-frame-de-samsung-a-son-prix-le-plus-bas-jamais-vu-pour-le-black-friday\/\" \/>\n<meta property=\"og:locale\" content=\"fr_FR\" \/>\n<meta property=\"og:type\" content=\"article\" \/>\n<meta property=\"og:title\" content=\"Le t\u00e9l\u00e9viseur \u00ab The Frame \u00bb de Samsung a son prix le plus bas jamais vu pour le Black Friday | Vie Associative\" \/>\n<meta property=\"og:description\" content=\"Le Frame TV vous permet de transformer votre \u00e9cran en \u0153uvre d&rsquo;art lorsqu&rsquo;il est \u00e9teint, et il est \u00e0 40\u00a0% de r\u00e9duction pour le Black\" \/>\n<meta property=\"og:url\" content=\"https:\/\/vieassociative.be\/actualites\/le-televiseur-the-frame-de-samsung-a-son-prix-le-plus-bas-jamais-vu-pour-le-black-friday\/\" \/>\n<meta property=\"og:site_name\" content=\"Vie Associative\" \/>\n<meta property=\"article:published_time\" content=\"2024-12-01T01:17:11+00:00\" \/>\n<meta property=\"og:image\" content=\"https:\/\/vieassociative.be\/actualites\/wp-content\/uploads\/2024\/09\/header_backgroundk-01-e1726694325946.png\" \/>\n\t<meta property=\"og:image:width\" content=\"279\" \/>\n\t<meta property=\"og:image:height\" content=\"92\" \/>\n\t<meta property=\"og:image:type\" content=\"image\/png\" \/>\n<meta name=\"author\" content=\"Julien\" \/>\n<meta name=\"twitter:card\" content=\"summary_large_image\" \/>\n<meta name=\"twitter:label1\" content=\"\u00c9crit par\" \/>\n\t<meta name=\"twitter:data1\" content=\"Julien\" \/>\n\t<meta name=\"twitter:label2\" content=\"Dur\u00e9e de lecture est.\" \/>\n\t<meta name=\"twitter:data2\" content=\"3 minutes\" \/>\n<script type=\"application\/ld+json\" class=\"yoast-schema-graph\">{\"@context\":\"https:\/\/schema.org\",\"@graph\":[{\"@type\":\"Article\",\"@id\":\"https:\/\/vieassociative.be\/actualites\/le-televiseur-the-frame-de-samsung-a-son-prix-le-plus-bas-jamais-vu-pour-le-black-friday\/#article\",\"isPartOf\":{\"@id\":\"https:\/\/vieassociative.be\/actualites\/le-televiseur-the-frame-de-samsung-a-son-prix-le-plus-bas-jamais-vu-pour-le-black-friday\/\"},\"author\":{\"name\":\"Julien\",\"@id\":\"https:\/\/vieassociative.be\/actualites\/#\/schema\/person\/b87ac4f82f9d4e7b7cec7395b679edc4\"},\"headline\":\"Le t\u00e9l\u00e9viseur \u00ab The Frame \u00bb de Samsung a son prix le plus bas jamais vu pour le Black Friday\",\"datePublished\":\"2024-12-01T01:17:11+00:00\",\"dateModified\":\"2024-12-01T01:17:11+00:00\",\"mainEntityOfPage\":{\"@id\":\"https:\/\/vieassociative.be\/actualites\/le-televiseur-the-frame-de-samsung-a-son-prix-le-plus-bas-jamais-vu-pour-le-black-friday\/\"},\"wordCount\":544,\"publisher\":{\"@id\":\"https:\/\/vieassociative.be\/actualites\/#organization\"},\"image\":{\"@id\":\"https:\/\/vieassociative.be\/actualites\/le-televiseur-the-frame-de-samsung-a-son-prix-le-plus-bas-jamais-vu-pour-le-black-friday\/#primaryimage\"},\"thumbnailUrl\":\"https:\/\/vieassociative.be\/actualites\/wp-content\/uploads\/2024\/12\/Le-televiseur-The-Frame-de-Samsung-a-son.png\",\"keywords\":[\"bas\",\"Black\",\"Frame\",\"Friday\",\"jamais\",\"pour\",\"prix\",\"Samsung\",\"son\",\"t\u00e9l\u00e9viseur\"],\"articleSection\":[\"Technologie\"],\"inLanguage\":\"fr-BE\"},{\"@type\":\"WebPage\",\"@id\":\"https:\/\/vieassociative.be\/actualites\/le-televiseur-the-frame-de-samsung-a-son-prix-le-plus-bas-jamais-vu-pour-le-black-friday\/\",\"url\":\"https:\/\/vieassociative.be\/actualites\/le-televiseur-the-frame-de-samsung-a-son-prix-le-plus-bas-jamais-vu-pour-le-black-friday\/\",\"name\":\"Le t\u00e9l\u00e9viseur \u00ab The Frame \u00bb de Samsung a son prix le plus bas jamais vu pour le Black Friday | Vie Associative\",\"isPartOf\":{\"@id\":\"https:\/\/vieassociative.be\/actualites\/#website\"},\"primaryImageOfPage\":{\"@id\":\"https:\/\/vieassociative.be\/actualites\/le-televiseur-the-frame-de-samsung-a-son-prix-le-plus-bas-jamais-vu-pour-le-black-friday\/#primaryimage\"},\"image\":{\"@id\":\"https:\/\/vieassociative.be\/actualites\/le-televiseur-the-frame-de-samsung-a-son-prix-le-plus-bas-jamais-vu-pour-le-black-friday\/#primaryimage\"},\"thumbnailUrl\":\"https:\/\/vieassociative.be\/actualites\/wp-content\/uploads\/2024\/12\/Le-televiseur-The-Frame-de-Samsung-a-son.png\",\"datePublished\":\"2024-12-01T01:17:11+00:00\",\"dateModified\":\"2024-12-01T01:17:11+00:00\",\"breadcrumb\":{\"@id\":\"https:\/\/vieassociative.be\/actualites\/le-televiseur-the-frame-de-samsung-a-son-prix-le-plus-bas-jamais-vu-pour-le-black-friday\/#breadcrumb\"},\"inLanguage\":\"fr-BE\",\"potentialAction\":[{\"@type\":\"ReadAction\",\"target\":[\"https:\/\/vieassociative.be\/actualites\/le-televiseur-the-frame-de-samsung-a-son-prix-le-plus-bas-jamais-vu-pour-le-black-friday\/\"]}]},{\"@type\":\"ImageObject\",\"inLanguage\":\"fr-BE\",\"@id\":\"https:\/\/vieassociative.be\/actualites\/le-televiseur-the-frame-de-samsung-a-son-prix-le-plus-bas-jamais-vu-pour-le-black-friday\/#primaryimage\",\"url\":\"https:\/\/vieassociative.be\/actualites\/wp-content\/uploads\/2024\/12\/Le-televiseur-The-Frame-de-Samsung-a-son.png\",\"contentUrl\":\"https:\/\/vieassociative.be\/actualites\/wp-content\/uploads\/2024\/12\/Le-televiseur-The-Frame-de-Samsung-a-son.png\",\"width\":1200,\"height\":675,\"caption\":\"Le t\u00e9l\u00e9viseur \u00ab The Frame \u00bb de Samsung a son prix le plus bas jamais vu pour le Black Friday\"},{\"@type\":\"BreadcrumbList\",\"@id\":\"https:\/\/vieassociative.be\/actualites\/le-televiseur-the-frame-de-samsung-a-son-prix-le-plus-bas-jamais-vu-pour-le-black-friday\/#breadcrumb\",\"itemListElement\":[{\"@type\":\"ListItem\",\"position\":1,\"name\":\"Accueil\",\"item\":\"https:\/\/vieassociative.be\/actualites\/\"},{\"@type\":\"ListItem\",\"position\":2,\"name\":\"Le t\u00e9l\u00e9viseur \u00ab The Frame \u00bb de Samsung a son prix le plus bas jamais vu pour le Black Friday\"}]},{\"@type\":\"WebSite\",\"@id\":\"https:\/\/vieassociative.be\/actualites\/#website\",\"url\":\"https:\/\/vieassociative.be\/actualites\/\",\"name\":\"Vie Associative\",\"description\":\"\",\"publisher\":{\"@id\":\"https:\/\/vieassociative.be\/actualites\/#organization\"},\"potentialAction\":[{\"@type\":\"SearchAction\",\"target\":{\"@type\":\"EntryPoint\",\"urlTemplate\":\"https:\/\/vieassociative.be\/actualites\/?s={search_term_string}\"},\"query-input\":{\"@type\":\"PropertyValueSpecification\",\"valueRequired\":true,\"valueName\":\"search_term_string\"}}],\"inLanguage\":\"fr-BE\"},{\"@type\":\"Organization\",\"@id\":\"https:\/\/vieassociative.be\/actualites\/#organization\",\"name\":\"Vie Associative\",\"url\":\"https:\/\/vieassociative.be\/actualites\/\",\"logo\":{\"@type\":\"ImageObject\",\"inLanguage\":\"fr-BE\",\"@id\":\"https:\/\/vieassociative.be\/actualites\/#\/schema\/logo\/image\/\",\"url\":\"https:\/\/vieassociative.be\/actualites\/wp-content\/uploads\/2024\/09\/cropped-vieassociative_favicon.ico.png\",\"contentUrl\":\"https:\/\/vieassociative.be\/actualites\/wp-content\/uploads\/2024\/09\/cropped-vieassociative_favicon.ico.png\",\"width\":512,\"height\":512,\"caption\":\"Vie Associative\"},\"image\":{\"@id\":\"https:\/\/vieassociative.be\/actualites\/#\/schema\/logo\/image\/\"}},{\"@type\":\"Person\",\"@id\":\"https:\/\/vieassociative.be\/actualites\/#\/schema\/person\/b87ac4f82f9d4e7b7cec7395b679edc4\",\"name\":\"Julien\",\"image\":{\"@type\":\"ImageObject\",\"inLanguage\":\"fr-BE\",\"@id\":\"https:\/\/vieassociative.be\/actualites\/#\/schema\/person\/image\/\",\"url\":\"https:\/\/vieassociative.be\/actualites\/wp-content\/uploads\/2024\/09\/vie-associative-1-150x150.jpg\",\"contentUrl\":\"https:\/\/vieassociative.be\/actualites\/wp-content\/uploads\/2024\/09\/vie-associative-1-150x150.jpg\",\"caption\":\"Julien\"},\"description\":\"Je suis Julien, r\u00e9dacteur pour Vie Associative. Passionn\u00e9 par le monde associatif depuis plus de 10 ans, j'ai \u00e0 c\u0153ur de partager des histoires inspirantes et de mettre en lumi\u00e8re les initiatives locales. Mon objectif est de sensibiliser et d'encourager l'engagement communautaire \u00e0 travers mes articles.\",\"sameAs\":[\"https:\/\/vieassociative.be\/\"]}]}<\/script>\n<!-- \/ Yoast SEO plugin. -->","yoast_head_json":{"title":"Le t\u00e9l\u00e9viseur \u00ab The Frame \u00bb de Samsung a son prix le plus bas jamais vu pour le Black Friday | Vie Associative","robots":{"index":"index","follow":"follow","max-snippet":"max-snippet:-1","max-image-preview":"max-image-preview:large","max-video-preview":"max-video-preview:-1"},"canonical":"https:\/\/vieassociative.be\/actualites\/le-televiseur-the-frame-de-samsung-a-son-prix-le-plus-bas-jamais-vu-pour-le-black-friday\/","og_locale":"fr_FR","og_type":"article","og_title":"Le t\u00e9l\u00e9viseur \u00ab The Frame \u00bb de Samsung a son prix le plus bas jamais vu pour le Black Friday | Vie Associative","og_description":"Le Frame TV vous permet de transformer votre \u00e9cran en \u0153uvre d&rsquo;art lorsqu&rsquo;il est \u00e9teint, et il est \u00e0 40\u00a0% de r\u00e9duction pour le Black","og_url":"https:\/\/vieassociative.be\/actualites\/le-televiseur-the-frame-de-samsung-a-son-prix-le-plus-bas-jamais-vu-pour-le-black-friday\/","og_site_name":"Vie Associative","article_published_time":"2024-12-01T01:17:11+00:00","og_image":[{"width":279,"height":92,"url":"https:\/\/vieassociative.be\/actualites\/wp-content\/uploads\/2024\/09\/header_backgroundk-01-e1726694325946.png","type":"image\/png"}],"author":"Julien","twitter_card":"summary_large_image","twitter_misc":{"\u00c9crit par":"Julien","Dur\u00e9e de lecture est.":"3 minutes"},"schema":{"@context":"https:\/\/schema.org","@graph":[{"@type":"Article","@id":"https:\/\/vieassociative.be\/actualites\/le-televiseur-the-frame-de-samsung-a-son-prix-le-plus-bas-jamais-vu-pour-le-black-friday\/#article","isPartOf":{"@id":"https:\/\/vieassociative.be\/actualites\/le-televiseur-the-frame-de-samsung-a-son-prix-le-plus-bas-jamais-vu-pour-le-black-friday\/"},"author":{"name":"Julien","@id":"https:\/\/vieassociative.be\/actualites\/#\/schema\/person\/b87ac4f82f9d4e7b7cec7395b679edc4"},"headline":"Le t\u00e9l\u00e9viseur \u00ab The Frame \u00bb de Samsung a son prix le plus bas jamais vu pour le Black Friday","datePublished":"2024-12-01T01:17:11+00:00","dateModified":"2024-12-01T01:17:11+00:00","mainEntityOfPage":{"@id":"https:\/\/vieassociative.be\/actualites\/le-televiseur-the-frame-de-samsung-a-son-prix-le-plus-bas-jamais-vu-pour-le-black-friday\/"},"wordCount":544,"publisher":{"@id":"https:\/\/vieassociative.be\/actualites\/#organization"},"image":{"@id":"https:\/\/vieassociative.be\/actualites\/le-televiseur-the-frame-de-samsung-a-son-prix-le-plus-bas-jamais-vu-pour-le-black-friday\/#primaryimage"},"thumbnailUrl":"https:\/\/vieassociative.be\/actualites\/wp-content\/uploads\/2024\/12\/Le-televiseur-The-Frame-de-Samsung-a-son.png","keywords":["bas","Black","Frame","Friday","jamais","pour","prix","Samsung","son","t\u00e9l\u00e9viseur"],"articleSection":["Technologie"],"inLanguage":"fr-BE"},{"@type":"WebPage","@id":"https:\/\/vieassociative.be\/actualites\/le-televiseur-the-frame-de-samsung-a-son-prix-le-plus-bas-jamais-vu-pour-le-black-friday\/","url":"https:\/\/vieassociative.be\/actualites\/le-televiseur-the-frame-de-samsung-a-son-prix-le-plus-bas-jamais-vu-pour-le-black-friday\/","name":"Le t\u00e9l\u00e9viseur \u00ab The Frame \u00bb de Samsung a son prix le plus bas jamais vu pour le Black Friday | Vie Associative","isPartOf":{"@id":"https:\/\/vieassociative.be\/actualites\/#website"},"primaryImageOfPage":{"@id":"https:\/\/vieassociative.be\/actualites\/le-televiseur-the-frame-de-samsung-a-son-prix-le-plus-bas-jamais-vu-pour-le-black-friday\/#primaryimage"},"image":{"@id":"https:\/\/vieassociative.be\/actualites\/le-televiseur-the-frame-de-samsung-a-son-prix-le-plus-bas-jamais-vu-pour-le-black-friday\/#primaryimage"},"thumbnailUrl":"https:\/\/vieassociative.be\/actualites\/wp-content\/uploads\/2024\/12\/Le-televiseur-The-Frame-de-Samsung-a-son.png","datePublished":"2024-12-01T01:17:11+00:00","dateModified":"2024-12-01T01:17:11+00:00","breadcrumb":{"@id":"https:\/\/vieassociative.be\/actualites\/le-televiseur-the-frame-de-samsung-a-son-prix-le-plus-bas-jamais-vu-pour-le-black-friday\/#breadcrumb"},"inLanguage":"fr-BE","potentialAction":[{"@type":"ReadAction","target":["https:\/\/vieassociative.be\/actualites\/le-televiseur-the-frame-de-samsung-a-son-prix-le-plus-bas-jamais-vu-pour-le-black-friday\/"]}]},{"@type":"ImageObject","inLanguage":"fr-BE","@id":"https:\/\/vieassociative.be\/actualites\/le-televiseur-the-frame-de-samsung-a-son-prix-le-plus-bas-jamais-vu-pour-le-black-friday\/#primaryimage","url":"https:\/\/vieassociative.be\/actualites\/wp-content\/uploads\/2024\/12\/Le-televiseur-The-Frame-de-Samsung-a-son.png","contentUrl":"https:\/\/vieassociative.be\/actualites\/wp-content\/uploads\/2024\/12\/Le-televiseur-The-Frame-de-Samsung-a-son.png","width":1200,"height":675,"caption":"Le t\u00e9l\u00e9viseur \u00ab The Frame \u00bb de Samsung a son prix le plus bas jamais vu pour le Black Friday"},{"@type":"BreadcrumbList","@id":"https:\/\/vieassociative.be\/actualites\/le-televiseur-the-frame-de-samsung-a-son-prix-le-plus-bas-jamais-vu-pour-le-black-friday\/#breadcrumb","itemListElement":[{"@type":"ListItem","position":1,"name":"Accueil","item":"https:\/\/vieassociative.be\/actualites\/"},{"@type":"ListItem","position":2,"name":"Le t\u00e9l\u00e9viseur \u00ab The Frame \u00bb de Samsung a son prix le plus bas jamais vu pour le Black Friday"}]},{"@type":"WebSite","@id":"https:\/\/vieassociative.be\/actualites\/#website","url":"https:\/\/vieassociative.be\/actualites\/","name":"Vie Associative","description":"","publisher":{"@id":"https:\/\/vieassociative.be\/actualites\/#organization"},"potentialAction":[{"@type":"SearchAction","target":{"@type":"EntryPoint","urlTemplate":"https:\/\/vieassociative.be\/actualites\/?s={search_term_string}"},"query-input":{"@type":"PropertyValueSpecification","valueRequired":true,"valueName":"search_term_string"}}],"inLanguage":"fr-BE"},{"@type":"Organization","@id":"https:\/\/vieassociative.be\/actualites\/#organization","name":"Vie Associative","url":"https:\/\/vieassociative.be\/actualites\/","logo":{"@type":"ImageObject","inLanguage":"fr-BE","@id":"https:\/\/vieassociative.be\/actualites\/#\/schema\/logo\/image\/","url":"https:\/\/vieassociative.be\/actualites\/wp-content\/uploads\/2024\/09\/cropped-vieassociative_favicon.ico.png","contentUrl":"https:\/\/vieassociative.be\/actualites\/wp-content\/uploads\/2024\/09\/cropped-vieassociative_favicon.ico.png","width":512,"height":512,"caption":"Vie Associative"},"image":{"@id":"https:\/\/vieassociative.be\/actualites\/#\/schema\/logo\/image\/"}},{"@type":"Person","@id":"https:\/\/vieassociative.be\/actualites\/#\/schema\/person\/b87ac4f82f9d4e7b7cec7395b679edc4","name":"Julien","image":{"@type":"ImageObject","inLanguage":"fr-BE","@id":"https:\/\/vieassociative.be\/actualites\/#\/schema\/person\/image\/","url":"https:\/\/vieassociative.be\/actualites\/wp-content\/uploads\/2024\/09\/vie-associative-1-150x150.jpg","contentUrl":"https:\/\/vieassociative.be\/actualites\/wp-content\/uploads\/2024\/09\/vie-associative-1-150x150.jpg","caption":"Julien"},"description":"Je suis Julien, r\u00e9dacteur pour Vie Associative. Passionn\u00e9 par le monde associatif depuis plus de 10 ans, j'ai \u00e0 c\u0153ur de partager des histoires inspirantes et de mettre en lumi\u00e8re les initiatives locales. Mon objectif est de sensibiliser et d'encourager l'engagement communautaire \u00e0 travers mes articles.","sameAs":["https:\/\/vieassociative.be\/"]}]}},"_links":{"self":[{"href":"https:\/\/vieassociative.be\/actualites\/wp-json\/wp\/v2\/posts\/2934"}],"collection":[{"href":"https:\/\/vieassociative.be\/actualites\/wp-json\/wp\/v2\/posts"}],"about":[{"href":"https:\/\/vieassociative.be\/actualites\/wp-json\/wp\/v2\/types\/post"}],"author":[{"embeddable":true,"href":"https:\/\/vieassociative.be\/actualites\/wp-json\/wp\/v2\/users\/1"}],"replies":[{"embeddable":true,"href":"https:\/\/vieassociative.be\/actualites\/wp-json\/wp\/v2\/comments?post=2934"}],"version-history":[{"count":0,"href":"https:\/\/vieassociative.be\/actualites\/wp-json\/wp\/v2\/posts\/2934\/revisions"}],"wp:featuredmedia":[{"embeddable":true,"href":"https:\/\/vieassociative.be\/actualites\/wp-json\/wp\/v2\/media\/2935"}],"wp:attachment":[{"href":"https:\/\/vieassociative.be\/actualites\/wp-json\/wp\/v2\/media?parent=2934"}],"wp:term":[{"taxonomy":"category","embeddable":true,"href":"https:\/\/vieassociative.be\/actualites\/wp-json\/wp\/v2\/categories?post=2934"},{"taxonomy":"post_tag","embeddable":true,"href":"https:\/\/vieassociative.be\/actualites\/wp-json\/wp\/v2\/tags?post=2934"}],"curies":[{"name":"wp","href":"https:\/\/api.w.org\/{rel}","templated":true}]}}