{"id":2929,"date":"2024-11-30T21:18:51","date_gmt":"2024-11-30T20:18:51","guid":{"rendered":"https:\/\/vieassociative.be\/actualites\/11-pas-de-vainqueur-dans-un-classique-passionnant-de-bundesliga-le-bayern-reste-invaincu-mais-sinquiete-pour-kane\/"},"modified":"2024-11-30T21:18:51","modified_gmt":"2024-11-30T20:18:51","slug":"11-pas-de-vainqueur-dans-un-classique-passionnant-de-bundesliga-le-bayern-reste-invaincu-mais-sinquiete-pour-kane","status":"publish","type":"post","link":"https:\/\/vieassociative.be\/actualites\/11-pas-de-vainqueur-dans-un-classique-passionnant-de-bundesliga-le-bayern-reste-invaincu-mais-sinquiete-pour-kane\/","title":{"rendered":"1:1 &#8211; Pas de vainqueur dans un classique passionnant de Bundesliga &#8211; Le Bayern reste invaincu, mais s&rsquo;inqui\u00e8te pour Kane"},"content":{"rendered":"<p><strong>MISE \u00c0 JOUR &#8211; Le footballeur exceptionnel Jamal Musiala a sauv\u00e9 la s\u00e9quence d&rsquo;invincibilit\u00e9 du FC Bayern Munich lors d&rsquo;un classique passionnant de Bundesliga contre le Borussia Dortmund.<\/strong><\/p>\n<p><span id=\"more-402932\"><\/span>L&rsquo;international allemand a donn\u00e9 au moins un point de plus aux dirigeants face \u00e0 leurs \u00e9ternels rivaux gr\u00e2ce \u00e0 sa t\u00eate \u00e0 la 85e minute pour porter le score \u00e0 1-1 (0-1). Avec ce nul, l&rsquo;\u00e9quipe de l&rsquo;entra\u00eeneur Vincent Kompany a d\u00e9fendu son avance de dix points sur le BVB, cinqui\u00e8me.<\/p>\n<p>Jamie Gittens (27e) avait auparavant donn\u00e9 l&rsquo;avantage aux h\u00f4tes engag\u00e9s avec un but de r\u00eave. 81 365 spectateurs dans le stade de Dortmund \u00e0 guichets ferm\u00e9s ont assist\u00e9 \u00e0 une confrontation \u00e9quilibr\u00e9e et atmosph\u00e9rique entre les g\u00e9ants du football allemand, au cours de laquelle le Bayern a d\u00fb faire face \u00e0 un revers personnel potentiellement grave : le super attaquant Harry Kane a \u00e9t\u00e9 remplac\u00e9 en premi\u00e8re mi-temps en raison d&rsquo;une blessure &#8211; et dans seulement trois jours, ce sera le prochain grand succ\u00e8s du FCB en Coupe DFB contre le Bayer Leverkusen.<\/p>\n<div id=\"attachment_402967\" class=\"wp-caption alignleft\" style=\"max-width: 300px\"><img fetchpriority=\"high\" decoding=\"async\" class=\"wp-image-402967 size-medium\" src=\"https:\/\/vieassociative.be\/actualites\/wp-content\/uploads\/2024\/11\/11-Pas-de-vainqueur-dans-un-classique-passionnant-de.jpg\" alt=\"\" width=\"300\" height=\"201\"><\/p>\n<p class=\"wp-caption-text\">30 novembre 2024, Rh\u00e9nanie-du-Nord-Westphalie, Dortmund : Jamie Gittens (r) de Dortmund marque pour le faire 1-0. Photo : Federico Gambarini\/dpa<\/p>\n<\/div>\n<p><strong>\u2013 Le Bayern d\u00e9marre bien :<\/strong> L\u2019entra\u00eeneur de Dortmund, Nuri Sahin, a appel\u00e9 son \u00e9quipe au \u00ab courage \u00bb avant le match. Mais l\u2019\u00e9quipe munichoise a pris un meilleur d\u00e9part. Les invit\u00e9s ont mis le BVB sous pression d\u00e8s le d\u00e9but du match, provoquant \u00e0 plusieurs reprises des inexactitudes de Dortmund. D\u00e8s la 2e minute, Julian Ryerson a d\u00fb rattraper une erreur de son co\u00e9quipier Marcel Sabitzer. Peu de temps apr\u00e8s, Leroy San\u00e9 testait le gardien de Dortmund Gregor Kobel d&rsquo;un puissant tir lointain.<\/p>\n<p>Au d\u00e9but, il y avait peu d&rsquo;offensive de la part des h\u00f4tes, \u00e0 qui il manquait le meneur de jeu Julian Brandt en raison d&rsquo;une blessure. La d\u00e9fense du Bayern bloque une premi\u00e8re tentative de l&rsquo;attaquant Serhou Guirassy, \u200b\u200bqui fait son retour dans le onze titulaire (22e). L&rsquo;\u00e9quipe de Dortmund, qui a r\u00e9cemment \u00e9t\u00e9 en proie \u00e0 des blessures, a \u00e9galement subi un autre revers personnel d\u00e8s le d\u00e9but : le d\u00e9fenseur central Waldemar Anton a d\u00fb tomber. Il a \u00e9t\u00e9 remplac\u00e9 par l&rsquo;ancien professionnel du Bayern Niklas S\u00fcle, qui \u00e9tait de retour en action pour la premi\u00e8re fois depuis plus d&rsquo;un mois en raison d&rsquo;une blessure.<\/p>\n<p><strong>\u2013 Gittens avec une action individuelle brillante :<\/strong> Les Westphaliens n&rsquo;ont pas \u00e9t\u00e9 choqu\u00e9s par l&rsquo;\u00e9chec suivant, bien au contraire. Le BVB s&rsquo;est progressivement am\u00e9lior\u00e9 dans le jeu, a bien r\u00e9sist\u00e9 dans les duels et a pris l&rsquo;avantage gr\u00e2ce \u00e0 un effort individuel exceptionnel. Gittens a fait para\u00eetre Konrad Laimer assez vieux dans le duel en cours. L&rsquo;ailier est entr\u00e9 dans la surface de r\u00e9paration par la gauche et a battu Manuel Neuer dans le but du Bayern d&rsquo;un tir pr\u00e9cis dans le coin sup\u00e9rieur droit.<\/p>\n<div id=\"attachment_402968\" class=\"wp-caption alignleft\" style=\"max-width: 300px\"><img decoding=\"async\" class=\"wp-image-402968 size-medium\" src=\"https:\/\/vieassociative.be\/actualites\/wp-content\/uploads\/2024\/11\/1732997931_377_11-Pas-de-vainqueur-dans-un-classique-passionnant-de.jpg\" alt=\"\" width=\"300\" height=\"206\"><\/p>\n<p class=\"wp-caption-text\">30 novembre 2024, Rh\u00e9nanie-du-Nord-Westphalie, Dortmund : Harry Kane de Munich est bless\u00e9 sur l&rsquo;herbe. Photo : Bernd Thissen\/dpa<\/p>\n<\/div>\n<p>Et les choses ont empir\u00e9 encore pour Munich : Soudain, le meilleur buteur Kane s&rsquo;est retrouv\u00e9 assis par terre. L&rsquo;attaquant exceptionnel a \u00e9galement d\u00fb quitter le terrain bless\u00e9. Thomas M\u00fcller, qui rempla\u00e7ait l&rsquo;Anglais, avait sa premi\u00e8re occasion peu de temps apr\u00e8s son entr\u00e9e, mais ne mettait pas assez de pression sur sa t\u00eate.<\/p>\n<p><strong>\u2013 Occasions de but des deux c\u00f4t\u00e9s :<\/strong> Peu de temps apr\u00e8s la pause, le joueur original de Munich aurait d\u00fb \u00e9galiser. Cependant, M\u00fcller n&rsquo;a pas assez bien tir\u00e9 devant Kobel. Presque en retour, Gittens manquait le 2-0.<\/p>\n<p>Le Bayern devait venir \u2013 et ils sont venus. Parce que cela cr\u00e9ait des br\u00e8ches pour les contre-attaques, un \u00e9change ouvert de coups se d\u00e9veloppait parfois. Leroy San\u00e9 a tir\u00e9 devant le but depuis un stand libre. Sabitzer de Dortmund a trouv\u00e9 son match \u00e0 Neuer lors d&rsquo;une contre-attaque rapide.<\/p>\n<p>Au fur et \u00e0 mesure que le match avan\u00e7ait, la pression des invit\u00e9s augmentait. L&rsquo;\u00e9quipe de Kompany a continu\u00e9 \u00e0 faire circuler le ballon autour de la surface de r\u00e9paration de Dortmund. Dortmund a d&rsquo;abord tenu bon et les supporters en noir et jaune ont c\u00e9l\u00e9br\u00e9 bruyamment chaque tacle r\u00e9ussi. Cinq minutes avant la fin du temps r\u00e9glementaire, le Bayern a obtenu l&rsquo;\u00e9galisation m\u00e9rit\u00e9e. Le pied magique Musiala a marqu\u00e9 &#8211; et, comme cela arrive souvent, de la t\u00eate. Lorsque Michael Olise a adress\u00e9 un centre, le joueur national \u00e9tait totalement libre. (dpa)<\/p>\n","protected":false},"excerpt":{"rendered":"<p>MISE \u00c0 JOUR &#8211; Le footballeur exceptionnel Jamal Musiala a sauv\u00e9 la s\u00e9quence d&rsquo;invincibilit\u00e9 du FC Bayern Munich lors d&rsquo;un classique passionnant de Bundesliga contre<\/p>\n","protected":false},"author":1,"featured_media":2930,"comment_status":"","ping_status":"","sticky":false,"template":"","format":"standard","meta":{"footnotes":""},"categories":[298],"tags":[2298,3644,3642,166,3645,3418,156,126,3643,81,1856,3646,3641],"class_list":["post-2929","post","type-post","status-publish","format-standard","has-post-thumbnail","hentry","category-belgique","tag-bayern","tag-bundesliga","tag-classique","tag-dans","tag-invaincu","tag-kane","tag-mais","tag-pas","tag-passionnant","tag-pour","tag-reste","tag-sinquiete","tag-vainqueur","generate-columns","tablet-grid-50","mobile-grid-100","grid-parent","grid-33"],"yoast_head":"<!-- This site is optimized with the Yoast SEO plugin v24.0 - https:\/\/yoast.com\/wordpress\/plugins\/seo\/ -->\n<title>1:1 - Pas de vainqueur dans un classique passionnant de Bundesliga - Le Bayern reste invaincu, mais s&#039;inqui\u00e8te pour Kane | Vie Associative<\/title>\n<meta name=\"robots\" content=\"index, follow, max-snippet:-1, max-image-preview:large, max-video-preview:-1\" \/>\n<link rel=\"canonical\" href=\"https:\/\/vieassociative.be\/actualites\/11-pas-de-vainqueur-dans-un-classique-passionnant-de-bundesliga-le-bayern-reste-invaincu-mais-sinquiete-pour-kane\/\" \/>\n<meta property=\"og:locale\" content=\"fr_FR\" \/>\n<meta property=\"og:type\" content=\"article\" \/>\n<meta property=\"og:title\" content=\"1:1 - Pas de vainqueur dans un classique passionnant de Bundesliga - Le Bayern reste invaincu, mais s&#039;inqui\u00e8te pour Kane | Vie Associative\" \/>\n<meta property=\"og:description\" content=\"MISE \u00c0 JOUR &#8211; Le footballeur exceptionnel Jamal Musiala a sauv\u00e9 la s\u00e9quence d&rsquo;invincibilit\u00e9 du FC Bayern Munich lors d&rsquo;un classique passionnant de Bundesliga contre\" \/>\n<meta property=\"og:url\" content=\"https:\/\/vieassociative.be\/actualites\/11-pas-de-vainqueur-dans-un-classique-passionnant-de-bundesliga-le-bayern-reste-invaincu-mais-sinquiete-pour-kane\/\" \/>\n<meta property=\"og:site_name\" content=\"Vie Associative\" \/>\n<meta property=\"article:published_time\" content=\"2024-11-30T20:18:51+00:00\" \/>\n<meta property=\"og:image\" content=\"https:\/\/vieassociative.be\/actualites\/wp-content\/uploads\/2024\/11\/11-Pas-de-vainqueur-dans-un-classique-passionnant-de.jpg\" \/>\n<meta name=\"author\" content=\"Julien\" \/>\n<meta name=\"twitter:card\" content=\"summary_large_image\" \/>\n<meta name=\"twitter:label1\" content=\"\u00c9crit par\" \/>\n\t<meta name=\"twitter:data1\" content=\"Julien\" \/>\n\t<meta name=\"twitter:label2\" content=\"Dur\u00e9e de lecture est.\" \/>\n\t<meta name=\"twitter:data2\" content=\"4 minutes\" \/>\n<script type=\"application\/ld+json\" class=\"yoast-schema-graph\">{\"@context\":\"https:\/\/schema.org\",\"@graph\":[{\"@type\":\"Article\",\"@id\":\"https:\/\/vieassociative.be\/actualites\/11-pas-de-vainqueur-dans-un-classique-passionnant-de-bundesliga-le-bayern-reste-invaincu-mais-sinquiete-pour-kane\/#article\",\"isPartOf\":{\"@id\":\"https:\/\/vieassociative.be\/actualites\/11-pas-de-vainqueur-dans-un-classique-passionnant-de-bundesliga-le-bayern-reste-invaincu-mais-sinquiete-pour-kane\/\"},\"author\":{\"name\":\"Julien\",\"@id\":\"https:\/\/vieassociative.be\/actualites\/#\/schema\/person\/b87ac4f82f9d4e7b7cec7395b679edc4\"},\"headline\":\"1:1 &#8211; Pas de vainqueur dans un classique passionnant de Bundesliga &#8211; Le Bayern reste invaincu, mais s&rsquo;inqui\u00e8te pour Kane\",\"datePublished\":\"2024-11-30T20:18:51+00:00\",\"dateModified\":\"2024-11-30T20:18:51+00:00\",\"mainEntityOfPage\":{\"@id\":\"https:\/\/vieassociative.be\/actualites\/11-pas-de-vainqueur-dans-un-classique-passionnant-de-bundesliga-le-bayern-reste-invaincu-mais-sinquiete-pour-kane\/\"},\"wordCount\":806,\"publisher\":{\"@id\":\"https:\/\/vieassociative.be\/actualites\/#organization\"},\"image\":{\"@id\":\"https:\/\/vieassociative.be\/actualites\/11-pas-de-vainqueur-dans-un-classique-passionnant-de-bundesliga-le-bayern-reste-invaincu-mais-sinquiete-pour-kane\/#primaryimage\"},\"thumbnailUrl\":\"https:\/\/vieassociative.be\/actualites\/wp-content\/uploads\/2024\/11\/1732997931_11-Pas-de-vainqueur-dans-un-classique-passionnant-de.jpg\",\"keywords\":[\"Bayern\",\"Bundesliga\",\"classique\",\"dans\",\"invaincu\",\"Kane\",\"mais\",\"pas\",\"passionnant\",\"pour\",\"reste\",\"sinqui\u00e8te\",\"vainqueur\"],\"articleSection\":[\"Belgique\"],\"inLanguage\":\"fr-BE\"},{\"@type\":\"WebPage\",\"@id\":\"https:\/\/vieassociative.be\/actualites\/11-pas-de-vainqueur-dans-un-classique-passionnant-de-bundesliga-le-bayern-reste-invaincu-mais-sinquiete-pour-kane\/\",\"url\":\"https:\/\/vieassociative.be\/actualites\/11-pas-de-vainqueur-dans-un-classique-passionnant-de-bundesliga-le-bayern-reste-invaincu-mais-sinquiete-pour-kane\/\",\"name\":\"1:1 - Pas de vainqueur dans un classique passionnant de Bundesliga - Le Bayern reste invaincu, mais s'inqui\u00e8te pour Kane | Vie Associative\",\"isPartOf\":{\"@id\":\"https:\/\/vieassociative.be\/actualites\/#website\"},\"primaryImageOfPage\":{\"@id\":\"https:\/\/vieassociative.be\/actualites\/11-pas-de-vainqueur-dans-un-classique-passionnant-de-bundesliga-le-bayern-reste-invaincu-mais-sinquiete-pour-kane\/#primaryimage\"},\"image\":{\"@id\":\"https:\/\/vieassociative.be\/actualites\/11-pas-de-vainqueur-dans-un-classique-passionnant-de-bundesliga-le-bayern-reste-invaincu-mais-sinquiete-pour-kane\/#primaryimage\"},\"thumbnailUrl\":\"https:\/\/vieassociative.be\/actualites\/wp-content\/uploads\/2024\/11\/1732997931_11-Pas-de-vainqueur-dans-un-classique-passionnant-de.jpg\",\"datePublished\":\"2024-11-30T20:18:51+00:00\",\"dateModified\":\"2024-11-30T20:18:51+00:00\",\"breadcrumb\":{\"@id\":\"https:\/\/vieassociative.be\/actualites\/11-pas-de-vainqueur-dans-un-classique-passionnant-de-bundesliga-le-bayern-reste-invaincu-mais-sinquiete-pour-kane\/#breadcrumb\"},\"inLanguage\":\"fr-BE\",\"potentialAction\":[{\"@type\":\"ReadAction\",\"target\":[\"https:\/\/vieassociative.be\/actualites\/11-pas-de-vainqueur-dans-un-classique-passionnant-de-bundesliga-le-bayern-reste-invaincu-mais-sinquiete-pour-kane\/\"]}]},{\"@type\":\"ImageObject\",\"inLanguage\":\"fr-BE\",\"@id\":\"https:\/\/vieassociative.be\/actualites\/11-pas-de-vainqueur-dans-un-classique-passionnant-de-bundesliga-le-bayern-reste-invaincu-mais-sinquiete-pour-kane\/#primaryimage\",\"url\":\"https:\/\/vieassociative.be\/actualites\/wp-content\/uploads\/2024\/11\/1732997931_11-Pas-de-vainqueur-dans-un-classique-passionnant-de.jpg\",\"contentUrl\":\"https:\/\/vieassociative.be\/actualites\/wp-content\/uploads\/2024\/11\/1732997931_11-Pas-de-vainqueur-dans-un-classique-passionnant-de.jpg\",\"width\":1200,\"height\":648,\"caption\":\"1:1 - Pas de vainqueur dans un classique passionnant de Bundesliga - Le Bayern reste invaincu, mais s'inqui\u00e8te pour Kane\"},{\"@type\":\"BreadcrumbList\",\"@id\":\"https:\/\/vieassociative.be\/actualites\/11-pas-de-vainqueur-dans-un-classique-passionnant-de-bundesliga-le-bayern-reste-invaincu-mais-sinquiete-pour-kane\/#breadcrumb\",\"itemListElement\":[{\"@type\":\"ListItem\",\"position\":1,\"name\":\"Accueil\",\"item\":\"https:\/\/vieassociative.be\/actualites\/\"},{\"@type\":\"ListItem\",\"position\":2,\"name\":\"1:1 &#8211; Pas de vainqueur dans un classique passionnant de Bundesliga &#8211; Le Bayern reste invaincu, mais s&rsquo;inqui\u00e8te pour Kane\"}]},{\"@type\":\"WebSite\",\"@id\":\"https:\/\/vieassociative.be\/actualites\/#website\",\"url\":\"https:\/\/vieassociative.be\/actualites\/\",\"name\":\"Vie Associative\",\"description\":\"\",\"publisher\":{\"@id\":\"https:\/\/vieassociative.be\/actualites\/#organization\"},\"potentialAction\":[{\"@type\":\"SearchAction\",\"target\":{\"@type\":\"EntryPoint\",\"urlTemplate\":\"https:\/\/vieassociative.be\/actualites\/?s={search_term_string}\"},\"query-input\":{\"@type\":\"PropertyValueSpecification\",\"valueRequired\":true,\"valueName\":\"search_term_string\"}}],\"inLanguage\":\"fr-BE\"},{\"@type\":\"Organization\",\"@id\":\"https:\/\/vieassociative.be\/actualites\/#organization\",\"name\":\"Vie Associative\",\"url\":\"https:\/\/vieassociative.be\/actualites\/\",\"logo\":{\"@type\":\"ImageObject\",\"inLanguage\":\"fr-BE\",\"@id\":\"https:\/\/vieassociative.be\/actualites\/#\/schema\/logo\/image\/\",\"url\":\"https:\/\/vieassociative.be\/actualites\/wp-content\/uploads\/2024\/09\/cropped-vieassociative_favicon.ico.png\",\"contentUrl\":\"https:\/\/vieassociative.be\/actualites\/wp-content\/uploads\/2024\/09\/cropped-vieassociative_favicon.ico.png\",\"width\":512,\"height\":512,\"caption\":\"Vie Associative\"},\"image\":{\"@id\":\"https:\/\/vieassociative.be\/actualites\/#\/schema\/logo\/image\/\"}},{\"@type\":\"Person\",\"@id\":\"https:\/\/vieassociative.be\/actualites\/#\/schema\/person\/b87ac4f82f9d4e7b7cec7395b679edc4\",\"name\":\"Julien\",\"image\":{\"@type\":\"ImageObject\",\"inLanguage\":\"fr-BE\",\"@id\":\"https:\/\/vieassociative.be\/actualites\/#\/schema\/person\/image\/\",\"url\":\"https:\/\/vieassociative.be\/actualites\/wp-content\/uploads\/2024\/09\/vie-associative-1-150x150.jpg\",\"contentUrl\":\"https:\/\/vieassociative.be\/actualites\/wp-content\/uploads\/2024\/09\/vie-associative-1-150x150.jpg\",\"caption\":\"Julien\"},\"description\":\"Je suis Julien, r\u00e9dacteur pour Vie Associative. Passionn\u00e9 par le monde associatif depuis plus de 10 ans, j'ai \u00e0 c\u0153ur de partager des histoires inspirantes et de mettre en lumi\u00e8re les initiatives locales. Mon objectif est de sensibiliser et d'encourager l'engagement communautaire \u00e0 travers mes articles.\",\"sameAs\":[\"https:\/\/vieassociative.be\/\"]}]}<\/script>\n<!-- \/ Yoast SEO plugin. -->","yoast_head_json":{"title":"1:1 - Pas de vainqueur dans un classique passionnant de Bundesliga - Le Bayern reste invaincu, mais s'inqui\u00e8te pour Kane | Vie Associative","robots":{"index":"index","follow":"follow","max-snippet":"max-snippet:-1","max-image-preview":"max-image-preview:large","max-video-preview":"max-video-preview:-1"},"canonical":"https:\/\/vieassociative.be\/actualites\/11-pas-de-vainqueur-dans-un-classique-passionnant-de-bundesliga-le-bayern-reste-invaincu-mais-sinquiete-pour-kane\/","og_locale":"fr_FR","og_type":"article","og_title":"1:1 - Pas de vainqueur dans un classique passionnant de Bundesliga - Le Bayern reste invaincu, mais s'inqui\u00e8te pour Kane | Vie Associative","og_description":"MISE \u00c0 JOUR &#8211; Le footballeur exceptionnel Jamal Musiala a sauv\u00e9 la s\u00e9quence d&rsquo;invincibilit\u00e9 du FC Bayern Munich lors d&rsquo;un classique passionnant de Bundesliga contre","og_url":"https:\/\/vieassociative.be\/actualites\/11-pas-de-vainqueur-dans-un-classique-passionnant-de-bundesliga-le-bayern-reste-invaincu-mais-sinquiete-pour-kane\/","og_site_name":"Vie Associative","article_published_time":"2024-11-30T20:18:51+00:00","og_image":[{"url":"https:\/\/vieassociative.be\/actualites\/wp-content\/uploads\/2024\/11\/11-Pas-de-vainqueur-dans-un-classique-passionnant-de.jpg","type":"","width":"","height":""}],"author":"Julien","twitter_card":"summary_large_image","twitter_misc":{"\u00c9crit par":"Julien","Dur\u00e9e de lecture est.":"4 minutes"},"schema":{"@context":"https:\/\/schema.org","@graph":[{"@type":"Article","@id":"https:\/\/vieassociative.be\/actualites\/11-pas-de-vainqueur-dans-un-classique-passionnant-de-bundesliga-le-bayern-reste-invaincu-mais-sinquiete-pour-kane\/#article","isPartOf":{"@id":"https:\/\/vieassociative.be\/actualites\/11-pas-de-vainqueur-dans-un-classique-passionnant-de-bundesliga-le-bayern-reste-invaincu-mais-sinquiete-pour-kane\/"},"author":{"name":"Julien","@id":"https:\/\/vieassociative.be\/actualites\/#\/schema\/person\/b87ac4f82f9d4e7b7cec7395b679edc4"},"headline":"1:1 &#8211; Pas de vainqueur dans un classique passionnant de Bundesliga &#8211; Le Bayern reste invaincu, mais s&rsquo;inqui\u00e8te pour Kane","datePublished":"2024-11-30T20:18:51+00:00","dateModified":"2024-11-30T20:18:51+00:00","mainEntityOfPage":{"@id":"https:\/\/vieassociative.be\/actualites\/11-pas-de-vainqueur-dans-un-classique-passionnant-de-bundesliga-le-bayern-reste-invaincu-mais-sinquiete-pour-kane\/"},"wordCount":806,"publisher":{"@id":"https:\/\/vieassociative.be\/actualites\/#organization"},"image":{"@id":"https:\/\/vieassociative.be\/actualites\/11-pas-de-vainqueur-dans-un-classique-passionnant-de-bundesliga-le-bayern-reste-invaincu-mais-sinquiete-pour-kane\/#primaryimage"},"thumbnailUrl":"https:\/\/vieassociative.be\/actualites\/wp-content\/uploads\/2024\/11\/1732997931_11-Pas-de-vainqueur-dans-un-classique-passionnant-de.jpg","keywords":["Bayern","Bundesliga","classique","dans","invaincu","Kane","mais","pas","passionnant","pour","reste","sinqui\u00e8te","vainqueur"],"articleSection":["Belgique"],"inLanguage":"fr-BE"},{"@type":"WebPage","@id":"https:\/\/vieassociative.be\/actualites\/11-pas-de-vainqueur-dans-un-classique-passionnant-de-bundesliga-le-bayern-reste-invaincu-mais-sinquiete-pour-kane\/","url":"https:\/\/vieassociative.be\/actualites\/11-pas-de-vainqueur-dans-un-classique-passionnant-de-bundesliga-le-bayern-reste-invaincu-mais-sinquiete-pour-kane\/","name":"1:1 - Pas de vainqueur dans un classique passionnant de Bundesliga - Le Bayern reste invaincu, mais s'inqui\u00e8te pour Kane | Vie Associative","isPartOf":{"@id":"https:\/\/vieassociative.be\/actualites\/#website"},"primaryImageOfPage":{"@id":"https:\/\/vieassociative.be\/actualites\/11-pas-de-vainqueur-dans-un-classique-passionnant-de-bundesliga-le-bayern-reste-invaincu-mais-sinquiete-pour-kane\/#primaryimage"},"image":{"@id":"https:\/\/vieassociative.be\/actualites\/11-pas-de-vainqueur-dans-un-classique-passionnant-de-bundesliga-le-bayern-reste-invaincu-mais-sinquiete-pour-kane\/#primaryimage"},"thumbnailUrl":"https:\/\/vieassociative.be\/actualites\/wp-content\/uploads\/2024\/11\/1732997931_11-Pas-de-vainqueur-dans-un-classique-passionnant-de.jpg","datePublished":"2024-11-30T20:18:51+00:00","dateModified":"2024-11-30T20:18:51+00:00","breadcrumb":{"@id":"https:\/\/vieassociative.be\/actualites\/11-pas-de-vainqueur-dans-un-classique-passionnant-de-bundesliga-le-bayern-reste-invaincu-mais-sinquiete-pour-kane\/#breadcrumb"},"inLanguage":"fr-BE","potentialAction":[{"@type":"ReadAction","target":["https:\/\/vieassociative.be\/actualites\/11-pas-de-vainqueur-dans-un-classique-passionnant-de-bundesliga-le-bayern-reste-invaincu-mais-sinquiete-pour-kane\/"]}]},{"@type":"ImageObject","inLanguage":"fr-BE","@id":"https:\/\/vieassociative.be\/actualites\/11-pas-de-vainqueur-dans-un-classique-passionnant-de-bundesliga-le-bayern-reste-invaincu-mais-sinquiete-pour-kane\/#primaryimage","url":"https:\/\/vieassociative.be\/actualites\/wp-content\/uploads\/2024\/11\/1732997931_11-Pas-de-vainqueur-dans-un-classique-passionnant-de.jpg","contentUrl":"https:\/\/vieassociative.be\/actualites\/wp-content\/uploads\/2024\/11\/1732997931_11-Pas-de-vainqueur-dans-un-classique-passionnant-de.jpg","width":1200,"height":648,"caption":"1:1 - Pas de vainqueur dans un classique passionnant de Bundesliga - Le Bayern reste invaincu, mais s'inqui\u00e8te pour Kane"},{"@type":"BreadcrumbList","@id":"https:\/\/vieassociative.be\/actualites\/11-pas-de-vainqueur-dans-un-classique-passionnant-de-bundesliga-le-bayern-reste-invaincu-mais-sinquiete-pour-kane\/#breadcrumb","itemListElement":[{"@type":"ListItem","position":1,"name":"Accueil","item":"https:\/\/vieassociative.be\/actualites\/"},{"@type":"ListItem","position":2,"name":"1:1 &#8211; Pas de vainqueur dans un classique passionnant de Bundesliga &#8211; Le Bayern reste invaincu, mais s&rsquo;inqui\u00e8te pour Kane"}]},{"@type":"WebSite","@id":"https:\/\/vieassociative.be\/actualites\/#website","url":"https:\/\/vieassociative.be\/actualites\/","name":"Vie Associative","description":"","publisher":{"@id":"https:\/\/vieassociative.be\/actualites\/#organization"},"potentialAction":[{"@type":"SearchAction","target":{"@type":"EntryPoint","urlTemplate":"https:\/\/vieassociative.be\/actualites\/?s={search_term_string}"},"query-input":{"@type":"PropertyValueSpecification","valueRequired":true,"valueName":"search_term_string"}}],"inLanguage":"fr-BE"},{"@type":"Organization","@id":"https:\/\/vieassociative.be\/actualites\/#organization","name":"Vie Associative","url":"https:\/\/vieassociative.be\/actualites\/","logo":{"@type":"ImageObject","inLanguage":"fr-BE","@id":"https:\/\/vieassociative.be\/actualites\/#\/schema\/logo\/image\/","url":"https:\/\/vieassociative.be\/actualites\/wp-content\/uploads\/2024\/09\/cropped-vieassociative_favicon.ico.png","contentUrl":"https:\/\/vieassociative.be\/actualites\/wp-content\/uploads\/2024\/09\/cropped-vieassociative_favicon.ico.png","width":512,"height":512,"caption":"Vie Associative"},"image":{"@id":"https:\/\/vieassociative.be\/actualites\/#\/schema\/logo\/image\/"}},{"@type":"Person","@id":"https:\/\/vieassociative.be\/actualites\/#\/schema\/person\/b87ac4f82f9d4e7b7cec7395b679edc4","name":"Julien","image":{"@type":"ImageObject","inLanguage":"fr-BE","@id":"https:\/\/vieassociative.be\/actualites\/#\/schema\/person\/image\/","url":"https:\/\/vieassociative.be\/actualites\/wp-content\/uploads\/2024\/09\/vie-associative-1-150x150.jpg","contentUrl":"https:\/\/vieassociative.be\/actualites\/wp-content\/uploads\/2024\/09\/vie-associative-1-150x150.jpg","caption":"Julien"},"description":"Je suis Julien, r\u00e9dacteur pour Vie Associative. Passionn\u00e9 par le monde associatif depuis plus de 10 ans, j'ai \u00e0 c\u0153ur de partager des histoires inspirantes et de mettre en lumi\u00e8re les initiatives locales. Mon objectif est de sensibiliser et d'encourager l'engagement communautaire \u00e0 travers mes articles.","sameAs":["https:\/\/vieassociative.be\/"]}]}},"_links":{"self":[{"href":"https:\/\/vieassociative.be\/actualites\/wp-json\/wp\/v2\/posts\/2929"}],"collection":[{"href":"https:\/\/vieassociative.be\/actualites\/wp-json\/wp\/v2\/posts"}],"about":[{"href":"https:\/\/vieassociative.be\/actualites\/wp-json\/wp\/v2\/types\/post"}],"author":[{"embeddable":true,"href":"https:\/\/vieassociative.be\/actualites\/wp-json\/wp\/v2\/users\/1"}],"replies":[{"embeddable":true,"href":"https:\/\/vieassociative.be\/actualites\/wp-json\/wp\/v2\/comments?post=2929"}],"version-history":[{"count":0,"href":"https:\/\/vieassociative.be\/actualites\/wp-json\/wp\/v2\/posts\/2929\/revisions"}],"wp:featuredmedia":[{"embeddable":true,"href":"https:\/\/vieassociative.be\/actualites\/wp-json\/wp\/v2\/media\/2930"}],"wp:attachment":[{"href":"https:\/\/vieassociative.be\/actualites\/wp-json\/wp\/v2\/media?parent=2929"}],"wp:term":[{"taxonomy":"category","embeddable":true,"href":"https:\/\/vieassociative.be\/actualites\/wp-json\/wp\/v2\/categories?post=2929"},{"taxonomy":"post_tag","embeddable":true,"href":"https:\/\/vieassociative.be\/actualites\/wp-json\/wp\/v2\/tags?post=2929"}],"curies":[{"name":"wp","href":"https:\/\/api.w.org\/{rel}","templated":true}]}}