{"id":2913,"date":"2024-11-30T09:17:53","date_gmt":"2024-11-30T08:17:53","guid":{"rendered":"https:\/\/vieassociative.be\/actualites\/lettre-a-la-redaction-green-deal-le-suicide-industriel-de-leurope\/"},"modified":"2024-11-30T09:17:53","modified_gmt":"2024-11-30T08:17:53","slug":"lettre-a-la-redaction-green-deal-le-suicide-industriel-de-leurope","status":"publish","type":"post","link":"https:\/\/vieassociative.be\/actualites\/lettre-a-la-redaction-green-deal-le-suicide-industriel-de-leurope\/","title":{"rendered":"LETTRE \u00c0 LA R\u00c9DACTION \u2013 \u00ab Green Deal \u00bb, le suicide industriel de l\u2019Europe"},"content":{"rendered":"<p><strong>Les m\u00e9dias allemands sont actuellement remplis chaque jour de mauvaises nouvelles de l\u2019industrie. Outre l\u2019industrie automobile, c\u2019est l\u2019industrie sid\u00e9rurgique qui est au bord de l\u2019effondrement.<\/strong><\/p>\n<p><span id=\"more-402870\"><\/span>Et en Belgique ? M\u00eame catastrophe en \u00ab vert \u00bb. Aujourd\u2019hui, vous pouvez lire les articles suivants dans le BRF : <u>https:\/\/brf.be\/national\/1921935\/<\/u><\/p>\n<p>La prochaine d\u00e9b\u00e2cle industrielle se profile chez ArcelorMittal Gent. La r\u00e9action de nos politiques est \u00e9tonnante !<\/p>\n<p>De Croo lui-m\u00eame accompagnera les deux commissaires europ\u00e9ens lors de cette visite avec le Premier ministre flamand Matthias Diependaele. \u00ab Gand est l\u2019un des endroits les plus productifs au monde pour la production d\u2019acier \u00bb, a d\u00e9clar\u00e9 De Croo, \u00ab et potentiellement l\u2019un des plus verts au monde. Ce serait de la folie si le site devait \u00eatre puni pour avoir fait ce qu\u2019il fallait. \u00bb<\/p>\n<p>Nos politiques sont-ils compl\u00e8tement fous ? Audi Bruxelles est \u00e9galement \u00ab l\u2019usine la plus verte du groupe Audi \u00bb et qu\u2019a-t-elle accompli ? Rien du tout ! Et De Croo est trop t\u00eatu pour comprendre cela et continue de divaguer sur le fait de \u00ab \u2026faire ce qu\u2019il faut \u00bb.<\/p>\n<p>NON!! Ils font exactement la mauvaise chose ! Il n&rsquo;y aura JAMAIS d&rsquo;acier vert, les prix de l&rsquo;acier sont les prix du march\u00e9 mondial et ceux-ci sont d\u00e9termin\u00e9s par le plus grand producteur et consommateur d&rsquo;acier au monde, la Chine, et personne d&rsquo;autre !<\/p>\n<p>Quiconque tente de survivre \u00e9conomiquement avec \u00ab l\u2019hydrog\u00e8ne vert \u00bb comme agent r\u00e9ducteur du charbon \u00e0 coke est assis sur un cheval mort. Nous sommes conduits \u00e0 notre ruine par un culte fou du climat !<\/p>\n<p><strong>29 novembre 2024 Gerald Pesch, Raeren<\/strong><\/p>\n","protected":false},"excerpt":{"rendered":"<p>Les m\u00e9dias allemands sont actuellement remplis chaque jour de mauvaises nouvelles de l\u2019industrie. Outre l\u2019industrie automobile, c\u2019est l\u2019industrie sid\u00e9rurgique qui est au bord de l\u2019effondrement.<\/p>\n","protected":false},"author":1,"featured_media":2567,"comment_status":"","ping_status":"","sticky":false,"template":"","format":"standard","meta":{"footnotes":""},"categories":[298],"tags":[3630,3629,3631,2628,2785,3296,2182],"class_list":["post-2913","post","type-post","status-publish","format-standard","has-post-thumbnail","hentry","category-belgique","tag-deal","tag-green","tag-industriel","tag-lettre","tag-leurope","tag-redaction","tag-suicide","generate-columns","tablet-grid-50","mobile-grid-100","grid-parent","grid-33"],"yoast_head":"<!-- This site is optimized with the Yoast SEO plugin v24.0 - https:\/\/yoast.com\/wordpress\/plugins\/seo\/ -->\n<title>LETTRE \u00c0 LA R\u00c9DACTION \u2013 \u00ab Green Deal \u00bb, le suicide industriel de l\u2019Europe | Vie Associative<\/title>\n<meta name=\"robots\" content=\"index, follow, max-snippet:-1, max-image-preview:large, max-video-preview:-1\" \/>\n<link rel=\"canonical\" href=\"https:\/\/vieassociative.be\/actualites\/lettre-a-la-redaction-green-deal-le-suicide-industriel-de-leurope\/\" \/>\n<meta property=\"og:locale\" content=\"fr_FR\" \/>\n<meta property=\"og:type\" content=\"article\" \/>\n<meta property=\"og:title\" content=\"LETTRE \u00c0 LA R\u00c9DACTION \u2013 \u00ab Green Deal \u00bb, le suicide industriel de l\u2019Europe | Vie Associative\" \/>\n<meta property=\"og:description\" content=\"Les m\u00e9dias allemands sont actuellement remplis chaque jour de mauvaises nouvelles de l\u2019industrie. Outre l\u2019industrie automobile, c\u2019est l\u2019industrie sid\u00e9rurgique qui est au bord de l\u2019effondrement.\" \/>\n<meta property=\"og:url\" content=\"https:\/\/vieassociative.be\/actualites\/lettre-a-la-redaction-green-deal-le-suicide-industriel-de-leurope\/\" \/>\n<meta property=\"og:site_name\" content=\"Vie Associative\" \/>\n<meta property=\"article:published_time\" content=\"2024-11-30T08:17:53+00:00\" \/>\n<meta property=\"og:image\" content=\"https:\/\/vieassociative.be\/actualites\/wp-content\/uploads\/2024\/09\/header_backgroundk-01-e1726694325946.png\" \/>\n\t<meta property=\"og:image:width\" content=\"279\" \/>\n\t<meta property=\"og:image:height\" content=\"92\" \/>\n\t<meta property=\"og:image:type\" content=\"image\/png\" \/>\n<meta name=\"author\" content=\"Julien\" \/>\n<meta name=\"twitter:card\" content=\"summary_large_image\" \/>\n<meta name=\"twitter:label1\" content=\"\u00c9crit par\" \/>\n\t<meta name=\"twitter:data1\" content=\"Julien\" \/>\n\t<meta name=\"twitter:label2\" content=\"Dur\u00e9e de lecture est.\" \/>\n\t<meta name=\"twitter:data2\" content=\"1 minute\" \/>\n<script type=\"application\/ld+json\" class=\"yoast-schema-graph\">{\"@context\":\"https:\/\/schema.org\",\"@graph\":[{\"@type\":\"Article\",\"@id\":\"https:\/\/vieassociative.be\/actualites\/lettre-a-la-redaction-green-deal-le-suicide-industriel-de-leurope\/#article\",\"isPartOf\":{\"@id\":\"https:\/\/vieassociative.be\/actualites\/lettre-a-la-redaction-green-deal-le-suicide-industriel-de-leurope\/\"},\"author\":{\"name\":\"Julien\",\"@id\":\"https:\/\/vieassociative.be\/actualites\/#\/schema\/person\/b87ac4f82f9d4e7b7cec7395b679edc4\"},\"headline\":\"LETTRE \u00c0 LA R\u00c9DACTION \u2013 \u00ab Green Deal \u00bb, le suicide industriel de l\u2019Europe\",\"datePublished\":\"2024-11-30T08:17:53+00:00\",\"dateModified\":\"2024-11-30T08:17:53+00:00\",\"mainEntityOfPage\":{\"@id\":\"https:\/\/vieassociative.be\/actualites\/lettre-a-la-redaction-green-deal-le-suicide-industriel-de-leurope\/\"},\"wordCount\":290,\"publisher\":{\"@id\":\"https:\/\/vieassociative.be\/actualites\/#organization\"},\"image\":{\"@id\":\"https:\/\/vieassociative.be\/actualites\/lettre-a-la-redaction-green-deal-le-suicide-industriel-de-leurope\/#primaryimage\"},\"thumbnailUrl\":\"https:\/\/vieassociative.be\/actualites\/wp-content\/uploads\/2024\/11\/LETTRE-A-LA-REDACTION-\u2013-Audi-Bruxelles-dernier-avertissement-du.jpeg\",\"keywords\":[\"Deal\",\"Green\",\"industriel\",\"lettre\",\"lEurope\",\"R\u00c9DACTION\",\"suicide\"],\"articleSection\":[\"Belgique\"],\"inLanguage\":\"fr-BE\"},{\"@type\":\"WebPage\",\"@id\":\"https:\/\/vieassociative.be\/actualites\/lettre-a-la-redaction-green-deal-le-suicide-industriel-de-leurope\/\",\"url\":\"https:\/\/vieassociative.be\/actualites\/lettre-a-la-redaction-green-deal-le-suicide-industriel-de-leurope\/\",\"name\":\"LETTRE \u00c0 LA R\u00c9DACTION \u2013 \u00ab Green Deal \u00bb, le suicide industriel de l\u2019Europe | Vie Associative\",\"isPartOf\":{\"@id\":\"https:\/\/vieassociative.be\/actualites\/#website\"},\"primaryImageOfPage\":{\"@id\":\"https:\/\/vieassociative.be\/actualites\/lettre-a-la-redaction-green-deal-le-suicide-industriel-de-leurope\/#primaryimage\"},\"image\":{\"@id\":\"https:\/\/vieassociative.be\/actualites\/lettre-a-la-redaction-green-deal-le-suicide-industriel-de-leurope\/#primaryimage\"},\"thumbnailUrl\":\"https:\/\/vieassociative.be\/actualites\/wp-content\/uploads\/2024\/11\/LETTRE-A-LA-REDACTION-\u2013-Audi-Bruxelles-dernier-avertissement-du.jpeg\",\"datePublished\":\"2024-11-30T08:17:53+00:00\",\"dateModified\":\"2024-11-30T08:17:53+00:00\",\"breadcrumb\":{\"@id\":\"https:\/\/vieassociative.be\/actualites\/lettre-a-la-redaction-green-deal-le-suicide-industriel-de-leurope\/#breadcrumb\"},\"inLanguage\":\"fr-BE\",\"potentialAction\":[{\"@type\":\"ReadAction\",\"target\":[\"https:\/\/vieassociative.be\/actualites\/lettre-a-la-redaction-green-deal-le-suicide-industriel-de-leurope\/\"]}]},{\"@type\":\"ImageObject\",\"inLanguage\":\"fr-BE\",\"@id\":\"https:\/\/vieassociative.be\/actualites\/lettre-a-la-redaction-green-deal-le-suicide-industriel-de-leurope\/#primaryimage\",\"url\":\"https:\/\/vieassociative.be\/actualites\/wp-content\/uploads\/2024\/11\/LETTRE-A-LA-REDACTION-\u2013-Audi-Bruxelles-dernier-avertissement-du.jpeg\",\"contentUrl\":\"https:\/\/vieassociative.be\/actualites\/wp-content\/uploads\/2024\/11\/LETTRE-A-LA-REDACTION-\u2013-Audi-Bruxelles-dernier-avertissement-du.jpeg\",\"width\":1024,\"height\":747,\"caption\":\"LETTRE \u00c0 LA R\u00c9DACTION \u2013 Audi Bruxelles, dernier avertissement du gouffre\"},{\"@type\":\"BreadcrumbList\",\"@id\":\"https:\/\/vieassociative.be\/actualites\/lettre-a-la-redaction-green-deal-le-suicide-industriel-de-leurope\/#breadcrumb\",\"itemListElement\":[{\"@type\":\"ListItem\",\"position\":1,\"name\":\"Accueil\",\"item\":\"https:\/\/vieassociative.be\/actualites\/\"},{\"@type\":\"ListItem\",\"position\":2,\"name\":\"LETTRE \u00c0 LA R\u00c9DACTION \u2013 \u00ab Green Deal \u00bb, le suicide industriel de l\u2019Europe\"}]},{\"@type\":\"WebSite\",\"@id\":\"https:\/\/vieassociative.be\/actualites\/#website\",\"url\":\"https:\/\/vieassociative.be\/actualites\/\",\"name\":\"Vie Associative\",\"description\":\"\",\"publisher\":{\"@id\":\"https:\/\/vieassociative.be\/actualites\/#organization\"},\"potentialAction\":[{\"@type\":\"SearchAction\",\"target\":{\"@type\":\"EntryPoint\",\"urlTemplate\":\"https:\/\/vieassociative.be\/actualites\/?s={search_term_string}\"},\"query-input\":{\"@type\":\"PropertyValueSpecification\",\"valueRequired\":true,\"valueName\":\"search_term_string\"}}],\"inLanguage\":\"fr-BE\"},{\"@type\":\"Organization\",\"@id\":\"https:\/\/vieassociative.be\/actualites\/#organization\",\"name\":\"Vie Associative\",\"url\":\"https:\/\/vieassociative.be\/actualites\/\",\"logo\":{\"@type\":\"ImageObject\",\"inLanguage\":\"fr-BE\",\"@id\":\"https:\/\/vieassociative.be\/actualites\/#\/schema\/logo\/image\/\",\"url\":\"https:\/\/vieassociative.be\/actualites\/wp-content\/uploads\/2024\/09\/cropped-vieassociative_favicon.ico.png\",\"contentUrl\":\"https:\/\/vieassociative.be\/actualites\/wp-content\/uploads\/2024\/09\/cropped-vieassociative_favicon.ico.png\",\"width\":512,\"height\":512,\"caption\":\"Vie Associative\"},\"image\":{\"@id\":\"https:\/\/vieassociative.be\/actualites\/#\/schema\/logo\/image\/\"}},{\"@type\":\"Person\",\"@id\":\"https:\/\/vieassociative.be\/actualites\/#\/schema\/person\/b87ac4f82f9d4e7b7cec7395b679edc4\",\"name\":\"Julien\",\"image\":{\"@type\":\"ImageObject\",\"inLanguage\":\"fr-BE\",\"@id\":\"https:\/\/vieassociative.be\/actualites\/#\/schema\/person\/image\/\",\"url\":\"https:\/\/vieassociative.be\/actualites\/wp-content\/uploads\/2024\/09\/vie-associative-1-150x150.jpg\",\"contentUrl\":\"https:\/\/vieassociative.be\/actualites\/wp-content\/uploads\/2024\/09\/vie-associative-1-150x150.jpg\",\"caption\":\"Julien\"},\"description\":\"Je suis Julien, r\u00e9dacteur pour Vie Associative. Passionn\u00e9 par le monde associatif depuis plus de 10 ans, j'ai \u00e0 c\u0153ur de partager des histoires inspirantes et de mettre en lumi\u00e8re les initiatives locales. Mon objectif est de sensibiliser et d'encourager l'engagement communautaire \u00e0 travers mes articles.\",\"sameAs\":[\"https:\/\/vieassociative.be\/\"]}]}<\/script>\n<!-- \/ Yoast SEO plugin. -->","yoast_head_json":{"title":"LETTRE \u00c0 LA R\u00c9DACTION \u2013 \u00ab Green Deal \u00bb, le suicide industriel de l\u2019Europe | Vie Associative","robots":{"index":"index","follow":"follow","max-snippet":"max-snippet:-1","max-image-preview":"max-image-preview:large","max-video-preview":"max-video-preview:-1"},"canonical":"https:\/\/vieassociative.be\/actualites\/lettre-a-la-redaction-green-deal-le-suicide-industriel-de-leurope\/","og_locale":"fr_FR","og_type":"article","og_title":"LETTRE \u00c0 LA R\u00c9DACTION \u2013 \u00ab Green Deal \u00bb, le suicide industriel de l\u2019Europe | Vie Associative","og_description":"Les m\u00e9dias allemands sont actuellement remplis chaque jour de mauvaises nouvelles de l\u2019industrie. Outre l\u2019industrie automobile, c\u2019est l\u2019industrie sid\u00e9rurgique qui est au bord de l\u2019effondrement.","og_url":"https:\/\/vieassociative.be\/actualites\/lettre-a-la-redaction-green-deal-le-suicide-industriel-de-leurope\/","og_site_name":"Vie Associative","article_published_time":"2024-11-30T08:17:53+00:00","og_image":[{"width":279,"height":92,"url":"https:\/\/vieassociative.be\/actualites\/wp-content\/uploads\/2024\/09\/header_backgroundk-01-e1726694325946.png","type":"image\/png"}],"author":"Julien","twitter_card":"summary_large_image","twitter_misc":{"\u00c9crit par":"Julien","Dur\u00e9e de lecture est.":"1 minute"},"schema":{"@context":"https:\/\/schema.org","@graph":[{"@type":"Article","@id":"https:\/\/vieassociative.be\/actualites\/lettre-a-la-redaction-green-deal-le-suicide-industriel-de-leurope\/#article","isPartOf":{"@id":"https:\/\/vieassociative.be\/actualites\/lettre-a-la-redaction-green-deal-le-suicide-industriel-de-leurope\/"},"author":{"name":"Julien","@id":"https:\/\/vieassociative.be\/actualites\/#\/schema\/person\/b87ac4f82f9d4e7b7cec7395b679edc4"},"headline":"LETTRE \u00c0 LA R\u00c9DACTION \u2013 \u00ab Green Deal \u00bb, le suicide industriel de l\u2019Europe","datePublished":"2024-11-30T08:17:53+00:00","dateModified":"2024-11-30T08:17:53+00:00","mainEntityOfPage":{"@id":"https:\/\/vieassociative.be\/actualites\/lettre-a-la-redaction-green-deal-le-suicide-industriel-de-leurope\/"},"wordCount":290,"publisher":{"@id":"https:\/\/vieassociative.be\/actualites\/#organization"},"image":{"@id":"https:\/\/vieassociative.be\/actualites\/lettre-a-la-redaction-green-deal-le-suicide-industriel-de-leurope\/#primaryimage"},"thumbnailUrl":"https:\/\/vieassociative.be\/actualites\/wp-content\/uploads\/2024\/11\/LETTRE-A-LA-REDACTION-\u2013-Audi-Bruxelles-dernier-avertissement-du.jpeg","keywords":["Deal","Green","industriel","lettre","lEurope","R\u00c9DACTION","suicide"],"articleSection":["Belgique"],"inLanguage":"fr-BE"},{"@type":"WebPage","@id":"https:\/\/vieassociative.be\/actualites\/lettre-a-la-redaction-green-deal-le-suicide-industriel-de-leurope\/","url":"https:\/\/vieassociative.be\/actualites\/lettre-a-la-redaction-green-deal-le-suicide-industriel-de-leurope\/","name":"LETTRE \u00c0 LA R\u00c9DACTION \u2013 \u00ab Green Deal \u00bb, le suicide industriel de l\u2019Europe | Vie Associative","isPartOf":{"@id":"https:\/\/vieassociative.be\/actualites\/#website"},"primaryImageOfPage":{"@id":"https:\/\/vieassociative.be\/actualites\/lettre-a-la-redaction-green-deal-le-suicide-industriel-de-leurope\/#primaryimage"},"image":{"@id":"https:\/\/vieassociative.be\/actualites\/lettre-a-la-redaction-green-deal-le-suicide-industriel-de-leurope\/#primaryimage"},"thumbnailUrl":"https:\/\/vieassociative.be\/actualites\/wp-content\/uploads\/2024\/11\/LETTRE-A-LA-REDACTION-\u2013-Audi-Bruxelles-dernier-avertissement-du.jpeg","datePublished":"2024-11-30T08:17:53+00:00","dateModified":"2024-11-30T08:17:53+00:00","breadcrumb":{"@id":"https:\/\/vieassociative.be\/actualites\/lettre-a-la-redaction-green-deal-le-suicide-industriel-de-leurope\/#breadcrumb"},"inLanguage":"fr-BE","potentialAction":[{"@type":"ReadAction","target":["https:\/\/vieassociative.be\/actualites\/lettre-a-la-redaction-green-deal-le-suicide-industriel-de-leurope\/"]}]},{"@type":"ImageObject","inLanguage":"fr-BE","@id":"https:\/\/vieassociative.be\/actualites\/lettre-a-la-redaction-green-deal-le-suicide-industriel-de-leurope\/#primaryimage","url":"https:\/\/vieassociative.be\/actualites\/wp-content\/uploads\/2024\/11\/LETTRE-A-LA-REDACTION-\u2013-Audi-Bruxelles-dernier-avertissement-du.jpeg","contentUrl":"https:\/\/vieassociative.be\/actualites\/wp-content\/uploads\/2024\/11\/LETTRE-A-LA-REDACTION-\u2013-Audi-Bruxelles-dernier-avertissement-du.jpeg","width":1024,"height":747,"caption":"LETTRE \u00c0 LA R\u00c9DACTION \u2013 Audi Bruxelles, dernier avertissement du gouffre"},{"@type":"BreadcrumbList","@id":"https:\/\/vieassociative.be\/actualites\/lettre-a-la-redaction-green-deal-le-suicide-industriel-de-leurope\/#breadcrumb","itemListElement":[{"@type":"ListItem","position":1,"name":"Accueil","item":"https:\/\/vieassociative.be\/actualites\/"},{"@type":"ListItem","position":2,"name":"LETTRE \u00c0 LA R\u00c9DACTION \u2013 \u00ab Green Deal \u00bb, le suicide industriel de l\u2019Europe"}]},{"@type":"WebSite","@id":"https:\/\/vieassociative.be\/actualites\/#website","url":"https:\/\/vieassociative.be\/actualites\/","name":"Vie Associative","description":"","publisher":{"@id":"https:\/\/vieassociative.be\/actualites\/#organization"},"potentialAction":[{"@type":"SearchAction","target":{"@type":"EntryPoint","urlTemplate":"https:\/\/vieassociative.be\/actualites\/?s={search_term_string}"},"query-input":{"@type":"PropertyValueSpecification","valueRequired":true,"valueName":"search_term_string"}}],"inLanguage":"fr-BE"},{"@type":"Organization","@id":"https:\/\/vieassociative.be\/actualites\/#organization","name":"Vie Associative","url":"https:\/\/vieassociative.be\/actualites\/","logo":{"@type":"ImageObject","inLanguage":"fr-BE","@id":"https:\/\/vieassociative.be\/actualites\/#\/schema\/logo\/image\/","url":"https:\/\/vieassociative.be\/actualites\/wp-content\/uploads\/2024\/09\/cropped-vieassociative_favicon.ico.png","contentUrl":"https:\/\/vieassociative.be\/actualites\/wp-content\/uploads\/2024\/09\/cropped-vieassociative_favicon.ico.png","width":512,"height":512,"caption":"Vie Associative"},"image":{"@id":"https:\/\/vieassociative.be\/actualites\/#\/schema\/logo\/image\/"}},{"@type":"Person","@id":"https:\/\/vieassociative.be\/actualites\/#\/schema\/person\/b87ac4f82f9d4e7b7cec7395b679edc4","name":"Julien","image":{"@type":"ImageObject","inLanguage":"fr-BE","@id":"https:\/\/vieassociative.be\/actualites\/#\/schema\/person\/image\/","url":"https:\/\/vieassociative.be\/actualites\/wp-content\/uploads\/2024\/09\/vie-associative-1-150x150.jpg","contentUrl":"https:\/\/vieassociative.be\/actualites\/wp-content\/uploads\/2024\/09\/vie-associative-1-150x150.jpg","caption":"Julien"},"description":"Je suis Julien, r\u00e9dacteur pour Vie Associative. Passionn\u00e9 par le monde associatif depuis plus de 10 ans, j'ai \u00e0 c\u0153ur de partager des histoires inspirantes et de mettre en lumi\u00e8re les initiatives locales. Mon objectif est de sensibiliser et d'encourager l'engagement communautaire \u00e0 travers mes articles.","sameAs":["https:\/\/vieassociative.be\/"]}]}},"_links":{"self":[{"href":"https:\/\/vieassociative.be\/actualites\/wp-json\/wp\/v2\/posts\/2913"}],"collection":[{"href":"https:\/\/vieassociative.be\/actualites\/wp-json\/wp\/v2\/posts"}],"about":[{"href":"https:\/\/vieassociative.be\/actualites\/wp-json\/wp\/v2\/types\/post"}],"author":[{"embeddable":true,"href":"https:\/\/vieassociative.be\/actualites\/wp-json\/wp\/v2\/users\/1"}],"replies":[{"embeddable":true,"href":"https:\/\/vieassociative.be\/actualites\/wp-json\/wp\/v2\/comments?post=2913"}],"version-history":[{"count":0,"href":"https:\/\/vieassociative.be\/actualites\/wp-json\/wp\/v2\/posts\/2913\/revisions"}],"wp:featuredmedia":[{"embeddable":true,"href":"https:\/\/vieassociative.be\/actualites\/wp-json\/wp\/v2\/media\/2567"}],"wp:attachment":[{"href":"https:\/\/vieassociative.be\/actualites\/wp-json\/wp\/v2\/media?parent=2913"}],"wp:term":[{"taxonomy":"category","embeddable":true,"href":"https:\/\/vieassociative.be\/actualites\/wp-json\/wp\/v2\/categories?post=2913"},{"taxonomy":"post_tag","embeddable":true,"href":"https:\/\/vieassociative.be\/actualites\/wp-json\/wp\/v2\/tags?post=2913"}],"curies":[{"name":"wp","href":"https:\/\/api.w.org\/{rel}","templated":true}]}}