{"id":2906,"date":"2024-11-30T03:17:20","date_gmt":"2024-11-30T02:17:20","guid":{"rendered":"https:\/\/vieassociative.be\/actualites\/vols-de-voitures-la-police-donne-des-conseils-aux-proprietaires-de-vehicules\/"},"modified":"2024-11-30T03:17:20","modified_gmt":"2024-11-30T02:17:20","slug":"vols-de-voitures-la-police-donne-des-conseils-aux-proprietaires-de-vehicules","status":"publish","type":"post","link":"https:\/\/vieassociative.be\/actualites\/vols-de-voitures-la-police-donne-des-conseils-aux-proprietaires-de-vehicules\/","title":{"rendered":"Vols de voitures : la police donne des conseils aux propri\u00e9taires de v\u00e9hicules"},"content":{"rendered":"<p><strong>R\u00e9cemment, plusieurs vols ont eu lieu dans des v\u00e9hicules en stationnement dans la zone de police de Weser-G\u00f6hl. C&rsquo;est pourquoi la police souhaite vous rappeler quelques r\u00e8gles de conduite importantes.<\/strong><\/p>\n<p><span id=\"more-402830\"><\/span>Au cours des derni\u00e8res semaines et jours, la zone de police de Weser-G\u00f6hl a re\u00e7u plusieurs signalements de vols ou de tentatives de vol dans des v\u00e9hicules. Surtout \u00e0 cette p\u00e9riode de l&rsquo;ann\u00e9e, o\u00f9 l&rsquo;obscurit\u00e9 facilite la t\u00e2che des auteurs d&rsquo;actes criminels, les propri\u00e9taires de voitures devraient mieux prot\u00e9ger leur voiture.<\/p>\n<p>Dans le Code de la route belge, l&rsquo;article 8.5 pr\u00e9cise ce qui suit : \u00ab Le conducteur ne doit pas quitter le v\u00e9hicule qu&rsquo;il conduit (\u2026) sans prendre les pr\u00e9cautions n\u00e9cessaires pour \u00e9viter tout accident et toute utilisation abusive par des tiers. Si le v\u00e9hicule est \u00e9quip\u00e9 d&rsquo;un dispositif antivol, celui-ci doit \u00eatre utilis\u00e9.<\/p>\n<div id=\"attachment_402875\" class=\"wp-caption alignleft\" style=\"max-width: 300px\"><img fetchpriority=\"high\" decoding=\"async\" class=\"wp-image-402875 size-medium\" src=\"https:\/\/vieassociative.be\/actualites\/wp-content\/uploads\/2024\/11\/Vols-de-voitures-la-police-donne-des-conseils-aux.jpg\" alt=\"\" width=\"300\" height=\"200\"  ><\/p>\n<p class=\"wp-caption-text\">Cette image a \u00e9t\u00e9 cr\u00e9\u00e9e \u00e0 l\u2019aide de l\u2019intelligence artificielle et n\u2019a en aucun cas \u00e9t\u00e9 cr\u00e9\u00e9e \u00e0 partir d\u2019une situation r\u00e9elle. Photo : zone de police de Weser-G\u00f6hl<\/p>\n<\/div>\n<p>Quelques conseils tr\u00e8s simples rendent plus difficile pour les auteurs potentiels de voler des objets dans les v\u00e9hicules ou m\u00eame de voler le v\u00e9hicule.<\/p>\n<p><strong>1. Pr\u00e9cautions<\/strong><\/p>\n<ul>\n<li><em>Stationnement s\u00e9curis\u00e9\u00a0:<\/em> Choisissez des places de stationnement bien \u00e9clair\u00e9es, fr\u00e9quent\u00e9es ou surveill\u00e9es. Les garages verrouillables offrent une protection suppl\u00e9mentaire.<\/li>\n<li><em>Verrouillez toujours le v\u00e9hicule\u00a0:<\/em> Verrouillez toujours toutes les portes et fen\u00eatres, m\u00eame si vous ne quittez la voiture que pour une courte p\u00e9riode.<\/li>\n<li><em>Ne laissez pas d&rsquo;objets de valeur visibles\u00a0:<\/em> \u00c9vitez de laisser des objets de valeur ouverts dans la voiture pour \u00e9viter d&rsquo;attirer des voleurs potentiels.<\/li>\n<\/ul>\n<p><strong>2. Syst\u00e8mes de s\u00e9curit\u00e9 \u00e9lectroniques<\/strong><\/p>\n<ul>\n<li><em>Syst\u00e8me d&rsquo;alarme :<\/em> Installation d&rsquo;un syst\u00e8me d&rsquo;alarme certifi\u00e9 qui d\u00e9clenche une alarme sonore en cas de tentative d&rsquo;effraction. Assurez-vous que le syst\u00e8me poss\u00e8de une marque E et est conforme \u00e0 la directive ECE R116A.<\/li>\n<li><em>Traceur GPS\u00a0:<\/em> Installation d&rsquo;un tracker GPS pour localiser le v\u00e9hicule en cas de vol. Cela permet \u00e0 la police de r\u00e9cup\u00e9rer plus facilement la voiture vol\u00e9e.<\/li>\n<li><em>Dashcam avec d\u00e9tection de mouvement :<\/em> Une dashcam de haute qualit\u00e9 avec d\u00e9tection de mouvement 24 heures sur 24 et vision nocturne peut dissuader les voleurs et fournir des preuves.<\/li>\n<li>\u2794 <em>Autocollant d&rsquo;avertissement\u00a0:<\/em> Apposez des autocollants indiquant que le v\u00e9hicule est surveill\u00e9. Cela peut avoir un effet dissuasif suppl\u00e9mentaire.<\/li>\n<\/ul>\n<div id=\"attachment_92734\" class=\"wp-caption alignleft\" style=\"max-width: 300px\"><img decoding=\"async\" class=\"wp-image-92734 size-medium\" src=\"https:\/\/vieassociative.be\/actualites\/wp-content\/uploads\/2024\/11\/Vols-de-voitures-la-police-donne-des-conseils-aux.jpeg\" alt=\"\" width=\"300\" height=\"225\"  ><\/p>\n<p class=\"wp-caption-text\">Photo : Shutterstock<\/p>\n<\/div>\n<p><strong>3. Fusible m\u00e9canique<\/strong><\/p>\n<ul>\n<li><em>Antivol du volant ou antivol de p\u00e9dale :<\/em> Ces barri\u00e8res physiques rendent le vol plus difficile et peuvent dissuader les auteurs potentiels.<\/li>\n<li><em>F<\/em><em>Serrures Elgen\u00a0:<\/em> Des vis sp\u00e9ciales sur les roues, qui ne peuvent \u00eatre desserr\u00e9es qu&rsquo;avec un verrou cod\u00e9, prot\u00e8gent contre le vol de jante.<\/li>\n<\/ul>\n<p>En combinant plusieurs de ces mesures, vous pouvez prot\u00e9ger efficacement votre voiture contre le vol. N&rsquo;oubliez pas qu&rsquo;aucun syst\u00e8me n&rsquo;offre \u00e0 lui seul une protection absolue. C&rsquo;est pourquoi un<br \/>\nUne approche \u00e0 plusieurs niveaux est recommand\u00e9e.<\/p>\n<p>Si vous avez \u00e9t\u00e9 victime d&rsquo;un vol, il est bien entendu toujours n\u00e9cessaire d&rsquo;appeler la police sur place (num\u00e9ro d&rsquo;urgence 101) afin de proc\u00e9der aux premi\u00e8res constatations avant que les traces ne soient rendues inutilisables.<\/p>\n","protected":false},"excerpt":{"rendered":"<p>R\u00e9cemment, plusieurs vols ont eu lieu dans des v\u00e9hicules en stationnement dans la zone de police de Weser-G\u00f6hl. C&rsquo;est pourquoi la police souhaite vous rappeler<\/p>\n","protected":false},"author":1,"featured_media":2907,"comment_status":"","ping_status":"","sticky":false,"template":"","format":"standard","meta":{"footnotes":""},"categories":[298],"tags":[289,725,29,728,2741,3622,3623,1623,3621],"class_list":["post-2906","post","type-post","status-publish","format-standard","has-post-thumbnail","hentry","category-belgique","tag-aux","tag-conseils","tag-des","tag-donne","tag-police","tag-proprietaires","tag-vehicules","tag-voitures","tag-vols","generate-columns","tablet-grid-50","mobile-grid-100","grid-parent","grid-33"],"yoast_head":"<!-- This site is optimized with the Yoast SEO plugin v24.0 - https:\/\/yoast.com\/wordpress\/plugins\/seo\/ -->\n<title>Vols de voitures : la police donne des conseils aux propri\u00e9taires de v\u00e9hicules | Vie Associative<\/title>\n<meta name=\"robots\" content=\"index, follow, max-snippet:-1, max-image-preview:large, max-video-preview:-1\" \/>\n<link rel=\"canonical\" href=\"https:\/\/vieassociative.be\/actualites\/vols-de-voitures-la-police-donne-des-conseils-aux-proprietaires-de-vehicules\/\" \/>\n<meta property=\"og:locale\" content=\"fr_FR\" \/>\n<meta property=\"og:type\" content=\"article\" \/>\n<meta property=\"og:title\" content=\"Vols de voitures : la police donne des conseils aux propri\u00e9taires de v\u00e9hicules | Vie Associative\" \/>\n<meta property=\"og:description\" content=\"R\u00e9cemment, plusieurs vols ont eu lieu dans des v\u00e9hicules en stationnement dans la zone de police de Weser-G\u00f6hl. C&rsquo;est pourquoi la police souhaite vous rappeler\" \/>\n<meta property=\"og:url\" content=\"https:\/\/vieassociative.be\/actualites\/vols-de-voitures-la-police-donne-des-conseils-aux-proprietaires-de-vehicules\/\" \/>\n<meta property=\"og:site_name\" content=\"Vie Associative\" \/>\n<meta property=\"article:published_time\" content=\"2024-11-30T02:17:20+00:00\" \/>\n<meta property=\"og:image\" content=\"https:\/\/vieassociative.be\/actualites\/wp-content\/uploads\/2024\/11\/Vols-de-voitures-la-police-donne-des-conseils-aux.jpg\" \/>\n<meta name=\"author\" content=\"Julien\" \/>\n<meta name=\"twitter:card\" content=\"summary_large_image\" \/>\n<meta name=\"twitter:label1\" content=\"\u00c9crit par\" \/>\n\t<meta name=\"twitter:data1\" content=\"Julien\" \/>\n\t<meta name=\"twitter:label2\" content=\"Dur\u00e9e de lecture est.\" \/>\n\t<meta name=\"twitter:data2\" content=\"3 minutes\" \/>\n<script type=\"application\/ld+json\" class=\"yoast-schema-graph\">{\"@context\":\"https:\/\/schema.org\",\"@graph\":[{\"@type\":\"Article\",\"@id\":\"https:\/\/vieassociative.be\/actualites\/vols-de-voitures-la-police-donne-des-conseils-aux-proprietaires-de-vehicules\/#article\",\"isPartOf\":{\"@id\":\"https:\/\/vieassociative.be\/actualites\/vols-de-voitures-la-police-donne-des-conseils-aux-proprietaires-de-vehicules\/\"},\"author\":{\"name\":\"Julien\",\"@id\":\"https:\/\/vieassociative.be\/actualites\/#\/schema\/person\/b87ac4f82f9d4e7b7cec7395b679edc4\"},\"headline\":\"Vols de voitures : la police donne des conseils aux propri\u00e9taires de v\u00e9hicules\",\"datePublished\":\"2024-11-30T02:17:20+00:00\",\"dateModified\":\"2024-11-30T02:17:20+00:00\",\"mainEntityOfPage\":{\"@id\":\"https:\/\/vieassociative.be\/actualites\/vols-de-voitures-la-police-donne-des-conseils-aux-proprietaires-de-vehicules\/\"},\"wordCount\":577,\"publisher\":{\"@id\":\"https:\/\/vieassociative.be\/actualites\/#organization\"},\"image\":{\"@id\":\"https:\/\/vieassociative.be\/actualites\/vols-de-voitures-la-police-donne-des-conseils-aux-proprietaires-de-vehicules\/#primaryimage\"},\"thumbnailUrl\":\"https:\/\/vieassociative.be\/actualites\/wp-content\/uploads\/2024\/11\/1732933040_Vols-de-voitures-la-police-donne-des-conseils-aux.jpeg\",\"keywords\":[\"aux\",\"Conseils\",\"Des\",\"donne\",\"police\",\"propri\u00e9taires\",\"v\u00e9hicules\",\"voitures\",\"Vols\"],\"articleSection\":[\"Belgique\"],\"inLanguage\":\"fr-BE\"},{\"@type\":\"WebPage\",\"@id\":\"https:\/\/vieassociative.be\/actualites\/vols-de-voitures-la-police-donne-des-conseils-aux-proprietaires-de-vehicules\/\",\"url\":\"https:\/\/vieassociative.be\/actualites\/vols-de-voitures-la-police-donne-des-conseils-aux-proprietaires-de-vehicules\/\",\"name\":\"Vols de voitures : la police donne des conseils aux propri\u00e9taires de v\u00e9hicules | Vie Associative\",\"isPartOf\":{\"@id\":\"https:\/\/vieassociative.be\/actualites\/#website\"},\"primaryImageOfPage\":{\"@id\":\"https:\/\/vieassociative.be\/actualites\/vols-de-voitures-la-police-donne-des-conseils-aux-proprietaires-de-vehicules\/#primaryimage\"},\"image\":{\"@id\":\"https:\/\/vieassociative.be\/actualites\/vols-de-voitures-la-police-donne-des-conseils-aux-proprietaires-de-vehicules\/#primaryimage\"},\"thumbnailUrl\":\"https:\/\/vieassociative.be\/actualites\/wp-content\/uploads\/2024\/11\/1732933040_Vols-de-voitures-la-police-donne-des-conseils-aux.jpeg\",\"datePublished\":\"2024-11-30T02:17:20+00:00\",\"dateModified\":\"2024-11-30T02:17:20+00:00\",\"breadcrumb\":{\"@id\":\"https:\/\/vieassociative.be\/actualites\/vols-de-voitures-la-police-donne-des-conseils-aux-proprietaires-de-vehicules\/#breadcrumb\"},\"inLanguage\":\"fr-BE\",\"potentialAction\":[{\"@type\":\"ReadAction\",\"target\":[\"https:\/\/vieassociative.be\/actualites\/vols-de-voitures-la-police-donne-des-conseils-aux-proprietaires-de-vehicules\/\"]}]},{\"@type\":\"ImageObject\",\"inLanguage\":\"fr-BE\",\"@id\":\"https:\/\/vieassociative.be\/actualites\/vols-de-voitures-la-police-donne-des-conseils-aux-proprietaires-de-vehicules\/#primaryimage\",\"url\":\"https:\/\/vieassociative.be\/actualites\/wp-content\/uploads\/2024\/11\/1732933040_Vols-de-voitures-la-police-donne-des-conseils-aux.jpeg\",\"contentUrl\":\"https:\/\/vieassociative.be\/actualites\/wp-content\/uploads\/2024\/11\/1732933040_Vols-de-voitures-la-police-donne-des-conseils-aux.jpeg\",\"width\":1000,\"height\":667,\"caption\":\"Vols de voitures : la police donne des conseils aux propri\u00e9taires de v\u00e9hicules\"},{\"@type\":\"BreadcrumbList\",\"@id\":\"https:\/\/vieassociative.be\/actualites\/vols-de-voitures-la-police-donne-des-conseils-aux-proprietaires-de-vehicules\/#breadcrumb\",\"itemListElement\":[{\"@type\":\"ListItem\",\"position\":1,\"name\":\"Accueil\",\"item\":\"https:\/\/vieassociative.be\/actualites\/\"},{\"@type\":\"ListItem\",\"position\":2,\"name\":\"Vols de voitures : la police donne des conseils aux propri\u00e9taires de v\u00e9hicules\"}]},{\"@type\":\"WebSite\",\"@id\":\"https:\/\/vieassociative.be\/actualites\/#website\",\"url\":\"https:\/\/vieassociative.be\/actualites\/\",\"name\":\"Vie Associative\",\"description\":\"\",\"publisher\":{\"@id\":\"https:\/\/vieassociative.be\/actualites\/#organization\"},\"potentialAction\":[{\"@type\":\"SearchAction\",\"target\":{\"@type\":\"EntryPoint\",\"urlTemplate\":\"https:\/\/vieassociative.be\/actualites\/?s={search_term_string}\"},\"query-input\":{\"@type\":\"PropertyValueSpecification\",\"valueRequired\":true,\"valueName\":\"search_term_string\"}}],\"inLanguage\":\"fr-BE\"},{\"@type\":\"Organization\",\"@id\":\"https:\/\/vieassociative.be\/actualites\/#organization\",\"name\":\"Vie Associative\",\"url\":\"https:\/\/vieassociative.be\/actualites\/\",\"logo\":{\"@type\":\"ImageObject\",\"inLanguage\":\"fr-BE\",\"@id\":\"https:\/\/vieassociative.be\/actualites\/#\/schema\/logo\/image\/\",\"url\":\"https:\/\/vieassociative.be\/actualites\/wp-content\/uploads\/2024\/09\/cropped-vieassociative_favicon.ico.png\",\"contentUrl\":\"https:\/\/vieassociative.be\/actualites\/wp-content\/uploads\/2024\/09\/cropped-vieassociative_favicon.ico.png\",\"width\":512,\"height\":512,\"caption\":\"Vie Associative\"},\"image\":{\"@id\":\"https:\/\/vieassociative.be\/actualites\/#\/schema\/logo\/image\/\"}},{\"@type\":\"Person\",\"@id\":\"https:\/\/vieassociative.be\/actualites\/#\/schema\/person\/b87ac4f82f9d4e7b7cec7395b679edc4\",\"name\":\"Julien\",\"image\":{\"@type\":\"ImageObject\",\"inLanguage\":\"fr-BE\",\"@id\":\"https:\/\/vieassociative.be\/actualites\/#\/schema\/person\/image\/\",\"url\":\"https:\/\/vieassociative.be\/actualites\/wp-content\/uploads\/2024\/09\/vie-associative-1-150x150.jpg\",\"contentUrl\":\"https:\/\/vieassociative.be\/actualites\/wp-content\/uploads\/2024\/09\/vie-associative-1-150x150.jpg\",\"caption\":\"Julien\"},\"description\":\"Je suis Julien, r\u00e9dacteur pour Vie Associative. Passionn\u00e9 par le monde associatif depuis plus de 10 ans, j'ai \u00e0 c\u0153ur de partager des histoires inspirantes et de mettre en lumi\u00e8re les initiatives locales. Mon objectif est de sensibiliser et d'encourager l'engagement communautaire \u00e0 travers mes articles.\",\"sameAs\":[\"https:\/\/vieassociative.be\/\"]}]}<\/script>\n<!-- \/ Yoast SEO plugin. -->","yoast_head_json":{"title":"Vols de voitures : la police donne des conseils aux propri\u00e9taires de v\u00e9hicules | Vie Associative","robots":{"index":"index","follow":"follow","max-snippet":"max-snippet:-1","max-image-preview":"max-image-preview:large","max-video-preview":"max-video-preview:-1"},"canonical":"https:\/\/vieassociative.be\/actualites\/vols-de-voitures-la-police-donne-des-conseils-aux-proprietaires-de-vehicules\/","og_locale":"fr_FR","og_type":"article","og_title":"Vols de voitures : la police donne des conseils aux propri\u00e9taires de v\u00e9hicules | Vie Associative","og_description":"R\u00e9cemment, plusieurs vols ont eu lieu dans des v\u00e9hicules en stationnement dans la zone de police de Weser-G\u00f6hl. C&rsquo;est pourquoi la police souhaite vous rappeler","og_url":"https:\/\/vieassociative.be\/actualites\/vols-de-voitures-la-police-donne-des-conseils-aux-proprietaires-de-vehicules\/","og_site_name":"Vie Associative","article_published_time":"2024-11-30T02:17:20+00:00","og_image":[{"url":"https:\/\/vieassociative.be\/actualites\/wp-content\/uploads\/2024\/11\/Vols-de-voitures-la-police-donne-des-conseils-aux.jpg","type":"","width":"","height":""}],"author":"Julien","twitter_card":"summary_large_image","twitter_misc":{"\u00c9crit par":"Julien","Dur\u00e9e de lecture est.":"3 minutes"},"schema":{"@context":"https:\/\/schema.org","@graph":[{"@type":"Article","@id":"https:\/\/vieassociative.be\/actualites\/vols-de-voitures-la-police-donne-des-conseils-aux-proprietaires-de-vehicules\/#article","isPartOf":{"@id":"https:\/\/vieassociative.be\/actualites\/vols-de-voitures-la-police-donne-des-conseils-aux-proprietaires-de-vehicules\/"},"author":{"name":"Julien","@id":"https:\/\/vieassociative.be\/actualites\/#\/schema\/person\/b87ac4f82f9d4e7b7cec7395b679edc4"},"headline":"Vols de voitures : la police donne des conseils aux propri\u00e9taires de v\u00e9hicules","datePublished":"2024-11-30T02:17:20+00:00","dateModified":"2024-11-30T02:17:20+00:00","mainEntityOfPage":{"@id":"https:\/\/vieassociative.be\/actualites\/vols-de-voitures-la-police-donne-des-conseils-aux-proprietaires-de-vehicules\/"},"wordCount":577,"publisher":{"@id":"https:\/\/vieassociative.be\/actualites\/#organization"},"image":{"@id":"https:\/\/vieassociative.be\/actualites\/vols-de-voitures-la-police-donne-des-conseils-aux-proprietaires-de-vehicules\/#primaryimage"},"thumbnailUrl":"https:\/\/vieassociative.be\/actualites\/wp-content\/uploads\/2024\/11\/1732933040_Vols-de-voitures-la-police-donne-des-conseils-aux.jpeg","keywords":["aux","Conseils","Des","donne","police","propri\u00e9taires","v\u00e9hicules","voitures","Vols"],"articleSection":["Belgique"],"inLanguage":"fr-BE"},{"@type":"WebPage","@id":"https:\/\/vieassociative.be\/actualites\/vols-de-voitures-la-police-donne-des-conseils-aux-proprietaires-de-vehicules\/","url":"https:\/\/vieassociative.be\/actualites\/vols-de-voitures-la-police-donne-des-conseils-aux-proprietaires-de-vehicules\/","name":"Vols de voitures : la police donne des conseils aux propri\u00e9taires de v\u00e9hicules | Vie Associative","isPartOf":{"@id":"https:\/\/vieassociative.be\/actualites\/#website"},"primaryImageOfPage":{"@id":"https:\/\/vieassociative.be\/actualites\/vols-de-voitures-la-police-donne-des-conseils-aux-proprietaires-de-vehicules\/#primaryimage"},"image":{"@id":"https:\/\/vieassociative.be\/actualites\/vols-de-voitures-la-police-donne-des-conseils-aux-proprietaires-de-vehicules\/#primaryimage"},"thumbnailUrl":"https:\/\/vieassociative.be\/actualites\/wp-content\/uploads\/2024\/11\/1732933040_Vols-de-voitures-la-police-donne-des-conseils-aux.jpeg","datePublished":"2024-11-30T02:17:20+00:00","dateModified":"2024-11-30T02:17:20+00:00","breadcrumb":{"@id":"https:\/\/vieassociative.be\/actualites\/vols-de-voitures-la-police-donne-des-conseils-aux-proprietaires-de-vehicules\/#breadcrumb"},"inLanguage":"fr-BE","potentialAction":[{"@type":"ReadAction","target":["https:\/\/vieassociative.be\/actualites\/vols-de-voitures-la-police-donne-des-conseils-aux-proprietaires-de-vehicules\/"]}]},{"@type":"ImageObject","inLanguage":"fr-BE","@id":"https:\/\/vieassociative.be\/actualites\/vols-de-voitures-la-police-donne-des-conseils-aux-proprietaires-de-vehicules\/#primaryimage","url":"https:\/\/vieassociative.be\/actualites\/wp-content\/uploads\/2024\/11\/1732933040_Vols-de-voitures-la-police-donne-des-conseils-aux.jpeg","contentUrl":"https:\/\/vieassociative.be\/actualites\/wp-content\/uploads\/2024\/11\/1732933040_Vols-de-voitures-la-police-donne-des-conseils-aux.jpeg","width":1000,"height":667,"caption":"Vols de voitures : la police donne des conseils aux propri\u00e9taires de v\u00e9hicules"},{"@type":"BreadcrumbList","@id":"https:\/\/vieassociative.be\/actualites\/vols-de-voitures-la-police-donne-des-conseils-aux-proprietaires-de-vehicules\/#breadcrumb","itemListElement":[{"@type":"ListItem","position":1,"name":"Accueil","item":"https:\/\/vieassociative.be\/actualites\/"},{"@type":"ListItem","position":2,"name":"Vols de voitures : la police donne des conseils aux propri\u00e9taires de v\u00e9hicules"}]},{"@type":"WebSite","@id":"https:\/\/vieassociative.be\/actualites\/#website","url":"https:\/\/vieassociative.be\/actualites\/","name":"Vie Associative","description":"","publisher":{"@id":"https:\/\/vieassociative.be\/actualites\/#organization"},"potentialAction":[{"@type":"SearchAction","target":{"@type":"EntryPoint","urlTemplate":"https:\/\/vieassociative.be\/actualites\/?s={search_term_string}"},"query-input":{"@type":"PropertyValueSpecification","valueRequired":true,"valueName":"search_term_string"}}],"inLanguage":"fr-BE"},{"@type":"Organization","@id":"https:\/\/vieassociative.be\/actualites\/#organization","name":"Vie Associative","url":"https:\/\/vieassociative.be\/actualites\/","logo":{"@type":"ImageObject","inLanguage":"fr-BE","@id":"https:\/\/vieassociative.be\/actualites\/#\/schema\/logo\/image\/","url":"https:\/\/vieassociative.be\/actualites\/wp-content\/uploads\/2024\/09\/cropped-vieassociative_favicon.ico.png","contentUrl":"https:\/\/vieassociative.be\/actualites\/wp-content\/uploads\/2024\/09\/cropped-vieassociative_favicon.ico.png","width":512,"height":512,"caption":"Vie Associative"},"image":{"@id":"https:\/\/vieassociative.be\/actualites\/#\/schema\/logo\/image\/"}},{"@type":"Person","@id":"https:\/\/vieassociative.be\/actualites\/#\/schema\/person\/b87ac4f82f9d4e7b7cec7395b679edc4","name":"Julien","image":{"@type":"ImageObject","inLanguage":"fr-BE","@id":"https:\/\/vieassociative.be\/actualites\/#\/schema\/person\/image\/","url":"https:\/\/vieassociative.be\/actualites\/wp-content\/uploads\/2024\/09\/vie-associative-1-150x150.jpg","contentUrl":"https:\/\/vieassociative.be\/actualites\/wp-content\/uploads\/2024\/09\/vie-associative-1-150x150.jpg","caption":"Julien"},"description":"Je suis Julien, r\u00e9dacteur pour Vie Associative. Passionn\u00e9 par le monde associatif depuis plus de 10 ans, j'ai \u00e0 c\u0153ur de partager des histoires inspirantes et de mettre en lumi\u00e8re les initiatives locales. Mon objectif est de sensibiliser et d'encourager l'engagement communautaire \u00e0 travers mes articles.","sameAs":["https:\/\/vieassociative.be\/"]}]}},"_links":{"self":[{"href":"https:\/\/vieassociative.be\/actualites\/wp-json\/wp\/v2\/posts\/2906"}],"collection":[{"href":"https:\/\/vieassociative.be\/actualites\/wp-json\/wp\/v2\/posts"}],"about":[{"href":"https:\/\/vieassociative.be\/actualites\/wp-json\/wp\/v2\/types\/post"}],"author":[{"embeddable":true,"href":"https:\/\/vieassociative.be\/actualites\/wp-json\/wp\/v2\/users\/1"}],"replies":[{"embeddable":true,"href":"https:\/\/vieassociative.be\/actualites\/wp-json\/wp\/v2\/comments?post=2906"}],"version-history":[{"count":0,"href":"https:\/\/vieassociative.be\/actualites\/wp-json\/wp\/v2\/posts\/2906\/revisions"}],"wp:featuredmedia":[{"embeddable":true,"href":"https:\/\/vieassociative.be\/actualites\/wp-json\/wp\/v2\/media\/2907"}],"wp:attachment":[{"href":"https:\/\/vieassociative.be\/actualites\/wp-json\/wp\/v2\/media?parent=2906"}],"wp:term":[{"taxonomy":"category","embeddable":true,"href":"https:\/\/vieassociative.be\/actualites\/wp-json\/wp\/v2\/categories?post=2906"},{"taxonomy":"post_tag","embeddable":true,"href":"https:\/\/vieassociative.be\/actualites\/wp-json\/wp\/v2\/tags?post=2906"}],"curies":[{"name":"wp","href":"https:\/\/api.w.org\/{rel}","templated":true}]}}