{"id":2899,"date":"2024-11-29T21:18:26","date_gmt":"2024-11-29T20:18:26","guid":{"rendered":"https:\/\/vieassociative.be\/actualites\/prix-dadieu-pour-niessen-et-scholl-febe-elements-award-pour-les-passerelles-pietonnes-deupen\/"},"modified":"2024-11-29T21:18:26","modified_gmt":"2024-11-29T20:18:26","slug":"prix-dadieu-pour-niessen-et-scholl-febe-elements-award-pour-les-passerelles-pietonnes-deupen","status":"publish","type":"post","link":"https:\/\/vieassociative.be\/actualites\/prix-dadieu-pour-niessen-et-scholl-febe-elements-award-pour-les-passerelles-pietonnes-deupen\/","title":{"rendered":"Prix \u200b\u200bd&rsquo;adieu pour Niessen et Scholl : FEBE Elements Award pour les passerelles pi\u00e9tonnes d&rsquo;Eupen"},"content":{"rendered":"<p><strong>Les passerelles pi\u00e9tonnes d&rsquo;Eupen ont remport\u00e9 le FEBE Elements Award dans la cat\u00e9gorie \u00ab Precast in Structures \u00bb ainsi que le prix du public. La ville en fait \u00e9tat sur son site Internet.<\/strong><\/p>\n<p><span id=\"more-402900\"><\/span>Quelques jours avant leurs adieux en tant que bourgmestre et \u00e9chevin, Claudia Niessen (Ecolo) et Michael Scholl (PFF) ont pu recevoir le prix \u00e0 Anvers en compagnie du chef de projet Olivier Groteclaes. <\/p>\n<p>Le jury a \u00e9t\u00e9 impressionn\u00e9 par la conception des quatre ponts, qui se caract\u00e9risent par leur conception unique et leur \u00e9coulement d&rsquo;eau am\u00e9lior\u00e9.<\/p>\n<div id=\"attachment_402903\" class=\"wp-caption alignleft\" style=\"max-width: 300px\"><img fetchpriority=\"high\" decoding=\"async\" class=\"wp-image-402903 size-medium\" src=\"https:\/\/vieassociative.be\/actualites\/wp-content\/uploads\/2024\/11\/Prix-\u200b\u200bdadieu-pour-Niessen-et-Scholl-FEBE-Elements-Award.jpg\" alt=\"\" width=\"300\" height=\"209\"  ><\/p>\n<p class=\"wp-caption-text\">La maire Claudia Niessen (Ecolo), l&rsquo;\u00e9chevin du b\u00e2timent Michael Scholl (PFF) et le chef de projet Olivier Groteclaes lors de la remise du FEBE Elements Award. Photo de : Ville d&rsquo;Eupen<\/p>\n<\/div>\n<p>La conception simple s\u2019int\u00e8gre parfaitement dans le paysage, ont-ils d\u00e9clar\u00e9. Mais derri\u00e8re cela se cache la technologie la plus moderne avec une construction en b\u00e9ton \u00e0 haute r\u00e9sistance et un coffrage complexe.<\/p>\n<p>Une structure porteuse en acier a \u00e9t\u00e9 sp\u00e9cialement con\u00e7ue pour le transport et le montage des \u00e9l\u00e9ments lat\u00e9raux. L&rsquo;utilisation de renforts en acier inoxydable rend les ponts particuli\u00e8rement durables. Dans le m\u00eame temps, les joints d&rsquo;\u00e9tanch\u00e9it\u00e9 et les joints de dilatation pourraient \u00eatre supprim\u00e9s, a-t-on d\u00e9clar\u00e9.<\/p>\n<p>Chaque ann\u00e9e, la F\u00e9d\u00e9ration belge de l&rsquo;Industrie du b\u00e9ton r\u00e9compense des projets utilisant des \u00e9l\u00e9ments pr\u00e9fabriqu\u00e9s en b\u00e9ton. Le cabinet d&rsquo;architecture Servais Engineering Architectural et les entreprises de construction Ronveaux, Bodarw\u00e9 et Haas &#038; Co faisaient partie des acteurs impliqu\u00e9s dans le projet de reconstruction.<\/p>\n","protected":false},"excerpt":{"rendered":"<p>Les passerelles pi\u00e9tonnes d&rsquo;Eupen ont remport\u00e9 le FEBE Elements Award dans la cat\u00e9gorie \u00ab Precast in Structures \u00bb ainsi que le prix du public. La<\/p>\n","protected":false},"author":1,"featured_media":2900,"comment_status":"","ping_status":"","sticky":false,"template":"","format":"standard","meta":{"footnotes":""},"categories":[298],"tags":[2774,3614,2403,1945,3617,14,3615,3618,3619,81,1399,3616],"class_list":["post-2899","post","type-post","status-publish","format-standard","has-post-thumbnail","hentry","category-belgique","tag-award","tag-dadieu","tag-deupen","tag-elements","tag-febe","tag-les","tag-niessen","tag-passerelles","tag-pietonnes","tag-pour","tag-prix","tag-scholl","generate-columns","tablet-grid-50","mobile-grid-100","grid-parent","grid-33"],"yoast_head":"<!-- This site is optimized with the Yoast SEO plugin v24.0 - https:\/\/yoast.com\/wordpress\/plugins\/seo\/ -->\n<title>Prix \u200b\u200bd&#039;adieu pour Niessen et Scholl : FEBE Elements Award pour les passerelles pi\u00e9tonnes d&#039;Eupen | Vie Associative<\/title>\n<meta name=\"robots\" content=\"index, follow, max-snippet:-1, max-image-preview:large, max-video-preview:-1\" \/>\n<link rel=\"canonical\" href=\"https:\/\/vieassociative.be\/actualites\/prix-dadieu-pour-niessen-et-scholl-febe-elements-award-pour-les-passerelles-pietonnes-deupen\/\" \/>\n<meta property=\"og:locale\" content=\"fr_FR\" \/>\n<meta property=\"og:type\" content=\"article\" \/>\n<meta property=\"og:title\" content=\"Prix \u200b\u200bd&#039;adieu pour Niessen et Scholl : FEBE Elements Award pour les passerelles pi\u00e9tonnes d&#039;Eupen | Vie Associative\" \/>\n<meta property=\"og:description\" content=\"Les passerelles pi\u00e9tonnes d&rsquo;Eupen ont remport\u00e9 le FEBE Elements Award dans la cat\u00e9gorie \u00ab Precast in Structures \u00bb ainsi que le prix du public. La\" \/>\n<meta property=\"og:url\" content=\"https:\/\/vieassociative.be\/actualites\/prix-dadieu-pour-niessen-et-scholl-febe-elements-award-pour-les-passerelles-pietonnes-deupen\/\" \/>\n<meta property=\"og:site_name\" content=\"Vie Associative\" \/>\n<meta property=\"article:published_time\" content=\"2024-11-29T20:18:26+00:00\" \/>\n<meta property=\"og:image\" content=\"https:\/\/vieassociative.be\/actualites\/wp-content\/uploads\/2024\/09\/header_backgroundk-01-e1726694325946.png\" \/>\n\t<meta property=\"og:image:width\" content=\"279\" \/>\n\t<meta property=\"og:image:height\" content=\"92\" \/>\n\t<meta property=\"og:image:type\" content=\"image\/png\" \/>\n<meta name=\"author\" content=\"Julien\" \/>\n<meta name=\"twitter:card\" content=\"summary_large_image\" \/>\n<meta name=\"twitter:label1\" content=\"\u00c9crit par\" \/>\n\t<meta name=\"twitter:data1\" content=\"Julien\" \/>\n\t<meta name=\"twitter:label2\" content=\"Dur\u00e9e de lecture est.\" \/>\n\t<meta name=\"twitter:data2\" content=\"1 minute\" \/>\n<script type=\"application\/ld+json\" class=\"yoast-schema-graph\">{\"@context\":\"https:\/\/schema.org\",\"@graph\":[{\"@type\":\"Article\",\"@id\":\"https:\/\/vieassociative.be\/actualites\/prix-dadieu-pour-niessen-et-scholl-febe-elements-award-pour-les-passerelles-pietonnes-deupen\/#article\",\"isPartOf\":{\"@id\":\"https:\/\/vieassociative.be\/actualites\/prix-dadieu-pour-niessen-et-scholl-febe-elements-award-pour-les-passerelles-pietonnes-deupen\/\"},\"author\":{\"name\":\"Julien\",\"@id\":\"https:\/\/vieassociative.be\/actualites\/#\/schema\/person\/b87ac4f82f9d4e7b7cec7395b679edc4\"},\"headline\":\"Prix \u200b\u200bd&rsquo;adieu pour Niessen et Scholl : FEBE Elements Award pour les passerelles pi\u00e9tonnes d&rsquo;Eupen\",\"datePublished\":\"2024-11-29T20:18:26+00:00\",\"dateModified\":\"2024-11-29T20:18:26+00:00\",\"mainEntityOfPage\":{\"@id\":\"https:\/\/vieassociative.be\/actualites\/prix-dadieu-pour-niessen-et-scholl-febe-elements-award-pour-les-passerelles-pietonnes-deupen\/\"},\"wordCount\":292,\"publisher\":{\"@id\":\"https:\/\/vieassociative.be\/actualites\/#organization\"},\"image\":{\"@id\":\"https:\/\/vieassociative.be\/actualites\/prix-dadieu-pour-niessen-et-scholl-febe-elements-award-pour-les-passerelles-pietonnes-deupen\/#primaryimage\"},\"thumbnailUrl\":\"https:\/\/vieassociative.be\/actualites\/wp-content\/uploads\/2024\/11\/1732911506_Prix-\u200b\u200bdadieu-pour-Niessen-et-Scholl-FEBE-Elements-Award.jpg\",\"keywords\":[\"Award\",\"dadieu\",\"dEupen\",\"\u00e9l\u00e9ments\",\"FEBE\",\"Les\",\"Niessen\",\"passerelles\",\"pi\u00e9tonnes\",\"pour\",\"prix\",\"Scholl\"],\"articleSection\":[\"Belgique\"],\"inLanguage\":\"fr-BE\"},{\"@type\":\"WebPage\",\"@id\":\"https:\/\/vieassociative.be\/actualites\/prix-dadieu-pour-niessen-et-scholl-febe-elements-award-pour-les-passerelles-pietonnes-deupen\/\",\"url\":\"https:\/\/vieassociative.be\/actualites\/prix-dadieu-pour-niessen-et-scholl-febe-elements-award-pour-les-passerelles-pietonnes-deupen\/\",\"name\":\"Prix \u200b\u200bd'adieu pour Niessen et Scholl : FEBE Elements Award pour les passerelles pi\u00e9tonnes d'Eupen | Vie Associative\",\"isPartOf\":{\"@id\":\"https:\/\/vieassociative.be\/actualites\/#website\"},\"primaryImageOfPage\":{\"@id\":\"https:\/\/vieassociative.be\/actualites\/prix-dadieu-pour-niessen-et-scholl-febe-elements-award-pour-les-passerelles-pietonnes-deupen\/#primaryimage\"},\"image\":{\"@id\":\"https:\/\/vieassociative.be\/actualites\/prix-dadieu-pour-niessen-et-scholl-febe-elements-award-pour-les-passerelles-pietonnes-deupen\/#primaryimage\"},\"thumbnailUrl\":\"https:\/\/vieassociative.be\/actualites\/wp-content\/uploads\/2024\/11\/1732911506_Prix-\u200b\u200bdadieu-pour-Niessen-et-Scholl-FEBE-Elements-Award.jpg\",\"datePublished\":\"2024-11-29T20:18:26+00:00\",\"dateModified\":\"2024-11-29T20:18:26+00:00\",\"breadcrumb\":{\"@id\":\"https:\/\/vieassociative.be\/actualites\/prix-dadieu-pour-niessen-et-scholl-febe-elements-award-pour-les-passerelles-pietonnes-deupen\/#breadcrumb\"},\"inLanguage\":\"fr-BE\",\"potentialAction\":[{\"@type\":\"ReadAction\",\"target\":[\"https:\/\/vieassociative.be\/actualites\/prix-dadieu-pour-niessen-et-scholl-febe-elements-award-pour-les-passerelles-pietonnes-deupen\/\"]}]},{\"@type\":\"ImageObject\",\"inLanguage\":\"fr-BE\",\"@id\":\"https:\/\/vieassociative.be\/actualites\/prix-dadieu-pour-niessen-et-scholl-febe-elements-award-pour-les-passerelles-pietonnes-deupen\/#primaryimage\",\"url\":\"https:\/\/vieassociative.be\/actualites\/wp-content\/uploads\/2024\/11\/1732911506_Prix-\u200b\u200bdadieu-pour-Niessen-et-Scholl-FEBE-Elements-Award.jpg\",\"contentUrl\":\"https:\/\/vieassociative.be\/actualites\/wp-content\/uploads\/2024\/11\/1732911506_Prix-\u200b\u200bdadieu-pour-Niessen-et-Scholl-FEBE-Elements-Award.jpg\",\"width\":1200,\"height\":851,\"caption\":\"Prix \u200b\u200bd'adieu pour Niessen et Scholl : FEBE Elements Award pour les passerelles pi\u00e9tonnes d'Eupen\"},{\"@type\":\"BreadcrumbList\",\"@id\":\"https:\/\/vieassociative.be\/actualites\/prix-dadieu-pour-niessen-et-scholl-febe-elements-award-pour-les-passerelles-pietonnes-deupen\/#breadcrumb\",\"itemListElement\":[{\"@type\":\"ListItem\",\"position\":1,\"name\":\"Accueil\",\"item\":\"https:\/\/vieassociative.be\/actualites\/\"},{\"@type\":\"ListItem\",\"position\":2,\"name\":\"Prix \u200b\u200bd&rsquo;adieu pour Niessen et Scholl : FEBE Elements Award pour les passerelles pi\u00e9tonnes d&rsquo;Eupen\"}]},{\"@type\":\"WebSite\",\"@id\":\"https:\/\/vieassociative.be\/actualites\/#website\",\"url\":\"https:\/\/vieassociative.be\/actualites\/\",\"name\":\"Vie Associative\",\"description\":\"\",\"publisher\":{\"@id\":\"https:\/\/vieassociative.be\/actualites\/#organization\"},\"potentialAction\":[{\"@type\":\"SearchAction\",\"target\":{\"@type\":\"EntryPoint\",\"urlTemplate\":\"https:\/\/vieassociative.be\/actualites\/?s={search_term_string}\"},\"query-input\":{\"@type\":\"PropertyValueSpecification\",\"valueRequired\":true,\"valueName\":\"search_term_string\"}}],\"inLanguage\":\"fr-BE\"},{\"@type\":\"Organization\",\"@id\":\"https:\/\/vieassociative.be\/actualites\/#organization\",\"name\":\"Vie Associative\",\"url\":\"https:\/\/vieassociative.be\/actualites\/\",\"logo\":{\"@type\":\"ImageObject\",\"inLanguage\":\"fr-BE\",\"@id\":\"https:\/\/vieassociative.be\/actualites\/#\/schema\/logo\/image\/\",\"url\":\"https:\/\/vieassociative.be\/actualites\/wp-content\/uploads\/2024\/09\/cropped-vieassociative_favicon.ico.png\",\"contentUrl\":\"https:\/\/vieassociative.be\/actualites\/wp-content\/uploads\/2024\/09\/cropped-vieassociative_favicon.ico.png\",\"width\":512,\"height\":512,\"caption\":\"Vie Associative\"},\"image\":{\"@id\":\"https:\/\/vieassociative.be\/actualites\/#\/schema\/logo\/image\/\"}},{\"@type\":\"Person\",\"@id\":\"https:\/\/vieassociative.be\/actualites\/#\/schema\/person\/b87ac4f82f9d4e7b7cec7395b679edc4\",\"name\":\"Julien\",\"image\":{\"@type\":\"ImageObject\",\"inLanguage\":\"fr-BE\",\"@id\":\"https:\/\/vieassociative.be\/actualites\/#\/schema\/person\/image\/\",\"url\":\"https:\/\/vieassociative.be\/actualites\/wp-content\/uploads\/2024\/09\/vie-associative-1-150x150.jpg\",\"contentUrl\":\"https:\/\/vieassociative.be\/actualites\/wp-content\/uploads\/2024\/09\/vie-associative-1-150x150.jpg\",\"caption\":\"Julien\"},\"description\":\"Je suis Julien, r\u00e9dacteur pour Vie Associative. Passionn\u00e9 par le monde associatif depuis plus de 10 ans, j'ai \u00e0 c\u0153ur de partager des histoires inspirantes et de mettre en lumi\u00e8re les initiatives locales. Mon objectif est de sensibiliser et d'encourager l'engagement communautaire \u00e0 travers mes articles.\",\"sameAs\":[\"https:\/\/vieassociative.be\/\"]}]}<\/script>\n<!-- \/ Yoast SEO plugin. -->","yoast_head_json":{"title":"Prix \u200b\u200bd'adieu pour Niessen et Scholl : FEBE Elements Award pour les passerelles pi\u00e9tonnes d'Eupen | Vie Associative","robots":{"index":"index","follow":"follow","max-snippet":"max-snippet:-1","max-image-preview":"max-image-preview:large","max-video-preview":"max-video-preview:-1"},"canonical":"https:\/\/vieassociative.be\/actualites\/prix-dadieu-pour-niessen-et-scholl-febe-elements-award-pour-les-passerelles-pietonnes-deupen\/","og_locale":"fr_FR","og_type":"article","og_title":"Prix \u200b\u200bd'adieu pour Niessen et Scholl : FEBE Elements Award pour les passerelles pi\u00e9tonnes d'Eupen | Vie Associative","og_description":"Les passerelles pi\u00e9tonnes d&rsquo;Eupen ont remport\u00e9 le FEBE Elements Award dans la cat\u00e9gorie \u00ab Precast in Structures \u00bb ainsi que le prix du public. La","og_url":"https:\/\/vieassociative.be\/actualites\/prix-dadieu-pour-niessen-et-scholl-febe-elements-award-pour-les-passerelles-pietonnes-deupen\/","og_site_name":"Vie Associative","article_published_time":"2024-11-29T20:18:26+00:00","og_image":[{"width":279,"height":92,"url":"https:\/\/vieassociative.be\/actualites\/wp-content\/uploads\/2024\/09\/header_backgroundk-01-e1726694325946.png","type":"image\/png"}],"author":"Julien","twitter_card":"summary_large_image","twitter_misc":{"\u00c9crit par":"Julien","Dur\u00e9e de lecture est.":"1 minute"},"schema":{"@context":"https:\/\/schema.org","@graph":[{"@type":"Article","@id":"https:\/\/vieassociative.be\/actualites\/prix-dadieu-pour-niessen-et-scholl-febe-elements-award-pour-les-passerelles-pietonnes-deupen\/#article","isPartOf":{"@id":"https:\/\/vieassociative.be\/actualites\/prix-dadieu-pour-niessen-et-scholl-febe-elements-award-pour-les-passerelles-pietonnes-deupen\/"},"author":{"name":"Julien","@id":"https:\/\/vieassociative.be\/actualites\/#\/schema\/person\/b87ac4f82f9d4e7b7cec7395b679edc4"},"headline":"Prix \u200b\u200bd&rsquo;adieu pour Niessen et Scholl : FEBE Elements Award pour les passerelles pi\u00e9tonnes d&rsquo;Eupen","datePublished":"2024-11-29T20:18:26+00:00","dateModified":"2024-11-29T20:18:26+00:00","mainEntityOfPage":{"@id":"https:\/\/vieassociative.be\/actualites\/prix-dadieu-pour-niessen-et-scholl-febe-elements-award-pour-les-passerelles-pietonnes-deupen\/"},"wordCount":292,"publisher":{"@id":"https:\/\/vieassociative.be\/actualites\/#organization"},"image":{"@id":"https:\/\/vieassociative.be\/actualites\/prix-dadieu-pour-niessen-et-scholl-febe-elements-award-pour-les-passerelles-pietonnes-deupen\/#primaryimage"},"thumbnailUrl":"https:\/\/vieassociative.be\/actualites\/wp-content\/uploads\/2024\/11\/1732911506_Prix-\u200b\u200bdadieu-pour-Niessen-et-Scholl-FEBE-Elements-Award.jpg","keywords":["Award","dadieu","dEupen","\u00e9l\u00e9ments","FEBE","Les","Niessen","passerelles","pi\u00e9tonnes","pour","prix","Scholl"],"articleSection":["Belgique"],"inLanguage":"fr-BE"},{"@type":"WebPage","@id":"https:\/\/vieassociative.be\/actualites\/prix-dadieu-pour-niessen-et-scholl-febe-elements-award-pour-les-passerelles-pietonnes-deupen\/","url":"https:\/\/vieassociative.be\/actualites\/prix-dadieu-pour-niessen-et-scholl-febe-elements-award-pour-les-passerelles-pietonnes-deupen\/","name":"Prix \u200b\u200bd'adieu pour Niessen et Scholl : FEBE Elements Award pour les passerelles pi\u00e9tonnes d'Eupen | Vie Associative","isPartOf":{"@id":"https:\/\/vieassociative.be\/actualites\/#website"},"primaryImageOfPage":{"@id":"https:\/\/vieassociative.be\/actualites\/prix-dadieu-pour-niessen-et-scholl-febe-elements-award-pour-les-passerelles-pietonnes-deupen\/#primaryimage"},"image":{"@id":"https:\/\/vieassociative.be\/actualites\/prix-dadieu-pour-niessen-et-scholl-febe-elements-award-pour-les-passerelles-pietonnes-deupen\/#primaryimage"},"thumbnailUrl":"https:\/\/vieassociative.be\/actualites\/wp-content\/uploads\/2024\/11\/1732911506_Prix-\u200b\u200bdadieu-pour-Niessen-et-Scholl-FEBE-Elements-Award.jpg","datePublished":"2024-11-29T20:18:26+00:00","dateModified":"2024-11-29T20:18:26+00:00","breadcrumb":{"@id":"https:\/\/vieassociative.be\/actualites\/prix-dadieu-pour-niessen-et-scholl-febe-elements-award-pour-les-passerelles-pietonnes-deupen\/#breadcrumb"},"inLanguage":"fr-BE","potentialAction":[{"@type":"ReadAction","target":["https:\/\/vieassociative.be\/actualites\/prix-dadieu-pour-niessen-et-scholl-febe-elements-award-pour-les-passerelles-pietonnes-deupen\/"]}]},{"@type":"ImageObject","inLanguage":"fr-BE","@id":"https:\/\/vieassociative.be\/actualites\/prix-dadieu-pour-niessen-et-scholl-febe-elements-award-pour-les-passerelles-pietonnes-deupen\/#primaryimage","url":"https:\/\/vieassociative.be\/actualites\/wp-content\/uploads\/2024\/11\/1732911506_Prix-\u200b\u200bdadieu-pour-Niessen-et-Scholl-FEBE-Elements-Award.jpg","contentUrl":"https:\/\/vieassociative.be\/actualites\/wp-content\/uploads\/2024\/11\/1732911506_Prix-\u200b\u200bdadieu-pour-Niessen-et-Scholl-FEBE-Elements-Award.jpg","width":1200,"height":851,"caption":"Prix \u200b\u200bd'adieu pour Niessen et Scholl : FEBE Elements Award pour les passerelles pi\u00e9tonnes d'Eupen"},{"@type":"BreadcrumbList","@id":"https:\/\/vieassociative.be\/actualites\/prix-dadieu-pour-niessen-et-scholl-febe-elements-award-pour-les-passerelles-pietonnes-deupen\/#breadcrumb","itemListElement":[{"@type":"ListItem","position":1,"name":"Accueil","item":"https:\/\/vieassociative.be\/actualites\/"},{"@type":"ListItem","position":2,"name":"Prix \u200b\u200bd&rsquo;adieu pour Niessen et Scholl : FEBE Elements Award pour les passerelles pi\u00e9tonnes d&rsquo;Eupen"}]},{"@type":"WebSite","@id":"https:\/\/vieassociative.be\/actualites\/#website","url":"https:\/\/vieassociative.be\/actualites\/","name":"Vie Associative","description":"","publisher":{"@id":"https:\/\/vieassociative.be\/actualites\/#organization"},"potentialAction":[{"@type":"SearchAction","target":{"@type":"EntryPoint","urlTemplate":"https:\/\/vieassociative.be\/actualites\/?s={search_term_string}"},"query-input":{"@type":"PropertyValueSpecification","valueRequired":true,"valueName":"search_term_string"}}],"inLanguage":"fr-BE"},{"@type":"Organization","@id":"https:\/\/vieassociative.be\/actualites\/#organization","name":"Vie Associative","url":"https:\/\/vieassociative.be\/actualites\/","logo":{"@type":"ImageObject","inLanguage":"fr-BE","@id":"https:\/\/vieassociative.be\/actualites\/#\/schema\/logo\/image\/","url":"https:\/\/vieassociative.be\/actualites\/wp-content\/uploads\/2024\/09\/cropped-vieassociative_favicon.ico.png","contentUrl":"https:\/\/vieassociative.be\/actualites\/wp-content\/uploads\/2024\/09\/cropped-vieassociative_favicon.ico.png","width":512,"height":512,"caption":"Vie Associative"},"image":{"@id":"https:\/\/vieassociative.be\/actualites\/#\/schema\/logo\/image\/"}},{"@type":"Person","@id":"https:\/\/vieassociative.be\/actualites\/#\/schema\/person\/b87ac4f82f9d4e7b7cec7395b679edc4","name":"Julien","image":{"@type":"ImageObject","inLanguage":"fr-BE","@id":"https:\/\/vieassociative.be\/actualites\/#\/schema\/person\/image\/","url":"https:\/\/vieassociative.be\/actualites\/wp-content\/uploads\/2024\/09\/vie-associative-1-150x150.jpg","contentUrl":"https:\/\/vieassociative.be\/actualites\/wp-content\/uploads\/2024\/09\/vie-associative-1-150x150.jpg","caption":"Julien"},"description":"Je suis Julien, r\u00e9dacteur pour Vie Associative. Passionn\u00e9 par le monde associatif depuis plus de 10 ans, j'ai \u00e0 c\u0153ur de partager des histoires inspirantes et de mettre en lumi\u00e8re les initiatives locales. Mon objectif est de sensibiliser et d'encourager l'engagement communautaire \u00e0 travers mes articles.","sameAs":["https:\/\/vieassociative.be\/"]}]}},"_links":{"self":[{"href":"https:\/\/vieassociative.be\/actualites\/wp-json\/wp\/v2\/posts\/2899"}],"collection":[{"href":"https:\/\/vieassociative.be\/actualites\/wp-json\/wp\/v2\/posts"}],"about":[{"href":"https:\/\/vieassociative.be\/actualites\/wp-json\/wp\/v2\/types\/post"}],"author":[{"embeddable":true,"href":"https:\/\/vieassociative.be\/actualites\/wp-json\/wp\/v2\/users\/1"}],"replies":[{"embeddable":true,"href":"https:\/\/vieassociative.be\/actualites\/wp-json\/wp\/v2\/comments?post=2899"}],"version-history":[{"count":0,"href":"https:\/\/vieassociative.be\/actualites\/wp-json\/wp\/v2\/posts\/2899\/revisions"}],"wp:featuredmedia":[{"embeddable":true,"href":"https:\/\/vieassociative.be\/actualites\/wp-json\/wp\/v2\/media\/2900"}],"wp:attachment":[{"href":"https:\/\/vieassociative.be\/actualites\/wp-json\/wp\/v2\/media?parent=2899"}],"wp:term":[{"taxonomy":"category","embeddable":true,"href":"https:\/\/vieassociative.be\/actualites\/wp-json\/wp\/v2\/categories?post=2899"},{"taxonomy":"post_tag","embeddable":true,"href":"https:\/\/vieassociative.be\/actualites\/wp-json\/wp\/v2\/tags?post=2899"}],"curies":[{"name":"wp","href":"https:\/\/api.w.org\/{rel}","templated":true}]}}