{"id":2897,"date":"2024-11-29T20:17:08","date_gmt":"2024-11-29T19:17:08","guid":{"rendered":"https:\/\/vieassociative.be\/actualites\/mon-service-de-sauvegarde-en-ligne-prefere-est-a-30-de-reduction-pendant-le-black-friday\/"},"modified":"2024-11-29T20:17:08","modified_gmt":"2024-11-29T19:17:08","slug":"mon-service-de-sauvegarde-en-ligne-prefere-est-a-30-de-reduction-pendant-le-black-friday","status":"publish","type":"post","link":"https:\/\/vieassociative.be\/actualites\/mon-service-de-sauvegarde-en-ligne-prefere-est-a-30-de-reduction-pendant-le-black-friday\/","title":{"rendered":"Mon service de sauvegarde en ligne pr\u00e9f\u00e9r\u00e9 est \u00e0 30 % de r\u00e9duction pendant le Black Friday"},"content":{"rendered":"<div class=\"mt-4 leading-6 md:mb-8\">C&rsquo;est l&rsquo;un des meilleurs services de sauvegarde en ligne pour votre ordinateur.<\/div>\n<p><\/p>\n<p>Ce n&rsquo;est jamais un mauvais moment pour envisager une sauvegarde en ligne de votre ordinateur. Si vous avez beaucoup de photos, de vid\u00e9os, de documents li\u00e9s au travail et d&rsquo;autres fichiers importants qui ne peuvent pas \u00eatre facilement remplac\u00e9s, vous devriez envisager de conserver plusieurs sauvegardes de chacun. Id\u00e9alement, vous souhaitez en avoir une copie sur votre ordinateur, une deuxi\u00e8me sur un disque dur externe auquel vous pouvez facilement acc\u00e9der et une troisi\u00e8me en dehors de votre domicile ou de votre bureau. <\/p>\n<p>La raison d&rsquo;une sauvegarde hors site est de garantir que vous avez acc\u00e8s \u00e0 vos donn\u00e9es en cas de dommages aux objets de votre maison, comme lors de catastrophes naturelles et d&rsquo;autres accidents ind\u00e9pendants de votre volont\u00e9. C\u2019est l\u00e0 que la sauvegarde en ligne entre en jeu et Backblaze est parmi les meilleurs du secteur. Pendant le Black Friday, ses services de sauvegarde en ligne sont \u00e0 30\u00a0% de r\u00e9duction, ce qui ram\u00e8ne le co\u00fbt d&rsquo;un forfait annuel \u00e0 <strong>69,30 $ par an<\/strong> (\u00e0 l&rsquo;origine 99 $). La vente se termine le 30 novembre et vous devrez utiliser du code <strong>CYBRBLZ24<\/strong> \u00e0 la caisse.<\/p>\n<p>Si vous \u00eates un nouvel abonn\u00e9, vous pouvez vous inscrire pour une dur\u00e9e maximale de deux ans et \u00e9conomiser beaucoup d&rsquo;argent. Il fonctionne avec Mac et Windows et il n&rsquo;y a aucune limite \u00e0 la taille de vos sauvegardes. La soci\u00e9t\u00e9 vous facture par appareil, vous paierez donc l&rsquo;int\u00e9gralit\u00e9 des frais d&rsquo;abonnement pour chaque ordinateur que vous souhaitez sauvegarder, quelle que soit la quantit\u00e9 de donn\u00e9es qu&rsquo;il contient. Si vous poss\u00e9dez un PC avec quelques disques durs de 22 To, vous paierez le m\u00eame prix pour la sauvegarde que pour un MacBook avec 256 Go de stockage.<\/p>\n<p>Le service comporte quelques mises en garde que vous devez conna\u00eetre avant de vous inscrire. Backblaze prend pas mal de temps pour terminer le t\u00e9l\u00e9chargement et la sauvegarde initiaux. Il est con\u00e7u pour fonctionner en arri\u00e8re-plan et terminer lentement la sauvegarde de l&rsquo;int\u00e9gralit\u00e9 de votre ordinateur. Une fois la sauvegarde termin\u00e9e, vous pouvez restaurer les donn\u00e9es \u00e0 tout moment en les t\u00e9l\u00e9chargeant via le site Web ou en demandant \u00e0 Backblaze d&rsquo;envoyer vos donn\u00e9es sur un disque dur. Ce dernier vous oblige \u00e0 payer des frais, mais si vous retournez le disque dur dans les 30 jours, Backblaze indique qu&rsquo;il est gratuit (frais de port exclus). La restauration bas\u00e9e sur le Web est id\u00e9ale pour les petits paquets de donn\u00e9es, mais vous la trouverez frustrante si vous comptez t\u00e9l\u00e9charger des t\u00e9raoctets de donn\u00e9es en un seul clic. <\/p>\n<p>Malgr\u00e9 ces mises en garde, il s\u2019agit d\u2019un excellent service \u00e0 utiliser comme s\u00e9curit\u00e9. Que vous soyez un parent cherchant \u00e0 sauvegarder des ann\u00e9es de photos inestimables ou un concepteur ind\u00e9pendant souhaitant sauvegarder ses projets, Backblaze est une solution de sauvegarde \u00e0 un prix raisonnable, id\u00e9ale pour stocker des donn\u00e9es irrempla\u00e7ables.<\/p>\n<div class=\"w-full mt-12 text-center sm:text-left\" x-data=\"{ showAll: false }\">\n<div class=\"flex flex-col items-center justify-between sm:px-6 sm:flex-row\">\n\t\t\t<span class=\"text-sm italic\">Les offres sont s\u00e9lectionn\u00e9es par notre \u00e9quipe commerciale<\/span><\/p><\/div>\n<\/p><\/div>\n","protected":false},"excerpt":{"rendered":"<p>C&rsquo;est l&rsquo;un des meilleurs services de sauvegarde en ligne pour votre ordinateur. Ce n&rsquo;est jamais un mauvais moment pour envisager une sauvegarde en ligne de<\/p>\n","protected":false},"author":1,"featured_media":2898,"comment_status":"","ping_status":"","sticky":false,"template":"","format":"standard","meta":{"footnotes":""},"categories":[13],"tags":[73,76,1255,11,49,198,1561,308,3613,2911],"class_list":["post-2897","post","type-post","status-publish","format-standard","has-post-thumbnail","hentry","category-technologie","tag-black","tag-est","tag-friday","tag-ligne","tag-mon","tag-pendant","tag-prefere","tag-reduction","tag-sauvegarde","tag-service","generate-columns","tablet-grid-50","mobile-grid-100","grid-parent","grid-33"],"yoast_head":"<!-- This site is optimized with the Yoast SEO plugin v24.0 - https:\/\/yoast.com\/wordpress\/plugins\/seo\/ -->\n<title>Mon service de sauvegarde en ligne pr\u00e9f\u00e9r\u00e9 est \u00e0 30 % de r\u00e9duction pendant le Black Friday | Vie Associative<\/title>\n<meta name=\"robots\" content=\"index, follow, max-snippet:-1, max-image-preview:large, max-video-preview:-1\" \/>\n<link rel=\"canonical\" href=\"https:\/\/vieassociative.be\/actualites\/mon-service-de-sauvegarde-en-ligne-prefere-est-a-30-de-reduction-pendant-le-black-friday\/\" \/>\n<meta property=\"og:locale\" content=\"fr_FR\" \/>\n<meta property=\"og:type\" content=\"article\" \/>\n<meta property=\"og:title\" content=\"Mon service de sauvegarde en ligne pr\u00e9f\u00e9r\u00e9 est \u00e0 30 % de r\u00e9duction pendant le Black Friday | Vie Associative\" \/>\n<meta property=\"og:description\" content=\"C&rsquo;est l&rsquo;un des meilleurs services de sauvegarde en ligne pour votre ordinateur. Ce n&rsquo;est jamais un mauvais moment pour envisager une sauvegarde en ligne de\" \/>\n<meta property=\"og:url\" content=\"https:\/\/vieassociative.be\/actualites\/mon-service-de-sauvegarde-en-ligne-prefere-est-a-30-de-reduction-pendant-le-black-friday\/\" \/>\n<meta property=\"og:site_name\" content=\"Vie Associative\" \/>\n<meta property=\"article:published_time\" content=\"2024-11-29T19:17:08+00:00\" \/>\n<meta property=\"og:image\" content=\"https:\/\/vieassociative.be\/actualites\/wp-content\/uploads\/2024\/09\/header_backgroundk-01-e1726694325946.png\" \/>\n\t<meta property=\"og:image:width\" content=\"279\" \/>\n\t<meta property=\"og:image:height\" content=\"92\" \/>\n\t<meta property=\"og:image:type\" content=\"image\/png\" \/>\n<meta name=\"author\" content=\"Julien\" \/>\n<meta name=\"twitter:card\" content=\"summary_large_image\" \/>\n<meta name=\"twitter:label1\" content=\"\u00c9crit par\" \/>\n\t<meta name=\"twitter:data1\" content=\"Julien\" \/>\n\t<meta name=\"twitter:label2\" content=\"Dur\u00e9e de lecture est.\" \/>\n\t<meta name=\"twitter:data2\" content=\"3 minutes\" \/>\n<script type=\"application\/ld+json\" class=\"yoast-schema-graph\">{\"@context\":\"https:\/\/schema.org\",\"@graph\":[{\"@type\":\"Article\",\"@id\":\"https:\/\/vieassociative.be\/actualites\/mon-service-de-sauvegarde-en-ligne-prefere-est-a-30-de-reduction-pendant-le-black-friday\/#article\",\"isPartOf\":{\"@id\":\"https:\/\/vieassociative.be\/actualites\/mon-service-de-sauvegarde-en-ligne-prefere-est-a-30-de-reduction-pendant-le-black-friday\/\"},\"author\":{\"name\":\"Julien\",\"@id\":\"https:\/\/vieassociative.be\/actualites\/#\/schema\/person\/b87ac4f82f9d4e7b7cec7395b679edc4\"},\"headline\":\"Mon service de sauvegarde en ligne pr\u00e9f\u00e9r\u00e9 est \u00e0 30 % de r\u00e9duction pendant le Black Friday\",\"datePublished\":\"2024-11-29T19:17:08+00:00\",\"dateModified\":\"2024-11-29T19:17:08+00:00\",\"mainEntityOfPage\":{\"@id\":\"https:\/\/vieassociative.be\/actualites\/mon-service-de-sauvegarde-en-ligne-prefere-est-a-30-de-reduction-pendant-le-black-friday\/\"},\"wordCount\":551,\"publisher\":{\"@id\":\"https:\/\/vieassociative.be\/actualites\/#organization\"},\"image\":{\"@id\":\"https:\/\/vieassociative.be\/actualites\/mon-service-de-sauvegarde-en-ligne-prefere-est-a-30-de-reduction-pendant-le-black-friday\/#primaryimage\"},\"thumbnailUrl\":\"https:\/\/vieassociative.be\/actualites\/wp-content\/uploads\/2024\/11\/Mon-service-de-sauvegarde-en-ligne-prefere-est-a-30.jpg\",\"keywords\":[\"Black\",\"est\",\"Friday\",\"ligne\",\"Mon\",\"pendant\",\"pr\u00e9f\u00e9r\u00e9\",\"r\u00e9duction\",\"sauvegarde\",\"service\"],\"articleSection\":[\"Technologie\"],\"inLanguage\":\"fr-BE\"},{\"@type\":\"WebPage\",\"@id\":\"https:\/\/vieassociative.be\/actualites\/mon-service-de-sauvegarde-en-ligne-prefere-est-a-30-de-reduction-pendant-le-black-friday\/\",\"url\":\"https:\/\/vieassociative.be\/actualites\/mon-service-de-sauvegarde-en-ligne-prefere-est-a-30-de-reduction-pendant-le-black-friday\/\",\"name\":\"Mon service de sauvegarde en ligne pr\u00e9f\u00e9r\u00e9 est \u00e0 30 % de r\u00e9duction pendant le Black Friday | Vie Associative\",\"isPartOf\":{\"@id\":\"https:\/\/vieassociative.be\/actualites\/#website\"},\"primaryImageOfPage\":{\"@id\":\"https:\/\/vieassociative.be\/actualites\/mon-service-de-sauvegarde-en-ligne-prefere-est-a-30-de-reduction-pendant-le-black-friday\/#primaryimage\"},\"image\":{\"@id\":\"https:\/\/vieassociative.be\/actualites\/mon-service-de-sauvegarde-en-ligne-prefere-est-a-30-de-reduction-pendant-le-black-friday\/#primaryimage\"},\"thumbnailUrl\":\"https:\/\/vieassociative.be\/actualites\/wp-content\/uploads\/2024\/11\/Mon-service-de-sauvegarde-en-ligne-prefere-est-a-30.jpg\",\"datePublished\":\"2024-11-29T19:17:08+00:00\",\"dateModified\":\"2024-11-29T19:17:08+00:00\",\"breadcrumb\":{\"@id\":\"https:\/\/vieassociative.be\/actualites\/mon-service-de-sauvegarde-en-ligne-prefere-est-a-30-de-reduction-pendant-le-black-friday\/#breadcrumb\"},\"inLanguage\":\"fr-BE\",\"potentialAction\":[{\"@type\":\"ReadAction\",\"target\":[\"https:\/\/vieassociative.be\/actualites\/mon-service-de-sauvegarde-en-ligne-prefere-est-a-30-de-reduction-pendant-le-black-friday\/\"]}]},{\"@type\":\"ImageObject\",\"inLanguage\":\"fr-BE\",\"@id\":\"https:\/\/vieassociative.be\/actualites\/mon-service-de-sauvegarde-en-ligne-prefere-est-a-30-de-reduction-pendant-le-black-friday\/#primaryimage\",\"url\":\"https:\/\/vieassociative.be\/actualites\/wp-content\/uploads\/2024\/11\/Mon-service-de-sauvegarde-en-ligne-prefere-est-a-30.jpg\",\"contentUrl\":\"https:\/\/vieassociative.be\/actualites\/wp-content\/uploads\/2024\/11\/Mon-service-de-sauvegarde-en-ligne-prefere-est-a-30.jpg\",\"width\":1200,\"height\":675,\"caption\":\"Mon service de sauvegarde en ligne pr\u00e9f\u00e9r\u00e9 est \u00e0 30 % de r\u00e9duction pendant le Black Friday\"},{\"@type\":\"BreadcrumbList\",\"@id\":\"https:\/\/vieassociative.be\/actualites\/mon-service-de-sauvegarde-en-ligne-prefere-est-a-30-de-reduction-pendant-le-black-friday\/#breadcrumb\",\"itemListElement\":[{\"@type\":\"ListItem\",\"position\":1,\"name\":\"Accueil\",\"item\":\"https:\/\/vieassociative.be\/actualites\/\"},{\"@type\":\"ListItem\",\"position\":2,\"name\":\"Mon service de sauvegarde en ligne pr\u00e9f\u00e9r\u00e9 est \u00e0 30 % de r\u00e9duction pendant le Black Friday\"}]},{\"@type\":\"WebSite\",\"@id\":\"https:\/\/vieassociative.be\/actualites\/#website\",\"url\":\"https:\/\/vieassociative.be\/actualites\/\",\"name\":\"Vie Associative\",\"description\":\"\",\"publisher\":{\"@id\":\"https:\/\/vieassociative.be\/actualites\/#organization\"},\"potentialAction\":[{\"@type\":\"SearchAction\",\"target\":{\"@type\":\"EntryPoint\",\"urlTemplate\":\"https:\/\/vieassociative.be\/actualites\/?s={search_term_string}\"},\"query-input\":{\"@type\":\"PropertyValueSpecification\",\"valueRequired\":true,\"valueName\":\"search_term_string\"}}],\"inLanguage\":\"fr-BE\"},{\"@type\":\"Organization\",\"@id\":\"https:\/\/vieassociative.be\/actualites\/#organization\",\"name\":\"Vie Associative\",\"url\":\"https:\/\/vieassociative.be\/actualites\/\",\"logo\":{\"@type\":\"ImageObject\",\"inLanguage\":\"fr-BE\",\"@id\":\"https:\/\/vieassociative.be\/actualites\/#\/schema\/logo\/image\/\",\"url\":\"https:\/\/vieassociative.be\/actualites\/wp-content\/uploads\/2024\/09\/cropped-vieassociative_favicon.ico.png\",\"contentUrl\":\"https:\/\/vieassociative.be\/actualites\/wp-content\/uploads\/2024\/09\/cropped-vieassociative_favicon.ico.png\",\"width\":512,\"height\":512,\"caption\":\"Vie Associative\"},\"image\":{\"@id\":\"https:\/\/vieassociative.be\/actualites\/#\/schema\/logo\/image\/\"}},{\"@type\":\"Person\",\"@id\":\"https:\/\/vieassociative.be\/actualites\/#\/schema\/person\/b87ac4f82f9d4e7b7cec7395b679edc4\",\"name\":\"Julien\",\"image\":{\"@type\":\"ImageObject\",\"inLanguage\":\"fr-BE\",\"@id\":\"https:\/\/vieassociative.be\/actualites\/#\/schema\/person\/image\/\",\"url\":\"https:\/\/vieassociative.be\/actualites\/wp-content\/uploads\/2024\/09\/vie-associative-1-150x150.jpg\",\"contentUrl\":\"https:\/\/vieassociative.be\/actualites\/wp-content\/uploads\/2024\/09\/vie-associative-1-150x150.jpg\",\"caption\":\"Julien\"},\"description\":\"Je suis Julien, r\u00e9dacteur pour Vie Associative. Passionn\u00e9 par le monde associatif depuis plus de 10 ans, j'ai \u00e0 c\u0153ur de partager des histoires inspirantes et de mettre en lumi\u00e8re les initiatives locales. Mon objectif est de sensibiliser et d'encourager l'engagement communautaire \u00e0 travers mes articles.\",\"sameAs\":[\"https:\/\/vieassociative.be\/\"]}]}<\/script>\n<!-- \/ Yoast SEO plugin. -->","yoast_head_json":{"title":"Mon service de sauvegarde en ligne pr\u00e9f\u00e9r\u00e9 est \u00e0 30 % de r\u00e9duction pendant le Black Friday | Vie Associative","robots":{"index":"index","follow":"follow","max-snippet":"max-snippet:-1","max-image-preview":"max-image-preview:large","max-video-preview":"max-video-preview:-1"},"canonical":"https:\/\/vieassociative.be\/actualites\/mon-service-de-sauvegarde-en-ligne-prefere-est-a-30-de-reduction-pendant-le-black-friday\/","og_locale":"fr_FR","og_type":"article","og_title":"Mon service de sauvegarde en ligne pr\u00e9f\u00e9r\u00e9 est \u00e0 30 % de r\u00e9duction pendant le Black Friday | Vie Associative","og_description":"C&rsquo;est l&rsquo;un des meilleurs services de sauvegarde en ligne pour votre ordinateur. Ce n&rsquo;est jamais un mauvais moment pour envisager une sauvegarde en ligne de","og_url":"https:\/\/vieassociative.be\/actualites\/mon-service-de-sauvegarde-en-ligne-prefere-est-a-30-de-reduction-pendant-le-black-friday\/","og_site_name":"Vie Associative","article_published_time":"2024-11-29T19:17:08+00:00","og_image":[{"width":279,"height":92,"url":"https:\/\/vieassociative.be\/actualites\/wp-content\/uploads\/2024\/09\/header_backgroundk-01-e1726694325946.png","type":"image\/png"}],"author":"Julien","twitter_card":"summary_large_image","twitter_misc":{"\u00c9crit par":"Julien","Dur\u00e9e de lecture est.":"3 minutes"},"schema":{"@context":"https:\/\/schema.org","@graph":[{"@type":"Article","@id":"https:\/\/vieassociative.be\/actualites\/mon-service-de-sauvegarde-en-ligne-prefere-est-a-30-de-reduction-pendant-le-black-friday\/#article","isPartOf":{"@id":"https:\/\/vieassociative.be\/actualites\/mon-service-de-sauvegarde-en-ligne-prefere-est-a-30-de-reduction-pendant-le-black-friday\/"},"author":{"name":"Julien","@id":"https:\/\/vieassociative.be\/actualites\/#\/schema\/person\/b87ac4f82f9d4e7b7cec7395b679edc4"},"headline":"Mon service de sauvegarde en ligne pr\u00e9f\u00e9r\u00e9 est \u00e0 30 % de r\u00e9duction pendant le Black Friday","datePublished":"2024-11-29T19:17:08+00:00","dateModified":"2024-11-29T19:17:08+00:00","mainEntityOfPage":{"@id":"https:\/\/vieassociative.be\/actualites\/mon-service-de-sauvegarde-en-ligne-prefere-est-a-30-de-reduction-pendant-le-black-friday\/"},"wordCount":551,"publisher":{"@id":"https:\/\/vieassociative.be\/actualites\/#organization"},"image":{"@id":"https:\/\/vieassociative.be\/actualites\/mon-service-de-sauvegarde-en-ligne-prefere-est-a-30-de-reduction-pendant-le-black-friday\/#primaryimage"},"thumbnailUrl":"https:\/\/vieassociative.be\/actualites\/wp-content\/uploads\/2024\/11\/Mon-service-de-sauvegarde-en-ligne-prefere-est-a-30.jpg","keywords":["Black","est","Friday","ligne","Mon","pendant","pr\u00e9f\u00e9r\u00e9","r\u00e9duction","sauvegarde","service"],"articleSection":["Technologie"],"inLanguage":"fr-BE"},{"@type":"WebPage","@id":"https:\/\/vieassociative.be\/actualites\/mon-service-de-sauvegarde-en-ligne-prefere-est-a-30-de-reduction-pendant-le-black-friday\/","url":"https:\/\/vieassociative.be\/actualites\/mon-service-de-sauvegarde-en-ligne-prefere-est-a-30-de-reduction-pendant-le-black-friday\/","name":"Mon service de sauvegarde en ligne pr\u00e9f\u00e9r\u00e9 est \u00e0 30 % de r\u00e9duction pendant le Black Friday | Vie Associative","isPartOf":{"@id":"https:\/\/vieassociative.be\/actualites\/#website"},"primaryImageOfPage":{"@id":"https:\/\/vieassociative.be\/actualites\/mon-service-de-sauvegarde-en-ligne-prefere-est-a-30-de-reduction-pendant-le-black-friday\/#primaryimage"},"image":{"@id":"https:\/\/vieassociative.be\/actualites\/mon-service-de-sauvegarde-en-ligne-prefere-est-a-30-de-reduction-pendant-le-black-friday\/#primaryimage"},"thumbnailUrl":"https:\/\/vieassociative.be\/actualites\/wp-content\/uploads\/2024\/11\/Mon-service-de-sauvegarde-en-ligne-prefere-est-a-30.jpg","datePublished":"2024-11-29T19:17:08+00:00","dateModified":"2024-11-29T19:17:08+00:00","breadcrumb":{"@id":"https:\/\/vieassociative.be\/actualites\/mon-service-de-sauvegarde-en-ligne-prefere-est-a-30-de-reduction-pendant-le-black-friday\/#breadcrumb"},"inLanguage":"fr-BE","potentialAction":[{"@type":"ReadAction","target":["https:\/\/vieassociative.be\/actualites\/mon-service-de-sauvegarde-en-ligne-prefere-est-a-30-de-reduction-pendant-le-black-friday\/"]}]},{"@type":"ImageObject","inLanguage":"fr-BE","@id":"https:\/\/vieassociative.be\/actualites\/mon-service-de-sauvegarde-en-ligne-prefere-est-a-30-de-reduction-pendant-le-black-friday\/#primaryimage","url":"https:\/\/vieassociative.be\/actualites\/wp-content\/uploads\/2024\/11\/Mon-service-de-sauvegarde-en-ligne-prefere-est-a-30.jpg","contentUrl":"https:\/\/vieassociative.be\/actualites\/wp-content\/uploads\/2024\/11\/Mon-service-de-sauvegarde-en-ligne-prefere-est-a-30.jpg","width":1200,"height":675,"caption":"Mon service de sauvegarde en ligne pr\u00e9f\u00e9r\u00e9 est \u00e0 30 % de r\u00e9duction pendant le Black Friday"},{"@type":"BreadcrumbList","@id":"https:\/\/vieassociative.be\/actualites\/mon-service-de-sauvegarde-en-ligne-prefere-est-a-30-de-reduction-pendant-le-black-friday\/#breadcrumb","itemListElement":[{"@type":"ListItem","position":1,"name":"Accueil","item":"https:\/\/vieassociative.be\/actualites\/"},{"@type":"ListItem","position":2,"name":"Mon service de sauvegarde en ligne pr\u00e9f\u00e9r\u00e9 est \u00e0 30 % de r\u00e9duction pendant le Black Friday"}]},{"@type":"WebSite","@id":"https:\/\/vieassociative.be\/actualites\/#website","url":"https:\/\/vieassociative.be\/actualites\/","name":"Vie Associative","description":"","publisher":{"@id":"https:\/\/vieassociative.be\/actualites\/#organization"},"potentialAction":[{"@type":"SearchAction","target":{"@type":"EntryPoint","urlTemplate":"https:\/\/vieassociative.be\/actualites\/?s={search_term_string}"},"query-input":{"@type":"PropertyValueSpecification","valueRequired":true,"valueName":"search_term_string"}}],"inLanguage":"fr-BE"},{"@type":"Organization","@id":"https:\/\/vieassociative.be\/actualites\/#organization","name":"Vie Associative","url":"https:\/\/vieassociative.be\/actualites\/","logo":{"@type":"ImageObject","inLanguage":"fr-BE","@id":"https:\/\/vieassociative.be\/actualites\/#\/schema\/logo\/image\/","url":"https:\/\/vieassociative.be\/actualites\/wp-content\/uploads\/2024\/09\/cropped-vieassociative_favicon.ico.png","contentUrl":"https:\/\/vieassociative.be\/actualites\/wp-content\/uploads\/2024\/09\/cropped-vieassociative_favicon.ico.png","width":512,"height":512,"caption":"Vie Associative"},"image":{"@id":"https:\/\/vieassociative.be\/actualites\/#\/schema\/logo\/image\/"}},{"@type":"Person","@id":"https:\/\/vieassociative.be\/actualites\/#\/schema\/person\/b87ac4f82f9d4e7b7cec7395b679edc4","name":"Julien","image":{"@type":"ImageObject","inLanguage":"fr-BE","@id":"https:\/\/vieassociative.be\/actualites\/#\/schema\/person\/image\/","url":"https:\/\/vieassociative.be\/actualites\/wp-content\/uploads\/2024\/09\/vie-associative-1-150x150.jpg","contentUrl":"https:\/\/vieassociative.be\/actualites\/wp-content\/uploads\/2024\/09\/vie-associative-1-150x150.jpg","caption":"Julien"},"description":"Je suis Julien, r\u00e9dacteur pour Vie Associative. Passionn\u00e9 par le monde associatif depuis plus de 10 ans, j'ai \u00e0 c\u0153ur de partager des histoires inspirantes et de mettre en lumi\u00e8re les initiatives locales. Mon objectif est de sensibiliser et d'encourager l'engagement communautaire \u00e0 travers mes articles.","sameAs":["https:\/\/vieassociative.be\/"]}]}},"_links":{"self":[{"href":"https:\/\/vieassociative.be\/actualites\/wp-json\/wp\/v2\/posts\/2897"}],"collection":[{"href":"https:\/\/vieassociative.be\/actualites\/wp-json\/wp\/v2\/posts"}],"about":[{"href":"https:\/\/vieassociative.be\/actualites\/wp-json\/wp\/v2\/types\/post"}],"author":[{"embeddable":true,"href":"https:\/\/vieassociative.be\/actualites\/wp-json\/wp\/v2\/users\/1"}],"replies":[{"embeddable":true,"href":"https:\/\/vieassociative.be\/actualites\/wp-json\/wp\/v2\/comments?post=2897"}],"version-history":[{"count":0,"href":"https:\/\/vieassociative.be\/actualites\/wp-json\/wp\/v2\/posts\/2897\/revisions"}],"wp:featuredmedia":[{"embeddable":true,"href":"https:\/\/vieassociative.be\/actualites\/wp-json\/wp\/v2\/media\/2898"}],"wp:attachment":[{"href":"https:\/\/vieassociative.be\/actualites\/wp-json\/wp\/v2\/media?parent=2897"}],"wp:term":[{"taxonomy":"category","embeddable":true,"href":"https:\/\/vieassociative.be\/actualites\/wp-json\/wp\/v2\/categories?post=2897"},{"taxonomy":"post_tag","embeddable":true,"href":"https:\/\/vieassociative.be\/actualites\/wp-json\/wp\/v2\/tags?post=2897"}],"curies":[{"name":"wp","href":"https:\/\/api.w.org\/{rel}","templated":true}]}}