{"id":2890,"date":"2024-11-29T15:19:05","date_gmt":"2024-11-29T14:19:05","guid":{"rendered":"https:\/\/vieassociative.be\/actualites\/christian-bruls-reste-actuellement-en-forme-au-sk-beveren\/"},"modified":"2024-11-29T15:19:05","modified_gmt":"2024-11-29T14:19:05","slug":"christian-bruls-reste-actuellement-en-forme-au-sk-beveren","status":"publish","type":"post","link":"https:\/\/vieassociative.be\/actualites\/christian-bruls-reste-actuellement-en-forme-au-sk-beveren\/","title":{"rendered":"Christian Br\u00fcls reste actuellement en forme au SK Beveren"},"content":{"rendered":"<p><strong>M\u00eame \u00e0 36 ans, Christian Br\u00fcls ne songe pas encore \u00e0 s&rsquo;arr\u00eater : apr\u00e8s la r\u00e9siliation de son contrat avec le club de deuxi\u00e8me division du SV Zulte Waregem, le joueur d&rsquo;Amel est actuellement en forme avec son rival du SK Beveren, selon un article du quotidien. Le Nieuwsblad.<\/strong><\/p>\n<p><span id=\"more-402784\"><\/span>La carri\u00e8re de footballeur de Christian Br\u00fcls a d\u00e9but\u00e9 dans les rangs des jeunes du club de sa ville natale, Gr\u00fcn-Wei\u00df Amel (1992-2002), puis \u00e0 l&rsquo;AS Eupen. <\/p>\n<p>Apr\u00e8s trois ans dans l&rsquo;\u00e9quipe de jeunes des Noirs et Blancs (2002-2005), il a jou\u00e9 dans l&rsquo;\u00e9quipe premi\u00e8re du club de football le plus haut grad\u00e9 de l&rsquo;Est de la Belgique de 2005 \u00e0 2008.<\/p>\n<div id=\"attachment_121898\" class=\"wp-caption alignleft\" style=\"max-width: 300px\"><img fetchpriority=\"high\" decoding=\"async\" class=\"wp-image-121898 size-medium\" src=\"https:\/\/vieassociative.be\/actualites\/wp-content\/uploads\/2024\/11\/Christian-Bruls-reste-actuellement-en-forme-au-SK-Beveren.jpg\" alt=\"\" width=\"300\" height=\"200\"  ><\/p>\n<p class=\"wp-caption-text\">Christian Br\u00fcls (ici avec le Gantois Brecht Dejaegere) lors d&rsquo;un match de l&rsquo;AS Eupen \u00e0 Gand en f\u00e9vrier 2017. Photo : Belga<\/p>\n<\/div>\n<p>Les prochains arr\u00eats ont \u00e9t\u00e9 le MVV Maastricht (2008-2010), le KVC Westerlo (2010-2011), l&rsquo;AA Gent (2011-2014), l&rsquo;OGC Nice (2013-2014), le Stade rennais (2014-2015), le Standard de Li\u00e8ge (2015-2016). ), AS Eupen (2017), Paphos FC (Chypre), KVC Westerlo (2019-2020), Sint-Truiden VV (2021-2023) et SV Zulte Waregem (2023-2024).<\/p>\n<p>Y a-t-il un troisi\u00e8me transfert \u00e0 l\u2019AS Eupen ? Les Noirs et Blancs pourraient vraiment avoir besoin d&rsquo;un milieu de terrain exp\u00e9riment\u00e9 et, en plus, d&rsquo;une figure d&rsquo;identification r\u00e9gionale comme lui, \u00e0 condition que les exigences financi\u00e8res du joueur de 36 ans puissent \u00eatre concili\u00e9es avec les pratiques d&rsquo;AS, qui doit d\u00e9sormais faire du pain plus petit. roule, m\u00eame si cela peut \u00eatre mis en doute.<\/p>\n<p>En termes de talent, Br\u00fcls aurait pu aller loin dans sa carri\u00e8re de footballeur s&rsquo;il avait eu l&rsquo;ambition n\u00e9cessaire. (cr\u00e9er)<\/p>\n","protected":false},"excerpt":{"rendered":"<p>M\u00eame \u00e0 36 ans, Christian Br\u00fcls ne songe pas encore \u00e0 s&rsquo;arr\u00eater : apr\u00e8s la r\u00e9siliation de son contrat avec le club de deuxi\u00e8me division<\/p>\n","protected":false},"author":1,"featured_media":2891,"comment_status":"","ping_status":"","sticky":false,"template":"","format":"standard","meta":{"footnotes":""},"categories":[298],"tags":[19,3611,3610,3609,632,1856],"class_list":["post-2890","post","type-post","status-publish","format-standard","has-post-thumbnail","hentry","category-belgique","tag-actuellement","tag-beveren","tag-bruls","tag-christian","tag-forme","tag-reste","generate-columns","tablet-grid-50","mobile-grid-100","grid-parent","grid-33"],"yoast_head":"<!-- This site is optimized with the Yoast SEO plugin v24.0 - https:\/\/yoast.com\/wordpress\/plugins\/seo\/ -->\n<title>Christian Br\u00fcls reste actuellement en forme au SK Beveren | Vie Associative<\/title>\n<meta name=\"robots\" content=\"index, follow, max-snippet:-1, max-image-preview:large, max-video-preview:-1\" \/>\n<link rel=\"canonical\" href=\"https:\/\/vieassociative.be\/actualites\/christian-bruls-reste-actuellement-en-forme-au-sk-beveren\/\" \/>\n<meta property=\"og:locale\" content=\"fr_FR\" \/>\n<meta property=\"og:type\" content=\"article\" \/>\n<meta property=\"og:title\" content=\"Christian Br\u00fcls reste actuellement en forme au SK Beveren | Vie Associative\" \/>\n<meta property=\"og:description\" content=\"M\u00eame \u00e0 36 ans, Christian Br\u00fcls ne songe pas encore \u00e0 s&rsquo;arr\u00eater : apr\u00e8s la r\u00e9siliation de son contrat avec le club de deuxi\u00e8me division\" \/>\n<meta property=\"og:url\" content=\"https:\/\/vieassociative.be\/actualites\/christian-bruls-reste-actuellement-en-forme-au-sk-beveren\/\" \/>\n<meta property=\"og:site_name\" content=\"Vie Associative\" \/>\n<meta property=\"article:published_time\" content=\"2024-11-29T14:19:05+00:00\" \/>\n<meta property=\"og:image\" content=\"https:\/\/vieassociative.be\/actualites\/wp-content\/uploads\/2024\/11\/Christian-Bruls-reste-actuellement-en-forme-au-SK-Beveren.jpg\" \/>\n<meta name=\"author\" content=\"Julien\" \/>\n<meta name=\"twitter:card\" content=\"summary_large_image\" \/>\n<meta name=\"twitter:label1\" content=\"\u00c9crit par\" \/>\n\t<meta name=\"twitter:data1\" content=\"Julien\" \/>\n\t<meta name=\"twitter:label2\" content=\"Dur\u00e9e de lecture est.\" \/>\n\t<meta name=\"twitter:data2\" content=\"1 minute\" \/>\n<script type=\"application\/ld+json\" class=\"yoast-schema-graph\">{\"@context\":\"https:\/\/schema.org\",\"@graph\":[{\"@type\":\"Article\",\"@id\":\"https:\/\/vieassociative.be\/actualites\/christian-bruls-reste-actuellement-en-forme-au-sk-beveren\/#article\",\"isPartOf\":{\"@id\":\"https:\/\/vieassociative.be\/actualites\/christian-bruls-reste-actuellement-en-forme-au-sk-beveren\/\"},\"author\":{\"name\":\"Julien\",\"@id\":\"https:\/\/vieassociative.be\/actualites\/#\/schema\/person\/b87ac4f82f9d4e7b7cec7395b679edc4\"},\"headline\":\"Christian Br\u00fcls reste actuellement en forme au SK Beveren\",\"datePublished\":\"2024-11-29T14:19:05+00:00\",\"dateModified\":\"2024-11-29T14:19:05+00:00\",\"mainEntityOfPage\":{\"@id\":\"https:\/\/vieassociative.be\/actualites\/christian-bruls-reste-actuellement-en-forme-au-sk-beveren\/\"},\"wordCount\":302,\"publisher\":{\"@id\":\"https:\/\/vieassociative.be\/actualites\/#organization\"},\"image\":{\"@id\":\"https:\/\/vieassociative.be\/actualites\/christian-bruls-reste-actuellement-en-forme-au-sk-beveren\/#primaryimage\"},\"thumbnailUrl\":\"https:\/\/vieassociative.be\/actualites\/wp-content\/uploads\/2024\/11\/1732889945_Christian-Bruls-reste-actuellement-en-forme-au-SK-Beveren.jpg\",\"keywords\":[\"actuellement\",\"Beveren\",\"Br\u00fcls\",\"Christian\",\"Forme\",\"reste\"],\"articleSection\":[\"Belgique\"],\"inLanguage\":\"fr-BE\"},{\"@type\":\"WebPage\",\"@id\":\"https:\/\/vieassociative.be\/actualites\/christian-bruls-reste-actuellement-en-forme-au-sk-beveren\/\",\"url\":\"https:\/\/vieassociative.be\/actualites\/christian-bruls-reste-actuellement-en-forme-au-sk-beveren\/\",\"name\":\"Christian Br\u00fcls reste actuellement en forme au SK Beveren | Vie Associative\",\"isPartOf\":{\"@id\":\"https:\/\/vieassociative.be\/actualites\/#website\"},\"primaryImageOfPage\":{\"@id\":\"https:\/\/vieassociative.be\/actualites\/christian-bruls-reste-actuellement-en-forme-au-sk-beveren\/#primaryimage\"},\"image\":{\"@id\":\"https:\/\/vieassociative.be\/actualites\/christian-bruls-reste-actuellement-en-forme-au-sk-beveren\/#primaryimage\"},\"thumbnailUrl\":\"https:\/\/vieassociative.be\/actualites\/wp-content\/uploads\/2024\/11\/1732889945_Christian-Bruls-reste-actuellement-en-forme-au-SK-Beveren.jpg\",\"datePublished\":\"2024-11-29T14:19:05+00:00\",\"dateModified\":\"2024-11-29T14:19:05+00:00\",\"breadcrumb\":{\"@id\":\"https:\/\/vieassociative.be\/actualites\/christian-bruls-reste-actuellement-en-forme-au-sk-beveren\/#breadcrumb\"},\"inLanguage\":\"fr-BE\",\"potentialAction\":[{\"@type\":\"ReadAction\",\"target\":[\"https:\/\/vieassociative.be\/actualites\/christian-bruls-reste-actuellement-en-forme-au-sk-beveren\/\"]}]},{\"@type\":\"ImageObject\",\"inLanguage\":\"fr-BE\",\"@id\":\"https:\/\/vieassociative.be\/actualites\/christian-bruls-reste-actuellement-en-forme-au-sk-beveren\/#primaryimage\",\"url\":\"https:\/\/vieassociative.be\/actualites\/wp-content\/uploads\/2024\/11\/1732889945_Christian-Bruls-reste-actuellement-en-forme-au-SK-Beveren.jpg\",\"contentUrl\":\"https:\/\/vieassociative.be\/actualites\/wp-content\/uploads\/2024\/11\/1732889945_Christian-Bruls-reste-actuellement-en-forme-au-SK-Beveren.jpg\",\"width\":2560,\"height\":852,\"caption\":\"Christian Br\u00fcls reste actuellement en forme au SK Beveren\"},{\"@type\":\"BreadcrumbList\",\"@id\":\"https:\/\/vieassociative.be\/actualites\/christian-bruls-reste-actuellement-en-forme-au-sk-beveren\/#breadcrumb\",\"itemListElement\":[{\"@type\":\"ListItem\",\"position\":1,\"name\":\"Accueil\",\"item\":\"https:\/\/vieassociative.be\/actualites\/\"},{\"@type\":\"ListItem\",\"position\":2,\"name\":\"Christian Br\u00fcls reste actuellement en forme au SK Beveren\"}]},{\"@type\":\"WebSite\",\"@id\":\"https:\/\/vieassociative.be\/actualites\/#website\",\"url\":\"https:\/\/vieassociative.be\/actualites\/\",\"name\":\"Vie Associative\",\"description\":\"\",\"publisher\":{\"@id\":\"https:\/\/vieassociative.be\/actualites\/#organization\"},\"potentialAction\":[{\"@type\":\"SearchAction\",\"target\":{\"@type\":\"EntryPoint\",\"urlTemplate\":\"https:\/\/vieassociative.be\/actualites\/?s={search_term_string}\"},\"query-input\":{\"@type\":\"PropertyValueSpecification\",\"valueRequired\":true,\"valueName\":\"search_term_string\"}}],\"inLanguage\":\"fr-BE\"},{\"@type\":\"Organization\",\"@id\":\"https:\/\/vieassociative.be\/actualites\/#organization\",\"name\":\"Vie Associative\",\"url\":\"https:\/\/vieassociative.be\/actualites\/\",\"logo\":{\"@type\":\"ImageObject\",\"inLanguage\":\"fr-BE\",\"@id\":\"https:\/\/vieassociative.be\/actualites\/#\/schema\/logo\/image\/\",\"url\":\"https:\/\/vieassociative.be\/actualites\/wp-content\/uploads\/2024\/09\/cropped-vieassociative_favicon.ico.png\",\"contentUrl\":\"https:\/\/vieassociative.be\/actualites\/wp-content\/uploads\/2024\/09\/cropped-vieassociative_favicon.ico.png\",\"width\":512,\"height\":512,\"caption\":\"Vie Associative\"},\"image\":{\"@id\":\"https:\/\/vieassociative.be\/actualites\/#\/schema\/logo\/image\/\"}},{\"@type\":\"Person\",\"@id\":\"https:\/\/vieassociative.be\/actualites\/#\/schema\/person\/b87ac4f82f9d4e7b7cec7395b679edc4\",\"name\":\"Julien\",\"image\":{\"@type\":\"ImageObject\",\"inLanguage\":\"fr-BE\",\"@id\":\"https:\/\/vieassociative.be\/actualites\/#\/schema\/person\/image\/\",\"url\":\"https:\/\/vieassociative.be\/actualites\/wp-content\/uploads\/2024\/09\/vie-associative-1-150x150.jpg\",\"contentUrl\":\"https:\/\/vieassociative.be\/actualites\/wp-content\/uploads\/2024\/09\/vie-associative-1-150x150.jpg\",\"caption\":\"Julien\"},\"description\":\"Je suis Julien, r\u00e9dacteur pour Vie Associative. Passionn\u00e9 par le monde associatif depuis plus de 10 ans, j'ai \u00e0 c\u0153ur de partager des histoires inspirantes et de mettre en lumi\u00e8re les initiatives locales. Mon objectif est de sensibiliser et d'encourager l'engagement communautaire \u00e0 travers mes articles.\",\"sameAs\":[\"https:\/\/vieassociative.be\/\"]}]}<\/script>\n<!-- \/ Yoast SEO plugin. -->","yoast_head_json":{"title":"Christian Br\u00fcls reste actuellement en forme au SK Beveren | Vie Associative","robots":{"index":"index","follow":"follow","max-snippet":"max-snippet:-1","max-image-preview":"max-image-preview:large","max-video-preview":"max-video-preview:-1"},"canonical":"https:\/\/vieassociative.be\/actualites\/christian-bruls-reste-actuellement-en-forme-au-sk-beveren\/","og_locale":"fr_FR","og_type":"article","og_title":"Christian Br\u00fcls reste actuellement en forme au SK Beveren | Vie Associative","og_description":"M\u00eame \u00e0 36 ans, Christian Br\u00fcls ne songe pas encore \u00e0 s&rsquo;arr\u00eater : apr\u00e8s la r\u00e9siliation de son contrat avec le club de deuxi\u00e8me division","og_url":"https:\/\/vieassociative.be\/actualites\/christian-bruls-reste-actuellement-en-forme-au-sk-beveren\/","og_site_name":"Vie Associative","article_published_time":"2024-11-29T14:19:05+00:00","og_image":[{"url":"https:\/\/vieassociative.be\/actualites\/wp-content\/uploads\/2024\/11\/Christian-Bruls-reste-actuellement-en-forme-au-SK-Beveren.jpg","type":"","width":"","height":""}],"author":"Julien","twitter_card":"summary_large_image","twitter_misc":{"\u00c9crit par":"Julien","Dur\u00e9e de lecture est.":"1 minute"},"schema":{"@context":"https:\/\/schema.org","@graph":[{"@type":"Article","@id":"https:\/\/vieassociative.be\/actualites\/christian-bruls-reste-actuellement-en-forme-au-sk-beveren\/#article","isPartOf":{"@id":"https:\/\/vieassociative.be\/actualites\/christian-bruls-reste-actuellement-en-forme-au-sk-beveren\/"},"author":{"name":"Julien","@id":"https:\/\/vieassociative.be\/actualites\/#\/schema\/person\/b87ac4f82f9d4e7b7cec7395b679edc4"},"headline":"Christian Br\u00fcls reste actuellement en forme au SK Beveren","datePublished":"2024-11-29T14:19:05+00:00","dateModified":"2024-11-29T14:19:05+00:00","mainEntityOfPage":{"@id":"https:\/\/vieassociative.be\/actualites\/christian-bruls-reste-actuellement-en-forme-au-sk-beveren\/"},"wordCount":302,"publisher":{"@id":"https:\/\/vieassociative.be\/actualites\/#organization"},"image":{"@id":"https:\/\/vieassociative.be\/actualites\/christian-bruls-reste-actuellement-en-forme-au-sk-beveren\/#primaryimage"},"thumbnailUrl":"https:\/\/vieassociative.be\/actualites\/wp-content\/uploads\/2024\/11\/1732889945_Christian-Bruls-reste-actuellement-en-forme-au-SK-Beveren.jpg","keywords":["actuellement","Beveren","Br\u00fcls","Christian","Forme","reste"],"articleSection":["Belgique"],"inLanguage":"fr-BE"},{"@type":"WebPage","@id":"https:\/\/vieassociative.be\/actualites\/christian-bruls-reste-actuellement-en-forme-au-sk-beveren\/","url":"https:\/\/vieassociative.be\/actualites\/christian-bruls-reste-actuellement-en-forme-au-sk-beveren\/","name":"Christian Br\u00fcls reste actuellement en forme au SK Beveren | Vie Associative","isPartOf":{"@id":"https:\/\/vieassociative.be\/actualites\/#website"},"primaryImageOfPage":{"@id":"https:\/\/vieassociative.be\/actualites\/christian-bruls-reste-actuellement-en-forme-au-sk-beveren\/#primaryimage"},"image":{"@id":"https:\/\/vieassociative.be\/actualites\/christian-bruls-reste-actuellement-en-forme-au-sk-beveren\/#primaryimage"},"thumbnailUrl":"https:\/\/vieassociative.be\/actualites\/wp-content\/uploads\/2024\/11\/1732889945_Christian-Bruls-reste-actuellement-en-forme-au-SK-Beveren.jpg","datePublished":"2024-11-29T14:19:05+00:00","dateModified":"2024-11-29T14:19:05+00:00","breadcrumb":{"@id":"https:\/\/vieassociative.be\/actualites\/christian-bruls-reste-actuellement-en-forme-au-sk-beveren\/#breadcrumb"},"inLanguage":"fr-BE","potentialAction":[{"@type":"ReadAction","target":["https:\/\/vieassociative.be\/actualites\/christian-bruls-reste-actuellement-en-forme-au-sk-beveren\/"]}]},{"@type":"ImageObject","inLanguage":"fr-BE","@id":"https:\/\/vieassociative.be\/actualites\/christian-bruls-reste-actuellement-en-forme-au-sk-beveren\/#primaryimage","url":"https:\/\/vieassociative.be\/actualites\/wp-content\/uploads\/2024\/11\/1732889945_Christian-Bruls-reste-actuellement-en-forme-au-SK-Beveren.jpg","contentUrl":"https:\/\/vieassociative.be\/actualites\/wp-content\/uploads\/2024\/11\/1732889945_Christian-Bruls-reste-actuellement-en-forme-au-SK-Beveren.jpg","width":2560,"height":852,"caption":"Christian Br\u00fcls reste actuellement en forme au SK Beveren"},{"@type":"BreadcrumbList","@id":"https:\/\/vieassociative.be\/actualites\/christian-bruls-reste-actuellement-en-forme-au-sk-beveren\/#breadcrumb","itemListElement":[{"@type":"ListItem","position":1,"name":"Accueil","item":"https:\/\/vieassociative.be\/actualites\/"},{"@type":"ListItem","position":2,"name":"Christian Br\u00fcls reste actuellement en forme au SK Beveren"}]},{"@type":"WebSite","@id":"https:\/\/vieassociative.be\/actualites\/#website","url":"https:\/\/vieassociative.be\/actualites\/","name":"Vie Associative","description":"","publisher":{"@id":"https:\/\/vieassociative.be\/actualites\/#organization"},"potentialAction":[{"@type":"SearchAction","target":{"@type":"EntryPoint","urlTemplate":"https:\/\/vieassociative.be\/actualites\/?s={search_term_string}"},"query-input":{"@type":"PropertyValueSpecification","valueRequired":true,"valueName":"search_term_string"}}],"inLanguage":"fr-BE"},{"@type":"Organization","@id":"https:\/\/vieassociative.be\/actualites\/#organization","name":"Vie Associative","url":"https:\/\/vieassociative.be\/actualites\/","logo":{"@type":"ImageObject","inLanguage":"fr-BE","@id":"https:\/\/vieassociative.be\/actualites\/#\/schema\/logo\/image\/","url":"https:\/\/vieassociative.be\/actualites\/wp-content\/uploads\/2024\/09\/cropped-vieassociative_favicon.ico.png","contentUrl":"https:\/\/vieassociative.be\/actualites\/wp-content\/uploads\/2024\/09\/cropped-vieassociative_favicon.ico.png","width":512,"height":512,"caption":"Vie Associative"},"image":{"@id":"https:\/\/vieassociative.be\/actualites\/#\/schema\/logo\/image\/"}},{"@type":"Person","@id":"https:\/\/vieassociative.be\/actualites\/#\/schema\/person\/b87ac4f82f9d4e7b7cec7395b679edc4","name":"Julien","image":{"@type":"ImageObject","inLanguage":"fr-BE","@id":"https:\/\/vieassociative.be\/actualites\/#\/schema\/person\/image\/","url":"https:\/\/vieassociative.be\/actualites\/wp-content\/uploads\/2024\/09\/vie-associative-1-150x150.jpg","contentUrl":"https:\/\/vieassociative.be\/actualites\/wp-content\/uploads\/2024\/09\/vie-associative-1-150x150.jpg","caption":"Julien"},"description":"Je suis Julien, r\u00e9dacteur pour Vie Associative. Passionn\u00e9 par le monde associatif depuis plus de 10 ans, j'ai \u00e0 c\u0153ur de partager des histoires inspirantes et de mettre en lumi\u00e8re les initiatives locales. Mon objectif est de sensibiliser et d'encourager l'engagement communautaire \u00e0 travers mes articles.","sameAs":["https:\/\/vieassociative.be\/"]}]}},"_links":{"self":[{"href":"https:\/\/vieassociative.be\/actualites\/wp-json\/wp\/v2\/posts\/2890"}],"collection":[{"href":"https:\/\/vieassociative.be\/actualites\/wp-json\/wp\/v2\/posts"}],"about":[{"href":"https:\/\/vieassociative.be\/actualites\/wp-json\/wp\/v2\/types\/post"}],"author":[{"embeddable":true,"href":"https:\/\/vieassociative.be\/actualites\/wp-json\/wp\/v2\/users\/1"}],"replies":[{"embeddable":true,"href":"https:\/\/vieassociative.be\/actualites\/wp-json\/wp\/v2\/comments?post=2890"}],"version-history":[{"count":0,"href":"https:\/\/vieassociative.be\/actualites\/wp-json\/wp\/v2\/posts\/2890\/revisions"}],"wp:featuredmedia":[{"embeddable":true,"href":"https:\/\/vieassociative.be\/actualites\/wp-json\/wp\/v2\/media\/2891"}],"wp:attachment":[{"href":"https:\/\/vieassociative.be\/actualites\/wp-json\/wp\/v2\/media?parent=2890"}],"wp:term":[{"taxonomy":"category","embeddable":true,"href":"https:\/\/vieassociative.be\/actualites\/wp-json\/wp\/v2\/categories?post=2890"},{"taxonomy":"post_tag","embeddable":true,"href":"https:\/\/vieassociative.be\/actualites\/wp-json\/wp\/v2\/tags?post=2890"}],"curies":[{"name":"wp","href":"https:\/\/api.w.org\/{rel}","templated":true}]}}