{"id":2888,"date":"2024-11-29T14:17:07","date_gmt":"2024-11-29T13:17:07","guid":{"rendered":"https:\/\/vieassociative.be\/actualites\/ces-packs-black-friday-ps5-sont-parfaits-pour-les-fans-de-fortnite-et-de-nba\/"},"modified":"2024-11-29T14:17:07","modified_gmt":"2024-11-29T13:17:07","slug":"ces-packs-black-friday-ps5-sont-parfaits-pour-les-fans-de-fortnite-et-de-nba","status":"publish","type":"post","link":"https:\/\/vieassociative.be\/actualites\/ces-packs-black-friday-ps5-sont-parfaits-pour-les-fans-de-fortnite-et-de-nba\/","title":{"rendered":"Ces packs Black Friday PS5 sont parfaits pour les fans de Fortnite et de NBA"},"content":{"rendered":"<div class=\"mt-4 leading-6 md:mb-8\">\u00c9conomisez gros sur une PS5 plus fine ce Black Friday.<\/div>\n<p><\/p>\n<p>Sony vient peut-\u00eatre de sortir la PlayStation 5 Pro, mais \u00e0 700 $, elle n&rsquo;a pas encore vu d&rsquo;offres pour le Black Friday, et cela ne devrait pas changer de sit\u00f4t. C\u2019est donc une bonne chose que les mod\u00e8les PS5 Slim, beaucoup plus abordables, initialement sortis l\u2019ann\u00e9e derni\u00e8re, prennent le relais.<\/p>\n<p>L&rsquo;\u00e9dition num\u00e9rique et l&rsquo;\u00e9dition disque de la console sont en vente chez plusieurs d\u00e9taillants, m\u00eame si vous devez faire attention \u00e0 l&rsquo;endroit o\u00f9 vous achetez. Bien qu&rsquo;il soit assez explicite que seule l&rsquo;\u00e9dition Disc soit livr\u00e9e avec un lecteur de disque, vous pourriez \u00e9galement manquer quelques avantages potentiels si vous ne faites pas attention, quel que soit le mod\u00e8le que vous choisissez.<\/p>\n<p>En effet, m\u00eame si Amazon et Best Buy vendent tous deux les consoles seuls, il existe \u00e9galement des offres group\u00e9es qui incluent des cadeaux suppl\u00e9mentaires sans frais suppl\u00e9mentaires.<\/p>\n<p><em>Fortnite<\/em> les joueurs voudront opter pour le <em>Fortnite <\/em>Cobalt Star Bundle, qui est disponible pour les deux mod\u00e8les PS5 Slim et offre 1 000 V-Bucks et quelques produits cosm\u00e9tiques suppl\u00e9mentaires (je suis s\u00fbr que quelqu&rsquo;un de plus jeune que moi saura s&rsquo;ils sont bons, mais bon, ils en valent la peine le prix \u00e9poustouflant de la gratuit\u00e9). Les amateurs de sport, quant \u00e0 eux, peuvent obtenir une PS5 Slim Digital Edition avec une copie de <em>NBA 2K25<\/em> directement depuis PlayStation pour le m\u00eame prix. Malheureusement, il ne semble pas y avoir de bundle NBA pour le mod\u00e8le avec lecteur de disque, et les lecteurs de disque suppl\u00e9mentaires ne sont actuellement pas en vente.<\/p>\n<p>Tous les packs PS5 Slim r\u00e9pertori\u00e9s ici sont livr\u00e9s avec la console en blanc et un seul contr\u00f4leur DualSense, et si vous le souhaitez, vous pouvez \u00e9galement \u00e9conomiser gros sur le PSVR 2 d\u00e8s maintenant, ce qui ouvrira votre nouvelle console \u00e0 un tout nouveau type de jeu. En g\u00e9n\u00e9ral, ces offres r\u00e9duisent d&rsquo;environ 75 $ le prix d&rsquo;achat d&rsquo;une PS5, ce qui la place \u00e0 une distance proche du prix typique (non sold\u00e9) de la Nintendo Switch OLED, beaucoup moins puissante.<\/p>\n","protected":false},"excerpt":{"rendered":"<p>\u00c9conomisez gros sur une PS5 plus fine ce Black Friday. Sony vient peut-\u00eatre de sortir la PlayStation 5 Pro, mais \u00e0 700 $, elle n&rsquo;a<\/p>\n","protected":false},"author":1,"featured_media":2889,"comment_status":"","ping_status":"","sticky":false,"template":"","format":"standard","meta":{"footnotes":""},"categories":[36],"tags":[73,248,2649,3607,1255,14,3608,3605,3606,81,874,18],"class_list":["post-2888","post","type-post","status-publish","format-standard","has-post-thumbnail","hentry","category-divertissement","tag-black","tag-ces","tag-fans","tag-fortnite","tag-friday","tag-les","tag-nba","tag-packs","tag-parfaits","tag-pour","tag-ps5","tag-sont","generate-columns","tablet-grid-50","mobile-grid-100","grid-parent","grid-33"],"yoast_head":"<!-- This site is optimized with the Yoast SEO plugin v24.0 - https:\/\/yoast.com\/wordpress\/plugins\/seo\/ -->\n<title>Ces packs Black Friday PS5 sont parfaits pour les fans de Fortnite et de NBA | Vie Associative<\/title>\n<meta name=\"robots\" content=\"index, follow, max-snippet:-1, max-image-preview:large, max-video-preview:-1\" \/>\n<link rel=\"canonical\" href=\"https:\/\/vieassociative.be\/actualites\/ces-packs-black-friday-ps5-sont-parfaits-pour-les-fans-de-fortnite-et-de-nba\/\" \/>\n<meta property=\"og:locale\" content=\"fr_FR\" \/>\n<meta property=\"og:type\" content=\"article\" \/>\n<meta property=\"og:title\" content=\"Ces packs Black Friday PS5 sont parfaits pour les fans de Fortnite et de NBA | Vie Associative\" \/>\n<meta property=\"og:description\" content=\"\u00c9conomisez gros sur une PS5 plus fine ce Black Friday. Sony vient peut-\u00eatre de sortir la PlayStation 5 Pro, mais \u00e0 700 $, elle n&rsquo;a\" \/>\n<meta property=\"og:url\" content=\"https:\/\/vieassociative.be\/actualites\/ces-packs-black-friday-ps5-sont-parfaits-pour-les-fans-de-fortnite-et-de-nba\/\" \/>\n<meta property=\"og:site_name\" content=\"Vie Associative\" \/>\n<meta property=\"article:published_time\" content=\"2024-11-29T13:17:07+00:00\" \/>\n<meta property=\"og:image\" content=\"https:\/\/vieassociative.be\/actualites\/wp-content\/uploads\/2024\/09\/header_backgroundk-01-e1726694325946.png\" \/>\n\t<meta property=\"og:image:width\" content=\"279\" \/>\n\t<meta property=\"og:image:height\" content=\"92\" \/>\n\t<meta property=\"og:image:type\" content=\"image\/png\" \/>\n<meta name=\"author\" content=\"Julien\" \/>\n<meta name=\"twitter:card\" content=\"summary_large_image\" \/>\n<meta name=\"twitter:label1\" content=\"\u00c9crit par\" \/>\n\t<meta name=\"twitter:data1\" content=\"Julien\" \/>\n\t<meta name=\"twitter:label2\" content=\"Dur\u00e9e de lecture est.\" \/>\n\t<meta name=\"twitter:data2\" content=\"2 minutes\" \/>\n<script type=\"application\/ld+json\" class=\"yoast-schema-graph\">{\"@context\":\"https:\/\/schema.org\",\"@graph\":[{\"@type\":\"Article\",\"@id\":\"https:\/\/vieassociative.be\/actualites\/ces-packs-black-friday-ps5-sont-parfaits-pour-les-fans-de-fortnite-et-de-nba\/#article\",\"isPartOf\":{\"@id\":\"https:\/\/vieassociative.be\/actualites\/ces-packs-black-friday-ps5-sont-parfaits-pour-les-fans-de-fortnite-et-de-nba\/\"},\"author\":{\"name\":\"Julien\",\"@id\":\"https:\/\/vieassociative.be\/actualites\/#\/schema\/person\/b87ac4f82f9d4e7b7cec7395b679edc4\"},\"headline\":\"Ces packs Black Friday PS5 sont parfaits pour les fans de Fortnite et de NBA\",\"datePublished\":\"2024-11-29T13:17:07+00:00\",\"dateModified\":\"2024-11-29T13:17:07+00:00\",\"mainEntityOfPage\":{\"@id\":\"https:\/\/vieassociative.be\/actualites\/ces-packs-black-friday-ps5-sont-parfaits-pour-les-fans-de-fortnite-et-de-nba\/\"},\"wordCount\":391,\"publisher\":{\"@id\":\"https:\/\/vieassociative.be\/actualites\/#organization\"},\"image\":{\"@id\":\"https:\/\/vieassociative.be\/actualites\/ces-packs-black-friday-ps5-sont-parfaits-pour-les-fans-de-fortnite-et-de-nba\/#primaryimage\"},\"thumbnailUrl\":\"https:\/\/vieassociative.be\/actualites\/wp-content\/uploads\/2024\/11\/Ces-packs-Black-Friday-PS5-sont-parfaits-pour-les-fans.png\",\"keywords\":[\"Black\",\"ces\",\"fans\",\"Fortnite\",\"Friday\",\"Les\",\"NBA\",\"packs\",\"parfaits\",\"pour\",\"PS5\",\"sont\"],\"articleSection\":[\"Divertissement\"],\"inLanguage\":\"fr-BE\"},{\"@type\":\"WebPage\",\"@id\":\"https:\/\/vieassociative.be\/actualites\/ces-packs-black-friday-ps5-sont-parfaits-pour-les-fans-de-fortnite-et-de-nba\/\",\"url\":\"https:\/\/vieassociative.be\/actualites\/ces-packs-black-friday-ps5-sont-parfaits-pour-les-fans-de-fortnite-et-de-nba\/\",\"name\":\"Ces packs Black Friday PS5 sont parfaits pour les fans de Fortnite et de NBA | Vie Associative\",\"isPartOf\":{\"@id\":\"https:\/\/vieassociative.be\/actualites\/#website\"},\"primaryImageOfPage\":{\"@id\":\"https:\/\/vieassociative.be\/actualites\/ces-packs-black-friday-ps5-sont-parfaits-pour-les-fans-de-fortnite-et-de-nba\/#primaryimage\"},\"image\":{\"@id\":\"https:\/\/vieassociative.be\/actualites\/ces-packs-black-friday-ps5-sont-parfaits-pour-les-fans-de-fortnite-et-de-nba\/#primaryimage\"},\"thumbnailUrl\":\"https:\/\/vieassociative.be\/actualites\/wp-content\/uploads\/2024\/11\/Ces-packs-Black-Friday-PS5-sont-parfaits-pour-les-fans.png\",\"datePublished\":\"2024-11-29T13:17:07+00:00\",\"dateModified\":\"2024-11-29T13:17:07+00:00\",\"breadcrumb\":{\"@id\":\"https:\/\/vieassociative.be\/actualites\/ces-packs-black-friday-ps5-sont-parfaits-pour-les-fans-de-fortnite-et-de-nba\/#breadcrumb\"},\"inLanguage\":\"fr-BE\",\"potentialAction\":[{\"@type\":\"ReadAction\",\"target\":[\"https:\/\/vieassociative.be\/actualites\/ces-packs-black-friday-ps5-sont-parfaits-pour-les-fans-de-fortnite-et-de-nba\/\"]}]},{\"@type\":\"ImageObject\",\"inLanguage\":\"fr-BE\",\"@id\":\"https:\/\/vieassociative.be\/actualites\/ces-packs-black-friday-ps5-sont-parfaits-pour-les-fans-de-fortnite-et-de-nba\/#primaryimage\",\"url\":\"https:\/\/vieassociative.be\/actualites\/wp-content\/uploads\/2024\/11\/Ces-packs-Black-Friday-PS5-sont-parfaits-pour-les-fans.png\",\"contentUrl\":\"https:\/\/vieassociative.be\/actualites\/wp-content\/uploads\/2024\/11\/Ces-packs-Black-Friday-PS5-sont-parfaits-pour-les-fans.png\",\"width\":1200,\"height\":675,\"caption\":\"Ces packs Black Friday PS5 sont parfaits pour les fans de Fortnite et de NBA\"},{\"@type\":\"BreadcrumbList\",\"@id\":\"https:\/\/vieassociative.be\/actualites\/ces-packs-black-friday-ps5-sont-parfaits-pour-les-fans-de-fortnite-et-de-nba\/#breadcrumb\",\"itemListElement\":[{\"@type\":\"ListItem\",\"position\":1,\"name\":\"Accueil\",\"item\":\"https:\/\/vieassociative.be\/actualites\/\"},{\"@type\":\"ListItem\",\"position\":2,\"name\":\"Ces packs Black Friday PS5 sont parfaits pour les fans de Fortnite et de NBA\"}]},{\"@type\":\"WebSite\",\"@id\":\"https:\/\/vieassociative.be\/actualites\/#website\",\"url\":\"https:\/\/vieassociative.be\/actualites\/\",\"name\":\"Vie Associative\",\"description\":\"\",\"publisher\":{\"@id\":\"https:\/\/vieassociative.be\/actualites\/#organization\"},\"potentialAction\":[{\"@type\":\"SearchAction\",\"target\":{\"@type\":\"EntryPoint\",\"urlTemplate\":\"https:\/\/vieassociative.be\/actualites\/?s={search_term_string}\"},\"query-input\":{\"@type\":\"PropertyValueSpecification\",\"valueRequired\":true,\"valueName\":\"search_term_string\"}}],\"inLanguage\":\"fr-BE\"},{\"@type\":\"Organization\",\"@id\":\"https:\/\/vieassociative.be\/actualites\/#organization\",\"name\":\"Vie Associative\",\"url\":\"https:\/\/vieassociative.be\/actualites\/\",\"logo\":{\"@type\":\"ImageObject\",\"inLanguage\":\"fr-BE\",\"@id\":\"https:\/\/vieassociative.be\/actualites\/#\/schema\/logo\/image\/\",\"url\":\"https:\/\/vieassociative.be\/actualites\/wp-content\/uploads\/2024\/09\/cropped-vieassociative_favicon.ico.png\",\"contentUrl\":\"https:\/\/vieassociative.be\/actualites\/wp-content\/uploads\/2024\/09\/cropped-vieassociative_favicon.ico.png\",\"width\":512,\"height\":512,\"caption\":\"Vie Associative\"},\"image\":{\"@id\":\"https:\/\/vieassociative.be\/actualites\/#\/schema\/logo\/image\/\"}},{\"@type\":\"Person\",\"@id\":\"https:\/\/vieassociative.be\/actualites\/#\/schema\/person\/b87ac4f82f9d4e7b7cec7395b679edc4\",\"name\":\"Julien\",\"image\":{\"@type\":\"ImageObject\",\"inLanguage\":\"fr-BE\",\"@id\":\"https:\/\/vieassociative.be\/actualites\/#\/schema\/person\/image\/\",\"url\":\"https:\/\/vieassociative.be\/actualites\/wp-content\/uploads\/2024\/09\/vie-associative-1-150x150.jpg\",\"contentUrl\":\"https:\/\/vieassociative.be\/actualites\/wp-content\/uploads\/2024\/09\/vie-associative-1-150x150.jpg\",\"caption\":\"Julien\"},\"description\":\"Je suis Julien, r\u00e9dacteur pour Vie Associative. Passionn\u00e9 par le monde associatif depuis plus de 10 ans, j'ai \u00e0 c\u0153ur de partager des histoires inspirantes et de mettre en lumi\u00e8re les initiatives locales. Mon objectif est de sensibiliser et d'encourager l'engagement communautaire \u00e0 travers mes articles.\",\"sameAs\":[\"https:\/\/vieassociative.be\/\"]}]}<\/script>\n<!-- \/ Yoast SEO plugin. -->","yoast_head_json":{"title":"Ces packs Black Friday PS5 sont parfaits pour les fans de Fortnite et de NBA | Vie Associative","robots":{"index":"index","follow":"follow","max-snippet":"max-snippet:-1","max-image-preview":"max-image-preview:large","max-video-preview":"max-video-preview:-1"},"canonical":"https:\/\/vieassociative.be\/actualites\/ces-packs-black-friday-ps5-sont-parfaits-pour-les-fans-de-fortnite-et-de-nba\/","og_locale":"fr_FR","og_type":"article","og_title":"Ces packs Black Friday PS5 sont parfaits pour les fans de Fortnite et de NBA | Vie Associative","og_description":"\u00c9conomisez gros sur une PS5 plus fine ce Black Friday. Sony vient peut-\u00eatre de sortir la PlayStation 5 Pro, mais \u00e0 700 $, elle n&rsquo;a","og_url":"https:\/\/vieassociative.be\/actualites\/ces-packs-black-friday-ps5-sont-parfaits-pour-les-fans-de-fortnite-et-de-nba\/","og_site_name":"Vie Associative","article_published_time":"2024-11-29T13:17:07+00:00","og_image":[{"width":279,"height":92,"url":"https:\/\/vieassociative.be\/actualites\/wp-content\/uploads\/2024\/09\/header_backgroundk-01-e1726694325946.png","type":"image\/png"}],"author":"Julien","twitter_card":"summary_large_image","twitter_misc":{"\u00c9crit par":"Julien","Dur\u00e9e de lecture est.":"2 minutes"},"schema":{"@context":"https:\/\/schema.org","@graph":[{"@type":"Article","@id":"https:\/\/vieassociative.be\/actualites\/ces-packs-black-friday-ps5-sont-parfaits-pour-les-fans-de-fortnite-et-de-nba\/#article","isPartOf":{"@id":"https:\/\/vieassociative.be\/actualites\/ces-packs-black-friday-ps5-sont-parfaits-pour-les-fans-de-fortnite-et-de-nba\/"},"author":{"name":"Julien","@id":"https:\/\/vieassociative.be\/actualites\/#\/schema\/person\/b87ac4f82f9d4e7b7cec7395b679edc4"},"headline":"Ces packs Black Friday PS5 sont parfaits pour les fans de Fortnite et de NBA","datePublished":"2024-11-29T13:17:07+00:00","dateModified":"2024-11-29T13:17:07+00:00","mainEntityOfPage":{"@id":"https:\/\/vieassociative.be\/actualites\/ces-packs-black-friday-ps5-sont-parfaits-pour-les-fans-de-fortnite-et-de-nba\/"},"wordCount":391,"publisher":{"@id":"https:\/\/vieassociative.be\/actualites\/#organization"},"image":{"@id":"https:\/\/vieassociative.be\/actualites\/ces-packs-black-friday-ps5-sont-parfaits-pour-les-fans-de-fortnite-et-de-nba\/#primaryimage"},"thumbnailUrl":"https:\/\/vieassociative.be\/actualites\/wp-content\/uploads\/2024\/11\/Ces-packs-Black-Friday-PS5-sont-parfaits-pour-les-fans.png","keywords":["Black","ces","fans","Fortnite","Friday","Les","NBA","packs","parfaits","pour","PS5","sont"],"articleSection":["Divertissement"],"inLanguage":"fr-BE"},{"@type":"WebPage","@id":"https:\/\/vieassociative.be\/actualites\/ces-packs-black-friday-ps5-sont-parfaits-pour-les-fans-de-fortnite-et-de-nba\/","url":"https:\/\/vieassociative.be\/actualites\/ces-packs-black-friday-ps5-sont-parfaits-pour-les-fans-de-fortnite-et-de-nba\/","name":"Ces packs Black Friday PS5 sont parfaits pour les fans de Fortnite et de NBA | Vie Associative","isPartOf":{"@id":"https:\/\/vieassociative.be\/actualites\/#website"},"primaryImageOfPage":{"@id":"https:\/\/vieassociative.be\/actualites\/ces-packs-black-friday-ps5-sont-parfaits-pour-les-fans-de-fortnite-et-de-nba\/#primaryimage"},"image":{"@id":"https:\/\/vieassociative.be\/actualites\/ces-packs-black-friday-ps5-sont-parfaits-pour-les-fans-de-fortnite-et-de-nba\/#primaryimage"},"thumbnailUrl":"https:\/\/vieassociative.be\/actualites\/wp-content\/uploads\/2024\/11\/Ces-packs-Black-Friday-PS5-sont-parfaits-pour-les-fans.png","datePublished":"2024-11-29T13:17:07+00:00","dateModified":"2024-11-29T13:17:07+00:00","breadcrumb":{"@id":"https:\/\/vieassociative.be\/actualites\/ces-packs-black-friday-ps5-sont-parfaits-pour-les-fans-de-fortnite-et-de-nba\/#breadcrumb"},"inLanguage":"fr-BE","potentialAction":[{"@type":"ReadAction","target":["https:\/\/vieassociative.be\/actualites\/ces-packs-black-friday-ps5-sont-parfaits-pour-les-fans-de-fortnite-et-de-nba\/"]}]},{"@type":"ImageObject","inLanguage":"fr-BE","@id":"https:\/\/vieassociative.be\/actualites\/ces-packs-black-friday-ps5-sont-parfaits-pour-les-fans-de-fortnite-et-de-nba\/#primaryimage","url":"https:\/\/vieassociative.be\/actualites\/wp-content\/uploads\/2024\/11\/Ces-packs-Black-Friday-PS5-sont-parfaits-pour-les-fans.png","contentUrl":"https:\/\/vieassociative.be\/actualites\/wp-content\/uploads\/2024\/11\/Ces-packs-Black-Friday-PS5-sont-parfaits-pour-les-fans.png","width":1200,"height":675,"caption":"Ces packs Black Friday PS5 sont parfaits pour les fans de Fortnite et de NBA"},{"@type":"BreadcrumbList","@id":"https:\/\/vieassociative.be\/actualites\/ces-packs-black-friday-ps5-sont-parfaits-pour-les-fans-de-fortnite-et-de-nba\/#breadcrumb","itemListElement":[{"@type":"ListItem","position":1,"name":"Accueil","item":"https:\/\/vieassociative.be\/actualites\/"},{"@type":"ListItem","position":2,"name":"Ces packs Black Friday PS5 sont parfaits pour les fans de Fortnite et de NBA"}]},{"@type":"WebSite","@id":"https:\/\/vieassociative.be\/actualites\/#website","url":"https:\/\/vieassociative.be\/actualites\/","name":"Vie Associative","description":"","publisher":{"@id":"https:\/\/vieassociative.be\/actualites\/#organization"},"potentialAction":[{"@type":"SearchAction","target":{"@type":"EntryPoint","urlTemplate":"https:\/\/vieassociative.be\/actualites\/?s={search_term_string}"},"query-input":{"@type":"PropertyValueSpecification","valueRequired":true,"valueName":"search_term_string"}}],"inLanguage":"fr-BE"},{"@type":"Organization","@id":"https:\/\/vieassociative.be\/actualites\/#organization","name":"Vie Associative","url":"https:\/\/vieassociative.be\/actualites\/","logo":{"@type":"ImageObject","inLanguage":"fr-BE","@id":"https:\/\/vieassociative.be\/actualites\/#\/schema\/logo\/image\/","url":"https:\/\/vieassociative.be\/actualites\/wp-content\/uploads\/2024\/09\/cropped-vieassociative_favicon.ico.png","contentUrl":"https:\/\/vieassociative.be\/actualites\/wp-content\/uploads\/2024\/09\/cropped-vieassociative_favicon.ico.png","width":512,"height":512,"caption":"Vie Associative"},"image":{"@id":"https:\/\/vieassociative.be\/actualites\/#\/schema\/logo\/image\/"}},{"@type":"Person","@id":"https:\/\/vieassociative.be\/actualites\/#\/schema\/person\/b87ac4f82f9d4e7b7cec7395b679edc4","name":"Julien","image":{"@type":"ImageObject","inLanguage":"fr-BE","@id":"https:\/\/vieassociative.be\/actualites\/#\/schema\/person\/image\/","url":"https:\/\/vieassociative.be\/actualites\/wp-content\/uploads\/2024\/09\/vie-associative-1-150x150.jpg","contentUrl":"https:\/\/vieassociative.be\/actualites\/wp-content\/uploads\/2024\/09\/vie-associative-1-150x150.jpg","caption":"Julien"},"description":"Je suis Julien, r\u00e9dacteur pour Vie Associative. Passionn\u00e9 par le monde associatif depuis plus de 10 ans, j'ai \u00e0 c\u0153ur de partager des histoires inspirantes et de mettre en lumi\u00e8re les initiatives locales. Mon objectif est de sensibiliser et d'encourager l'engagement communautaire \u00e0 travers mes articles.","sameAs":["https:\/\/vieassociative.be\/"]}]}},"_links":{"self":[{"href":"https:\/\/vieassociative.be\/actualites\/wp-json\/wp\/v2\/posts\/2888"}],"collection":[{"href":"https:\/\/vieassociative.be\/actualites\/wp-json\/wp\/v2\/posts"}],"about":[{"href":"https:\/\/vieassociative.be\/actualites\/wp-json\/wp\/v2\/types\/post"}],"author":[{"embeddable":true,"href":"https:\/\/vieassociative.be\/actualites\/wp-json\/wp\/v2\/users\/1"}],"replies":[{"embeddable":true,"href":"https:\/\/vieassociative.be\/actualites\/wp-json\/wp\/v2\/comments?post=2888"}],"version-history":[{"count":0,"href":"https:\/\/vieassociative.be\/actualites\/wp-json\/wp\/v2\/posts\/2888\/revisions"}],"wp:featuredmedia":[{"embeddable":true,"href":"https:\/\/vieassociative.be\/actualites\/wp-json\/wp\/v2\/media\/2889"}],"wp:attachment":[{"href":"https:\/\/vieassociative.be\/actualites\/wp-json\/wp\/v2\/media?parent=2888"}],"wp:term":[{"taxonomy":"category","embeddable":true,"href":"https:\/\/vieassociative.be\/actualites\/wp-json\/wp\/v2\/categories?post=2888"},{"taxonomy":"post_tag","embeddable":true,"href":"https:\/\/vieassociative.be\/actualites\/wp-json\/wp\/v2\/tags?post=2888"}],"curies":[{"name":"wp","href":"https:\/\/api.w.org\/{rel}","templated":true}]}}