{"id":2886,"date":"2024-11-29T12:18:20","date_gmt":"2024-11-29T11:18:20","guid":{"rendered":"https:\/\/vieassociative.be\/actualites\/la-difference-entre-un-chien-de-garde-et-un-chien-de-garde\/"},"modified":"2024-11-29T12:18:20","modified_gmt":"2024-11-29T11:18:20","slug":"la-difference-entre-un-chien-de-garde-et-un-chien-de-garde","status":"publish","type":"post","link":"https:\/\/vieassociative.be\/actualites\/la-difference-entre-un-chien-de-garde-et-un-chien-de-garde\/","title":{"rendered":"La diff\u00e9rence entre un chien de garde et un chien de garde"},"content":{"rendered":"<div class=\"mt-4 leading-6 md:mb-8\">De plus, certaines des races sont pr\u00eates \u00e0 occuper l\u2019un ou l\u2019autre emploi.<\/div>\n<p><\/p>\n<p>En plus de fournir de la compagnie, (certains) chiens sont \u00e9galement des travailleurs acharn\u00e9s. Par exemple, certaines races sont excellentes pour garder des moutons ou des bovins, tandis que d\u2019autres utilisent leur odorat accru pour d\u00e9tecter les m\u00e9dicaments ou les maladies. <\/p>\n<p>Et de nombreux chiens, qu&rsquo;ils soient dress\u00e9s pour le faire ou non, agissent comme des sonnettes \u00e0 quatre pattes, alertant leurs humains s&rsquo;ils sentent que quelque chose ne va pas dans ou autour de leur maison. (Ou que le facteur a eu l&rsquo;audace de livrer \u00e0 nouveau le courrier, apr\u00e8s l&rsquo;avoir fait fuir la veille.)<\/p>\n<p>Ces chiens sont soit des chiens de garde, soit des chiens de garde \u2013 et oui, il y a une diff\u00e9rence entre les deux. Voici ce qu&rsquo;il faut savoir.<\/p>\n<h2 id=\"the-difference-between-a-guard-dog-and-a-watch-dog\">La diff\u00e9rence entre un chien de garde et un chien de garde<\/h2>\n<p>Si vous souhaitez ajouter un chien \u00e0 votre foyer et que vous en voulez un qui rende votre maison un peu plus s\u00e9curis\u00e9e, vous envisagez peut-\u00eatre un chien de garde ou un chien de garde. Voici la diff\u00e9rence entre les deux\u00a0:<\/p>\n<h3>Chiens de garde<\/h3>\n<ul>\n<li>\n<p>Aboyer comme alerte<\/p>\n<\/li>\n<li>\n<p>Aboyer, grogner et afficher d\u2019autres comportements intimidants \u00e0 titre dissuasif, tout en tenant bon<\/p>\n<\/li>\n<li>\n<p>\u00c9galement capable d&rsquo;agir comme le garde du corps de leur propri\u00e9taire<\/p>\n<\/li>\n<li>\n<p>Suivre une formation sp\u00e9cifique<\/p>\n<\/li>\n<\/ul>\n<h3>Chiens de garde<\/h3>\n<ul>\n<li>\n<p>Un travail\u00a0:\u00a0alerter son propri\u00e9taire s&rsquo;il d\u00e9tecte quelque chose d&rsquo;inhabituel<\/p>\n<\/li>\n<li>\n<p>La taille du chien n&rsquo;a pas d&rsquo;importance<\/p>\n<\/li>\n<li>\n<p>La capacit\u00e9 d\u2019aboyer fort aide<\/p>\n<\/li>\n<\/ul>\n<h2 id=\"what-are-attack-dogs\">Que sont les chiens d&rsquo;attaque ?<\/h2>\n<p>Il est important de noter que les chiens de garde et les chiens de garde ne sont pas des chiens d\u2019attaque. Les chiens d&rsquo;attaque sont dress\u00e9s non seulement pour alerter leurs propri\u00e9taires d&rsquo;un danger potentiel, mais ils sont \u00e9galement dress\u00e9s pour agir, soit sur commande, soit lorsqu&rsquo;une personne qu&rsquo;ils per\u00e7oivent comme un intrus entre dans la propri\u00e9t\u00e9. <\/p>\n<p>Et, comme le souligne le Davis Law Group, lorsque les chiens d&rsquo;attaque ne sont pas correctement entra\u00een\u00e9s ou utilis\u00e9s pour attaquer pour des raisons autres que la protection, ils sont capables d&rsquo;infliger de graves dommages. Pour cette raison, certaines autorit\u00e9s \u00e9tatiques et locales ont des interdictions ou des r\u00e9glementations sur certaines races.<\/p>\n<h2 id=\"the-breeds-that-make-the-best-guard-dogs-and-watch-dogs\">Les races qui font les meilleurs chiens de garde et chiens de garde<\/h2>\n<p>Certaines races de chiens sont mieux adapt\u00e9es aux t\u00e2ches de garde et de surveillance. Voici quelques-uns des meilleurs pour chaque travail\u00a0:<\/p>\n<h3>Chiens de garde :<\/h3>\n<ul>\n<li>\n<p>Doberman<\/p>\n<\/li>\n<li>\n<p>Bouledogue<\/p>\n<\/li>\n<li>\n<p>Bouvier<\/p>\n<\/li>\n<li>\n<p>chien de berger belge<\/p>\n<\/li>\n<li>\n<p>Colley<\/p>\n<\/li>\n<li>\n<p>chien de montagne suisse<\/p>\n<\/li>\n<li>\n<p>Bullmastiff<\/p>\n<\/li>\n<li>\n<p>Rottweiler<\/p>\n<\/li>\n<li>\n<p>Komondor<\/p>\n<\/li>\n<li>\n<p>Puli<\/p>\n<\/li>\n<li>\n<p>Schnauzer g\u00e9ant<\/p>\n<\/li>\n<li>\n<p>berger allemand<\/p>\n<\/li>\n<li>\n<p>Ridgeback rhod\u00e9sien<\/p>\n<\/li>\n<li>\n<p>Kuvasz<\/p>\n<\/li>\n<li>\n<p>Staffordshire terrier<\/p>\n<\/li>\n<\/ul>\n<h3>Chiens de garde<\/h3>\n<ul>\n<li>\n<p>Chihuahua<\/p>\n<\/li>\n<li>\n<p>Caniche<\/p>\n<\/li>\n<li>\n<p>Braque de Weimar<\/p>\n<\/li>\n<li>\n<p>Teckel<\/p>\n<\/li>\n<li>\n<p>Shi tzu<\/p>\n<\/li>\n<li>\n<p>Rottweiler<\/p>\n<\/li>\n<li>\n<p>berger allemand<\/p>\n<\/li>\n<li>\n<p>Terrier \u00e9cossais<\/p>\n<\/li>\n<li>\n<p>Terrier blanc des Highlands de l&rsquo;Ouest<\/p>\n<\/li>\n<li>\n<p>Schnauzer nain<\/p>\n<\/li>\n<li>\n<p>Yorkshire-terrier<\/p>\n<\/li>\n<li>\n<p>Terrier des Cairns<\/p>\n<\/li>\n<li>\n<p>Airedale terrier<\/p>\n<\/li>\n<\/ul>\n","protected":false},"excerpt":{"rendered":"<p>De plus, certaines des races sont pr\u00eates \u00e0 occuper l\u2019un ou l\u2019autre emploi. En plus de fournir de la compagnie, (certains) chiens sont \u00e9galement des<\/p>\n","protected":false},"author":1,"featured_media":2887,"comment_status":"","ping_status":"","sticky":false,"template":"","format":"standard","meta":{"footnotes":""},"categories":[37],"tags":[91,111,70,903],"class_list":["post-2886","post","type-post","status-publish","format-standard","has-post-thumbnail","hentry","category-famille","tag-chien","tag-difference","tag-entre","tag-garde","generate-columns","tablet-grid-50","mobile-grid-100","grid-parent","grid-33"],"yoast_head":"<!-- This site is optimized with the Yoast SEO plugin v24.0 - https:\/\/yoast.com\/wordpress\/plugins\/seo\/ -->\n<title>La diff\u00e9rence entre un chien de garde et un chien de garde | Vie Associative<\/title>\n<meta name=\"robots\" content=\"index, follow, max-snippet:-1, max-image-preview:large, max-video-preview:-1\" \/>\n<link rel=\"canonical\" href=\"https:\/\/vieassociative.be\/actualites\/la-difference-entre-un-chien-de-garde-et-un-chien-de-garde\/\" \/>\n<meta property=\"og:locale\" content=\"fr_FR\" \/>\n<meta property=\"og:type\" content=\"article\" \/>\n<meta property=\"og:title\" content=\"La diff\u00e9rence entre un chien de garde et un chien de garde | Vie Associative\" \/>\n<meta property=\"og:description\" content=\"De plus, certaines des races sont pr\u00eates \u00e0 occuper l\u2019un ou l\u2019autre emploi. En plus de fournir de la compagnie, (certains) chiens sont \u00e9galement des\" \/>\n<meta property=\"og:url\" content=\"https:\/\/vieassociative.be\/actualites\/la-difference-entre-un-chien-de-garde-et-un-chien-de-garde\/\" \/>\n<meta property=\"og:site_name\" content=\"Vie Associative\" \/>\n<meta property=\"article:published_time\" content=\"2024-11-29T11:18:20+00:00\" \/>\n<meta property=\"og:image\" content=\"https:\/\/vieassociative.be\/actualites\/wp-content\/uploads\/2024\/09\/header_backgroundk-01-e1726694325946.png\" \/>\n\t<meta property=\"og:image:width\" content=\"279\" \/>\n\t<meta property=\"og:image:height\" content=\"92\" \/>\n\t<meta property=\"og:image:type\" content=\"image\/png\" \/>\n<meta name=\"author\" content=\"Julien\" \/>\n<meta name=\"twitter:card\" content=\"summary_large_image\" \/>\n<meta name=\"twitter:label1\" content=\"\u00c9crit par\" \/>\n\t<meta name=\"twitter:data1\" content=\"Julien\" \/>\n\t<meta name=\"twitter:label2\" content=\"Dur\u00e9e de lecture est.\" \/>\n\t<meta name=\"twitter:data2\" content=\"2 minutes\" \/>\n<script type=\"application\/ld+json\" class=\"yoast-schema-graph\">{\"@context\":\"https:\/\/schema.org\",\"@graph\":[{\"@type\":\"Article\",\"@id\":\"https:\/\/vieassociative.be\/actualites\/la-difference-entre-un-chien-de-garde-et-un-chien-de-garde\/#article\",\"isPartOf\":{\"@id\":\"https:\/\/vieassociative.be\/actualites\/la-difference-entre-un-chien-de-garde-et-un-chien-de-garde\/\"},\"author\":{\"name\":\"Julien\",\"@id\":\"https:\/\/vieassociative.be\/actualites\/#\/schema\/person\/b87ac4f82f9d4e7b7cec7395b679edc4\"},\"headline\":\"La diff\u00e9rence entre un chien de garde et un chien de garde\",\"datePublished\":\"2024-11-29T11:18:20+00:00\",\"dateModified\":\"2024-11-29T11:18:20+00:00\",\"mainEntityOfPage\":{\"@id\":\"https:\/\/vieassociative.be\/actualites\/la-difference-entre-un-chien-de-garde-et-un-chien-de-garde\/\"},\"wordCount\":518,\"publisher\":{\"@id\":\"https:\/\/vieassociative.be\/actualites\/#organization\"},\"image\":{\"@id\":\"https:\/\/vieassociative.be\/actualites\/la-difference-entre-un-chien-de-garde-et-un-chien-de-garde\/#primaryimage\"},\"thumbnailUrl\":\"https:\/\/vieassociative.be\/actualites\/wp-content\/uploads\/2024\/11\/La-difference-entre-un-chien-de-garde-et-un-chien.jpg\",\"keywords\":[\"chien\",\"diff\u00e9rence\",\"entre\",\"garde\"],\"articleSection\":[\"Famille\"],\"inLanguage\":\"fr-BE\"},{\"@type\":\"WebPage\",\"@id\":\"https:\/\/vieassociative.be\/actualites\/la-difference-entre-un-chien-de-garde-et-un-chien-de-garde\/\",\"url\":\"https:\/\/vieassociative.be\/actualites\/la-difference-entre-un-chien-de-garde-et-un-chien-de-garde\/\",\"name\":\"La diff\u00e9rence entre un chien de garde et un chien de garde | Vie Associative\",\"isPartOf\":{\"@id\":\"https:\/\/vieassociative.be\/actualites\/#website\"},\"primaryImageOfPage\":{\"@id\":\"https:\/\/vieassociative.be\/actualites\/la-difference-entre-un-chien-de-garde-et-un-chien-de-garde\/#primaryimage\"},\"image\":{\"@id\":\"https:\/\/vieassociative.be\/actualites\/la-difference-entre-un-chien-de-garde-et-un-chien-de-garde\/#primaryimage\"},\"thumbnailUrl\":\"https:\/\/vieassociative.be\/actualites\/wp-content\/uploads\/2024\/11\/La-difference-entre-un-chien-de-garde-et-un-chien.jpg\",\"datePublished\":\"2024-11-29T11:18:20+00:00\",\"dateModified\":\"2024-11-29T11:18:20+00:00\",\"breadcrumb\":{\"@id\":\"https:\/\/vieassociative.be\/actualites\/la-difference-entre-un-chien-de-garde-et-un-chien-de-garde\/#breadcrumb\"},\"inLanguage\":\"fr-BE\",\"potentialAction\":[{\"@type\":\"ReadAction\",\"target\":[\"https:\/\/vieassociative.be\/actualites\/la-difference-entre-un-chien-de-garde-et-un-chien-de-garde\/\"]}]},{\"@type\":\"ImageObject\",\"inLanguage\":\"fr-BE\",\"@id\":\"https:\/\/vieassociative.be\/actualites\/la-difference-entre-un-chien-de-garde-et-un-chien-de-garde\/#primaryimage\",\"url\":\"https:\/\/vieassociative.be\/actualites\/wp-content\/uploads\/2024\/11\/La-difference-entre-un-chien-de-garde-et-un-chien.jpg\",\"contentUrl\":\"https:\/\/vieassociative.be\/actualites\/wp-content\/uploads\/2024\/11\/La-difference-entre-un-chien-de-garde-et-un-chien.jpg\",\"width\":1200,\"height\":675,\"caption\":\"La diff\u00e9rence entre un chien de garde et un chien de garde\"},{\"@type\":\"BreadcrumbList\",\"@id\":\"https:\/\/vieassociative.be\/actualites\/la-difference-entre-un-chien-de-garde-et-un-chien-de-garde\/#breadcrumb\",\"itemListElement\":[{\"@type\":\"ListItem\",\"position\":1,\"name\":\"Accueil\",\"item\":\"https:\/\/vieassociative.be\/actualites\/\"},{\"@type\":\"ListItem\",\"position\":2,\"name\":\"La diff\u00e9rence entre un chien de garde et un chien de garde\"}]},{\"@type\":\"WebSite\",\"@id\":\"https:\/\/vieassociative.be\/actualites\/#website\",\"url\":\"https:\/\/vieassociative.be\/actualites\/\",\"name\":\"Vie Associative\",\"description\":\"\",\"publisher\":{\"@id\":\"https:\/\/vieassociative.be\/actualites\/#organization\"},\"potentialAction\":[{\"@type\":\"SearchAction\",\"target\":{\"@type\":\"EntryPoint\",\"urlTemplate\":\"https:\/\/vieassociative.be\/actualites\/?s={search_term_string}\"},\"query-input\":{\"@type\":\"PropertyValueSpecification\",\"valueRequired\":true,\"valueName\":\"search_term_string\"}}],\"inLanguage\":\"fr-BE\"},{\"@type\":\"Organization\",\"@id\":\"https:\/\/vieassociative.be\/actualites\/#organization\",\"name\":\"Vie Associative\",\"url\":\"https:\/\/vieassociative.be\/actualites\/\",\"logo\":{\"@type\":\"ImageObject\",\"inLanguage\":\"fr-BE\",\"@id\":\"https:\/\/vieassociative.be\/actualites\/#\/schema\/logo\/image\/\",\"url\":\"https:\/\/vieassociative.be\/actualites\/wp-content\/uploads\/2024\/09\/cropped-vieassociative_favicon.ico.png\",\"contentUrl\":\"https:\/\/vieassociative.be\/actualites\/wp-content\/uploads\/2024\/09\/cropped-vieassociative_favicon.ico.png\",\"width\":512,\"height\":512,\"caption\":\"Vie Associative\"},\"image\":{\"@id\":\"https:\/\/vieassociative.be\/actualites\/#\/schema\/logo\/image\/\"}},{\"@type\":\"Person\",\"@id\":\"https:\/\/vieassociative.be\/actualites\/#\/schema\/person\/b87ac4f82f9d4e7b7cec7395b679edc4\",\"name\":\"Julien\",\"image\":{\"@type\":\"ImageObject\",\"inLanguage\":\"fr-BE\",\"@id\":\"https:\/\/vieassociative.be\/actualites\/#\/schema\/person\/image\/\",\"url\":\"https:\/\/vieassociative.be\/actualites\/wp-content\/uploads\/2024\/09\/vie-associative-1-150x150.jpg\",\"contentUrl\":\"https:\/\/vieassociative.be\/actualites\/wp-content\/uploads\/2024\/09\/vie-associative-1-150x150.jpg\",\"caption\":\"Julien\"},\"description\":\"Je suis Julien, r\u00e9dacteur pour Vie Associative. Passionn\u00e9 par le monde associatif depuis plus de 10 ans, j'ai \u00e0 c\u0153ur de partager des histoires inspirantes et de mettre en lumi\u00e8re les initiatives locales. Mon objectif est de sensibiliser et d'encourager l'engagement communautaire \u00e0 travers mes articles.\",\"sameAs\":[\"https:\/\/vieassociative.be\/\"]}]}<\/script>\n<!-- \/ Yoast SEO plugin. -->","yoast_head_json":{"title":"La diff\u00e9rence entre un chien de garde et un chien de garde | Vie Associative","robots":{"index":"index","follow":"follow","max-snippet":"max-snippet:-1","max-image-preview":"max-image-preview:large","max-video-preview":"max-video-preview:-1"},"canonical":"https:\/\/vieassociative.be\/actualites\/la-difference-entre-un-chien-de-garde-et-un-chien-de-garde\/","og_locale":"fr_FR","og_type":"article","og_title":"La diff\u00e9rence entre un chien de garde et un chien de garde | Vie Associative","og_description":"De plus, certaines des races sont pr\u00eates \u00e0 occuper l\u2019un ou l\u2019autre emploi. En plus de fournir de la compagnie, (certains) chiens sont \u00e9galement des","og_url":"https:\/\/vieassociative.be\/actualites\/la-difference-entre-un-chien-de-garde-et-un-chien-de-garde\/","og_site_name":"Vie Associative","article_published_time":"2024-11-29T11:18:20+00:00","og_image":[{"width":279,"height":92,"url":"https:\/\/vieassociative.be\/actualites\/wp-content\/uploads\/2024\/09\/header_backgroundk-01-e1726694325946.png","type":"image\/png"}],"author":"Julien","twitter_card":"summary_large_image","twitter_misc":{"\u00c9crit par":"Julien","Dur\u00e9e de lecture est.":"2 minutes"},"schema":{"@context":"https:\/\/schema.org","@graph":[{"@type":"Article","@id":"https:\/\/vieassociative.be\/actualites\/la-difference-entre-un-chien-de-garde-et-un-chien-de-garde\/#article","isPartOf":{"@id":"https:\/\/vieassociative.be\/actualites\/la-difference-entre-un-chien-de-garde-et-un-chien-de-garde\/"},"author":{"name":"Julien","@id":"https:\/\/vieassociative.be\/actualites\/#\/schema\/person\/b87ac4f82f9d4e7b7cec7395b679edc4"},"headline":"La diff\u00e9rence entre un chien de garde et un chien de garde","datePublished":"2024-11-29T11:18:20+00:00","dateModified":"2024-11-29T11:18:20+00:00","mainEntityOfPage":{"@id":"https:\/\/vieassociative.be\/actualites\/la-difference-entre-un-chien-de-garde-et-un-chien-de-garde\/"},"wordCount":518,"publisher":{"@id":"https:\/\/vieassociative.be\/actualites\/#organization"},"image":{"@id":"https:\/\/vieassociative.be\/actualites\/la-difference-entre-un-chien-de-garde-et-un-chien-de-garde\/#primaryimage"},"thumbnailUrl":"https:\/\/vieassociative.be\/actualites\/wp-content\/uploads\/2024\/11\/La-difference-entre-un-chien-de-garde-et-un-chien.jpg","keywords":["chien","diff\u00e9rence","entre","garde"],"articleSection":["Famille"],"inLanguage":"fr-BE"},{"@type":"WebPage","@id":"https:\/\/vieassociative.be\/actualites\/la-difference-entre-un-chien-de-garde-et-un-chien-de-garde\/","url":"https:\/\/vieassociative.be\/actualites\/la-difference-entre-un-chien-de-garde-et-un-chien-de-garde\/","name":"La diff\u00e9rence entre un chien de garde et un chien de garde | Vie Associative","isPartOf":{"@id":"https:\/\/vieassociative.be\/actualites\/#website"},"primaryImageOfPage":{"@id":"https:\/\/vieassociative.be\/actualites\/la-difference-entre-un-chien-de-garde-et-un-chien-de-garde\/#primaryimage"},"image":{"@id":"https:\/\/vieassociative.be\/actualites\/la-difference-entre-un-chien-de-garde-et-un-chien-de-garde\/#primaryimage"},"thumbnailUrl":"https:\/\/vieassociative.be\/actualites\/wp-content\/uploads\/2024\/11\/La-difference-entre-un-chien-de-garde-et-un-chien.jpg","datePublished":"2024-11-29T11:18:20+00:00","dateModified":"2024-11-29T11:18:20+00:00","breadcrumb":{"@id":"https:\/\/vieassociative.be\/actualites\/la-difference-entre-un-chien-de-garde-et-un-chien-de-garde\/#breadcrumb"},"inLanguage":"fr-BE","potentialAction":[{"@type":"ReadAction","target":["https:\/\/vieassociative.be\/actualites\/la-difference-entre-un-chien-de-garde-et-un-chien-de-garde\/"]}]},{"@type":"ImageObject","inLanguage":"fr-BE","@id":"https:\/\/vieassociative.be\/actualites\/la-difference-entre-un-chien-de-garde-et-un-chien-de-garde\/#primaryimage","url":"https:\/\/vieassociative.be\/actualites\/wp-content\/uploads\/2024\/11\/La-difference-entre-un-chien-de-garde-et-un-chien.jpg","contentUrl":"https:\/\/vieassociative.be\/actualites\/wp-content\/uploads\/2024\/11\/La-difference-entre-un-chien-de-garde-et-un-chien.jpg","width":1200,"height":675,"caption":"La diff\u00e9rence entre un chien de garde et un chien de garde"},{"@type":"BreadcrumbList","@id":"https:\/\/vieassociative.be\/actualites\/la-difference-entre-un-chien-de-garde-et-un-chien-de-garde\/#breadcrumb","itemListElement":[{"@type":"ListItem","position":1,"name":"Accueil","item":"https:\/\/vieassociative.be\/actualites\/"},{"@type":"ListItem","position":2,"name":"La diff\u00e9rence entre un chien de garde et un chien de garde"}]},{"@type":"WebSite","@id":"https:\/\/vieassociative.be\/actualites\/#website","url":"https:\/\/vieassociative.be\/actualites\/","name":"Vie Associative","description":"","publisher":{"@id":"https:\/\/vieassociative.be\/actualites\/#organization"},"potentialAction":[{"@type":"SearchAction","target":{"@type":"EntryPoint","urlTemplate":"https:\/\/vieassociative.be\/actualites\/?s={search_term_string}"},"query-input":{"@type":"PropertyValueSpecification","valueRequired":true,"valueName":"search_term_string"}}],"inLanguage":"fr-BE"},{"@type":"Organization","@id":"https:\/\/vieassociative.be\/actualites\/#organization","name":"Vie Associative","url":"https:\/\/vieassociative.be\/actualites\/","logo":{"@type":"ImageObject","inLanguage":"fr-BE","@id":"https:\/\/vieassociative.be\/actualites\/#\/schema\/logo\/image\/","url":"https:\/\/vieassociative.be\/actualites\/wp-content\/uploads\/2024\/09\/cropped-vieassociative_favicon.ico.png","contentUrl":"https:\/\/vieassociative.be\/actualites\/wp-content\/uploads\/2024\/09\/cropped-vieassociative_favicon.ico.png","width":512,"height":512,"caption":"Vie Associative"},"image":{"@id":"https:\/\/vieassociative.be\/actualites\/#\/schema\/logo\/image\/"}},{"@type":"Person","@id":"https:\/\/vieassociative.be\/actualites\/#\/schema\/person\/b87ac4f82f9d4e7b7cec7395b679edc4","name":"Julien","image":{"@type":"ImageObject","inLanguage":"fr-BE","@id":"https:\/\/vieassociative.be\/actualites\/#\/schema\/person\/image\/","url":"https:\/\/vieassociative.be\/actualites\/wp-content\/uploads\/2024\/09\/vie-associative-1-150x150.jpg","contentUrl":"https:\/\/vieassociative.be\/actualites\/wp-content\/uploads\/2024\/09\/vie-associative-1-150x150.jpg","caption":"Julien"},"description":"Je suis Julien, r\u00e9dacteur pour Vie Associative. Passionn\u00e9 par le monde associatif depuis plus de 10 ans, j'ai \u00e0 c\u0153ur de partager des histoires inspirantes et de mettre en lumi\u00e8re les initiatives locales. Mon objectif est de sensibiliser et d'encourager l'engagement communautaire \u00e0 travers mes articles.","sameAs":["https:\/\/vieassociative.be\/"]}]}},"_links":{"self":[{"href":"https:\/\/vieassociative.be\/actualites\/wp-json\/wp\/v2\/posts\/2886"}],"collection":[{"href":"https:\/\/vieassociative.be\/actualites\/wp-json\/wp\/v2\/posts"}],"about":[{"href":"https:\/\/vieassociative.be\/actualites\/wp-json\/wp\/v2\/types\/post"}],"author":[{"embeddable":true,"href":"https:\/\/vieassociative.be\/actualites\/wp-json\/wp\/v2\/users\/1"}],"replies":[{"embeddable":true,"href":"https:\/\/vieassociative.be\/actualites\/wp-json\/wp\/v2\/comments?post=2886"}],"version-history":[{"count":0,"href":"https:\/\/vieassociative.be\/actualites\/wp-json\/wp\/v2\/posts\/2886\/revisions"}],"wp:featuredmedia":[{"embeddable":true,"href":"https:\/\/vieassociative.be\/actualites\/wp-json\/wp\/v2\/media\/2887"}],"wp:attachment":[{"href":"https:\/\/vieassociative.be\/actualites\/wp-json\/wp\/v2\/media?parent=2886"}],"wp:term":[{"taxonomy":"category","embeddable":true,"href":"https:\/\/vieassociative.be\/actualites\/wp-json\/wp\/v2\/categories?post=2886"},{"taxonomy":"post_tag","embeddable":true,"href":"https:\/\/vieassociative.be\/actualites\/wp-json\/wp\/v2\/tags?post=2886"}],"curies":[{"name":"wp","href":"https:\/\/api.w.org\/{rel}","templated":true}]}}