{"id":2883,"date":"2024-11-29T09:18:26","date_gmt":"2024-11-29T08:18:26","guid":{"rendered":"https:\/\/vieassociative.be\/actualites\/brf-presente-le-documentaire-apres-la-pluie-sur-les-inondations-catastrophiques-dans-la-vallee-de-la-weser-en-juillet-2021-video\/"},"modified":"2024-11-29T09:18:26","modified_gmt":"2024-11-29T08:18:26","slug":"brf-presente-le-documentaire-apres-la-pluie-sur-les-inondations-catastrophiques-dans-la-vallee-de-la-weser-en-juillet-2021-video","status":"publish","type":"post","link":"https:\/\/vieassociative.be\/actualites\/brf-presente-le-documentaire-apres-la-pluie-sur-les-inondations-catastrophiques-dans-la-vallee-de-la-weser-en-juillet-2021-video\/","title":{"rendered":"BRF pr\u00e9sente le documentaire \u00ab Apr\u00e8s la pluie \u00bb sur les inondations catastrophiques dans la vall\u00e9e de la Weser en juillet 2021 (VIDEO)"},"content":{"rendered":"<p><b>Le 5 d\u00e9cembre 2024 \u00e0 20 heures, la t\u00e9l\u00e9vision BRF diffusera le documentaire \u00ab Apr\u00e8s la pluie \u00bb sur les effets d\u00e9vastateurs des inondations catastrophiques dans la vall\u00e9e de la Weser. Le film est \u00e9galement \u00e0 voir dans la m\u00e9diath\u00e8que BRF sur brf.be et sur Auvio jusqu&rsquo;au 18 d\u00e9cembre.<\/b><\/p>\n<p><span id=\"more-402813\"><\/span>Les deux cin\u00e9astes vervi\u00e9tois Quentin Noirfalisse et J\u00e9r\u00e9my Parotte ont assist\u00e9 sous le choc \u00e0 la plus grande catastrophe environnementale jamais enregistr\u00e9e en Belgique et sur leur lieu de r\u00e9sidence en juillet 2021. Tr\u00e8s vite, ils ont sorti la cam\u00e9ra et ont suivi les protagonistes qui voulaient tirer les le\u00e7ons de la catastrophe apr\u00e8s la pluie incessante.<\/p>\n<p><strong>\u2013 Deux cin\u00e9astes vervi\u00e9tois :<\/strong> Ils racontent l&rsquo;histoire du d\u00e9luge. L&rsquo;histoire d&rsquo;une crise : Certains veulent enfin tirer un trait sur le d\u00e9luge trois ans apr\u00e8s le d\u00e9luge ; d\u2019autres veulent pr\u00e9parer leur environnement et leurs semblables \u00e0 la prochaine catastrophe climatique.<\/p>\n<div id=\"attachment_291644\" class=\"wp-caption alignleft\" style=\"max-width: 300px\"><img fetchpriority=\"high\" decoding=\"async\" class=\"wp-image-291644 size-medium\" src=\"https:\/\/vieassociative.be\/actualites\/wp-content\/uploads\/2024\/11\/BRF-presente-le-documentaire-Apres-la-pluie-sur.jpeg\" alt=\"\" width=\"300\" height=\"200\"><\/p>\n<p class=\"wp-caption-text\">16 juillet 2021, Belgique, Angleur : un homme dirige un bateau sur les eaux de crue d&rsquo;une rue apr\u00e8s de fortes pluies. Photo : Valentin Bianchi\/AP\/dpa<\/p>\n<\/div>\n<p>L&rsquo;inondation de juillet 2021 a laiss\u00e9 un chemin de destruction dans la vall\u00e9e de la Weser : 41 morts et la prise de conscience qu&rsquo;il faut non seulement reconstruire, mais aussi construire d\u00e9sormais de mani\u00e8re plus durable. Mais la reconstruction constitue un d\u00e9fi dans une r\u00e9gion \u00e9conomiquement frapp\u00e9e. Maria, Madeline, Paola, Audrey et d&rsquo;autres personnes concern\u00e9es embarquent le public dans cette aventure complexe et d\u00e9cisive.<\/p>\n<p>En laissant ces acteurs s&rsquo;exprimer sur place, les cin\u00e9astes regardent vers le pass\u00e9, mais aussi r\u00e9solument vers l&rsquo;avant. Am\u00e9nagement du territoire autour d&rsquo;une rivi\u00e8re \u00ab sauvage \u00bb, d\u00e9veloppement urbain de la vall\u00e9e de la Weser, pauvret\u00e9 des quartiers les plus vuln\u00e9rables de Verviers : toutes ces questions se posent pour que la catastrophe ne se reproduise pas.<\/p>\n<p><strong>\u2013 Le 5 d\u00e9cembre sur la t\u00e9l\u00e9vision BRF :<\/strong> La t\u00e9l\u00e9vision BRF diffuse le documentaire en version originale fran\u00e7aise sous-titr\u00e9e en allemand. \u00ab Apr\u00e8s la pluie \u00bb est \u00e0 voir le 5 d\u00e9cembre \u00e0 20 heures sur la t\u00e9l\u00e9vision BRF (t\u00e9l\u00e9vision num\u00e9rique par c\u00e2ble et TNT) et jusqu&rsquo;au 18 d\u00e9cembre dans la m\u00e9diath\u00e8que BRF sur brf.be et sur Auvio.<\/p>\n<p><em><strong>Voici la bande annonce du documentaire \u00ab Apr\u00e8s La pluie \u00bb :<\/strong><\/em><\/p>\n<div class=\"responsive-embed widescreen\">\n<div class=\"rll-youtube-player\" data-src=\"https:\/\/www.youtube.com\/embed\/kziq_Edc6us\" data-id=\"kziq_Edc6us\" data-query=\"feature=oembed\" data-alt=\"Apr\u00e8s la pluie - Bande-annonce\"><\/div>\n<p><noscript><iframe title=\"Apr\u00e8s la pluie - Bande-annonce\" width=\"1200\" height=\"675\" src=\"https:\/\/www.youtube.com\/embed\/kziq_Edc6us?feature=oembed\" frameborder=\"0\" allow=\"accelerometer; autoplay; clipboard-write; encrypted-media; gyroscope; picture-in-picture; web-share\" referrerpolicy=\"strict-origin-when-cross-origin\" allowfullscreen><\/iframe><\/noscript><\/div>\n","protected":false},"excerpt":{"rendered":"<p>Le 5 d\u00e9cembre 2024 \u00e0 20 heures, la t\u00e9l\u00e9vision BRF diffusera le documentaire \u00ab Apr\u00e8s la pluie \u00bb sur les effets d\u00e9vastateurs des inondations catastrophiques<\/p>\n","protected":false},"author":1,"featured_media":2884,"comment_status":"","ping_status":"","sticky":false,"template":"","format":"standard","meta":{"footnotes":""},"categories":[298],"tags":[472,3600,3603,166,3601,3602,3153,14,3161,2790,33,3604,1204,3130],"class_list":["post-2883","post","type-post","status-publish","format-standard","has-post-thumbnail","hentry","category-belgique","tag-apres","tag-brf","tag-catastrophiques","tag-dans","tag-documentaire","tag-inondations","tag-juillet","tag-les","tag-pluie","tag-presente","tag-sur","tag-vallee","tag-video","tag-weser","generate-columns","tablet-grid-50","mobile-grid-100","grid-parent","grid-33"],"yoast_head":"<!-- This site is optimized with the Yoast SEO plugin v24.0 - https:\/\/yoast.com\/wordpress\/plugins\/seo\/ -->\n<title>BRF pr\u00e9sente le documentaire \u00ab Apr\u00e8s la pluie \u00bb sur les inondations catastrophiques dans la vall\u00e9e de la Weser en juillet 2021 (VIDEO) | Vie Associative<\/title>\n<meta name=\"robots\" content=\"index, follow, max-snippet:-1, max-image-preview:large, max-video-preview:-1\" \/>\n<link rel=\"canonical\" href=\"https:\/\/vieassociative.be\/actualites\/brf-presente-le-documentaire-apres-la-pluie-sur-les-inondations-catastrophiques-dans-la-vallee-de-la-weser-en-juillet-2021-video\/\" \/>\n<meta property=\"og:locale\" content=\"fr_FR\" \/>\n<meta property=\"og:type\" content=\"article\" \/>\n<meta property=\"og:title\" content=\"BRF pr\u00e9sente le documentaire \u00ab Apr\u00e8s la pluie \u00bb sur les inondations catastrophiques dans la vall\u00e9e de la Weser en juillet 2021 (VIDEO) | Vie Associative\" \/>\n<meta property=\"og:description\" content=\"Le 5 d\u00e9cembre 2024 \u00e0 20 heures, la t\u00e9l\u00e9vision BRF diffusera le documentaire \u00ab Apr\u00e8s la pluie \u00bb sur les effets d\u00e9vastateurs des inondations catastrophiques\" \/>\n<meta property=\"og:url\" content=\"https:\/\/vieassociative.be\/actualites\/brf-presente-le-documentaire-apres-la-pluie-sur-les-inondations-catastrophiques-dans-la-vallee-de-la-weser-en-juillet-2021-video\/\" \/>\n<meta property=\"og:site_name\" content=\"Vie Associative\" \/>\n<meta property=\"article:published_time\" content=\"2024-11-29T08:18:26+00:00\" \/>\n<meta property=\"og:image\" content=\"https:\/\/vieassociative.be\/actualites\/wp-content\/uploads\/2024\/11\/BRF-presente-le-documentaire-Apres-la-pluie-sur.jpeg\" \/>\n<meta name=\"author\" content=\"Julien\" \/>\n<meta name=\"twitter:card\" content=\"summary_large_image\" \/>\n<meta name=\"twitter:label1\" content=\"\u00c9crit par\" \/>\n\t<meta name=\"twitter:data1\" content=\"Julien\" \/>\n\t<meta name=\"twitter:label2\" content=\"Dur\u00e9e de lecture est.\" \/>\n\t<meta name=\"twitter:data2\" content=\"2 minutes\" \/>\n<script type=\"application\/ld+json\" class=\"yoast-schema-graph\">{\"@context\":\"https:\/\/schema.org\",\"@graph\":[{\"@type\":\"Article\",\"@id\":\"https:\/\/vieassociative.be\/actualites\/brf-presente-le-documentaire-apres-la-pluie-sur-les-inondations-catastrophiques-dans-la-vallee-de-la-weser-en-juillet-2021-video\/#article\",\"isPartOf\":{\"@id\":\"https:\/\/vieassociative.be\/actualites\/brf-presente-le-documentaire-apres-la-pluie-sur-les-inondations-catastrophiques-dans-la-vallee-de-la-weser-en-juillet-2021-video\/\"},\"author\":{\"name\":\"Julien\",\"@id\":\"https:\/\/vieassociative.be\/actualites\/#\/schema\/person\/b87ac4f82f9d4e7b7cec7395b679edc4\"},\"headline\":\"BRF pr\u00e9sente le documentaire \u00ab Apr\u00e8s la pluie \u00bb sur les inondations catastrophiques dans la vall\u00e9e de la Weser en juillet 2021 (VIDEO)\",\"datePublished\":\"2024-11-29T08:18:26+00:00\",\"dateModified\":\"2024-11-29T08:18:26+00:00\",\"mainEntityOfPage\":{\"@id\":\"https:\/\/vieassociative.be\/actualites\/brf-presente-le-documentaire-apres-la-pluie-sur-les-inondations-catastrophiques-dans-la-vallee-de-la-weser-en-juillet-2021-video\/\"},\"wordCount\":441,\"publisher\":{\"@id\":\"https:\/\/vieassociative.be\/actualites\/#organization\"},\"image\":{\"@id\":\"https:\/\/vieassociative.be\/actualites\/brf-presente-le-documentaire-apres-la-pluie-sur-les-inondations-catastrophiques-dans-la-vallee-de-la-weser-en-juillet-2021-video\/#primaryimage\"},\"thumbnailUrl\":\"https:\/\/vieassociative.be\/actualites\/wp-content\/uploads\/2024\/11\/BRF-presente-le-documentaire-Apres-la-pluie-sur.jpg\",\"keywords\":[\"Apr\u00e8s\",\"BRF\",\"catastrophiques\",\"dans\",\"documentaire\",\"inondations\",\"juillet\",\"Les\",\"pluie\",\"pr\u00e9sente\",\"sur\",\"vall\u00e9e\",\"vid\u00e9o\",\"Weser\"],\"articleSection\":[\"Belgique\"],\"inLanguage\":\"fr-BE\"},{\"@type\":\"WebPage\",\"@id\":\"https:\/\/vieassociative.be\/actualites\/brf-presente-le-documentaire-apres-la-pluie-sur-les-inondations-catastrophiques-dans-la-vallee-de-la-weser-en-juillet-2021-video\/\",\"url\":\"https:\/\/vieassociative.be\/actualites\/brf-presente-le-documentaire-apres-la-pluie-sur-les-inondations-catastrophiques-dans-la-vallee-de-la-weser-en-juillet-2021-video\/\",\"name\":\"BRF pr\u00e9sente le documentaire \u00ab Apr\u00e8s la pluie \u00bb sur les inondations catastrophiques dans la vall\u00e9e de la Weser en juillet 2021 (VIDEO) | Vie Associative\",\"isPartOf\":{\"@id\":\"https:\/\/vieassociative.be\/actualites\/#website\"},\"primaryImageOfPage\":{\"@id\":\"https:\/\/vieassociative.be\/actualites\/brf-presente-le-documentaire-apres-la-pluie-sur-les-inondations-catastrophiques-dans-la-vallee-de-la-weser-en-juillet-2021-video\/#primaryimage\"},\"image\":{\"@id\":\"https:\/\/vieassociative.be\/actualites\/brf-presente-le-documentaire-apres-la-pluie-sur-les-inondations-catastrophiques-dans-la-vallee-de-la-weser-en-juillet-2021-video\/#primaryimage\"},\"thumbnailUrl\":\"https:\/\/vieassociative.be\/actualites\/wp-content\/uploads\/2024\/11\/BRF-presente-le-documentaire-Apres-la-pluie-sur.jpg\",\"datePublished\":\"2024-11-29T08:18:26+00:00\",\"dateModified\":\"2024-11-29T08:18:26+00:00\",\"breadcrumb\":{\"@id\":\"https:\/\/vieassociative.be\/actualites\/brf-presente-le-documentaire-apres-la-pluie-sur-les-inondations-catastrophiques-dans-la-vallee-de-la-weser-en-juillet-2021-video\/#breadcrumb\"},\"inLanguage\":\"fr-BE\",\"potentialAction\":[{\"@type\":\"ReadAction\",\"target\":[\"https:\/\/vieassociative.be\/actualites\/brf-presente-le-documentaire-apres-la-pluie-sur-les-inondations-catastrophiques-dans-la-vallee-de-la-weser-en-juillet-2021-video\/\"]}]},{\"@type\":\"ImageObject\",\"inLanguage\":\"fr-BE\",\"@id\":\"https:\/\/vieassociative.be\/actualites\/brf-presente-le-documentaire-apres-la-pluie-sur-les-inondations-catastrophiques-dans-la-vallee-de-la-weser-en-juillet-2021-video\/#primaryimage\",\"url\":\"https:\/\/vieassociative.be\/actualites\/wp-content\/uploads\/2024\/11\/BRF-presente-le-documentaire-Apres-la-pluie-sur.jpg\",\"contentUrl\":\"https:\/\/vieassociative.be\/actualites\/wp-content\/uploads\/2024\/11\/BRF-presente-le-documentaire-Apres-la-pluie-sur.jpg\",\"width\":1200,\"height\":447,\"caption\":\"BRF pr\u00e9sente le documentaire \u00ab Apr\u00e8s la pluie \u00bb sur les inondations catastrophiques dans la vall\u00e9e de la Weser en juillet 2021 (VIDEO)\"},{\"@type\":\"BreadcrumbList\",\"@id\":\"https:\/\/vieassociative.be\/actualites\/brf-presente-le-documentaire-apres-la-pluie-sur-les-inondations-catastrophiques-dans-la-vallee-de-la-weser-en-juillet-2021-video\/#breadcrumb\",\"itemListElement\":[{\"@type\":\"ListItem\",\"position\":1,\"name\":\"Accueil\",\"item\":\"https:\/\/vieassociative.be\/actualites\/\"},{\"@type\":\"ListItem\",\"position\":2,\"name\":\"BRF pr\u00e9sente le documentaire \u00ab Apr\u00e8s la pluie \u00bb sur les inondations catastrophiques dans la vall\u00e9e de la Weser en juillet 2021 (VIDEO)\"}]},{\"@type\":\"WebSite\",\"@id\":\"https:\/\/vieassociative.be\/actualites\/#website\",\"url\":\"https:\/\/vieassociative.be\/actualites\/\",\"name\":\"Vie Associative\",\"description\":\"\",\"publisher\":{\"@id\":\"https:\/\/vieassociative.be\/actualites\/#organization\"},\"potentialAction\":[{\"@type\":\"SearchAction\",\"target\":{\"@type\":\"EntryPoint\",\"urlTemplate\":\"https:\/\/vieassociative.be\/actualites\/?s={search_term_string}\"},\"query-input\":{\"@type\":\"PropertyValueSpecification\",\"valueRequired\":true,\"valueName\":\"search_term_string\"}}],\"inLanguage\":\"fr-BE\"},{\"@type\":\"Organization\",\"@id\":\"https:\/\/vieassociative.be\/actualites\/#organization\",\"name\":\"Vie Associative\",\"url\":\"https:\/\/vieassociative.be\/actualites\/\",\"logo\":{\"@type\":\"ImageObject\",\"inLanguage\":\"fr-BE\",\"@id\":\"https:\/\/vieassociative.be\/actualites\/#\/schema\/logo\/image\/\",\"url\":\"https:\/\/vieassociative.be\/actualites\/wp-content\/uploads\/2024\/09\/cropped-vieassociative_favicon.ico.png\",\"contentUrl\":\"https:\/\/vieassociative.be\/actualites\/wp-content\/uploads\/2024\/09\/cropped-vieassociative_favicon.ico.png\",\"width\":512,\"height\":512,\"caption\":\"Vie Associative\"},\"image\":{\"@id\":\"https:\/\/vieassociative.be\/actualites\/#\/schema\/logo\/image\/\"}},{\"@type\":\"Person\",\"@id\":\"https:\/\/vieassociative.be\/actualites\/#\/schema\/person\/b87ac4f82f9d4e7b7cec7395b679edc4\",\"name\":\"Julien\",\"image\":{\"@type\":\"ImageObject\",\"inLanguage\":\"fr-BE\",\"@id\":\"https:\/\/vieassociative.be\/actualites\/#\/schema\/person\/image\/\",\"url\":\"https:\/\/vieassociative.be\/actualites\/wp-content\/uploads\/2024\/09\/vie-associative-1-150x150.jpg\",\"contentUrl\":\"https:\/\/vieassociative.be\/actualites\/wp-content\/uploads\/2024\/09\/vie-associative-1-150x150.jpg\",\"caption\":\"Julien\"},\"description\":\"Je suis Julien, r\u00e9dacteur pour Vie Associative. Passionn\u00e9 par le monde associatif depuis plus de 10 ans, j'ai \u00e0 c\u0153ur de partager des histoires inspirantes et de mettre en lumi\u00e8re les initiatives locales. Mon objectif est de sensibiliser et d'encourager l'engagement communautaire \u00e0 travers mes articles.\",\"sameAs\":[\"https:\/\/vieassociative.be\/\"]}]}<\/script>\n<!-- \/ Yoast SEO plugin. -->","yoast_head_json":{"title":"BRF pr\u00e9sente le documentaire \u00ab Apr\u00e8s la pluie \u00bb sur les inondations catastrophiques dans la vall\u00e9e de la Weser en juillet 2021 (VIDEO) | Vie Associative","robots":{"index":"index","follow":"follow","max-snippet":"max-snippet:-1","max-image-preview":"max-image-preview:large","max-video-preview":"max-video-preview:-1"},"canonical":"https:\/\/vieassociative.be\/actualites\/brf-presente-le-documentaire-apres-la-pluie-sur-les-inondations-catastrophiques-dans-la-vallee-de-la-weser-en-juillet-2021-video\/","og_locale":"fr_FR","og_type":"article","og_title":"BRF pr\u00e9sente le documentaire \u00ab Apr\u00e8s la pluie \u00bb sur les inondations catastrophiques dans la vall\u00e9e de la Weser en juillet 2021 (VIDEO) | Vie Associative","og_description":"Le 5 d\u00e9cembre 2024 \u00e0 20 heures, la t\u00e9l\u00e9vision BRF diffusera le documentaire \u00ab Apr\u00e8s la pluie \u00bb sur les effets d\u00e9vastateurs des inondations catastrophiques","og_url":"https:\/\/vieassociative.be\/actualites\/brf-presente-le-documentaire-apres-la-pluie-sur-les-inondations-catastrophiques-dans-la-vallee-de-la-weser-en-juillet-2021-video\/","og_site_name":"Vie Associative","article_published_time":"2024-11-29T08:18:26+00:00","og_image":[{"url":"https:\/\/vieassociative.be\/actualites\/wp-content\/uploads\/2024\/11\/BRF-presente-le-documentaire-Apres-la-pluie-sur.jpeg","type":"","width":"","height":""}],"author":"Julien","twitter_card":"summary_large_image","twitter_misc":{"\u00c9crit par":"Julien","Dur\u00e9e de lecture est.":"2 minutes"},"schema":{"@context":"https:\/\/schema.org","@graph":[{"@type":"Article","@id":"https:\/\/vieassociative.be\/actualites\/brf-presente-le-documentaire-apres-la-pluie-sur-les-inondations-catastrophiques-dans-la-vallee-de-la-weser-en-juillet-2021-video\/#article","isPartOf":{"@id":"https:\/\/vieassociative.be\/actualites\/brf-presente-le-documentaire-apres-la-pluie-sur-les-inondations-catastrophiques-dans-la-vallee-de-la-weser-en-juillet-2021-video\/"},"author":{"name":"Julien","@id":"https:\/\/vieassociative.be\/actualites\/#\/schema\/person\/b87ac4f82f9d4e7b7cec7395b679edc4"},"headline":"BRF pr\u00e9sente le documentaire \u00ab Apr\u00e8s la pluie \u00bb sur les inondations catastrophiques dans la vall\u00e9e de la Weser en juillet 2021 (VIDEO)","datePublished":"2024-11-29T08:18:26+00:00","dateModified":"2024-11-29T08:18:26+00:00","mainEntityOfPage":{"@id":"https:\/\/vieassociative.be\/actualites\/brf-presente-le-documentaire-apres-la-pluie-sur-les-inondations-catastrophiques-dans-la-vallee-de-la-weser-en-juillet-2021-video\/"},"wordCount":441,"publisher":{"@id":"https:\/\/vieassociative.be\/actualites\/#organization"},"image":{"@id":"https:\/\/vieassociative.be\/actualites\/brf-presente-le-documentaire-apres-la-pluie-sur-les-inondations-catastrophiques-dans-la-vallee-de-la-weser-en-juillet-2021-video\/#primaryimage"},"thumbnailUrl":"https:\/\/vieassociative.be\/actualites\/wp-content\/uploads\/2024\/11\/BRF-presente-le-documentaire-Apres-la-pluie-sur.jpg","keywords":["Apr\u00e8s","BRF","catastrophiques","dans","documentaire","inondations","juillet","Les","pluie","pr\u00e9sente","sur","vall\u00e9e","vid\u00e9o","Weser"],"articleSection":["Belgique"],"inLanguage":"fr-BE"},{"@type":"WebPage","@id":"https:\/\/vieassociative.be\/actualites\/brf-presente-le-documentaire-apres-la-pluie-sur-les-inondations-catastrophiques-dans-la-vallee-de-la-weser-en-juillet-2021-video\/","url":"https:\/\/vieassociative.be\/actualites\/brf-presente-le-documentaire-apres-la-pluie-sur-les-inondations-catastrophiques-dans-la-vallee-de-la-weser-en-juillet-2021-video\/","name":"BRF pr\u00e9sente le documentaire \u00ab Apr\u00e8s la pluie \u00bb sur les inondations catastrophiques dans la vall\u00e9e de la Weser en juillet 2021 (VIDEO) | Vie Associative","isPartOf":{"@id":"https:\/\/vieassociative.be\/actualites\/#website"},"primaryImageOfPage":{"@id":"https:\/\/vieassociative.be\/actualites\/brf-presente-le-documentaire-apres-la-pluie-sur-les-inondations-catastrophiques-dans-la-vallee-de-la-weser-en-juillet-2021-video\/#primaryimage"},"image":{"@id":"https:\/\/vieassociative.be\/actualites\/brf-presente-le-documentaire-apres-la-pluie-sur-les-inondations-catastrophiques-dans-la-vallee-de-la-weser-en-juillet-2021-video\/#primaryimage"},"thumbnailUrl":"https:\/\/vieassociative.be\/actualites\/wp-content\/uploads\/2024\/11\/BRF-presente-le-documentaire-Apres-la-pluie-sur.jpg","datePublished":"2024-11-29T08:18:26+00:00","dateModified":"2024-11-29T08:18:26+00:00","breadcrumb":{"@id":"https:\/\/vieassociative.be\/actualites\/brf-presente-le-documentaire-apres-la-pluie-sur-les-inondations-catastrophiques-dans-la-vallee-de-la-weser-en-juillet-2021-video\/#breadcrumb"},"inLanguage":"fr-BE","potentialAction":[{"@type":"ReadAction","target":["https:\/\/vieassociative.be\/actualites\/brf-presente-le-documentaire-apres-la-pluie-sur-les-inondations-catastrophiques-dans-la-vallee-de-la-weser-en-juillet-2021-video\/"]}]},{"@type":"ImageObject","inLanguage":"fr-BE","@id":"https:\/\/vieassociative.be\/actualites\/brf-presente-le-documentaire-apres-la-pluie-sur-les-inondations-catastrophiques-dans-la-vallee-de-la-weser-en-juillet-2021-video\/#primaryimage","url":"https:\/\/vieassociative.be\/actualites\/wp-content\/uploads\/2024\/11\/BRF-presente-le-documentaire-Apres-la-pluie-sur.jpg","contentUrl":"https:\/\/vieassociative.be\/actualites\/wp-content\/uploads\/2024\/11\/BRF-presente-le-documentaire-Apres-la-pluie-sur.jpg","width":1200,"height":447,"caption":"BRF pr\u00e9sente le documentaire \u00ab Apr\u00e8s la pluie \u00bb sur les inondations catastrophiques dans la vall\u00e9e de la Weser en juillet 2021 (VIDEO)"},{"@type":"BreadcrumbList","@id":"https:\/\/vieassociative.be\/actualites\/brf-presente-le-documentaire-apres-la-pluie-sur-les-inondations-catastrophiques-dans-la-vallee-de-la-weser-en-juillet-2021-video\/#breadcrumb","itemListElement":[{"@type":"ListItem","position":1,"name":"Accueil","item":"https:\/\/vieassociative.be\/actualites\/"},{"@type":"ListItem","position":2,"name":"BRF pr\u00e9sente le documentaire \u00ab Apr\u00e8s la pluie \u00bb sur les inondations catastrophiques dans la vall\u00e9e de la Weser en juillet 2021 (VIDEO)"}]},{"@type":"WebSite","@id":"https:\/\/vieassociative.be\/actualites\/#website","url":"https:\/\/vieassociative.be\/actualites\/","name":"Vie Associative","description":"","publisher":{"@id":"https:\/\/vieassociative.be\/actualites\/#organization"},"potentialAction":[{"@type":"SearchAction","target":{"@type":"EntryPoint","urlTemplate":"https:\/\/vieassociative.be\/actualites\/?s={search_term_string}"},"query-input":{"@type":"PropertyValueSpecification","valueRequired":true,"valueName":"search_term_string"}}],"inLanguage":"fr-BE"},{"@type":"Organization","@id":"https:\/\/vieassociative.be\/actualites\/#organization","name":"Vie Associative","url":"https:\/\/vieassociative.be\/actualites\/","logo":{"@type":"ImageObject","inLanguage":"fr-BE","@id":"https:\/\/vieassociative.be\/actualites\/#\/schema\/logo\/image\/","url":"https:\/\/vieassociative.be\/actualites\/wp-content\/uploads\/2024\/09\/cropped-vieassociative_favicon.ico.png","contentUrl":"https:\/\/vieassociative.be\/actualites\/wp-content\/uploads\/2024\/09\/cropped-vieassociative_favicon.ico.png","width":512,"height":512,"caption":"Vie Associative"},"image":{"@id":"https:\/\/vieassociative.be\/actualites\/#\/schema\/logo\/image\/"}},{"@type":"Person","@id":"https:\/\/vieassociative.be\/actualites\/#\/schema\/person\/b87ac4f82f9d4e7b7cec7395b679edc4","name":"Julien","image":{"@type":"ImageObject","inLanguage":"fr-BE","@id":"https:\/\/vieassociative.be\/actualites\/#\/schema\/person\/image\/","url":"https:\/\/vieassociative.be\/actualites\/wp-content\/uploads\/2024\/09\/vie-associative-1-150x150.jpg","contentUrl":"https:\/\/vieassociative.be\/actualites\/wp-content\/uploads\/2024\/09\/vie-associative-1-150x150.jpg","caption":"Julien"},"description":"Je suis Julien, r\u00e9dacteur pour Vie Associative. Passionn\u00e9 par le monde associatif depuis plus de 10 ans, j'ai \u00e0 c\u0153ur de partager des histoires inspirantes et de mettre en lumi\u00e8re les initiatives locales. Mon objectif est de sensibiliser et d'encourager l'engagement communautaire \u00e0 travers mes articles.","sameAs":["https:\/\/vieassociative.be\/"]}]}},"_links":{"self":[{"href":"https:\/\/vieassociative.be\/actualites\/wp-json\/wp\/v2\/posts\/2883"}],"collection":[{"href":"https:\/\/vieassociative.be\/actualites\/wp-json\/wp\/v2\/posts"}],"about":[{"href":"https:\/\/vieassociative.be\/actualites\/wp-json\/wp\/v2\/types\/post"}],"author":[{"embeddable":true,"href":"https:\/\/vieassociative.be\/actualites\/wp-json\/wp\/v2\/users\/1"}],"replies":[{"embeddable":true,"href":"https:\/\/vieassociative.be\/actualites\/wp-json\/wp\/v2\/comments?post=2883"}],"version-history":[{"count":0,"href":"https:\/\/vieassociative.be\/actualites\/wp-json\/wp\/v2\/posts\/2883\/revisions"}],"wp:featuredmedia":[{"embeddable":true,"href":"https:\/\/vieassociative.be\/actualites\/wp-json\/wp\/v2\/media\/2884"}],"wp:attachment":[{"href":"https:\/\/vieassociative.be\/actualites\/wp-json\/wp\/v2\/media?parent=2883"}],"wp:term":[{"taxonomy":"category","embeddable":true,"href":"https:\/\/vieassociative.be\/actualites\/wp-json\/wp\/v2\/categories?post=2883"},{"taxonomy":"post_tag","embeddable":true,"href":"https:\/\/vieassociative.be\/actualites\/wp-json\/wp\/v2\/tags?post=2883"}],"curies":[{"name":"wp","href":"https:\/\/api.w.org\/{rel}","templated":true}]}}