{"id":2881,"date":"2024-11-29T08:17:31","date_gmt":"2024-11-29T07:17:31","guid":{"rendered":"https:\/\/vieassociative.be\/actualites\/cette-banque-dalimentation-compatible-magsafe-est-a-40-de-reduction-pour-le-black-friday\/"},"modified":"2024-11-29T08:17:31","modified_gmt":"2024-11-29T07:17:31","slug":"cette-banque-dalimentation-compatible-magsafe-est-a-40-de-reduction-pour-le-black-friday","status":"publish","type":"post","link":"https:\/\/vieassociative.be\/actualites\/cette-banque-dalimentation-compatible-magsafe-est-a-40-de-reduction-pour-le-black-friday\/","title":{"rendered":"Cette banque d&rsquo;alimentation compatible MagSafe est \u00e0 40 % de r\u00e9duction pour le Black Friday"},"content":{"rendered":"<div class=\"mt-4 leading-6 md:mb-8\">L&rsquo;Anker MagGo Power Bank (10K) offre une utilit\u00e9 s\u00e9rieuse aux utilisateurs d&rsquo;iPhone, notamment gr\u00e2ce \u00e0 sa forte compatibilit\u00e9 MagSafe.<\/div>\n<p><\/p>\n<p>L&rsquo;Anker MagGo Power Bank (10K) est d\u00e9sormais disponible au prix de 53,99 $, contre 89,99 $, et est disponible en noir, bleu, vert, violet et blanc. Il contient une capacit\u00e9 de batterie de 10 000 mAh, offrant une charge filaire de 27 W via un port USB-C et une charge sans fil de 15 W pour les iPhones (s\u00e9rie 12 et plus). Et avec Wireless PowerIQ (la technologie de charge rapide exclusive d&rsquo;Anker) et la norme Qi2, il pr\u00e9tend charger les derniers iPhones plus efficacement. Le support magn\u00e9tique de cette banque d&rsquo;alimentation est cens\u00e9 \u00eatre suffisamment puissant pour maintenir votre t\u00e9l\u00e9phone bien en place, que vous le chargiez verticalement ou horizontalement. Cela dit, la zone de chargement sans fil manque de rembourrage, ce qui pourrait \u00eatre un probl\u00e8me si vous souhaitez particuli\u00e8rement \u00e9viter les rayures.<\/p>\n<p>Cette banque d&rsquo;alimentation est \u00e9quip\u00e9e d&rsquo;un support pliable\/relevable, ce qui vous permet de soutenir votre t\u00e9l\u00e9phone pendant qu&rsquo;il se charge, et si vous le tournez sur le c\u00f4t\u00e9, il sert \u00e9galement de configuration mains libres pour diffuser ou naviguer en mode paysage. Cependant, il est un peu plus volumineux, il est donc mieux adapt\u00e9 pour le jeter dans un sac que pour le mettre dans une poche avec votre t\u00e9l\u00e9phone attach\u00e9. Si la portabilit\u00e9 est votre priorit\u00e9 absolue, l&rsquo;Anker 321 MagGo (5K), d\u00e9sormais \u00e0 19,99 $ (au lieu de 25,99 $), pourrait \u00eatre une option plus pratique.<\/p>\n<div class=\"w-full mt-12 text-center sm:text-left\" x-data=\"{ showAll: false }\">\n<div class=\"flex flex-col items-center justify-between sm:px-6 sm:flex-row\">\n\t\t\t<span class=\"text-sm italic\">Les offres sont s\u00e9lectionn\u00e9es par notre \u00e9quipe commerciale<\/span><\/p><\/div>\n<\/p><\/div>\n","protected":false},"excerpt":{"rendered":"<p>L&rsquo;Anker MagGo Power Bank (10K) offre une utilit\u00e9 s\u00e9rieuse aux utilisateurs d&rsquo;iPhone, notamment gr\u00e2ce \u00e0 sa forte compatibilit\u00e9 MagSafe. L&rsquo;Anker MagGo Power Bank (10K) est<\/p>\n","protected":false},"author":1,"featured_media":2882,"comment_status":"","ping_status":"","sticky":false,"template":"","format":"standard","meta":{"footnotes":""},"categories":[13],"tags":[1784,73,206,1668,2193,76,1255,3599,81,308],"class_list":["post-2881","post","type-post","status-publish","format-standard","has-post-thumbnail","hentry","category-technologie","tag-banque","tag-black","tag-cette","tag-compatible","tag-dalimentation","tag-est","tag-friday","tag-magsafe","tag-pour","tag-reduction","generate-columns","tablet-grid-50","mobile-grid-100","grid-parent","grid-33"],"yoast_head":"<!-- This site is optimized with the Yoast SEO plugin v24.0 - https:\/\/yoast.com\/wordpress\/plugins\/seo\/ -->\n<title>Cette banque d&#039;alimentation compatible MagSafe est \u00e0 40 % de r\u00e9duction pour le Black Friday | Vie Associative<\/title>\n<meta name=\"robots\" content=\"index, follow, max-snippet:-1, max-image-preview:large, max-video-preview:-1\" \/>\n<link rel=\"canonical\" href=\"https:\/\/vieassociative.be\/actualites\/cette-banque-dalimentation-compatible-magsafe-est-a-40-de-reduction-pour-le-black-friday\/\" \/>\n<meta property=\"og:locale\" content=\"fr_FR\" \/>\n<meta property=\"og:type\" content=\"article\" \/>\n<meta property=\"og:title\" content=\"Cette banque d&#039;alimentation compatible MagSafe est \u00e0 40 % de r\u00e9duction pour le Black Friday | Vie Associative\" \/>\n<meta property=\"og:description\" content=\"L&rsquo;Anker MagGo Power Bank (10K) offre une utilit\u00e9 s\u00e9rieuse aux utilisateurs d&rsquo;iPhone, notamment gr\u00e2ce \u00e0 sa forte compatibilit\u00e9 MagSafe. L&rsquo;Anker MagGo Power Bank (10K) est\" \/>\n<meta property=\"og:url\" content=\"https:\/\/vieassociative.be\/actualites\/cette-banque-dalimentation-compatible-magsafe-est-a-40-de-reduction-pour-le-black-friday\/\" \/>\n<meta property=\"og:site_name\" content=\"Vie Associative\" \/>\n<meta property=\"article:published_time\" content=\"2024-11-29T07:17:31+00:00\" \/>\n<meta property=\"og:image\" content=\"https:\/\/vieassociative.be\/actualites\/wp-content\/uploads\/2024\/09\/header_backgroundk-01-e1726694325946.png\" \/>\n\t<meta property=\"og:image:width\" content=\"279\" \/>\n\t<meta property=\"og:image:height\" content=\"92\" \/>\n\t<meta property=\"og:image:type\" content=\"image\/png\" \/>\n<meta name=\"author\" content=\"Julien\" \/>\n<meta name=\"twitter:card\" content=\"summary_large_image\" \/>\n<meta name=\"twitter:label1\" content=\"\u00c9crit par\" \/>\n\t<meta name=\"twitter:data1\" content=\"Julien\" \/>\n\t<meta name=\"twitter:label2\" content=\"Dur\u00e9e de lecture est.\" \/>\n\t<meta name=\"twitter:data2\" content=\"1 minute\" \/>\n<script type=\"application\/ld+json\" class=\"yoast-schema-graph\">{\"@context\":\"https:\/\/schema.org\",\"@graph\":[{\"@type\":\"Article\",\"@id\":\"https:\/\/vieassociative.be\/actualites\/cette-banque-dalimentation-compatible-magsafe-est-a-40-de-reduction-pour-le-black-friday\/#article\",\"isPartOf\":{\"@id\":\"https:\/\/vieassociative.be\/actualites\/cette-banque-dalimentation-compatible-magsafe-est-a-40-de-reduction-pour-le-black-friday\/\"},\"author\":{\"name\":\"Julien\",\"@id\":\"https:\/\/vieassociative.be\/actualites\/#\/schema\/person\/b87ac4f82f9d4e7b7cec7395b679edc4\"},\"headline\":\"Cette banque d&rsquo;alimentation compatible MagSafe est \u00e0 40 % de r\u00e9duction pour le Black Friday\",\"datePublished\":\"2024-11-29T07:17:31+00:00\",\"dateModified\":\"2024-11-29T07:17:31+00:00\",\"mainEntityOfPage\":{\"@id\":\"https:\/\/vieassociative.be\/actualites\/cette-banque-dalimentation-compatible-magsafe-est-a-40-de-reduction-pour-le-black-friday\/\"},\"wordCount\":286,\"publisher\":{\"@id\":\"https:\/\/vieassociative.be\/actualites\/#organization\"},\"image\":{\"@id\":\"https:\/\/vieassociative.be\/actualites\/cette-banque-dalimentation-compatible-magsafe-est-a-40-de-reduction-pour-le-black-friday\/#primaryimage\"},\"thumbnailUrl\":\"https:\/\/vieassociative.be\/actualites\/wp-content\/uploads\/2024\/11\/Cette-banque-dalimentation-compatible-MagSafe-est-a-40-de.png\",\"keywords\":[\"banque\",\"Black\",\"cette\",\"compatible\",\"dalimentation\",\"est\",\"Friday\",\"MagSafe\",\"pour\",\"r\u00e9duction\"],\"articleSection\":[\"Technologie\"],\"inLanguage\":\"fr-BE\"},{\"@type\":\"WebPage\",\"@id\":\"https:\/\/vieassociative.be\/actualites\/cette-banque-dalimentation-compatible-magsafe-est-a-40-de-reduction-pour-le-black-friday\/\",\"url\":\"https:\/\/vieassociative.be\/actualites\/cette-banque-dalimentation-compatible-magsafe-est-a-40-de-reduction-pour-le-black-friday\/\",\"name\":\"Cette banque d'alimentation compatible MagSafe est \u00e0 40 % de r\u00e9duction pour le Black Friday | Vie Associative\",\"isPartOf\":{\"@id\":\"https:\/\/vieassociative.be\/actualites\/#website\"},\"primaryImageOfPage\":{\"@id\":\"https:\/\/vieassociative.be\/actualites\/cette-banque-dalimentation-compatible-magsafe-est-a-40-de-reduction-pour-le-black-friday\/#primaryimage\"},\"image\":{\"@id\":\"https:\/\/vieassociative.be\/actualites\/cette-banque-dalimentation-compatible-magsafe-est-a-40-de-reduction-pour-le-black-friday\/#primaryimage\"},\"thumbnailUrl\":\"https:\/\/vieassociative.be\/actualites\/wp-content\/uploads\/2024\/11\/Cette-banque-dalimentation-compatible-MagSafe-est-a-40-de.png\",\"datePublished\":\"2024-11-29T07:17:31+00:00\",\"dateModified\":\"2024-11-29T07:17:31+00:00\",\"breadcrumb\":{\"@id\":\"https:\/\/vieassociative.be\/actualites\/cette-banque-dalimentation-compatible-magsafe-est-a-40-de-reduction-pour-le-black-friday\/#breadcrumb\"},\"inLanguage\":\"fr-BE\",\"potentialAction\":[{\"@type\":\"ReadAction\",\"target\":[\"https:\/\/vieassociative.be\/actualites\/cette-banque-dalimentation-compatible-magsafe-est-a-40-de-reduction-pour-le-black-friday\/\"]}]},{\"@type\":\"ImageObject\",\"inLanguage\":\"fr-BE\",\"@id\":\"https:\/\/vieassociative.be\/actualites\/cette-banque-dalimentation-compatible-magsafe-est-a-40-de-reduction-pour-le-black-friday\/#primaryimage\",\"url\":\"https:\/\/vieassociative.be\/actualites\/wp-content\/uploads\/2024\/11\/Cette-banque-dalimentation-compatible-MagSafe-est-a-40-de.png\",\"contentUrl\":\"https:\/\/vieassociative.be\/actualites\/wp-content\/uploads\/2024\/11\/Cette-banque-dalimentation-compatible-MagSafe-est-a-40-de.png\",\"width\":1200,\"height\":675,\"caption\":\"Cette banque d'alimentation compatible MagSafe est \u00e0 40 % de r\u00e9duction pour le Black Friday\"},{\"@type\":\"BreadcrumbList\",\"@id\":\"https:\/\/vieassociative.be\/actualites\/cette-banque-dalimentation-compatible-magsafe-est-a-40-de-reduction-pour-le-black-friday\/#breadcrumb\",\"itemListElement\":[{\"@type\":\"ListItem\",\"position\":1,\"name\":\"Accueil\",\"item\":\"https:\/\/vieassociative.be\/actualites\/\"},{\"@type\":\"ListItem\",\"position\":2,\"name\":\"Cette banque d&rsquo;alimentation compatible MagSafe est \u00e0 40 % de r\u00e9duction pour le Black Friday\"}]},{\"@type\":\"WebSite\",\"@id\":\"https:\/\/vieassociative.be\/actualites\/#website\",\"url\":\"https:\/\/vieassociative.be\/actualites\/\",\"name\":\"Vie Associative\",\"description\":\"\",\"publisher\":{\"@id\":\"https:\/\/vieassociative.be\/actualites\/#organization\"},\"potentialAction\":[{\"@type\":\"SearchAction\",\"target\":{\"@type\":\"EntryPoint\",\"urlTemplate\":\"https:\/\/vieassociative.be\/actualites\/?s={search_term_string}\"},\"query-input\":{\"@type\":\"PropertyValueSpecification\",\"valueRequired\":true,\"valueName\":\"search_term_string\"}}],\"inLanguage\":\"fr-BE\"},{\"@type\":\"Organization\",\"@id\":\"https:\/\/vieassociative.be\/actualites\/#organization\",\"name\":\"Vie Associative\",\"url\":\"https:\/\/vieassociative.be\/actualites\/\",\"logo\":{\"@type\":\"ImageObject\",\"inLanguage\":\"fr-BE\",\"@id\":\"https:\/\/vieassociative.be\/actualites\/#\/schema\/logo\/image\/\",\"url\":\"https:\/\/vieassociative.be\/actualites\/wp-content\/uploads\/2024\/09\/cropped-vieassociative_favicon.ico.png\",\"contentUrl\":\"https:\/\/vieassociative.be\/actualites\/wp-content\/uploads\/2024\/09\/cropped-vieassociative_favicon.ico.png\",\"width\":512,\"height\":512,\"caption\":\"Vie Associative\"},\"image\":{\"@id\":\"https:\/\/vieassociative.be\/actualites\/#\/schema\/logo\/image\/\"}},{\"@type\":\"Person\",\"@id\":\"https:\/\/vieassociative.be\/actualites\/#\/schema\/person\/b87ac4f82f9d4e7b7cec7395b679edc4\",\"name\":\"Julien\",\"image\":{\"@type\":\"ImageObject\",\"inLanguage\":\"fr-BE\",\"@id\":\"https:\/\/vieassociative.be\/actualites\/#\/schema\/person\/image\/\",\"url\":\"https:\/\/vieassociative.be\/actualites\/wp-content\/uploads\/2024\/09\/vie-associative-1-150x150.jpg\",\"contentUrl\":\"https:\/\/vieassociative.be\/actualites\/wp-content\/uploads\/2024\/09\/vie-associative-1-150x150.jpg\",\"caption\":\"Julien\"},\"description\":\"Je suis Julien, r\u00e9dacteur pour Vie Associative. Passionn\u00e9 par le monde associatif depuis plus de 10 ans, j'ai \u00e0 c\u0153ur de partager des histoires inspirantes et de mettre en lumi\u00e8re les initiatives locales. Mon objectif est de sensibiliser et d'encourager l'engagement communautaire \u00e0 travers mes articles.\",\"sameAs\":[\"https:\/\/vieassociative.be\/\"]}]}<\/script>\n<!-- \/ Yoast SEO plugin. -->","yoast_head_json":{"title":"Cette banque d'alimentation compatible MagSafe est \u00e0 40 % de r\u00e9duction pour le Black Friday | Vie Associative","robots":{"index":"index","follow":"follow","max-snippet":"max-snippet:-1","max-image-preview":"max-image-preview:large","max-video-preview":"max-video-preview:-1"},"canonical":"https:\/\/vieassociative.be\/actualites\/cette-banque-dalimentation-compatible-magsafe-est-a-40-de-reduction-pour-le-black-friday\/","og_locale":"fr_FR","og_type":"article","og_title":"Cette banque d'alimentation compatible MagSafe est \u00e0 40 % de r\u00e9duction pour le Black Friday | Vie Associative","og_description":"L&rsquo;Anker MagGo Power Bank (10K) offre une utilit\u00e9 s\u00e9rieuse aux utilisateurs d&rsquo;iPhone, notamment gr\u00e2ce \u00e0 sa forte compatibilit\u00e9 MagSafe. L&rsquo;Anker MagGo Power Bank (10K) est","og_url":"https:\/\/vieassociative.be\/actualites\/cette-banque-dalimentation-compatible-magsafe-est-a-40-de-reduction-pour-le-black-friday\/","og_site_name":"Vie Associative","article_published_time":"2024-11-29T07:17:31+00:00","og_image":[{"width":279,"height":92,"url":"https:\/\/vieassociative.be\/actualites\/wp-content\/uploads\/2024\/09\/header_backgroundk-01-e1726694325946.png","type":"image\/png"}],"author":"Julien","twitter_card":"summary_large_image","twitter_misc":{"\u00c9crit par":"Julien","Dur\u00e9e de lecture est.":"1 minute"},"schema":{"@context":"https:\/\/schema.org","@graph":[{"@type":"Article","@id":"https:\/\/vieassociative.be\/actualites\/cette-banque-dalimentation-compatible-magsafe-est-a-40-de-reduction-pour-le-black-friday\/#article","isPartOf":{"@id":"https:\/\/vieassociative.be\/actualites\/cette-banque-dalimentation-compatible-magsafe-est-a-40-de-reduction-pour-le-black-friday\/"},"author":{"name":"Julien","@id":"https:\/\/vieassociative.be\/actualites\/#\/schema\/person\/b87ac4f82f9d4e7b7cec7395b679edc4"},"headline":"Cette banque d&rsquo;alimentation compatible MagSafe est \u00e0 40 % de r\u00e9duction pour le Black Friday","datePublished":"2024-11-29T07:17:31+00:00","dateModified":"2024-11-29T07:17:31+00:00","mainEntityOfPage":{"@id":"https:\/\/vieassociative.be\/actualites\/cette-banque-dalimentation-compatible-magsafe-est-a-40-de-reduction-pour-le-black-friday\/"},"wordCount":286,"publisher":{"@id":"https:\/\/vieassociative.be\/actualites\/#organization"},"image":{"@id":"https:\/\/vieassociative.be\/actualites\/cette-banque-dalimentation-compatible-magsafe-est-a-40-de-reduction-pour-le-black-friday\/#primaryimage"},"thumbnailUrl":"https:\/\/vieassociative.be\/actualites\/wp-content\/uploads\/2024\/11\/Cette-banque-dalimentation-compatible-MagSafe-est-a-40-de.png","keywords":["banque","Black","cette","compatible","dalimentation","est","Friday","MagSafe","pour","r\u00e9duction"],"articleSection":["Technologie"],"inLanguage":"fr-BE"},{"@type":"WebPage","@id":"https:\/\/vieassociative.be\/actualites\/cette-banque-dalimentation-compatible-magsafe-est-a-40-de-reduction-pour-le-black-friday\/","url":"https:\/\/vieassociative.be\/actualites\/cette-banque-dalimentation-compatible-magsafe-est-a-40-de-reduction-pour-le-black-friday\/","name":"Cette banque d'alimentation compatible MagSafe est \u00e0 40 % de r\u00e9duction pour le Black Friday | Vie Associative","isPartOf":{"@id":"https:\/\/vieassociative.be\/actualites\/#website"},"primaryImageOfPage":{"@id":"https:\/\/vieassociative.be\/actualites\/cette-banque-dalimentation-compatible-magsafe-est-a-40-de-reduction-pour-le-black-friday\/#primaryimage"},"image":{"@id":"https:\/\/vieassociative.be\/actualites\/cette-banque-dalimentation-compatible-magsafe-est-a-40-de-reduction-pour-le-black-friday\/#primaryimage"},"thumbnailUrl":"https:\/\/vieassociative.be\/actualites\/wp-content\/uploads\/2024\/11\/Cette-banque-dalimentation-compatible-MagSafe-est-a-40-de.png","datePublished":"2024-11-29T07:17:31+00:00","dateModified":"2024-11-29T07:17:31+00:00","breadcrumb":{"@id":"https:\/\/vieassociative.be\/actualites\/cette-banque-dalimentation-compatible-magsafe-est-a-40-de-reduction-pour-le-black-friday\/#breadcrumb"},"inLanguage":"fr-BE","potentialAction":[{"@type":"ReadAction","target":["https:\/\/vieassociative.be\/actualites\/cette-banque-dalimentation-compatible-magsafe-est-a-40-de-reduction-pour-le-black-friday\/"]}]},{"@type":"ImageObject","inLanguage":"fr-BE","@id":"https:\/\/vieassociative.be\/actualites\/cette-banque-dalimentation-compatible-magsafe-est-a-40-de-reduction-pour-le-black-friday\/#primaryimage","url":"https:\/\/vieassociative.be\/actualites\/wp-content\/uploads\/2024\/11\/Cette-banque-dalimentation-compatible-MagSafe-est-a-40-de.png","contentUrl":"https:\/\/vieassociative.be\/actualites\/wp-content\/uploads\/2024\/11\/Cette-banque-dalimentation-compatible-MagSafe-est-a-40-de.png","width":1200,"height":675,"caption":"Cette banque d'alimentation compatible MagSafe est \u00e0 40 % de r\u00e9duction pour le Black Friday"},{"@type":"BreadcrumbList","@id":"https:\/\/vieassociative.be\/actualites\/cette-banque-dalimentation-compatible-magsafe-est-a-40-de-reduction-pour-le-black-friday\/#breadcrumb","itemListElement":[{"@type":"ListItem","position":1,"name":"Accueil","item":"https:\/\/vieassociative.be\/actualites\/"},{"@type":"ListItem","position":2,"name":"Cette banque d&rsquo;alimentation compatible MagSafe est \u00e0 40 % de r\u00e9duction pour le Black Friday"}]},{"@type":"WebSite","@id":"https:\/\/vieassociative.be\/actualites\/#website","url":"https:\/\/vieassociative.be\/actualites\/","name":"Vie Associative","description":"","publisher":{"@id":"https:\/\/vieassociative.be\/actualites\/#organization"},"potentialAction":[{"@type":"SearchAction","target":{"@type":"EntryPoint","urlTemplate":"https:\/\/vieassociative.be\/actualites\/?s={search_term_string}"},"query-input":{"@type":"PropertyValueSpecification","valueRequired":true,"valueName":"search_term_string"}}],"inLanguage":"fr-BE"},{"@type":"Organization","@id":"https:\/\/vieassociative.be\/actualites\/#organization","name":"Vie Associative","url":"https:\/\/vieassociative.be\/actualites\/","logo":{"@type":"ImageObject","inLanguage":"fr-BE","@id":"https:\/\/vieassociative.be\/actualites\/#\/schema\/logo\/image\/","url":"https:\/\/vieassociative.be\/actualites\/wp-content\/uploads\/2024\/09\/cropped-vieassociative_favicon.ico.png","contentUrl":"https:\/\/vieassociative.be\/actualites\/wp-content\/uploads\/2024\/09\/cropped-vieassociative_favicon.ico.png","width":512,"height":512,"caption":"Vie Associative"},"image":{"@id":"https:\/\/vieassociative.be\/actualites\/#\/schema\/logo\/image\/"}},{"@type":"Person","@id":"https:\/\/vieassociative.be\/actualites\/#\/schema\/person\/b87ac4f82f9d4e7b7cec7395b679edc4","name":"Julien","image":{"@type":"ImageObject","inLanguage":"fr-BE","@id":"https:\/\/vieassociative.be\/actualites\/#\/schema\/person\/image\/","url":"https:\/\/vieassociative.be\/actualites\/wp-content\/uploads\/2024\/09\/vie-associative-1-150x150.jpg","contentUrl":"https:\/\/vieassociative.be\/actualites\/wp-content\/uploads\/2024\/09\/vie-associative-1-150x150.jpg","caption":"Julien"},"description":"Je suis Julien, r\u00e9dacteur pour Vie Associative. Passionn\u00e9 par le monde associatif depuis plus de 10 ans, j'ai \u00e0 c\u0153ur de partager des histoires inspirantes et de mettre en lumi\u00e8re les initiatives locales. Mon objectif est de sensibiliser et d'encourager l'engagement communautaire \u00e0 travers mes articles.","sameAs":["https:\/\/vieassociative.be\/"]}]}},"_links":{"self":[{"href":"https:\/\/vieassociative.be\/actualites\/wp-json\/wp\/v2\/posts\/2881"}],"collection":[{"href":"https:\/\/vieassociative.be\/actualites\/wp-json\/wp\/v2\/posts"}],"about":[{"href":"https:\/\/vieassociative.be\/actualites\/wp-json\/wp\/v2\/types\/post"}],"author":[{"embeddable":true,"href":"https:\/\/vieassociative.be\/actualites\/wp-json\/wp\/v2\/users\/1"}],"replies":[{"embeddable":true,"href":"https:\/\/vieassociative.be\/actualites\/wp-json\/wp\/v2\/comments?post=2881"}],"version-history":[{"count":0,"href":"https:\/\/vieassociative.be\/actualites\/wp-json\/wp\/v2\/posts\/2881\/revisions"}],"wp:featuredmedia":[{"embeddable":true,"href":"https:\/\/vieassociative.be\/actualites\/wp-json\/wp\/v2\/media\/2882"}],"wp:attachment":[{"href":"https:\/\/vieassociative.be\/actualites\/wp-json\/wp\/v2\/media?parent=2881"}],"wp:term":[{"taxonomy":"category","embeddable":true,"href":"https:\/\/vieassociative.be\/actualites\/wp-json\/wp\/v2\/categories?post=2881"},{"taxonomy":"post_tag","embeddable":true,"href":"https:\/\/vieassociative.be\/actualites\/wp-json\/wp\/v2\/tags?post=2881"}],"curies":[{"name":"wp","href":"https:\/\/api.w.org\/{rel}","templated":true}]}}