{"id":2874,"date":"2024-11-29T03:17:45","date_gmt":"2024-11-29T02:17:45","guid":{"rendered":"https:\/\/vieassociative.be\/actualites\/la-police-met-en-garde-contre-les-pickpockets-sur-les-marches-de-noel\/"},"modified":"2024-11-29T03:17:45","modified_gmt":"2024-11-29T02:17:45","slug":"la-police-met-en-garde-contre-les-pickpockets-sur-les-marches-de-noel","status":"publish","type":"post","link":"https:\/\/vieassociative.be\/actualites\/la-police-met-en-garde-contre-les-pickpockets-sur-les-marches-de-noel\/","title":{"rendered":"La police met en garde contre les pickpockets sur les march\u00e9s de No\u00ebl"},"content":{"rendered":"<p><strong>Pour de nombreuses personnes, visiter les march\u00e9s de No\u00ebl fait partie de la p\u00e9riode pr\u00e9c\u00e9dant No\u00ebl. Vous pourrez vous plonger dans l&rsquo;esprit de No\u00ebl avec du vin chaud, des galettes de pommes de terre et des gaufres chaudes. Mais malheureusement, la p\u00e9riode des march\u00e9s de No\u00ebl est aussi celle des pickpockets.<\/strong><\/p>\n<p><span id=\"more-402835\"><\/span>Dans la foule dense, on ne s&rsquo;aper\u00e7oit parfois que tr\u00e8s tard que son portefeuille, son t\u00e9l\u00e9phone portable, ses bijoux ou d&rsquo;autres objets de valeur ont disparu.<\/p>\n<p>Vous pouvez vous prot\u00e9ger des voleurs avec des conseils simples :<\/p>\n<p>\u2013 N\u2019emportez avec vous que ce dont vous avez besoin et \u00e9vitez de transporter trop d\u2019argent ou de cartes de paiement.<\/p>\n<div id=\"attachment_402857\" class=\"wp-caption alignleft\" style=\"max-width: 300px\"><img fetchpriority=\"high\" decoding=\"async\" class=\"wp-image-402857 size-medium\" src=\"https:\/\/vieassociative.be\/actualites\/wp-content\/uploads\/2024\/11\/La-police-met-en-garde-contre-les-pickpockets-sur-les.png\" alt=\"\" width=\"300\" height=\"300\"  ><\/p>\n<p class=\"wp-caption-text\">Blocage d&rsquo;urgence, appelez CART STOP 078170170.<\/p>\n<\/div>\n<p>\u2013 Transportez toujours les objets de valeur pr\u00e8s de votre corps, de pr\u00e9f\u00e9rence dans les poches int\u00e9rieures ferm\u00e9es des vestes ou des manteaux.<\/p>\n<p>\u2013 Ne laissez jamais vos sacs et objets de valeur sans surveillance.<\/p>\n<p>\u2013 Soyez prudent si des \u00e9trangers tentent de vous distraire ou si vous \u00eates bouscul\u00e9. (Les pickpockets profitent souvent de cette opportunit\u00e9 pour y acc\u00e9der.)<\/p>\n<p>Si vous avez \u00e9t\u00e9 vol\u00e9, utilisez l&rsquo;appel d&rsquo;urgence bloquant (CART STOP 078170170). Par mesure de pr\u00e9caution, chacun doit t\u00e9l\u00e9charger l\u2019application de blocage CART STOP pour son smartphone. Les num\u00e9ros de carte, l&rsquo;IBAN et d&rsquo;autres informations peuvent \u00eatre stock\u00e9s ici en toute s\u00e9curit\u00e9 afin que toutes les donn\u00e9es soient \u00e0 port\u00e9e de main en cas d&rsquo;urgence.<\/p>\n<p>Si vos cartes de paiement ont disparu, faites-les bloquer d\u00e8s que possible. Le num\u00e9ro d&rsquo;urgence 078170170 est joignable 24 heures sur 24. Et enfin, tr\u00e8s important : gardez un \u0153il sur votre compte m\u00eame apr\u00e8s le vol et signalez imm\u00e9diatement tout d\u00e9bit non autoris\u00e9 \u00e0 votre institution financi\u00e8re.<\/p>\n","protected":false},"excerpt":{"rendered":"<p>Pour de nombreuses personnes, visiter les march\u00e9s de No\u00ebl fait partie de la p\u00e9riode pr\u00e9c\u00e9dant No\u00ebl. Vous pourrez vous plonger dans l&rsquo;esprit de No\u00ebl avec<\/p>\n","protected":false},"author":1,"featured_media":2875,"comment_status":"","ping_status":"","sticky":false,"template":"","format":"standard","meta":{"footnotes":""},"categories":[298],"tags":[796,903,14,3594,3593,1557,2923,2741,33],"class_list":["post-2874","post","type-post","status-publish","format-standard","has-post-thumbnail","hentry","category-belgique","tag-contre","tag-garde","tag-les","tag-marches","tag-met","tag-noel","tag-pickpockets","tag-police","tag-sur","generate-columns","tablet-grid-50","mobile-grid-100","grid-parent","grid-33"],"yoast_head":"<!-- This site is optimized with the Yoast SEO plugin v24.0 - https:\/\/yoast.com\/wordpress\/plugins\/seo\/ -->\n<title>La police met en garde contre les pickpockets sur les march\u00e9s de No\u00ebl | Vie Associative<\/title>\n<meta name=\"robots\" content=\"index, follow, max-snippet:-1, max-image-preview:large, max-video-preview:-1\" \/>\n<link rel=\"canonical\" href=\"https:\/\/vieassociative.be\/actualites\/la-police-met-en-garde-contre-les-pickpockets-sur-les-marches-de-noel\/\" \/>\n<meta property=\"og:locale\" content=\"fr_FR\" \/>\n<meta property=\"og:type\" content=\"article\" \/>\n<meta property=\"og:title\" content=\"La police met en garde contre les pickpockets sur les march\u00e9s de No\u00ebl | Vie Associative\" \/>\n<meta property=\"og:description\" content=\"Pour de nombreuses personnes, visiter les march\u00e9s de No\u00ebl fait partie de la p\u00e9riode pr\u00e9c\u00e9dant No\u00ebl. Vous pourrez vous plonger dans l&rsquo;esprit de No\u00ebl avec\" \/>\n<meta property=\"og:url\" content=\"https:\/\/vieassociative.be\/actualites\/la-police-met-en-garde-contre-les-pickpockets-sur-les-marches-de-noel\/\" \/>\n<meta property=\"og:site_name\" content=\"Vie Associative\" \/>\n<meta property=\"article:published_time\" content=\"2024-11-29T02:17:45+00:00\" \/>\n<meta property=\"og:image\" content=\"https:\/\/vieassociative.be\/actualites\/wp-content\/uploads\/2024\/11\/La-police-met-en-garde-contre-les-pickpockets-sur-les.png\" \/>\n<meta name=\"author\" content=\"Julien\" \/>\n<meta name=\"twitter:card\" content=\"summary_large_image\" \/>\n<meta name=\"twitter:label1\" content=\"\u00c9crit par\" \/>\n\t<meta name=\"twitter:data1\" content=\"Julien\" \/>\n\t<meta name=\"twitter:label2\" content=\"Dur\u00e9e de lecture est.\" \/>\n\t<meta name=\"twitter:data2\" content=\"2 minutes\" \/>\n<script type=\"application\/ld+json\" class=\"yoast-schema-graph\">{\"@context\":\"https:\/\/schema.org\",\"@graph\":[{\"@type\":\"Article\",\"@id\":\"https:\/\/vieassociative.be\/actualites\/la-police-met-en-garde-contre-les-pickpockets-sur-les-marches-de-noel\/#article\",\"isPartOf\":{\"@id\":\"https:\/\/vieassociative.be\/actualites\/la-police-met-en-garde-contre-les-pickpockets-sur-les-marches-de-noel\/\"},\"author\":{\"name\":\"Julien\",\"@id\":\"https:\/\/vieassociative.be\/actualites\/#\/schema\/person\/b87ac4f82f9d4e7b7cec7395b679edc4\"},\"headline\":\"La police met en garde contre les pickpockets sur les march\u00e9s de No\u00ebl\",\"datePublished\":\"2024-11-29T02:17:45+00:00\",\"dateModified\":\"2024-11-29T02:17:45+00:00\",\"mainEntityOfPage\":{\"@id\":\"https:\/\/vieassociative.be\/actualites\/la-police-met-en-garde-contre-les-pickpockets-sur-les-marches-de-noel\/\"},\"wordCount\":330,\"publisher\":{\"@id\":\"https:\/\/vieassociative.be\/actualites\/#organization\"},\"image\":{\"@id\":\"https:\/\/vieassociative.be\/actualites\/la-police-met-en-garde-contre-les-pickpockets-sur-les-marches-de-noel\/#primaryimage\"},\"thumbnailUrl\":\"https:\/\/vieassociative.be\/actualites\/wp-content\/uploads\/2024\/11\/La-police-met-en-garde-contre-les-pickpockets-sur-les.jpg\",\"keywords\":[\"contre\",\"garde\",\"Les\",\"march\u00e9s\",\"met\",\"No\u00ebl\",\"pickpockets\",\"police\",\"sur\"],\"articleSection\":[\"Belgique\"],\"inLanguage\":\"fr-BE\"},{\"@type\":\"WebPage\",\"@id\":\"https:\/\/vieassociative.be\/actualites\/la-police-met-en-garde-contre-les-pickpockets-sur-les-marches-de-noel\/\",\"url\":\"https:\/\/vieassociative.be\/actualites\/la-police-met-en-garde-contre-les-pickpockets-sur-les-marches-de-noel\/\",\"name\":\"La police met en garde contre les pickpockets sur les march\u00e9s de No\u00ebl | Vie Associative\",\"isPartOf\":{\"@id\":\"https:\/\/vieassociative.be\/actualites\/#website\"},\"primaryImageOfPage\":{\"@id\":\"https:\/\/vieassociative.be\/actualites\/la-police-met-en-garde-contre-les-pickpockets-sur-les-marches-de-noel\/#primaryimage\"},\"image\":{\"@id\":\"https:\/\/vieassociative.be\/actualites\/la-police-met-en-garde-contre-les-pickpockets-sur-les-marches-de-noel\/#primaryimage\"},\"thumbnailUrl\":\"https:\/\/vieassociative.be\/actualites\/wp-content\/uploads\/2024\/11\/La-police-met-en-garde-contre-les-pickpockets-sur-les.jpg\",\"datePublished\":\"2024-11-29T02:17:45+00:00\",\"dateModified\":\"2024-11-29T02:17:45+00:00\",\"breadcrumb\":{\"@id\":\"https:\/\/vieassociative.be\/actualites\/la-police-met-en-garde-contre-les-pickpockets-sur-les-marches-de-noel\/#breadcrumb\"},\"inLanguage\":\"fr-BE\",\"potentialAction\":[{\"@type\":\"ReadAction\",\"target\":[\"https:\/\/vieassociative.be\/actualites\/la-police-met-en-garde-contre-les-pickpockets-sur-les-marches-de-noel\/\"]}]},{\"@type\":\"ImageObject\",\"inLanguage\":\"fr-BE\",\"@id\":\"https:\/\/vieassociative.be\/actualites\/la-police-met-en-garde-contre-les-pickpockets-sur-les-marches-de-noel\/#primaryimage\",\"url\":\"https:\/\/vieassociative.be\/actualites\/wp-content\/uploads\/2024\/11\/La-police-met-en-garde-contre-les-pickpockets-sur-les.jpg\",\"contentUrl\":\"https:\/\/vieassociative.be\/actualites\/wp-content\/uploads\/2024\/11\/La-police-met-en-garde-contre-les-pickpockets-sur-les.jpg\",\"width\":900,\"height\":724,\"caption\":\"La police met en garde contre les pickpockets sur les march\u00e9s de No\u00ebl\"},{\"@type\":\"BreadcrumbList\",\"@id\":\"https:\/\/vieassociative.be\/actualites\/la-police-met-en-garde-contre-les-pickpockets-sur-les-marches-de-noel\/#breadcrumb\",\"itemListElement\":[{\"@type\":\"ListItem\",\"position\":1,\"name\":\"Accueil\",\"item\":\"https:\/\/vieassociative.be\/actualites\/\"},{\"@type\":\"ListItem\",\"position\":2,\"name\":\"La police met en garde contre les pickpockets sur les march\u00e9s de No\u00ebl\"}]},{\"@type\":\"WebSite\",\"@id\":\"https:\/\/vieassociative.be\/actualites\/#website\",\"url\":\"https:\/\/vieassociative.be\/actualites\/\",\"name\":\"Vie Associative\",\"description\":\"\",\"publisher\":{\"@id\":\"https:\/\/vieassociative.be\/actualites\/#organization\"},\"potentialAction\":[{\"@type\":\"SearchAction\",\"target\":{\"@type\":\"EntryPoint\",\"urlTemplate\":\"https:\/\/vieassociative.be\/actualites\/?s={search_term_string}\"},\"query-input\":{\"@type\":\"PropertyValueSpecification\",\"valueRequired\":true,\"valueName\":\"search_term_string\"}}],\"inLanguage\":\"fr-BE\"},{\"@type\":\"Organization\",\"@id\":\"https:\/\/vieassociative.be\/actualites\/#organization\",\"name\":\"Vie Associative\",\"url\":\"https:\/\/vieassociative.be\/actualites\/\",\"logo\":{\"@type\":\"ImageObject\",\"inLanguage\":\"fr-BE\",\"@id\":\"https:\/\/vieassociative.be\/actualites\/#\/schema\/logo\/image\/\",\"url\":\"https:\/\/vieassociative.be\/actualites\/wp-content\/uploads\/2024\/09\/cropped-vieassociative_favicon.ico.png\",\"contentUrl\":\"https:\/\/vieassociative.be\/actualites\/wp-content\/uploads\/2024\/09\/cropped-vieassociative_favicon.ico.png\",\"width\":512,\"height\":512,\"caption\":\"Vie Associative\"},\"image\":{\"@id\":\"https:\/\/vieassociative.be\/actualites\/#\/schema\/logo\/image\/\"}},{\"@type\":\"Person\",\"@id\":\"https:\/\/vieassociative.be\/actualites\/#\/schema\/person\/b87ac4f82f9d4e7b7cec7395b679edc4\",\"name\":\"Julien\",\"image\":{\"@type\":\"ImageObject\",\"inLanguage\":\"fr-BE\",\"@id\":\"https:\/\/vieassociative.be\/actualites\/#\/schema\/person\/image\/\",\"url\":\"https:\/\/vieassociative.be\/actualites\/wp-content\/uploads\/2024\/09\/vie-associative-1-150x150.jpg\",\"contentUrl\":\"https:\/\/vieassociative.be\/actualites\/wp-content\/uploads\/2024\/09\/vie-associative-1-150x150.jpg\",\"caption\":\"Julien\"},\"description\":\"Je suis Julien, r\u00e9dacteur pour Vie Associative. Passionn\u00e9 par le monde associatif depuis plus de 10 ans, j'ai \u00e0 c\u0153ur de partager des histoires inspirantes et de mettre en lumi\u00e8re les initiatives locales. Mon objectif est de sensibiliser et d'encourager l'engagement communautaire \u00e0 travers mes articles.\",\"sameAs\":[\"https:\/\/vieassociative.be\/\"]}]}<\/script>\n<!-- \/ Yoast SEO plugin. -->","yoast_head_json":{"title":"La police met en garde contre les pickpockets sur les march\u00e9s de No\u00ebl | Vie Associative","robots":{"index":"index","follow":"follow","max-snippet":"max-snippet:-1","max-image-preview":"max-image-preview:large","max-video-preview":"max-video-preview:-1"},"canonical":"https:\/\/vieassociative.be\/actualites\/la-police-met-en-garde-contre-les-pickpockets-sur-les-marches-de-noel\/","og_locale":"fr_FR","og_type":"article","og_title":"La police met en garde contre les pickpockets sur les march\u00e9s de No\u00ebl | Vie Associative","og_description":"Pour de nombreuses personnes, visiter les march\u00e9s de No\u00ebl fait partie de la p\u00e9riode pr\u00e9c\u00e9dant No\u00ebl. Vous pourrez vous plonger dans l&rsquo;esprit de No\u00ebl avec","og_url":"https:\/\/vieassociative.be\/actualites\/la-police-met-en-garde-contre-les-pickpockets-sur-les-marches-de-noel\/","og_site_name":"Vie Associative","article_published_time":"2024-11-29T02:17:45+00:00","og_image":[{"url":"https:\/\/vieassociative.be\/actualites\/wp-content\/uploads\/2024\/11\/La-police-met-en-garde-contre-les-pickpockets-sur-les.png","type":"","width":"","height":""}],"author":"Julien","twitter_card":"summary_large_image","twitter_misc":{"\u00c9crit par":"Julien","Dur\u00e9e de lecture est.":"2 minutes"},"schema":{"@context":"https:\/\/schema.org","@graph":[{"@type":"Article","@id":"https:\/\/vieassociative.be\/actualites\/la-police-met-en-garde-contre-les-pickpockets-sur-les-marches-de-noel\/#article","isPartOf":{"@id":"https:\/\/vieassociative.be\/actualites\/la-police-met-en-garde-contre-les-pickpockets-sur-les-marches-de-noel\/"},"author":{"name":"Julien","@id":"https:\/\/vieassociative.be\/actualites\/#\/schema\/person\/b87ac4f82f9d4e7b7cec7395b679edc4"},"headline":"La police met en garde contre les pickpockets sur les march\u00e9s de No\u00ebl","datePublished":"2024-11-29T02:17:45+00:00","dateModified":"2024-11-29T02:17:45+00:00","mainEntityOfPage":{"@id":"https:\/\/vieassociative.be\/actualites\/la-police-met-en-garde-contre-les-pickpockets-sur-les-marches-de-noel\/"},"wordCount":330,"publisher":{"@id":"https:\/\/vieassociative.be\/actualites\/#organization"},"image":{"@id":"https:\/\/vieassociative.be\/actualites\/la-police-met-en-garde-contre-les-pickpockets-sur-les-marches-de-noel\/#primaryimage"},"thumbnailUrl":"https:\/\/vieassociative.be\/actualites\/wp-content\/uploads\/2024\/11\/La-police-met-en-garde-contre-les-pickpockets-sur-les.jpg","keywords":["contre","garde","Les","march\u00e9s","met","No\u00ebl","pickpockets","police","sur"],"articleSection":["Belgique"],"inLanguage":"fr-BE"},{"@type":"WebPage","@id":"https:\/\/vieassociative.be\/actualites\/la-police-met-en-garde-contre-les-pickpockets-sur-les-marches-de-noel\/","url":"https:\/\/vieassociative.be\/actualites\/la-police-met-en-garde-contre-les-pickpockets-sur-les-marches-de-noel\/","name":"La police met en garde contre les pickpockets sur les march\u00e9s de No\u00ebl | Vie Associative","isPartOf":{"@id":"https:\/\/vieassociative.be\/actualites\/#website"},"primaryImageOfPage":{"@id":"https:\/\/vieassociative.be\/actualites\/la-police-met-en-garde-contre-les-pickpockets-sur-les-marches-de-noel\/#primaryimage"},"image":{"@id":"https:\/\/vieassociative.be\/actualites\/la-police-met-en-garde-contre-les-pickpockets-sur-les-marches-de-noel\/#primaryimage"},"thumbnailUrl":"https:\/\/vieassociative.be\/actualites\/wp-content\/uploads\/2024\/11\/La-police-met-en-garde-contre-les-pickpockets-sur-les.jpg","datePublished":"2024-11-29T02:17:45+00:00","dateModified":"2024-11-29T02:17:45+00:00","breadcrumb":{"@id":"https:\/\/vieassociative.be\/actualites\/la-police-met-en-garde-contre-les-pickpockets-sur-les-marches-de-noel\/#breadcrumb"},"inLanguage":"fr-BE","potentialAction":[{"@type":"ReadAction","target":["https:\/\/vieassociative.be\/actualites\/la-police-met-en-garde-contre-les-pickpockets-sur-les-marches-de-noel\/"]}]},{"@type":"ImageObject","inLanguage":"fr-BE","@id":"https:\/\/vieassociative.be\/actualites\/la-police-met-en-garde-contre-les-pickpockets-sur-les-marches-de-noel\/#primaryimage","url":"https:\/\/vieassociative.be\/actualites\/wp-content\/uploads\/2024\/11\/La-police-met-en-garde-contre-les-pickpockets-sur-les.jpg","contentUrl":"https:\/\/vieassociative.be\/actualites\/wp-content\/uploads\/2024\/11\/La-police-met-en-garde-contre-les-pickpockets-sur-les.jpg","width":900,"height":724,"caption":"La police met en garde contre les pickpockets sur les march\u00e9s de No\u00ebl"},{"@type":"BreadcrumbList","@id":"https:\/\/vieassociative.be\/actualites\/la-police-met-en-garde-contre-les-pickpockets-sur-les-marches-de-noel\/#breadcrumb","itemListElement":[{"@type":"ListItem","position":1,"name":"Accueil","item":"https:\/\/vieassociative.be\/actualites\/"},{"@type":"ListItem","position":2,"name":"La police met en garde contre les pickpockets sur les march\u00e9s de No\u00ebl"}]},{"@type":"WebSite","@id":"https:\/\/vieassociative.be\/actualites\/#website","url":"https:\/\/vieassociative.be\/actualites\/","name":"Vie Associative","description":"","publisher":{"@id":"https:\/\/vieassociative.be\/actualites\/#organization"},"potentialAction":[{"@type":"SearchAction","target":{"@type":"EntryPoint","urlTemplate":"https:\/\/vieassociative.be\/actualites\/?s={search_term_string}"},"query-input":{"@type":"PropertyValueSpecification","valueRequired":true,"valueName":"search_term_string"}}],"inLanguage":"fr-BE"},{"@type":"Organization","@id":"https:\/\/vieassociative.be\/actualites\/#organization","name":"Vie Associative","url":"https:\/\/vieassociative.be\/actualites\/","logo":{"@type":"ImageObject","inLanguage":"fr-BE","@id":"https:\/\/vieassociative.be\/actualites\/#\/schema\/logo\/image\/","url":"https:\/\/vieassociative.be\/actualites\/wp-content\/uploads\/2024\/09\/cropped-vieassociative_favicon.ico.png","contentUrl":"https:\/\/vieassociative.be\/actualites\/wp-content\/uploads\/2024\/09\/cropped-vieassociative_favicon.ico.png","width":512,"height":512,"caption":"Vie Associative"},"image":{"@id":"https:\/\/vieassociative.be\/actualites\/#\/schema\/logo\/image\/"}},{"@type":"Person","@id":"https:\/\/vieassociative.be\/actualites\/#\/schema\/person\/b87ac4f82f9d4e7b7cec7395b679edc4","name":"Julien","image":{"@type":"ImageObject","inLanguage":"fr-BE","@id":"https:\/\/vieassociative.be\/actualites\/#\/schema\/person\/image\/","url":"https:\/\/vieassociative.be\/actualites\/wp-content\/uploads\/2024\/09\/vie-associative-1-150x150.jpg","contentUrl":"https:\/\/vieassociative.be\/actualites\/wp-content\/uploads\/2024\/09\/vie-associative-1-150x150.jpg","caption":"Julien"},"description":"Je suis Julien, r\u00e9dacteur pour Vie Associative. Passionn\u00e9 par le monde associatif depuis plus de 10 ans, j'ai \u00e0 c\u0153ur de partager des histoires inspirantes et de mettre en lumi\u00e8re les initiatives locales. Mon objectif est de sensibiliser et d'encourager l'engagement communautaire \u00e0 travers mes articles.","sameAs":["https:\/\/vieassociative.be\/"]}]}},"_links":{"self":[{"href":"https:\/\/vieassociative.be\/actualites\/wp-json\/wp\/v2\/posts\/2874"}],"collection":[{"href":"https:\/\/vieassociative.be\/actualites\/wp-json\/wp\/v2\/posts"}],"about":[{"href":"https:\/\/vieassociative.be\/actualites\/wp-json\/wp\/v2\/types\/post"}],"author":[{"embeddable":true,"href":"https:\/\/vieassociative.be\/actualites\/wp-json\/wp\/v2\/users\/1"}],"replies":[{"embeddable":true,"href":"https:\/\/vieassociative.be\/actualites\/wp-json\/wp\/v2\/comments?post=2874"}],"version-history":[{"count":0,"href":"https:\/\/vieassociative.be\/actualites\/wp-json\/wp\/v2\/posts\/2874\/revisions"}],"wp:featuredmedia":[{"embeddable":true,"href":"https:\/\/vieassociative.be\/actualites\/wp-json\/wp\/v2\/media\/2875"}],"wp:attachment":[{"href":"https:\/\/vieassociative.be\/actualites\/wp-json\/wp\/v2\/media?parent=2874"}],"wp:term":[{"taxonomy":"category","embeddable":true,"href":"https:\/\/vieassociative.be\/actualites\/wp-json\/wp\/v2\/categories?post=2874"},{"taxonomy":"post_tag","embeddable":true,"href":"https:\/\/vieassociative.be\/actualites\/wp-json\/wp\/v2\/tags?post=2874"}],"curies":[{"name":"wp","href":"https:\/\/api.w.org\/{rel}","templated":true}]}}