{"id":2872,"date":"2024-11-29T02:17:07","date_gmt":"2024-11-29T01:17:07","guid":{"rendered":"https:\/\/vieassociative.be\/actualites\/les-haut-parleurs-marshall-emberton-ii-beneficient-dune-reduction-de-70-pour-le-black-friday\/"},"modified":"2024-11-29T02:17:07","modified_gmt":"2024-11-29T01:17:07","slug":"les-haut-parleurs-marshall-emberton-ii-beneficient-dune-reduction-de-70-pour-le-black-friday","status":"publish","type":"post","link":"https:\/\/vieassociative.be\/actualites\/les-haut-parleurs-marshall-emberton-ii-beneficient-dune-reduction-de-70-pour-le-black-friday\/","title":{"rendered":"Les haut-parleurs Marshall Emberton II b\u00e9n\u00e9ficient d&rsquo;une r\u00e9duction de 70 $ pour le Black Friday"},"content":{"rendered":"<div class=\"mt-4 leading-6 md:mb-8\">Pour les auditeurs occasionnels qui privil\u00e9gient le style, la durabilit\u00e9 et un son audacieux plut\u00f4t qu&rsquo;une fid\u00e9lit\u00e9 audio parfaite.<\/div>\n<p><\/p>\n<p>Le Marshall Emberton II, disponible en noir et laiton, noir et acier et cr\u00e8me, est un excellent choix pour tous ceux qui aiment l&rsquo;esth\u00e9tique rock embl\u00e9matique de Marshall &#8211; et il co\u00fbte maintenant 99,99 $ (au lieu de 169,99 $) pour le Black Friday. Pour une enceinte de cette taille, l&rsquo;Emberton II offre des performances sonores impressionnantes, pilot\u00e9es par deux amplis de 10 W et des radiateurs passifs. Sa configuration unique fait que le canal gauche passe \u00e0 travers la calandre avant et le droit \u00e0 l&rsquo;arri\u00e8re, ce qui n&rsquo;est pas une v\u00e9ritable st\u00e9r\u00e9o mais cr\u00e9e n\u00e9anmoins un son qui remplit la pi\u00e8ce. Il est id\u00e9al pour les espaces de taille moyenne et m\u00eame pour certaines pi\u00e8ces plus grandes, m\u00eame s&rsquo;il peut ne pas convenir aux rassemblements en plein air ou aux f\u00eates dans la cour. <\/p>\n<p>Pour ceux qui souhaitent une configuration st\u00e9r\u00e9o, le mode Stack (accessible via l&rsquo;application Marshall) vous permet de coupler plusieurs enceintes Emberton II pour plus de flexibilit\u00e9.<\/p>\n<p>La qualit\u00e9 sonore de l\u2019Emberton II est solide, mais non sans limites. Il g\u00e8re bien les basses mod\u00e9r\u00e9es, mais les basses profondes peuvent \u00eatre un peu difficiles. Les aigus sont brillants et nets, ce qui lui conf\u00e8re un son clair et sculpt\u00e9 qui fonctionne bien pour la plupart des genres \u00e0 des volumes mod\u00e9r\u00e9s. Cependant, sa prise en charge Bluetooth 5.1 est limit\u00e9e au codec SBC, id\u00e9al pour une \u00e9coute occasionnelle mais pas id\u00e9al pour les audiophiles qui \u00e9coutent de l&rsquo;audio haute r\u00e9solution, selon cette revue PCMag. Du bon c\u00f4t\u00e9, avec un indice de protection IP67, cette enceinte est con\u00e7ue pour r\u00e9sister aux \u00e9claboussures au bord de la piscine, aux fortes pluies et m\u00eame \u00e0 une immersion totale dans l&rsquo;eau pendant 30 minutes maximum. La protection suppl\u00e9mentaire contre la poussi\u00e8re est \u00e9galement un plus, en particulier pour son ext\u00e9rieur textur\u00e9 qui pourrait autrement accumuler la salet\u00e9. La dur\u00e9e de vie de la batterie est estim\u00e9e \u00e0 30 heures (impressionnante pour sa cat\u00e9gorie), bien que les performances r\u00e9elles d\u00e9pendent de vos habitudes d&rsquo;\u00e9coute et des niveaux de volume.<\/p>\n<p>Si vous recherchez un haut-parleur avec un son et une durabilit\u00e9 similaires mais \u00e0 un prix inf\u00e9rieur, le JBL Flip 6 vaut la peine d&rsquo;\u00eatre envisag\u00e9 \u00e0 79,95 $ (au lieu de 129,95 $). Il offre une exp\u00e9rience audio comparable et une construction robuste, ce qui en fait une alternative int\u00e9ressante pour les acheteurs soucieux de leur budget.<\/p>\n<div class=\"w-full mt-12 text-center sm:text-left\" x-data=\"{ showAll: false }\">\n<div class=\"flex flex-col items-center justify-between sm:px-6 sm:flex-row\">\n\t\t\t<span class=\"text-sm italic\">Les offres sont s\u00e9lectionn\u00e9es par notre \u00e9quipe commerciale<\/span><\/p><\/div>\n<\/p><\/div>\n","protected":false},"excerpt":{"rendered":"<p>Pour les auditeurs occasionnels qui privil\u00e9gient le style, la durabilit\u00e9 et un son audacieux plut\u00f4t qu&rsquo;une fid\u00e9lit\u00e9 audio parfaite. Le Marshall Emberton II, disponible en<\/p>\n","protected":false},"author":1,"featured_media":2873,"comment_status":"","ping_status":"","sticky":false,"template":"","format":"standard","meta":{"footnotes":""},"categories":[13],"tags":[1268,73,698,3592,1255,1266,14,3591,81,308],"class_list":["post-2872","post","type-post","status-publish","format-standard","has-post-thumbnail","hentry","category-technologie","tag-beneficient","tag-black","tag-dune","tag-emberton","tag-friday","tag-hautparleurs","tag-les","tag-marshall","tag-pour","tag-reduction","generate-columns","tablet-grid-50","mobile-grid-100","grid-parent","grid-33"],"yoast_head":"<!-- This site is optimized with the Yoast SEO plugin v24.0 - https:\/\/yoast.com\/wordpress\/plugins\/seo\/ -->\n<title>Les haut-parleurs Marshall Emberton II b\u00e9n\u00e9ficient d&#039;une r\u00e9duction de 70 $ pour le Black Friday | Vie Associative<\/title>\n<meta name=\"robots\" content=\"index, follow, max-snippet:-1, max-image-preview:large, max-video-preview:-1\" \/>\n<link rel=\"canonical\" href=\"https:\/\/vieassociative.be\/actualites\/les-haut-parleurs-marshall-emberton-ii-beneficient-dune-reduction-de-70-pour-le-black-friday\/\" \/>\n<meta property=\"og:locale\" content=\"fr_FR\" \/>\n<meta property=\"og:type\" content=\"article\" \/>\n<meta property=\"og:title\" content=\"Les haut-parleurs Marshall Emberton II b\u00e9n\u00e9ficient d&#039;une r\u00e9duction de 70 $ pour le Black Friday | Vie Associative\" \/>\n<meta property=\"og:description\" content=\"Pour les auditeurs occasionnels qui privil\u00e9gient le style, la durabilit\u00e9 et un son audacieux plut\u00f4t qu&rsquo;une fid\u00e9lit\u00e9 audio parfaite. Le Marshall Emberton II, disponible en\" \/>\n<meta property=\"og:url\" content=\"https:\/\/vieassociative.be\/actualites\/les-haut-parleurs-marshall-emberton-ii-beneficient-dune-reduction-de-70-pour-le-black-friday\/\" \/>\n<meta property=\"og:site_name\" content=\"Vie Associative\" \/>\n<meta property=\"article:published_time\" content=\"2024-11-29T01:17:07+00:00\" \/>\n<meta property=\"og:image\" content=\"https:\/\/vieassociative.be\/actualites\/wp-content\/uploads\/2024\/09\/header_backgroundk-01-e1726694325946.png\" \/>\n\t<meta property=\"og:image:width\" content=\"279\" \/>\n\t<meta property=\"og:image:height\" content=\"92\" \/>\n\t<meta property=\"og:image:type\" content=\"image\/png\" \/>\n<meta name=\"author\" content=\"Julien\" \/>\n<meta name=\"twitter:card\" content=\"summary_large_image\" \/>\n<meta name=\"twitter:label1\" content=\"\u00c9crit par\" \/>\n\t<meta name=\"twitter:data1\" content=\"Julien\" \/>\n\t<meta name=\"twitter:label2\" content=\"Dur\u00e9e de lecture est.\" \/>\n\t<meta name=\"twitter:data2\" content=\"2 minutes\" \/>\n<script type=\"application\/ld+json\" class=\"yoast-schema-graph\">{\"@context\":\"https:\/\/schema.org\",\"@graph\":[{\"@type\":\"Article\",\"@id\":\"https:\/\/vieassociative.be\/actualites\/les-haut-parleurs-marshall-emberton-ii-beneficient-dune-reduction-de-70-pour-le-black-friday\/#article\",\"isPartOf\":{\"@id\":\"https:\/\/vieassociative.be\/actualites\/les-haut-parleurs-marshall-emberton-ii-beneficient-dune-reduction-de-70-pour-le-black-friday\/\"},\"author\":{\"name\":\"Julien\",\"@id\":\"https:\/\/vieassociative.be\/actualites\/#\/schema\/person\/b87ac4f82f9d4e7b7cec7395b679edc4\"},\"headline\":\"Les haut-parleurs Marshall Emberton II b\u00e9n\u00e9ficient d&rsquo;une r\u00e9duction de 70 $ pour le Black Friday\",\"datePublished\":\"2024-11-29T01:17:07+00:00\",\"dateModified\":\"2024-11-29T01:17:07+00:00\",\"mainEntityOfPage\":{\"@id\":\"https:\/\/vieassociative.be\/actualites\/les-haut-parleurs-marshall-emberton-ii-beneficient-dune-reduction-de-70-pour-le-black-friday\/\"},\"wordCount\":482,\"publisher\":{\"@id\":\"https:\/\/vieassociative.be\/actualites\/#organization\"},\"image\":{\"@id\":\"https:\/\/vieassociative.be\/actualites\/les-haut-parleurs-marshall-emberton-ii-beneficient-dune-reduction-de-70-pour-le-black-friday\/#primaryimage\"},\"thumbnailUrl\":\"https:\/\/vieassociative.be\/actualites\/wp-content\/uploads\/2024\/11\/Les-haut-parleurs-Marshall-Emberton-II-beneficient-dune-reduction-de-70.png\",\"keywords\":[\"b\u00e9n\u00e9ficient\",\"Black\",\"dune\",\"Emberton\",\"Friday\",\"hautparleurs\",\"Les\",\"Marshall\",\"pour\",\"r\u00e9duction\"],\"articleSection\":[\"Technologie\"],\"inLanguage\":\"fr-BE\"},{\"@type\":\"WebPage\",\"@id\":\"https:\/\/vieassociative.be\/actualites\/les-haut-parleurs-marshall-emberton-ii-beneficient-dune-reduction-de-70-pour-le-black-friday\/\",\"url\":\"https:\/\/vieassociative.be\/actualites\/les-haut-parleurs-marshall-emberton-ii-beneficient-dune-reduction-de-70-pour-le-black-friday\/\",\"name\":\"Les haut-parleurs Marshall Emberton II b\u00e9n\u00e9ficient d'une r\u00e9duction de 70 $ pour le Black Friday | Vie Associative\",\"isPartOf\":{\"@id\":\"https:\/\/vieassociative.be\/actualites\/#website\"},\"primaryImageOfPage\":{\"@id\":\"https:\/\/vieassociative.be\/actualites\/les-haut-parleurs-marshall-emberton-ii-beneficient-dune-reduction-de-70-pour-le-black-friday\/#primaryimage\"},\"image\":{\"@id\":\"https:\/\/vieassociative.be\/actualites\/les-haut-parleurs-marshall-emberton-ii-beneficient-dune-reduction-de-70-pour-le-black-friday\/#primaryimage\"},\"thumbnailUrl\":\"https:\/\/vieassociative.be\/actualites\/wp-content\/uploads\/2024\/11\/Les-haut-parleurs-Marshall-Emberton-II-beneficient-dune-reduction-de-70.png\",\"datePublished\":\"2024-11-29T01:17:07+00:00\",\"dateModified\":\"2024-11-29T01:17:07+00:00\",\"breadcrumb\":{\"@id\":\"https:\/\/vieassociative.be\/actualites\/les-haut-parleurs-marshall-emberton-ii-beneficient-dune-reduction-de-70-pour-le-black-friday\/#breadcrumb\"},\"inLanguage\":\"fr-BE\",\"potentialAction\":[{\"@type\":\"ReadAction\",\"target\":[\"https:\/\/vieassociative.be\/actualites\/les-haut-parleurs-marshall-emberton-ii-beneficient-dune-reduction-de-70-pour-le-black-friday\/\"]}]},{\"@type\":\"ImageObject\",\"inLanguage\":\"fr-BE\",\"@id\":\"https:\/\/vieassociative.be\/actualites\/les-haut-parleurs-marshall-emberton-ii-beneficient-dune-reduction-de-70-pour-le-black-friday\/#primaryimage\",\"url\":\"https:\/\/vieassociative.be\/actualites\/wp-content\/uploads\/2024\/11\/Les-haut-parleurs-Marshall-Emberton-II-beneficient-dune-reduction-de-70.png\",\"contentUrl\":\"https:\/\/vieassociative.be\/actualites\/wp-content\/uploads\/2024\/11\/Les-haut-parleurs-Marshall-Emberton-II-beneficient-dune-reduction-de-70.png\",\"width\":1200,\"height\":675,\"caption\":\"Les haut-parleurs Marshall Emberton II b\u00e9n\u00e9ficient d'une r\u00e9duction de 70 $ pour le Black Friday\"},{\"@type\":\"BreadcrumbList\",\"@id\":\"https:\/\/vieassociative.be\/actualites\/les-haut-parleurs-marshall-emberton-ii-beneficient-dune-reduction-de-70-pour-le-black-friday\/#breadcrumb\",\"itemListElement\":[{\"@type\":\"ListItem\",\"position\":1,\"name\":\"Accueil\",\"item\":\"https:\/\/vieassociative.be\/actualites\/\"},{\"@type\":\"ListItem\",\"position\":2,\"name\":\"Les haut-parleurs Marshall Emberton II b\u00e9n\u00e9ficient d&rsquo;une r\u00e9duction de 70 $ pour le Black Friday\"}]},{\"@type\":\"WebSite\",\"@id\":\"https:\/\/vieassociative.be\/actualites\/#website\",\"url\":\"https:\/\/vieassociative.be\/actualites\/\",\"name\":\"Vie Associative\",\"description\":\"\",\"publisher\":{\"@id\":\"https:\/\/vieassociative.be\/actualites\/#organization\"},\"potentialAction\":[{\"@type\":\"SearchAction\",\"target\":{\"@type\":\"EntryPoint\",\"urlTemplate\":\"https:\/\/vieassociative.be\/actualites\/?s={search_term_string}\"},\"query-input\":{\"@type\":\"PropertyValueSpecification\",\"valueRequired\":true,\"valueName\":\"search_term_string\"}}],\"inLanguage\":\"fr-BE\"},{\"@type\":\"Organization\",\"@id\":\"https:\/\/vieassociative.be\/actualites\/#organization\",\"name\":\"Vie Associative\",\"url\":\"https:\/\/vieassociative.be\/actualites\/\",\"logo\":{\"@type\":\"ImageObject\",\"inLanguage\":\"fr-BE\",\"@id\":\"https:\/\/vieassociative.be\/actualites\/#\/schema\/logo\/image\/\",\"url\":\"https:\/\/vieassociative.be\/actualites\/wp-content\/uploads\/2024\/09\/cropped-vieassociative_favicon.ico.png\",\"contentUrl\":\"https:\/\/vieassociative.be\/actualites\/wp-content\/uploads\/2024\/09\/cropped-vieassociative_favicon.ico.png\",\"width\":512,\"height\":512,\"caption\":\"Vie Associative\"},\"image\":{\"@id\":\"https:\/\/vieassociative.be\/actualites\/#\/schema\/logo\/image\/\"}},{\"@type\":\"Person\",\"@id\":\"https:\/\/vieassociative.be\/actualites\/#\/schema\/person\/b87ac4f82f9d4e7b7cec7395b679edc4\",\"name\":\"Julien\",\"image\":{\"@type\":\"ImageObject\",\"inLanguage\":\"fr-BE\",\"@id\":\"https:\/\/vieassociative.be\/actualites\/#\/schema\/person\/image\/\",\"url\":\"https:\/\/vieassociative.be\/actualites\/wp-content\/uploads\/2024\/09\/vie-associative-1-150x150.jpg\",\"contentUrl\":\"https:\/\/vieassociative.be\/actualites\/wp-content\/uploads\/2024\/09\/vie-associative-1-150x150.jpg\",\"caption\":\"Julien\"},\"description\":\"Je suis Julien, r\u00e9dacteur pour Vie Associative. Passionn\u00e9 par le monde associatif depuis plus de 10 ans, j'ai \u00e0 c\u0153ur de partager des histoires inspirantes et de mettre en lumi\u00e8re les initiatives locales. Mon objectif est de sensibiliser et d'encourager l'engagement communautaire \u00e0 travers mes articles.\",\"sameAs\":[\"https:\/\/vieassociative.be\/\"]}]}<\/script>\n<!-- \/ Yoast SEO plugin. -->","yoast_head_json":{"title":"Les haut-parleurs Marshall Emberton II b\u00e9n\u00e9ficient d'une r\u00e9duction de 70 $ pour le Black Friday | Vie Associative","robots":{"index":"index","follow":"follow","max-snippet":"max-snippet:-1","max-image-preview":"max-image-preview:large","max-video-preview":"max-video-preview:-1"},"canonical":"https:\/\/vieassociative.be\/actualites\/les-haut-parleurs-marshall-emberton-ii-beneficient-dune-reduction-de-70-pour-le-black-friday\/","og_locale":"fr_FR","og_type":"article","og_title":"Les haut-parleurs Marshall Emberton II b\u00e9n\u00e9ficient d'une r\u00e9duction de 70 $ pour le Black Friday | Vie Associative","og_description":"Pour les auditeurs occasionnels qui privil\u00e9gient le style, la durabilit\u00e9 et un son audacieux plut\u00f4t qu&rsquo;une fid\u00e9lit\u00e9 audio parfaite. Le Marshall Emberton II, disponible en","og_url":"https:\/\/vieassociative.be\/actualites\/les-haut-parleurs-marshall-emberton-ii-beneficient-dune-reduction-de-70-pour-le-black-friday\/","og_site_name":"Vie Associative","article_published_time":"2024-11-29T01:17:07+00:00","og_image":[{"width":279,"height":92,"url":"https:\/\/vieassociative.be\/actualites\/wp-content\/uploads\/2024\/09\/header_backgroundk-01-e1726694325946.png","type":"image\/png"}],"author":"Julien","twitter_card":"summary_large_image","twitter_misc":{"\u00c9crit par":"Julien","Dur\u00e9e de lecture est.":"2 minutes"},"schema":{"@context":"https:\/\/schema.org","@graph":[{"@type":"Article","@id":"https:\/\/vieassociative.be\/actualites\/les-haut-parleurs-marshall-emberton-ii-beneficient-dune-reduction-de-70-pour-le-black-friday\/#article","isPartOf":{"@id":"https:\/\/vieassociative.be\/actualites\/les-haut-parleurs-marshall-emberton-ii-beneficient-dune-reduction-de-70-pour-le-black-friday\/"},"author":{"name":"Julien","@id":"https:\/\/vieassociative.be\/actualites\/#\/schema\/person\/b87ac4f82f9d4e7b7cec7395b679edc4"},"headline":"Les haut-parleurs Marshall Emberton II b\u00e9n\u00e9ficient d&rsquo;une r\u00e9duction de 70 $ pour le Black Friday","datePublished":"2024-11-29T01:17:07+00:00","dateModified":"2024-11-29T01:17:07+00:00","mainEntityOfPage":{"@id":"https:\/\/vieassociative.be\/actualites\/les-haut-parleurs-marshall-emberton-ii-beneficient-dune-reduction-de-70-pour-le-black-friday\/"},"wordCount":482,"publisher":{"@id":"https:\/\/vieassociative.be\/actualites\/#organization"},"image":{"@id":"https:\/\/vieassociative.be\/actualites\/les-haut-parleurs-marshall-emberton-ii-beneficient-dune-reduction-de-70-pour-le-black-friday\/#primaryimage"},"thumbnailUrl":"https:\/\/vieassociative.be\/actualites\/wp-content\/uploads\/2024\/11\/Les-haut-parleurs-Marshall-Emberton-II-beneficient-dune-reduction-de-70.png","keywords":["b\u00e9n\u00e9ficient","Black","dune","Emberton","Friday","hautparleurs","Les","Marshall","pour","r\u00e9duction"],"articleSection":["Technologie"],"inLanguage":"fr-BE"},{"@type":"WebPage","@id":"https:\/\/vieassociative.be\/actualites\/les-haut-parleurs-marshall-emberton-ii-beneficient-dune-reduction-de-70-pour-le-black-friday\/","url":"https:\/\/vieassociative.be\/actualites\/les-haut-parleurs-marshall-emberton-ii-beneficient-dune-reduction-de-70-pour-le-black-friday\/","name":"Les haut-parleurs Marshall Emberton II b\u00e9n\u00e9ficient d'une r\u00e9duction de 70 $ pour le Black Friday | Vie Associative","isPartOf":{"@id":"https:\/\/vieassociative.be\/actualites\/#website"},"primaryImageOfPage":{"@id":"https:\/\/vieassociative.be\/actualites\/les-haut-parleurs-marshall-emberton-ii-beneficient-dune-reduction-de-70-pour-le-black-friday\/#primaryimage"},"image":{"@id":"https:\/\/vieassociative.be\/actualites\/les-haut-parleurs-marshall-emberton-ii-beneficient-dune-reduction-de-70-pour-le-black-friday\/#primaryimage"},"thumbnailUrl":"https:\/\/vieassociative.be\/actualites\/wp-content\/uploads\/2024\/11\/Les-haut-parleurs-Marshall-Emberton-II-beneficient-dune-reduction-de-70.png","datePublished":"2024-11-29T01:17:07+00:00","dateModified":"2024-11-29T01:17:07+00:00","breadcrumb":{"@id":"https:\/\/vieassociative.be\/actualites\/les-haut-parleurs-marshall-emberton-ii-beneficient-dune-reduction-de-70-pour-le-black-friday\/#breadcrumb"},"inLanguage":"fr-BE","potentialAction":[{"@type":"ReadAction","target":["https:\/\/vieassociative.be\/actualites\/les-haut-parleurs-marshall-emberton-ii-beneficient-dune-reduction-de-70-pour-le-black-friday\/"]}]},{"@type":"ImageObject","inLanguage":"fr-BE","@id":"https:\/\/vieassociative.be\/actualites\/les-haut-parleurs-marshall-emberton-ii-beneficient-dune-reduction-de-70-pour-le-black-friday\/#primaryimage","url":"https:\/\/vieassociative.be\/actualites\/wp-content\/uploads\/2024\/11\/Les-haut-parleurs-Marshall-Emberton-II-beneficient-dune-reduction-de-70.png","contentUrl":"https:\/\/vieassociative.be\/actualites\/wp-content\/uploads\/2024\/11\/Les-haut-parleurs-Marshall-Emberton-II-beneficient-dune-reduction-de-70.png","width":1200,"height":675,"caption":"Les haut-parleurs Marshall Emberton II b\u00e9n\u00e9ficient d'une r\u00e9duction de 70 $ pour le Black Friday"},{"@type":"BreadcrumbList","@id":"https:\/\/vieassociative.be\/actualites\/les-haut-parleurs-marshall-emberton-ii-beneficient-dune-reduction-de-70-pour-le-black-friday\/#breadcrumb","itemListElement":[{"@type":"ListItem","position":1,"name":"Accueil","item":"https:\/\/vieassociative.be\/actualites\/"},{"@type":"ListItem","position":2,"name":"Les haut-parleurs Marshall Emberton II b\u00e9n\u00e9ficient d&rsquo;une r\u00e9duction de 70 $ pour le Black Friday"}]},{"@type":"WebSite","@id":"https:\/\/vieassociative.be\/actualites\/#website","url":"https:\/\/vieassociative.be\/actualites\/","name":"Vie Associative","description":"","publisher":{"@id":"https:\/\/vieassociative.be\/actualites\/#organization"},"potentialAction":[{"@type":"SearchAction","target":{"@type":"EntryPoint","urlTemplate":"https:\/\/vieassociative.be\/actualites\/?s={search_term_string}"},"query-input":{"@type":"PropertyValueSpecification","valueRequired":true,"valueName":"search_term_string"}}],"inLanguage":"fr-BE"},{"@type":"Organization","@id":"https:\/\/vieassociative.be\/actualites\/#organization","name":"Vie Associative","url":"https:\/\/vieassociative.be\/actualites\/","logo":{"@type":"ImageObject","inLanguage":"fr-BE","@id":"https:\/\/vieassociative.be\/actualites\/#\/schema\/logo\/image\/","url":"https:\/\/vieassociative.be\/actualites\/wp-content\/uploads\/2024\/09\/cropped-vieassociative_favicon.ico.png","contentUrl":"https:\/\/vieassociative.be\/actualites\/wp-content\/uploads\/2024\/09\/cropped-vieassociative_favicon.ico.png","width":512,"height":512,"caption":"Vie Associative"},"image":{"@id":"https:\/\/vieassociative.be\/actualites\/#\/schema\/logo\/image\/"}},{"@type":"Person","@id":"https:\/\/vieassociative.be\/actualites\/#\/schema\/person\/b87ac4f82f9d4e7b7cec7395b679edc4","name":"Julien","image":{"@type":"ImageObject","inLanguage":"fr-BE","@id":"https:\/\/vieassociative.be\/actualites\/#\/schema\/person\/image\/","url":"https:\/\/vieassociative.be\/actualites\/wp-content\/uploads\/2024\/09\/vie-associative-1-150x150.jpg","contentUrl":"https:\/\/vieassociative.be\/actualites\/wp-content\/uploads\/2024\/09\/vie-associative-1-150x150.jpg","caption":"Julien"},"description":"Je suis Julien, r\u00e9dacteur pour Vie Associative. Passionn\u00e9 par le monde associatif depuis plus de 10 ans, j'ai \u00e0 c\u0153ur de partager des histoires inspirantes et de mettre en lumi\u00e8re les initiatives locales. Mon objectif est de sensibiliser et d'encourager l'engagement communautaire \u00e0 travers mes articles.","sameAs":["https:\/\/vieassociative.be\/"]}]}},"_links":{"self":[{"href":"https:\/\/vieassociative.be\/actualites\/wp-json\/wp\/v2\/posts\/2872"}],"collection":[{"href":"https:\/\/vieassociative.be\/actualites\/wp-json\/wp\/v2\/posts"}],"about":[{"href":"https:\/\/vieassociative.be\/actualites\/wp-json\/wp\/v2\/types\/post"}],"author":[{"embeddable":true,"href":"https:\/\/vieassociative.be\/actualites\/wp-json\/wp\/v2\/users\/1"}],"replies":[{"embeddable":true,"href":"https:\/\/vieassociative.be\/actualites\/wp-json\/wp\/v2\/comments?post=2872"}],"version-history":[{"count":0,"href":"https:\/\/vieassociative.be\/actualites\/wp-json\/wp\/v2\/posts\/2872\/revisions"}],"wp:featuredmedia":[{"embeddable":true,"href":"https:\/\/vieassociative.be\/actualites\/wp-json\/wp\/v2\/media\/2873"}],"wp:attachment":[{"href":"https:\/\/vieassociative.be\/actualites\/wp-json\/wp\/v2\/media?parent=2872"}],"wp:term":[{"taxonomy":"category","embeddable":true,"href":"https:\/\/vieassociative.be\/actualites\/wp-json\/wp\/v2\/categories?post=2872"},{"taxonomy":"post_tag","embeddable":true,"href":"https:\/\/vieassociative.be\/actualites\/wp-json\/wp\/v2\/tags?post=2872"}],"curies":[{"name":"wp","href":"https:\/\/api.w.org\/{rel}","templated":true}]}}