{"id":2870,"date":"2024-11-29T01:18:18","date_gmt":"2024-11-29T00:18:18","guid":{"rendered":"https:\/\/vieassociative.be\/actualites\/lhistoire-legerement-deprimante-du-black-friday\/"},"modified":"2024-11-29T01:18:18","modified_gmt":"2024-11-29T00:18:18","slug":"lhistoire-legerement-deprimante-du-black-friday","status":"publish","type":"post","link":"https:\/\/vieassociative.be\/actualites\/lhistoire-legerement-deprimante-du-black-friday\/","title":{"rendered":"L\u2019histoire l\u00e9g\u00e8rement d\u00e9primante du \u00ab Black Friday \u00bb"},"content":{"rendered":"<div class=\"mt-4 leading-6 md:mb-8\">Nous savons tous ce qu\u2019est le Black Friday, mais d\u2019o\u00f9 vient-il et que veut-il ?<\/div>\n<p><\/p>\n<p>Le Black Friday \u2013 autrefois simplement appel\u00e9 \u00ab le lendemain de Thanksgiving \u00bb \u2013 est devenu une quasi-f\u00eate aux \u00c9tats-Unis, marqu\u00e9e par des r\u00e9ductions pour les consommateurs, des achats incessants et des violences occasionnelles. <\/p>\n<p>Le Black Friday a tellement grandi et m\u00e9tastas\u00e9 qu&rsquo;il n&rsquo;est plus un simple jour : c&rsquo;est une semaine, un mois, un v\u00e9ritable<em> \u00e9tat d&rsquo;esprit.<\/em> (En parlant de \u00e7a, consultez la couverture du Black Friday de Vie Associative. Nous avons toutes les bonnes affaires, b\u00e9b\u00e9 !) M\u00eame si les r\u00e9veils matinaux et les achats dans les magasins physiques le Black Friday diminuent \u00e0 mesure que les achats en ligne se d\u00e9veloppent, c&rsquo;est toujours un gros probl\u00e8me aux \u00c9tats-Unis. On estime qu&rsquo;environ 90 millions d&rsquo;Am\u00e9ricains ont fait leurs achats en ligne et que 76,2 millions d&rsquo;Am\u00e9ricains ont visit\u00e9 un magasin physique pendant le Black Friday 2023. <\/p>\n<p>Mais c&rsquo;est maintenant. Comment a commenc\u00e9 le Black Friday ? Qu&rsquo;est-ce que tout \u00e7a <em>signifier<\/em>?<\/p>\n<h2 id=\"when-was-the-first-black-friday\">\u00c0 quand remonte le premier Black Friday ?<\/h2>\n<p>Aux \u00c9tats-Unis, le \u00ab Black Friday \u00bb faisait initialement r\u00e9f\u00e9rence au d\u00e9but de la panique de 1869, lorsque l\u2019effondrement du prix de l\u2019or a d\u00e9vast\u00e9 l\u2019\u00e9conomie nationale. Le \u00ab Black Friday \u00bb pour d\u00e9crire la journ\u00e9e de shopping apr\u00e8s Thanksgiving ne remonte qu&rsquo;\u00e0 1951 : le terme est apparu pour la premi\u00e8re fois dans le journal. <em>Gestion et maintenance d&rsquo;usine<\/em> pour faire r\u00e9f\u00e9rence au nombre d&#8217;employ\u00e9s qui ont manqu\u00e9 de travailler le lendemain de Thanksgiving. \u00c0 peu pr\u00e8s au m\u00eame moment, la police de Philadelphie et de Rochester a commenc\u00e9 \u00e0 utiliser de mani\u00e8re informelle le \u00ab Black Friday \u00bb pour d\u00e9crire le trafic et les foules qui apparaissaient dans leurs villes alors que les acheteurs se rendaient dans les magasins le lendemain de Thanksgiving. <\/p>\n<p>L&rsquo;expression s&rsquo;est progressivement r\u00e9pandue : elle a \u00e9t\u00e9 reprise par la presse nationale en 1975 lorsque le <em>New York Times<\/em> a utilis\u00e9 l&rsquo;expression pour d\u00e9crire le lendemain de Thanksgiving et les achats et les ventes qu&rsquo;il apporte. <\/p>\n<p>Mais avant m\u00eame d&rsquo;avoir un nom, le Black Friday \u00e9tait un <em>chose<\/em>. Le lendemain de Thanksgiving est connu par les commer\u00e7ants comme le d\u00e9but de la saison des achats depuis la fin des ann\u00e9es 1800. \u00c0 l&rsquo;\u00e9poque et jusqu&rsquo;au XXe si\u00e8cle, les d\u00e9taillants parrainaient souvent des d\u00e9fil\u00e9s de Thanksgiving qui se terminaient traditionnellement par une apparition du P\u00e8re No\u00ebl, comme pour dire : \u00ab Il est maintenant temps de faire des achats pour No\u00ebl \u00bb. Par accord tacite entre les d\u00e9taillants, les publicit\u00e9s sur le th\u00e8me de No\u00ebl apparaissaient rarement avant Thanksgiving, \u00e0 l&rsquo;\u00e9poque de nos grands-parents. Ce march\u00e9 informel n\u2019est \u00e9videmment plus d\u2019actualit\u00e9. <\/p>\n<h2 id=\"black-fridays-problematic-name\">Le nom probl\u00e9matique du Black Friday<\/h2>\n<p>Faire r\u00e9f\u00e9rence \u00e0 un jour comme \u00ab noir \u00bb d\u00e9signe traditionnellement une p\u00e9riode de calamit\u00e9 ou de trag\u00e9die, ce qui am\u00e8ne certains \u00e0 sugg\u00e9rer des noms diff\u00e9rents pour le jour. Au d\u00e9but des ann\u00e9es 1960, les commer\u00e7ants de Philadelphie ont sugg\u00e9r\u00e9 \u00ab Big Friday \u00bb, un nom qui n\u2019a pas fait son chemin, laissant aux d\u00e9taillants la faible explication selon laquelle le \u00ab noir \u00bb dans Black Friday fait r\u00e9f\u00e9rence \u00e0 l\u2019encre noire indiquant les b\u00e9n\u00e9fices dans le grand livre (comme s\u2019ils n\u2019\u00e9taient pas des b\u00e9n\u00e9fices). je ne gagne pas d&rsquo;argent le reste de l&rsquo;ann\u00e9e). Une tradition souvent r\u00e9p\u00e9t\u00e9e sugg\u00e8re que les d\u00e9taillants sont \u00ab dans le rouge \u00bb toute l&rsquo;ann\u00e9e et ne commencent \u00e0 r\u00e9aliser un b\u00e9n\u00e9fice annuel qu&rsquo;\u00e0 la fin de l&rsquo;ann\u00e9e, mais la comptabilit\u00e9 ne fonctionne pas vraiment comme \u00e7a : les grandes cha\u00eenes de vente au d\u00e9tail rendent g\u00e9n\u00e9ralement compte de leurs b\u00e9n\u00e9fices aux investisseurs. chaque trimestre.<\/p>\n<p>Un probl\u00e8me plus moderne avec ce nom est que les ventes du Black Friday durent d\u00e9sormais des jours, voire des semaines, commen\u00e7ant du d\u00e9but \u00e0 la mi-novembre et se prolongeant jusqu&rsquo;au samedi, dimanche, \u00ab Cyber \u200b\u200b\u200b\u200bMonday \u00bb, mardi et au-del\u00e0, amenant les gens \u00e0 dites des choses comme\u00a0:\u00a0\u00ab\u00a0Voulez-vous faire du shopping pour le Black Friday ce dimanche\u00a0?\u00a0\u00bb Jusqu&rsquo;\u00e0 pr\u00e9sent, les noms alternatifs comme \u00abFive-Day Frenzy\u00bb et \u00abLe jour o\u00f9 je pi\u00e9tinerai quelqu&rsquo;un pour \u00e9conomiser 8 $ sur une Nespresso\u00bb n&rsquo;ont pas fait leur chemin. Mais il y a de l&rsquo;espoir. <\/p>\n<h2 id=\"the-failure-of-black-thursday\">L\u2019\u00e9chec du \u00ab Jeudi noir \u00bb <\/h2>\n<p>Une soif insatiable de profits a conduit de nombreux d\u00e9taillants \u00e0 tenter de repousser le d\u00e9but des achats physiques du Black Friday au jeudi (c&rsquo;est-\u00e0-dire le jour de Thanksgiving). \u00c0 partir de 2011 environ, certains grands d\u00e9taillants \u2013 Kmart, Toys R Us et d&rsquo;autres qui n&rsquo;ont pas fait faillite depuis \u2013 ont commenc\u00e9 \u00e0 ouvrir leurs portes \u00e0 Thanksgiving. <\/p>\n<p>La tendance n&rsquo;a jamais vraiment fait son chemin, de nombreux acheteurs \u00e9tant constern\u00e9s par le fait que les employ\u00e9s soient oblig\u00e9s de travailler le jour de Thanksgiving ou f\u00e2ch\u00e9s que le consum\u00e9risme empi\u00e8te sur une f\u00eate cens\u00e9e c\u00e9l\u00e9brer le colonialisme. En 2021, la plupart des grands d\u00e9taillants ont acquiesc\u00e9 et sont rest\u00e9s ferm\u00e9s le jour de Thanksgiving. <\/p>\n<h2 id=\"cyber-monday-is-black-fridays-bastard-child\">Le Cyber \u200b\u200bMonday est le b\u00e2tard du Black Friday<\/h2>\n<p>Le terme \u00ab Cyber \u200b\u200bMonday \u00bb d\u00e9crit l\u2019augmentation des ventes au d\u00e9tail en ligne le lundi apr\u00e8s Thanksgiving, provoqu\u00e9e par le retour des travailleurs au bureau et l\u2019acc\u00e8s direct aux achats en ligne. Le terme est apparu pour la premi\u00e8re fois le 28 novembre 2005, dans un communiqu\u00e9 de presse de Shop.org intitul\u00e9 \u00ab Le Cyber \u200b\u200b\u200b\u200bMonday devient rapidement l&rsquo;une des plus grandes journ\u00e9es de shopping en ligne de l&rsquo;ann\u00e9e \u00bb. Il s\u2019agit peut-\u00eatre du communiqu\u00e9 de presse le plus influent jamais r\u00e9dig\u00e9. <\/p>\n<h2 id=\"buy-nothing-is-the-inverse-of-black-friday\">Buy Nothing est l\u2019inverse du Black Friday<\/h2>\n<p>Les anti-consum\u00e9ristes ont baptis\u00e9 le lendemain de Thanksgiving \u00ab Buy Nothing Day \u00bb, un jour que vous pouvez c\u00e9l\u00e9brer en faisant un travail caritatif ou simplement en n&rsquo;achetant rien. Cr\u00e9\u00e9 par l&rsquo;artiste Ted Dave pour <em>AdBusters<\/em> magazine, la premi\u00e8re Journ\u00e9e sans achat a \u00e9t\u00e9 c\u00e9l\u00e9br\u00e9e au Canada en 1992. <\/p>\n<p>Il est difficile de mesurer le succ\u00e8s des vacances alternatives. Les ventes au d\u00e9tail en ligne et dans les magasins physiques ont fortement augment\u00e9 depuis 1992, ce qui sugg\u00e8re que l&rsquo;effet de la journ\u00e9e sans achat est n\u00e9gligeable. D&rsquo;un autre c\u00f4t\u00e9, peut-\u00eatre que les grands d\u00e9taillants gagnent des millions de moins que si quelqu&rsquo;un sur Bluesky ne vous rappelait pas de ne pas faire de shopping chaque Black Friday. Bien s\u00fbr.<\/p>\n<h2 id=\"how-many-people-has-black-friday-killed\">Combien de personnes le Black Friday a-t-il tu\u00e9 ?<\/h2>\n<p>Selon la fa\u00e7on dont on le mesure, le Black Friday a fait entre 1 et 17 d\u00e9c\u00e8s depuis 2010. Jdimytai Damour est la seule personne tu\u00e9e <em>directement<\/em> en raison d&rsquo;une vente du Black Friday\u00a0: le commis aux stocks de 34\u00a0ans a \u00e9t\u00e9 pi\u00e9tin\u00e9 \u00e0 mort par une foule croissante dans un Walmart de Long Island lors du Black\u00a0Friday en 2008. Si l&rsquo;on inclut les accidents de voiture, les fusillades, les suicides d&#8217;employ\u00e9s du commerce de d\u00e9tail et les crises cardiaques mortelles , le bilan du Black Friday s&rsquo;\u00e9l\u00e8ve \u00e0 17, avec 125 bless\u00e9s signal\u00e9s. <\/p>\n<p>La violence du Black Friday a m\u00eame inspir\u00e9 un film d&rsquo;horreur : le slasher d&rsquo;Eli Roth sur le th\u00e8me des vacances 2023 <em>Action de gr\u00e2ces<\/em> s&rsquo;ouvre sur une \u00e9meute hilarante et brutale du Black Friday qui incite deux de ses victimes \u00e0 \u00e9laborer un plan de vengeance brutal aux c\u00f4t\u00e9s de la dinde de l&rsquo;ann\u00e9e prochaine. <\/p>\n<h2 id=\"is-black-friday-a-gigantic-scam\">Le Black Friday est-il une gigantesque arnaque ?<\/h2>\n<p>Les critiques du Black Friday ont soulign\u00e9 qu&rsquo;il existe en fait un meilleur moment pour acheter un nouveau t\u00e9l\u00e9viseur (la semaine pr\u00e9c\u00e9dant le Super Bowl) et d&rsquo;autres produits, et que les \u00e9conomies r\u00e9alis\u00e9es gr\u00e2ce aux achats du Black Friday sont souvent en grande partie illusoires \u2013 des articles co\u00fbteux \u00ab \u00e0 vendre \u00bb se vendent g\u00e9n\u00e9ralement rapidement, laissant derri\u00e8re eux des produits dont le prix est, dans l\u2019ensemble, le m\u00eame qu\u2019\u00e0 tout autre moment de l\u2019ann\u00e9e.<\/p>\n<h2 id=\"black-friday-triumphant\">Le Black Friday triomphe<\/h2>\n<p>Malgr\u00e9 les f\u00eates de protestation, le d\u00e9sagr\u00e9ment du shopping lorsque les magasins sont bond\u00e9s et la frustration de rechercher des bonnes affaires qui souvent n&rsquo;existent pas, le Black Friday reste une f\u00eate non officielle, c\u00e9l\u00e9br\u00e9e d&rsquo;une mani\u00e8re ou d&rsquo;une autre par plus de 100 millions d&rsquo;Am\u00e9ricains. Ce que cela dit sur notre pays et sa relation avec le capitalisme n\u2019est pas clair. Personnellement, je vais continuer ma propre tradition du lendemain de Thanksgiving consistant \u00e0 manger de la tarte au petit-d\u00e9jeuner et \u00e0 penser \u00e0 aller me promener mais \u00e0 jouer \u00e0 des jeux vid\u00e9o \u00e0 la place.<\/p>\n","protected":false},"excerpt":{"rendered":"<p>Nous savons tous ce qu\u2019est le Black Friday, mais d\u2019o\u00f9 vient-il et que veut-il ? Le Black Friday \u2013 autrefois simplement appel\u00e9 \u00ab le lendemain<\/p>\n","protected":false},"author":1,"featured_media":2871,"comment_status":"","ping_status":"","sticky":false,"template":"","format":"standard","meta":{"footnotes":""},"categories":[41],"tags":[73,3590,1255,3344,2716],"class_list":["post-2870","post","type-post","status-publish","format-standard","has-post-thumbnail","hentry","category-argent","tag-black","tag-deprimante","tag-friday","tag-legerement","tag-lhistoire","generate-columns","tablet-grid-50","mobile-grid-100","grid-parent","grid-33"],"yoast_head":"<!-- This site is optimized with the Yoast SEO plugin v24.0 - https:\/\/yoast.com\/wordpress\/plugins\/seo\/ -->\n<title>L\u2019histoire l\u00e9g\u00e8rement d\u00e9primante du \u00ab Black Friday \u00bb | Vie Associative<\/title>\n<meta name=\"robots\" content=\"index, follow, max-snippet:-1, max-image-preview:large, max-video-preview:-1\" \/>\n<link rel=\"canonical\" href=\"https:\/\/vieassociative.be\/actualites\/lhistoire-legerement-deprimante-du-black-friday\/\" \/>\n<meta property=\"og:locale\" content=\"fr_FR\" \/>\n<meta property=\"og:type\" content=\"article\" \/>\n<meta property=\"og:title\" content=\"L\u2019histoire l\u00e9g\u00e8rement d\u00e9primante du \u00ab Black Friday \u00bb | Vie Associative\" \/>\n<meta property=\"og:description\" content=\"Nous savons tous ce qu\u2019est le Black Friday, mais d\u2019o\u00f9 vient-il et que veut-il ? Le Black Friday \u2013 autrefois simplement appel\u00e9 \u00ab le lendemain\" \/>\n<meta property=\"og:url\" content=\"https:\/\/vieassociative.be\/actualites\/lhistoire-legerement-deprimante-du-black-friday\/\" \/>\n<meta property=\"og:site_name\" content=\"Vie Associative\" \/>\n<meta property=\"article:published_time\" content=\"2024-11-29T00:18:18+00:00\" \/>\n<meta property=\"og:image\" content=\"https:\/\/vieassociative.be\/actualites\/wp-content\/uploads\/2024\/09\/header_backgroundk-01-e1726694325946.png\" \/>\n\t<meta property=\"og:image:width\" content=\"279\" \/>\n\t<meta property=\"og:image:height\" content=\"92\" \/>\n\t<meta property=\"og:image:type\" content=\"image\/png\" \/>\n<meta name=\"author\" content=\"Julien\" \/>\n<meta name=\"twitter:card\" content=\"summary_large_image\" \/>\n<meta name=\"twitter:label1\" content=\"\u00c9crit par\" \/>\n\t<meta name=\"twitter:data1\" content=\"Julien\" \/>\n\t<meta name=\"twitter:label2\" content=\"Dur\u00e9e de lecture est.\" \/>\n\t<meta name=\"twitter:data2\" content=\"7 minutes\" \/>\n<script type=\"application\/ld+json\" class=\"yoast-schema-graph\">{\"@context\":\"https:\/\/schema.org\",\"@graph\":[{\"@type\":\"Article\",\"@id\":\"https:\/\/vieassociative.be\/actualites\/lhistoire-legerement-deprimante-du-black-friday\/#article\",\"isPartOf\":{\"@id\":\"https:\/\/vieassociative.be\/actualites\/lhistoire-legerement-deprimante-du-black-friday\/\"},\"author\":{\"name\":\"Julien\",\"@id\":\"https:\/\/vieassociative.be\/actualites\/#\/schema\/person\/b87ac4f82f9d4e7b7cec7395b679edc4\"},\"headline\":\"L\u2019histoire l\u00e9g\u00e8rement d\u00e9primante du \u00ab Black Friday \u00bb\",\"datePublished\":\"2024-11-29T00:18:18+00:00\",\"dateModified\":\"2024-11-29T00:18:18+00:00\",\"mainEntityOfPage\":{\"@id\":\"https:\/\/vieassociative.be\/actualites\/lhistoire-legerement-deprimante-du-black-friday\/\"},\"wordCount\":1536,\"publisher\":{\"@id\":\"https:\/\/vieassociative.be\/actualites\/#organization\"},\"image\":{\"@id\":\"https:\/\/vieassociative.be\/actualites\/lhistoire-legerement-deprimante-du-black-friday\/#primaryimage\"},\"thumbnailUrl\":\"https:\/\/vieassociative.be\/actualites\/wp-content\/uploads\/2024\/11\/Lhistoire-legerement-deprimante-du-Black-Friday.jpg\",\"keywords\":[\"Black\",\"d\u00e9primante\",\"Friday\",\"l\u00e9g\u00e8rement\",\"lhistoire\"],\"articleSection\":[\"Argent\"],\"inLanguage\":\"fr-BE\"},{\"@type\":\"WebPage\",\"@id\":\"https:\/\/vieassociative.be\/actualites\/lhistoire-legerement-deprimante-du-black-friday\/\",\"url\":\"https:\/\/vieassociative.be\/actualites\/lhistoire-legerement-deprimante-du-black-friday\/\",\"name\":\"L\u2019histoire l\u00e9g\u00e8rement d\u00e9primante du \u00ab Black Friday \u00bb | Vie Associative\",\"isPartOf\":{\"@id\":\"https:\/\/vieassociative.be\/actualites\/#website\"},\"primaryImageOfPage\":{\"@id\":\"https:\/\/vieassociative.be\/actualites\/lhistoire-legerement-deprimante-du-black-friday\/#primaryimage\"},\"image\":{\"@id\":\"https:\/\/vieassociative.be\/actualites\/lhistoire-legerement-deprimante-du-black-friday\/#primaryimage\"},\"thumbnailUrl\":\"https:\/\/vieassociative.be\/actualites\/wp-content\/uploads\/2024\/11\/Lhistoire-legerement-deprimante-du-Black-Friday.jpg\",\"datePublished\":\"2024-11-29T00:18:18+00:00\",\"dateModified\":\"2024-11-29T00:18:18+00:00\",\"breadcrumb\":{\"@id\":\"https:\/\/vieassociative.be\/actualites\/lhistoire-legerement-deprimante-du-black-friday\/#breadcrumb\"},\"inLanguage\":\"fr-BE\",\"potentialAction\":[{\"@type\":\"ReadAction\",\"target\":[\"https:\/\/vieassociative.be\/actualites\/lhistoire-legerement-deprimante-du-black-friday\/\"]}]},{\"@type\":\"ImageObject\",\"inLanguage\":\"fr-BE\",\"@id\":\"https:\/\/vieassociative.be\/actualites\/lhistoire-legerement-deprimante-du-black-friday\/#primaryimage\",\"url\":\"https:\/\/vieassociative.be\/actualites\/wp-content\/uploads\/2024\/11\/Lhistoire-legerement-deprimante-du-Black-Friday.jpg\",\"contentUrl\":\"https:\/\/vieassociative.be\/actualites\/wp-content\/uploads\/2024\/11\/Lhistoire-legerement-deprimante-du-Black-Friday.jpg\",\"width\":1200,\"height\":675,\"caption\":\"L\u2019histoire l\u00e9g\u00e8rement d\u00e9primante du \u00ab Black Friday \u00bb\"},{\"@type\":\"BreadcrumbList\",\"@id\":\"https:\/\/vieassociative.be\/actualites\/lhistoire-legerement-deprimante-du-black-friday\/#breadcrumb\",\"itemListElement\":[{\"@type\":\"ListItem\",\"position\":1,\"name\":\"Accueil\",\"item\":\"https:\/\/vieassociative.be\/actualites\/\"},{\"@type\":\"ListItem\",\"position\":2,\"name\":\"L\u2019histoire l\u00e9g\u00e8rement d\u00e9primante du \u00ab Black Friday \u00bb\"}]},{\"@type\":\"WebSite\",\"@id\":\"https:\/\/vieassociative.be\/actualites\/#website\",\"url\":\"https:\/\/vieassociative.be\/actualites\/\",\"name\":\"Vie Associative\",\"description\":\"\",\"publisher\":{\"@id\":\"https:\/\/vieassociative.be\/actualites\/#organization\"},\"potentialAction\":[{\"@type\":\"SearchAction\",\"target\":{\"@type\":\"EntryPoint\",\"urlTemplate\":\"https:\/\/vieassociative.be\/actualites\/?s={search_term_string}\"},\"query-input\":{\"@type\":\"PropertyValueSpecification\",\"valueRequired\":true,\"valueName\":\"search_term_string\"}}],\"inLanguage\":\"fr-BE\"},{\"@type\":\"Organization\",\"@id\":\"https:\/\/vieassociative.be\/actualites\/#organization\",\"name\":\"Vie Associative\",\"url\":\"https:\/\/vieassociative.be\/actualites\/\",\"logo\":{\"@type\":\"ImageObject\",\"inLanguage\":\"fr-BE\",\"@id\":\"https:\/\/vieassociative.be\/actualites\/#\/schema\/logo\/image\/\",\"url\":\"https:\/\/vieassociative.be\/actualites\/wp-content\/uploads\/2024\/09\/cropped-vieassociative_favicon.ico.png\",\"contentUrl\":\"https:\/\/vieassociative.be\/actualites\/wp-content\/uploads\/2024\/09\/cropped-vieassociative_favicon.ico.png\",\"width\":512,\"height\":512,\"caption\":\"Vie Associative\"},\"image\":{\"@id\":\"https:\/\/vieassociative.be\/actualites\/#\/schema\/logo\/image\/\"}},{\"@type\":\"Person\",\"@id\":\"https:\/\/vieassociative.be\/actualites\/#\/schema\/person\/b87ac4f82f9d4e7b7cec7395b679edc4\",\"name\":\"Julien\",\"image\":{\"@type\":\"ImageObject\",\"inLanguage\":\"fr-BE\",\"@id\":\"https:\/\/vieassociative.be\/actualites\/#\/schema\/person\/image\/\",\"url\":\"https:\/\/vieassociative.be\/actualites\/wp-content\/uploads\/2024\/09\/vie-associative-1-150x150.jpg\",\"contentUrl\":\"https:\/\/vieassociative.be\/actualites\/wp-content\/uploads\/2024\/09\/vie-associative-1-150x150.jpg\",\"caption\":\"Julien\"},\"description\":\"Je suis Julien, r\u00e9dacteur pour Vie Associative. Passionn\u00e9 par le monde associatif depuis plus de 10 ans, j'ai \u00e0 c\u0153ur de partager des histoires inspirantes et de mettre en lumi\u00e8re les initiatives locales. Mon objectif est de sensibiliser et d'encourager l'engagement communautaire \u00e0 travers mes articles.\",\"sameAs\":[\"https:\/\/vieassociative.be\/\"]}]}<\/script>\n<!-- \/ Yoast SEO plugin. -->","yoast_head_json":{"title":"L\u2019histoire l\u00e9g\u00e8rement d\u00e9primante du \u00ab Black Friday \u00bb | Vie Associative","robots":{"index":"index","follow":"follow","max-snippet":"max-snippet:-1","max-image-preview":"max-image-preview:large","max-video-preview":"max-video-preview:-1"},"canonical":"https:\/\/vieassociative.be\/actualites\/lhistoire-legerement-deprimante-du-black-friday\/","og_locale":"fr_FR","og_type":"article","og_title":"L\u2019histoire l\u00e9g\u00e8rement d\u00e9primante du \u00ab Black Friday \u00bb | Vie Associative","og_description":"Nous savons tous ce qu\u2019est le Black Friday, mais d\u2019o\u00f9 vient-il et que veut-il ? Le Black Friday \u2013 autrefois simplement appel\u00e9 \u00ab le lendemain","og_url":"https:\/\/vieassociative.be\/actualites\/lhistoire-legerement-deprimante-du-black-friday\/","og_site_name":"Vie Associative","article_published_time":"2024-11-29T00:18:18+00:00","og_image":[{"width":279,"height":92,"url":"https:\/\/vieassociative.be\/actualites\/wp-content\/uploads\/2024\/09\/header_backgroundk-01-e1726694325946.png","type":"image\/png"}],"author":"Julien","twitter_card":"summary_large_image","twitter_misc":{"\u00c9crit par":"Julien","Dur\u00e9e de lecture est.":"7 minutes"},"schema":{"@context":"https:\/\/schema.org","@graph":[{"@type":"Article","@id":"https:\/\/vieassociative.be\/actualites\/lhistoire-legerement-deprimante-du-black-friday\/#article","isPartOf":{"@id":"https:\/\/vieassociative.be\/actualites\/lhistoire-legerement-deprimante-du-black-friday\/"},"author":{"name":"Julien","@id":"https:\/\/vieassociative.be\/actualites\/#\/schema\/person\/b87ac4f82f9d4e7b7cec7395b679edc4"},"headline":"L\u2019histoire l\u00e9g\u00e8rement d\u00e9primante du \u00ab Black Friday \u00bb","datePublished":"2024-11-29T00:18:18+00:00","dateModified":"2024-11-29T00:18:18+00:00","mainEntityOfPage":{"@id":"https:\/\/vieassociative.be\/actualites\/lhistoire-legerement-deprimante-du-black-friday\/"},"wordCount":1536,"publisher":{"@id":"https:\/\/vieassociative.be\/actualites\/#organization"},"image":{"@id":"https:\/\/vieassociative.be\/actualites\/lhistoire-legerement-deprimante-du-black-friday\/#primaryimage"},"thumbnailUrl":"https:\/\/vieassociative.be\/actualites\/wp-content\/uploads\/2024\/11\/Lhistoire-legerement-deprimante-du-Black-Friday.jpg","keywords":["Black","d\u00e9primante","Friday","l\u00e9g\u00e8rement","lhistoire"],"articleSection":["Argent"],"inLanguage":"fr-BE"},{"@type":"WebPage","@id":"https:\/\/vieassociative.be\/actualites\/lhistoire-legerement-deprimante-du-black-friday\/","url":"https:\/\/vieassociative.be\/actualites\/lhistoire-legerement-deprimante-du-black-friday\/","name":"L\u2019histoire l\u00e9g\u00e8rement d\u00e9primante du \u00ab Black Friday \u00bb | Vie Associative","isPartOf":{"@id":"https:\/\/vieassociative.be\/actualites\/#website"},"primaryImageOfPage":{"@id":"https:\/\/vieassociative.be\/actualites\/lhistoire-legerement-deprimante-du-black-friday\/#primaryimage"},"image":{"@id":"https:\/\/vieassociative.be\/actualites\/lhistoire-legerement-deprimante-du-black-friday\/#primaryimage"},"thumbnailUrl":"https:\/\/vieassociative.be\/actualites\/wp-content\/uploads\/2024\/11\/Lhistoire-legerement-deprimante-du-Black-Friday.jpg","datePublished":"2024-11-29T00:18:18+00:00","dateModified":"2024-11-29T00:18:18+00:00","breadcrumb":{"@id":"https:\/\/vieassociative.be\/actualites\/lhistoire-legerement-deprimante-du-black-friday\/#breadcrumb"},"inLanguage":"fr-BE","potentialAction":[{"@type":"ReadAction","target":["https:\/\/vieassociative.be\/actualites\/lhistoire-legerement-deprimante-du-black-friday\/"]}]},{"@type":"ImageObject","inLanguage":"fr-BE","@id":"https:\/\/vieassociative.be\/actualites\/lhistoire-legerement-deprimante-du-black-friday\/#primaryimage","url":"https:\/\/vieassociative.be\/actualites\/wp-content\/uploads\/2024\/11\/Lhistoire-legerement-deprimante-du-Black-Friday.jpg","contentUrl":"https:\/\/vieassociative.be\/actualites\/wp-content\/uploads\/2024\/11\/Lhistoire-legerement-deprimante-du-Black-Friday.jpg","width":1200,"height":675,"caption":"L\u2019histoire l\u00e9g\u00e8rement d\u00e9primante du \u00ab Black Friday \u00bb"},{"@type":"BreadcrumbList","@id":"https:\/\/vieassociative.be\/actualites\/lhistoire-legerement-deprimante-du-black-friday\/#breadcrumb","itemListElement":[{"@type":"ListItem","position":1,"name":"Accueil","item":"https:\/\/vieassociative.be\/actualites\/"},{"@type":"ListItem","position":2,"name":"L\u2019histoire l\u00e9g\u00e8rement d\u00e9primante du \u00ab Black Friday \u00bb"}]},{"@type":"WebSite","@id":"https:\/\/vieassociative.be\/actualites\/#website","url":"https:\/\/vieassociative.be\/actualites\/","name":"Vie Associative","description":"","publisher":{"@id":"https:\/\/vieassociative.be\/actualites\/#organization"},"potentialAction":[{"@type":"SearchAction","target":{"@type":"EntryPoint","urlTemplate":"https:\/\/vieassociative.be\/actualites\/?s={search_term_string}"},"query-input":{"@type":"PropertyValueSpecification","valueRequired":true,"valueName":"search_term_string"}}],"inLanguage":"fr-BE"},{"@type":"Organization","@id":"https:\/\/vieassociative.be\/actualites\/#organization","name":"Vie Associative","url":"https:\/\/vieassociative.be\/actualites\/","logo":{"@type":"ImageObject","inLanguage":"fr-BE","@id":"https:\/\/vieassociative.be\/actualites\/#\/schema\/logo\/image\/","url":"https:\/\/vieassociative.be\/actualites\/wp-content\/uploads\/2024\/09\/cropped-vieassociative_favicon.ico.png","contentUrl":"https:\/\/vieassociative.be\/actualites\/wp-content\/uploads\/2024\/09\/cropped-vieassociative_favicon.ico.png","width":512,"height":512,"caption":"Vie Associative"},"image":{"@id":"https:\/\/vieassociative.be\/actualites\/#\/schema\/logo\/image\/"}},{"@type":"Person","@id":"https:\/\/vieassociative.be\/actualites\/#\/schema\/person\/b87ac4f82f9d4e7b7cec7395b679edc4","name":"Julien","image":{"@type":"ImageObject","inLanguage":"fr-BE","@id":"https:\/\/vieassociative.be\/actualites\/#\/schema\/person\/image\/","url":"https:\/\/vieassociative.be\/actualites\/wp-content\/uploads\/2024\/09\/vie-associative-1-150x150.jpg","contentUrl":"https:\/\/vieassociative.be\/actualites\/wp-content\/uploads\/2024\/09\/vie-associative-1-150x150.jpg","caption":"Julien"},"description":"Je suis Julien, r\u00e9dacteur pour Vie Associative. Passionn\u00e9 par le monde associatif depuis plus de 10 ans, j'ai \u00e0 c\u0153ur de partager des histoires inspirantes et de mettre en lumi\u00e8re les initiatives locales. Mon objectif est de sensibiliser et d'encourager l'engagement communautaire \u00e0 travers mes articles.","sameAs":["https:\/\/vieassociative.be\/"]}]}},"_links":{"self":[{"href":"https:\/\/vieassociative.be\/actualites\/wp-json\/wp\/v2\/posts\/2870"}],"collection":[{"href":"https:\/\/vieassociative.be\/actualites\/wp-json\/wp\/v2\/posts"}],"about":[{"href":"https:\/\/vieassociative.be\/actualites\/wp-json\/wp\/v2\/types\/post"}],"author":[{"embeddable":true,"href":"https:\/\/vieassociative.be\/actualites\/wp-json\/wp\/v2\/users\/1"}],"replies":[{"embeddable":true,"href":"https:\/\/vieassociative.be\/actualites\/wp-json\/wp\/v2\/comments?post=2870"}],"version-history":[{"count":0,"href":"https:\/\/vieassociative.be\/actualites\/wp-json\/wp\/v2\/posts\/2870\/revisions"}],"wp:featuredmedia":[{"embeddable":true,"href":"https:\/\/vieassociative.be\/actualites\/wp-json\/wp\/v2\/media\/2871"}],"wp:attachment":[{"href":"https:\/\/vieassociative.be\/actualites\/wp-json\/wp\/v2\/media?parent=2870"}],"wp:term":[{"taxonomy":"category","embeddable":true,"href":"https:\/\/vieassociative.be\/actualites\/wp-json\/wp\/v2\/categories?post=2870"},{"taxonomy":"post_tag","embeddable":true,"href":"https:\/\/vieassociative.be\/actualites\/wp-json\/wp\/v2\/tags?post=2870"}],"curies":[{"name":"wp","href":"https:\/\/api.w.org\/{rel}","templated":true}]}}