{"id":2865,"date":"2024-11-28T21:17:28","date_gmt":"2024-11-28T20:17:28","guid":{"rendered":"https:\/\/vieassociative.be\/actualites\/marche-de-lavent-de-raeren-2024-au-chateau-de-raeren\/"},"modified":"2024-11-28T21:17:28","modified_gmt":"2024-11-28T20:17:28","slug":"marche-de-lavent-de-raeren-2024-au-chateau-de-raeren","status":"publish","type":"post","link":"https:\/\/vieassociative.be\/actualites\/marche-de-lavent-de-raeren-2024-au-chateau-de-raeren\/","title":{"rendered":"March\u00e9 de l&rsquo;Avent de Raeren 2024 au Ch\u00e2teau de Raeren"},"content":{"rendered":"<p><strong>Au pied du ch\u00e2teau de Raeren, il r\u00e8gne une atmosph\u00e8re d&rsquo;avant No\u00ebl au march\u00e9 de l&rsquo;Avent de Raeren. Le premier week-end de l&rsquo;Avent, le march\u00e9 de l&rsquo;Avent de Raeren ouvre ses portes en face du ch\u00e2teau de Raeren, \u00e0 la Haus Zahlepohl (Burgstra\u00dfe 101).<\/strong><\/p>\n<p><span id=\"more-402849\"><\/span>Les visiteurs peuvent s&rsquo;attendre \u00e0 une atmosph\u00e8re d&rsquo;avant No\u00ebl le samedi 30 novembre 2024 \u00e0 partir de 15 heures et le dimanche 1er d\u00e9cembre 2024 \u00e0 partir de 13 heures.<\/p>\n<p>Dans la grande tente chauff\u00e9e et sur la place en face du ch\u00e2teau, les clubs et commer\u00e7ants Raeren proposent une vari\u00e9t\u00e9 de produits (d&rsquo;avant) No\u00ebl \u00e0 offrir ou \u00e0 d\u00e9guster. Le bien-\u00eatre physique est \u00e9galement pris en compte : en plus du stand de grillades avec des frites belges et des traditionnelles gaufres chaudes de la Croix-Rouge de Raeren, du chou fris\u00e9 frais sera \u00e9galement propos\u00e9 cette ann\u00e9e.<\/p>\n<p>L&rsquo;orientation caritative reste un \u00e9l\u00e9ment central du march\u00e9. Le Centre public d&rsquo;action sociale (\u00d6SHZ) Raeren participe \u00e0 nouveau avec un arbre de souhaits et la vente d&rsquo;articles de No\u00ebl faits \u00e0 la main par l&rsquo;atelier des seniors. Les b\u00e9n\u00e9fices soutiennent les enfants d\u00e9favoris\u00e9s de Raeren et apportent la joie de No\u00ebl sous la devise \u00ab Un cadeau pour chaque enfant \u00bb.<\/p>\n<p>L&rsquo;Office de Tourisme de Raeren propose des boissons et propose du vin chaud, du cacao, du Tongerlo de No\u00ebl et une boisson chaude sp\u00e9ciale avec du GIN produit localement dans la tente et sur l&#8217;emplacement. Un programme musical en d\u00e9but de soir\u00e9e cr\u00e9e une ambiance festive suppl\u00e9mentaire.<\/p>\n<p>Il est possible de se garer sur le terrain de football du RFC, dans la Bergstrasse, sur le parking central derri\u00e8re l&rsquo;\u00e9glise et au Bergscheider Hof, tous facilement accessibles. Le samedi, le march\u00e9 est accessible \u00e0 pied avec la ligne de bus 722 (arr\u00eat M\u00fchlenstra\u00dfe) et le dimanche avec la ligne 14 (arr\u00eat Raeren Driesch).<\/p>\n","protected":false},"excerpt":{"rendered":"<p>Au pied du ch\u00e2teau de Raeren, il r\u00e8gne une atmosph\u00e8re d&rsquo;avant No\u00ebl au march\u00e9 de l&rsquo;Avent de Raeren. Le premier week-end de l&rsquo;Avent, le march\u00e9<\/p>\n","protected":false},"author":1,"featured_media":2866,"comment_status":"","ping_status":"","sticky":false,"template":"","format":"standard","meta":{"footnotes":""},"categories":[298],"tags":[2712,3586,1523,2645],"class_list":["post-2865","post","type-post","status-publish","format-standard","has-post-thumbnail","hentry","category-belgique","tag-chateau","tag-lavent","tag-marche","tag-raeren","generate-columns","tablet-grid-50","mobile-grid-100","grid-parent","grid-33"],"yoast_head":"<!-- This site is optimized with the Yoast SEO plugin v24.0 - https:\/\/yoast.com\/wordpress\/plugins\/seo\/ -->\n<title>March\u00e9 de l&#039;Avent de Raeren 2024 au Ch\u00e2teau de Raeren | Vie Associative<\/title>\n<meta name=\"robots\" content=\"index, follow, max-snippet:-1, max-image-preview:large, max-video-preview:-1\" \/>\n<link rel=\"canonical\" href=\"https:\/\/vieassociative.be\/actualites\/marche-de-lavent-de-raeren-2024-au-chateau-de-raeren\/\" \/>\n<meta property=\"og:locale\" content=\"fr_FR\" \/>\n<meta property=\"og:type\" content=\"article\" \/>\n<meta property=\"og:title\" content=\"March\u00e9 de l&#039;Avent de Raeren 2024 au Ch\u00e2teau de Raeren | Vie Associative\" \/>\n<meta property=\"og:description\" content=\"Au pied du ch\u00e2teau de Raeren, il r\u00e8gne une atmosph\u00e8re d&rsquo;avant No\u00ebl au march\u00e9 de l&rsquo;Avent de Raeren. Le premier week-end de l&rsquo;Avent, le march\u00e9\" \/>\n<meta property=\"og:url\" content=\"https:\/\/vieassociative.be\/actualites\/marche-de-lavent-de-raeren-2024-au-chateau-de-raeren\/\" \/>\n<meta property=\"og:site_name\" content=\"Vie Associative\" \/>\n<meta property=\"article:published_time\" content=\"2024-11-28T20:17:28+00:00\" \/>\n<meta property=\"og:image\" content=\"https:\/\/vieassociative.be\/actualites\/wp-content\/uploads\/2024\/09\/header_backgroundk-01-e1726694325946.png\" \/>\n\t<meta property=\"og:image:width\" content=\"279\" \/>\n\t<meta property=\"og:image:height\" content=\"92\" \/>\n\t<meta property=\"og:image:type\" content=\"image\/png\" \/>\n<meta name=\"author\" content=\"Julien\" \/>\n<meta name=\"twitter:card\" content=\"summary_large_image\" \/>\n<meta name=\"twitter:label1\" content=\"\u00c9crit par\" \/>\n\t<meta name=\"twitter:data1\" content=\"Julien\" \/>\n\t<meta name=\"twitter:label2\" content=\"Dur\u00e9e de lecture est.\" \/>\n\t<meta name=\"twitter:data2\" content=\"2 minutes\" \/>\n<script type=\"application\/ld+json\" class=\"yoast-schema-graph\">{\"@context\":\"https:\/\/schema.org\",\"@graph\":[{\"@type\":\"Article\",\"@id\":\"https:\/\/vieassociative.be\/actualites\/marche-de-lavent-de-raeren-2024-au-chateau-de-raeren\/#article\",\"isPartOf\":{\"@id\":\"https:\/\/vieassociative.be\/actualites\/marche-de-lavent-de-raeren-2024-au-chateau-de-raeren\/\"},\"author\":{\"name\":\"Julien\",\"@id\":\"https:\/\/vieassociative.be\/actualites\/#\/schema\/person\/b87ac4f82f9d4e7b7cec7395b679edc4\"},\"headline\":\"March\u00e9 de l&rsquo;Avent de Raeren 2024 au Ch\u00e2teau de Raeren\",\"datePublished\":\"2024-11-28T20:17:28+00:00\",\"dateModified\":\"2024-11-28T20:17:28+00:00\",\"mainEntityOfPage\":{\"@id\":\"https:\/\/vieassociative.be\/actualites\/marche-de-lavent-de-raeren-2024-au-chateau-de-raeren\/\"},\"wordCount\":345,\"publisher\":{\"@id\":\"https:\/\/vieassociative.be\/actualites\/#organization\"},\"image\":{\"@id\":\"https:\/\/vieassociative.be\/actualites\/marche-de-lavent-de-raeren-2024-au-chateau-de-raeren\/#primaryimage\"},\"thumbnailUrl\":\"https:\/\/vieassociative.be\/actualites\/wp-content\/uploads\/2024\/11\/Marche-de-lAvent-de-Raeren-2024-au-Chateau-de-Raeren.jpeg\",\"keywords\":[\"ch\u00e2teau\",\"lAvent\",\"march\u00e9\",\"Raeren\"],\"articleSection\":[\"Belgique\"],\"inLanguage\":\"fr-BE\"},{\"@type\":\"WebPage\",\"@id\":\"https:\/\/vieassociative.be\/actualites\/marche-de-lavent-de-raeren-2024-au-chateau-de-raeren\/\",\"url\":\"https:\/\/vieassociative.be\/actualites\/marche-de-lavent-de-raeren-2024-au-chateau-de-raeren\/\",\"name\":\"March\u00e9 de l'Avent de Raeren 2024 au Ch\u00e2teau de Raeren | Vie Associative\",\"isPartOf\":{\"@id\":\"https:\/\/vieassociative.be\/actualites\/#website\"},\"primaryImageOfPage\":{\"@id\":\"https:\/\/vieassociative.be\/actualites\/marche-de-lavent-de-raeren-2024-au-chateau-de-raeren\/#primaryimage\"},\"image\":{\"@id\":\"https:\/\/vieassociative.be\/actualites\/marche-de-lavent-de-raeren-2024-au-chateau-de-raeren\/#primaryimage\"},\"thumbnailUrl\":\"https:\/\/vieassociative.be\/actualites\/wp-content\/uploads\/2024\/11\/Marche-de-lAvent-de-Raeren-2024-au-Chateau-de-Raeren.jpeg\",\"datePublished\":\"2024-11-28T20:17:28+00:00\",\"dateModified\":\"2024-11-28T20:17:28+00:00\",\"breadcrumb\":{\"@id\":\"https:\/\/vieassociative.be\/actualites\/marche-de-lavent-de-raeren-2024-au-chateau-de-raeren\/#breadcrumb\"},\"inLanguage\":\"fr-BE\",\"potentialAction\":[{\"@type\":\"ReadAction\",\"target\":[\"https:\/\/vieassociative.be\/actualites\/marche-de-lavent-de-raeren-2024-au-chateau-de-raeren\/\"]}]},{\"@type\":\"ImageObject\",\"inLanguage\":\"fr-BE\",\"@id\":\"https:\/\/vieassociative.be\/actualites\/marche-de-lavent-de-raeren-2024-au-chateau-de-raeren\/#primaryimage\",\"url\":\"https:\/\/vieassociative.be\/actualites\/wp-content\/uploads\/2024\/11\/Marche-de-lAvent-de-Raeren-2024-au-Chateau-de-Raeren.jpeg\",\"contentUrl\":\"https:\/\/vieassociative.be\/actualites\/wp-content\/uploads\/2024\/11\/Marche-de-lAvent-de-Raeren-2024-au-Chateau-de-Raeren.jpeg\",\"width\":1200,\"height\":794,\"caption\":\"March\u00e9 de l'Avent de Raeren 2024 au Ch\u00e2teau de Raeren\"},{\"@type\":\"BreadcrumbList\",\"@id\":\"https:\/\/vieassociative.be\/actualites\/marche-de-lavent-de-raeren-2024-au-chateau-de-raeren\/#breadcrumb\",\"itemListElement\":[{\"@type\":\"ListItem\",\"position\":1,\"name\":\"Accueil\",\"item\":\"https:\/\/vieassociative.be\/actualites\/\"},{\"@type\":\"ListItem\",\"position\":2,\"name\":\"March\u00e9 de l&rsquo;Avent de Raeren 2024 au Ch\u00e2teau de Raeren\"}]},{\"@type\":\"WebSite\",\"@id\":\"https:\/\/vieassociative.be\/actualites\/#website\",\"url\":\"https:\/\/vieassociative.be\/actualites\/\",\"name\":\"Vie Associative\",\"description\":\"\",\"publisher\":{\"@id\":\"https:\/\/vieassociative.be\/actualites\/#organization\"},\"potentialAction\":[{\"@type\":\"SearchAction\",\"target\":{\"@type\":\"EntryPoint\",\"urlTemplate\":\"https:\/\/vieassociative.be\/actualites\/?s={search_term_string}\"},\"query-input\":{\"@type\":\"PropertyValueSpecification\",\"valueRequired\":true,\"valueName\":\"search_term_string\"}}],\"inLanguage\":\"fr-BE\"},{\"@type\":\"Organization\",\"@id\":\"https:\/\/vieassociative.be\/actualites\/#organization\",\"name\":\"Vie Associative\",\"url\":\"https:\/\/vieassociative.be\/actualites\/\",\"logo\":{\"@type\":\"ImageObject\",\"inLanguage\":\"fr-BE\",\"@id\":\"https:\/\/vieassociative.be\/actualites\/#\/schema\/logo\/image\/\",\"url\":\"https:\/\/vieassociative.be\/actualites\/wp-content\/uploads\/2024\/09\/cropped-vieassociative_favicon.ico.png\",\"contentUrl\":\"https:\/\/vieassociative.be\/actualites\/wp-content\/uploads\/2024\/09\/cropped-vieassociative_favicon.ico.png\",\"width\":512,\"height\":512,\"caption\":\"Vie Associative\"},\"image\":{\"@id\":\"https:\/\/vieassociative.be\/actualites\/#\/schema\/logo\/image\/\"}},{\"@type\":\"Person\",\"@id\":\"https:\/\/vieassociative.be\/actualites\/#\/schema\/person\/b87ac4f82f9d4e7b7cec7395b679edc4\",\"name\":\"Julien\",\"image\":{\"@type\":\"ImageObject\",\"inLanguage\":\"fr-BE\",\"@id\":\"https:\/\/vieassociative.be\/actualites\/#\/schema\/person\/image\/\",\"url\":\"https:\/\/vieassociative.be\/actualites\/wp-content\/uploads\/2024\/09\/vie-associative-1-150x150.jpg\",\"contentUrl\":\"https:\/\/vieassociative.be\/actualites\/wp-content\/uploads\/2024\/09\/vie-associative-1-150x150.jpg\",\"caption\":\"Julien\"},\"description\":\"Je suis Julien, r\u00e9dacteur pour Vie Associative. Passionn\u00e9 par le monde associatif depuis plus de 10 ans, j'ai \u00e0 c\u0153ur de partager des histoires inspirantes et de mettre en lumi\u00e8re les initiatives locales. Mon objectif est de sensibiliser et d'encourager l'engagement communautaire \u00e0 travers mes articles.\",\"sameAs\":[\"https:\/\/vieassociative.be\/\"]}]}<\/script>\n<!-- \/ Yoast SEO plugin. -->","yoast_head_json":{"title":"March\u00e9 de l'Avent de Raeren 2024 au Ch\u00e2teau de Raeren | Vie Associative","robots":{"index":"index","follow":"follow","max-snippet":"max-snippet:-1","max-image-preview":"max-image-preview:large","max-video-preview":"max-video-preview:-1"},"canonical":"https:\/\/vieassociative.be\/actualites\/marche-de-lavent-de-raeren-2024-au-chateau-de-raeren\/","og_locale":"fr_FR","og_type":"article","og_title":"March\u00e9 de l'Avent de Raeren 2024 au Ch\u00e2teau de Raeren | Vie Associative","og_description":"Au pied du ch\u00e2teau de Raeren, il r\u00e8gne une atmosph\u00e8re d&rsquo;avant No\u00ebl au march\u00e9 de l&rsquo;Avent de Raeren. Le premier week-end de l&rsquo;Avent, le march\u00e9","og_url":"https:\/\/vieassociative.be\/actualites\/marche-de-lavent-de-raeren-2024-au-chateau-de-raeren\/","og_site_name":"Vie Associative","article_published_time":"2024-11-28T20:17:28+00:00","og_image":[{"width":279,"height":92,"url":"https:\/\/vieassociative.be\/actualites\/wp-content\/uploads\/2024\/09\/header_backgroundk-01-e1726694325946.png","type":"image\/png"}],"author":"Julien","twitter_card":"summary_large_image","twitter_misc":{"\u00c9crit par":"Julien","Dur\u00e9e de lecture est.":"2 minutes"},"schema":{"@context":"https:\/\/schema.org","@graph":[{"@type":"Article","@id":"https:\/\/vieassociative.be\/actualites\/marche-de-lavent-de-raeren-2024-au-chateau-de-raeren\/#article","isPartOf":{"@id":"https:\/\/vieassociative.be\/actualites\/marche-de-lavent-de-raeren-2024-au-chateau-de-raeren\/"},"author":{"name":"Julien","@id":"https:\/\/vieassociative.be\/actualites\/#\/schema\/person\/b87ac4f82f9d4e7b7cec7395b679edc4"},"headline":"March\u00e9 de l&rsquo;Avent de Raeren 2024 au Ch\u00e2teau de Raeren","datePublished":"2024-11-28T20:17:28+00:00","dateModified":"2024-11-28T20:17:28+00:00","mainEntityOfPage":{"@id":"https:\/\/vieassociative.be\/actualites\/marche-de-lavent-de-raeren-2024-au-chateau-de-raeren\/"},"wordCount":345,"publisher":{"@id":"https:\/\/vieassociative.be\/actualites\/#organization"},"image":{"@id":"https:\/\/vieassociative.be\/actualites\/marche-de-lavent-de-raeren-2024-au-chateau-de-raeren\/#primaryimage"},"thumbnailUrl":"https:\/\/vieassociative.be\/actualites\/wp-content\/uploads\/2024\/11\/Marche-de-lAvent-de-Raeren-2024-au-Chateau-de-Raeren.jpeg","keywords":["ch\u00e2teau","lAvent","march\u00e9","Raeren"],"articleSection":["Belgique"],"inLanguage":"fr-BE"},{"@type":"WebPage","@id":"https:\/\/vieassociative.be\/actualites\/marche-de-lavent-de-raeren-2024-au-chateau-de-raeren\/","url":"https:\/\/vieassociative.be\/actualites\/marche-de-lavent-de-raeren-2024-au-chateau-de-raeren\/","name":"March\u00e9 de l'Avent de Raeren 2024 au Ch\u00e2teau de Raeren | Vie Associative","isPartOf":{"@id":"https:\/\/vieassociative.be\/actualites\/#website"},"primaryImageOfPage":{"@id":"https:\/\/vieassociative.be\/actualites\/marche-de-lavent-de-raeren-2024-au-chateau-de-raeren\/#primaryimage"},"image":{"@id":"https:\/\/vieassociative.be\/actualites\/marche-de-lavent-de-raeren-2024-au-chateau-de-raeren\/#primaryimage"},"thumbnailUrl":"https:\/\/vieassociative.be\/actualites\/wp-content\/uploads\/2024\/11\/Marche-de-lAvent-de-Raeren-2024-au-Chateau-de-Raeren.jpeg","datePublished":"2024-11-28T20:17:28+00:00","dateModified":"2024-11-28T20:17:28+00:00","breadcrumb":{"@id":"https:\/\/vieassociative.be\/actualites\/marche-de-lavent-de-raeren-2024-au-chateau-de-raeren\/#breadcrumb"},"inLanguage":"fr-BE","potentialAction":[{"@type":"ReadAction","target":["https:\/\/vieassociative.be\/actualites\/marche-de-lavent-de-raeren-2024-au-chateau-de-raeren\/"]}]},{"@type":"ImageObject","inLanguage":"fr-BE","@id":"https:\/\/vieassociative.be\/actualites\/marche-de-lavent-de-raeren-2024-au-chateau-de-raeren\/#primaryimage","url":"https:\/\/vieassociative.be\/actualites\/wp-content\/uploads\/2024\/11\/Marche-de-lAvent-de-Raeren-2024-au-Chateau-de-Raeren.jpeg","contentUrl":"https:\/\/vieassociative.be\/actualites\/wp-content\/uploads\/2024\/11\/Marche-de-lAvent-de-Raeren-2024-au-Chateau-de-Raeren.jpeg","width":1200,"height":794,"caption":"March\u00e9 de l'Avent de Raeren 2024 au Ch\u00e2teau de Raeren"},{"@type":"BreadcrumbList","@id":"https:\/\/vieassociative.be\/actualites\/marche-de-lavent-de-raeren-2024-au-chateau-de-raeren\/#breadcrumb","itemListElement":[{"@type":"ListItem","position":1,"name":"Accueil","item":"https:\/\/vieassociative.be\/actualites\/"},{"@type":"ListItem","position":2,"name":"March\u00e9 de l&rsquo;Avent de Raeren 2024 au Ch\u00e2teau de Raeren"}]},{"@type":"WebSite","@id":"https:\/\/vieassociative.be\/actualites\/#website","url":"https:\/\/vieassociative.be\/actualites\/","name":"Vie Associative","description":"","publisher":{"@id":"https:\/\/vieassociative.be\/actualites\/#organization"},"potentialAction":[{"@type":"SearchAction","target":{"@type":"EntryPoint","urlTemplate":"https:\/\/vieassociative.be\/actualites\/?s={search_term_string}"},"query-input":{"@type":"PropertyValueSpecification","valueRequired":true,"valueName":"search_term_string"}}],"inLanguage":"fr-BE"},{"@type":"Organization","@id":"https:\/\/vieassociative.be\/actualites\/#organization","name":"Vie Associative","url":"https:\/\/vieassociative.be\/actualites\/","logo":{"@type":"ImageObject","inLanguage":"fr-BE","@id":"https:\/\/vieassociative.be\/actualites\/#\/schema\/logo\/image\/","url":"https:\/\/vieassociative.be\/actualites\/wp-content\/uploads\/2024\/09\/cropped-vieassociative_favicon.ico.png","contentUrl":"https:\/\/vieassociative.be\/actualites\/wp-content\/uploads\/2024\/09\/cropped-vieassociative_favicon.ico.png","width":512,"height":512,"caption":"Vie Associative"},"image":{"@id":"https:\/\/vieassociative.be\/actualites\/#\/schema\/logo\/image\/"}},{"@type":"Person","@id":"https:\/\/vieassociative.be\/actualites\/#\/schema\/person\/b87ac4f82f9d4e7b7cec7395b679edc4","name":"Julien","image":{"@type":"ImageObject","inLanguage":"fr-BE","@id":"https:\/\/vieassociative.be\/actualites\/#\/schema\/person\/image\/","url":"https:\/\/vieassociative.be\/actualites\/wp-content\/uploads\/2024\/09\/vie-associative-1-150x150.jpg","contentUrl":"https:\/\/vieassociative.be\/actualites\/wp-content\/uploads\/2024\/09\/vie-associative-1-150x150.jpg","caption":"Julien"},"description":"Je suis Julien, r\u00e9dacteur pour Vie Associative. Passionn\u00e9 par le monde associatif depuis plus de 10 ans, j'ai \u00e0 c\u0153ur de partager des histoires inspirantes et de mettre en lumi\u00e8re les initiatives locales. Mon objectif est de sensibiliser et d'encourager l'engagement communautaire \u00e0 travers mes articles.","sameAs":["https:\/\/vieassociative.be\/"]}]}},"_links":{"self":[{"href":"https:\/\/vieassociative.be\/actualites\/wp-json\/wp\/v2\/posts\/2865"}],"collection":[{"href":"https:\/\/vieassociative.be\/actualites\/wp-json\/wp\/v2\/posts"}],"about":[{"href":"https:\/\/vieassociative.be\/actualites\/wp-json\/wp\/v2\/types\/post"}],"author":[{"embeddable":true,"href":"https:\/\/vieassociative.be\/actualites\/wp-json\/wp\/v2\/users\/1"}],"replies":[{"embeddable":true,"href":"https:\/\/vieassociative.be\/actualites\/wp-json\/wp\/v2\/comments?post=2865"}],"version-history":[{"count":0,"href":"https:\/\/vieassociative.be\/actualites\/wp-json\/wp\/v2\/posts\/2865\/revisions"}],"wp:featuredmedia":[{"embeddable":true,"href":"https:\/\/vieassociative.be\/actualites\/wp-json\/wp\/v2\/media\/2866"}],"wp:attachment":[{"href":"https:\/\/vieassociative.be\/actualites\/wp-json\/wp\/v2\/media?parent=2865"}],"wp:term":[{"taxonomy":"category","embeddable":true,"href":"https:\/\/vieassociative.be\/actualites\/wp-json\/wp\/v2\/categories?post=2865"},{"taxonomy":"post_tag","embeddable":true,"href":"https:\/\/vieassociative.be\/actualites\/wp-json\/wp\/v2\/tags?post=2865"}],"curies":[{"name":"wp","href":"https:\/\/api.w.org\/{rel}","templated":true}]}}