{"id":2863,"date":"2024-11-28T20:17:14","date_gmt":"2024-11-28T19:17:14","guid":{"rendered":"https:\/\/vieassociative.be\/actualites\/ce-kindle-paperwhite-damazon-est-a-son-prix-le-plus-bas-jamais-vu-pour-le-black-friday\/"},"modified":"2024-11-28T20:17:14","modified_gmt":"2024-11-28T19:17:14","slug":"ce-kindle-paperwhite-damazon-est-a-son-prix-le-plus-bas-jamais-vu-pour-le-black-friday","status":"publish","type":"post","link":"https:\/\/vieassociative.be\/actualites\/ce-kindle-paperwhite-damazon-est-a-son-prix-le-plus-bas-jamais-vu-pour-le-black-friday\/","title":{"rendered":"Ce Kindle Paperwhite d&rsquo;Amazon est \u00e0 son prix le plus bas jamais vu pour le Black Friday"},"content":{"rendered":"<div class=\"mt-4 leading-6 md:mb-8\">Pour tous ceux qui recherchent une liseuse de milieu de gamme qui \u00e9quilibre performances et prix, la Paperwhite est \u00e0 la hauteur.<\/div>\n<p><\/p>\n<p>L&rsquo;Amazon Kindle Paperwhite (12e g\u00e9n\u00e9ration, 2024) co\u00fbte d\u00e9sormais 129,99 $ pour le Black Friday, contre 159,99 $ \u2013 son prix le plus bas \u00e0 ce jour, selon les outils de suivi des prix. Il s&rsquo;agit d&rsquo;une belle mise \u00e0 niveau par rapport au Kindle de base, avec un \u00e9cran plus grand de 7 pouces, trois options de couleurs, un \u00e9clairage avant chaud et froid r\u00e9glable et une construction \u00e9tanche (class\u00e9 IPX8). Il est livr\u00e9 avec 16 Go de stockage, ce qui est plus que suffisant pour les livres \u00e9lectroniques, mais peut sembler un peu serr\u00e9 si vous aimez les livres audio (pour lesquels vous aurez besoin d&rsquo;un casque Bluetooth puisque ce mod\u00e8le n&rsquo;a pas de prise casque). De plus, si vous pr\u00e9f\u00e9rez les livres audio, l\u2019\u00e9dition Signature avec 32 Go de stockage pourrait \u00eatre une meilleure option pour vous.<\/p>\n<p>Le Paperwhite est livr\u00e9 avec le Wi-Fi double bande (bien que la connectivit\u00e9 cellulaire soit toujours manquante) pour t\u00e9l\u00e9charger des livres \u00e9lectroniques, des livres audio et des magazines depuis la boutique Kindle. Vous pouvez \u00e9galement t\u00e9l\u00e9charger vos propres documents et t\u00e9l\u00e9charger des applications tierces comme Libby pour emprunter des livres de biblioth\u00e8que, une fonctionnalit\u00e9 d\u00e9ploy\u00e9e progressivement sur tous les Kindle gr\u00e2ce aux derni\u00e8res mises \u00e0 jour du micrologiciel. L&rsquo;\u00e9cran 300 ppp du Paperwhite garantit un texte net, tandis que 16 niveaux de niveaux de gris en font une excellente option pour la lecture E-Ink classique. Cela dit, cette revue PCMag note que l&rsquo;\u00e9cran a un ton l\u00e9g\u00e8rement plus jaune que la g\u00e9n\u00e9ration pr\u00e9c\u00e9dente (ce n&rsquo;est pas un probl\u00e8me majeur, mais m\u00e9rite d&rsquo;\u00eatre mentionn\u00e9). Une autre chose \u00e0 noter concerne les publicit\u00e9s sur l&rsquo;\u00e9cran de verrouillage fournies par d\u00e9faut : leur suppression vous co\u00fbtera 20\u00a0$ de plus.<\/p>\n<p>La dur\u00e9e de vie de la batterie du Paperwhite est estim\u00e9e \u00e0 12 semaines avec une seule charge, bien que sa dur\u00e9e r\u00e9elle d\u00e9pende de vos habitudes de lecture et de vos param\u00e8tres de luminosit\u00e9. \u00c0 ce prix, le Paperwhite constitue un excellent rapport qualit\u00e9-prix, en particulier pour les lecteurs qui souhaitent un appareil \u00e9tanche qu&rsquo;ils peuvent emporter partout. Cependant, si vous souhaitez plus de stockage ou de fonctionnalit\u00e9s telles que le chargement sans fil, l&rsquo;\u00e9dition Signature (154,99 $, contre 199,99 $) pourrait valoir la mise \u00e0 niveau.<\/p>\n<div class=\"w-full mt-12 text-center sm:text-left\" x-data=\"{ showAll: false }\">\n<div class=\"flex flex-col items-center justify-between sm:px-6 sm:flex-row\">\n\t\t\t<span class=\"text-sm italic\">Les offres sont s\u00e9lectionn\u00e9es par notre \u00e9quipe commerciale<\/span><\/p><\/div>\n<\/p><\/div>\n","protected":false},"excerpt":{"rendered":"<p>Pour tous ceux qui recherchent une liseuse de milieu de gamme qui \u00e9quilibre performances et prix, la Paperwhite est \u00e0 la hauteur. L&rsquo;Amazon Kindle Paperwhite<\/p>\n","protected":false},"author":1,"featured_media":2864,"comment_status":"","ping_status":"","sticky":false,"template":"","format":"standard","meta":{"footnotes":""},"categories":[13],"tags":[700,73,1154,76,1255,851,2263,3585,81,1399,800],"class_list":["post-2863","post","type-post","status-publish","format-standard","has-post-thumbnail","hentry","category-technologie","tag-bas","tag-black","tag-damazon","tag-est","tag-friday","tag-jamais","tag-kindle","tag-paperwhite","tag-pour","tag-prix","tag-son","generate-columns","tablet-grid-50","mobile-grid-100","grid-parent","grid-33"],"yoast_head":"<!-- This site is optimized with the Yoast SEO plugin v24.0 - https:\/\/yoast.com\/wordpress\/plugins\/seo\/ -->\n<title>Ce Kindle Paperwhite d&#039;Amazon est \u00e0 son prix le plus bas jamais vu pour le Black Friday | Vie Associative<\/title>\n<meta name=\"robots\" content=\"index, follow, max-snippet:-1, max-image-preview:large, max-video-preview:-1\" \/>\n<link rel=\"canonical\" href=\"https:\/\/vieassociative.be\/actualites\/ce-kindle-paperwhite-damazon-est-a-son-prix-le-plus-bas-jamais-vu-pour-le-black-friday\/\" \/>\n<meta property=\"og:locale\" content=\"fr_FR\" \/>\n<meta property=\"og:type\" content=\"article\" \/>\n<meta property=\"og:title\" content=\"Ce Kindle Paperwhite d&#039;Amazon est \u00e0 son prix le plus bas jamais vu pour le Black Friday | Vie Associative\" \/>\n<meta property=\"og:description\" content=\"Pour tous ceux qui recherchent une liseuse de milieu de gamme qui \u00e9quilibre performances et prix, la Paperwhite est \u00e0 la hauteur. L&rsquo;Amazon Kindle Paperwhite\" \/>\n<meta property=\"og:url\" content=\"https:\/\/vieassociative.be\/actualites\/ce-kindle-paperwhite-damazon-est-a-son-prix-le-plus-bas-jamais-vu-pour-le-black-friday\/\" \/>\n<meta property=\"og:site_name\" content=\"Vie Associative\" \/>\n<meta property=\"article:published_time\" content=\"2024-11-28T19:17:14+00:00\" \/>\n<meta property=\"og:image\" content=\"https:\/\/vieassociative.be\/actualites\/wp-content\/uploads\/2024\/09\/header_backgroundk-01-e1726694325946.png\" \/>\n\t<meta property=\"og:image:width\" content=\"279\" \/>\n\t<meta property=\"og:image:height\" content=\"92\" \/>\n\t<meta property=\"og:image:type\" content=\"image\/png\" \/>\n<meta name=\"author\" content=\"Julien\" \/>\n<meta name=\"twitter:card\" content=\"summary_large_image\" \/>\n<meta name=\"twitter:label1\" content=\"\u00c9crit par\" \/>\n\t<meta name=\"twitter:data1\" content=\"Julien\" \/>\n\t<meta name=\"twitter:label2\" content=\"Dur\u00e9e de lecture est.\" \/>\n\t<meta name=\"twitter:data2\" content=\"2 minutes\" \/>\n<script type=\"application\/ld+json\" class=\"yoast-schema-graph\">{\"@context\":\"https:\/\/schema.org\",\"@graph\":[{\"@type\":\"Article\",\"@id\":\"https:\/\/vieassociative.be\/actualites\/ce-kindle-paperwhite-damazon-est-a-son-prix-le-plus-bas-jamais-vu-pour-le-black-friday\/#article\",\"isPartOf\":{\"@id\":\"https:\/\/vieassociative.be\/actualites\/ce-kindle-paperwhite-damazon-est-a-son-prix-le-plus-bas-jamais-vu-pour-le-black-friday\/\"},\"author\":{\"name\":\"Julien\",\"@id\":\"https:\/\/vieassociative.be\/actualites\/#\/schema\/person\/b87ac4f82f9d4e7b7cec7395b679edc4\"},\"headline\":\"Ce Kindle Paperwhite d&rsquo;Amazon est \u00e0 son prix le plus bas jamais vu pour le Black Friday\",\"datePublished\":\"2024-11-28T19:17:14+00:00\",\"dateModified\":\"2024-11-28T19:17:14+00:00\",\"mainEntityOfPage\":{\"@id\":\"https:\/\/vieassociative.be\/actualites\/ce-kindle-paperwhite-damazon-est-a-son-prix-le-plus-bas-jamais-vu-pour-le-black-friday\/\"},\"wordCount\":447,\"publisher\":{\"@id\":\"https:\/\/vieassociative.be\/actualites\/#organization\"},\"image\":{\"@id\":\"https:\/\/vieassociative.be\/actualites\/ce-kindle-paperwhite-damazon-est-a-son-prix-le-plus-bas-jamais-vu-pour-le-black-friday\/#primaryimage\"},\"thumbnailUrl\":\"https:\/\/vieassociative.be\/actualites\/wp-content\/uploads\/2024\/11\/Ce-Kindle-Paperwhite-dAmazon-est-a-son-prix-le-plus.png\",\"keywords\":[\"bas\",\"Black\",\"dAmazon\",\"est\",\"Friday\",\"jamais\",\"Kindle\",\"Paperwhite\",\"pour\",\"prix\",\"son\"],\"articleSection\":[\"Technologie\"],\"inLanguage\":\"fr-BE\"},{\"@type\":\"WebPage\",\"@id\":\"https:\/\/vieassociative.be\/actualites\/ce-kindle-paperwhite-damazon-est-a-son-prix-le-plus-bas-jamais-vu-pour-le-black-friday\/\",\"url\":\"https:\/\/vieassociative.be\/actualites\/ce-kindle-paperwhite-damazon-est-a-son-prix-le-plus-bas-jamais-vu-pour-le-black-friday\/\",\"name\":\"Ce Kindle Paperwhite d'Amazon est \u00e0 son prix le plus bas jamais vu pour le Black Friday | Vie Associative\",\"isPartOf\":{\"@id\":\"https:\/\/vieassociative.be\/actualites\/#website\"},\"primaryImageOfPage\":{\"@id\":\"https:\/\/vieassociative.be\/actualites\/ce-kindle-paperwhite-damazon-est-a-son-prix-le-plus-bas-jamais-vu-pour-le-black-friday\/#primaryimage\"},\"image\":{\"@id\":\"https:\/\/vieassociative.be\/actualites\/ce-kindle-paperwhite-damazon-est-a-son-prix-le-plus-bas-jamais-vu-pour-le-black-friday\/#primaryimage\"},\"thumbnailUrl\":\"https:\/\/vieassociative.be\/actualites\/wp-content\/uploads\/2024\/11\/Ce-Kindle-Paperwhite-dAmazon-est-a-son-prix-le-plus.png\",\"datePublished\":\"2024-11-28T19:17:14+00:00\",\"dateModified\":\"2024-11-28T19:17:14+00:00\",\"breadcrumb\":{\"@id\":\"https:\/\/vieassociative.be\/actualites\/ce-kindle-paperwhite-damazon-est-a-son-prix-le-plus-bas-jamais-vu-pour-le-black-friday\/#breadcrumb\"},\"inLanguage\":\"fr-BE\",\"potentialAction\":[{\"@type\":\"ReadAction\",\"target\":[\"https:\/\/vieassociative.be\/actualites\/ce-kindle-paperwhite-damazon-est-a-son-prix-le-plus-bas-jamais-vu-pour-le-black-friday\/\"]}]},{\"@type\":\"ImageObject\",\"inLanguage\":\"fr-BE\",\"@id\":\"https:\/\/vieassociative.be\/actualites\/ce-kindle-paperwhite-damazon-est-a-son-prix-le-plus-bas-jamais-vu-pour-le-black-friday\/#primaryimage\",\"url\":\"https:\/\/vieassociative.be\/actualites\/wp-content\/uploads\/2024\/11\/Ce-Kindle-Paperwhite-dAmazon-est-a-son-prix-le-plus.png\",\"contentUrl\":\"https:\/\/vieassociative.be\/actualites\/wp-content\/uploads\/2024\/11\/Ce-Kindle-Paperwhite-dAmazon-est-a-son-prix-le-plus.png\",\"width\":1200,\"height\":675,\"caption\":\"Ce Kindle Paperwhite d'Amazon est \u00e0 son prix le plus bas jamais vu pour le Black Friday\"},{\"@type\":\"BreadcrumbList\",\"@id\":\"https:\/\/vieassociative.be\/actualites\/ce-kindle-paperwhite-damazon-est-a-son-prix-le-plus-bas-jamais-vu-pour-le-black-friday\/#breadcrumb\",\"itemListElement\":[{\"@type\":\"ListItem\",\"position\":1,\"name\":\"Accueil\",\"item\":\"https:\/\/vieassociative.be\/actualites\/\"},{\"@type\":\"ListItem\",\"position\":2,\"name\":\"Ce Kindle Paperwhite d&rsquo;Amazon est \u00e0 son prix le plus bas jamais vu pour le Black Friday\"}]},{\"@type\":\"WebSite\",\"@id\":\"https:\/\/vieassociative.be\/actualites\/#website\",\"url\":\"https:\/\/vieassociative.be\/actualites\/\",\"name\":\"Vie Associative\",\"description\":\"\",\"publisher\":{\"@id\":\"https:\/\/vieassociative.be\/actualites\/#organization\"},\"potentialAction\":[{\"@type\":\"SearchAction\",\"target\":{\"@type\":\"EntryPoint\",\"urlTemplate\":\"https:\/\/vieassociative.be\/actualites\/?s={search_term_string}\"},\"query-input\":{\"@type\":\"PropertyValueSpecification\",\"valueRequired\":true,\"valueName\":\"search_term_string\"}}],\"inLanguage\":\"fr-BE\"},{\"@type\":\"Organization\",\"@id\":\"https:\/\/vieassociative.be\/actualites\/#organization\",\"name\":\"Vie Associative\",\"url\":\"https:\/\/vieassociative.be\/actualites\/\",\"logo\":{\"@type\":\"ImageObject\",\"inLanguage\":\"fr-BE\",\"@id\":\"https:\/\/vieassociative.be\/actualites\/#\/schema\/logo\/image\/\",\"url\":\"https:\/\/vieassociative.be\/actualites\/wp-content\/uploads\/2024\/09\/cropped-vieassociative_favicon.ico.png\",\"contentUrl\":\"https:\/\/vieassociative.be\/actualites\/wp-content\/uploads\/2024\/09\/cropped-vieassociative_favicon.ico.png\",\"width\":512,\"height\":512,\"caption\":\"Vie Associative\"},\"image\":{\"@id\":\"https:\/\/vieassociative.be\/actualites\/#\/schema\/logo\/image\/\"}},{\"@type\":\"Person\",\"@id\":\"https:\/\/vieassociative.be\/actualites\/#\/schema\/person\/b87ac4f82f9d4e7b7cec7395b679edc4\",\"name\":\"Julien\",\"image\":{\"@type\":\"ImageObject\",\"inLanguage\":\"fr-BE\",\"@id\":\"https:\/\/vieassociative.be\/actualites\/#\/schema\/person\/image\/\",\"url\":\"https:\/\/vieassociative.be\/actualites\/wp-content\/uploads\/2024\/09\/vie-associative-1-150x150.jpg\",\"contentUrl\":\"https:\/\/vieassociative.be\/actualites\/wp-content\/uploads\/2024\/09\/vie-associative-1-150x150.jpg\",\"caption\":\"Julien\"},\"description\":\"Je suis Julien, r\u00e9dacteur pour Vie Associative. Passionn\u00e9 par le monde associatif depuis plus de 10 ans, j'ai \u00e0 c\u0153ur de partager des histoires inspirantes et de mettre en lumi\u00e8re les initiatives locales. Mon objectif est de sensibiliser et d'encourager l'engagement communautaire \u00e0 travers mes articles.\",\"sameAs\":[\"https:\/\/vieassociative.be\/\"]}]}<\/script>\n<!-- \/ Yoast SEO plugin. -->","yoast_head_json":{"title":"Ce Kindle Paperwhite d'Amazon est \u00e0 son prix le plus bas jamais vu pour le Black Friday | Vie Associative","robots":{"index":"index","follow":"follow","max-snippet":"max-snippet:-1","max-image-preview":"max-image-preview:large","max-video-preview":"max-video-preview:-1"},"canonical":"https:\/\/vieassociative.be\/actualites\/ce-kindle-paperwhite-damazon-est-a-son-prix-le-plus-bas-jamais-vu-pour-le-black-friday\/","og_locale":"fr_FR","og_type":"article","og_title":"Ce Kindle Paperwhite d'Amazon est \u00e0 son prix le plus bas jamais vu pour le Black Friday | Vie Associative","og_description":"Pour tous ceux qui recherchent une liseuse de milieu de gamme qui \u00e9quilibre performances et prix, la Paperwhite est \u00e0 la hauteur. L&rsquo;Amazon Kindle Paperwhite","og_url":"https:\/\/vieassociative.be\/actualites\/ce-kindle-paperwhite-damazon-est-a-son-prix-le-plus-bas-jamais-vu-pour-le-black-friday\/","og_site_name":"Vie Associative","article_published_time":"2024-11-28T19:17:14+00:00","og_image":[{"width":279,"height":92,"url":"https:\/\/vieassociative.be\/actualites\/wp-content\/uploads\/2024\/09\/header_backgroundk-01-e1726694325946.png","type":"image\/png"}],"author":"Julien","twitter_card":"summary_large_image","twitter_misc":{"\u00c9crit par":"Julien","Dur\u00e9e de lecture est.":"2 minutes"},"schema":{"@context":"https:\/\/schema.org","@graph":[{"@type":"Article","@id":"https:\/\/vieassociative.be\/actualites\/ce-kindle-paperwhite-damazon-est-a-son-prix-le-plus-bas-jamais-vu-pour-le-black-friday\/#article","isPartOf":{"@id":"https:\/\/vieassociative.be\/actualites\/ce-kindle-paperwhite-damazon-est-a-son-prix-le-plus-bas-jamais-vu-pour-le-black-friday\/"},"author":{"name":"Julien","@id":"https:\/\/vieassociative.be\/actualites\/#\/schema\/person\/b87ac4f82f9d4e7b7cec7395b679edc4"},"headline":"Ce Kindle Paperwhite d&rsquo;Amazon est \u00e0 son prix le plus bas jamais vu pour le Black Friday","datePublished":"2024-11-28T19:17:14+00:00","dateModified":"2024-11-28T19:17:14+00:00","mainEntityOfPage":{"@id":"https:\/\/vieassociative.be\/actualites\/ce-kindle-paperwhite-damazon-est-a-son-prix-le-plus-bas-jamais-vu-pour-le-black-friday\/"},"wordCount":447,"publisher":{"@id":"https:\/\/vieassociative.be\/actualites\/#organization"},"image":{"@id":"https:\/\/vieassociative.be\/actualites\/ce-kindle-paperwhite-damazon-est-a-son-prix-le-plus-bas-jamais-vu-pour-le-black-friday\/#primaryimage"},"thumbnailUrl":"https:\/\/vieassociative.be\/actualites\/wp-content\/uploads\/2024\/11\/Ce-Kindle-Paperwhite-dAmazon-est-a-son-prix-le-plus.png","keywords":["bas","Black","dAmazon","est","Friday","jamais","Kindle","Paperwhite","pour","prix","son"],"articleSection":["Technologie"],"inLanguage":"fr-BE"},{"@type":"WebPage","@id":"https:\/\/vieassociative.be\/actualites\/ce-kindle-paperwhite-damazon-est-a-son-prix-le-plus-bas-jamais-vu-pour-le-black-friday\/","url":"https:\/\/vieassociative.be\/actualites\/ce-kindle-paperwhite-damazon-est-a-son-prix-le-plus-bas-jamais-vu-pour-le-black-friday\/","name":"Ce Kindle Paperwhite d'Amazon est \u00e0 son prix le plus bas jamais vu pour le Black Friday | Vie Associative","isPartOf":{"@id":"https:\/\/vieassociative.be\/actualites\/#website"},"primaryImageOfPage":{"@id":"https:\/\/vieassociative.be\/actualites\/ce-kindle-paperwhite-damazon-est-a-son-prix-le-plus-bas-jamais-vu-pour-le-black-friday\/#primaryimage"},"image":{"@id":"https:\/\/vieassociative.be\/actualites\/ce-kindle-paperwhite-damazon-est-a-son-prix-le-plus-bas-jamais-vu-pour-le-black-friday\/#primaryimage"},"thumbnailUrl":"https:\/\/vieassociative.be\/actualites\/wp-content\/uploads\/2024\/11\/Ce-Kindle-Paperwhite-dAmazon-est-a-son-prix-le-plus.png","datePublished":"2024-11-28T19:17:14+00:00","dateModified":"2024-11-28T19:17:14+00:00","breadcrumb":{"@id":"https:\/\/vieassociative.be\/actualites\/ce-kindle-paperwhite-damazon-est-a-son-prix-le-plus-bas-jamais-vu-pour-le-black-friday\/#breadcrumb"},"inLanguage":"fr-BE","potentialAction":[{"@type":"ReadAction","target":["https:\/\/vieassociative.be\/actualites\/ce-kindle-paperwhite-damazon-est-a-son-prix-le-plus-bas-jamais-vu-pour-le-black-friday\/"]}]},{"@type":"ImageObject","inLanguage":"fr-BE","@id":"https:\/\/vieassociative.be\/actualites\/ce-kindle-paperwhite-damazon-est-a-son-prix-le-plus-bas-jamais-vu-pour-le-black-friday\/#primaryimage","url":"https:\/\/vieassociative.be\/actualites\/wp-content\/uploads\/2024\/11\/Ce-Kindle-Paperwhite-dAmazon-est-a-son-prix-le-plus.png","contentUrl":"https:\/\/vieassociative.be\/actualites\/wp-content\/uploads\/2024\/11\/Ce-Kindle-Paperwhite-dAmazon-est-a-son-prix-le-plus.png","width":1200,"height":675,"caption":"Ce Kindle Paperwhite d'Amazon est \u00e0 son prix le plus bas jamais vu pour le Black Friday"},{"@type":"BreadcrumbList","@id":"https:\/\/vieassociative.be\/actualites\/ce-kindle-paperwhite-damazon-est-a-son-prix-le-plus-bas-jamais-vu-pour-le-black-friday\/#breadcrumb","itemListElement":[{"@type":"ListItem","position":1,"name":"Accueil","item":"https:\/\/vieassociative.be\/actualites\/"},{"@type":"ListItem","position":2,"name":"Ce Kindle Paperwhite d&rsquo;Amazon est \u00e0 son prix le plus bas jamais vu pour le Black Friday"}]},{"@type":"WebSite","@id":"https:\/\/vieassociative.be\/actualites\/#website","url":"https:\/\/vieassociative.be\/actualites\/","name":"Vie Associative","description":"","publisher":{"@id":"https:\/\/vieassociative.be\/actualites\/#organization"},"potentialAction":[{"@type":"SearchAction","target":{"@type":"EntryPoint","urlTemplate":"https:\/\/vieassociative.be\/actualites\/?s={search_term_string}"},"query-input":{"@type":"PropertyValueSpecification","valueRequired":true,"valueName":"search_term_string"}}],"inLanguage":"fr-BE"},{"@type":"Organization","@id":"https:\/\/vieassociative.be\/actualites\/#organization","name":"Vie Associative","url":"https:\/\/vieassociative.be\/actualites\/","logo":{"@type":"ImageObject","inLanguage":"fr-BE","@id":"https:\/\/vieassociative.be\/actualites\/#\/schema\/logo\/image\/","url":"https:\/\/vieassociative.be\/actualites\/wp-content\/uploads\/2024\/09\/cropped-vieassociative_favicon.ico.png","contentUrl":"https:\/\/vieassociative.be\/actualites\/wp-content\/uploads\/2024\/09\/cropped-vieassociative_favicon.ico.png","width":512,"height":512,"caption":"Vie Associative"},"image":{"@id":"https:\/\/vieassociative.be\/actualites\/#\/schema\/logo\/image\/"}},{"@type":"Person","@id":"https:\/\/vieassociative.be\/actualites\/#\/schema\/person\/b87ac4f82f9d4e7b7cec7395b679edc4","name":"Julien","image":{"@type":"ImageObject","inLanguage":"fr-BE","@id":"https:\/\/vieassociative.be\/actualites\/#\/schema\/person\/image\/","url":"https:\/\/vieassociative.be\/actualites\/wp-content\/uploads\/2024\/09\/vie-associative-1-150x150.jpg","contentUrl":"https:\/\/vieassociative.be\/actualites\/wp-content\/uploads\/2024\/09\/vie-associative-1-150x150.jpg","caption":"Julien"},"description":"Je suis Julien, r\u00e9dacteur pour Vie Associative. Passionn\u00e9 par le monde associatif depuis plus de 10 ans, j'ai \u00e0 c\u0153ur de partager des histoires inspirantes et de mettre en lumi\u00e8re les initiatives locales. Mon objectif est de sensibiliser et d'encourager l'engagement communautaire \u00e0 travers mes articles.","sameAs":["https:\/\/vieassociative.be\/"]}]}},"_links":{"self":[{"href":"https:\/\/vieassociative.be\/actualites\/wp-json\/wp\/v2\/posts\/2863"}],"collection":[{"href":"https:\/\/vieassociative.be\/actualites\/wp-json\/wp\/v2\/posts"}],"about":[{"href":"https:\/\/vieassociative.be\/actualites\/wp-json\/wp\/v2\/types\/post"}],"author":[{"embeddable":true,"href":"https:\/\/vieassociative.be\/actualites\/wp-json\/wp\/v2\/users\/1"}],"replies":[{"embeddable":true,"href":"https:\/\/vieassociative.be\/actualites\/wp-json\/wp\/v2\/comments?post=2863"}],"version-history":[{"count":0,"href":"https:\/\/vieassociative.be\/actualites\/wp-json\/wp\/v2\/posts\/2863\/revisions"}],"wp:featuredmedia":[{"embeddable":true,"href":"https:\/\/vieassociative.be\/actualites\/wp-json\/wp\/v2\/media\/2864"}],"wp:attachment":[{"href":"https:\/\/vieassociative.be\/actualites\/wp-json\/wp\/v2\/media?parent=2863"}],"wp:term":[{"taxonomy":"category","embeddable":true,"href":"https:\/\/vieassociative.be\/actualites\/wp-json\/wp\/v2\/categories?post=2863"},{"taxonomy":"post_tag","embeddable":true,"href":"https:\/\/vieassociative.be\/actualites\/wp-json\/wp\/v2\/tags?post=2863"}],"curies":[{"name":"wp","href":"https:\/\/api.w.org\/{rel}","templated":true}]}}