{"id":286,"date":"2024-09-21T22:17:53","date_gmt":"2024-09-21T20:17:53","guid":{"rendered":"https:\/\/vieassociative.be\/actualites\/mann-uber-bord-aidaperla-apporte-un-suche-ab-dramatique\/"},"modified":"2024-09-21T22:17:56","modified_gmt":"2024-09-21T20:17:56","slug":"mann-uber-bord-aidaperla-apporte-un-suche-ab-dramatique","status":"publish","type":"post","link":"https:\/\/vieassociative.be\/actualites\/mann-uber-bord-aidaperla-apporte-un-suche-ab-dramatique\/","title":{"rendered":"\u00ab Mann \u00fcber Bord \u00bb \u2013 AIDAperla apporte un Suche ab dramatique"},"content":{"rendered":"<p><\/p>\n<p class=\"font-sans font-medium\">  Un flux d&rsquo;\u00e9quipage du signal AIDAperla soll auf H\u00f6he des \u00c4rmelkanals \u00fcber Bord gegangen. Mittlerweile schwindet die Hoffnung auf Rettung.<\/p>\n<aside class=\"h-ad-280+text lg:h-0 \" data-slot-id=\"pos1_sm\" data-breakpoint=\"sm\" data-hide-ad-text=\"false\" data-module-id=\"SparkAdSlotModule\"><\/aside>\n<p>Owntlich mourra <strong>Kreuzfahrtpassager <\/strong>avec le skippern AIDAperla unbeschwert gen S\u00fcden. D&rsquo;une longueur de 300 m\u00e8tres et d&rsquo;une capacit\u00e9 de plus de 3000 passagers, ils voyageraient avec leur gigantesque haut du corps pour une exp\u00e9rience inoubliable. Mais apr\u00e8s l&rsquo;Abreise \u00e0 Hambourg, tout \u00e9tait diff\u00e9rent. Aujourd&rsquo;hui, dimanche matin, c&rsquo;est une personne virile qui est mari\u00e9e.<\/p>\n<p>\u201eAIDA Cruises a le plaisir de vous informer que la compagnie sera heureuse de vous accueillir demain le 22 octobre et un vol d&rsquo;\u00e9quipage d&rsquo;AIDAperla dans la Stra\u00dfe von <strong>Angleterre <\/strong>\u00ab\u00a0Le conseil d&rsquo;administration a disparu\u00a0\u00bb, a d\u00e9clar\u00e9 un intervenant d&rsquo;Aida sur RTL. Apr\u00e8s avoir re\u00e7u les informations de l&rsquo;exp\u00e9diteur, nous aimerions recevoir les informations du tableau dans la matin\u00e9e, faisant la promotion du \u00ab\u00a0Mann \u00fcber Board\u00a0\u00bb &#8211; D\u00e9clenchement d&rsquo;alarme. Le Koloss drehte anschlie\u00dfend um et suchte l&rsquo;\u00c4rmelkanal apr\u00e8s la disparition du Crew-Mitglied ab.<\/p>\n<div id=\"piano-banner-kampagne\" class=\"mb-4 block\"><\/div>\n<div id=\"piano-reco-widget\" class=\"mb-4 block\"><\/div>\n<p>Dans les Abendstunden dann die bitter Nachricht : Die AIDAperla wird sich nicht meerhr an der <strong>Rettung <\/strong>\u00e0 s\u00e9curiser. \u00abBei der Suche im Seegebiet des \u00c4rmelkanals\/Street von Dover nach eenem missten Crewmitglied hat das MRCC Dover am Sonntagmorgen the new Coordination \u00fcbernommen\u00bb, voici les Seiten des Unternehmens gegen\u00fcber dem \u00abstern\u00bb. \u00abC&rsquo;est une exp\u00e9rience tr\u00e8s agr\u00e9able.\u00bb \u00c0 18h15, vous verrez l&rsquo;AIDAperla von ihrer Suchaktion entbunden zijn et fahre wieder auf ihrem Kurs Richtung Spanien. Man sei in Gedanken bei der Familie und Kolleginnen und Kollegen des Missingen.<\/p>\n<p><!-- opinary --><\/p>\n<div class=\"w-full bg-background-100\">\n<div id=\"opinary-automation-placeholder\" class=\"w-full\"><\/div>\n<\/p><\/div>\n<h3>AIDAperla et plus d&rsquo;informations telles que les personnes disparues<\/h3>\n<p>Le site Internet \u00ab\u00a0MarineTraffic\u00a0\u00bb est bas\u00e9 sur l&#8217;emplacement du canal de navigation et de la fronti\u00e8re sup\u00e9rieure entre la Belgique et la France. Dans le Reichweite der muteten Ungl\u00fccksstelle wurden zudem eeninige Frachtschiffe aswie Einsatzboote der britischen K\u00fcstenwache geortet. Auch a hubschrauber kreiste la \u00ab\u00a0MarineTraffic\u00a0\u00bb \u00fcber dem Gew\u00e4sser. Un message passager sur la plateforme \u00ab\u00a0X\u00a0\u00bb est responsable de son d\u00e9placement dans la r\u00e9gion et de l&rsquo;action de r\u00e9cup\u00e9ration.<\/p>\n<p>\u00ab\u00a0Der <strong>Kapitan <\/strong>et l&rsquo;\u00e9quipage d&rsquo;AIDAperla est en bonne sant\u00e9 et dans une abstimmung plus \u00e9troite avec les s\u0153urs respectives sont soumis \u00e0 tous les Rettungsmassnahmen eingeleitet h\u00e9rit\u00e9s\u00a0\u00bb, c&rsquo;est unmittelbar apr\u00e8s les changements des Crewmitgliedes du Seiten des Unternehmens gegen\u00fcber RTL. \u00ab\u00a0Le Schiff a \u00e9t\u00e9 arr\u00eat\u00e9 de mani\u00e8re si forte et l&rsquo;ensemble a \u00e9t\u00e9 s\u00e9curis\u00e9, si la situation \u00e9tait prise en compte, afin qu&rsquo;il soit possible de le faire en toute s\u00e9curit\u00e9.\u00a0\u00bb<\/p>\n<aside class=\"h-ad-600+text lg:h-0 \" data-slot-id=\"pos2_sm\" data-breakpoint=\"sm\" data-hide-ad-text=\"false\" data-module-id=\"SparkAdSlotModule\"><\/aside>\n<p>La journ\u00e9e est maintenant en route vers la Corogne en Espagne, mercredi et dimanche nous y serons. L&rsquo;\u00e2me va mourir <strong>Karibik <\/strong>signal. An der Stelle, wed das Crewmitglied vermutlich \u00fcber Bord ging, tr\u00e4gt die Wassertemperatur etwa 16 Grad. Les \u00dcberlebenschancen schwinden von Minute zu Minute.<\/p>\n","protected":false},"excerpt":{"rendered":"<p>Un flux d&rsquo;\u00e9quipage du signal AIDAperla soll auf H\u00f6he des \u00c4rmelkanals \u00fcber Bord gegangen. Mittlerweile schwindet die Hoffnung auf Rettung. Owntlich mourra Kreuzfahrtpassager avec le<\/p>\n","protected":false},"author":1,"featured_media":287,"comment_status":"closed","ping_status":"","sticky":false,"template":"","format":"standard","meta":{"footnotes":""},"categories":[298],"tags":[433,434,432,436,430,435,431],"class_list":["post-286","post","type-post","status-publish","format-standard","has-post-thumbnail","hentry","category-belgique","tag-aidaperla","tag-apporte","tag-bord","tag-dramatique","tag-mann","tag-suche","tag-uber","generate-columns","tablet-grid-50","mobile-grid-100","grid-parent","grid-33"],"yoast_head":"<!-- This site is optimized with the Yoast SEO plugin v24.0 - https:\/\/yoast.com\/wordpress\/plugins\/seo\/ -->\n<title>\u00ab Mann \u00fcber Bord \u00bb \u2013 AIDAperla apporte un Suche ab dramatique | Vie Associative<\/title>\n<meta name=\"robots\" content=\"index, follow, max-snippet:-1, max-image-preview:large, max-video-preview:-1\" \/>\n<link rel=\"canonical\" href=\"https:\/\/vieassociative.be\/actualites\/mann-uber-bord-aidaperla-apporte-un-suche-ab-dramatique\/\" \/>\n<meta property=\"og:locale\" content=\"fr_FR\" \/>\n<meta property=\"og:type\" content=\"article\" \/>\n<meta property=\"og:title\" content=\"\u00ab Mann \u00fcber Bord \u00bb \u2013 AIDAperla apporte un Suche ab dramatique | Vie Associative\" \/>\n<meta property=\"og:description\" content=\"Un flux d&rsquo;\u00e9quipage du signal AIDAperla soll auf H\u00f6he des \u00c4rmelkanals \u00fcber Bord gegangen. Mittlerweile schwindet die Hoffnung auf Rettung. Owntlich mourra Kreuzfahrtpassager avec le\" \/>\n<meta property=\"og:url\" content=\"https:\/\/vieassociative.be\/actualites\/mann-uber-bord-aidaperla-apporte-un-suche-ab-dramatique\/\" \/>\n<meta property=\"og:site_name\" content=\"Vie Associative\" \/>\n<meta property=\"article:published_time\" content=\"2024-09-21T20:17:53+00:00\" \/>\n<meta property=\"article:modified_time\" content=\"2024-09-21T20:17:56+00:00\" \/>\n<meta property=\"og:image\" content=\"https:\/\/vieassociative.be\/actualites\/wp-content\/uploads\/2024\/09\/1726949874_Mann-uber-Bord-\u2013-AIDAperla-apporte-un-Suche.jpeg\" \/>\n\t<meta property=\"og:image:width\" content=\"1600\" \/>\n\t<meta property=\"og:image:height\" content=\"900\" \/>\n\t<meta property=\"og:image:type\" content=\"image\/jpeg\" \/>\n<meta name=\"author\" content=\"Julien\" \/>\n<meta name=\"twitter:card\" content=\"summary_large_image\" \/>\n<meta name=\"twitter:label1\" content=\"\u00c9crit par\" \/>\n\t<meta name=\"twitter:data1\" content=\"Julien\" \/>\n\t<meta name=\"twitter:label2\" content=\"Dur\u00e9e de lecture est.\" \/>\n\t<meta name=\"twitter:data2\" content=\"2 minutes\" \/>\n<script type=\"application\/ld+json\" class=\"yoast-schema-graph\">{\"@context\":\"https:\/\/schema.org\",\"@graph\":[{\"@type\":\"Article\",\"@id\":\"https:\/\/vieassociative.be\/actualites\/mann-uber-bord-aidaperla-apporte-un-suche-ab-dramatique\/#article\",\"isPartOf\":{\"@id\":\"https:\/\/vieassociative.be\/actualites\/mann-uber-bord-aidaperla-apporte-un-suche-ab-dramatique\/\"},\"author\":{\"name\":\"Julien\",\"@id\":\"https:\/\/vieassociative.be\/actualites\/#\/schema\/person\/b87ac4f82f9d4e7b7cec7395b679edc4\"},\"headline\":\"\u00ab Mann \u00fcber Bord \u00bb \u2013 AIDAperla apporte un Suche ab dramatique\",\"datePublished\":\"2024-09-21T20:17:53+00:00\",\"dateModified\":\"2024-09-21T20:17:56+00:00\",\"mainEntityOfPage\":{\"@id\":\"https:\/\/vieassociative.be\/actualites\/mann-uber-bord-aidaperla-apporte-un-suche-ab-dramatique\/\"},\"wordCount\":501,\"publisher\":{\"@id\":\"https:\/\/vieassociative.be\/actualites\/#organization\"},\"image\":{\"@id\":\"https:\/\/vieassociative.be\/actualites\/mann-uber-bord-aidaperla-apporte-un-suche-ab-dramatique\/#primaryimage\"},\"thumbnailUrl\":\"https:\/\/vieassociative.be\/actualites\/wp-content\/uploads\/2024\/09\/1726949874_Mann-uber-Bord-\u2013-AIDAperla-apporte-un-Suche.jpeg\",\"keywords\":[\"AIDAperla\",\"apporte\",\"Bord\",\"dramatique\",\"Mann\",\"Suche\",\"\u00fcber\"],\"articleSection\":[\"Belgique\"],\"inLanguage\":\"fr-BE\"},{\"@type\":\"WebPage\",\"@id\":\"https:\/\/vieassociative.be\/actualites\/mann-uber-bord-aidaperla-apporte-un-suche-ab-dramatique\/\",\"url\":\"https:\/\/vieassociative.be\/actualites\/mann-uber-bord-aidaperla-apporte-un-suche-ab-dramatique\/\",\"name\":\"\u00ab Mann \u00fcber Bord \u00bb \u2013 AIDAperla apporte un Suche ab dramatique | Vie Associative\",\"isPartOf\":{\"@id\":\"https:\/\/vieassociative.be\/actualites\/#website\"},\"primaryImageOfPage\":{\"@id\":\"https:\/\/vieassociative.be\/actualites\/mann-uber-bord-aidaperla-apporte-un-suche-ab-dramatique\/#primaryimage\"},\"image\":{\"@id\":\"https:\/\/vieassociative.be\/actualites\/mann-uber-bord-aidaperla-apporte-un-suche-ab-dramatique\/#primaryimage\"},\"thumbnailUrl\":\"https:\/\/vieassociative.be\/actualites\/wp-content\/uploads\/2024\/09\/1726949874_Mann-uber-Bord-\u2013-AIDAperla-apporte-un-Suche.jpeg\",\"datePublished\":\"2024-09-21T20:17:53+00:00\",\"dateModified\":\"2024-09-21T20:17:56+00:00\",\"breadcrumb\":{\"@id\":\"https:\/\/vieassociative.be\/actualites\/mann-uber-bord-aidaperla-apporte-un-suche-ab-dramatique\/#breadcrumb\"},\"inLanguage\":\"fr-BE\",\"potentialAction\":[{\"@type\":\"ReadAction\",\"target\":[\"https:\/\/vieassociative.be\/actualites\/mann-uber-bord-aidaperla-apporte-un-suche-ab-dramatique\/\"]}]},{\"@type\":\"ImageObject\",\"inLanguage\":\"fr-BE\",\"@id\":\"https:\/\/vieassociative.be\/actualites\/mann-uber-bord-aidaperla-apporte-un-suche-ab-dramatique\/#primaryimage\",\"url\":\"https:\/\/vieassociative.be\/actualites\/wp-content\/uploads\/2024\/09\/1726949874_Mann-uber-Bord-\u2013-AIDAperla-apporte-un-Suche.jpeg\",\"contentUrl\":\"https:\/\/vieassociative.be\/actualites\/wp-content\/uploads\/2024\/09\/1726949874_Mann-uber-Bord-\u2013-AIDAperla-apporte-un-Suche.jpeg\",\"width\":1600,\"height\":900,\"caption\":\"\u00ab Mann \u00fcber Bord \u00bb \u2013 AIDAperla apporte un Suche ab dramatique\"},{\"@type\":\"BreadcrumbList\",\"@id\":\"https:\/\/vieassociative.be\/actualites\/mann-uber-bord-aidaperla-apporte-un-suche-ab-dramatique\/#breadcrumb\",\"itemListElement\":[{\"@type\":\"ListItem\",\"position\":1,\"name\":\"Accueil\",\"item\":\"https:\/\/vieassociative.be\/actualites\/\"},{\"@type\":\"ListItem\",\"position\":2,\"name\":\"\u00ab Mann \u00fcber Bord \u00bb \u2013 AIDAperla apporte un Suche ab dramatique\"}]},{\"@type\":\"WebSite\",\"@id\":\"https:\/\/vieassociative.be\/actualites\/#website\",\"url\":\"https:\/\/vieassociative.be\/actualites\/\",\"name\":\"Vie Associative\",\"description\":\"\",\"publisher\":{\"@id\":\"https:\/\/vieassociative.be\/actualites\/#organization\"},\"potentialAction\":[{\"@type\":\"SearchAction\",\"target\":{\"@type\":\"EntryPoint\",\"urlTemplate\":\"https:\/\/vieassociative.be\/actualites\/?s={search_term_string}\"},\"query-input\":{\"@type\":\"PropertyValueSpecification\",\"valueRequired\":true,\"valueName\":\"search_term_string\"}}],\"inLanguage\":\"fr-BE\"},{\"@type\":\"Organization\",\"@id\":\"https:\/\/vieassociative.be\/actualites\/#organization\",\"name\":\"Vie Associative\",\"url\":\"https:\/\/vieassociative.be\/actualites\/\",\"logo\":{\"@type\":\"ImageObject\",\"inLanguage\":\"fr-BE\",\"@id\":\"https:\/\/vieassociative.be\/actualites\/#\/schema\/logo\/image\/\",\"url\":\"https:\/\/vieassociative.be\/actualites\/wp-content\/uploads\/2024\/09\/cropped-vieassociative_favicon.ico.png\",\"contentUrl\":\"https:\/\/vieassociative.be\/actualites\/wp-content\/uploads\/2024\/09\/cropped-vieassociative_favicon.ico.png\",\"width\":512,\"height\":512,\"caption\":\"Vie Associative\"},\"image\":{\"@id\":\"https:\/\/vieassociative.be\/actualites\/#\/schema\/logo\/image\/\"}},{\"@type\":\"Person\",\"@id\":\"https:\/\/vieassociative.be\/actualites\/#\/schema\/person\/b87ac4f82f9d4e7b7cec7395b679edc4\",\"name\":\"Julien\",\"image\":{\"@type\":\"ImageObject\",\"inLanguage\":\"fr-BE\",\"@id\":\"https:\/\/vieassociative.be\/actualites\/#\/schema\/person\/image\/\",\"url\":\"https:\/\/vieassociative.be\/actualites\/wp-content\/uploads\/2024\/09\/vie-associative-1-150x150.jpg\",\"contentUrl\":\"https:\/\/vieassociative.be\/actualites\/wp-content\/uploads\/2024\/09\/vie-associative-1-150x150.jpg\",\"caption\":\"Julien\"},\"description\":\"Je suis Julien, r\u00e9dacteur pour Vie Associative. Passionn\u00e9 par le monde associatif depuis plus de 10 ans, j'ai \u00e0 c\u0153ur de partager des histoires inspirantes et de mettre en lumi\u00e8re les initiatives locales. Mon objectif est de sensibiliser et d'encourager l'engagement communautaire \u00e0 travers mes articles.\",\"sameAs\":[\"https:\/\/vieassociative.be\/\"]}]}<\/script>\n<!-- \/ Yoast SEO plugin. -->","yoast_head_json":{"title":"\u00ab Mann \u00fcber Bord \u00bb \u2013 AIDAperla apporte un Suche ab dramatique | Vie Associative","robots":{"index":"index","follow":"follow","max-snippet":"max-snippet:-1","max-image-preview":"max-image-preview:large","max-video-preview":"max-video-preview:-1"},"canonical":"https:\/\/vieassociative.be\/actualites\/mann-uber-bord-aidaperla-apporte-un-suche-ab-dramatique\/","og_locale":"fr_FR","og_type":"article","og_title":"\u00ab Mann \u00fcber Bord \u00bb \u2013 AIDAperla apporte un Suche ab dramatique | Vie Associative","og_description":"Un flux d&rsquo;\u00e9quipage du signal AIDAperla soll auf H\u00f6he des \u00c4rmelkanals \u00fcber Bord gegangen. Mittlerweile schwindet die Hoffnung auf Rettung. Owntlich mourra Kreuzfahrtpassager avec le","og_url":"https:\/\/vieassociative.be\/actualites\/mann-uber-bord-aidaperla-apporte-un-suche-ab-dramatique\/","og_site_name":"Vie Associative","article_published_time":"2024-09-21T20:17:53+00:00","article_modified_time":"2024-09-21T20:17:56+00:00","og_image":[{"width":1600,"height":900,"url":"https:\/\/vieassociative.be\/actualites\/wp-content\/uploads\/2024\/09\/1726949874_Mann-uber-Bord-\u2013-AIDAperla-apporte-un-Suche.jpeg","type":"image\/jpeg"}],"author":"Julien","twitter_card":"summary_large_image","twitter_misc":{"\u00c9crit par":"Julien","Dur\u00e9e de lecture est.":"2 minutes"},"schema":{"@context":"https:\/\/schema.org","@graph":[{"@type":"Article","@id":"https:\/\/vieassociative.be\/actualites\/mann-uber-bord-aidaperla-apporte-un-suche-ab-dramatique\/#article","isPartOf":{"@id":"https:\/\/vieassociative.be\/actualites\/mann-uber-bord-aidaperla-apporte-un-suche-ab-dramatique\/"},"author":{"name":"Julien","@id":"https:\/\/vieassociative.be\/actualites\/#\/schema\/person\/b87ac4f82f9d4e7b7cec7395b679edc4"},"headline":"\u00ab Mann \u00fcber Bord \u00bb \u2013 AIDAperla apporte un Suche ab dramatique","datePublished":"2024-09-21T20:17:53+00:00","dateModified":"2024-09-21T20:17:56+00:00","mainEntityOfPage":{"@id":"https:\/\/vieassociative.be\/actualites\/mann-uber-bord-aidaperla-apporte-un-suche-ab-dramatique\/"},"wordCount":501,"publisher":{"@id":"https:\/\/vieassociative.be\/actualites\/#organization"},"image":{"@id":"https:\/\/vieassociative.be\/actualites\/mann-uber-bord-aidaperla-apporte-un-suche-ab-dramatique\/#primaryimage"},"thumbnailUrl":"https:\/\/vieassociative.be\/actualites\/wp-content\/uploads\/2024\/09\/1726949874_Mann-uber-Bord-\u2013-AIDAperla-apporte-un-Suche.jpeg","keywords":["AIDAperla","apporte","Bord","dramatique","Mann","Suche","\u00fcber"],"articleSection":["Belgique"],"inLanguage":"fr-BE"},{"@type":"WebPage","@id":"https:\/\/vieassociative.be\/actualites\/mann-uber-bord-aidaperla-apporte-un-suche-ab-dramatique\/","url":"https:\/\/vieassociative.be\/actualites\/mann-uber-bord-aidaperla-apporte-un-suche-ab-dramatique\/","name":"\u00ab Mann \u00fcber Bord \u00bb \u2013 AIDAperla apporte un Suche ab dramatique | Vie Associative","isPartOf":{"@id":"https:\/\/vieassociative.be\/actualites\/#website"},"primaryImageOfPage":{"@id":"https:\/\/vieassociative.be\/actualites\/mann-uber-bord-aidaperla-apporte-un-suche-ab-dramatique\/#primaryimage"},"image":{"@id":"https:\/\/vieassociative.be\/actualites\/mann-uber-bord-aidaperla-apporte-un-suche-ab-dramatique\/#primaryimage"},"thumbnailUrl":"https:\/\/vieassociative.be\/actualites\/wp-content\/uploads\/2024\/09\/1726949874_Mann-uber-Bord-\u2013-AIDAperla-apporte-un-Suche.jpeg","datePublished":"2024-09-21T20:17:53+00:00","dateModified":"2024-09-21T20:17:56+00:00","breadcrumb":{"@id":"https:\/\/vieassociative.be\/actualites\/mann-uber-bord-aidaperla-apporte-un-suche-ab-dramatique\/#breadcrumb"},"inLanguage":"fr-BE","potentialAction":[{"@type":"ReadAction","target":["https:\/\/vieassociative.be\/actualites\/mann-uber-bord-aidaperla-apporte-un-suche-ab-dramatique\/"]}]},{"@type":"ImageObject","inLanguage":"fr-BE","@id":"https:\/\/vieassociative.be\/actualites\/mann-uber-bord-aidaperla-apporte-un-suche-ab-dramatique\/#primaryimage","url":"https:\/\/vieassociative.be\/actualites\/wp-content\/uploads\/2024\/09\/1726949874_Mann-uber-Bord-\u2013-AIDAperla-apporte-un-Suche.jpeg","contentUrl":"https:\/\/vieassociative.be\/actualites\/wp-content\/uploads\/2024\/09\/1726949874_Mann-uber-Bord-\u2013-AIDAperla-apporte-un-Suche.jpeg","width":1600,"height":900,"caption":"\u00ab Mann \u00fcber Bord \u00bb \u2013 AIDAperla apporte un Suche ab dramatique"},{"@type":"BreadcrumbList","@id":"https:\/\/vieassociative.be\/actualites\/mann-uber-bord-aidaperla-apporte-un-suche-ab-dramatique\/#breadcrumb","itemListElement":[{"@type":"ListItem","position":1,"name":"Accueil","item":"https:\/\/vieassociative.be\/actualites\/"},{"@type":"ListItem","position":2,"name":"\u00ab Mann \u00fcber Bord \u00bb \u2013 AIDAperla apporte un Suche ab dramatique"}]},{"@type":"WebSite","@id":"https:\/\/vieassociative.be\/actualites\/#website","url":"https:\/\/vieassociative.be\/actualites\/","name":"Vie Associative","description":"","publisher":{"@id":"https:\/\/vieassociative.be\/actualites\/#organization"},"potentialAction":[{"@type":"SearchAction","target":{"@type":"EntryPoint","urlTemplate":"https:\/\/vieassociative.be\/actualites\/?s={search_term_string}"},"query-input":{"@type":"PropertyValueSpecification","valueRequired":true,"valueName":"search_term_string"}}],"inLanguage":"fr-BE"},{"@type":"Organization","@id":"https:\/\/vieassociative.be\/actualites\/#organization","name":"Vie Associative","url":"https:\/\/vieassociative.be\/actualites\/","logo":{"@type":"ImageObject","inLanguage":"fr-BE","@id":"https:\/\/vieassociative.be\/actualites\/#\/schema\/logo\/image\/","url":"https:\/\/vieassociative.be\/actualites\/wp-content\/uploads\/2024\/09\/cropped-vieassociative_favicon.ico.png","contentUrl":"https:\/\/vieassociative.be\/actualites\/wp-content\/uploads\/2024\/09\/cropped-vieassociative_favicon.ico.png","width":512,"height":512,"caption":"Vie Associative"},"image":{"@id":"https:\/\/vieassociative.be\/actualites\/#\/schema\/logo\/image\/"}},{"@type":"Person","@id":"https:\/\/vieassociative.be\/actualites\/#\/schema\/person\/b87ac4f82f9d4e7b7cec7395b679edc4","name":"Julien","image":{"@type":"ImageObject","inLanguage":"fr-BE","@id":"https:\/\/vieassociative.be\/actualites\/#\/schema\/person\/image\/","url":"https:\/\/vieassociative.be\/actualites\/wp-content\/uploads\/2024\/09\/vie-associative-1-150x150.jpg","contentUrl":"https:\/\/vieassociative.be\/actualites\/wp-content\/uploads\/2024\/09\/vie-associative-1-150x150.jpg","caption":"Julien"},"description":"Je suis Julien, r\u00e9dacteur pour Vie Associative. Passionn\u00e9 par le monde associatif depuis plus de 10 ans, j'ai \u00e0 c\u0153ur de partager des histoires inspirantes et de mettre en lumi\u00e8re les initiatives locales. Mon objectif est de sensibiliser et d'encourager l'engagement communautaire \u00e0 travers mes articles.","sameAs":["https:\/\/vieassociative.be\/"]}]}},"_links":{"self":[{"href":"https:\/\/vieassociative.be\/actualites\/wp-json\/wp\/v2\/posts\/286"}],"collection":[{"href":"https:\/\/vieassociative.be\/actualites\/wp-json\/wp\/v2\/posts"}],"about":[{"href":"https:\/\/vieassociative.be\/actualites\/wp-json\/wp\/v2\/types\/post"}],"author":[{"embeddable":true,"href":"https:\/\/vieassociative.be\/actualites\/wp-json\/wp\/v2\/users\/1"}],"replies":[{"embeddable":true,"href":"https:\/\/vieassociative.be\/actualites\/wp-json\/wp\/v2\/comments?post=286"}],"version-history":[{"count":1,"href":"https:\/\/vieassociative.be\/actualites\/wp-json\/wp\/v2\/posts\/286\/revisions"}],"predecessor-version":[{"id":288,"href":"https:\/\/vieassociative.be\/actualites\/wp-json\/wp\/v2\/posts\/286\/revisions\/288"}],"wp:featuredmedia":[{"embeddable":true,"href":"https:\/\/vieassociative.be\/actualites\/wp-json\/wp\/v2\/media\/287"}],"wp:attachment":[{"href":"https:\/\/vieassociative.be\/actualites\/wp-json\/wp\/v2\/media?parent=286"}],"wp:term":[{"taxonomy":"category","embeddable":true,"href":"https:\/\/vieassociative.be\/actualites\/wp-json\/wp\/v2\/categories?post=286"},{"taxonomy":"post_tag","embeddable":true,"href":"https:\/\/vieassociative.be\/actualites\/wp-json\/wp\/v2\/tags?post=286"}],"curies":[{"name":"wp","href":"https:\/\/api.w.org\/{rel}","templated":true}]}}